{"id":188163,"date":"2026-06-19T09:28:07","date_gmt":"2026-06-19T07:28:07","guid":{"rendered":"https:\/\/newmobility.news\/?p=188163"},"modified":"2026-06-19T10:53:21","modified_gmt":"2026-06-19T08:53:21","slug":"dacia-teases-new-spring-as-europes-cheapest-ev-prepares-for-a-reset","status":"publish","type":"post","link":"https:\/\/newmobility.news\/fr\/2026\/06\/19\/dacia-teases-new-spring-as-europes-cheapest-ev-prepares-for-a-reset\/","title":{"rendered":"Dacia d\u00e9voile un aper\u00e7u de la nouvelle Spring alors que le v\u00e9hicule \u00e9lectrique le moins cher d'Europe s'appr\u00eate \u00e0 faire peau neuve"},"content":{"rendered":"Dacia a d\u00e9voil\u00e9 un premier aper\u00e7u officiel de la prochaine Spring, confirmant ainsi que sa plus petite voiture \u00e9lectrique conservera le nom de Spring pour sa deuxi\u00e8me g\u00e9n\u00e9ration.\n\nCe teaser ne r\u00e9v\u00e8le pas encore les prix, les caract\u00e9ristiques techniques ni le calendrier de lancement en Belgique, mais il confirme deux points importants : le nouveau mod\u00e8le<div class=\"leaky_paywall_message_wrap\"><div id=\"leaky_paywall_message\">Ce contenu a \u00e9t\u00e9 archiv\u00e9. <a href=\"https:\/\/newmobility.news\/fr\/subscription\/\">Connectez-vous ou inscrivez-vous<\/a> \u00e0 un niveau qui donne acc\u00e8s au contenu archiv\u00e9.<\/div><\/div>","protected":false},"excerpt":{"rendered":"<p>Dacia has given the first official glimpse of the next Spring, confirming that its smallest electric car will keep the Spring name for a second generation. The teaser does not yet reveal prices, technical specifications, or timing for Belgium, but it does confirm two important points: the new modThis content has been archived. Log in [&hellip;]<\/p>\n","protected":false},"author":21,"featured_media":188166,"comment_status":"closed","ping_status":"closed","sticky":false,"template":"","format":"standard","meta":{"_acf_changed":false,"_jetpack_newsletter_access":"","_jetpack_dont_email_post_to_subs":false,"_jetpack_newsletter_tier_id":0,"_jetpack_memberships_contains_paywalled_content":false,"_jetpack_feature_clip_id":0,"_jetpack_memberships_contains_paid_content":false,"footnotes":"","jetpack_publicize_message":"{title}\r\n\r\n{excerpt}\r\n\r\n{url}","jetpack_publicize_feature_enabled":true,"jetpack_social_post_already_shared":true,"jetpack_social_options":{"image_generator_settings":{"template":"highway","default_image_id":0,"font":"","enabled":false},"version":2},"_wpas_customize_per_network":false,"jetpack_post_was_ever_published":false},"categories":[77169,8,4],"tags":[],"class_list":["post-188163","post","type-post","status-publish","format-standard","has-post-thumbnail","hentry","category-market","category-product","category-top-stories-today"],"acf":[],"featured_image_urls_v2":{"full":["https:\/\/i0.wp.com\/newmobility.news\/wp-content\/uploads\/2026\/06\/Dacia-Spring.png?fit=1705%2C959&ssl=1",1705,959,false],"thumbnail":["https:\/\/i0.wp.com\/newmobility.news\/wp-content\/uploads\/2026\/06\/Dacia-Spring.png?resize=150%2C150&ssl=1",150,150,true],"medium":["https:\/\/i0.wp.com\/newmobility.news\/wp-content\/uploads\/2026\/06\/Dacia-Spring.png?fit=300%2C169&ssl=1",300,169,true],"medium_large":["https:\/\/i0.wp.com\/newmobility.news\/wp-content\/uploads\/2026\/06\/Dacia-Spring.png?fit=640%2C360&ssl=1",640,360,true],"large":["https:\/\/i0.wp.com\/newmobility.news\/wp-content\/uploads\/2026\/06\/Dacia-Spring.png?fit=640%2C360&ssl=1",640,360,true],"1536x1536":["https:\/\/i0.wp.com\/newmobility.news\/wp-content\/uploads\/2026\/06\/Dacia-Spring.png?fit=1536%2C864&ssl=1",1536,864,true],"2048x2048":["https:\/\/i0.wp.com\/newmobility.news\/wp-content\/uploads\/2026\/06\/Dacia-Spring.png?fit=1705%2C959&ssl=1",1705,959,true],"trp-custom-language-flag":["https:\/\/i0.wp.com\/newmobility.news\/wp-content\/uploads\/2026\/06\/Dacia-Spring.png?fit=18%2C10&ssl=1",18,10,true],"related-thumb":["https:\/\/i0.wp.com\/newmobility.news\/wp-content\/uploads\/2026\/06\/Dacia-Spring.png?resize=640%2C480&ssl=1",640,480,true],"gform-image-choice-sm":["https:\/\/i0.wp.com\/newmobility.news\/wp-content\/uploads\/2026\/06\/Dacia-Spring.png?resize=300%2C300&ssl=1",300,300,true],"gform-image-choice-md":["https:\/\/i0.wp.com\/newmobility.news\/wp-content\/uploads\/2026\/06\/Dacia-Spring.png?resize=400%2C400&ssl=1",400,400,true],"gform-image-choice-lg":["https:\/\/i0.wp.com\/newmobility.news\/wp-content\/uploads\/2026\/06\/Dacia-Spring.png?resize=600%2C600&ssl=1",600,600,true],"mailchimp":["https:\/\/i0.wp.com\/newmobility.news\/wp-content\/uploads\/2026\/06\/Dacia-Spring.png?fit=560%2C315&ssl=1",560,315,true],"unipress-phone":["https:\/\/i0.wp.com\/newmobility.news\/wp-content\/uploads\/2026\/06\/Dacia-Spring.png?resize=640%2C100&ssl=1",640,100,true],"unipress-tablet":["https:\/\/i0.wp.com\/newmobility.news\/wp-content\/uploads\/2026\/06\/Dacia-Spring.png?resize=1536%2C240&ssl=1",1536,240,true],"unipress-tablet-portrait":["https:\/\/i0.wp.com\/newmobility.news\/wp-content\/uploads\/2026\/06\/Dacia-Spring.png?resize=1536%2C180&ssl=1",1536,180,true],"unipress-tablet-landscape":["https:\/\/i0.wp.com\/newmobility.news\/wp-content\/uploads\/2026\/06\/Dacia-Spring.png?resize=1705%2C180&ssl=1",1705,180,true],"unipress-smartphone":["https:\/\/i0.wp.com\/newmobility.news\/wp-content\/uploads\/2026\/06\/Dacia-Spring.png?resize=1080%2C168&ssl=1",1080,168,true],"unipress-wide-screen":["https:\/\/i0.wp.com\/newmobility.news\/wp-content\/uploads\/2026\/06\/Dacia-Spring.png?resize=1705%2C180&ssl=1",1705,180,true]},"post_excerpt_stackable_v2":"<p>Dacia has given the first official glimpse of the next Spring, confirming that its smallest electric car will keep the Spring name for a second generation. The teaser does not yet reveal prices, technical specifications, or timing for Belgium, but it does confirm two important points: the new modThis content has been archived. Log in or Subscribe to a level that has access to archived content.<\/p>\n","category_list_v2":"<a href=\"https:\/\/newmobility.news\/fr\/category\/market\/\" rel=\"category tag\">Market<\/a>, <a href=\"https:\/\/newmobility.news\/fr\/category\/product\/\" rel=\"category tag\">Product<\/a>, <a href=\"https:\/\/newmobility.news\/fr\/category\/top-stories-today\/\" rel=\"category tag\">Top Stories Today<\/a>","author_info_v2":{"name":"Joris Van Roy","url":"https:\/\/newmobility.news\/fr\/author\/jorisximcom-be\/"},"comments_num_v2":"0 comments","yoast_head":"<!-- This site is optimized with the Yoast SEO plugin v28.4 - https:\/\/yoast.com\/product\/yoast-seo-wordpress\/ -->\n<title>Dacia teases new Spring as Europe\u2019s cheapest EV prepares for a reset - newmobility.news<\/title>\n<meta name=\"robots\" content=\"index, follow, max-snippet:-1, max-image-preview:large, max-video-preview:-1\" \/>\n<link rel=\"canonical\" href=\"https:\/\/newmobility.news\/fr\/2026\/06\/19\/dacia-teases-new-spring-as-europes-cheapest-ev-prepares-for-a-reset\/\" \/>\n<meta property=\"og:locale\" content=\"fr_FR\" \/>\n<meta property=\"og:type\" content=\"article\" \/>\n<meta property=\"og:title\" content=\"Dacia teases new Spring as Europe\u2019s cheapest EV prepares for a reset - newmobility.news\" \/>\n<meta property=\"og:description\" content=\"Dacia has given the first official glimpse of the next Spring, confirming that its smallest electric car will keep the Spring name for a second generation. The teaser does not yet reveal prices, technical specifications, or timing for Belgium, but it does confirm two important points: the new modThis content has been archived. Log in [&hellip;]\" \/>\n<meta property=\"og:url\" content=\"https:\/\/newmobility.news\/fr\/2026\/06\/19\/dacia-teases-new-spring-as-europes-cheapest-ev-prepares-for-a-reset\/\" \/>\n<meta property=\"og:site_name\" content=\"newmobility.news\" \/>\n<meta property=\"article:publisher\" content=\"https:\/\/www.facebook.com\/search\/top\/?q=newmobility.news\" \/>\n<meta property=\"article:published_time\" content=\"2026-06-19T07:28:07+00:00\" \/>\n<meta property=\"article:modified_time\" content=\"2026-06-19T08:53:21+00:00\" \/>\n<meta property=\"og:image\" content=\"https:\/\/newmobility.news\/wp-content\/uploads\/2026\/06\/Dacia-Spring.png\" \/>\n\t<meta property=\"og:image:width\" content=\"1705\" \/>\n\t<meta property=\"og:image:height\" content=\"959\" \/>\n\t<meta property=\"og:image:type\" content=\"image\/png\" \/>\n<meta name=\"author\" content=\"Joris Van Roy\" \/>\n<meta name=\"twitter:card\" content=\"summary_large_image\" \/>\n<meta name=\"twitter:creator\" content=\"@jorisvry\" \/>\n<meta name=\"twitter:site\" content=\"@jorisvry\" \/>\n<meta name=\"twitter:label1\" content=\"\u00c9crit par\" \/>\n\t<meta name=\"twitter:data1\" content=\"Joris Van Roy\" \/>\n\t<meta name=\"twitter:label2\" content=\"Dur\u00e9e de lecture est.\" \/>\n\t<meta name=\"twitter:data2\" content=\"3 minutes\" \/>\n<script type=\"application\/ld+json\" class=\"yoast-schema-graph\">{\"@context\":\"https:\\\/\\\/schema.org\",\"@graph\":[{\"@type\":\"Article\",\"@id\":\"https:\\\/\\\/newmobility.news\\\/2026\\\/06\\\/19\\\/dacia-teases-new-spring-as-europes-cheapest-ev-prepares-for-a-reset\\\/#article\",\"isPartOf\":{\"@id\":\"https:\\\/\\\/newmobility.news\\\/2026\\\/06\\\/19\\\/dacia-teases-new-spring-as-europes-cheapest-ev-prepares-for-a-reset\\\/\"},\"author\":{\"name\":\"Joris Van Roy\",\"@id\":\"https:\\\/\\\/newmobility.news\\\/#\\\/schema\\\/person\\\/993f2da7cd774079044984132dee0ef0\"},\"headline\":\"Dacia teases new Spring as Europe\u2019s cheapest EV prepares for a reset\",\"datePublished\":\"2026-06-19T07:28:07+00:00\",\"dateModified\":\"2026-06-19T08:53:21+00:00\",\"mainEntityOfPage\":{\"@id\":\"https:\\\/\\\/newmobility.news\\\/2026\\\/06\\\/19\\\/dacia-teases-new-spring-as-europes-cheapest-ev-prepares-for-a-reset\\\/\"},\"wordCount\":601,\"publisher\":{\"@id\":\"https:\\\/\\\/newmobility.news\\\/#organization\"},\"image\":{\"@id\":\"https:\\\/\\\/newmobility.news\\\/2026\\\/06\\\/19\\\/dacia-teases-new-spring-as-europes-cheapest-ev-prepares-for-a-reset\\\/#primaryimage\"},\"thumbnailUrl\":\"https:\\\/\\\/i0.wp.com\\\/newmobility.news\\\/wp-content\\\/uploads\\\/2026\\\/06\\\/Dacia-Spring.png?fit=1705%2C959&ssl=1\",\"articleSection\":[\"Market\",\"Product\",\"Top Stories Today\"],\"inLanguage\":\"fr-BE\"},{\"@type\":\"WebPage\",\"@id\":\"https:\\\/\\\/newmobility.news\\\/2026\\\/06\\\/19\\\/dacia-teases-new-spring-as-europes-cheapest-ev-prepares-for-a-reset\\\/\",\"url\":\"https:\\\/\\\/newmobility.news\\\/2026\\\/06\\\/19\\\/dacia-teases-new-spring-as-europes-cheapest-ev-prepares-for-a-reset\\\/\",\"name\":\"Dacia teases new Spring as Europe\u2019s cheapest EV prepares for a reset - newmobility.news\",\"isPartOf\":{\"@id\":\"https:\\\/\\\/newmobility.news\\\/#website\"},\"primaryImageOfPage\":{\"@id\":\"https:\\\/\\\/newmobility.news\\\/2026\\\/06\\\/19\\\/dacia-teases-new-spring-as-europes-cheapest-ev-prepares-for-a-reset\\\/#primaryimage\"},\"image\":{\"@id\":\"https:\\\/\\\/newmobility.news\\\/2026\\\/06\\\/19\\\/dacia-teases-new-spring-as-europes-cheapest-ev-prepares-for-a-reset\\\/#primaryimage\"},\"thumbnailUrl\":\"https:\\\/\\\/i0.wp.com\\\/newmobility.news\\\/wp-content\\\/uploads\\\/2026\\\/06\\\/Dacia-Spring.png?fit=1705%2C959&ssl=1\",\"datePublished\":\"2026-06-19T07:28:07+00:00\",\"dateModified\":\"2026-06-19T08:53:21+00:00\",\"breadcrumb\":{\"@id\":\"https:\\\/\\\/newmobility.news\\\/2026\\\/06\\\/19\\\/dacia-teases-new-spring-as-europes-cheapest-ev-prepares-for-a-reset\\\/#breadcrumb\"},\"inLanguage\":\"fr-BE\",\"potentialAction\":[{\"@type\":\"ReadAction\",\"target\":[\"https:\\\/\\\/newmobility.news\\\/2026\\\/06\\\/19\\\/dacia-teases-new-spring-as-europes-cheapest-ev-prepares-for-a-reset\\\/\"]}]},{\"@type\":\"ImageObject\",\"inLanguage\":\"fr-BE\",\"@id\":\"https:\\\/\\\/newmobility.news\\\/2026\\\/06\\\/19\\\/dacia-teases-new-spring-as-europes-cheapest-ev-prepares-for-a-reset\\\/#primaryimage\",\"url\":\"https:\\\/\\\/i0.wp.com\\\/newmobility.news\\\/wp-content\\\/uploads\\\/2026\\\/06\\\/Dacia-Spring.png?fit=1705%2C959&ssl=1\",\"contentUrl\":\"https:\\\/\\\/i0.wp.com\\\/newmobility.news\\\/wp-content\\\/uploads\\\/2026\\\/06\\\/Dacia-Spring.png?fit=1705%2C959&ssl=1\",\"width\":1705,\"height\":959,\"caption\":\"Dacia has teased the return of the Spring name for a new Europe-built electric city car, with full details still to come \\\/Dacia\"},{\"@type\":\"BreadcrumbList\",\"@id\":\"https:\\\/\\\/newmobility.news\\\/2026\\\/06\\\/19\\\/dacia-teases-new-spring-as-europes-cheapest-ev-prepares-for-a-reset\\\/#breadcrumb\",\"itemListElement\":[{\"@type\":\"ListItem\",\"position\":1,\"name\":\"Home\",\"item\":\"https:\\\/\\\/newmobility.news\\\/\"},{\"@type\":\"ListItem\",\"position\":2,\"name\":\"Dacia teases new Spring as Europe\u2019s cheapest EV prepares for a reset\"}]},{\"@type\":\"WebSite\",\"@id\":\"https:\\\/\\\/newmobility.news\\\/#website\",\"url\":\"https:\\\/\\\/newmobility.news\\\/\",\"name\":\"newmobility.news\",\"description\":\"A B2BNews Agency\u00ae news service for mobility business proessional\",\"publisher\":{\"@id\":\"https:\\\/\\\/newmobility.news\\\/#organization\"},\"potentialAction\":[{\"@type\":\"SearchAction\",\"target\":{\"@type\":\"EntryPoint\",\"urlTemplate\":\"https:\\\/\\\/newmobility.news\\\/?s={search_term_string}\"},\"query-input\":{\"@type\":\"PropertyValueSpecification\",\"valueRequired\":true,\"valueName\":\"search_term_string\"}}],\"inLanguage\":\"fr-BE\"},{\"@type\":\"Organization\",\"@id\":\"https:\\\/\\\/newmobility.news\\\/#organization\",\"name\":\"B2BNews Agency\",\"url\":\"https:\\\/\\\/newmobility.news\\\/\",\"logo\":{\"@type\":\"ImageObject\",\"inLanguage\":\"fr-BE\",\"@id\":\"https:\\\/\\\/newmobility.news\\\/#\\\/schema\\\/logo\\\/image\\\/\",\"url\":\"https:\\\/\\\/newmobility.news\\\/wp-content\\\/uploads\\\/2018\\\/01\\\/b2bnews-agency-logo.png\",\"contentUrl\":\"https:\\\/\\\/newmobility.news\\\/wp-content\\\/uploads\\\/2018\\\/01\\\/b2bnews-agency-logo.png\",\"width\":\"581\",\"height\":\"117\",\"caption\":\"B2BNews Agency\"},\"image\":{\"@id\":\"https:\\\/\\\/newmobility.news\\\/#\\\/schema\\\/logo\\\/image\\\/\"},\"sameAs\":[\"https:\\\/\\\/www.facebook.com\\\/search\\\/top\\\/?q=newmobility.news\",\"https:\\\/\\\/x.com\\\/jorisvry\",\"https:\\\/\\\/www.linkedin.com\\\/in\\\/jorisvanroy\\\/\",\"https:\\\/\\\/nl.pinterest.com\\\/jorisvanroy\\\/\"]},{\"@type\":\"Person\",\"@id\":\"https:\\\/\\\/newmobility.news\\\/#\\\/schema\\\/person\\\/993f2da7cd774079044984132dee0ef0\",\"name\":\"Joris Van Roy\",\"image\":{\"@type\":\"ImageObject\",\"inLanguage\":\"fr-BE\",\"@id\":\"https:\\\/\\\/secure.gravatar.com\\\/avatar\\\/b82919546c1cd9980bd2bc08f09d294c7cb92b3addd23cb9a4377a7b88b4349b?s=96&d=mm&r=g\",\"url\":\"https:\\\/\\\/secure.gravatar.com\\\/avatar\\\/b82919546c1cd9980bd2bc08f09d294c7cb92b3addd23cb9a4377a7b88b4349b?s=96&d=mm&r=g\",\"contentUrl\":\"https:\\\/\\\/secure.gravatar.com\\\/avatar\\\/b82919546c1cd9980bd2bc08f09d294c7cb92b3addd23cb9a4377a7b88b4349b?s=96&d=mm&r=g\",\"caption\":\"Joris Van Roy\"},\"url\":\"https:\\\/\\\/newmobility.news\\\/fr\\\/author\\\/jorisximcom-be\\\/\"}]}<\/script>\n<!-- \/ Yoast SEO plugin. -->","yoast_head_json":{"title":"Dacia d\u00e9voile un aper\u00e7u de sa nouvelle Spring alors que le v\u00e9hicule \u00e9lectrique le moins cher d'Europe s'appr\u00eate \u00e0 faire peau neuve - newmobility.news","robots":{"index":"index","follow":"follow","max-snippet":"max-snippet:-1","max-image-preview":"max-image-preview:large","max-video-preview":"max-video-preview:-1"},"canonical":"https:\/\/newmobility.news\/fr\/2026\/06\/19\/dacia-teases-new-spring-as-europes-cheapest-ev-prepares-for-a-reset\/","og_locale":"fr_FR","og_type":"article","og_title":"Dacia teases new Spring as Europe\u2019s cheapest EV prepares for a reset - newmobility.news","og_description":"Dacia has given the first official glimpse of the next Spring, confirming that its smallest electric car will keep the Spring name for a second generation. The teaser does not yet reveal prices, technical specifications, or timing for Belgium, but it does confirm two important points: the new modThis content has been archived. Log in [&hellip;]","og_url":"https:\/\/newmobility.news\/fr\/2026\/06\/19\/dacia-teases-new-spring-as-europes-cheapest-ev-prepares-for-a-reset\/","og_site_name":"newmobility.news","article_publisher":"https:\/\/www.facebook.com\/search\/top\/?q=newmobility.news","article_published_time":"2026-06-19T07:28:07+00:00","article_modified_time":"2026-06-19T08:53:21+00:00","og_image":[{"width":1705,"height":959,"url":"https:\/\/newmobility.news\/wp-content\/uploads\/2026\/06\/Dacia-Spring.png","type":"image\/png"}],"author":"Joris Van Roy","twitter_card":"summary_large_image","twitter_creator":"@jorisvry","twitter_site":"@jorisvry","twitter_misc":{"\u00c9crit par":"Joris Van Roy","Dur\u00e9e de lecture est.":"3 minutes"},"schema":{"@context":"https:\/\/schema.org","@graph":[{"@type":"Article","@id":"https:\/\/newmobility.news\/2026\/06\/19\/dacia-teases-new-spring-as-europes-cheapest-ev-prepares-for-a-reset\/#article","isPartOf":{"@id":"https:\/\/newmobility.news\/2026\/06\/19\/dacia-teases-new-spring-as-europes-cheapest-ev-prepares-for-a-reset\/"},"author":{"name":"Joris Van Roy","@id":"https:\/\/newmobility.news\/#\/schema\/person\/993f2da7cd774079044984132dee0ef0"},"headline":"Dacia teases new Spring as Europe\u2019s cheapest EV prepares for a reset","datePublished":"2026-06-19T07:28:07+00:00","dateModified":"2026-06-19T08:53:21+00:00","mainEntityOfPage":{"@id":"https:\/\/newmobility.news\/2026\/06\/19\/dacia-teases-new-spring-as-europes-cheapest-ev-prepares-for-a-reset\/"},"wordCount":601,"publisher":{"@id":"https:\/\/newmobility.news\/#organization"},"image":{"@id":"https:\/\/newmobility.news\/2026\/06\/19\/dacia-teases-new-spring-as-europes-cheapest-ev-prepares-for-a-reset\/#primaryimage"},"thumbnailUrl":"https:\/\/i0.wp.com\/newmobility.news\/wp-content\/uploads\/2026\/06\/Dacia-Spring.png?fit=1705%2C959&ssl=1","articleSection":["Market","Product","Top Stories Today"],"inLanguage":"fr-BE"},{"@type":"WebPage","@id":"https:\/\/newmobility.news\/2026\/06\/19\/dacia-teases-new-spring-as-europes-cheapest-ev-prepares-for-a-reset\/","url":"https:\/\/newmobility.news\/2026\/06\/19\/dacia-teases-new-spring-as-europes-cheapest-ev-prepares-for-a-reset\/","name":"Dacia d\u00e9voile un aper\u00e7u de sa nouvelle Spring alors que le v\u00e9hicule \u00e9lectrique le moins cher d'Europe s'appr\u00eate \u00e0 faire peau neuve - newmobility.news","isPartOf":{"@id":"https:\/\/newmobility.news\/#website"},"primaryImageOfPage":{"@id":"https:\/\/newmobility.news\/2026\/06\/19\/dacia-teases-new-spring-as-europes-cheapest-ev-prepares-for-a-reset\/#primaryimage"},"image":{"@id":"https:\/\/newmobility.news\/2026\/06\/19\/dacia-teases-new-spring-as-europes-cheapest-ev-prepares-for-a-reset\/#primaryimage"},"thumbnailUrl":"https:\/\/i0.wp.com\/newmobility.news\/wp-content\/uploads\/2026\/06\/Dacia-Spring.png?fit=1705%2C959&ssl=1","datePublished":"2026-06-19T07:28:07+00:00","dateModified":"2026-06-19T08:53:21+00:00","breadcrumb":{"@id":"https:\/\/newmobility.news\/2026\/06\/19\/dacia-teases-new-spring-as-europes-cheapest-ev-prepares-for-a-reset\/#breadcrumb"},"inLanguage":"fr-BE","potentialAction":[{"@type":"ReadAction","target":["https:\/\/newmobility.news\/2026\/06\/19\/dacia-teases-new-spring-as-europes-cheapest-ev-prepares-for-a-reset\/"]}]},{"@type":"ImageObject","inLanguage":"fr-BE","@id":"https:\/\/newmobility.news\/2026\/06\/19\/dacia-teases-new-spring-as-europes-cheapest-ev-prepares-for-a-reset\/#primaryimage","url":"https:\/\/i0.wp.com\/newmobility.news\/wp-content\/uploads\/2026\/06\/Dacia-Spring.png?fit=1705%2C959&ssl=1","contentUrl":"https:\/\/i0.wp.com\/newmobility.news\/wp-content\/uploads\/2026\/06\/Dacia-Spring.png?fit=1705%2C959&ssl=1","width":1705,"height":959,"caption":"Dacia has teased the return of the Spring name for a new Europe-built electric city car, with full details still to come \/Dacia"},{"@type":"BreadcrumbList","@id":"https:\/\/newmobility.news\/2026\/06\/19\/dacia-teases-new-spring-as-europes-cheapest-ev-prepares-for-a-reset\/#breadcrumb","itemListElement":[{"@type":"ListItem","position":1,"name":"Home","item":"https:\/\/newmobility.news\/"},{"@type":"ListItem","position":2,"name":"Dacia teases new Spring as Europe\u2019s cheapest EV prepares for a reset"}]},{"@type":"WebSite","@id":"https:\/\/newmobility.news\/#website","url":"https:\/\/newmobility.news\/","name":"nouveaumobilit\u00e9.actualit\u00e9s","description":"Un service d'information B2BNews Agency\u00ae destin\u00e9 aux professionnels de la mobilit\u00e9","publisher":{"@id":"https:\/\/newmobility.news\/#organization"},"potentialAction":[{"@type":"SearchAction","target":{"@type":"EntryPoint","urlTemplate":"https:\/\/newmobility.news\/?s={search_term_string}"},"query-input":{"@type":"PropertyValueSpecification","valueRequired":true,"valueName":"search_term_string"}}],"inLanguage":"fr-BE"},{"@type":"Organization","@id":"https:\/\/newmobility.news\/#organization","name":"Agence de presse B2BNews","url":"https:\/\/newmobility.news\/","logo":{"@type":"ImageObject","inLanguage":"fr-BE","@id":"https:\/\/newmobility.news\/#\/schema\/logo\/image\/","url":"https:\/\/newmobility.news\/wp-content\/uploads\/2018\/01\/b2bnews-agency-logo.png","contentUrl":"https:\/\/newmobility.news\/wp-content\/uploads\/2018\/01\/b2bnews-agency-logo.png","width":"581","height":"117","caption":"B2BNews Agency"},"image":{"@id":"https:\/\/newmobility.news\/#\/schema\/logo\/image\/"},"sameAs":["https:\/\/www.facebook.com\/search\/top\/?q=newmobility.news","https:\/\/x.com\/jorisvry","https:\/\/www.linkedin.com\/in\/jorisvanroy\/","https:\/\/nl.pinterest.com\/jorisvanroy\/"]},{"@type":"Person","@id":"https:\/\/newmobility.news\/#\/schema\/person\/993f2da7cd774079044984132dee0ef0","name":"Joris Van Roy","image":{"@type":"ImageObject","inLanguage":"fr-BE","@id":"https:\/\/secure.gravatar.com\/avatar\/b82919546c1cd9980bd2bc08f09d294c7cb92b3addd23cb9a4377a7b88b4349b?s=96&d=mm&r=g","url":"https:\/\/secure.gravatar.com\/avatar\/b82919546c1cd9980bd2bc08f09d294c7cb92b3addd23cb9a4377a7b88b4349b?s=96&d=mm&r=g","contentUrl":"https:\/\/secure.gravatar.com\/avatar\/b82919546c1cd9980bd2bc08f09d294c7cb92b3addd23cb9a4377a7b88b4349b?s=96&d=mm&r=g","caption":"Joris Van Roy"},"url":"https:\/\/newmobility.news\/fr\/author\/jorisximcom-be\/"}]}},"jetpack_publicize_connections":[],"jetpack_shortlink":"https:\/\/wp.me\/p9wJdU-MWT","jetpack_sharing_enabled":true,"jetpack_likes_enabled":true,"jetpack-related-posts":[],"jetpack_featured_media_url":"https:\/\/i0.wp.com\/newmobility.news\/wp-content\/uploads\/2026\/06\/Dacia-Spring.png?fit=1705%2C959&ssl=1","_links":{"self":[{"href":"https:\/\/newmobility.news\/fr\/wp-json\/wp\/v2\/posts\/188163","targetHints":{"allow":["GET"]}}],"collection":[{"href":"https:\/\/newmobility.news\/fr\/wp-json\/wp\/v2\/posts"}],"about":[{"href":"https:\/\/newmobility.news\/fr\/wp-json\/wp\/v2\/types\/post"}],"author":[{"embeddable":true,"href":"https:\/\/newmobility.news\/fr\/wp-json\/wp\/v2\/users\/21"}],"replies":[{"embeddable":true,"href":"https:\/\/newmobility.news\/fr\/wp-json\/wp\/v2\/comments?post=188163"}],"version-history":[{"count":3,"href":"https:\/\/newmobility.news\/fr\/wp-json\/wp\/v2\/posts\/188163\/revisions"}],"predecessor-version":[{"id":188201,"href":"https:\/\/newmobility.news\/fr\/wp-json\/wp\/v2\/posts\/188163\/revisions\/188201"}],"wp:featuredmedia":[{"embeddable":true,"href":"https:\/\/newmobility.news\/fr\/wp-json\/wp\/v2\/media\/188166"}],"wp:attachment":[{"href":"https:\/\/newmobility.news\/fr\/wp-json\/wp\/v2\/media?parent=188163"}],"wp:term":[{"taxonomy":"category","embeddable":true,"href":"https:\/\/newmobility.news\/fr\/wp-json\/wp\/v2\/categories?post=188163"},{"taxonomy":"post_tag","embeddable":true,"href":"https:\/\/newmobility.news\/fr\/wp-json\/wp\/v2\/tags?post=188163"}],"curies":[{"name":"wp","href":"https:\/\/api.w.org\/{rel}","templated":true}]}}