{"id":188261,"date":"2026-06-22T11:30:24","date_gmt":"2026-06-22T09:30:24","guid":{"rendered":"https:\/\/newmobility.news\/?p=188261"},"modified":"2026-06-22T10:59:37","modified_gmt":"2026-06-22T08:59:37","slug":"dutch-transport-company-buys-van-hool-sites","status":"publish","type":"post","link":"https:\/\/newmobility.news\/fr\/2026\/06\/22\/dutch-transport-company-buys-van-hool-sites\/","title":{"rendered":"Une entreprise de transport n\u00e9erlandaise rach\u00e8te les sites de Van Hool"},"content":{"rendered":"La semaine derni\u00e8re, nous avions indiqu\u00e9 que le site de Koningshooikt, que le constructeur d'autobus Van Hool, en faillite, avait mis en vente, avait \u00e9t\u00e9 c\u00e9d\u00e9 pour 21,5 millions d'euros, mais que l'on ne savait pas encore qui en \u00e9tait finalement l'acqu\u00e9reur. Selon l'administrateur judiciaire de Van Hool, c'est la soci\u00e9t\u00e9 de transport n\u00e9erlandaise G.A. den <div class=\"leaky_paywall_message_wrap\"><div id=\"leaky_paywall_message\">Ce contenu a \u00e9t\u00e9 archiv\u00e9. <a href=\"https:\/\/newmobility.news\/fr\/subscription\/\">Connectez-vous ou inscrivez-vous<\/a> \u00e0 un niveau qui donne acc\u00e8s au contenu archiv\u00e9.<\/div><\/div>","protected":false},"excerpt":{"rendered":"<p>Last week,\u00a0we reported that the site in Koningshooikt, which the bankrupt bus manufacturer Van Hool had offered for sale, had been sold for 21.5 million euros, but that it was not clear who ultimately bought the land. According to Van Hool&#8217;s bankruptcy trustee, the Dutch transport company G.A. den This content has been archived. Log [&hellip;]<\/p>\n","protected":false},"author":175,"featured_media":188282,"comment_status":"closed","ping_status":"closed","sticky":false,"template":"","format":"standard","meta":{"_acf_changed":false,"_jetpack_newsletter_access":"","_jetpack_dont_email_post_to_subs":false,"_jetpack_newsletter_tier_id":0,"_jetpack_memberships_contains_paywalled_content":false,"_jetpack_feature_clip_id":0,"_jetpack_memberships_contains_paid_content":false,"footnotes":"","jetpack_publicize_message":"{title}\r\n\r\n{excerpt}\r\n\r\n{url}","jetpack_publicize_feature_enabled":true,"jetpack_social_post_already_shared":true,"jetpack_social_options":{"image_generator_settings":{"template":"highway","default_image_id":0,"font":"","enabled":false},"version":2},"_wpas_customize_per_network":false,"jetpack_post_was_ever_published":false},"categories":[77170,16,7,4],"tags":[],"class_list":["post-188261","post","type-post","status-publish","format-standard","has-post-thumbnail","hentry","category-belgium","category-industry","category-mobility","category-top-stories-today"],"acf":[],"featured_image_urls_v2":{"full":["https:\/\/i0.wp.com\/newmobility.news\/wp-content\/uploads\/2026\/06\/Scherm_afbeelding-2026-06-08-om-12.09.29.webp?fit=2008%2C1246&ssl=1",2008,1246,false],"thumbnail":["https:\/\/i0.wp.com\/newmobility.news\/wp-content\/uploads\/2026\/06\/Scherm_afbeelding-2026-06-08-om-12.09.29.webp?resize=150%2C150&ssl=1",150,150,true],"medium":["https:\/\/i0.wp.com\/newmobility.news\/wp-content\/uploads\/2026\/06\/Scherm_afbeelding-2026-06-08-om-12.09.29.webp?fit=300%2C186&ssl=1",300,186,true],"medium_large":["https:\/\/i0.wp.com\/newmobility.news\/wp-content\/uploads\/2026\/06\/Scherm_afbeelding-2026-06-08-om-12.09.29.webp?fit=640%2C397&ssl=1",640,397,true],"large":["https:\/\/i0.wp.com\/newmobility.news\/wp-content\/uploads\/2026\/06\/Scherm_afbeelding-2026-06-08-om-12.09.29.webp?fit=640%2C397&ssl=1",640,397,true],"1536x1536":["https:\/\/i0.wp.com\/newmobility.news\/wp-content\/uploads\/2026\/06\/Scherm_afbeelding-2026-06-08-om-12.09.29.webp?fit=1536%2C953&ssl=1",1536,953,true],"2048x2048":["https:\/\/i0.wp.com\/newmobility.news\/wp-content\/uploads\/2026\/06\/Scherm_afbeelding-2026-06-08-om-12.09.29.webp?fit=2008%2C1246&ssl=1",2008,1246,true],"trp-custom-language-flag":["https:\/\/i0.wp.com\/newmobility.news\/wp-content\/uploads\/2026\/06\/Scherm_afbeelding-2026-06-08-om-12.09.29.webp?fit=18%2C12&ssl=1",18,12,true],"related-thumb":["https:\/\/i0.wp.com\/newmobility.news\/wp-content\/uploads\/2026\/06\/Scherm_afbeelding-2026-06-08-om-12.09.29.webp?resize=640%2C480&ssl=1",640,480,true],"gform-image-choice-sm":["https:\/\/i0.wp.com\/newmobility.news\/wp-content\/uploads\/2026\/06\/Scherm_afbeelding-2026-06-08-om-12.09.29.webp?resize=300%2C300&ssl=1",300,300,true],"gform-image-choice-md":["https:\/\/i0.wp.com\/newmobility.news\/wp-content\/uploads\/2026\/06\/Scherm_afbeelding-2026-06-08-om-12.09.29.webp?resize=400%2C400&ssl=1",400,400,true],"gform-image-choice-lg":["https:\/\/i0.wp.com\/newmobility.news\/wp-content\/uploads\/2026\/06\/Scherm_afbeelding-2026-06-08-om-12.09.29.webp?resize=600%2C600&ssl=1",600,600,true],"mailchimp":["https:\/\/i0.wp.com\/newmobility.news\/wp-content\/uploads\/2026\/06\/Scherm_afbeelding-2026-06-08-om-12.09.29.webp?fit=560%2C347&ssl=1",560,347,true],"unipress-phone":["https:\/\/i0.wp.com\/newmobility.news\/wp-content\/uploads\/2026\/06\/Scherm_afbeelding-2026-06-08-om-12.09.29.webp?resize=640%2C100&ssl=1",640,100,true],"unipress-tablet":["https:\/\/i0.wp.com\/newmobility.news\/wp-content\/uploads\/2026\/06\/Scherm_afbeelding-2026-06-08-om-12.09.29.webp?resize=1536%2C240&ssl=1",1536,240,true],"unipress-tablet-portrait":["https:\/\/i0.wp.com\/newmobility.news\/wp-content\/uploads\/2026\/06\/Scherm_afbeelding-2026-06-08-om-12.09.29.webp?resize=1536%2C180&ssl=1",1536,180,true],"unipress-tablet-landscape":["https:\/\/i0.wp.com\/newmobility.news\/wp-content\/uploads\/2026\/06\/Scherm_afbeelding-2026-06-08-om-12.09.29.webp?resize=2008%2C180&ssl=1",2008,180,true],"unipress-smartphone":["https:\/\/i0.wp.com\/newmobility.news\/wp-content\/uploads\/2026\/06\/Scherm_afbeelding-2026-06-08-om-12.09.29.webp?resize=1080%2C168&ssl=1",1080,168,true],"unipress-wide-screen":["https:\/\/i0.wp.com\/newmobility.news\/wp-content\/uploads\/2026\/06\/Scherm_afbeelding-2026-06-08-om-12.09.29.webp?resize=2008%2C180&ssl=1",2008,180,true]},"post_excerpt_stackable_v2":"<p>Last week,\u00a0we reported that the site in Koningshooikt, which the bankrupt bus manufacturer Van Hool had offered for sale, had been sold for 21.5 million euros, but that it was not clear who ultimately bought the land. According to Van Hool&#8217;s bankruptcy trustee, the Dutch transport company G.A. den This content has been archived. Log in or Subscribe to a level that has access to archived content.<\/p>\n","category_list_v2":"<a href=\"https:\/\/newmobility.news\/fr\/category\/belgium\/\" rel=\"category tag\">Belgium<\/a>, <a href=\"https:\/\/newmobility.news\/fr\/category\/industry\/\" rel=\"category tag\">Industry<\/a>, <a href=\"https:\/\/newmobility.news\/fr\/category\/mobility\/\" rel=\"category tag\">Mobility<\/a>, <a href=\"https:\/\/newmobility.news\/fr\/category\/top-stories-today\/\" rel=\"category tag\">Top Stories Today<\/a>","author_info_v2":{"name":"Hilde Van Raemdonck","url":"https:\/\/newmobility.news\/fr\/author\/hilde-van-raemdonck\/"},"comments_num_v2":"0 comments","yoast_head":"<!-- This site is optimized with the Yoast SEO plugin v28.4 - https:\/\/yoast.com\/product\/yoast-seo-wordpress\/ -->\n<title>Dutch transport company buys Van Hool sites - newmobility.news<\/title>\n<meta name=\"robots\" content=\"index, follow, max-snippet:-1, max-image-preview:large, max-video-preview:-1\" \/>\n<link rel=\"canonical\" href=\"https:\/\/newmobility.news\/fr\/2026\/06\/22\/dutch-transport-company-buys-van-hool-sites\/\" \/>\n<meta property=\"og:locale\" content=\"fr_FR\" \/>\n<meta property=\"og:type\" content=\"article\" \/>\n<meta property=\"og:title\" content=\"Dutch transport company buys Van Hool sites - newmobility.news\" \/>\n<meta property=\"og:description\" content=\"Last week,\u00a0we reported that the site in Koningshooikt, which the bankrupt bus manufacturer Van Hool had offered for sale, had been sold for 21.5 million euros, but that it was not clear who ultimately bought the land. According to Van Hool&#039;s bankruptcy trustee, the Dutch transport company G.A. den This content has been archived. Log [&hellip;]\" \/>\n<meta property=\"og:url\" content=\"https:\/\/newmobility.news\/fr\/2026\/06\/22\/dutch-transport-company-buys-van-hool-sites\/\" \/>\n<meta property=\"og:site_name\" content=\"newmobility.news\" \/>\n<meta property=\"article:publisher\" content=\"https:\/\/www.facebook.com\/search\/top\/?q=newmobility.news\" \/>\n<meta property=\"article:published_time\" content=\"2026-06-22T09:30:24+00:00\" \/>\n<meta property=\"og:image\" content=\"https:\/\/newmobility.news\/wp-content\/uploads\/2026\/06\/Scherm_afbeelding-2026-06-08-om-12.09.29-1024x635.webp\" \/>\n\t<meta property=\"og:image:width\" content=\"1024\" \/>\n\t<meta property=\"og:image:height\" content=\"635\" \/>\n\t<meta property=\"og:image:type\" content=\"image\/webp\" \/>\n<meta name=\"author\" content=\"Hilde Van Raemdonck\" \/>\n<meta name=\"twitter:card\" content=\"summary_large_image\" \/>\n<meta name=\"twitter:creator\" content=\"@jorisvry\" \/>\n<meta name=\"twitter:site\" content=\"@jorisvry\" \/>\n<meta name=\"twitter:label1\" content=\"\u00c9crit par\" \/>\n\t<meta name=\"twitter:data1\" content=\"Hilde Van Raemdonck\" \/>\n\t<meta name=\"twitter:label2\" content=\"Dur\u00e9e de lecture est.\" \/>\n\t<meta name=\"twitter:data2\" content=\"3 minutes\" \/>\n<script type=\"application\/ld+json\" class=\"yoast-schema-graph\">{\"@context\":\"https:\\\/\\\/schema.org\",\"@graph\":[{\"@type\":\"Article\",\"@id\":\"https:\\\/\\\/newmobility.news\\\/2026\\\/06\\\/22\\\/dutch-transport-company-buys-van-hool-sites\\\/#article\",\"isPartOf\":{\"@id\":\"https:\\\/\\\/newmobility.news\\\/2026\\\/06\\\/22\\\/dutch-transport-company-buys-van-hool-sites\\\/\"},\"author\":{\"name\":\"Hilde Van Raemdonck\",\"@id\":\"https:\\\/\\\/newmobility.news\\\/#\\\/schema\\\/person\\\/7540fd72a981bf6a315ba1b874c2a464\"},\"headline\":\"Dutch transport company buys Van Hool sites\",\"datePublished\":\"2026-06-22T09:30:24+00:00\",\"mainEntityOfPage\":{\"@id\":\"https:\\\/\\\/newmobility.news\\\/2026\\\/06\\\/22\\\/dutch-transport-company-buys-van-hool-sites\\\/\"},\"wordCount\":489,\"publisher\":{\"@id\":\"https:\\\/\\\/newmobility.news\\\/#organization\"},\"image\":{\"@id\":\"https:\\\/\\\/newmobility.news\\\/2026\\\/06\\\/22\\\/dutch-transport-company-buys-van-hool-sites\\\/#primaryimage\"},\"thumbnailUrl\":\"https:\\\/\\\/i0.wp.com\\\/newmobility.news\\\/wp-content\\\/uploads\\\/2026\\\/06\\\/Scherm_afbeelding-2026-06-08-om-12.09.29.webp?fit=2008%2C1246&ssl=1\",\"articleSection\":[\"Belgium\",\"Industry\",\"Mobility\",\"Top Stories Today\"],\"inLanguage\":\"fr-BE\"},{\"@type\":\"WebPage\",\"@id\":\"https:\\\/\\\/newmobility.news\\\/2026\\\/06\\\/22\\\/dutch-transport-company-buys-van-hool-sites\\\/\",\"url\":\"https:\\\/\\\/newmobility.news\\\/2026\\\/06\\\/22\\\/dutch-transport-company-buys-van-hool-sites\\\/\",\"name\":\"Dutch transport company buys Van Hool sites - newmobility.news\",\"isPartOf\":{\"@id\":\"https:\\\/\\\/newmobility.news\\\/#website\"},\"primaryImageOfPage\":{\"@id\":\"https:\\\/\\\/newmobility.news\\\/2026\\\/06\\\/22\\\/dutch-transport-company-buys-van-hool-sites\\\/#primaryimage\"},\"image\":{\"@id\":\"https:\\\/\\\/newmobility.news\\\/2026\\\/06\\\/22\\\/dutch-transport-company-buys-van-hool-sites\\\/#primaryimage\"},\"thumbnailUrl\":\"https:\\\/\\\/i0.wp.com\\\/newmobility.news\\\/wp-content\\\/uploads\\\/2026\\\/06\\\/Scherm_afbeelding-2026-06-08-om-12.09.29.webp?fit=2008%2C1246&ssl=1\",\"datePublished\":\"2026-06-22T09:30:24+00:00\",\"breadcrumb\":{\"@id\":\"https:\\\/\\\/newmobility.news\\\/2026\\\/06\\\/22\\\/dutch-transport-company-buys-van-hool-sites\\\/#breadcrumb\"},\"inLanguage\":\"fr-BE\",\"potentialAction\":[{\"@type\":\"ReadAction\",\"target\":[\"https:\\\/\\\/newmobility.news\\\/2026\\\/06\\\/22\\\/dutch-transport-company-buys-van-hool-sites\\\/\"]}]},{\"@type\":\"ImageObject\",\"inLanguage\":\"fr-BE\",\"@id\":\"https:\\\/\\\/newmobility.news\\\/2026\\\/06\\\/22\\\/dutch-transport-company-buys-van-hool-sites\\\/#primaryimage\",\"url\":\"https:\\\/\\\/i0.wp.com\\\/newmobility.news\\\/wp-content\\\/uploads\\\/2026\\\/06\\\/Scherm_afbeelding-2026-06-08-om-12.09.29.webp?fit=2008%2C1246&ssl=1\",\"contentUrl\":\"https:\\\/\\\/i0.wp.com\\\/newmobility.news\\\/wp-content\\\/uploads\\\/2026\\\/06\\\/Scherm_afbeelding-2026-06-08-om-12.09.29.webp?fit=2008%2C1246&ssl=1\",\"width\":2008,\"height\":1246,\"caption\":\"According to Van Hool's bankruptcy trustee, the Dutch transport company G.A. den Otter Trucks submitted the highest bid and is now the new owner of the site \\\/Glassdoor\"},{\"@type\":\"BreadcrumbList\",\"@id\":\"https:\\\/\\\/newmobility.news\\\/2026\\\/06\\\/22\\\/dutch-transport-company-buys-van-hool-sites\\\/#breadcrumb\",\"itemListElement\":[{\"@type\":\"ListItem\",\"position\":1,\"name\":\"Home\",\"item\":\"https:\\\/\\\/newmobility.news\\\/\"},{\"@type\":\"ListItem\",\"position\":2,\"name\":\"Dutch transport company buys Van Hool sites\"}]},{\"@type\":\"WebSite\",\"@id\":\"https:\\\/\\\/newmobility.news\\\/#website\",\"url\":\"https:\\\/\\\/newmobility.news\\\/\",\"name\":\"newmobility.news\",\"description\":\"A B2BNews Agency\u00ae news service for mobility business proessional\",\"publisher\":{\"@id\":\"https:\\\/\\\/newmobility.news\\\/#organization\"},\"potentialAction\":[{\"@type\":\"SearchAction\",\"target\":{\"@type\":\"EntryPoint\",\"urlTemplate\":\"https:\\\/\\\/newmobility.news\\\/?s={search_term_string}\"},\"query-input\":{\"@type\":\"PropertyValueSpecification\",\"valueRequired\":true,\"valueName\":\"search_term_string\"}}],\"inLanguage\":\"fr-BE\"},{\"@type\":\"Organization\",\"@id\":\"https:\\\/\\\/newmobility.news\\\/#organization\",\"name\":\"B2BNews Agency\",\"url\":\"https:\\\/\\\/newmobility.news\\\/\",\"logo\":{\"@type\":\"ImageObject\",\"inLanguage\":\"fr-BE\",\"@id\":\"https:\\\/\\\/newmobility.news\\\/#\\\/schema\\\/logo\\\/image\\\/\",\"url\":\"https:\\\/\\\/newmobility.news\\\/wp-content\\\/uploads\\\/2018\\\/01\\\/b2bnews-agency-logo.png\",\"contentUrl\":\"https:\\\/\\\/newmobility.news\\\/wp-content\\\/uploads\\\/2018\\\/01\\\/b2bnews-agency-logo.png\",\"width\":\"581\",\"height\":\"117\",\"caption\":\"B2BNews Agency\"},\"image\":{\"@id\":\"https:\\\/\\\/newmobility.news\\\/#\\\/schema\\\/logo\\\/image\\\/\"},\"sameAs\":[\"https:\\\/\\\/www.facebook.com\\\/search\\\/top\\\/?q=newmobility.news\",\"https:\\\/\\\/x.com\\\/jorisvry\",\"https:\\\/\\\/www.linkedin.com\\\/in\\\/jorisvanroy\\\/\",\"https:\\\/\\\/nl.pinterest.com\\\/jorisvanroy\\\/\"]},{\"@type\":\"Person\",\"@id\":\"https:\\\/\\\/newmobility.news\\\/#\\\/schema\\\/person\\\/7540fd72a981bf6a315ba1b874c2a464\",\"name\":\"Hilde Van Raemdonck\",\"image\":{\"@type\":\"ImageObject\",\"inLanguage\":\"fr-BE\",\"@id\":\"https:\\\/\\\/secure.gravatar.com\\\/avatar\\\/df873a81c6773757375a21da8c2465de0552095dede94d299763768ab1b36cef?s=96&d=mm&r=g\",\"url\":\"https:\\\/\\\/secure.gravatar.com\\\/avatar\\\/df873a81c6773757375a21da8c2465de0552095dede94d299763768ab1b36cef?s=96&d=mm&r=g\",\"contentUrl\":\"https:\\\/\\\/secure.gravatar.com\\\/avatar\\\/df873a81c6773757375a21da8c2465de0552095dede94d299763768ab1b36cef?s=96&d=mm&r=g\",\"caption\":\"Hilde Van Raemdonck\"},\"url\":\"https:\\\/\\\/newmobility.news\\\/fr\\\/author\\\/hilde-van-raemdonck\\\/\"}]}<\/script>\n<!-- \/ Yoast SEO plugin. -->","yoast_head_json":{"title":"Une entreprise de transport n\u00e9erlandaise rach\u00e8te les sites de Van Hool - newmobility.news","robots":{"index":"index","follow":"follow","max-snippet":"max-snippet:-1","max-image-preview":"max-image-preview:large","max-video-preview":"max-video-preview:-1"},"canonical":"https:\/\/newmobility.news\/fr\/2026\/06\/22\/dutch-transport-company-buys-van-hool-sites\/","og_locale":"fr_FR","og_type":"article","og_title":"Dutch transport company buys Van Hool sites - newmobility.news","og_description":"Last week,\u00a0we reported that the site in Koningshooikt, which the bankrupt bus manufacturer Van Hool had offered for sale, had been sold for 21.5 million euros, but that it was not clear who ultimately bought the land. According to Van Hool's bankruptcy trustee, the Dutch transport company G.A. den This content has been archived. Log [&hellip;]","og_url":"https:\/\/newmobility.news\/fr\/2026\/06\/22\/dutch-transport-company-buys-van-hool-sites\/","og_site_name":"newmobility.news","article_publisher":"https:\/\/www.facebook.com\/search\/top\/?q=newmobility.news","article_published_time":"2026-06-22T09:30:24+00:00","og_image":[{"width":1024,"height":635,"url":"https:\/\/newmobility.news\/wp-content\/uploads\/2026\/06\/Scherm_afbeelding-2026-06-08-om-12.09.29-1024x635.webp","type":"image\/webp"}],"author":"Hilde Van Raemdonck","twitter_card":"summary_large_image","twitter_creator":"@jorisvry","twitter_site":"@jorisvry","twitter_misc":{"\u00c9crit par":"Hilde Van Raemdonck","Dur\u00e9e de lecture est.":"3 minutes"},"schema":{"@context":"https:\/\/schema.org","@graph":[{"@type":"Article","@id":"https:\/\/newmobility.news\/2026\/06\/22\/dutch-transport-company-buys-van-hool-sites\/#article","isPartOf":{"@id":"https:\/\/newmobility.news\/2026\/06\/22\/dutch-transport-company-buys-van-hool-sites\/"},"author":{"name":"Hilde Van Raemdonck","@id":"https:\/\/newmobility.news\/#\/schema\/person\/7540fd72a981bf6a315ba1b874c2a464"},"headline":"Dutch transport company buys Van Hool sites","datePublished":"2026-06-22T09:30:24+00:00","mainEntityOfPage":{"@id":"https:\/\/newmobility.news\/2026\/06\/22\/dutch-transport-company-buys-van-hool-sites\/"},"wordCount":489,"publisher":{"@id":"https:\/\/newmobility.news\/#organization"},"image":{"@id":"https:\/\/newmobility.news\/2026\/06\/22\/dutch-transport-company-buys-van-hool-sites\/#primaryimage"},"thumbnailUrl":"https:\/\/i0.wp.com\/newmobility.news\/wp-content\/uploads\/2026\/06\/Scherm_afbeelding-2026-06-08-om-12.09.29.webp?fit=2008%2C1246&ssl=1","articleSection":["Belgium","Industry","Mobility","Top Stories Today"],"inLanguage":"fr-BE"},{"@type":"WebPage","@id":"https:\/\/newmobility.news\/2026\/06\/22\/dutch-transport-company-buys-van-hool-sites\/","url":"https:\/\/newmobility.news\/2026\/06\/22\/dutch-transport-company-buys-van-hool-sites\/","name":"Une entreprise de transport n\u00e9erlandaise rach\u00e8te les sites de Van Hool - newmobility.news","isPartOf":{"@id":"https:\/\/newmobility.news\/#website"},"primaryImageOfPage":{"@id":"https:\/\/newmobility.news\/2026\/06\/22\/dutch-transport-company-buys-van-hool-sites\/#primaryimage"},"image":{"@id":"https:\/\/newmobility.news\/2026\/06\/22\/dutch-transport-company-buys-van-hool-sites\/#primaryimage"},"thumbnailUrl":"https:\/\/i0.wp.com\/newmobility.news\/wp-content\/uploads\/2026\/06\/Scherm_afbeelding-2026-06-08-om-12.09.29.webp?fit=2008%2C1246&ssl=1","datePublished":"2026-06-22T09:30:24+00:00","breadcrumb":{"@id":"https:\/\/newmobility.news\/2026\/06\/22\/dutch-transport-company-buys-van-hool-sites\/#breadcrumb"},"inLanguage":"fr-BE","potentialAction":[{"@type":"ReadAction","target":["https:\/\/newmobility.news\/2026\/06\/22\/dutch-transport-company-buys-van-hool-sites\/"]}]},{"@type":"ImageObject","inLanguage":"fr-BE","@id":"https:\/\/newmobility.news\/2026\/06\/22\/dutch-transport-company-buys-van-hool-sites\/#primaryimage","url":"https:\/\/i0.wp.com\/newmobility.news\/wp-content\/uploads\/2026\/06\/Scherm_afbeelding-2026-06-08-om-12.09.29.webp?fit=2008%2C1246&ssl=1","contentUrl":"https:\/\/i0.wp.com\/newmobility.news\/wp-content\/uploads\/2026\/06\/Scherm_afbeelding-2026-06-08-om-12.09.29.webp?fit=2008%2C1246&ssl=1","width":2008,"height":1246,"caption":"According to Van Hool's bankruptcy trustee, the Dutch transport company G.A. den Otter Trucks submitted the highest bid and is now the new owner of the site \/Glassdoor"},{"@type":"BreadcrumbList","@id":"https:\/\/newmobility.news\/2026\/06\/22\/dutch-transport-company-buys-van-hool-sites\/#breadcrumb","itemListElement":[{"@type":"ListItem","position":1,"name":"Home","item":"https:\/\/newmobility.news\/"},{"@type":"ListItem","position":2,"name":"Dutch transport company buys Van Hool sites"}]},{"@type":"WebSite","@id":"https:\/\/newmobility.news\/#website","url":"https:\/\/newmobility.news\/","name":"nouveaumobilit\u00e9.actualit\u00e9s","description":"Un service d'information B2BNews Agency\u00ae destin\u00e9 aux professionnels de la mobilit\u00e9","publisher":{"@id":"https:\/\/newmobility.news\/#organization"},"potentialAction":[{"@type":"SearchAction","target":{"@type":"EntryPoint","urlTemplate":"https:\/\/newmobility.news\/?s={search_term_string}"},"query-input":{"@type":"PropertyValueSpecification","valueRequired":true,"valueName":"search_term_string"}}],"inLanguage":"fr-BE"},{"@type":"Organization","@id":"https:\/\/newmobility.news\/#organization","name":"Agence de presse B2BNews","url":"https:\/\/newmobility.news\/","logo":{"@type":"ImageObject","inLanguage":"fr-BE","@id":"https:\/\/newmobility.news\/#\/schema\/logo\/image\/","url":"https:\/\/newmobility.news\/wp-content\/uploads\/2018\/01\/b2bnews-agency-logo.png","contentUrl":"https:\/\/newmobility.news\/wp-content\/uploads\/2018\/01\/b2bnews-agency-logo.png","width":"581","height":"117","caption":"B2BNews Agency"},"image":{"@id":"https:\/\/newmobility.news\/#\/schema\/logo\/image\/"},"sameAs":["https:\/\/www.facebook.com\/search\/top\/?q=newmobility.news","https:\/\/x.com\/jorisvry","https:\/\/www.linkedin.com\/in\/jorisvanroy\/","https:\/\/nl.pinterest.com\/jorisvanroy\/"]},{"@type":"Person","@id":"https:\/\/newmobility.news\/#\/schema\/person\/7540fd72a981bf6a315ba1b874c2a464","name":"Hilde Van Raemdonck","image":{"@type":"ImageObject","inLanguage":"fr-BE","@id":"https:\/\/secure.gravatar.com\/avatar\/df873a81c6773757375a21da8c2465de0552095dede94d299763768ab1b36cef?s=96&d=mm&r=g","url":"https:\/\/secure.gravatar.com\/avatar\/df873a81c6773757375a21da8c2465de0552095dede94d299763768ab1b36cef?s=96&d=mm&r=g","contentUrl":"https:\/\/secure.gravatar.com\/avatar\/df873a81c6773757375a21da8c2465de0552095dede94d299763768ab1b36cef?s=96&d=mm&r=g","caption":"Hilde Van Raemdonck"},"url":"https:\/\/newmobility.news\/fr\/author\/hilde-van-raemdonck\/"}]}},"jetpack_publicize_connections":[],"jetpack_shortlink":"https:\/\/wp.me\/p9wJdU-MYt","jetpack_sharing_enabled":true,"jetpack_likes_enabled":true,"jetpack-related-posts":[],"jetpack_featured_media_url":"https:\/\/i0.wp.com\/newmobility.news\/wp-content\/uploads\/2026\/06\/Scherm_afbeelding-2026-06-08-om-12.09.29.webp?fit=2008%2C1246&ssl=1","_links":{"self":[{"href":"https:\/\/newmobility.news\/fr\/wp-json\/wp\/v2\/posts\/188261","targetHints":{"allow":["GET"]}}],"collection":[{"href":"https:\/\/newmobility.news\/fr\/wp-json\/wp\/v2\/posts"}],"about":[{"href":"https:\/\/newmobility.news\/fr\/wp-json\/wp\/v2\/types\/post"}],"author":[{"embeddable":true,"href":"https:\/\/newmobility.news\/fr\/wp-json\/wp\/v2\/users\/175"}],"replies":[{"embeddable":true,"href":"https:\/\/newmobility.news\/fr\/wp-json\/wp\/v2\/comments?post=188261"}],"version-history":[{"count":4,"href":"https:\/\/newmobility.news\/fr\/wp-json\/wp\/v2\/posts\/188261\/revisions"}],"predecessor-version":[{"id":188285,"href":"https:\/\/newmobility.news\/fr\/wp-json\/wp\/v2\/posts\/188261\/revisions\/188285"}],"wp:featuredmedia":[{"embeddable":true,"href":"https:\/\/newmobility.news\/fr\/wp-json\/wp\/v2\/media\/188282"}],"wp:attachment":[{"href":"https:\/\/newmobility.news\/fr\/wp-json\/wp\/v2\/media?parent=188261"}],"wp:term":[{"taxonomy":"category","embeddable":true,"href":"https:\/\/newmobility.news\/fr\/wp-json\/wp\/v2\/categories?post=188261"},{"taxonomy":"post_tag","embeddable":true,"href":"https:\/\/newmobility.news\/fr\/wp-json\/wp\/v2\/tags?post=188261"}],"curies":[{"name":"wp","href":"https:\/\/api.w.org\/{rel}","templated":true}]}}