{"id":188269,"date":"2026-06-22T12:15:58","date_gmt":"2026-06-22T10:15:58","guid":{"rendered":"https:\/\/newmobility.news\/?p=188269"},"modified":"2026-06-22T12:12:30","modified_gmt":"2026-06-22T10:12:30","slug":"after-storm-of-criticism-flanders-backs-down-on-special-education-bus-cuts","status":"publish","type":"post","link":"https:\/\/newmobility.news\/fr\/2026\/06\/22\/after-storm-of-criticism-flanders-backs-down-on-special-education-bus-cuts\/","title":{"rendered":"Apr\u00e8s une vague de critiques, la Flandre fait marche arri\u00e8re concernant les coupes budg\u00e9taires dans les transports scolaires pour les \u00e9l\u00e8ves en \u00e9ducation sp\u00e9cialis\u00e9e"},"content":{"rendered":"Suite \u00e0 une vague de critiques concernant le projet de la ministre de la Mobilit\u00e9, Annick De Ridder (N-VA), visant \u00e0 supprimer plus de 200 lignes de bus destin\u00e9es \u00e0 l'enseignement sp\u00e9cialis\u00e9 \u00e0 compter de septembre \u2013 afin de respecter le budget fix\u00e9 \u00e0 139 millions d'euros \u2013, le gouvernement flamand a d\u00e9cid\u00e9 qu'aucune coupe suppl\u00e9mentaire ne serait impos\u00e9e \u00e0 De Lij<div class=\"leaky_paywall_message_wrap\"><div id=\"leaky_paywall_message\">Ce contenu a \u00e9t\u00e9 archiv\u00e9. <a href=\"https:\/\/newmobility.news\/fr\/subscription\/\">Connectez-vous ou inscrivez-vous<\/a> \u00e0 un niveau qui donne acc\u00e8s au contenu archiv\u00e9.<\/div><\/div>","protected":false},"excerpt":{"rendered":"<p>Following a storm of criticism over Mobility Minister Annick De Ridder&#8217;s (N-VA) plan to cut more than 200 bus routes for special education starting in September &#8211; to stay within the set budget of 139 million euros &#8211; the Flemish government has decided that no additional cuts will be imposed on De LijThis content has [&hellip;]<\/p>\n","protected":false},"author":164,"featured_media":188312,"comment_status":"closed","ping_status":"closed","sticky":false,"template":"","format":"standard","meta":{"_acf_changed":false,"_jetpack_newsletter_access":"","_jetpack_dont_email_post_to_subs":false,"_jetpack_newsletter_tier_id":0,"_jetpack_memberships_contains_paywalled_content":false,"_jetpack_feature_clip_id":0,"_jetpack_memberships_contains_paid_content":false,"footnotes":"","jetpack_publicize_message":"{title}\r\n\r\n{excerpt}\r\n\r\n{url}","jetpack_publicize_feature_enabled":true,"jetpack_social_post_already_shared":true,"jetpack_social_options":{"image_generator_settings":{"template":"highway","default_image_id":0,"font":"","enabled":false},"version":2},"_wpas_customize_per_network":false,"jetpack_post_was_ever_published":false},"categories":[77170,7,26,4],"tags":[],"class_list":["post-188269","post","type-post","status-publish","format-standard","has-post-thumbnail","hentry","category-belgium","category-mobility","category-public-transport","category-top-stories-today"],"acf":[],"featured_image_urls_v2":{"full":["https:\/\/i0.wp.com\/newmobility.news\/wp-content\/uploads\/2026\/06\/Untitled66-2.png?fit=1782%2C1512&ssl=1",1782,1512,false],"thumbnail":["https:\/\/i0.wp.com\/newmobility.news\/wp-content\/uploads\/2026\/06\/Untitled66-2.png?resize=150%2C150&ssl=1",150,150,true],"medium":["https:\/\/i0.wp.com\/newmobility.news\/wp-content\/uploads\/2026\/06\/Untitled66-2.png?fit=300%2C255&ssl=1",300,255,true],"medium_large":["https:\/\/i0.wp.com\/newmobility.news\/wp-content\/uploads\/2026\/06\/Untitled66-2.png?fit=640%2C543&ssl=1",640,543,true],"large":["https:\/\/i0.wp.com\/newmobility.news\/wp-content\/uploads\/2026\/06\/Untitled66-2.png?fit=640%2C543&ssl=1",640,543,true],"1536x1536":["https:\/\/i0.wp.com\/newmobility.news\/wp-content\/uploads\/2026\/06\/Untitled66-2.png?fit=1536%2C1303&ssl=1",1536,1303,true],"2048x2048":["https:\/\/i0.wp.com\/newmobility.news\/wp-content\/uploads\/2026\/06\/Untitled66-2.png?fit=1782%2C1512&ssl=1",1782,1512,true],"trp-custom-language-flag":["https:\/\/i0.wp.com\/newmobility.news\/wp-content\/uploads\/2026\/06\/Untitled66-2.png?fit=14%2C12&ssl=1",14,12,true],"related-thumb":["https:\/\/i0.wp.com\/newmobility.news\/wp-content\/uploads\/2026\/06\/Untitled66-2.png?resize=640%2C480&ssl=1",640,480,true],"gform-image-choice-sm":["https:\/\/i0.wp.com\/newmobility.news\/wp-content\/uploads\/2026\/06\/Untitled66-2.png?resize=300%2C300&ssl=1",300,300,true],"gform-image-choice-md":["https:\/\/i0.wp.com\/newmobility.news\/wp-content\/uploads\/2026\/06\/Untitled66-2.png?resize=400%2C400&ssl=1",400,400,true],"gform-image-choice-lg":["https:\/\/i0.wp.com\/newmobility.news\/wp-content\/uploads\/2026\/06\/Untitled66-2.png?resize=600%2C600&ssl=1",600,600,true],"mailchimp":["https:\/\/i0.wp.com\/newmobility.news\/wp-content\/uploads\/2026\/06\/Untitled66-2.png?fit=560%2C475&ssl=1",560,475,true],"unipress-phone":["https:\/\/i0.wp.com\/newmobility.news\/wp-content\/uploads\/2026\/06\/Untitled66-2.png?resize=640%2C100&ssl=1",640,100,true],"unipress-tablet":["https:\/\/i0.wp.com\/newmobility.news\/wp-content\/uploads\/2026\/06\/Untitled66-2.png?resize=1536%2C240&ssl=1",1536,240,true],"unipress-tablet-portrait":["https:\/\/i0.wp.com\/newmobility.news\/wp-content\/uploads\/2026\/06\/Untitled66-2.png?resize=1536%2C180&ssl=1",1536,180,true],"unipress-tablet-landscape":["https:\/\/i0.wp.com\/newmobility.news\/wp-content\/uploads\/2026\/06\/Untitled66-2.png?resize=1782%2C180&ssl=1",1782,180,true],"unipress-smartphone":["https:\/\/i0.wp.com\/newmobility.news\/wp-content\/uploads\/2026\/06\/Untitled66-2.png?resize=1080%2C168&ssl=1",1080,168,true],"unipress-wide-screen":["https:\/\/i0.wp.com\/newmobility.news\/wp-content\/uploads\/2026\/06\/Untitled66-2.png?resize=1782%2C180&ssl=1",1782,180,true]},"post_excerpt_stackable_v2":"<p>Following a storm of criticism over Mobility Minister Annick De Ridder&#8217;s (N-VA) plan to cut more than 200 bus routes for special education starting in September &#8211; to stay within the set budget of 139 million euros &#8211; the Flemish government has decided that no additional cuts will be imposed on De LijThis content has been archived. Log in or Subscribe to a level that has access to archived content.<\/p>\n","category_list_v2":"<a href=\"https:\/\/newmobility.news\/fr\/category\/belgium\/\" rel=\"category tag\">Belgium<\/a>, <a href=\"https:\/\/newmobility.news\/fr\/category\/mobility\/\" rel=\"category tag\">Mobility<\/a>, <a href=\"https:\/\/newmobility.news\/fr\/category\/public-transport\/\" rel=\"category tag\">Public transport<\/a>, <a href=\"https:\/\/newmobility.news\/fr\/category\/top-stories-today\/\" rel=\"category tag\">Top Stories Today<\/a>","author_info_v2":{"name":"Luc Joris","url":"https:\/\/newmobility.news\/fr\/author\/belga-5\/"},"comments_num_v2":"0 comments","yoast_head":"<!-- This site is optimized with the Yoast SEO plugin v28.4 - https:\/\/yoast.com\/product\/yoast-seo-wordpress\/ -->\n<title>After storm of criticism, Flanders backs down on special education bus cuts - newmobility.news<\/title>\n<meta name=\"robots\" content=\"index, follow, max-snippet:-1, max-image-preview:large, max-video-preview:-1\" \/>\n<link rel=\"canonical\" href=\"https:\/\/newmobility.news\/fr\/2026\/06\/22\/after-storm-of-criticism-flanders-backs-down-on-special-education-bus-cuts\/\" \/>\n<meta property=\"og:locale\" content=\"fr_FR\" \/>\n<meta property=\"og:type\" content=\"article\" \/>\n<meta property=\"og:title\" content=\"After storm of criticism, Flanders backs down on special education bus cuts - newmobility.news\" \/>\n<meta property=\"og:description\" content=\"Following a storm of criticism over Mobility Minister Annick De Ridder&#039;s (N-VA) plan to cut more than 200 bus routes for special education starting in September - to stay within the set budget of 139 million euros - the Flemish government has decided that no additional cuts will be imposed on De LijThis content has [&hellip;]\" \/>\n<meta property=\"og:url\" content=\"https:\/\/newmobility.news\/fr\/2026\/06\/22\/after-storm-of-criticism-flanders-backs-down-on-special-education-bus-cuts\/\" \/>\n<meta property=\"og:site_name\" content=\"newmobility.news\" \/>\n<meta property=\"article:publisher\" content=\"https:\/\/www.facebook.com\/search\/top\/?q=newmobility.news\" \/>\n<meta property=\"article:published_time\" content=\"2026-06-22T10:15:58+00:00\" \/>\n<meta property=\"og:image\" content=\"https:\/\/newmobility.news\/wp-content\/uploads\/2026\/06\/Untitled66-2-1024x869.png\" \/>\n\t<meta property=\"og:image:width\" content=\"1024\" \/>\n\t<meta property=\"og:image:height\" content=\"869\" \/>\n\t<meta property=\"og:image:type\" content=\"image\/png\" \/>\n<meta name=\"author\" content=\"Luc Joris\" \/>\n<meta name=\"twitter:card\" content=\"summary_large_image\" \/>\n<meta name=\"twitter:creator\" content=\"@jorisvry\" \/>\n<meta name=\"twitter:site\" content=\"@jorisvry\" \/>\n<meta name=\"twitter:label1\" content=\"\u00c9crit par\" \/>\n\t<meta name=\"twitter:data1\" content=\"Luc Joris\" \/>\n\t<meta name=\"twitter:label2\" content=\"Dur\u00e9e de lecture est.\" \/>\n\t<meta name=\"twitter:data2\" content=\"4 minutes\" \/>\n<script type=\"application\/ld+json\" class=\"yoast-schema-graph\">{\"@context\":\"https:\\\/\\\/schema.org\",\"@graph\":[{\"@type\":\"Article\",\"@id\":\"https:\\\/\\\/newmobility.news\\\/2026\\\/06\\\/22\\\/after-storm-of-criticism-flanders-backs-down-on-special-education-bus-cuts\\\/#article\",\"isPartOf\":{\"@id\":\"https:\\\/\\\/newmobility.news\\\/2026\\\/06\\\/22\\\/after-storm-of-criticism-flanders-backs-down-on-special-education-bus-cuts\\\/\"},\"author\":{\"name\":\"Luc Joris\",\"@id\":\"https:\\\/\\\/newmobility.news\\\/#\\\/schema\\\/person\\\/9b4a04002179d83e5be74f13c664b722\"},\"headline\":\"After storm of criticism, Flanders backs down on special education bus cuts\",\"datePublished\":\"2026-06-22T10:15:58+00:00\",\"mainEntityOfPage\":{\"@id\":\"https:\\\/\\\/newmobility.news\\\/2026\\\/06\\\/22\\\/after-storm-of-criticism-flanders-backs-down-on-special-education-bus-cuts\\\/\"},\"wordCount\":709,\"publisher\":{\"@id\":\"https:\\\/\\\/newmobility.news\\\/#organization\"},\"image\":{\"@id\":\"https:\\\/\\\/newmobility.news\\\/2026\\\/06\\\/22\\\/after-storm-of-criticism-flanders-backs-down-on-special-education-bus-cuts\\\/#primaryimage\"},\"thumbnailUrl\":\"https:\\\/\\\/i0.wp.com\\\/newmobility.news\\\/wp-content\\\/uploads\\\/2026\\\/06\\\/Untitled66-2.png?fit=1782%2C1512&ssl=1\",\"articleSection\":[\"Belgium\",\"Mobility\",\"Public transport\",\"Top Stories Today\"],\"inLanguage\":\"fr-BE\"},{\"@type\":\"WebPage\",\"@id\":\"https:\\\/\\\/newmobility.news\\\/2026\\\/06\\\/22\\\/after-storm-of-criticism-flanders-backs-down-on-special-education-bus-cuts\\\/\",\"url\":\"https:\\\/\\\/newmobility.news\\\/2026\\\/06\\\/22\\\/after-storm-of-criticism-flanders-backs-down-on-special-education-bus-cuts\\\/\",\"name\":\"After storm of criticism, Flanders backs down on special education bus cuts - newmobility.news\",\"isPartOf\":{\"@id\":\"https:\\\/\\\/newmobility.news\\\/#website\"},\"primaryImageOfPage\":{\"@id\":\"https:\\\/\\\/newmobility.news\\\/2026\\\/06\\\/22\\\/after-storm-of-criticism-flanders-backs-down-on-special-education-bus-cuts\\\/#primaryimage\"},\"image\":{\"@id\":\"https:\\\/\\\/newmobility.news\\\/2026\\\/06\\\/22\\\/after-storm-of-criticism-flanders-backs-down-on-special-education-bus-cuts\\\/#primaryimage\"},\"thumbnailUrl\":\"https:\\\/\\\/i0.wp.com\\\/newmobility.news\\\/wp-content\\\/uploads\\\/2026\\\/06\\\/Untitled66-2.png?fit=1782%2C1512&ssl=1\",\"datePublished\":\"2026-06-22T10:15:58+00:00\",\"breadcrumb\":{\"@id\":\"https:\\\/\\\/newmobility.news\\\/2026\\\/06\\\/22\\\/after-storm-of-criticism-flanders-backs-down-on-special-education-bus-cuts\\\/#breadcrumb\"},\"inLanguage\":\"fr-BE\",\"potentialAction\":[{\"@type\":\"ReadAction\",\"target\":[\"https:\\\/\\\/newmobility.news\\\/2026\\\/06\\\/22\\\/after-storm-of-criticism-flanders-backs-down-on-special-education-bus-cuts\\\/\"]}]},{\"@type\":\"ImageObject\",\"inLanguage\":\"fr-BE\",\"@id\":\"https:\\\/\\\/newmobility.news\\\/2026\\\/06\\\/22\\\/after-storm-of-criticism-flanders-backs-down-on-special-education-bus-cuts\\\/#primaryimage\",\"url\":\"https:\\\/\\\/i0.wp.com\\\/newmobility.news\\\/wp-content\\\/uploads\\\/2026\\\/06\\\/Untitled66-2.png?fit=1782%2C1512&ssl=1\",\"contentUrl\":\"https:\\\/\\\/i0.wp.com\\\/newmobility.news\\\/wp-content\\\/uploads\\\/2026\\\/06\\\/Untitled66-2.png?fit=1782%2C1512&ssl=1\",\"width\":1782,\"height\":1512,\"caption\":\"The crisis surrounding school transportation in Flanders has been resolved, but Mobility Minister Annick De Ridder (N-VA) does not feel that the government has overruled her \\\/A. De Ridder\"},{\"@type\":\"BreadcrumbList\",\"@id\":\"https:\\\/\\\/newmobility.news\\\/2026\\\/06\\\/22\\\/after-storm-of-criticism-flanders-backs-down-on-special-education-bus-cuts\\\/#breadcrumb\",\"itemListElement\":[{\"@type\":\"ListItem\",\"position\":1,\"name\":\"Home\",\"item\":\"https:\\\/\\\/newmobility.news\\\/\"},{\"@type\":\"ListItem\",\"position\":2,\"name\":\"After storm of criticism, Flanders backs down on special education bus cuts\"}]},{\"@type\":\"WebSite\",\"@id\":\"https:\\\/\\\/newmobility.news\\\/#website\",\"url\":\"https:\\\/\\\/newmobility.news\\\/\",\"name\":\"newmobility.news\",\"description\":\"A B2BNews Agency\u00ae news service for mobility business proessional\",\"publisher\":{\"@id\":\"https:\\\/\\\/newmobility.news\\\/#organization\"},\"potentialAction\":[{\"@type\":\"SearchAction\",\"target\":{\"@type\":\"EntryPoint\",\"urlTemplate\":\"https:\\\/\\\/newmobility.news\\\/?s={search_term_string}\"},\"query-input\":{\"@type\":\"PropertyValueSpecification\",\"valueRequired\":true,\"valueName\":\"search_term_string\"}}],\"inLanguage\":\"fr-BE\"},{\"@type\":\"Organization\",\"@id\":\"https:\\\/\\\/newmobility.news\\\/#organization\",\"name\":\"B2BNews Agency\",\"url\":\"https:\\\/\\\/newmobility.news\\\/\",\"logo\":{\"@type\":\"ImageObject\",\"inLanguage\":\"fr-BE\",\"@id\":\"https:\\\/\\\/newmobility.news\\\/#\\\/schema\\\/logo\\\/image\\\/\",\"url\":\"https:\\\/\\\/newmobility.news\\\/wp-content\\\/uploads\\\/2018\\\/01\\\/b2bnews-agency-logo.png\",\"contentUrl\":\"https:\\\/\\\/newmobility.news\\\/wp-content\\\/uploads\\\/2018\\\/01\\\/b2bnews-agency-logo.png\",\"width\":\"581\",\"height\":\"117\",\"caption\":\"B2BNews Agency\"},\"image\":{\"@id\":\"https:\\\/\\\/newmobility.news\\\/#\\\/schema\\\/logo\\\/image\\\/\"},\"sameAs\":[\"https:\\\/\\\/www.facebook.com\\\/search\\\/top\\\/?q=newmobility.news\",\"https:\\\/\\\/x.com\\\/jorisvry\",\"https:\\\/\\\/www.linkedin.com\\\/in\\\/jorisvanroy\\\/\",\"https:\\\/\\\/nl.pinterest.com\\\/jorisvanroy\\\/\"]},{\"@type\":\"Person\",\"@id\":\"https:\\\/\\\/newmobility.news\\\/#\\\/schema\\\/person\\\/9b4a04002179d83e5be74f13c664b722\",\"name\":\"Luc Joris\",\"image\":{\"@type\":\"ImageObject\",\"inLanguage\":\"fr-BE\",\"@id\":\"https:\\\/\\\/secure.gravatar.com\\\/avatar\\\/9e27cf9984ae903174b14c7dd33d523290f03fd71803b04bc6e486c7259b2920?s=96&d=mm&r=g\",\"url\":\"https:\\\/\\\/secure.gravatar.com\\\/avatar\\\/9e27cf9984ae903174b14c7dd33d523290f03fd71803b04bc6e486c7259b2920?s=96&d=mm&r=g\",\"contentUrl\":\"https:\\\/\\\/secure.gravatar.com\\\/avatar\\\/9e27cf9984ae903174b14c7dd33d523290f03fd71803b04bc6e486c7259b2920?s=96&d=mm&r=g\",\"caption\":\"Luc Joris\"},\"url\":\"https:\\\/\\\/newmobility.news\\\/fr\\\/author\\\/belga-5\\\/\"}]}<\/script>\n<!-- \/ Yoast SEO plugin. -->","yoast_head_json":{"title":"Apr\u00e8s une vague de critiques, la Flandre fait marche arri\u00e8re concernant les coupes budg\u00e9taires dans les transports scolaires pour les \u00e9l\u00e8ves en \u00e9ducation sp\u00e9cialis\u00e9e - newmobility.news","robots":{"index":"index","follow":"follow","max-snippet":"max-snippet:-1","max-image-preview":"max-image-preview:large","max-video-preview":"max-video-preview:-1"},"canonical":"https:\/\/newmobility.news\/fr\/2026\/06\/22\/after-storm-of-criticism-flanders-backs-down-on-special-education-bus-cuts\/","og_locale":"fr_FR","og_type":"article","og_title":"After storm of criticism, Flanders backs down on special education bus cuts - newmobility.news","og_description":"Following a storm of criticism over Mobility Minister Annick De Ridder's (N-VA) plan to cut more than 200 bus routes for special education starting in September - to stay within the set budget of 139 million euros - the Flemish government has decided that no additional cuts will be imposed on De LijThis content has [&hellip;]","og_url":"https:\/\/newmobility.news\/fr\/2026\/06\/22\/after-storm-of-criticism-flanders-backs-down-on-special-education-bus-cuts\/","og_site_name":"newmobility.news","article_publisher":"https:\/\/www.facebook.com\/search\/top\/?q=newmobility.news","article_published_time":"2026-06-22T10:15:58+00:00","og_image":[{"width":1024,"height":869,"url":"https:\/\/newmobility.news\/wp-content\/uploads\/2026\/06\/Untitled66-2-1024x869.png","type":"image\/png"}],"author":"Luc Joris","twitter_card":"summary_large_image","twitter_creator":"@jorisvry","twitter_site":"@jorisvry","twitter_misc":{"\u00c9crit par":"Luc Joris","Dur\u00e9e de lecture est.":"4 minutes"},"schema":{"@context":"https:\/\/schema.org","@graph":[{"@type":"Article","@id":"https:\/\/newmobility.news\/2026\/06\/22\/after-storm-of-criticism-flanders-backs-down-on-special-education-bus-cuts\/#article","isPartOf":{"@id":"https:\/\/newmobility.news\/2026\/06\/22\/after-storm-of-criticism-flanders-backs-down-on-special-education-bus-cuts\/"},"author":{"name":"Luc Joris","@id":"https:\/\/newmobility.news\/#\/schema\/person\/9b4a04002179d83e5be74f13c664b722"},"headline":"After storm of criticism, Flanders backs down on special education bus cuts","datePublished":"2026-06-22T10:15:58+00:00","mainEntityOfPage":{"@id":"https:\/\/newmobility.news\/2026\/06\/22\/after-storm-of-criticism-flanders-backs-down-on-special-education-bus-cuts\/"},"wordCount":709,"publisher":{"@id":"https:\/\/newmobility.news\/#organization"},"image":{"@id":"https:\/\/newmobility.news\/2026\/06\/22\/after-storm-of-criticism-flanders-backs-down-on-special-education-bus-cuts\/#primaryimage"},"thumbnailUrl":"https:\/\/i0.wp.com\/newmobility.news\/wp-content\/uploads\/2026\/06\/Untitled66-2.png?fit=1782%2C1512&ssl=1","articleSection":["Belgium","Mobility","Public transport","Top Stories Today"],"inLanguage":"fr-BE"},{"@type":"WebPage","@id":"https:\/\/newmobility.news\/2026\/06\/22\/after-storm-of-criticism-flanders-backs-down-on-special-education-bus-cuts\/","url":"https:\/\/newmobility.news\/2026\/06\/22\/after-storm-of-criticism-flanders-backs-down-on-special-education-bus-cuts\/","name":"Apr\u00e8s une vague de critiques, la Flandre fait marche arri\u00e8re concernant les coupes budg\u00e9taires dans les transports scolaires pour les \u00e9l\u00e8ves en \u00e9ducation sp\u00e9cialis\u00e9e - newmobility.news","isPartOf":{"@id":"https:\/\/newmobility.news\/#website"},"primaryImageOfPage":{"@id":"https:\/\/newmobility.news\/2026\/06\/22\/after-storm-of-criticism-flanders-backs-down-on-special-education-bus-cuts\/#primaryimage"},"image":{"@id":"https:\/\/newmobility.news\/2026\/06\/22\/after-storm-of-criticism-flanders-backs-down-on-special-education-bus-cuts\/#primaryimage"},"thumbnailUrl":"https:\/\/i0.wp.com\/newmobility.news\/wp-content\/uploads\/2026\/06\/Untitled66-2.png?fit=1782%2C1512&ssl=1","datePublished":"2026-06-22T10:15:58+00:00","breadcrumb":{"@id":"https:\/\/newmobility.news\/2026\/06\/22\/after-storm-of-criticism-flanders-backs-down-on-special-education-bus-cuts\/#breadcrumb"},"inLanguage":"fr-BE","potentialAction":[{"@type":"ReadAction","target":["https:\/\/newmobility.news\/2026\/06\/22\/after-storm-of-criticism-flanders-backs-down-on-special-education-bus-cuts\/"]}]},{"@type":"ImageObject","inLanguage":"fr-BE","@id":"https:\/\/newmobility.news\/2026\/06\/22\/after-storm-of-criticism-flanders-backs-down-on-special-education-bus-cuts\/#primaryimage","url":"https:\/\/i0.wp.com\/newmobility.news\/wp-content\/uploads\/2026\/06\/Untitled66-2.png?fit=1782%2C1512&ssl=1","contentUrl":"https:\/\/i0.wp.com\/newmobility.news\/wp-content\/uploads\/2026\/06\/Untitled66-2.png?fit=1782%2C1512&ssl=1","width":1782,"height":1512,"caption":"The crisis surrounding school transportation in Flanders has been resolved, but Mobility Minister Annick De Ridder (N-VA) does not feel that the government has overruled her \/A. De Ridder"},{"@type":"BreadcrumbList","@id":"https:\/\/newmobility.news\/2026\/06\/22\/after-storm-of-criticism-flanders-backs-down-on-special-education-bus-cuts\/#breadcrumb","itemListElement":[{"@type":"ListItem","position":1,"name":"Home","item":"https:\/\/newmobility.news\/"},{"@type":"ListItem","position":2,"name":"After storm of criticism, Flanders backs down on special education bus cuts"}]},{"@type":"WebSite","@id":"https:\/\/newmobility.news\/#website","url":"https:\/\/newmobility.news\/","name":"nouveaumobilit\u00e9.actualit\u00e9s","description":"Un service d'information B2BNews Agency\u00ae destin\u00e9 aux professionnels de la mobilit\u00e9","publisher":{"@id":"https:\/\/newmobility.news\/#organization"},"potentialAction":[{"@type":"SearchAction","target":{"@type":"EntryPoint","urlTemplate":"https:\/\/newmobility.news\/?s={search_term_string}"},"query-input":{"@type":"PropertyValueSpecification","valueRequired":true,"valueName":"search_term_string"}}],"inLanguage":"fr-BE"},{"@type":"Organization","@id":"https:\/\/newmobility.news\/#organization","name":"Agence de presse B2BNews","url":"https:\/\/newmobility.news\/","logo":{"@type":"ImageObject","inLanguage":"fr-BE","@id":"https:\/\/newmobility.news\/#\/schema\/logo\/image\/","url":"https:\/\/newmobility.news\/wp-content\/uploads\/2018\/01\/b2bnews-agency-logo.png","contentUrl":"https:\/\/newmobility.news\/wp-content\/uploads\/2018\/01\/b2bnews-agency-logo.png","width":"581","height":"117","caption":"B2BNews Agency"},"image":{"@id":"https:\/\/newmobility.news\/#\/schema\/logo\/image\/"},"sameAs":["https:\/\/www.facebook.com\/search\/top\/?q=newmobility.news","https:\/\/x.com\/jorisvry","https:\/\/www.linkedin.com\/in\/jorisvanroy\/","https:\/\/nl.pinterest.com\/jorisvanroy\/"]},{"@type":"Person","@id":"https:\/\/newmobility.news\/#\/schema\/person\/9b4a04002179d83e5be74f13c664b722","name":"Luc Joris","image":{"@type":"ImageObject","inLanguage":"fr-BE","@id":"https:\/\/secure.gravatar.com\/avatar\/9e27cf9984ae903174b14c7dd33d523290f03fd71803b04bc6e486c7259b2920?s=96&d=mm&r=g","url":"https:\/\/secure.gravatar.com\/avatar\/9e27cf9984ae903174b14c7dd33d523290f03fd71803b04bc6e486c7259b2920?s=96&d=mm&r=g","contentUrl":"https:\/\/secure.gravatar.com\/avatar\/9e27cf9984ae903174b14c7dd33d523290f03fd71803b04bc6e486c7259b2920?s=96&d=mm&r=g","caption":"Luc Joris"},"url":"https:\/\/newmobility.news\/fr\/author\/belga-5\/"}]}},"jetpack_publicize_connections":[],"jetpack_shortlink":"https:\/\/wp.me\/p9wJdU-MYB","jetpack_sharing_enabled":true,"jetpack_likes_enabled":true,"jetpack-related-posts":[],"jetpack_featured_media_url":"https:\/\/i0.wp.com\/newmobility.news\/wp-content\/uploads\/2026\/06\/Untitled66-2.png?fit=1782%2C1512&ssl=1","_links":{"self":[{"href":"https:\/\/newmobility.news\/fr\/wp-json\/wp\/v2\/posts\/188269","targetHints":{"allow":["GET"]}}],"collection":[{"href":"https:\/\/newmobility.news\/fr\/wp-json\/wp\/v2\/posts"}],"about":[{"href":"https:\/\/newmobility.news\/fr\/wp-json\/wp\/v2\/types\/post"}],"author":[{"embeddable":true,"href":"https:\/\/newmobility.news\/fr\/wp-json\/wp\/v2\/users\/164"}],"replies":[{"embeddable":true,"href":"https:\/\/newmobility.news\/fr\/wp-json\/wp\/v2\/comments?post=188269"}],"version-history":[{"count":10,"href":"https:\/\/newmobility.news\/fr\/wp-json\/wp\/v2\/posts\/188269\/revisions"}],"predecessor-version":[{"id":188331,"href":"https:\/\/newmobility.news\/fr\/wp-json\/wp\/v2\/posts\/188269\/revisions\/188331"}],"wp:featuredmedia":[{"embeddable":true,"href":"https:\/\/newmobility.news\/fr\/wp-json\/wp\/v2\/media\/188312"}],"wp:attachment":[{"href":"https:\/\/newmobility.news\/fr\/wp-json\/wp\/v2\/media?parent=188269"}],"wp:term":[{"taxonomy":"category","embeddable":true,"href":"https:\/\/newmobility.news\/fr\/wp-json\/wp\/v2\/categories?post=188269"},{"taxonomy":"post_tag","embeddable":true,"href":"https:\/\/newmobility.news\/fr\/wp-json\/wp\/v2\/tags?post=188269"}],"curies":[{"name":"wp","href":"https:\/\/api.w.org\/{rel}","templated":true}]}}