{"id":188281,"date":"2026-06-22T11:15:33","date_gmt":"2026-06-22T09:15:33","guid":{"rendered":"https:\/\/newmobility.news\/?p=188281"},"modified":"2026-06-22T10:59:05","modified_gmt":"2026-06-22T08:59:05","slug":"europe-on-final-straight-line-for-tariffs-on-phevs-made-in-china","status":"publish","type":"post","link":"https:\/\/newmobility.news\/fr\/2026\/06\/22\/europe-on-final-straight-line-for-tariffs-on-phevs-made-in-china\/","title":{"rendered":"L'Europe dans la derni\u00e8re ligne droite concernant les droits de douane sur les v\u00e9hicules hybrides rechargeables fabriqu\u00e9s en Chine"},"content":{"rendered":"Selon le journal allemand *Handelsblatt*, la Commission europ\u00e9enne a finalis\u00e9 une proposition visant \u00e0 instaurer des droits de douane punitifs sur les hybrides rechargeables fabriqu\u00e9s en Chine.\n\nCes mod\u00e8les grand public pourraient conna\u00eetre un sort similaire \u00e0 celui de leurs homologues \u00e0 motorisation enti\u00e8rement \u00e9lectrique. Les taux appliqu\u00e9s seraient toutefois moins \u00e9lev\u00e9s.<div class=\"leaky_paywall_message_wrap\"><div id=\"leaky_paywall_message\">Ce contenu a \u00e9t\u00e9 archiv\u00e9. <a href=\"https:\/\/newmobility.news\/fr\/subscription\/\">Connectez-vous ou inscrivez-vous<\/a> \u00e0 un niveau qui donne acc\u00e8s au contenu archiv\u00e9.<\/div><\/div>","protected":false},"excerpt":{"rendered":"<p>According to German newspaper Handelsblatt, the European Commission has finalized a proposal for punitive tariffs on plug-in hybrids made in China. These bread-and-butter models could face a similar fate to their counterparts with full-electric drivelines. However, the percentages would be lower.This content has been archived. Log in or Subscribe to a level that has access [&hellip;]<\/p>\n","protected":false},"author":715,"featured_media":188283,"comment_status":"closed","ping_status":"closed","sticky":false,"template":"","format":"standard","meta":{"_acf_changed":false,"_jetpack_newsletter_access":"","_jetpack_dont_email_post_to_subs":false,"_jetpack_newsletter_tier_id":0,"_jetpack_memberships_contains_paywalled_content":false,"_jetpack_feature_clip_id":0,"_jetpack_memberships_contains_paid_content":false,"footnotes":"","jetpack_publicize_message":"{title}\r\n\r\n{excerpt}\r\n\r\n{url}","jetpack_publicize_feature_enabled":true,"jetpack_social_post_already_shared":true,"jetpack_social_options":{"image_generator_settings":{"template":"highway","default_image_id":0,"font":"","enabled":false},"version":2},"_wpas_customize_per_network":false,"jetpack_post_was_ever_published":false},"categories":[77160,28,16,77169,6,4],"tags":[],"class_list":["post-188281","post","type-post","status-publish","format-standard","has-post-thumbnail","hentry","category-china","category-europe","category-industry","category-market","category-technology","category-top-stories-today"],"acf":[],"featured_image_urls_v2":{"full":["https:\/\/i0.wp.com\/newmobility.news\/wp-content\/uploads\/2026\/06\/Xi-jinping-vonderleyen.jpeg?fit=1196%2C673&ssl=1",1196,673,false],"thumbnail":["https:\/\/i0.wp.com\/newmobility.news\/wp-content\/uploads\/2026\/06\/Xi-jinping-vonderleyen.jpeg?resize=150%2C150&ssl=1",150,150,true],"medium":["https:\/\/i0.wp.com\/newmobility.news\/wp-content\/uploads\/2026\/06\/Xi-jinping-vonderleyen.jpeg?fit=300%2C169&ssl=1",300,169,true],"medium_large":["https:\/\/i0.wp.com\/newmobility.news\/wp-content\/uploads\/2026\/06\/Xi-jinping-vonderleyen.jpeg?fit=640%2C360&ssl=1",640,360,true],"large":["https:\/\/i0.wp.com\/newmobility.news\/wp-content\/uploads\/2026\/06\/Xi-jinping-vonderleyen.jpeg?fit=640%2C360&ssl=1",640,360,true],"1536x1536":["https:\/\/i0.wp.com\/newmobility.news\/wp-content\/uploads\/2026\/06\/Xi-jinping-vonderleyen.jpeg?fit=1196%2C673&ssl=1",1196,673,true],"2048x2048":["https:\/\/i0.wp.com\/newmobility.news\/wp-content\/uploads\/2026\/06\/Xi-jinping-vonderleyen.jpeg?fit=1196%2C673&ssl=1",1196,673,true],"trp-custom-language-flag":["https:\/\/i0.wp.com\/newmobility.news\/wp-content\/uploads\/2026\/06\/Xi-jinping-vonderleyen.jpeg?fit=18%2C10&ssl=1",18,10,true],"related-thumb":["https:\/\/i0.wp.com\/newmobility.news\/wp-content\/uploads\/2026\/06\/Xi-jinping-vonderleyen.jpeg?resize=640%2C480&ssl=1",640,480,true],"gform-image-choice-sm":["https:\/\/i0.wp.com\/newmobility.news\/wp-content\/uploads\/2026\/06\/Xi-jinping-vonderleyen.jpeg?resize=300%2C300&ssl=1",300,300,true],"gform-image-choice-md":["https:\/\/i0.wp.com\/newmobility.news\/wp-content\/uploads\/2026\/06\/Xi-jinping-vonderleyen.jpeg?resize=400%2C400&ssl=1",400,400,true],"gform-image-choice-lg":["https:\/\/i0.wp.com\/newmobility.news\/wp-content\/uploads\/2026\/06\/Xi-jinping-vonderleyen.jpeg?resize=600%2C600&ssl=1",600,600,true],"mailchimp":["https:\/\/i0.wp.com\/newmobility.news\/wp-content\/uploads\/2026\/06\/Xi-jinping-vonderleyen.jpeg?fit=560%2C315&ssl=1",560,315,true],"unipress-phone":["https:\/\/i0.wp.com\/newmobility.news\/wp-content\/uploads\/2026\/06\/Xi-jinping-vonderleyen.jpeg?resize=640%2C100&ssl=1",640,100,true],"unipress-tablet":["https:\/\/i0.wp.com\/newmobility.news\/wp-content\/uploads\/2026\/06\/Xi-jinping-vonderleyen.jpeg?resize=1196%2C240&ssl=1",1196,240,true],"unipress-tablet-portrait":["https:\/\/i0.wp.com\/newmobility.news\/wp-content\/uploads\/2026\/06\/Xi-jinping-vonderleyen.jpeg?resize=1196%2C180&ssl=1",1196,180,true],"unipress-tablet-landscape":["https:\/\/i0.wp.com\/newmobility.news\/wp-content\/uploads\/2026\/06\/Xi-jinping-vonderleyen.jpeg?resize=1196%2C180&ssl=1",1196,180,true],"unipress-smartphone":["https:\/\/i0.wp.com\/newmobility.news\/wp-content\/uploads\/2026\/06\/Xi-jinping-vonderleyen.jpeg?resize=1080%2C168&ssl=1",1080,168,true],"unipress-wide-screen":["https:\/\/i0.wp.com\/newmobility.news\/wp-content\/uploads\/2026\/06\/Xi-jinping-vonderleyen.jpeg?resize=1196%2C180&ssl=1",1196,180,true]},"post_excerpt_stackable_v2":"<p>According to German newspaper Handelsblatt, the European Commission has finalized a proposal for punitive tariffs on plug-in hybrids made in China. These bread-and-butter models could face a similar fate to their counterparts with full-electric drivelines. However, the percentages would be lower.This content has been archived. Log in or Subscribe to a level that has access to archived content.<\/p>\n","category_list_v2":"<a href=\"https:\/\/newmobility.news\/fr\/category\/china\/\" rel=\"category tag\">China<\/a>, <a href=\"https:\/\/newmobility.news\/fr\/category\/europe\/\" rel=\"category tag\">Europe<\/a>, <a href=\"https:\/\/newmobility.news\/fr\/category\/industry\/\" rel=\"category tag\">Industry<\/a>, <a href=\"https:\/\/newmobility.news\/fr\/category\/market\/\" rel=\"category tag\">Market<\/a>, <a href=\"https:\/\/newmobility.news\/fr\/category\/technology\/\" rel=\"category tag\">Technology<\/a>, <a href=\"https:\/\/newmobility.news\/fr\/category\/top-stories-today\/\" rel=\"category tag\">Top Stories Today<\/a>","author_info_v2":{"name":"Piet Andries","url":"https:\/\/newmobility.news\/fr\/author\/piet-andriesgmail-com\/"},"comments_num_v2":"0 comments","yoast_head":"<!-- This site is optimized with the Yoast SEO plugin v28.4 - https:\/\/yoast.com\/product\/yoast-seo-wordpress\/ -->\n<title>Europe on final straight-line for tariffs on PHEVs made in China - newmobility.news<\/title>\n<meta name=\"robots\" content=\"index, follow, max-snippet:-1, max-image-preview:large, max-video-preview:-1\" \/>\n<link rel=\"canonical\" href=\"https:\/\/newmobility.news\/fr\/2026\/06\/22\/europe-on-final-straight-line-for-tariffs-on-phevs-made-in-china\/\" \/>\n<meta property=\"og:locale\" content=\"fr_FR\" \/>\n<meta property=\"og:type\" content=\"article\" \/>\n<meta property=\"og:title\" content=\"Europe on final straight-line for tariffs on PHEVs made in China - newmobility.news\" \/>\n<meta property=\"og:description\" content=\"According to German newspaper Handelsblatt, the European Commission has finalized a proposal for punitive tariffs on plug-in hybrids made in China. These bread-and-butter models could face a similar fate to their counterparts with full-electric drivelines. However, the percentages would be lower.This content has been archived. Log in or Subscribe to a level that has access [&hellip;]\" \/>\n<meta property=\"og:url\" content=\"https:\/\/newmobility.news\/fr\/2026\/06\/22\/europe-on-final-straight-line-for-tariffs-on-phevs-made-in-china\/\" \/>\n<meta property=\"og:site_name\" content=\"newmobility.news\" \/>\n<meta property=\"article:publisher\" content=\"https:\/\/www.facebook.com\/search\/top\/?q=newmobility.news\" \/>\n<meta property=\"article:published_time\" content=\"2026-06-22T09:15:33+00:00\" \/>\n<meta property=\"og:image\" content=\"https:\/\/i0.wp.com\/newmobility.news\/wp-content\/uploads\/2026\/06\/Xi-jinping-vonderleyen.jpeg?fit=1196%2C673&ssl=1\" \/>\n\t<meta property=\"og:image:width\" content=\"1196\" \/>\n\t<meta property=\"og:image:height\" content=\"673\" \/>\n\t<meta property=\"og:image:type\" content=\"image\/jpeg\" \/>\n<meta name=\"author\" content=\"Piet Andries\" \/>\n<meta name=\"twitter:card\" content=\"summary_large_image\" \/>\n<meta name=\"twitter:creator\" content=\"@jorisvry\" \/>\n<meta name=\"twitter:site\" content=\"@jorisvry\" \/>\n<meta name=\"twitter:label1\" content=\"\u00c9crit par\" \/>\n\t<meta name=\"twitter:data1\" content=\"Piet Andries\" \/>\n\t<meta name=\"twitter:label2\" content=\"Dur\u00e9e de lecture est.\" \/>\n\t<meta name=\"twitter:data2\" content=\"3 minutes\" \/>\n<script type=\"application\/ld+json\" class=\"yoast-schema-graph\">{\"@context\":\"https:\\\/\\\/schema.org\",\"@graph\":[{\"@type\":\"Article\",\"@id\":\"https:\\\/\\\/newmobility.news\\\/2026\\\/06\\\/22\\\/europe-on-final-straight-line-for-tariffs-on-phevs-made-in-china\\\/#article\",\"isPartOf\":{\"@id\":\"https:\\\/\\\/newmobility.news\\\/2026\\\/06\\\/22\\\/europe-on-final-straight-line-for-tariffs-on-phevs-made-in-china\\\/\"},\"author\":{\"name\":\"Piet Andries\",\"@id\":\"https:\\\/\\\/newmobility.news\\\/#\\\/schema\\\/person\\\/a5b306e499388c9ea0a3a4f6704d7081\"},\"headline\":\"Europe on final straight-line for tariffs on PHEVs made in China\",\"datePublished\":\"2026-06-22T09:15:33+00:00\",\"mainEntityOfPage\":{\"@id\":\"https:\\\/\\\/newmobility.news\\\/2026\\\/06\\\/22\\\/europe-on-final-straight-line-for-tariffs-on-phevs-made-in-china\\\/\"},\"wordCount\":622,\"publisher\":{\"@id\":\"https:\\\/\\\/newmobility.news\\\/#organization\"},\"image\":{\"@id\":\"https:\\\/\\\/newmobility.news\\\/2026\\\/06\\\/22\\\/europe-on-final-straight-line-for-tariffs-on-phevs-made-in-china\\\/#primaryimage\"},\"thumbnailUrl\":\"https:\\\/\\\/i0.wp.com\\\/newmobility.news\\\/wp-content\\\/uploads\\\/2026\\\/06\\\/Xi-jinping-vonderleyen.jpeg?fit=1196%2C673&ssl=1\",\"articleSection\":[\"China\",\"Europe\",\"Industry\",\"Market\",\"Technology\",\"Top Stories Today\"],\"inLanguage\":\"fr-BE\"},{\"@type\":\"WebPage\",\"@id\":\"https:\\\/\\\/newmobility.news\\\/2026\\\/06\\\/22\\\/europe-on-final-straight-line-for-tariffs-on-phevs-made-in-china\\\/\",\"url\":\"https:\\\/\\\/newmobility.news\\\/2026\\\/06\\\/22\\\/europe-on-final-straight-line-for-tariffs-on-phevs-made-in-china\\\/\",\"name\":\"Europe on final straight-line for tariffs on PHEVs made in China - newmobility.news\",\"isPartOf\":{\"@id\":\"https:\\\/\\\/newmobility.news\\\/#website\"},\"primaryImageOfPage\":{\"@id\":\"https:\\\/\\\/newmobility.news\\\/2026\\\/06\\\/22\\\/europe-on-final-straight-line-for-tariffs-on-phevs-made-in-china\\\/#primaryimage\"},\"image\":{\"@id\":\"https:\\\/\\\/newmobility.news\\\/2026\\\/06\\\/22\\\/europe-on-final-straight-line-for-tariffs-on-phevs-made-in-china\\\/#primaryimage\"},\"thumbnailUrl\":\"https:\\\/\\\/i0.wp.com\\\/newmobility.news\\\/wp-content\\\/uploads\\\/2026\\\/06\\\/Xi-jinping-vonderleyen.jpeg?fit=1196%2C673&ssl=1\",\"datePublished\":\"2026-06-22T09:15:33+00:00\",\"breadcrumb\":{\"@id\":\"https:\\\/\\\/newmobility.news\\\/2026\\\/06\\\/22\\\/europe-on-final-straight-line-for-tariffs-on-phevs-made-in-china\\\/#breadcrumb\"},\"inLanguage\":\"fr-BE\",\"potentialAction\":[{\"@type\":\"ReadAction\",\"target\":[\"https:\\\/\\\/newmobility.news\\\/2026\\\/06\\\/22\\\/europe-on-final-straight-line-for-tariffs-on-phevs-made-in-china\\\/\"]}]},{\"@type\":\"ImageObject\",\"inLanguage\":\"fr-BE\",\"@id\":\"https:\\\/\\\/newmobility.news\\\/2026\\\/06\\\/22\\\/europe-on-final-straight-line-for-tariffs-on-phevs-made-in-china\\\/#primaryimage\",\"url\":\"https:\\\/\\\/i0.wp.com\\\/newmobility.news\\\/wp-content\\\/uploads\\\/2026\\\/06\\\/Xi-jinping-vonderleyen.jpeg?fit=1196%2C673&ssl=1\",\"contentUrl\":\"https:\\\/\\\/i0.wp.com\\\/newmobility.news\\\/wp-content\\\/uploads\\\/2026\\\/06\\\/Xi-jinping-vonderleyen.jpeg?fit=1196%2C673&ssl=1\",\"width\":1196,\"height\":673,\"caption\":\"The timing is no coincidence. Further measures againts China are needed as the trade deficit with the EU widens \\\/EU Commission\"},{\"@type\":\"BreadcrumbList\",\"@id\":\"https:\\\/\\\/newmobility.news\\\/2026\\\/06\\\/22\\\/europe-on-final-straight-line-for-tariffs-on-phevs-made-in-china\\\/#breadcrumb\",\"itemListElement\":[{\"@type\":\"ListItem\",\"position\":1,\"name\":\"Home\",\"item\":\"https:\\\/\\\/newmobility.news\\\/\"},{\"@type\":\"ListItem\",\"position\":2,\"name\":\"Europe on final straight-line for tariffs on PHEVs made in China\"}]},{\"@type\":\"WebSite\",\"@id\":\"https:\\\/\\\/newmobility.news\\\/#website\",\"url\":\"https:\\\/\\\/newmobility.news\\\/\",\"name\":\"newmobility.news\",\"description\":\"A B2BNews Agency\u00ae news service for mobility business proessional\",\"publisher\":{\"@id\":\"https:\\\/\\\/newmobility.news\\\/#organization\"},\"potentialAction\":[{\"@type\":\"SearchAction\",\"target\":{\"@type\":\"EntryPoint\",\"urlTemplate\":\"https:\\\/\\\/newmobility.news\\\/?s={search_term_string}\"},\"query-input\":{\"@type\":\"PropertyValueSpecification\",\"valueRequired\":true,\"valueName\":\"search_term_string\"}}],\"inLanguage\":\"fr-BE\"},{\"@type\":\"Organization\",\"@id\":\"https:\\\/\\\/newmobility.news\\\/#organization\",\"name\":\"B2BNews Agency\",\"url\":\"https:\\\/\\\/newmobility.news\\\/\",\"logo\":{\"@type\":\"ImageObject\",\"inLanguage\":\"fr-BE\",\"@id\":\"https:\\\/\\\/newmobility.news\\\/#\\\/schema\\\/logo\\\/image\\\/\",\"url\":\"https:\\\/\\\/newmobility.news\\\/wp-content\\\/uploads\\\/2018\\\/01\\\/b2bnews-agency-logo.png\",\"contentUrl\":\"https:\\\/\\\/newmobility.news\\\/wp-content\\\/uploads\\\/2018\\\/01\\\/b2bnews-agency-logo.png\",\"width\":\"581\",\"height\":\"117\",\"caption\":\"B2BNews Agency\"},\"image\":{\"@id\":\"https:\\\/\\\/newmobility.news\\\/#\\\/schema\\\/logo\\\/image\\\/\"},\"sameAs\":[\"https:\\\/\\\/www.facebook.com\\\/search\\\/top\\\/?q=newmobility.news\",\"https:\\\/\\\/x.com\\\/jorisvry\",\"https:\\\/\\\/www.linkedin.com\\\/in\\\/jorisvanroy\\\/\",\"https:\\\/\\\/nl.pinterest.com\\\/jorisvanroy\\\/\"]},{\"@type\":\"Person\",\"@id\":\"https:\\\/\\\/newmobility.news\\\/#\\\/schema\\\/person\\\/a5b306e499388c9ea0a3a4f6704d7081\",\"name\":\"Piet Andries\",\"image\":{\"@type\":\"ImageObject\",\"inLanguage\":\"fr-BE\",\"@id\":\"https:\\\/\\\/secure.gravatar.com\\\/avatar\\\/c7ec64b5aa2f5a96b3ea5ca5b828a30d1b3e6e74b21e2f3e71ba86eea80553d4?s=96&d=mm&r=g\",\"url\":\"https:\\\/\\\/secure.gravatar.com\\\/avatar\\\/c7ec64b5aa2f5a96b3ea5ca5b828a30d1b3e6e74b21e2f3e71ba86eea80553d4?s=96&d=mm&r=g\",\"contentUrl\":\"https:\\\/\\\/secure.gravatar.com\\\/avatar\\\/c7ec64b5aa2f5a96b3ea5ca5b828a30d1b3e6e74b21e2f3e71ba86eea80553d4?s=96&d=mm&r=g\",\"caption\":\"Piet Andries\"},\"url\":\"https:\\\/\\\/newmobility.news\\\/fr\\\/author\\\/piet-andriesgmail-com\\\/\"}]}<\/script>\n<!-- \/ Yoast SEO plugin. -->","yoast_head_json":{"title":"L'Europe dans la derni\u00e8re ligne droite concernant les droits de douane sur les v\u00e9hicules hybrides rechargeables fabriqu\u00e9s en Chine - newmobility.news","robots":{"index":"index","follow":"follow","max-snippet":"max-snippet:-1","max-image-preview":"max-image-preview:large","max-video-preview":"max-video-preview:-1"},"canonical":"https:\/\/newmobility.news\/fr\/2026\/06\/22\/europe-on-final-straight-line-for-tariffs-on-phevs-made-in-china\/","og_locale":"fr_FR","og_type":"article","og_title":"Europe on final straight-line for tariffs on PHEVs made in China - newmobility.news","og_description":"According to German newspaper Handelsblatt, the European Commission has finalized a proposal for punitive tariffs on plug-in hybrids made in China. These bread-and-butter models could face a similar fate to their counterparts with full-electric drivelines. However, the percentages would be lower.This content has been archived. Log in or Subscribe to a level that has access [&hellip;]","og_url":"https:\/\/newmobility.news\/fr\/2026\/06\/22\/europe-on-final-straight-line-for-tariffs-on-phevs-made-in-china\/","og_site_name":"newmobility.news","article_publisher":"https:\/\/www.facebook.com\/search\/top\/?q=newmobility.news","article_published_time":"2026-06-22T09:15:33+00:00","og_image":[{"width":1196,"height":673,"url":"https:\/\/i0.wp.com\/newmobility.news\/wp-content\/uploads\/2026\/06\/Xi-jinping-vonderleyen.jpeg?fit=1196%2C673&ssl=1","type":"image\/jpeg"}],"author":"Piet Andries","twitter_card":"summary_large_image","twitter_creator":"@jorisvry","twitter_site":"@jorisvry","twitter_misc":{"\u00c9crit par":"Piet Andries","Dur\u00e9e de lecture est.":"3 minutes"},"schema":{"@context":"https:\/\/schema.org","@graph":[{"@type":"Article","@id":"https:\/\/newmobility.news\/2026\/06\/22\/europe-on-final-straight-line-for-tariffs-on-phevs-made-in-china\/#article","isPartOf":{"@id":"https:\/\/newmobility.news\/2026\/06\/22\/europe-on-final-straight-line-for-tariffs-on-phevs-made-in-china\/"},"author":{"name":"Piet Andries","@id":"https:\/\/newmobility.news\/#\/schema\/person\/a5b306e499388c9ea0a3a4f6704d7081"},"headline":"Europe on final straight-line for tariffs on PHEVs made in China","datePublished":"2026-06-22T09:15:33+00:00","mainEntityOfPage":{"@id":"https:\/\/newmobility.news\/2026\/06\/22\/europe-on-final-straight-line-for-tariffs-on-phevs-made-in-china\/"},"wordCount":622,"publisher":{"@id":"https:\/\/newmobility.news\/#organization"},"image":{"@id":"https:\/\/newmobility.news\/2026\/06\/22\/europe-on-final-straight-line-for-tariffs-on-phevs-made-in-china\/#primaryimage"},"thumbnailUrl":"https:\/\/i0.wp.com\/newmobility.news\/wp-content\/uploads\/2026\/06\/Xi-jinping-vonderleyen.jpeg?fit=1196%2C673&ssl=1","articleSection":["China","Europe","Industry","Market","Technology","Top Stories Today"],"inLanguage":"fr-BE"},{"@type":"WebPage","@id":"https:\/\/newmobility.news\/2026\/06\/22\/europe-on-final-straight-line-for-tariffs-on-phevs-made-in-china\/","url":"https:\/\/newmobility.news\/2026\/06\/22\/europe-on-final-straight-line-for-tariffs-on-phevs-made-in-china\/","name":"L'Europe dans la derni\u00e8re ligne droite concernant les droits de douane sur les v\u00e9hicules hybrides rechargeables fabriqu\u00e9s en Chine - newmobility.news","isPartOf":{"@id":"https:\/\/newmobility.news\/#website"},"primaryImageOfPage":{"@id":"https:\/\/newmobility.news\/2026\/06\/22\/europe-on-final-straight-line-for-tariffs-on-phevs-made-in-china\/#primaryimage"},"image":{"@id":"https:\/\/newmobility.news\/2026\/06\/22\/europe-on-final-straight-line-for-tariffs-on-phevs-made-in-china\/#primaryimage"},"thumbnailUrl":"https:\/\/i0.wp.com\/newmobility.news\/wp-content\/uploads\/2026\/06\/Xi-jinping-vonderleyen.jpeg?fit=1196%2C673&ssl=1","datePublished":"2026-06-22T09:15:33+00:00","breadcrumb":{"@id":"https:\/\/newmobility.news\/2026\/06\/22\/europe-on-final-straight-line-for-tariffs-on-phevs-made-in-china\/#breadcrumb"},"inLanguage":"fr-BE","potentialAction":[{"@type":"ReadAction","target":["https:\/\/newmobility.news\/2026\/06\/22\/europe-on-final-straight-line-for-tariffs-on-phevs-made-in-china\/"]}]},{"@type":"ImageObject","inLanguage":"fr-BE","@id":"https:\/\/newmobility.news\/2026\/06\/22\/europe-on-final-straight-line-for-tariffs-on-phevs-made-in-china\/#primaryimage","url":"https:\/\/i0.wp.com\/newmobility.news\/wp-content\/uploads\/2026\/06\/Xi-jinping-vonderleyen.jpeg?fit=1196%2C673&ssl=1","contentUrl":"https:\/\/i0.wp.com\/newmobility.news\/wp-content\/uploads\/2026\/06\/Xi-jinping-vonderleyen.jpeg?fit=1196%2C673&ssl=1","width":1196,"height":673,"caption":"The timing is no coincidence. Further measures againts China are needed as the trade deficit with the EU widens \/EU Commission"},{"@type":"BreadcrumbList","@id":"https:\/\/newmobility.news\/2026\/06\/22\/europe-on-final-straight-line-for-tariffs-on-phevs-made-in-china\/#breadcrumb","itemListElement":[{"@type":"ListItem","position":1,"name":"Home","item":"https:\/\/newmobility.news\/"},{"@type":"ListItem","position":2,"name":"Europe on final straight-line for tariffs on PHEVs made in China"}]},{"@type":"WebSite","@id":"https:\/\/newmobility.news\/#website","url":"https:\/\/newmobility.news\/","name":"nouveaumobilit\u00e9.actualit\u00e9s","description":"Un service d'information B2BNews Agency\u00ae destin\u00e9 aux professionnels de la mobilit\u00e9","publisher":{"@id":"https:\/\/newmobility.news\/#organization"},"potentialAction":[{"@type":"SearchAction","target":{"@type":"EntryPoint","urlTemplate":"https:\/\/newmobility.news\/?s={search_term_string}"},"query-input":{"@type":"PropertyValueSpecification","valueRequired":true,"valueName":"search_term_string"}}],"inLanguage":"fr-BE"},{"@type":"Organization","@id":"https:\/\/newmobility.news\/#organization","name":"Agence de presse B2BNews","url":"https:\/\/newmobility.news\/","logo":{"@type":"ImageObject","inLanguage":"fr-BE","@id":"https:\/\/newmobility.news\/#\/schema\/logo\/image\/","url":"https:\/\/newmobility.news\/wp-content\/uploads\/2018\/01\/b2bnews-agency-logo.png","contentUrl":"https:\/\/newmobility.news\/wp-content\/uploads\/2018\/01\/b2bnews-agency-logo.png","width":"581","height":"117","caption":"B2BNews Agency"},"image":{"@id":"https:\/\/newmobility.news\/#\/schema\/logo\/image\/"},"sameAs":["https:\/\/www.facebook.com\/search\/top\/?q=newmobility.news","https:\/\/x.com\/jorisvry","https:\/\/www.linkedin.com\/in\/jorisvanroy\/","https:\/\/nl.pinterest.com\/jorisvanroy\/"]},{"@type":"Person","@id":"https:\/\/newmobility.news\/#\/schema\/person\/a5b306e499388c9ea0a3a4f6704d7081","name":"Piet Andries","image":{"@type":"ImageObject","inLanguage":"fr-BE","@id":"https:\/\/secure.gravatar.com\/avatar\/c7ec64b5aa2f5a96b3ea5ca5b828a30d1b3e6e74b21e2f3e71ba86eea80553d4?s=96&d=mm&r=g","url":"https:\/\/secure.gravatar.com\/avatar\/c7ec64b5aa2f5a96b3ea5ca5b828a30d1b3e6e74b21e2f3e71ba86eea80553d4?s=96&d=mm&r=g","contentUrl":"https:\/\/secure.gravatar.com\/avatar\/c7ec64b5aa2f5a96b3ea5ca5b828a30d1b3e6e74b21e2f3e71ba86eea80553d4?s=96&d=mm&r=g","caption":"Piet Andries"},"url":"https:\/\/newmobility.news\/fr\/author\/piet-andriesgmail-com\/"}]}},"jetpack_publicize_connections":[],"jetpack_shortlink":"https:\/\/wp.me\/p9wJdU-MYN","jetpack_sharing_enabled":true,"jetpack_likes_enabled":true,"jetpack-related-posts":[],"jetpack_featured_media_url":"https:\/\/i0.wp.com\/newmobility.news\/wp-content\/uploads\/2026\/06\/Xi-jinping-vonderleyen.jpeg?fit=1196%2C673&ssl=1","_links":{"self":[{"href":"https:\/\/newmobility.news\/fr\/wp-json\/wp\/v2\/posts\/188281","targetHints":{"allow":["GET"]}}],"collection":[{"href":"https:\/\/newmobility.news\/fr\/wp-json\/wp\/v2\/posts"}],"about":[{"href":"https:\/\/newmobility.news\/fr\/wp-json\/wp\/v2\/types\/post"}],"author":[{"embeddable":true,"href":"https:\/\/newmobility.news\/fr\/wp-json\/wp\/v2\/users\/715"}],"replies":[{"embeddable":true,"href":"https:\/\/newmobility.news\/fr\/wp-json\/wp\/v2\/comments?post=188281"}],"version-history":[{"count":4,"href":"https:\/\/newmobility.news\/fr\/wp-json\/wp\/v2\/posts\/188281\/revisions"}],"predecessor-version":[{"id":188326,"href":"https:\/\/newmobility.news\/fr\/wp-json\/wp\/v2\/posts\/188281\/revisions\/188326"}],"wp:featuredmedia":[{"embeddable":true,"href":"https:\/\/newmobility.news\/fr\/wp-json\/wp\/v2\/media\/188283"}],"wp:attachment":[{"href":"https:\/\/newmobility.news\/fr\/wp-json\/wp\/v2\/media?parent=188281"}],"wp:term":[{"taxonomy":"category","embeddable":true,"href":"https:\/\/newmobility.news\/fr\/wp-json\/wp\/v2\/categories?post=188281"},{"taxonomy":"post_tag","embeddable":true,"href":"https:\/\/newmobility.news\/fr\/wp-json\/wp\/v2\/tags?post=188281"}],"curies":[{"name":"wp","href":"https:\/\/api.w.org\/{rel}","templated":true}]}}