{"id":188288,"date":"2026-06-22T12:20:54","date_gmt":"2026-06-22T10:20:54","guid":{"rendered":"https:\/\/newmobility.news\/?p=188288"},"modified":"2026-06-22T12:14:39","modified_gmt":"2026-06-22T10:14:39","slug":"eeb-heatwaves-fuel-dangerous-smog-across-europe","status":"publish","type":"post","link":"https:\/\/newmobility.news\/fr\/2026\/06\/22\/eeb-heatwaves-fuel-dangerous-smog-across-europe\/","title":{"rendered":"EEB : \u2018 Les vagues de chaleur alimentent un smog dangereux dans toute l'Europe \u2019"},"content":{"rendered":"Certaines r\u00e9gions d'Europe sont touch\u00e9es par une grave vague de chaleur. Plusieurs pays subissent actuellement la deuxi\u00e8me vague de chaleur de l'ann\u00e9e, ce qui entra\u00eene des pics dangereux de pollution par l'ozone troposph\u00e9rique, avec des cons\u00e9quences d\u00e9vastatrices pour la sant\u00e9 humaine et l'environnement, met en garde le Bureau europ\u00e9en de l'environnement (BEE), Eu<div class=\"leaky_paywall_message_wrap\"><div id=\"leaky_paywall_message\">Ce contenu a \u00e9t\u00e9 archiv\u00e9. <a href=\"https:\/\/newmobility.news\/fr\/subscription\/\">Connectez-vous ou inscrivez-vous<\/a> \u00e0 un niveau qui donne acc\u00e8s au contenu archiv\u00e9.<\/div><\/div>","protected":false},"excerpt":{"rendered":"<p>Parts of Europe are experiencing a severe heatwave. Several countries are suffering through the second heatwave of the year, leading to dangerous spikes in ground-level ozone pollution with devastating consequences for human and environmental health, warns the European Environmental Bureau (EEB), EuThis content has been archived. Log in or Subscribe to a level that has [&hellip;]<\/p>\n","protected":false},"author":175,"featured_media":188320,"comment_status":"closed","ping_status":"closed","sticky":false,"template":"","format":"standard","meta":{"_acf_changed":false,"_jetpack_newsletter_access":"","_jetpack_dont_email_post_to_subs":false,"_jetpack_newsletter_tier_id":0,"_jetpack_memberships_contains_paywalled_content":false,"_jetpack_feature_clip_id":0,"_jetpack_memberships_contains_paid_content":false,"footnotes":"","jetpack_publicize_message":"{title}\r\n\r\n{excerpt}\r\n\r\n{url}","jetpack_publicize_feature_enabled":true,"jetpack_social_post_already_shared":true,"jetpack_social_options":{"image_generator_settings":{"template":"highway","default_image_id":0,"font":"","enabled":false},"version":2},"_wpas_customize_per_network":false,"jetpack_post_was_ever_published":false},"categories":[14496,29,51851,16,7,4,61],"tags":[],"class_list":["post-188288","post","type-post","status-publish","format-standard","has-post-thumbnail","hentry","category-climate","category-environment","category-health","category-industry","category-mobility","category-top-stories-today","category-transport"],"acf":[],"featured_image_urls_v2":{"full":["https:\/\/i0.wp.com\/newmobility.news\/wp-content\/uploads\/2026\/06\/Scherm%C2%ADafbeelding-2026-06-22-om-11.51.23.png?fit=723%2C532&ssl=1",723,532,false],"thumbnail":["https:\/\/i0.wp.com\/newmobility.news\/wp-content\/uploads\/2026\/06\/Scherm%C2%ADafbeelding-2026-06-22-om-11.51.23.png?resize=150%2C150&ssl=1",150,150,true],"medium":["https:\/\/i0.wp.com\/newmobility.news\/wp-content\/uploads\/2026\/06\/Scherm%C2%ADafbeelding-2026-06-22-om-11.51.23.png?fit=300%2C221&ssl=1",300,221,true],"medium_large":["https:\/\/i0.wp.com\/newmobility.news\/wp-content\/uploads\/2026\/06\/Scherm%C2%ADafbeelding-2026-06-22-om-11.51.23.png?fit=640%2C471&ssl=1",640,471,true],"large":["https:\/\/i0.wp.com\/newmobility.news\/wp-content\/uploads\/2026\/06\/Scherm%C2%ADafbeelding-2026-06-22-om-11.51.23.png?fit=640%2C471&ssl=1",640,471,true],"1536x1536":["https:\/\/i0.wp.com\/newmobility.news\/wp-content\/uploads\/2026\/06\/Scherm%C2%ADafbeelding-2026-06-22-om-11.51.23.png?fit=723%2C532&ssl=1",723,532,true],"2048x2048":["https:\/\/i0.wp.com\/newmobility.news\/wp-content\/uploads\/2026\/06\/Scherm%C2%ADafbeelding-2026-06-22-om-11.51.23.png?fit=723%2C532&ssl=1",723,532,true],"trp-custom-language-flag":["https:\/\/i0.wp.com\/newmobility.news\/wp-content\/uploads\/2026\/06\/Scherm%C2%ADafbeelding-2026-06-22-om-11.51.23.png?fit=16%2C12&ssl=1",16,12,true],"related-thumb":["https:\/\/i0.wp.com\/newmobility.news\/wp-content\/uploads\/2026\/06\/Scherm%C2%ADafbeelding-2026-06-22-om-11.51.23.png?resize=640%2C480&ssl=1",640,480,true],"gform-image-choice-sm":["https:\/\/i0.wp.com\/newmobility.news\/wp-content\/uploads\/2026\/06\/Scherm%C2%ADafbeelding-2026-06-22-om-11.51.23.png?resize=300%2C300&ssl=1",300,300,true],"gform-image-choice-md":["https:\/\/i0.wp.com\/newmobility.news\/wp-content\/uploads\/2026\/06\/Scherm%C2%ADafbeelding-2026-06-22-om-11.51.23.png?resize=400%2C400&ssl=1",400,400,true],"gform-image-choice-lg":["https:\/\/i0.wp.com\/newmobility.news\/wp-content\/uploads\/2026\/06\/Scherm%C2%ADafbeelding-2026-06-22-om-11.51.23.png?resize=600%2C532&ssl=1",600,532,true],"mailchimp":["https:\/\/i0.wp.com\/newmobility.news\/wp-content\/uploads\/2026\/06\/Scherm%C2%ADafbeelding-2026-06-22-om-11.51.23.png?fit=560%2C412&ssl=1",560,412,true],"unipress-phone":["https:\/\/i0.wp.com\/newmobility.news\/wp-content\/uploads\/2026\/06\/Scherm%C2%ADafbeelding-2026-06-22-om-11.51.23.png?resize=640%2C100&ssl=1",640,100,true],"unipress-tablet":["https:\/\/i0.wp.com\/newmobility.news\/wp-content\/uploads\/2026\/06\/Scherm%C2%ADafbeelding-2026-06-22-om-11.51.23.png?resize=723%2C240&ssl=1",723,240,true],"unipress-tablet-portrait":["https:\/\/i0.wp.com\/newmobility.news\/wp-content\/uploads\/2026\/06\/Scherm%C2%ADafbeelding-2026-06-22-om-11.51.23.png?resize=723%2C180&ssl=1",723,180,true],"unipress-tablet-landscape":["https:\/\/i0.wp.com\/newmobility.news\/wp-content\/uploads\/2026\/06\/Scherm%C2%ADafbeelding-2026-06-22-om-11.51.23.png?resize=723%2C180&ssl=1",723,180,true],"unipress-smartphone":["https:\/\/i0.wp.com\/newmobility.news\/wp-content\/uploads\/2026\/06\/Scherm%C2%ADafbeelding-2026-06-22-om-11.51.23.png?resize=723%2C168&ssl=1",723,168,true],"unipress-wide-screen":["https:\/\/i0.wp.com\/newmobility.news\/wp-content\/uploads\/2026\/06\/Scherm%C2%ADafbeelding-2026-06-22-om-11.51.23.png?resize=723%2C180&ssl=1",723,180,true]},"post_excerpt_stackable_v2":"<p>Parts of Europe are experiencing a severe heatwave. Several countries are suffering through the second heatwave of the year, leading to dangerous spikes in ground-level ozone pollution with devastating consequences for human and environmental health, warns the European Environmental Bureau (EEB), EuThis content has been archived. Log in or Subscribe to a level that has access to archived content.<\/p>\n","category_list_v2":"<a href=\"https:\/\/newmobility.news\/fr\/category\/climate\/\" rel=\"category tag\">Climate<\/a>, <a href=\"https:\/\/newmobility.news\/fr\/category\/environment\/\" rel=\"category tag\">Environment<\/a>, <a href=\"https:\/\/newmobility.news\/fr\/category\/health\/\" rel=\"category tag\">Health<\/a>, <a href=\"https:\/\/newmobility.news\/fr\/category\/industry\/\" rel=\"category tag\">Industry<\/a>, <a href=\"https:\/\/newmobility.news\/fr\/category\/mobility\/\" rel=\"category tag\">Mobility<\/a>, <a href=\"https:\/\/newmobility.news\/fr\/category\/top-stories-today\/\" rel=\"category tag\">Top Stories Today<\/a>, <a href=\"https:\/\/newmobility.news\/fr\/category\/transport\/\" rel=\"category tag\">Transport<\/a>","author_info_v2":{"name":"Hilde Van Raemdonck","url":"https:\/\/newmobility.news\/fr\/author\/hilde-van-raemdonck\/"},"comments_num_v2":"0 comments","yoast_head":"<!-- This site is optimized with the Yoast SEO plugin v28.4 - https:\/\/yoast.com\/product\/yoast-seo-wordpress\/ -->\n<title>EEB: &#039;Heatwaves fuel dangerous smog across Europe&#039; - newmobility.news<\/title>\n<meta name=\"robots\" content=\"index, follow, max-snippet:-1, max-image-preview:large, max-video-preview:-1\" \/>\n<link rel=\"canonical\" href=\"https:\/\/newmobility.news\/fr\/2026\/06\/22\/eeb-heatwaves-fuel-dangerous-smog-across-europe\/\" \/>\n<meta property=\"og:locale\" content=\"fr_FR\" \/>\n<meta property=\"og:type\" content=\"article\" \/>\n<meta property=\"og:title\" content=\"EEB: &#039;Heatwaves fuel dangerous smog across Europe&#039; - newmobility.news\" \/>\n<meta property=\"og:description\" content=\"Parts of Europe are experiencing a severe heatwave. Several countries are suffering through the second heatwave of the year, leading to dangerous spikes in ground-level ozone pollution with devastating consequences for human and environmental health, warns the European Environmental Bureau (EEB), EuThis content has been archived. Log in or Subscribe to a level that has [&hellip;]\" \/>\n<meta property=\"og:url\" content=\"https:\/\/newmobility.news\/fr\/2026\/06\/22\/eeb-heatwaves-fuel-dangerous-smog-across-europe\/\" \/>\n<meta property=\"og:site_name\" content=\"newmobility.news\" \/>\n<meta property=\"article:publisher\" content=\"https:\/\/www.facebook.com\/search\/top\/?q=newmobility.news\" \/>\n<meta property=\"article:published_time\" content=\"2026-06-22T10:20:54+00:00\" \/>\n<meta property=\"og:image\" content=\"https:\/\/i0.wp.com\/newmobility.news\/wp-content\/uploads\/2026\/06\/Scherm%C2%ADafbeelding-2026-06-22-om-11.51.23.png?fit=723%2C532&ssl=1\" \/>\n\t<meta property=\"og:image:width\" content=\"723\" \/>\n\t<meta property=\"og:image:height\" content=\"532\" \/>\n\t<meta property=\"og:image:type\" content=\"image\/png\" \/>\n<meta name=\"author\" content=\"Hilde Van Raemdonck\" \/>\n<meta name=\"twitter:card\" content=\"summary_large_image\" \/>\n<meta name=\"twitter:creator\" content=\"@jorisvry\" \/>\n<meta name=\"twitter:site\" content=\"@jorisvry\" \/>\n<meta name=\"twitter:label1\" content=\"\u00c9crit par\" \/>\n\t<meta name=\"twitter:data1\" content=\"Hilde Van Raemdonck\" \/>\n\t<meta name=\"twitter:label2\" content=\"Dur\u00e9e de lecture est.\" \/>\n\t<meta name=\"twitter:data2\" content=\"3 minutes\" \/>\n<script type=\"application\/ld+json\" class=\"yoast-schema-graph\">{\"@context\":\"https:\\\/\\\/schema.org\",\"@graph\":[{\"@type\":\"Article\",\"@id\":\"https:\\\/\\\/newmobility.news\\\/2026\\\/06\\\/22\\\/eeb-heatwaves-fuel-dangerous-smog-across-europe\\\/#article\",\"isPartOf\":{\"@id\":\"https:\\\/\\\/newmobility.news\\\/2026\\\/06\\\/22\\\/eeb-heatwaves-fuel-dangerous-smog-across-europe\\\/\"},\"author\":{\"name\":\"Hilde Van Raemdonck\",\"@id\":\"https:\\\/\\\/newmobility.news\\\/#\\\/schema\\\/person\\\/7540fd72a981bf6a315ba1b874c2a464\"},\"headline\":\"EEB: &#8216;Heatwaves fuel dangerous smog across Europe&#8217;\",\"datePublished\":\"2026-06-22T10:20:54+00:00\",\"mainEntityOfPage\":{\"@id\":\"https:\\\/\\\/newmobility.news\\\/2026\\\/06\\\/22\\\/eeb-heatwaves-fuel-dangerous-smog-across-europe\\\/\"},\"wordCount\":638,\"publisher\":{\"@id\":\"https:\\\/\\\/newmobility.news\\\/#organization\"},\"image\":{\"@id\":\"https:\\\/\\\/newmobility.news\\\/2026\\\/06\\\/22\\\/eeb-heatwaves-fuel-dangerous-smog-across-europe\\\/#primaryimage\"},\"thumbnailUrl\":\"https:\\\/\\\/i0.wp.com\\\/newmobility.news\\\/wp-content\\\/uploads\\\/2026\\\/06\\\/Scherm%C2%ADafbeelding-2026-06-22-om-11.51.23.png?fit=723%2C532&ssl=1\",\"articleSection\":[\"Climate\",\"Environment\",\"Health\",\"Industry\",\"Mobility\",\"Top Stories Today\",\"Transport\"],\"inLanguage\":\"fr-BE\"},{\"@type\":\"WebPage\",\"@id\":\"https:\\\/\\\/newmobility.news\\\/2026\\\/06\\\/22\\\/eeb-heatwaves-fuel-dangerous-smog-across-europe\\\/\",\"url\":\"https:\\\/\\\/newmobility.news\\\/2026\\\/06\\\/22\\\/eeb-heatwaves-fuel-dangerous-smog-across-europe\\\/\",\"name\":\"EEB: 'Heatwaves fuel dangerous smog across Europe' - newmobility.news\",\"isPartOf\":{\"@id\":\"https:\\\/\\\/newmobility.news\\\/#website\"},\"primaryImageOfPage\":{\"@id\":\"https:\\\/\\\/newmobility.news\\\/2026\\\/06\\\/22\\\/eeb-heatwaves-fuel-dangerous-smog-across-europe\\\/#primaryimage\"},\"image\":{\"@id\":\"https:\\\/\\\/newmobility.news\\\/2026\\\/06\\\/22\\\/eeb-heatwaves-fuel-dangerous-smog-across-europe\\\/#primaryimage\"},\"thumbnailUrl\":\"https:\\\/\\\/i0.wp.com\\\/newmobility.news\\\/wp-content\\\/uploads\\\/2026\\\/06\\\/Scherm%C2%ADafbeelding-2026-06-22-om-11.51.23.png?fit=723%2C532&ssl=1\",\"datePublished\":\"2026-06-22T10:20:54+00:00\",\"breadcrumb\":{\"@id\":\"https:\\\/\\\/newmobility.news\\\/2026\\\/06\\\/22\\\/eeb-heatwaves-fuel-dangerous-smog-across-europe\\\/#breadcrumb\"},\"inLanguage\":\"fr-BE\",\"potentialAction\":[{\"@type\":\"ReadAction\",\"target\":[\"https:\\\/\\\/newmobility.news\\\/2026\\\/06\\\/22\\\/eeb-heatwaves-fuel-dangerous-smog-across-europe\\\/\"]}]},{\"@type\":\"ImageObject\",\"inLanguage\":\"fr-BE\",\"@id\":\"https:\\\/\\\/newmobility.news\\\/2026\\\/06\\\/22\\\/eeb-heatwaves-fuel-dangerous-smog-across-europe\\\/#primaryimage\",\"url\":\"https:\\\/\\\/i0.wp.com\\\/newmobility.news\\\/wp-content\\\/uploads\\\/2026\\\/06\\\/Scherm%C2%ADafbeelding-2026-06-22-om-11.51.23.png?fit=723%2C532&ssl=1\",\"contentUrl\":\"https:\\\/\\\/i0.wp.com\\\/newmobility.news\\\/wp-content\\\/uploads\\\/2026\\\/06\\\/Scherm%C2%ADafbeelding-2026-06-22-om-11.51.23.png?fit=723%2C532&ssl=1\",\"width\":723,\"height\":532,\"caption\":\"In 2022, exposure to ozone pollution, driven largely by methane from industrial agriculture practices, led to an estimated 70,000 premature deaths, and \u20ac2 billion in crop losses across the EU. Europe becoming more frequent and intense due to climate change \\\/longfonds.nl\"},{\"@type\":\"BreadcrumbList\",\"@id\":\"https:\\\/\\\/newmobility.news\\\/2026\\\/06\\\/22\\\/eeb-heatwaves-fuel-dangerous-smog-across-europe\\\/#breadcrumb\",\"itemListElement\":[{\"@type\":\"ListItem\",\"position\":1,\"name\":\"Home\",\"item\":\"https:\\\/\\\/newmobility.news\\\/\"},{\"@type\":\"ListItem\",\"position\":2,\"name\":\"EEB: &#8216;Heatwaves fuel dangerous smog across Europe&#8217;\"}]},{\"@type\":\"WebSite\",\"@id\":\"https:\\\/\\\/newmobility.news\\\/#website\",\"url\":\"https:\\\/\\\/newmobility.news\\\/\",\"name\":\"newmobility.news\",\"description\":\"A B2BNews Agency\u00ae news service for mobility business proessional\",\"publisher\":{\"@id\":\"https:\\\/\\\/newmobility.news\\\/#organization\"},\"potentialAction\":[{\"@type\":\"SearchAction\",\"target\":{\"@type\":\"EntryPoint\",\"urlTemplate\":\"https:\\\/\\\/newmobility.news\\\/?s={search_term_string}\"},\"query-input\":{\"@type\":\"PropertyValueSpecification\",\"valueRequired\":true,\"valueName\":\"search_term_string\"}}],\"inLanguage\":\"fr-BE\"},{\"@type\":\"Organization\",\"@id\":\"https:\\\/\\\/newmobility.news\\\/#organization\",\"name\":\"B2BNews Agency\",\"url\":\"https:\\\/\\\/newmobility.news\\\/\",\"logo\":{\"@type\":\"ImageObject\",\"inLanguage\":\"fr-BE\",\"@id\":\"https:\\\/\\\/newmobility.news\\\/#\\\/schema\\\/logo\\\/image\\\/\",\"url\":\"https:\\\/\\\/newmobility.news\\\/wp-content\\\/uploads\\\/2018\\\/01\\\/b2bnews-agency-logo.png\",\"contentUrl\":\"https:\\\/\\\/newmobility.news\\\/wp-content\\\/uploads\\\/2018\\\/01\\\/b2bnews-agency-logo.png\",\"width\":\"581\",\"height\":\"117\",\"caption\":\"B2BNews Agency\"},\"image\":{\"@id\":\"https:\\\/\\\/newmobility.news\\\/#\\\/schema\\\/logo\\\/image\\\/\"},\"sameAs\":[\"https:\\\/\\\/www.facebook.com\\\/search\\\/top\\\/?q=newmobility.news\",\"https:\\\/\\\/x.com\\\/jorisvry\",\"https:\\\/\\\/www.linkedin.com\\\/in\\\/jorisvanroy\\\/\",\"https:\\\/\\\/nl.pinterest.com\\\/jorisvanroy\\\/\"]},{\"@type\":\"Person\",\"@id\":\"https:\\\/\\\/newmobility.news\\\/#\\\/schema\\\/person\\\/7540fd72a981bf6a315ba1b874c2a464\",\"name\":\"Hilde Van Raemdonck\",\"image\":{\"@type\":\"ImageObject\",\"inLanguage\":\"fr-BE\",\"@id\":\"https:\\\/\\\/secure.gravatar.com\\\/avatar\\\/df873a81c6773757375a21da8c2465de0552095dede94d299763768ab1b36cef?s=96&d=mm&r=g\",\"url\":\"https:\\\/\\\/secure.gravatar.com\\\/avatar\\\/df873a81c6773757375a21da8c2465de0552095dede94d299763768ab1b36cef?s=96&d=mm&r=g\",\"contentUrl\":\"https:\\\/\\\/secure.gravatar.com\\\/avatar\\\/df873a81c6773757375a21da8c2465de0552095dede94d299763768ab1b36cef?s=96&d=mm&r=g\",\"caption\":\"Hilde Van Raemdonck\"},\"url\":\"https:\\\/\\\/newmobility.news\\\/fr\\\/author\\\/hilde-van-raemdonck\\\/\"}]}<\/script>\n<!-- \/ Yoast SEO plugin. -->","yoast_head_json":{"title":"EEB : ' Les vagues de chaleur favorisent la formation d'un smog dangereux \u00e0 travers l'Europe ' - newmobility.news","robots":{"index":"index","follow":"follow","max-snippet":"max-snippet:-1","max-image-preview":"max-image-preview:large","max-video-preview":"max-video-preview:-1"},"canonical":"https:\/\/newmobility.news\/fr\/2026\/06\/22\/eeb-heatwaves-fuel-dangerous-smog-across-europe\/","og_locale":"fr_FR","og_type":"article","og_title":"EEB: 'Heatwaves fuel dangerous smog across Europe' - newmobility.news","og_description":"Parts of Europe are experiencing a severe heatwave. Several countries are suffering through the second heatwave of the year, leading to dangerous spikes in ground-level ozone pollution with devastating consequences for human and environmental health, warns the European Environmental Bureau (EEB), EuThis content has been archived. Log in or Subscribe to a level that has [&hellip;]","og_url":"https:\/\/newmobility.news\/fr\/2026\/06\/22\/eeb-heatwaves-fuel-dangerous-smog-across-europe\/","og_site_name":"newmobility.news","article_publisher":"https:\/\/www.facebook.com\/search\/top\/?q=newmobility.news","article_published_time":"2026-06-22T10:20:54+00:00","og_image":[{"width":723,"height":532,"url":"https:\/\/i0.wp.com\/newmobility.news\/wp-content\/uploads\/2026\/06\/Scherm%C2%ADafbeelding-2026-06-22-om-11.51.23.png?fit=723%2C532&ssl=1","type":"image\/png"}],"author":"Hilde Van Raemdonck","twitter_card":"summary_large_image","twitter_creator":"@jorisvry","twitter_site":"@jorisvry","twitter_misc":{"\u00c9crit par":"Hilde Van Raemdonck","Dur\u00e9e de lecture est.":"3 minutes"},"schema":{"@context":"https:\/\/schema.org","@graph":[{"@type":"Article","@id":"https:\/\/newmobility.news\/2026\/06\/22\/eeb-heatwaves-fuel-dangerous-smog-across-europe\/#article","isPartOf":{"@id":"https:\/\/newmobility.news\/2026\/06\/22\/eeb-heatwaves-fuel-dangerous-smog-across-europe\/"},"author":{"name":"Hilde Van Raemdonck","@id":"https:\/\/newmobility.news\/#\/schema\/person\/7540fd72a981bf6a315ba1b874c2a464"},"headline":"EEB: &#8216;Heatwaves fuel dangerous smog across Europe&#8217;","datePublished":"2026-06-22T10:20:54+00:00","mainEntityOfPage":{"@id":"https:\/\/newmobility.news\/2026\/06\/22\/eeb-heatwaves-fuel-dangerous-smog-across-europe\/"},"wordCount":638,"publisher":{"@id":"https:\/\/newmobility.news\/#organization"},"image":{"@id":"https:\/\/newmobility.news\/2026\/06\/22\/eeb-heatwaves-fuel-dangerous-smog-across-europe\/#primaryimage"},"thumbnailUrl":"https:\/\/i0.wp.com\/newmobility.news\/wp-content\/uploads\/2026\/06\/Scherm%C2%ADafbeelding-2026-06-22-om-11.51.23.png?fit=723%2C532&ssl=1","articleSection":["Climate","Environment","Health","Industry","Mobility","Top Stories Today","Transport"],"inLanguage":"fr-BE"},{"@type":"WebPage","@id":"https:\/\/newmobility.news\/2026\/06\/22\/eeb-heatwaves-fuel-dangerous-smog-across-europe\/","url":"https:\/\/newmobility.news\/2026\/06\/22\/eeb-heatwaves-fuel-dangerous-smog-across-europe\/","name":"EEB : ' Les vagues de chaleur favorisent la formation d'un smog dangereux \u00e0 travers l'Europe ' - newmobility.news","isPartOf":{"@id":"https:\/\/newmobility.news\/#website"},"primaryImageOfPage":{"@id":"https:\/\/newmobility.news\/2026\/06\/22\/eeb-heatwaves-fuel-dangerous-smog-across-europe\/#primaryimage"},"image":{"@id":"https:\/\/newmobility.news\/2026\/06\/22\/eeb-heatwaves-fuel-dangerous-smog-across-europe\/#primaryimage"},"thumbnailUrl":"https:\/\/i0.wp.com\/newmobility.news\/wp-content\/uploads\/2026\/06\/Scherm%C2%ADafbeelding-2026-06-22-om-11.51.23.png?fit=723%2C532&ssl=1","datePublished":"2026-06-22T10:20:54+00:00","breadcrumb":{"@id":"https:\/\/newmobility.news\/2026\/06\/22\/eeb-heatwaves-fuel-dangerous-smog-across-europe\/#breadcrumb"},"inLanguage":"fr-BE","potentialAction":[{"@type":"ReadAction","target":["https:\/\/newmobility.news\/2026\/06\/22\/eeb-heatwaves-fuel-dangerous-smog-across-europe\/"]}]},{"@type":"ImageObject","inLanguage":"fr-BE","@id":"https:\/\/newmobility.news\/2026\/06\/22\/eeb-heatwaves-fuel-dangerous-smog-across-europe\/#primaryimage","url":"https:\/\/i0.wp.com\/newmobility.news\/wp-content\/uploads\/2026\/06\/Scherm%C2%ADafbeelding-2026-06-22-om-11.51.23.png?fit=723%2C532&ssl=1","contentUrl":"https:\/\/i0.wp.com\/newmobility.news\/wp-content\/uploads\/2026\/06\/Scherm%C2%ADafbeelding-2026-06-22-om-11.51.23.png?fit=723%2C532&ssl=1","width":723,"height":532,"caption":"In 2022, exposure to ozone pollution, driven largely by methane from industrial agriculture practices, led to an estimated 70,000 premature deaths, and \u20ac2 billion in crop losses across the EU. Europe becoming more frequent and intense due to climate change \/longfonds.nl"},{"@type":"BreadcrumbList","@id":"https:\/\/newmobility.news\/2026\/06\/22\/eeb-heatwaves-fuel-dangerous-smog-across-europe\/#breadcrumb","itemListElement":[{"@type":"ListItem","position":1,"name":"Home","item":"https:\/\/newmobility.news\/"},{"@type":"ListItem","position":2,"name":"EEB: &#8216;Heatwaves fuel dangerous smog across Europe&#8217;"}]},{"@type":"WebSite","@id":"https:\/\/newmobility.news\/#website","url":"https:\/\/newmobility.news\/","name":"nouveaumobilit\u00e9.actualit\u00e9s","description":"Un service d'information B2BNews Agency\u00ae destin\u00e9 aux professionnels de la mobilit\u00e9","publisher":{"@id":"https:\/\/newmobility.news\/#organization"},"potentialAction":[{"@type":"SearchAction","target":{"@type":"EntryPoint","urlTemplate":"https:\/\/newmobility.news\/?s={search_term_string}"},"query-input":{"@type":"PropertyValueSpecification","valueRequired":true,"valueName":"search_term_string"}}],"inLanguage":"fr-BE"},{"@type":"Organization","@id":"https:\/\/newmobility.news\/#organization","name":"Agence de presse B2BNews","url":"https:\/\/newmobility.news\/","logo":{"@type":"ImageObject","inLanguage":"fr-BE","@id":"https:\/\/newmobility.news\/#\/schema\/logo\/image\/","url":"https:\/\/newmobility.news\/wp-content\/uploads\/2018\/01\/b2bnews-agency-logo.png","contentUrl":"https:\/\/newmobility.news\/wp-content\/uploads\/2018\/01\/b2bnews-agency-logo.png","width":"581","height":"117","caption":"B2BNews Agency"},"image":{"@id":"https:\/\/newmobility.news\/#\/schema\/logo\/image\/"},"sameAs":["https:\/\/www.facebook.com\/search\/top\/?q=newmobility.news","https:\/\/x.com\/jorisvry","https:\/\/www.linkedin.com\/in\/jorisvanroy\/","https:\/\/nl.pinterest.com\/jorisvanroy\/"]},{"@type":"Person","@id":"https:\/\/newmobility.news\/#\/schema\/person\/7540fd72a981bf6a315ba1b874c2a464","name":"Hilde Van Raemdonck","image":{"@type":"ImageObject","inLanguage":"fr-BE","@id":"https:\/\/secure.gravatar.com\/avatar\/df873a81c6773757375a21da8c2465de0552095dede94d299763768ab1b36cef?s=96&d=mm&r=g","url":"https:\/\/secure.gravatar.com\/avatar\/df873a81c6773757375a21da8c2465de0552095dede94d299763768ab1b36cef?s=96&d=mm&r=g","contentUrl":"https:\/\/secure.gravatar.com\/avatar\/df873a81c6773757375a21da8c2465de0552095dede94d299763768ab1b36cef?s=96&d=mm&r=g","caption":"Hilde Van Raemdonck"},"url":"https:\/\/newmobility.news\/fr\/author\/hilde-van-raemdonck\/"}]}},"jetpack_publicize_connections":[],"jetpack_shortlink":"https:\/\/wp.me\/p9wJdU-MYU","jetpack_sharing_enabled":true,"jetpack_likes_enabled":true,"jetpack-related-posts":[],"jetpack_featured_media_url":"https:\/\/i0.wp.com\/newmobility.news\/wp-content\/uploads\/2026\/06\/Scherm%C2%ADafbeelding-2026-06-22-om-11.51.23.png?fit=723%2C532&ssl=1","_links":{"self":[{"href":"https:\/\/newmobility.news\/fr\/wp-json\/wp\/v2\/posts\/188288","targetHints":{"allow":["GET"]}}],"collection":[{"href":"https:\/\/newmobility.news\/fr\/wp-json\/wp\/v2\/posts"}],"about":[{"href":"https:\/\/newmobility.news\/fr\/wp-json\/wp\/v2\/types\/post"}],"author":[{"embeddable":true,"href":"https:\/\/newmobility.news\/fr\/wp-json\/wp\/v2\/users\/175"}],"replies":[{"embeddable":true,"href":"https:\/\/newmobility.news\/fr\/wp-json\/wp\/v2\/comments?post=188288"}],"version-history":[{"count":5,"href":"https:\/\/newmobility.news\/fr\/wp-json\/wp\/v2\/posts\/188288\/revisions"}],"predecessor-version":[{"id":188334,"href":"https:\/\/newmobility.news\/fr\/wp-json\/wp\/v2\/posts\/188288\/revisions\/188334"}],"wp:featuredmedia":[{"embeddable":true,"href":"https:\/\/newmobility.news\/fr\/wp-json\/wp\/v2\/media\/188320"}],"wp:attachment":[{"href":"https:\/\/newmobility.news\/fr\/wp-json\/wp\/v2\/media?parent=188288"}],"wp:term":[{"taxonomy":"category","embeddable":true,"href":"https:\/\/newmobility.news\/fr\/wp-json\/wp\/v2\/categories?post=188288"},{"taxonomy":"post_tag","embeddable":true,"href":"https:\/\/newmobility.news\/fr\/wp-json\/wp\/v2\/tags?post=188288"}],"curies":[{"name":"wp","href":"https:\/\/api.w.org\/{rel}","templated":true}]}}