{"id":188358,"date":"2026-06-23T12:10:38","date_gmt":"2026-06-23T10:10:38","guid":{"rendered":"https:\/\/newmobility.news\/?p=188358"},"modified":"2026-06-23T11:00:24","modified_gmt":"2026-06-23T09:00:24","slug":"heat-pushes-electricity-prices-to-highest-levels-in-years","status":"publish","type":"post","link":"https:\/\/newmobility.news\/fr\/2026\/06\/23\/heat-pushes-electricity-prices-to-highest-levels-in-years\/","title":{"rendered":"La canicule fait grimper les prix de l'\u00e9lectricit\u00e9 \u00e0 leur plus haut niveau depuis des ann\u00e9es"},"content":{"rendered":"La canicule de ces derniers jours fait grimper les prix de l'\u00e9lectricit\u00e9 \u00e0 leur plus haut niveau depuis des ann\u00e9es. Sur le march\u00e9 de gros de l'\u00e9lectricit\u00e9, il faut d\u00e9sormais d\u00e9bourser 658,09 euros par m\u00e9gawattheure. Cela fait depuis d\u00e9cembre 2022 que l'\u00e9lectricit\u00e9 n'avait pas \u00e9t\u00e9 aussi ch\u00e8re. Le pic de prix est atteint vers un quart \u00e0<div class=\"leaky_paywall_message_wrap\"><div id=\"leaky_paywall_message\">Ce contenu a \u00e9t\u00e9 archiv\u00e9. <a href=\"https:\/\/newmobility.news\/fr\/subscription\/\">Connectez-vous ou inscrivez-vous<\/a> \u00e0 un niveau qui donne acc\u00e8s au contenu archiv\u00e9.<\/div><\/div>","protected":false},"excerpt":{"rendered":"<p>The heat of the past few days\u00a0is driving electricity prices to their highest level in years. On the wholesale electricity market, 658.09 euros per megawatt-hour must now be paid. It has been since December 2022 that electricity has been this expensive. The most expensive time is around a quarter toThis content has been archived. Log [&hellip;]<\/p>\n","protected":false},"author":175,"featured_media":188385,"comment_status":"closed","ping_status":"closed","sticky":false,"template":"","format":"standard","meta":{"_acf_changed":false,"_jetpack_newsletter_access":"","_jetpack_dont_email_post_to_subs":false,"_jetpack_newsletter_tier_id":0,"_jetpack_memberships_contains_paywalled_content":false,"_jetpack_feature_clip_id":0,"_jetpack_memberships_contains_paid_content":false,"footnotes":"","jetpack_publicize_message":"{title}\r\n\r\n{excerpt}\r\n\r\n{url}","jetpack_publicize_feature_enabled":true,"jetpack_social_post_already_shared":true,"jetpack_social_options":{"image_generator_settings":{"template":"highway","default_image_id":0,"font":"","enabled":false},"version":2},"_wpas_customize_per_network":false,"jetpack_post_was_ever_published":false},"categories":[14496,2043,28,4],"tags":[],"class_list":["post-188358","post","type-post","status-publish","format-standard","has-post-thumbnail","hentry","category-climate","category-energy","category-europe","category-top-stories-today"],"acf":[],"featured_image_urls_v2":{"full":["https:\/\/i0.wp.com\/newmobility.news\/wp-content\/uploads\/2026\/06\/IMG_0386.jpeg?fit=640%2C480&ssl=1",640,480,false],"thumbnail":["https:\/\/i0.wp.com\/newmobility.news\/wp-content\/uploads\/2026\/06\/IMG_0386.jpeg?resize=150%2C150&ssl=1",150,150,true],"medium":["https:\/\/i0.wp.com\/newmobility.news\/wp-content\/uploads\/2026\/06\/IMG_0386.jpeg?fit=300%2C225&ssl=1",300,225,true],"medium_large":["https:\/\/i0.wp.com\/newmobility.news\/wp-content\/uploads\/2026\/06\/IMG_0386.jpeg?fit=640%2C480&ssl=1",640,480,true],"large":["https:\/\/i0.wp.com\/newmobility.news\/wp-content\/uploads\/2026\/06\/IMG_0386.jpeg?fit=640%2C480&ssl=1",640,480,true],"1536x1536":["https:\/\/i0.wp.com\/newmobility.news\/wp-content\/uploads\/2026\/06\/IMG_0386.jpeg?fit=640%2C480&ssl=1",640,480,true],"2048x2048":["https:\/\/i0.wp.com\/newmobility.news\/wp-content\/uploads\/2026\/06\/IMG_0386.jpeg?fit=640%2C480&ssl=1",640,480,true],"trp-custom-language-flag":["https:\/\/i0.wp.com\/newmobility.news\/wp-content\/uploads\/2026\/06\/IMG_0386.jpeg?fit=16%2C12&ssl=1",16,12,true],"related-thumb":["https:\/\/i0.wp.com\/newmobility.news\/wp-content\/uploads\/2026\/06\/IMG_0386.jpeg?resize=640%2C480&ssl=1",640,480,true],"gform-image-choice-sm":["https:\/\/i0.wp.com\/newmobility.news\/wp-content\/uploads\/2026\/06\/IMG_0386.jpeg?resize=300%2C300&ssl=1",300,300,true],"gform-image-choice-md":["https:\/\/i0.wp.com\/newmobility.news\/wp-content\/uploads\/2026\/06\/IMG_0386.jpeg?resize=400%2C400&ssl=1",400,400,true],"gform-image-choice-lg":["https:\/\/i0.wp.com\/newmobility.news\/wp-content\/uploads\/2026\/06\/IMG_0386.jpeg?resize=600%2C480&ssl=1",600,480,true],"mailchimp":["https:\/\/i0.wp.com\/newmobility.news\/wp-content\/uploads\/2026\/06\/IMG_0386.jpeg?fit=560%2C420&ssl=1",560,420,true],"unipress-phone":["https:\/\/i0.wp.com\/newmobility.news\/wp-content\/uploads\/2026\/06\/IMG_0386.jpeg?resize=640%2C100&ssl=1",640,100,true],"unipress-tablet":["https:\/\/i0.wp.com\/newmobility.news\/wp-content\/uploads\/2026\/06\/IMG_0386.jpeg?resize=640%2C240&ssl=1",640,240,true],"unipress-tablet-portrait":["https:\/\/i0.wp.com\/newmobility.news\/wp-content\/uploads\/2026\/06\/IMG_0386.jpeg?resize=640%2C180&ssl=1",640,180,true],"unipress-tablet-landscape":["https:\/\/i0.wp.com\/newmobility.news\/wp-content\/uploads\/2026\/06\/IMG_0386.jpeg?resize=640%2C180&ssl=1",640,180,true],"unipress-smartphone":["https:\/\/i0.wp.com\/newmobility.news\/wp-content\/uploads\/2026\/06\/IMG_0386.jpeg?resize=640%2C168&ssl=1",640,168,true],"unipress-wide-screen":["https:\/\/i0.wp.com\/newmobility.news\/wp-content\/uploads\/2026\/06\/IMG_0386.jpeg?resize=640%2C180&ssl=1",640,180,true]},"post_excerpt_stackable_v2":"<p>The heat of the past few days\u00a0is driving electricity prices to their highest level in years. On the wholesale electricity market, 658.09 euros per megawatt-hour must now be paid. It has been since December 2022 that electricity has been this expensive. The most expensive time is around a quarter toThis content has been archived. Log in or Subscribe to a level that has access to archived content.<\/p>\n","category_list_v2":"<a href=\"https:\/\/newmobility.news\/fr\/category\/climate\/\" rel=\"category tag\">Climate<\/a>, <a href=\"https:\/\/newmobility.news\/fr\/category\/energy\/\" rel=\"category tag\">Energy<\/a>, <a href=\"https:\/\/newmobility.news\/fr\/category\/europe\/\" rel=\"category tag\">Europe<\/a>, <a href=\"https:\/\/newmobility.news\/fr\/category\/top-stories-today\/\" rel=\"category tag\">Top Stories Today<\/a>","author_info_v2":{"name":"Hilde Van Raemdonck","url":"https:\/\/newmobility.news\/fr\/author\/hilde-van-raemdonck\/"},"comments_num_v2":"0 comments","yoast_head":"<!-- This site is optimized with the Yoast SEO plugin v28.4 - https:\/\/yoast.com\/product\/yoast-seo-wordpress\/ -->\n<title>Heat pushes electricity prices to highest levels in years - newmobility.news<\/title>\n<meta name=\"robots\" content=\"index, follow, max-snippet:-1, max-image-preview:large, max-video-preview:-1\" \/>\n<link rel=\"canonical\" href=\"https:\/\/newmobility.news\/fr\/2026\/06\/23\/heat-pushes-electricity-prices-to-highest-levels-in-years\/\" \/>\n<meta property=\"og:locale\" content=\"fr_FR\" \/>\n<meta property=\"og:type\" content=\"article\" \/>\n<meta property=\"og:title\" content=\"Heat pushes electricity prices to highest levels in years - newmobility.news\" \/>\n<meta property=\"og:description\" content=\"The heat of the past few days\u00a0is driving electricity prices to their highest level in years. On the wholesale electricity market, 658.09 euros per megawatt-hour must now be paid. It has been since December 2022 that electricity has been this expensive. The most expensive time is around a quarter toThis content has been archived. Log [&hellip;]\" \/>\n<meta property=\"og:url\" content=\"https:\/\/newmobility.news\/fr\/2026\/06\/23\/heat-pushes-electricity-prices-to-highest-levels-in-years\/\" \/>\n<meta property=\"og:site_name\" content=\"newmobility.news\" \/>\n<meta property=\"article:publisher\" content=\"https:\/\/www.facebook.com\/search\/top\/?q=newmobility.news\" \/>\n<meta property=\"article:published_time\" content=\"2026-06-23T10:10:38+00:00\" \/>\n<meta property=\"og:image\" content=\"https:\/\/i0.wp.com\/newmobility.news\/wp-content\/uploads\/2026\/06\/IMG_0386.jpeg?fit=640%2C480&ssl=1\" \/>\n\t<meta property=\"og:image:width\" content=\"640\" \/>\n\t<meta property=\"og:image:height\" content=\"480\" \/>\n\t<meta property=\"og:image:type\" content=\"image\/jpeg\" \/>\n<meta name=\"author\" content=\"Hilde Van Raemdonck\" \/>\n<meta name=\"twitter:card\" content=\"summary_large_image\" \/>\n<meta name=\"twitter:creator\" content=\"@jorisvry\" \/>\n<meta name=\"twitter:site\" content=\"@jorisvry\" \/>\n<meta name=\"twitter:label1\" content=\"\u00c9crit par\" \/>\n\t<meta name=\"twitter:data1\" content=\"Hilde Van Raemdonck\" \/>\n\t<meta name=\"twitter:label2\" content=\"Dur\u00e9e de lecture est.\" \/>\n\t<meta name=\"twitter:data2\" content=\"3 minutes\" \/>\n<script type=\"application\/ld+json\" class=\"yoast-schema-graph\">{\"@context\":\"https:\\\/\\\/schema.org\",\"@graph\":[{\"@type\":\"Article\",\"@id\":\"https:\\\/\\\/newmobility.news\\\/2026\\\/06\\\/23\\\/heat-pushes-electricity-prices-to-highest-levels-in-years\\\/#article\",\"isPartOf\":{\"@id\":\"https:\\\/\\\/newmobility.news\\\/2026\\\/06\\\/23\\\/heat-pushes-electricity-prices-to-highest-levels-in-years\\\/\"},\"author\":{\"name\":\"Hilde Van Raemdonck\",\"@id\":\"https:\\\/\\\/newmobility.news\\\/#\\\/schema\\\/person\\\/7540fd72a981bf6a315ba1b874c2a464\"},\"headline\":\"Heat pushes electricity prices to highest levels in years\",\"datePublished\":\"2026-06-23T10:10:38+00:00\",\"mainEntityOfPage\":{\"@id\":\"https:\\\/\\\/newmobility.news\\\/2026\\\/06\\\/23\\\/heat-pushes-electricity-prices-to-highest-levels-in-years\\\/\"},\"wordCount\":470,\"publisher\":{\"@id\":\"https:\\\/\\\/newmobility.news\\\/#organization\"},\"image\":{\"@id\":\"https:\\\/\\\/newmobility.news\\\/2026\\\/06\\\/23\\\/heat-pushes-electricity-prices-to-highest-levels-in-years\\\/#primaryimage\"},\"thumbnailUrl\":\"https:\\\/\\\/i0.wp.com\\\/newmobility.news\\\/wp-content\\\/uploads\\\/2026\\\/06\\\/IMG_0386.jpeg?fit=640%2C480&ssl=1\",\"articleSection\":[\"Climate\",\"Energy\",\"Europe\",\"Top Stories Today\"],\"inLanguage\":\"fr-BE\"},{\"@type\":\"WebPage\",\"@id\":\"https:\\\/\\\/newmobility.news\\\/2026\\\/06\\\/23\\\/heat-pushes-electricity-prices-to-highest-levels-in-years\\\/\",\"url\":\"https:\\\/\\\/newmobility.news\\\/2026\\\/06\\\/23\\\/heat-pushes-electricity-prices-to-highest-levels-in-years\\\/\",\"name\":\"Heat pushes electricity prices to highest levels in years - newmobility.news\",\"isPartOf\":{\"@id\":\"https:\\\/\\\/newmobility.news\\\/#website\"},\"primaryImageOfPage\":{\"@id\":\"https:\\\/\\\/newmobility.news\\\/2026\\\/06\\\/23\\\/heat-pushes-electricity-prices-to-highest-levels-in-years\\\/#primaryimage\"},\"image\":{\"@id\":\"https:\\\/\\\/newmobility.news\\\/2026\\\/06\\\/23\\\/heat-pushes-electricity-prices-to-highest-levels-in-years\\\/#primaryimage\"},\"thumbnailUrl\":\"https:\\\/\\\/i0.wp.com\\\/newmobility.news\\\/wp-content\\\/uploads\\\/2026\\\/06\\\/IMG_0386.jpeg?fit=640%2C480&ssl=1\",\"datePublished\":\"2026-06-23T10:10:38+00:00\",\"breadcrumb\":{\"@id\":\"https:\\\/\\\/newmobility.news\\\/2026\\\/06\\\/23\\\/heat-pushes-electricity-prices-to-highest-levels-in-years\\\/#breadcrumb\"},\"inLanguage\":\"fr-BE\",\"potentialAction\":[{\"@type\":\"ReadAction\",\"target\":[\"https:\\\/\\\/newmobility.news\\\/2026\\\/06\\\/23\\\/heat-pushes-electricity-prices-to-highest-levels-in-years\\\/\"]}]},{\"@type\":\"ImageObject\",\"inLanguage\":\"fr-BE\",\"@id\":\"https:\\\/\\\/newmobility.news\\\/2026\\\/06\\\/23\\\/heat-pushes-electricity-prices-to-highest-levels-in-years\\\/#primaryimage\",\"url\":\"https:\\\/\\\/i0.wp.com\\\/newmobility.news\\\/wp-content\\\/uploads\\\/2026\\\/06\\\/IMG_0386.jpeg?fit=640%2C480&ssl=1\",\"contentUrl\":\"https:\\\/\\\/i0.wp.com\\\/newmobility.news\\\/wp-content\\\/uploads\\\/2026\\\/06\\\/IMG_0386.jpeg?fit=640%2C480&ssl=1\",\"width\":640,\"height\":480,\"caption\":\"Demand for cooling has driven electricity prices sky-high over the past few evenings, to a peak of more than 650 euros per megawatt-hour- \u2013 the most expensive in years \\\/NMN\"},{\"@type\":\"BreadcrumbList\",\"@id\":\"https:\\\/\\\/newmobility.news\\\/2026\\\/06\\\/23\\\/heat-pushes-electricity-prices-to-highest-levels-in-years\\\/#breadcrumb\",\"itemListElement\":[{\"@type\":\"ListItem\",\"position\":1,\"name\":\"Home\",\"item\":\"https:\\\/\\\/newmobility.news\\\/\"},{\"@type\":\"ListItem\",\"position\":2,\"name\":\"Heat pushes electricity prices to highest levels in years\"}]},{\"@type\":\"WebSite\",\"@id\":\"https:\\\/\\\/newmobility.news\\\/#website\",\"url\":\"https:\\\/\\\/newmobility.news\\\/\",\"name\":\"newmobility.news\",\"description\":\"A B2BNews Agency\u00ae news service for mobility business proessional\",\"publisher\":{\"@id\":\"https:\\\/\\\/newmobility.news\\\/#organization\"},\"potentialAction\":[{\"@type\":\"SearchAction\",\"target\":{\"@type\":\"EntryPoint\",\"urlTemplate\":\"https:\\\/\\\/newmobility.news\\\/?s={search_term_string}\"},\"query-input\":{\"@type\":\"PropertyValueSpecification\",\"valueRequired\":true,\"valueName\":\"search_term_string\"}}],\"inLanguage\":\"fr-BE\"},{\"@type\":\"Organization\",\"@id\":\"https:\\\/\\\/newmobility.news\\\/#organization\",\"name\":\"B2BNews Agency\",\"url\":\"https:\\\/\\\/newmobility.news\\\/\",\"logo\":{\"@type\":\"ImageObject\",\"inLanguage\":\"fr-BE\",\"@id\":\"https:\\\/\\\/newmobility.news\\\/#\\\/schema\\\/logo\\\/image\\\/\",\"url\":\"https:\\\/\\\/newmobility.news\\\/wp-content\\\/uploads\\\/2018\\\/01\\\/b2bnews-agency-logo.png\",\"contentUrl\":\"https:\\\/\\\/newmobility.news\\\/wp-content\\\/uploads\\\/2018\\\/01\\\/b2bnews-agency-logo.png\",\"width\":\"581\",\"height\":\"117\",\"caption\":\"B2BNews Agency\"},\"image\":{\"@id\":\"https:\\\/\\\/newmobility.news\\\/#\\\/schema\\\/logo\\\/image\\\/\"},\"sameAs\":[\"https:\\\/\\\/www.facebook.com\\\/search\\\/top\\\/?q=newmobility.news\",\"https:\\\/\\\/x.com\\\/jorisvry\",\"https:\\\/\\\/www.linkedin.com\\\/in\\\/jorisvanroy\\\/\",\"https:\\\/\\\/nl.pinterest.com\\\/jorisvanroy\\\/\"]},{\"@type\":\"Person\",\"@id\":\"https:\\\/\\\/newmobility.news\\\/#\\\/schema\\\/person\\\/7540fd72a981bf6a315ba1b874c2a464\",\"name\":\"Hilde Van Raemdonck\",\"image\":{\"@type\":\"ImageObject\",\"inLanguage\":\"fr-BE\",\"@id\":\"https:\\\/\\\/secure.gravatar.com\\\/avatar\\\/df873a81c6773757375a21da8c2465de0552095dede94d299763768ab1b36cef?s=96&d=mm&r=g\",\"url\":\"https:\\\/\\\/secure.gravatar.com\\\/avatar\\\/df873a81c6773757375a21da8c2465de0552095dede94d299763768ab1b36cef?s=96&d=mm&r=g\",\"contentUrl\":\"https:\\\/\\\/secure.gravatar.com\\\/avatar\\\/df873a81c6773757375a21da8c2465de0552095dede94d299763768ab1b36cef?s=96&d=mm&r=g\",\"caption\":\"Hilde Van Raemdonck\"},\"url\":\"https:\\\/\\\/newmobility.news\\\/fr\\\/author\\\/hilde-van-raemdonck\\\/\"}]}<\/script>\n<!-- \/ Yoast SEO plugin. -->","yoast_head_json":{"title":"La canicule fait grimper les prix de l'\u00e9lectricit\u00e9 \u00e0 leur plus haut niveau depuis des ann\u00e9es - newmobility.news","robots":{"index":"index","follow":"follow","max-snippet":"max-snippet:-1","max-image-preview":"max-image-preview:large","max-video-preview":"max-video-preview:-1"},"canonical":"https:\/\/newmobility.news\/fr\/2026\/06\/23\/heat-pushes-electricity-prices-to-highest-levels-in-years\/","og_locale":"fr_FR","og_type":"article","og_title":"Heat pushes electricity prices to highest levels in years - newmobility.news","og_description":"The heat of the past few days\u00a0is driving electricity prices to their highest level in years. On the wholesale electricity market, 658.09 euros per megawatt-hour must now be paid. It has been since December 2022 that electricity has been this expensive. The most expensive time is around a quarter toThis content has been archived. Log [&hellip;]","og_url":"https:\/\/newmobility.news\/fr\/2026\/06\/23\/heat-pushes-electricity-prices-to-highest-levels-in-years\/","og_site_name":"newmobility.news","article_publisher":"https:\/\/www.facebook.com\/search\/top\/?q=newmobility.news","article_published_time":"2026-06-23T10:10:38+00:00","og_image":[{"width":640,"height":480,"url":"https:\/\/i0.wp.com\/newmobility.news\/wp-content\/uploads\/2026\/06\/IMG_0386.jpeg?fit=640%2C480&ssl=1","type":"image\/jpeg"}],"author":"Hilde Van Raemdonck","twitter_card":"summary_large_image","twitter_creator":"@jorisvry","twitter_site":"@jorisvry","twitter_misc":{"\u00c9crit par":"Hilde Van Raemdonck","Dur\u00e9e de lecture est.":"3 minutes"},"schema":{"@context":"https:\/\/schema.org","@graph":[{"@type":"Article","@id":"https:\/\/newmobility.news\/2026\/06\/23\/heat-pushes-electricity-prices-to-highest-levels-in-years\/#article","isPartOf":{"@id":"https:\/\/newmobility.news\/2026\/06\/23\/heat-pushes-electricity-prices-to-highest-levels-in-years\/"},"author":{"name":"Hilde Van Raemdonck","@id":"https:\/\/newmobility.news\/#\/schema\/person\/7540fd72a981bf6a315ba1b874c2a464"},"headline":"Heat pushes electricity prices to highest levels in years","datePublished":"2026-06-23T10:10:38+00:00","mainEntityOfPage":{"@id":"https:\/\/newmobility.news\/2026\/06\/23\/heat-pushes-electricity-prices-to-highest-levels-in-years\/"},"wordCount":470,"publisher":{"@id":"https:\/\/newmobility.news\/#organization"},"image":{"@id":"https:\/\/newmobility.news\/2026\/06\/23\/heat-pushes-electricity-prices-to-highest-levels-in-years\/#primaryimage"},"thumbnailUrl":"https:\/\/i0.wp.com\/newmobility.news\/wp-content\/uploads\/2026\/06\/IMG_0386.jpeg?fit=640%2C480&ssl=1","articleSection":["Climate","Energy","Europe","Top Stories Today"],"inLanguage":"fr-BE"},{"@type":"WebPage","@id":"https:\/\/newmobility.news\/2026\/06\/23\/heat-pushes-electricity-prices-to-highest-levels-in-years\/","url":"https:\/\/newmobility.news\/2026\/06\/23\/heat-pushes-electricity-prices-to-highest-levels-in-years\/","name":"La canicule fait grimper les prix de l'\u00e9lectricit\u00e9 \u00e0 leur plus haut niveau depuis des ann\u00e9es - newmobility.news","isPartOf":{"@id":"https:\/\/newmobility.news\/#website"},"primaryImageOfPage":{"@id":"https:\/\/newmobility.news\/2026\/06\/23\/heat-pushes-electricity-prices-to-highest-levels-in-years\/#primaryimage"},"image":{"@id":"https:\/\/newmobility.news\/2026\/06\/23\/heat-pushes-electricity-prices-to-highest-levels-in-years\/#primaryimage"},"thumbnailUrl":"https:\/\/i0.wp.com\/newmobility.news\/wp-content\/uploads\/2026\/06\/IMG_0386.jpeg?fit=640%2C480&ssl=1","datePublished":"2026-06-23T10:10:38+00:00","breadcrumb":{"@id":"https:\/\/newmobility.news\/2026\/06\/23\/heat-pushes-electricity-prices-to-highest-levels-in-years\/#breadcrumb"},"inLanguage":"fr-BE","potentialAction":[{"@type":"ReadAction","target":["https:\/\/newmobility.news\/2026\/06\/23\/heat-pushes-electricity-prices-to-highest-levels-in-years\/"]}]},{"@type":"ImageObject","inLanguage":"fr-BE","@id":"https:\/\/newmobility.news\/2026\/06\/23\/heat-pushes-electricity-prices-to-highest-levels-in-years\/#primaryimage","url":"https:\/\/i0.wp.com\/newmobility.news\/wp-content\/uploads\/2026\/06\/IMG_0386.jpeg?fit=640%2C480&ssl=1","contentUrl":"https:\/\/i0.wp.com\/newmobility.news\/wp-content\/uploads\/2026\/06\/IMG_0386.jpeg?fit=640%2C480&ssl=1","width":640,"height":480,"caption":"Demand for cooling has driven electricity prices sky-high over the past few evenings, to a peak of more than 650 euros per megawatt-hour- \u2013 the most expensive in years \/NMN"},{"@type":"BreadcrumbList","@id":"https:\/\/newmobility.news\/2026\/06\/23\/heat-pushes-electricity-prices-to-highest-levels-in-years\/#breadcrumb","itemListElement":[{"@type":"ListItem","position":1,"name":"Home","item":"https:\/\/newmobility.news\/"},{"@type":"ListItem","position":2,"name":"Heat pushes electricity prices to highest levels in years"}]},{"@type":"WebSite","@id":"https:\/\/newmobility.news\/#website","url":"https:\/\/newmobility.news\/","name":"nouveaumobilit\u00e9.actualit\u00e9s","description":"Un service d'information B2BNews Agency\u00ae destin\u00e9 aux professionnels de la mobilit\u00e9","publisher":{"@id":"https:\/\/newmobility.news\/#organization"},"potentialAction":[{"@type":"SearchAction","target":{"@type":"EntryPoint","urlTemplate":"https:\/\/newmobility.news\/?s={search_term_string}"},"query-input":{"@type":"PropertyValueSpecification","valueRequired":true,"valueName":"search_term_string"}}],"inLanguage":"fr-BE"},{"@type":"Organization","@id":"https:\/\/newmobility.news\/#organization","name":"Agence de presse B2BNews","url":"https:\/\/newmobility.news\/","logo":{"@type":"ImageObject","inLanguage":"fr-BE","@id":"https:\/\/newmobility.news\/#\/schema\/logo\/image\/","url":"https:\/\/newmobility.news\/wp-content\/uploads\/2018\/01\/b2bnews-agency-logo.png","contentUrl":"https:\/\/newmobility.news\/wp-content\/uploads\/2018\/01\/b2bnews-agency-logo.png","width":"581","height":"117","caption":"B2BNews Agency"},"image":{"@id":"https:\/\/newmobility.news\/#\/schema\/logo\/image\/"},"sameAs":["https:\/\/www.facebook.com\/search\/top\/?q=newmobility.news","https:\/\/x.com\/jorisvry","https:\/\/www.linkedin.com\/in\/jorisvanroy\/","https:\/\/nl.pinterest.com\/jorisvanroy\/"]},{"@type":"Person","@id":"https:\/\/newmobility.news\/#\/schema\/person\/7540fd72a981bf6a315ba1b874c2a464","name":"Hilde Van Raemdonck","image":{"@type":"ImageObject","inLanguage":"fr-BE","@id":"https:\/\/secure.gravatar.com\/avatar\/df873a81c6773757375a21da8c2465de0552095dede94d299763768ab1b36cef?s=96&d=mm&r=g","url":"https:\/\/secure.gravatar.com\/avatar\/df873a81c6773757375a21da8c2465de0552095dede94d299763768ab1b36cef?s=96&d=mm&r=g","contentUrl":"https:\/\/secure.gravatar.com\/avatar\/df873a81c6773757375a21da8c2465de0552095dede94d299763768ab1b36cef?s=96&d=mm&r=g","caption":"Hilde Van Raemdonck"},"url":"https:\/\/newmobility.news\/fr\/author\/hilde-van-raemdonck\/"}]}},"jetpack_publicize_connections":[],"jetpack_shortlink":"https:\/\/wp.me\/p9wJdU-N02","jetpack_sharing_enabled":true,"jetpack_likes_enabled":true,"jetpack-related-posts":[],"jetpack_featured_media_url":"https:\/\/i0.wp.com\/newmobility.news\/wp-content\/uploads\/2026\/06\/IMG_0386.jpeg?fit=640%2C480&ssl=1","_links":{"self":[{"href":"https:\/\/newmobility.news\/fr\/wp-json\/wp\/v2\/posts\/188358","targetHints":{"allow":["GET"]}}],"collection":[{"href":"https:\/\/newmobility.news\/fr\/wp-json\/wp\/v2\/posts"}],"about":[{"href":"https:\/\/newmobility.news\/fr\/wp-json\/wp\/v2\/types\/post"}],"author":[{"embeddable":true,"href":"https:\/\/newmobility.news\/fr\/wp-json\/wp\/v2\/users\/175"}],"replies":[{"embeddable":true,"href":"https:\/\/newmobility.news\/fr\/wp-json\/wp\/v2\/comments?post=188358"}],"version-history":[{"count":3,"href":"https:\/\/newmobility.news\/fr\/wp-json\/wp\/v2\/posts\/188358\/revisions"}],"predecessor-version":[{"id":188423,"href":"https:\/\/newmobility.news\/fr\/wp-json\/wp\/v2\/posts\/188358\/revisions\/188423"}],"wp:featuredmedia":[{"embeddable":true,"href":"https:\/\/newmobility.news\/fr\/wp-json\/wp\/v2\/media\/188385"}],"wp:attachment":[{"href":"https:\/\/newmobility.news\/fr\/wp-json\/wp\/v2\/media?parent=188358"}],"wp:term":[{"taxonomy":"category","embeddable":true,"href":"https:\/\/newmobility.news\/fr\/wp-json\/wp\/v2\/categories?post=188358"},{"taxonomy":"post_tag","embeddable":true,"href":"https:\/\/newmobility.news\/fr\/wp-json\/wp\/v2\/tags?post=188358"}],"curies":[{"name":"wp","href":"https:\/\/api.w.org\/{rel}","templated":true}]}}