{"id":188382,"date":"2026-06-23T10:58:18","date_gmt":"2026-06-23T08:58:18","guid":{"rendered":"https:\/\/newmobility.news\/?p=188382"},"modified":"2026-06-26T11:49:50","modified_gmt":"2026-06-26T09:49:50","slug":"sweden-asks-eu-to-reject-tesla-fsd-over-speeding-issues","status":"publish","type":"post","link":"https:\/\/newmobility.news\/fr\/2026\/06\/23\/sweden-asks-eu-to-reject-tesla-fsd-over-speeding-issues\/","title":{"rendered":"La Su\u00e8de demande \u00e0 l'UE de rejeter le syst\u00e8me FSD de Tesla en raison de probl\u00e8mes li\u00e9s aux exc\u00e8s de vitesse"},"content":{"rendered":"L'Administration su\u00e9doise des transports a demand\u00e9 \u00e0 l'Union europ\u00e9enne de voter contre le d\u00e9ploiement du logiciel \u00ab Full Self-Driving (Supervised) \u00bb de Tesla, \u00e0 moins que l'entreprise ne d\u00e9sactive une fonctionnalit\u00e9 permettant au v\u00e9hicule de d\u00e9passer les limitations de vitesse en vigueur. La Belgique a donn\u00e9 son feu vert depuis le d\u00e9but du mois. \n\nL'administration su\u00e9doise<div class=\"leaky_paywall_message_wrap\"><div id=\"leaky_paywall_message\">Ce contenu a \u00e9t\u00e9 archiv\u00e9. <a href=\"https:\/\/newmobility.news\/fr\/subscription\/\">Connectez-vous ou inscrivez-vous<\/a> \u00e0 un niveau qui donne acc\u00e8s au contenu archiv\u00e9.<\/div><\/div>","protected":false},"excerpt":{"rendered":"<p>Sweden&#8217;s Transport Administration has told the European Union to vote against rolling out Tesla&#8217;s Full Self-Driving (Supervised) software unless the company disables a feature that allows the car to break posted speed limits. Belgium has approved since the beginning of the month.\u00a0 The Swedish reThis content has been archived. Log in or Subscribe to a [&hellip;]<\/p>\n","protected":false},"author":715,"featured_media":188383,"comment_status":"closed","ping_status":"closed","sticky":false,"template":"","format":"standard","meta":{"_acf_changed":false,"_jetpack_newsletter_access":"","_jetpack_dont_email_post_to_subs":false,"_jetpack_newsletter_tier_id":0,"_jetpack_memberships_contains_paywalled_content":false,"_jetpack_feature_clip_id":0,"_jetpack_memberships_contains_paid_content":false,"footnotes":"","jetpack_publicize_message":"{title}\r\n\r\n{excerpt}\r\n\r\n{url}","jetpack_publicize_feature_enabled":true,"jetpack_social_post_already_shared":true,"jetpack_social_options":{"image_generator_settings":{"template":"highway","default_image_id":0,"font":"","enabled":false},"version":2},"_wpas_customize_per_network":false,"jetpack_post_was_ever_published":false},"categories":[63,77170,28,16,7,4,17],"tags":[],"class_list":["post-188382","post","type-post","status-publish","format-standard","has-post-thumbnail","hentry","category-autonomous-driving","category-belgium","category-europe","category-industry","category-mobility","category-top-stories-today","category-weekly-newsletter"],"acf":[],"featured_image_urls_v2":{"full":["https:\/\/i0.wp.com\/newmobility.news\/wp-content\/uploads\/2026\/06\/Sweden-FSD-EU.png?fit=1672%2C941&ssl=1",1672,941,false],"thumbnail":["https:\/\/i0.wp.com\/newmobility.news\/wp-content\/uploads\/2026\/06\/Sweden-FSD-EU.png?resize=150%2C150&ssl=1",150,150,true],"medium":["https:\/\/i0.wp.com\/newmobility.news\/wp-content\/uploads\/2026\/06\/Sweden-FSD-EU.png?fit=300%2C169&ssl=1",300,169,true],"medium_large":["https:\/\/i0.wp.com\/newmobility.news\/wp-content\/uploads\/2026\/06\/Sweden-FSD-EU.png?fit=640%2C360&ssl=1",640,360,true],"large":["https:\/\/i0.wp.com\/newmobility.news\/wp-content\/uploads\/2026\/06\/Sweden-FSD-EU.png?fit=640%2C360&ssl=1",640,360,true],"1536x1536":["https:\/\/i0.wp.com\/newmobility.news\/wp-content\/uploads\/2026\/06\/Sweden-FSD-EU.png?fit=1536%2C864&ssl=1",1536,864,true],"2048x2048":["https:\/\/i0.wp.com\/newmobility.news\/wp-content\/uploads\/2026\/06\/Sweden-FSD-EU.png?fit=1672%2C941&ssl=1",1672,941,true],"trp-custom-language-flag":["https:\/\/i0.wp.com\/newmobility.news\/wp-content\/uploads\/2026\/06\/Sweden-FSD-EU.png?fit=18%2C10&ssl=1",18,10,true],"related-thumb":["https:\/\/i0.wp.com\/newmobility.news\/wp-content\/uploads\/2026\/06\/Sweden-FSD-EU.png?resize=640%2C480&ssl=1",640,480,true],"gform-image-choice-sm":["https:\/\/i0.wp.com\/newmobility.news\/wp-content\/uploads\/2026\/06\/Sweden-FSD-EU.png?resize=300%2C300&ssl=1",300,300,true],"gform-image-choice-md":["https:\/\/i0.wp.com\/newmobility.news\/wp-content\/uploads\/2026\/06\/Sweden-FSD-EU.png?resize=400%2C400&ssl=1",400,400,true],"gform-image-choice-lg":["https:\/\/i0.wp.com\/newmobility.news\/wp-content\/uploads\/2026\/06\/Sweden-FSD-EU.png?resize=600%2C600&ssl=1",600,600,true],"mailchimp":["https:\/\/i0.wp.com\/newmobility.news\/wp-content\/uploads\/2026\/06\/Sweden-FSD-EU.png?fit=560%2C315&ssl=1",560,315,true],"unipress-phone":["https:\/\/i0.wp.com\/newmobility.news\/wp-content\/uploads\/2026\/06\/Sweden-FSD-EU.png?resize=640%2C100&ssl=1",640,100,true],"unipress-tablet":["https:\/\/i0.wp.com\/newmobility.news\/wp-content\/uploads\/2026\/06\/Sweden-FSD-EU.png?resize=1536%2C240&ssl=1",1536,240,true],"unipress-tablet-portrait":["https:\/\/i0.wp.com\/newmobility.news\/wp-content\/uploads\/2026\/06\/Sweden-FSD-EU.png?resize=1536%2C180&ssl=1",1536,180,true],"unipress-tablet-landscape":["https:\/\/i0.wp.com\/newmobility.news\/wp-content\/uploads\/2026\/06\/Sweden-FSD-EU.png?resize=1672%2C180&ssl=1",1672,180,true],"unipress-smartphone":["https:\/\/i0.wp.com\/newmobility.news\/wp-content\/uploads\/2026\/06\/Sweden-FSD-EU.png?resize=1080%2C168&ssl=1",1080,168,true],"unipress-wide-screen":["https:\/\/i0.wp.com\/newmobility.news\/wp-content\/uploads\/2026\/06\/Sweden-FSD-EU.png?resize=1672%2C180&ssl=1",1672,180,true]},"post_excerpt_stackable_v2":"<p>Sweden&#8217;s Transport Administration has told the European Union to vote against rolling out Tesla&#8217;s Full Self-Driving (Supervised) software unless the company disables a feature that allows the car to break posted speed limits. Belgium has approved since the beginning of the month.\u00a0 The Swedish reThis content has been archived. Log in or Subscribe to a level that has access to archived content.<\/p>\n","category_list_v2":"<a href=\"https:\/\/newmobility.news\/fr\/category\/autonomous-driving\/\" rel=\"category tag\">Autonomous driving<\/a>, <a href=\"https:\/\/newmobility.news\/fr\/category\/belgium\/\" rel=\"category tag\">Belgium<\/a>, <a href=\"https:\/\/newmobility.news\/fr\/category\/europe\/\" rel=\"category tag\">Europe<\/a>, <a href=\"https:\/\/newmobility.news\/fr\/category\/industry\/\" rel=\"category tag\">Industry<\/a>, <a href=\"https:\/\/newmobility.news\/fr\/category\/mobility\/\" rel=\"category tag\">Mobility<\/a>, <a href=\"https:\/\/newmobility.news\/fr\/category\/top-stories-today\/\" rel=\"category tag\">Top Stories Today<\/a>, <a href=\"https:\/\/newmobility.news\/fr\/category\/weekly-newsletter\/\" rel=\"category tag\">Weekly Newsletter<\/a>","author_info_v2":{"name":"Piet Andries","url":"https:\/\/newmobility.news\/fr\/author\/piet-andriesgmail-com\/"},"comments_num_v2":"0 comments","yoast_head":"<!-- This site is optimized with the Yoast SEO plugin v28.4 - https:\/\/yoast.com\/product\/yoast-seo-wordpress\/ -->\n<title>Sweden asks EU to reject Tesla FSD over speeding issues - newmobility.news<\/title>\n<meta name=\"robots\" content=\"index, follow, max-snippet:-1, max-image-preview:large, max-video-preview:-1\" \/>\n<link rel=\"canonical\" href=\"https:\/\/newmobility.news\/fr\/2026\/06\/23\/sweden-asks-eu-to-reject-tesla-fsd-over-speeding-issues\/\" \/>\n<meta property=\"og:locale\" content=\"fr_FR\" \/>\n<meta property=\"og:type\" content=\"article\" \/>\n<meta property=\"og:title\" content=\"Sweden asks EU to reject Tesla FSD over speeding issues - newmobility.news\" \/>\n<meta property=\"og:description\" content=\"Sweden&#039;s Transport Administration has told the European Union to vote against rolling out Tesla&#039;s Full Self-Driving (Supervised) software unless the company disables a feature that allows the car to break posted speed limits. Belgium has approved since the beginning of the month.\u00a0 The Swedish reThis content has been archived. Log in or Subscribe to a [&hellip;]\" \/>\n<meta property=\"og:url\" content=\"https:\/\/newmobility.news\/fr\/2026\/06\/23\/sweden-asks-eu-to-reject-tesla-fsd-over-speeding-issues\/\" \/>\n<meta property=\"og:site_name\" content=\"newmobility.news\" \/>\n<meta property=\"article:publisher\" content=\"https:\/\/www.facebook.com\/search\/top\/?q=newmobility.news\" \/>\n<meta property=\"article:published_time\" content=\"2026-06-23T08:58:18+00:00\" \/>\n<meta property=\"article:modified_time\" content=\"2026-06-26T09:49:50+00:00\" \/>\n<meta property=\"og:image\" content=\"https:\/\/newmobility.news\/wp-content\/uploads\/2026\/06\/Sweden-FSD-EU-1024x576.png\" \/>\n\t<meta property=\"og:image:width\" content=\"1024\" \/>\n\t<meta property=\"og:image:height\" content=\"576\" \/>\n\t<meta property=\"og:image:type\" content=\"image\/png\" \/>\n<meta name=\"author\" content=\"Piet Andries\" \/>\n<meta name=\"twitter:card\" content=\"summary_large_image\" \/>\n<meta name=\"twitter:creator\" content=\"@jorisvry\" \/>\n<meta name=\"twitter:site\" content=\"@jorisvry\" \/>\n<meta name=\"twitter:label1\" content=\"\u00c9crit par\" \/>\n\t<meta name=\"twitter:data1\" content=\"Piet Andries\" \/>\n\t<meta name=\"twitter:label2\" content=\"Dur\u00e9e de lecture est.\" \/>\n\t<meta name=\"twitter:data2\" content=\"3 minutes\" \/>\n<script type=\"application\/ld+json\" class=\"yoast-schema-graph\">{\"@context\":\"https:\\\/\\\/schema.org\",\"@graph\":[{\"@type\":\"Article\",\"@id\":\"https:\\\/\\\/newmobility.news\\\/2026\\\/06\\\/23\\\/sweden-asks-eu-to-reject-tesla-fsd-over-speeding-issues\\\/#article\",\"isPartOf\":{\"@id\":\"https:\\\/\\\/newmobility.news\\\/2026\\\/06\\\/23\\\/sweden-asks-eu-to-reject-tesla-fsd-over-speeding-issues\\\/\"},\"author\":{\"name\":\"Piet Andries\",\"@id\":\"https:\\\/\\\/newmobility.news\\\/#\\\/schema\\\/person\\\/a5b306e499388c9ea0a3a4f6704d7081\"},\"headline\":\"Sweden asks EU to reject Tesla FSD over speeding issues\",\"datePublished\":\"2026-06-23T08:58:18+00:00\",\"dateModified\":\"2026-06-26T09:49:50+00:00\",\"mainEntityOfPage\":{\"@id\":\"https:\\\/\\\/newmobility.news\\\/2026\\\/06\\\/23\\\/sweden-asks-eu-to-reject-tesla-fsd-over-speeding-issues\\\/\"},\"wordCount\":617,\"publisher\":{\"@id\":\"https:\\\/\\\/newmobility.news\\\/#organization\"},\"image\":{\"@id\":\"https:\\\/\\\/newmobility.news\\\/2026\\\/06\\\/23\\\/sweden-asks-eu-to-reject-tesla-fsd-over-speeding-issues\\\/#primaryimage\"},\"thumbnailUrl\":\"https:\\\/\\\/i0.wp.com\\\/newmobility.news\\\/wp-content\\\/uploads\\\/2026\\\/06\\\/Sweden-FSD-EU.png?fit=1672%2C941&ssl=1\",\"articleSection\":[\"Autonomous driving\",\"Belgium\",\"Europe\",\"Industry\",\"Mobility\",\"Top Stories Today\",\"Weekly Newsletter\"],\"inLanguage\":\"fr-BE\"},{\"@type\":\"WebPage\",\"@id\":\"https:\\\/\\\/newmobility.news\\\/2026\\\/06\\\/23\\\/sweden-asks-eu-to-reject-tesla-fsd-over-speeding-issues\\\/\",\"url\":\"https:\\\/\\\/newmobility.news\\\/2026\\\/06\\\/23\\\/sweden-asks-eu-to-reject-tesla-fsd-over-speeding-issues\\\/\",\"name\":\"Sweden asks EU to reject Tesla FSD over speeding issues - newmobility.news\",\"isPartOf\":{\"@id\":\"https:\\\/\\\/newmobility.news\\\/#website\"},\"primaryImageOfPage\":{\"@id\":\"https:\\\/\\\/newmobility.news\\\/2026\\\/06\\\/23\\\/sweden-asks-eu-to-reject-tesla-fsd-over-speeding-issues\\\/#primaryimage\"},\"image\":{\"@id\":\"https:\\\/\\\/newmobility.news\\\/2026\\\/06\\\/23\\\/sweden-asks-eu-to-reject-tesla-fsd-over-speeding-issues\\\/#primaryimage\"},\"thumbnailUrl\":\"https:\\\/\\\/i0.wp.com\\\/newmobility.news\\\/wp-content\\\/uploads\\\/2026\\\/06\\\/Sweden-FSD-EU.png?fit=1672%2C941&ssl=1\",\"datePublished\":\"2026-06-23T08:58:18+00:00\",\"dateModified\":\"2026-06-26T09:49:50+00:00\",\"breadcrumb\":{\"@id\":\"https:\\\/\\\/newmobility.news\\\/2026\\\/06\\\/23\\\/sweden-asks-eu-to-reject-tesla-fsd-over-speeding-issues\\\/#breadcrumb\"},\"inLanguage\":\"fr-BE\",\"potentialAction\":[{\"@type\":\"ReadAction\",\"target\":[\"https:\\\/\\\/newmobility.news\\\/2026\\\/06\\\/23\\\/sweden-asks-eu-to-reject-tesla-fsd-over-speeding-issues\\\/\"]}]},{\"@type\":\"ImageObject\",\"inLanguage\":\"fr-BE\",\"@id\":\"https:\\\/\\\/newmobility.news\\\/2026\\\/06\\\/23\\\/sweden-asks-eu-to-reject-tesla-fsd-over-speeding-issues\\\/#primaryimage\",\"url\":\"https:\\\/\\\/i0.wp.com\\\/newmobility.news\\\/wp-content\\\/uploads\\\/2026\\\/06\\\/Sweden-FSD-EU.png?fit=1672%2C941&ssl=1\",\"contentUrl\":\"https:\\\/\\\/i0.wp.com\\\/newmobility.news\\\/wp-content\\\/uploads\\\/2026\\\/06\\\/Sweden-FSD-EU.png?fit=1672%2C941&ssl=1\",\"width\":1672,\"height\":941,\"caption\":\"Sweden aims at convincing other EU member states to vote against European approval of FSD \\\/NMN (AI generated)\"},{\"@type\":\"BreadcrumbList\",\"@id\":\"https:\\\/\\\/newmobility.news\\\/2026\\\/06\\\/23\\\/sweden-asks-eu-to-reject-tesla-fsd-over-speeding-issues\\\/#breadcrumb\",\"itemListElement\":[{\"@type\":\"ListItem\",\"position\":1,\"name\":\"Home\",\"item\":\"https:\\\/\\\/newmobility.news\\\/\"},{\"@type\":\"ListItem\",\"position\":2,\"name\":\"Sweden asks EU to reject Tesla FSD over speeding issues\"}]},{\"@type\":\"WebSite\",\"@id\":\"https:\\\/\\\/newmobility.news\\\/#website\",\"url\":\"https:\\\/\\\/newmobility.news\\\/\",\"name\":\"newmobility.news\",\"description\":\"A B2BNews Agency\u00ae news service for mobility business proessional\",\"publisher\":{\"@id\":\"https:\\\/\\\/newmobility.news\\\/#organization\"},\"potentialAction\":[{\"@type\":\"SearchAction\",\"target\":{\"@type\":\"EntryPoint\",\"urlTemplate\":\"https:\\\/\\\/newmobility.news\\\/?s={search_term_string}\"},\"query-input\":{\"@type\":\"PropertyValueSpecification\",\"valueRequired\":true,\"valueName\":\"search_term_string\"}}],\"inLanguage\":\"fr-BE\"},{\"@type\":\"Organization\",\"@id\":\"https:\\\/\\\/newmobility.news\\\/#organization\",\"name\":\"B2BNews Agency\",\"url\":\"https:\\\/\\\/newmobility.news\\\/\",\"logo\":{\"@type\":\"ImageObject\",\"inLanguage\":\"fr-BE\",\"@id\":\"https:\\\/\\\/newmobility.news\\\/#\\\/schema\\\/logo\\\/image\\\/\",\"url\":\"https:\\\/\\\/newmobility.news\\\/wp-content\\\/uploads\\\/2018\\\/01\\\/b2bnews-agency-logo.png\",\"contentUrl\":\"https:\\\/\\\/newmobility.news\\\/wp-content\\\/uploads\\\/2018\\\/01\\\/b2bnews-agency-logo.png\",\"width\":\"581\",\"height\":\"117\",\"caption\":\"B2BNews Agency\"},\"image\":{\"@id\":\"https:\\\/\\\/newmobility.news\\\/#\\\/schema\\\/logo\\\/image\\\/\"},\"sameAs\":[\"https:\\\/\\\/www.facebook.com\\\/search\\\/top\\\/?q=newmobility.news\",\"https:\\\/\\\/x.com\\\/jorisvry\",\"https:\\\/\\\/www.linkedin.com\\\/in\\\/jorisvanroy\\\/\",\"https:\\\/\\\/nl.pinterest.com\\\/jorisvanroy\\\/\"]},{\"@type\":\"Person\",\"@id\":\"https:\\\/\\\/newmobility.news\\\/#\\\/schema\\\/person\\\/a5b306e499388c9ea0a3a4f6704d7081\",\"name\":\"Piet Andries\",\"image\":{\"@type\":\"ImageObject\",\"inLanguage\":\"fr-BE\",\"@id\":\"https:\\\/\\\/secure.gravatar.com\\\/avatar\\\/c7ec64b5aa2f5a96b3ea5ca5b828a30d1b3e6e74b21e2f3e71ba86eea80553d4?s=96&d=mm&r=g\",\"url\":\"https:\\\/\\\/secure.gravatar.com\\\/avatar\\\/c7ec64b5aa2f5a96b3ea5ca5b828a30d1b3e6e74b21e2f3e71ba86eea80553d4?s=96&d=mm&r=g\",\"contentUrl\":\"https:\\\/\\\/secure.gravatar.com\\\/avatar\\\/c7ec64b5aa2f5a96b3ea5ca5b828a30d1b3e6e74b21e2f3e71ba86eea80553d4?s=96&d=mm&r=g\",\"caption\":\"Piet Andries\"},\"url\":\"https:\\\/\\\/newmobility.news\\\/fr\\\/author\\\/piet-andriesgmail-com\\\/\"}]}<\/script>\n<!-- \/ Yoast SEO plugin. -->","yoast_head_json":{"title":"La Su\u00e8de demande \u00e0 l'UE de rejeter le syst\u00e8me FSD de Tesla en raison de probl\u00e8mes li\u00e9s aux exc\u00e8s de vitesse - newmobility.news","robots":{"index":"index","follow":"follow","max-snippet":"max-snippet:-1","max-image-preview":"max-image-preview:large","max-video-preview":"max-video-preview:-1"},"canonical":"https:\/\/newmobility.news\/fr\/2026\/06\/23\/sweden-asks-eu-to-reject-tesla-fsd-over-speeding-issues\/","og_locale":"fr_FR","og_type":"article","og_title":"Sweden asks EU to reject Tesla FSD over speeding issues - newmobility.news","og_description":"Sweden's Transport Administration has told the European Union to vote against rolling out Tesla's Full Self-Driving (Supervised) software unless the company disables a feature that allows the car to break posted speed limits. Belgium has approved since the beginning of the month.\u00a0 The Swedish reThis content has been archived. Log in or Subscribe to a [&hellip;]","og_url":"https:\/\/newmobility.news\/fr\/2026\/06\/23\/sweden-asks-eu-to-reject-tesla-fsd-over-speeding-issues\/","og_site_name":"newmobility.news","article_publisher":"https:\/\/www.facebook.com\/search\/top\/?q=newmobility.news","article_published_time":"2026-06-23T08:58:18+00:00","article_modified_time":"2026-06-26T09:49:50+00:00","og_image":[{"width":1024,"height":576,"url":"https:\/\/newmobility.news\/wp-content\/uploads\/2026\/06\/Sweden-FSD-EU-1024x576.png","type":"image\/png"}],"author":"Piet Andries","twitter_card":"summary_large_image","twitter_creator":"@jorisvry","twitter_site":"@jorisvry","twitter_misc":{"\u00c9crit par":"Piet Andries","Dur\u00e9e de lecture est.":"3 minutes"},"schema":{"@context":"https:\/\/schema.org","@graph":[{"@type":"Article","@id":"https:\/\/newmobility.news\/2026\/06\/23\/sweden-asks-eu-to-reject-tesla-fsd-over-speeding-issues\/#article","isPartOf":{"@id":"https:\/\/newmobility.news\/2026\/06\/23\/sweden-asks-eu-to-reject-tesla-fsd-over-speeding-issues\/"},"author":{"name":"Piet Andries","@id":"https:\/\/newmobility.news\/#\/schema\/person\/a5b306e499388c9ea0a3a4f6704d7081"},"headline":"Sweden asks EU to reject Tesla FSD over speeding issues","datePublished":"2026-06-23T08:58:18+00:00","dateModified":"2026-06-26T09:49:50+00:00","mainEntityOfPage":{"@id":"https:\/\/newmobility.news\/2026\/06\/23\/sweden-asks-eu-to-reject-tesla-fsd-over-speeding-issues\/"},"wordCount":617,"publisher":{"@id":"https:\/\/newmobility.news\/#organization"},"image":{"@id":"https:\/\/newmobility.news\/2026\/06\/23\/sweden-asks-eu-to-reject-tesla-fsd-over-speeding-issues\/#primaryimage"},"thumbnailUrl":"https:\/\/i0.wp.com\/newmobility.news\/wp-content\/uploads\/2026\/06\/Sweden-FSD-EU.png?fit=1672%2C941&ssl=1","articleSection":["Autonomous driving","Belgium","Europe","Industry","Mobility","Top Stories Today","Weekly Newsletter"],"inLanguage":"fr-BE"},{"@type":"WebPage","@id":"https:\/\/newmobility.news\/2026\/06\/23\/sweden-asks-eu-to-reject-tesla-fsd-over-speeding-issues\/","url":"https:\/\/newmobility.news\/2026\/06\/23\/sweden-asks-eu-to-reject-tesla-fsd-over-speeding-issues\/","name":"La Su\u00e8de demande \u00e0 l'UE de rejeter le syst\u00e8me FSD de Tesla en raison de probl\u00e8mes li\u00e9s aux exc\u00e8s de vitesse - newmobility.news","isPartOf":{"@id":"https:\/\/newmobility.news\/#website"},"primaryImageOfPage":{"@id":"https:\/\/newmobility.news\/2026\/06\/23\/sweden-asks-eu-to-reject-tesla-fsd-over-speeding-issues\/#primaryimage"},"image":{"@id":"https:\/\/newmobility.news\/2026\/06\/23\/sweden-asks-eu-to-reject-tesla-fsd-over-speeding-issues\/#primaryimage"},"thumbnailUrl":"https:\/\/i0.wp.com\/newmobility.news\/wp-content\/uploads\/2026\/06\/Sweden-FSD-EU.png?fit=1672%2C941&ssl=1","datePublished":"2026-06-23T08:58:18+00:00","dateModified":"2026-06-26T09:49:50+00:00","breadcrumb":{"@id":"https:\/\/newmobility.news\/2026\/06\/23\/sweden-asks-eu-to-reject-tesla-fsd-over-speeding-issues\/#breadcrumb"},"inLanguage":"fr-BE","potentialAction":[{"@type":"ReadAction","target":["https:\/\/newmobility.news\/2026\/06\/23\/sweden-asks-eu-to-reject-tesla-fsd-over-speeding-issues\/"]}]},{"@type":"ImageObject","inLanguage":"fr-BE","@id":"https:\/\/newmobility.news\/2026\/06\/23\/sweden-asks-eu-to-reject-tesla-fsd-over-speeding-issues\/#primaryimage","url":"https:\/\/i0.wp.com\/newmobility.news\/wp-content\/uploads\/2026\/06\/Sweden-FSD-EU.png?fit=1672%2C941&ssl=1","contentUrl":"https:\/\/i0.wp.com\/newmobility.news\/wp-content\/uploads\/2026\/06\/Sweden-FSD-EU.png?fit=1672%2C941&ssl=1","width":1672,"height":941,"caption":"Sweden aims at convincing other EU member states to vote against European approval of FSD \/NMN (AI generated)"},{"@type":"BreadcrumbList","@id":"https:\/\/newmobility.news\/2026\/06\/23\/sweden-asks-eu-to-reject-tesla-fsd-over-speeding-issues\/#breadcrumb","itemListElement":[{"@type":"ListItem","position":1,"name":"Home","item":"https:\/\/newmobility.news\/"},{"@type":"ListItem","position":2,"name":"Sweden asks EU to reject Tesla FSD over speeding issues"}]},{"@type":"WebSite","@id":"https:\/\/newmobility.news\/#website","url":"https:\/\/newmobility.news\/","name":"nouveaumobilit\u00e9.actualit\u00e9s","description":"Un service d'information B2BNews Agency\u00ae destin\u00e9 aux professionnels de la mobilit\u00e9","publisher":{"@id":"https:\/\/newmobility.news\/#organization"},"potentialAction":[{"@type":"SearchAction","target":{"@type":"EntryPoint","urlTemplate":"https:\/\/newmobility.news\/?s={search_term_string}"},"query-input":{"@type":"PropertyValueSpecification","valueRequired":true,"valueName":"search_term_string"}}],"inLanguage":"fr-BE"},{"@type":"Organization","@id":"https:\/\/newmobility.news\/#organization","name":"Agence de presse B2BNews","url":"https:\/\/newmobility.news\/","logo":{"@type":"ImageObject","inLanguage":"fr-BE","@id":"https:\/\/newmobility.news\/#\/schema\/logo\/image\/","url":"https:\/\/newmobility.news\/wp-content\/uploads\/2018\/01\/b2bnews-agency-logo.png","contentUrl":"https:\/\/newmobility.news\/wp-content\/uploads\/2018\/01\/b2bnews-agency-logo.png","width":"581","height":"117","caption":"B2BNews Agency"},"image":{"@id":"https:\/\/newmobility.news\/#\/schema\/logo\/image\/"},"sameAs":["https:\/\/www.facebook.com\/search\/top\/?q=newmobility.news","https:\/\/x.com\/jorisvry","https:\/\/www.linkedin.com\/in\/jorisvanroy\/","https:\/\/nl.pinterest.com\/jorisvanroy\/"]},{"@type":"Person","@id":"https:\/\/newmobility.news\/#\/schema\/person\/a5b306e499388c9ea0a3a4f6704d7081","name":"Piet Andries","image":{"@type":"ImageObject","inLanguage":"fr-BE","@id":"https:\/\/secure.gravatar.com\/avatar\/c7ec64b5aa2f5a96b3ea5ca5b828a30d1b3e6e74b21e2f3e71ba86eea80553d4?s=96&d=mm&r=g","url":"https:\/\/secure.gravatar.com\/avatar\/c7ec64b5aa2f5a96b3ea5ca5b828a30d1b3e6e74b21e2f3e71ba86eea80553d4?s=96&d=mm&r=g","contentUrl":"https:\/\/secure.gravatar.com\/avatar\/c7ec64b5aa2f5a96b3ea5ca5b828a30d1b3e6e74b21e2f3e71ba86eea80553d4?s=96&d=mm&r=g","caption":"Piet Andries"},"url":"https:\/\/newmobility.news\/fr\/author\/piet-andriesgmail-com\/"}]}},"jetpack_publicize_connections":[],"jetpack_shortlink":"https:\/\/wp.me\/p9wJdU-N0q","jetpack_sharing_enabled":true,"jetpack_likes_enabled":true,"jetpack-related-posts":[],"jetpack_featured_media_url":"https:\/\/i0.wp.com\/newmobility.news\/wp-content\/uploads\/2026\/06\/Sweden-FSD-EU.png?fit=1672%2C941&ssl=1","_links":{"self":[{"href":"https:\/\/newmobility.news\/fr\/wp-json\/wp\/v2\/posts\/188382","targetHints":{"allow":["GET"]}}],"collection":[{"href":"https:\/\/newmobility.news\/fr\/wp-json\/wp\/v2\/posts"}],"about":[{"href":"https:\/\/newmobility.news\/fr\/wp-json\/wp\/v2\/types\/post"}],"author":[{"embeddable":true,"href":"https:\/\/newmobility.news\/fr\/wp-json\/wp\/v2\/users\/715"}],"replies":[{"embeddable":true,"href":"https:\/\/newmobility.news\/fr\/wp-json\/wp\/v2\/comments?post=188382"}],"version-history":[{"count":5,"href":"https:\/\/newmobility.news\/fr\/wp-json\/wp\/v2\/posts\/188382\/revisions"}],"predecessor-version":[{"id":188421,"href":"https:\/\/newmobility.news\/fr\/wp-json\/wp\/v2\/posts\/188382\/revisions\/188421"}],"wp:featuredmedia":[{"embeddable":true,"href":"https:\/\/newmobility.news\/fr\/wp-json\/wp\/v2\/media\/188383"}],"wp:attachment":[{"href":"https:\/\/newmobility.news\/fr\/wp-json\/wp\/v2\/media?parent=188382"}],"wp:term":[{"taxonomy":"category","embeddable":true,"href":"https:\/\/newmobility.news\/fr\/wp-json\/wp\/v2\/categories?post=188382"},{"taxonomy":"post_tag","embeddable":true,"href":"https:\/\/newmobility.news\/fr\/wp-json\/wp\/v2\/tags?post=188382"}],"curies":[{"name":"wp","href":"https:\/\/api.w.org\/{rel}","templated":true}]}}