{"id":188477,"date":"2026-06-24T10:51:42","date_gmt":"2026-06-24T08:51:42","guid":{"rendered":"https:\/\/newmobility.news\/?p=188477"},"modified":"2026-06-26T11:48:43","modified_gmt":"2026-06-26T09:48:43","slug":"te-ever-bigger-cars-are-a-threat-to-urban-space-and-safety-for-vulnerable-road-users","status":"publish","type":"post","link":"https:\/\/newmobility.news\/fr\/2026\/06\/24\/te-ever-bigger-cars-are-a-threat-to-urban-space-and-safety-for-vulnerable-road-users\/","title":{"rendered":"T&amp;E : \u2018 Les voitures toujours plus grandes constituent une menace pour l'espace urbain et les usagers vuln\u00e9rables de la route \u2019"},"content":{"rendered":"Les villes europ\u00e9ennes sont confront\u00e9es \u00e0 une menace sans pr\u00e9c\u00e9dent pour leur espace urbain, car la tendance \u00e0 l'achat de gros SUV risque d'entra\u00eener la suppression d'un grand nombre de places de stationnement. Selon un nouveau rapport publi\u00e9 aujourd'hui par T&amp;E et Clean Cities, toutes les villes devraient perdre entre 8,5% et 14% de leurs places de stationnement en voirie.<div class=\"leaky_paywall_message_wrap\"><div id=\"leaky_paywall_message\">Ce contenu a \u00e9t\u00e9 archiv\u00e9. <a href=\"https:\/\/newmobility.news\/fr\/subscription\/\">Connectez-vous ou inscrivez-vous<\/a> \u00e0 un niveau qui donne acc\u00e8s au contenu archiv\u00e9.<\/div><\/div>","protected":false},"excerpt":{"rendered":"<p>European cities are facing an unprecedented threat to urban space because the trend towards large SUVs risks eliminating vast numbers of parking spaces. According to a new report published today by T&amp;E and Clean Cities, all cities are set to lose between 8.5% and 14% of their on-street parking sThis content has been archived. Log [&hellip;]<\/p>\n","protected":false},"author":13,"featured_media":188510,"comment_status":"closed","ping_status":"closed","sticky":false,"template":"","format":"standard","meta":{"_acf_changed":false,"_jetpack_newsletter_access":"","_jetpack_dont_email_post_to_subs":false,"_jetpack_newsletter_tier_id":0,"_jetpack_memberships_contains_paywalled_content":false,"_jetpack_feature_clip_id":0,"_jetpack_memberships_contains_paid_content":false,"footnotes":"","jetpack_publicize_message":"{title}\r\n\r\n{excerpt}\r\n\r\n{url}","jetpack_publicize_feature_enabled":true,"jetpack_social_post_already_shared":true,"jetpack_social_options":{"image_generator_settings":{"template":"highway","default_image_id":0,"font":"","enabled":false},"version":2},"_wpas_customize_per_network":false,"jetpack_post_was_ever_published":false},"categories":[29,51851,31,77201,4,17],"tags":[],"class_list":["post-188477","post","type-post","status-publish","format-standard","has-post-thumbnail","hentry","category-environment","category-health","category-road-safety","category-study","category-top-stories-today","category-weekly-newsletter"],"acf":[],"featured_image_urls_v2":{"full":["https:\/\/i0.wp.com\/newmobility.news\/wp-content\/uploads\/2026\/06\/Scherm%C2%ADafbeelding-2026-06-24-om-10.37.34.png?fit=1128%2C792&ssl=1",1128,792,false],"thumbnail":["https:\/\/i0.wp.com\/newmobility.news\/wp-content\/uploads\/2026\/06\/Scherm%C2%ADafbeelding-2026-06-24-om-10.37.34.png?resize=150%2C150&ssl=1",150,150,true],"medium":["https:\/\/i0.wp.com\/newmobility.news\/wp-content\/uploads\/2026\/06\/Scherm%C2%ADafbeelding-2026-06-24-om-10.37.34.png?fit=300%2C211&ssl=1",300,211,true],"medium_large":["https:\/\/i0.wp.com\/newmobility.news\/wp-content\/uploads\/2026\/06\/Scherm%C2%ADafbeelding-2026-06-24-om-10.37.34.png?fit=640%2C449&ssl=1",640,449,true],"large":["https:\/\/i0.wp.com\/newmobility.news\/wp-content\/uploads\/2026\/06\/Scherm%C2%ADafbeelding-2026-06-24-om-10.37.34.png?fit=640%2C449&ssl=1",640,449,true],"1536x1536":["https:\/\/i0.wp.com\/newmobility.news\/wp-content\/uploads\/2026\/06\/Scherm%C2%ADafbeelding-2026-06-24-om-10.37.34.png?fit=1128%2C792&ssl=1",1128,792,true],"2048x2048":["https:\/\/i0.wp.com\/newmobility.news\/wp-content\/uploads\/2026\/06\/Scherm%C2%ADafbeelding-2026-06-24-om-10.37.34.png?fit=1128%2C792&ssl=1",1128,792,true],"trp-custom-language-flag":["https:\/\/i0.wp.com\/newmobility.news\/wp-content\/uploads\/2026\/06\/Scherm%C2%ADafbeelding-2026-06-24-om-10.37.34.png?fit=18%2C12&ssl=1",18,12,true],"related-thumb":["https:\/\/i0.wp.com\/newmobility.news\/wp-content\/uploads\/2026\/06\/Scherm%C2%ADafbeelding-2026-06-24-om-10.37.34.png?resize=640%2C480&ssl=1",640,480,true],"gform-image-choice-sm":["https:\/\/i0.wp.com\/newmobility.news\/wp-content\/uploads\/2026\/06\/Scherm%C2%ADafbeelding-2026-06-24-om-10.37.34.png?resize=300%2C300&ssl=1",300,300,true],"gform-image-choice-md":["https:\/\/i0.wp.com\/newmobility.news\/wp-content\/uploads\/2026\/06\/Scherm%C2%ADafbeelding-2026-06-24-om-10.37.34.png?resize=400%2C400&ssl=1",400,400,true],"gform-image-choice-lg":["https:\/\/i0.wp.com\/newmobility.news\/wp-content\/uploads\/2026\/06\/Scherm%C2%ADafbeelding-2026-06-24-om-10.37.34.png?resize=600%2C600&ssl=1",600,600,true],"mailchimp":["https:\/\/i0.wp.com\/newmobility.news\/wp-content\/uploads\/2026\/06\/Scherm%C2%ADafbeelding-2026-06-24-om-10.37.34.png?fit=560%2C393&ssl=1",560,393,true],"unipress-phone":["https:\/\/i0.wp.com\/newmobility.news\/wp-content\/uploads\/2026\/06\/Scherm%C2%ADafbeelding-2026-06-24-om-10.37.34.png?resize=640%2C100&ssl=1",640,100,true],"unipress-tablet":["https:\/\/i0.wp.com\/newmobility.news\/wp-content\/uploads\/2026\/06\/Scherm%C2%ADafbeelding-2026-06-24-om-10.37.34.png?resize=1128%2C240&ssl=1",1128,240,true],"unipress-tablet-portrait":["https:\/\/i0.wp.com\/newmobility.news\/wp-content\/uploads\/2026\/06\/Scherm%C2%ADafbeelding-2026-06-24-om-10.37.34.png?resize=1128%2C180&ssl=1",1128,180,true],"unipress-tablet-landscape":["https:\/\/i0.wp.com\/newmobility.news\/wp-content\/uploads\/2026\/06\/Scherm%C2%ADafbeelding-2026-06-24-om-10.37.34.png?resize=1128%2C180&ssl=1",1128,180,true],"unipress-smartphone":["https:\/\/i0.wp.com\/newmobility.news\/wp-content\/uploads\/2026\/06\/Scherm%C2%ADafbeelding-2026-06-24-om-10.37.34.png?resize=1080%2C168&ssl=1",1080,168,true],"unipress-wide-screen":["https:\/\/i0.wp.com\/newmobility.news\/wp-content\/uploads\/2026\/06\/Scherm%C2%ADafbeelding-2026-06-24-om-10.37.34.png?resize=1128%2C180&ssl=1",1128,180,true]},"post_excerpt_stackable_v2":"<p>European cities are facing an unprecedented threat to urban space because the trend towards large SUVs risks eliminating vast numbers of parking spaces. According to a new report published today by T&amp;E and Clean Cities, all cities are set to lose between 8.5% and 14% of their on-street parking sThis content has been archived. Log in or Subscribe to a level that has access to archived content.<\/p>\n","category_list_v2":"<a href=\"https:\/\/newmobility.news\/fr\/category\/environment\/\" rel=\"category tag\">Environment<\/a>, <a href=\"https:\/\/newmobility.news\/fr\/category\/health\/\" rel=\"category tag\">Health<\/a>, <a href=\"https:\/\/newmobility.news\/fr\/category\/road-safety\/\" rel=\"category tag\">Road safety<\/a>, <a href=\"https:\/\/newmobility.news\/fr\/category\/study\/\" rel=\"category tag\">Study<\/a>, <a href=\"https:\/\/newmobility.news\/fr\/category\/top-stories-today\/\" rel=\"category tag\">Top Stories Today<\/a>, <a href=\"https:\/\/newmobility.news\/fr\/category\/weekly-newsletter\/\" rel=\"category tag\">Weekly Newsletter<\/a>","author_info_v2":{"name":"Tony Verhelle","url":"https:\/\/newmobility.news\/fr\/author\/toverbel\/"},"comments_num_v2":"0 comments","yoast_head":"<!-- This site is optimized with the Yoast SEO plugin v28.4 - https:\/\/yoast.com\/product\/yoast-seo-wordpress\/ -->\n<title>T&amp;E: &#039;Ever bigger cars are a threat to urban space and vulnerable road users&#039; - newmobility.news<\/title>\n<meta name=\"robots\" content=\"index, follow, max-snippet:-1, max-image-preview:large, max-video-preview:-1\" \/>\n<link rel=\"canonical\" href=\"https:\/\/newmobility.news\/fr\/2026\/06\/24\/te-ever-bigger-cars-are-a-threat-to-urban-space-and-safety-for-vulnerable-road-users\/\" \/>\n<meta property=\"og:locale\" content=\"fr_FR\" \/>\n<meta property=\"og:type\" content=\"article\" \/>\n<meta property=\"og:title\" content=\"T&amp;E: &#039;Ever bigger cars are a threat to urban space and vulnerable road users&#039; - newmobility.news\" \/>\n<meta property=\"og:description\" content=\"European cities are facing an unprecedented threat to urban space because the trend towards large SUVs risks eliminating vast numbers of parking spaces. According to a new report published today by T&amp;E and Clean Cities, all cities are set to lose between 8.5% and 14% of their on-street parking sThis content has been archived. Log [&hellip;]\" \/>\n<meta property=\"og:url\" content=\"https:\/\/newmobility.news\/fr\/2026\/06\/24\/te-ever-bigger-cars-are-a-threat-to-urban-space-and-safety-for-vulnerable-road-users\/\" \/>\n<meta property=\"og:site_name\" content=\"newmobility.news\" \/>\n<meta property=\"article:publisher\" content=\"https:\/\/www.facebook.com\/search\/top\/?q=newmobility.news\" \/>\n<meta property=\"article:published_time\" content=\"2026-06-24T08:51:42+00:00\" \/>\n<meta property=\"article:modified_time\" content=\"2026-06-26T09:48:43+00:00\" \/>\n<meta property=\"og:image\" content=\"https:\/\/newmobility.news\/wp-content\/uploads\/2026\/06\/Scherm\u00adafbeelding-2026-06-24-om-10.37.34.png\" \/>\n\t<meta property=\"og:image:width\" content=\"1128\" \/>\n\t<meta property=\"og:image:height\" content=\"792\" \/>\n\t<meta property=\"og:image:type\" content=\"image\/png\" \/>\n<meta name=\"author\" content=\"Tony Verhelle\" \/>\n<meta name=\"twitter:card\" content=\"summary_large_image\" \/>\n<meta name=\"twitter:creator\" content=\"@jorisvry\" \/>\n<meta name=\"twitter:site\" content=\"@jorisvry\" \/>\n<meta name=\"twitter:label1\" content=\"\u00c9crit par\" \/>\n\t<meta name=\"twitter:data1\" content=\"Tony Verhelle\" \/>\n\t<meta name=\"twitter:label2\" content=\"Dur\u00e9e de lecture est.\" \/>\n\t<meta name=\"twitter:data2\" content=\"5 minutes\" \/>\n<script type=\"application\/ld+json\" class=\"yoast-schema-graph\">{\"@context\":\"https:\\\/\\\/schema.org\",\"@graph\":[{\"@type\":\"Article\",\"@id\":\"https:\\\/\\\/newmobility.news\\\/2026\\\/06\\\/24\\\/te-ever-bigger-cars-are-a-threat-to-urban-space-and-safety-for-vulnerable-road-users\\\/#article\",\"isPartOf\":{\"@id\":\"https:\\\/\\\/newmobility.news\\\/2026\\\/06\\\/24\\\/te-ever-bigger-cars-are-a-threat-to-urban-space-and-safety-for-vulnerable-road-users\\\/\"},\"author\":{\"name\":\"Tony Verhelle\",\"@id\":\"https:\\\/\\\/newmobility.news\\\/#\\\/schema\\\/person\\\/9ed42cfc4d62d98488c1d6e225040557\"},\"headline\":\"T&#038;E: &#8216;Ever bigger cars are a threat to urban space and vulnerable road users&#8217;\",\"datePublished\":\"2026-06-24T08:51:42+00:00\",\"dateModified\":\"2026-06-26T09:48:43+00:00\",\"mainEntityOfPage\":{\"@id\":\"https:\\\/\\\/newmobility.news\\\/2026\\\/06\\\/24\\\/te-ever-bigger-cars-are-a-threat-to-urban-space-and-safety-for-vulnerable-road-users\\\/\"},\"wordCount\":858,\"publisher\":{\"@id\":\"https:\\\/\\\/newmobility.news\\\/#organization\"},\"image\":{\"@id\":\"https:\\\/\\\/newmobility.news\\\/2026\\\/06\\\/24\\\/te-ever-bigger-cars-are-a-threat-to-urban-space-and-safety-for-vulnerable-road-users\\\/#primaryimage\"},\"thumbnailUrl\":\"https:\\\/\\\/i0.wp.com\\\/newmobility.news\\\/wp-content\\\/uploads\\\/2026\\\/06\\\/Scherm%C2%ADafbeelding-2026-06-24-om-10.37.34.png?fit=1128%2C792&ssl=1\",\"articleSection\":[\"Environment\",\"Health\",\"Road safety\",\"Study\",\"Top Stories Today\",\"Weekly Newsletter\"],\"inLanguage\":\"fr-BE\"},{\"@type\":\"WebPage\",\"@id\":\"https:\\\/\\\/newmobility.news\\\/2026\\\/06\\\/24\\\/te-ever-bigger-cars-are-a-threat-to-urban-space-and-safety-for-vulnerable-road-users\\\/\",\"url\":\"https:\\\/\\\/newmobility.news\\\/2026\\\/06\\\/24\\\/te-ever-bigger-cars-are-a-threat-to-urban-space-and-safety-for-vulnerable-road-users\\\/\",\"name\":\"T&E: 'Ever bigger cars are a threat to urban space and vulnerable road users' - newmobility.news\",\"isPartOf\":{\"@id\":\"https:\\\/\\\/newmobility.news\\\/#website\"},\"primaryImageOfPage\":{\"@id\":\"https:\\\/\\\/newmobility.news\\\/2026\\\/06\\\/24\\\/te-ever-bigger-cars-are-a-threat-to-urban-space-and-safety-for-vulnerable-road-users\\\/#primaryimage\"},\"image\":{\"@id\":\"https:\\\/\\\/newmobility.news\\\/2026\\\/06\\\/24\\\/te-ever-bigger-cars-are-a-threat-to-urban-space-and-safety-for-vulnerable-road-users\\\/#primaryimage\"},\"thumbnailUrl\":\"https:\\\/\\\/i0.wp.com\\\/newmobility.news\\\/wp-content\\\/uploads\\\/2026\\\/06\\\/Scherm%C2%ADafbeelding-2026-06-24-om-10.37.34.png?fit=1128%2C792&ssl=1\",\"datePublished\":\"2026-06-24T08:51:42+00:00\",\"dateModified\":\"2026-06-26T09:48:43+00:00\",\"breadcrumb\":{\"@id\":\"https:\\\/\\\/newmobility.news\\\/2026\\\/06\\\/24\\\/te-ever-bigger-cars-are-a-threat-to-urban-space-and-safety-for-vulnerable-road-users\\\/#breadcrumb\"},\"inLanguage\":\"fr-BE\",\"potentialAction\":[{\"@type\":\"ReadAction\",\"target\":[\"https:\\\/\\\/newmobility.news\\\/2026\\\/06\\\/24\\\/te-ever-bigger-cars-are-a-threat-to-urban-space-and-safety-for-vulnerable-road-users\\\/\"]}]},{\"@type\":\"ImageObject\",\"inLanguage\":\"fr-BE\",\"@id\":\"https:\\\/\\\/newmobility.news\\\/2026\\\/06\\\/24\\\/te-ever-bigger-cars-are-a-threat-to-urban-space-and-safety-for-vulnerable-road-users\\\/#primaryimage\",\"url\":\"https:\\\/\\\/i0.wp.com\\\/newmobility.news\\\/wp-content\\\/uploads\\\/2026\\\/06\\\/Scherm%C2%ADafbeelding-2026-06-24-om-10.37.34.png?fit=1128%2C792&ssl=1\",\"contentUrl\":\"https:\\\/\\\/i0.wp.com\\\/newmobility.news\\\/wp-content\\\/uploads\\\/2026\\\/06\\\/Scherm%C2%ADafbeelding-2026-06-24-om-10.37.34.png?fit=1128%2C792&ssl=1\",\"width\":1128,\"height\":792,\"caption\":\"If the current trend continues, cars will get ever longer, wider, and higher \\\/T&E\"},{\"@type\":\"BreadcrumbList\",\"@id\":\"https:\\\/\\\/newmobility.news\\\/2026\\\/06\\\/24\\\/te-ever-bigger-cars-are-a-threat-to-urban-space-and-safety-for-vulnerable-road-users\\\/#breadcrumb\",\"itemListElement\":[{\"@type\":\"ListItem\",\"position\":1,\"name\":\"Home\",\"item\":\"https:\\\/\\\/newmobility.news\\\/\"},{\"@type\":\"ListItem\",\"position\":2,\"name\":\"T&#038;E: &#8216;Ever bigger cars are a threat to urban space and vulnerable road users&#8217;\"}]},{\"@type\":\"WebSite\",\"@id\":\"https:\\\/\\\/newmobility.news\\\/#website\",\"url\":\"https:\\\/\\\/newmobility.news\\\/\",\"name\":\"newmobility.news\",\"description\":\"A B2BNews Agency\u00ae news service for mobility business proessional\",\"publisher\":{\"@id\":\"https:\\\/\\\/newmobility.news\\\/#organization\"},\"potentialAction\":[{\"@type\":\"SearchAction\",\"target\":{\"@type\":\"EntryPoint\",\"urlTemplate\":\"https:\\\/\\\/newmobility.news\\\/?s={search_term_string}\"},\"query-input\":{\"@type\":\"PropertyValueSpecification\",\"valueRequired\":true,\"valueName\":\"search_term_string\"}}],\"inLanguage\":\"fr-BE\"},{\"@type\":\"Organization\",\"@id\":\"https:\\\/\\\/newmobility.news\\\/#organization\",\"name\":\"B2BNews Agency\",\"url\":\"https:\\\/\\\/newmobility.news\\\/\",\"logo\":{\"@type\":\"ImageObject\",\"inLanguage\":\"fr-BE\",\"@id\":\"https:\\\/\\\/newmobility.news\\\/#\\\/schema\\\/logo\\\/image\\\/\",\"url\":\"https:\\\/\\\/newmobility.news\\\/wp-content\\\/uploads\\\/2018\\\/01\\\/b2bnews-agency-logo.png\",\"contentUrl\":\"https:\\\/\\\/newmobility.news\\\/wp-content\\\/uploads\\\/2018\\\/01\\\/b2bnews-agency-logo.png\",\"width\":\"581\",\"height\":\"117\",\"caption\":\"B2BNews Agency\"},\"image\":{\"@id\":\"https:\\\/\\\/newmobility.news\\\/#\\\/schema\\\/logo\\\/image\\\/\"},\"sameAs\":[\"https:\\\/\\\/www.facebook.com\\\/search\\\/top\\\/?q=newmobility.news\",\"https:\\\/\\\/x.com\\\/jorisvry\",\"https:\\\/\\\/www.linkedin.com\\\/in\\\/jorisvanroy\\\/\",\"https:\\\/\\\/nl.pinterest.com\\\/jorisvanroy\\\/\"]},{\"@type\":\"Person\",\"@id\":\"https:\\\/\\\/newmobility.news\\\/#\\\/schema\\\/person\\\/9ed42cfc4d62d98488c1d6e225040557\",\"name\":\"Tony Verhelle\",\"image\":{\"@type\":\"ImageObject\",\"inLanguage\":\"fr-BE\",\"@id\":\"https:\\\/\\\/secure.gravatar.com\\\/avatar\\\/3aa7bc7e3c29543b27eddb4850cf5b080b7eed539a9cc5c8807f7fae34c56438?s=96&d=mm&r=g\",\"url\":\"https:\\\/\\\/secure.gravatar.com\\\/avatar\\\/3aa7bc7e3c29543b27eddb4850cf5b080b7eed539a9cc5c8807f7fae34c56438?s=96&d=mm&r=g\",\"contentUrl\":\"https:\\\/\\\/secure.gravatar.com\\\/avatar\\\/3aa7bc7e3c29543b27eddb4850cf5b080b7eed539a9cc5c8807f7fae34c56438?s=96&d=mm&r=g\",\"caption\":\"Tony Verhelle\"},\"url\":\"https:\\\/\\\/newmobility.news\\\/fr\\\/author\\\/toverbel\\\/\"}]}<\/script>\n<!-- \/ Yoast SEO plugin. -->","yoast_head_json":{"title":"T&amp;E : ' Les voitures toujours plus grandes constituent une menace pour l'espace urbain et les usagers vuln\u00e9rables de la route ' - newmobility.news","robots":{"index":"index","follow":"follow","max-snippet":"max-snippet:-1","max-image-preview":"max-image-preview:large","max-video-preview":"max-video-preview:-1"},"canonical":"https:\/\/newmobility.news\/fr\/2026\/06\/24\/te-ever-bigger-cars-are-a-threat-to-urban-space-and-safety-for-vulnerable-road-users\/","og_locale":"fr_FR","og_type":"article","og_title":"T&E: 'Ever bigger cars are a threat to urban space and vulnerable road users' - newmobility.news","og_description":"European cities are facing an unprecedented threat to urban space because the trend towards large SUVs risks eliminating vast numbers of parking spaces. According to a new report published today by T&amp;E and Clean Cities, all cities are set to lose between 8.5% and 14% of their on-street parking sThis content has been archived. Log [&hellip;]","og_url":"https:\/\/newmobility.news\/fr\/2026\/06\/24\/te-ever-bigger-cars-are-a-threat-to-urban-space-and-safety-for-vulnerable-road-users\/","og_site_name":"newmobility.news","article_publisher":"https:\/\/www.facebook.com\/search\/top\/?q=newmobility.news","article_published_time":"2026-06-24T08:51:42+00:00","article_modified_time":"2026-06-26T09:48:43+00:00","og_image":[{"width":1128,"height":792,"url":"https:\/\/newmobility.news\/wp-content\/uploads\/2026\/06\/Scherm\u00adafbeelding-2026-06-24-om-10.37.34.png","type":"image\/png"}],"author":"Tony Verhelle","twitter_card":"summary_large_image","twitter_creator":"@jorisvry","twitter_site":"@jorisvry","twitter_misc":{"\u00c9crit par":"Tony Verhelle","Dur\u00e9e de lecture est.":"5 minutes"},"schema":{"@context":"https:\/\/schema.org","@graph":[{"@type":"Article","@id":"https:\/\/newmobility.news\/2026\/06\/24\/te-ever-bigger-cars-are-a-threat-to-urban-space-and-safety-for-vulnerable-road-users\/#article","isPartOf":{"@id":"https:\/\/newmobility.news\/2026\/06\/24\/te-ever-bigger-cars-are-a-threat-to-urban-space-and-safety-for-vulnerable-road-users\/"},"author":{"name":"Tony Verhelle","@id":"https:\/\/newmobility.news\/#\/schema\/person\/9ed42cfc4d62d98488c1d6e225040557"},"headline":"T&#038;E: &#8216;Ever bigger cars are a threat to urban space and vulnerable road users&#8217;","datePublished":"2026-06-24T08:51:42+00:00","dateModified":"2026-06-26T09:48:43+00:00","mainEntityOfPage":{"@id":"https:\/\/newmobility.news\/2026\/06\/24\/te-ever-bigger-cars-are-a-threat-to-urban-space-and-safety-for-vulnerable-road-users\/"},"wordCount":858,"publisher":{"@id":"https:\/\/newmobility.news\/#organization"},"image":{"@id":"https:\/\/newmobility.news\/2026\/06\/24\/te-ever-bigger-cars-are-a-threat-to-urban-space-and-safety-for-vulnerable-road-users\/#primaryimage"},"thumbnailUrl":"https:\/\/i0.wp.com\/newmobility.news\/wp-content\/uploads\/2026\/06\/Scherm%C2%ADafbeelding-2026-06-24-om-10.37.34.png?fit=1128%2C792&ssl=1","articleSection":["Environment","Health","Road safety","Study","Top Stories Today","Weekly Newsletter"],"inLanguage":"fr-BE"},{"@type":"WebPage","@id":"https:\/\/newmobility.news\/2026\/06\/24\/te-ever-bigger-cars-are-a-threat-to-urban-space-and-safety-for-vulnerable-road-users\/","url":"https:\/\/newmobility.news\/2026\/06\/24\/te-ever-bigger-cars-are-a-threat-to-urban-space-and-safety-for-vulnerable-road-users\/","name":"T&amp;E : ' Les voitures toujours plus grandes constituent une menace pour l'espace urbain et les usagers vuln\u00e9rables de la route ' - newmobility.news","isPartOf":{"@id":"https:\/\/newmobility.news\/#website"},"primaryImageOfPage":{"@id":"https:\/\/newmobility.news\/2026\/06\/24\/te-ever-bigger-cars-are-a-threat-to-urban-space-and-safety-for-vulnerable-road-users\/#primaryimage"},"image":{"@id":"https:\/\/newmobility.news\/2026\/06\/24\/te-ever-bigger-cars-are-a-threat-to-urban-space-and-safety-for-vulnerable-road-users\/#primaryimage"},"thumbnailUrl":"https:\/\/i0.wp.com\/newmobility.news\/wp-content\/uploads\/2026\/06\/Scherm%C2%ADafbeelding-2026-06-24-om-10.37.34.png?fit=1128%2C792&ssl=1","datePublished":"2026-06-24T08:51:42+00:00","dateModified":"2026-06-26T09:48:43+00:00","breadcrumb":{"@id":"https:\/\/newmobility.news\/2026\/06\/24\/te-ever-bigger-cars-are-a-threat-to-urban-space-and-safety-for-vulnerable-road-users\/#breadcrumb"},"inLanguage":"fr-BE","potentialAction":[{"@type":"ReadAction","target":["https:\/\/newmobility.news\/2026\/06\/24\/te-ever-bigger-cars-are-a-threat-to-urban-space-and-safety-for-vulnerable-road-users\/"]}]},{"@type":"ImageObject","inLanguage":"fr-BE","@id":"https:\/\/newmobility.news\/2026\/06\/24\/te-ever-bigger-cars-are-a-threat-to-urban-space-and-safety-for-vulnerable-road-users\/#primaryimage","url":"https:\/\/i0.wp.com\/newmobility.news\/wp-content\/uploads\/2026\/06\/Scherm%C2%ADafbeelding-2026-06-24-om-10.37.34.png?fit=1128%2C792&ssl=1","contentUrl":"https:\/\/i0.wp.com\/newmobility.news\/wp-content\/uploads\/2026\/06\/Scherm%C2%ADafbeelding-2026-06-24-om-10.37.34.png?fit=1128%2C792&ssl=1","width":1128,"height":792,"caption":"If the current trend continues, cars will get ever longer, wider, and higher \/T&E"},{"@type":"BreadcrumbList","@id":"https:\/\/newmobility.news\/2026\/06\/24\/te-ever-bigger-cars-are-a-threat-to-urban-space-and-safety-for-vulnerable-road-users\/#breadcrumb","itemListElement":[{"@type":"ListItem","position":1,"name":"Home","item":"https:\/\/newmobility.news\/"},{"@type":"ListItem","position":2,"name":"T&#038;E: &#8216;Ever bigger cars are a threat to urban space and vulnerable road users&#8217;"}]},{"@type":"WebSite","@id":"https:\/\/newmobility.news\/#website","url":"https:\/\/newmobility.news\/","name":"nouveaumobilit\u00e9.actualit\u00e9s","description":"Un service d'information B2BNews Agency\u00ae destin\u00e9 aux professionnels de la mobilit\u00e9","publisher":{"@id":"https:\/\/newmobility.news\/#organization"},"potentialAction":[{"@type":"SearchAction","target":{"@type":"EntryPoint","urlTemplate":"https:\/\/newmobility.news\/?s={search_term_string}"},"query-input":{"@type":"PropertyValueSpecification","valueRequired":true,"valueName":"search_term_string"}}],"inLanguage":"fr-BE"},{"@type":"Organization","@id":"https:\/\/newmobility.news\/#organization","name":"Agence de presse B2BNews","url":"https:\/\/newmobility.news\/","logo":{"@type":"ImageObject","inLanguage":"fr-BE","@id":"https:\/\/newmobility.news\/#\/schema\/logo\/image\/","url":"https:\/\/newmobility.news\/wp-content\/uploads\/2018\/01\/b2bnews-agency-logo.png","contentUrl":"https:\/\/newmobility.news\/wp-content\/uploads\/2018\/01\/b2bnews-agency-logo.png","width":"581","height":"117","caption":"B2BNews Agency"},"image":{"@id":"https:\/\/newmobility.news\/#\/schema\/logo\/image\/"},"sameAs":["https:\/\/www.facebook.com\/search\/top\/?q=newmobility.news","https:\/\/x.com\/jorisvry","https:\/\/www.linkedin.com\/in\/jorisvanroy\/","https:\/\/nl.pinterest.com\/jorisvanroy\/"]},{"@type":"Person","@id":"https:\/\/newmobility.news\/#\/schema\/person\/9ed42cfc4d62d98488c1d6e225040557","name":"Tony Verhelle","image":{"@type":"ImageObject","inLanguage":"fr-BE","@id":"https:\/\/secure.gravatar.com\/avatar\/3aa7bc7e3c29543b27eddb4850cf5b080b7eed539a9cc5c8807f7fae34c56438?s=96&d=mm&r=g","url":"https:\/\/secure.gravatar.com\/avatar\/3aa7bc7e3c29543b27eddb4850cf5b080b7eed539a9cc5c8807f7fae34c56438?s=96&d=mm&r=g","contentUrl":"https:\/\/secure.gravatar.com\/avatar\/3aa7bc7e3c29543b27eddb4850cf5b080b7eed539a9cc5c8807f7fae34c56438?s=96&d=mm&r=g","caption":"Tony Verhelle"},"url":"https:\/\/newmobility.news\/fr\/author\/toverbel\/"}]}},"jetpack_publicize_connections":[],"jetpack_shortlink":"https:\/\/wp.me\/p9wJdU-N1X","jetpack_sharing_enabled":true,"jetpack_likes_enabled":true,"jetpack-related-posts":[],"jetpack_featured_media_url":"https:\/\/i0.wp.com\/newmobility.news\/wp-content\/uploads\/2026\/06\/Scherm%C2%ADafbeelding-2026-06-24-om-10.37.34.png?fit=1128%2C792&ssl=1","_links":{"self":[{"href":"https:\/\/newmobility.news\/fr\/wp-json\/wp\/v2\/posts\/188477","targetHints":{"allow":["GET"]}}],"collection":[{"href":"https:\/\/newmobility.news\/fr\/wp-json\/wp\/v2\/posts"}],"about":[{"href":"https:\/\/newmobility.news\/fr\/wp-json\/wp\/v2\/types\/post"}],"author":[{"embeddable":true,"href":"https:\/\/newmobility.news\/fr\/wp-json\/wp\/v2\/users\/13"}],"replies":[{"embeddable":true,"href":"https:\/\/newmobility.news\/fr\/wp-json\/wp\/v2\/comments?post=188477"}],"version-history":[{"count":3,"href":"https:\/\/newmobility.news\/fr\/wp-json\/wp\/v2\/posts\/188477\/revisions"}],"predecessor-version":[{"id":188520,"href":"https:\/\/newmobility.news\/fr\/wp-json\/wp\/v2\/posts\/188477\/revisions\/188520"}],"wp:featuredmedia":[{"embeddable":true,"href":"https:\/\/newmobility.news\/fr\/wp-json\/wp\/v2\/media\/188510"}],"wp:attachment":[{"href":"https:\/\/newmobility.news\/fr\/wp-json\/wp\/v2\/media?parent=188477"}],"wp:term":[{"taxonomy":"category","embeddable":true,"href":"https:\/\/newmobility.news\/fr\/wp-json\/wp\/v2\/categories?post=188477"},{"taxonomy":"post_tag","embeddable":true,"href":"https:\/\/newmobility.news\/fr\/wp-json\/wp\/v2\/tags?post=188477"}],"curies":[{"name":"wp","href":"https:\/\/api.w.org\/{rel}","templated":true}]}}