{"id":188480,"date":"2026-06-24T10:19:53","date_gmt":"2026-06-24T08:19:53","guid":{"rendered":"https:\/\/newmobility.news\/?p=188480"},"modified":"2026-06-26T11:48:53","modified_gmt":"2026-06-26T09:48:53","slug":"geely-e2-heads-for-belgium-with-chinese-sales-star-pedigree","status":"publish","type":"post","link":"https:\/\/newmobility.news\/fr\/2026\/06\/24\/geely-e2-heads-for-belgium-with-chinese-sales-star-pedigree\/","title":{"rendered":"La Geely E2 d\u00e9barque en Belgique forte de son succ\u00e8s commercial en Chine"},"content":{"rendered":"Geely lancera l\u2019E2 en Belgique apr\u00e8s l\u2019\u00e9t\u00e9, introduisant ainsi l\u2019un des plus grands succ\u00e8s r\u00e9cents de la Chine en mati\u00e8re de v\u00e9hicules \u00e9lectriques sur le march\u00e9 europ\u00e9en tr\u00e8s concurrentiel des petites voitures.\n\nCette compacte \u00e0 cinq portes vise \u00e0 faire de Geely un acteur de premier plan sur le segment d\u2019entr\u00e9e de gamme du march\u00e9 des v\u00e9hicules \u00e9lectriques, avec un prix de d\u00e9part d\u2019environ 20 000 \u20ac, mais le prix d\u00e9finitif en Belgique<div class=\"leaky_paywall_message_wrap\"><div id=\"leaky_paywall_message\">Ce contenu a \u00e9t\u00e9 archiv\u00e9. <a href=\"https:\/\/newmobility.news\/fr\/subscription\/\">Connectez-vous ou inscrivez-vous<\/a> \u00e0 un niveau qui donne acc\u00e8s au contenu archiv\u00e9.<\/div><\/div>","protected":false},"excerpt":{"rendered":"<p>Geely will introduce the E2 in Belgium after the summer, bringing one of China\u2019s biggest recent EV successes to the crowded European small-car market. The compact five-door is intended to make Geely a player at the accessible end of the electric market, starting around \u20ac20,000, but final BelgThis content has been archived. Log in or [&hellip;]<\/p>\n","protected":false},"author":21,"featured_media":188482,"comment_status":"closed","ping_status":"closed","sticky":false,"template":"","format":"standard","meta":{"_acf_changed":false,"_jetpack_newsletter_access":"","_jetpack_dont_email_post_to_subs":false,"_jetpack_newsletter_tier_id":0,"_jetpack_memberships_contains_paywalled_content":false,"_jetpack_feature_clip_id":0,"_jetpack_memberships_contains_paid_content":false,"footnotes":"","jetpack_publicize_message":"{title}\r\n\r\n{excerpt}\r\n\r\n{url}","jetpack_publicize_feature_enabled":true,"jetpack_social_post_already_shared":true,"jetpack_social_options":{"image_generator_settings":{"template":"highway","default_image_id":0,"font":"","enabled":false},"version":2},"_wpas_customize_per_network":false,"jetpack_post_was_ever_published":false},"categories":[77170,77160,28,77169,8,4,17],"tags":[],"class_list":["post-188480","post","type-post","status-publish","format-standard","has-post-thumbnail","hentry","category-belgium","category-china","category-europe","category-market","category-product","category-top-stories-today","category-weekly-newsletter"],"acf":[],"featured_image_urls_v2":{"full":["https:\/\/i0.wp.com\/newmobility.news\/wp-content\/uploads\/2026\/06\/Geely-E2-Benelux-Campaign-visual-01-scaled.png?fit=2560%2C1726&ssl=1",2560,1726,false],"thumbnail":["https:\/\/i0.wp.com\/newmobility.news\/wp-content\/uploads\/2026\/06\/Geely-E2-Benelux-Campaign-visual-01-scaled.png?resize=150%2C150&ssl=1",150,150,true],"medium":["https:\/\/i0.wp.com\/newmobility.news\/wp-content\/uploads\/2026\/06\/Geely-E2-Benelux-Campaign-visual-01-scaled.png?fit=300%2C202&ssl=1",300,202,true],"medium_large":["https:\/\/i0.wp.com\/newmobility.news\/wp-content\/uploads\/2026\/06\/Geely-E2-Benelux-Campaign-visual-01-scaled.png?fit=640%2C432&ssl=1",640,432,true],"large":["https:\/\/i0.wp.com\/newmobility.news\/wp-content\/uploads\/2026\/06\/Geely-E2-Benelux-Campaign-visual-01-scaled.png?fit=640%2C431&ssl=1",640,431,true],"1536x1536":["https:\/\/i0.wp.com\/newmobility.news\/wp-content\/uploads\/2026\/06\/Geely-E2-Benelux-Campaign-visual-01-scaled.png?fit=1536%2C1036&ssl=1",1536,1036,true],"2048x2048":["https:\/\/i0.wp.com\/newmobility.news\/wp-content\/uploads\/2026\/06\/Geely-E2-Benelux-Campaign-visual-01-scaled.png?fit=2048%2C1381&ssl=1",2048,1381,true],"trp-custom-language-flag":["https:\/\/i0.wp.com\/newmobility.news\/wp-content\/uploads\/2026\/06\/Geely-E2-Benelux-Campaign-visual-01-scaled.png?fit=18%2C12&ssl=1",18,12,true],"related-thumb":["https:\/\/i0.wp.com\/newmobility.news\/wp-content\/uploads\/2026\/06\/Geely-E2-Benelux-Campaign-visual-01-scaled.png?resize=640%2C480&ssl=1",640,480,true],"gform-image-choice-sm":["https:\/\/i0.wp.com\/newmobility.news\/wp-content\/uploads\/2026\/06\/Geely-E2-Benelux-Campaign-visual-01-scaled.png?resize=300%2C300&ssl=1",300,300,true],"gform-image-choice-md":["https:\/\/i0.wp.com\/newmobility.news\/wp-content\/uploads\/2026\/06\/Geely-E2-Benelux-Campaign-visual-01-scaled.png?resize=400%2C400&ssl=1",400,400,true],"gform-image-choice-lg":["https:\/\/i0.wp.com\/newmobility.news\/wp-content\/uploads\/2026\/06\/Geely-E2-Benelux-Campaign-visual-01-scaled.png?resize=600%2C600&ssl=1",600,600,true],"mailchimp":["https:\/\/i0.wp.com\/newmobility.news\/wp-content\/uploads\/2026\/06\/Geely-E2-Benelux-Campaign-visual-01-scaled.png?fit=560%2C378&ssl=1",560,378,true],"unipress-phone":["https:\/\/i0.wp.com\/newmobility.news\/wp-content\/uploads\/2026\/06\/Geely-E2-Benelux-Campaign-visual-01-scaled.png?resize=640%2C100&ssl=1",640,100,true],"unipress-tablet":["https:\/\/i0.wp.com\/newmobility.news\/wp-content\/uploads\/2026\/06\/Geely-E2-Benelux-Campaign-visual-01-scaled.png?resize=1536%2C240&ssl=1",1536,240,true],"unipress-tablet-portrait":["https:\/\/i0.wp.com\/newmobility.news\/wp-content\/uploads\/2026\/06\/Geely-E2-Benelux-Campaign-visual-01-scaled.png?resize=1536%2C180&ssl=1",1536,180,true],"unipress-tablet-landscape":["https:\/\/i0.wp.com\/newmobility.news\/wp-content\/uploads\/2026\/06\/Geely-E2-Benelux-Campaign-visual-01-scaled.png?resize=2048%2C180&ssl=1",2048,180,true],"unipress-smartphone":["https:\/\/i0.wp.com\/newmobility.news\/wp-content\/uploads\/2026\/06\/Geely-E2-Benelux-Campaign-visual-01-scaled.png?resize=1080%2C168&ssl=1",1080,168,true],"unipress-wide-screen":["https:\/\/i0.wp.com\/newmobility.news\/wp-content\/uploads\/2026\/06\/Geely-E2-Benelux-Campaign-visual-01-scaled.png?resize=2560%2C180&ssl=1",2560,180,true]},"post_excerpt_stackable_v2":"<p>Geely will introduce the E2 in Belgium after the summer, bringing one of China\u2019s biggest recent EV successes to the crowded European small-car market. The compact five-door is intended to make Geely a player at the accessible end of the electric market, starting around \u20ac20,000, but final BelgThis content has been archived. Log in or Subscribe to a level that has access to archived content.<\/p>\n","category_list_v2":"<a href=\"https:\/\/newmobility.news\/fr\/category\/belgium\/\" rel=\"category tag\">Belgium<\/a>, <a href=\"https:\/\/newmobility.news\/fr\/category\/china\/\" rel=\"category tag\">China<\/a>, <a href=\"https:\/\/newmobility.news\/fr\/category\/europe\/\" rel=\"category tag\">Europe<\/a>, <a href=\"https:\/\/newmobility.news\/fr\/category\/market\/\" rel=\"category tag\">Market<\/a>, <a href=\"https:\/\/newmobility.news\/fr\/category\/product\/\" rel=\"category tag\">Product<\/a>, <a href=\"https:\/\/newmobility.news\/fr\/category\/top-stories-today\/\" rel=\"category tag\">Top Stories Today<\/a>, <a href=\"https:\/\/newmobility.news\/fr\/category\/weekly-newsletter\/\" rel=\"category tag\">Weekly Newsletter<\/a>","author_info_v2":{"name":"Joris Van Roy","url":"https:\/\/newmobility.news\/fr\/author\/jorisximcom-be\/"},"comments_num_v2":"0 comments","yoast_head":"<!-- This site is optimized with the Yoast SEO plugin v28.4 - https:\/\/yoast.com\/product\/yoast-seo-wordpress\/ -->\n<title>Geely E2 heads for Belgium with Chinese sales star pedigree - newmobility.news<\/title>\n<meta name=\"robots\" content=\"index, follow, max-snippet:-1, max-image-preview:large, max-video-preview:-1\" \/>\n<link rel=\"canonical\" href=\"https:\/\/newmobility.news\/fr\/2026\/06\/24\/geely-e2-heads-for-belgium-with-chinese-sales-star-pedigree\/\" \/>\n<meta property=\"og:locale\" content=\"fr_FR\" \/>\n<meta property=\"og:type\" content=\"article\" \/>\n<meta property=\"og:title\" content=\"Geely E2 heads for Belgium with Chinese sales star pedigree - newmobility.news\" \/>\n<meta property=\"og:description\" content=\"Geely will introduce the E2 in Belgium after the summer, bringing one of China\u2019s biggest recent EV successes to the crowded European small-car market. The compact five-door is intended to make Geely a player at the accessible end of the electric market, starting around \u20ac20,000, but final BelgThis content has been archived. Log in or [&hellip;]\" \/>\n<meta property=\"og:url\" content=\"https:\/\/newmobility.news\/fr\/2026\/06\/24\/geely-e2-heads-for-belgium-with-chinese-sales-star-pedigree\/\" \/>\n<meta property=\"og:site_name\" content=\"newmobility.news\" \/>\n<meta property=\"article:publisher\" content=\"https:\/\/www.facebook.com\/search\/top\/?q=newmobility.news\" \/>\n<meta property=\"article:published_time\" content=\"2026-06-24T08:19:53+00:00\" \/>\n<meta property=\"article:modified_time\" content=\"2026-06-26T09:48:53+00:00\" \/>\n<meta property=\"og:image\" content=\"https:\/\/newmobility.news\/wp-content\/uploads\/2026\/06\/Geely-E2-Benelux-Campaign-visual-01-1024x690.png\" \/>\n\t<meta property=\"og:image:width\" content=\"1024\" \/>\n\t<meta property=\"og:image:height\" content=\"690\" \/>\n\t<meta property=\"og:image:type\" content=\"image\/png\" \/>\n<meta name=\"author\" content=\"Joris Van Roy\" \/>\n<meta name=\"twitter:card\" content=\"summary_large_image\" \/>\n<meta name=\"twitter:creator\" content=\"@jorisvry\" \/>\n<meta name=\"twitter:site\" content=\"@jorisvry\" \/>\n<meta name=\"twitter:label1\" content=\"\u00c9crit par\" \/>\n\t<meta name=\"twitter:data1\" content=\"Joris Van Roy\" \/>\n\t<meta name=\"twitter:label2\" content=\"Dur\u00e9e de lecture est.\" \/>\n\t<meta name=\"twitter:data2\" content=\"4 minutes\" \/>\n<script type=\"application\/ld+json\" class=\"yoast-schema-graph\">{\"@context\":\"https:\\\/\\\/schema.org\",\"@graph\":[{\"@type\":\"Article\",\"@id\":\"https:\\\/\\\/newmobility.news\\\/2026\\\/06\\\/24\\\/geely-e2-heads-for-belgium-with-chinese-sales-star-pedigree\\\/#article\",\"isPartOf\":{\"@id\":\"https:\\\/\\\/newmobility.news\\\/2026\\\/06\\\/24\\\/geely-e2-heads-for-belgium-with-chinese-sales-star-pedigree\\\/\"},\"author\":{\"name\":\"Joris Van Roy\",\"@id\":\"https:\\\/\\\/newmobility.news\\\/#\\\/schema\\\/person\\\/993f2da7cd774079044984132dee0ef0\"},\"headline\":\"Geely E2 heads for Belgium with Chinese sales star pedigree\",\"datePublished\":\"2026-06-24T08:19:53+00:00\",\"dateModified\":\"2026-06-26T09:48:53+00:00\",\"mainEntityOfPage\":{\"@id\":\"https:\\\/\\\/newmobility.news\\\/2026\\\/06\\\/24\\\/geely-e2-heads-for-belgium-with-chinese-sales-star-pedigree\\\/\"},\"wordCount\":641,\"publisher\":{\"@id\":\"https:\\\/\\\/newmobility.news\\\/#organization\"},\"image\":{\"@id\":\"https:\\\/\\\/newmobility.news\\\/2026\\\/06\\\/24\\\/geely-e2-heads-for-belgium-with-chinese-sales-star-pedigree\\\/#primaryimage\"},\"thumbnailUrl\":\"https:\\\/\\\/i0.wp.com\\\/newmobility.news\\\/wp-content\\\/uploads\\\/2026\\\/06\\\/Geely-E2-Benelux-Campaign-visual-01-scaled.png?fit=2560%2C1726&ssl=1\",\"articleSection\":[\"Belgium\",\"China\",\"Europe\",\"Market\",\"Product\",\"Top Stories Today\",\"Weekly Newsletter\"],\"inLanguage\":\"fr-BE\"},{\"@type\":\"WebPage\",\"@id\":\"https:\\\/\\\/newmobility.news\\\/2026\\\/06\\\/24\\\/geely-e2-heads-for-belgium-with-chinese-sales-star-pedigree\\\/\",\"url\":\"https:\\\/\\\/newmobility.news\\\/2026\\\/06\\\/24\\\/geely-e2-heads-for-belgium-with-chinese-sales-star-pedigree\\\/\",\"name\":\"Geely E2 heads for Belgium with Chinese sales star pedigree - newmobility.news\",\"isPartOf\":{\"@id\":\"https:\\\/\\\/newmobility.news\\\/#website\"},\"primaryImageOfPage\":{\"@id\":\"https:\\\/\\\/newmobility.news\\\/2026\\\/06\\\/24\\\/geely-e2-heads-for-belgium-with-chinese-sales-star-pedigree\\\/#primaryimage\"},\"image\":{\"@id\":\"https:\\\/\\\/newmobility.news\\\/2026\\\/06\\\/24\\\/geely-e2-heads-for-belgium-with-chinese-sales-star-pedigree\\\/#primaryimage\"},\"thumbnailUrl\":\"https:\\\/\\\/i0.wp.com\\\/newmobility.news\\\/wp-content\\\/uploads\\\/2026\\\/06\\\/Geely-E2-Benelux-Campaign-visual-01-scaled.png?fit=2560%2C1726&ssl=1\",\"datePublished\":\"2026-06-24T08:19:53+00:00\",\"dateModified\":\"2026-06-26T09:48:53+00:00\",\"breadcrumb\":{\"@id\":\"https:\\\/\\\/newmobility.news\\\/2026\\\/06\\\/24\\\/geely-e2-heads-for-belgium-with-chinese-sales-star-pedigree\\\/#breadcrumb\"},\"inLanguage\":\"fr-BE\",\"potentialAction\":[{\"@type\":\"ReadAction\",\"target\":[\"https:\\\/\\\/newmobility.news\\\/2026\\\/06\\\/24\\\/geely-e2-heads-for-belgium-with-chinese-sales-star-pedigree\\\/\"]}]},{\"@type\":\"ImageObject\",\"inLanguage\":\"fr-BE\",\"@id\":\"https:\\\/\\\/newmobility.news\\\/2026\\\/06\\\/24\\\/geely-e2-heads-for-belgium-with-chinese-sales-star-pedigree\\\/#primaryimage\",\"url\":\"https:\\\/\\\/i0.wp.com\\\/newmobility.news\\\/wp-content\\\/uploads\\\/2026\\\/06\\\/Geely-E2-Benelux-Campaign-visual-01-scaled.png?fit=2560%2C1726&ssl=1\",\"contentUrl\":\"https:\\\/\\\/i0.wp.com\\\/newmobility.news\\\/wp-content\\\/uploads\\\/2026\\\/06\\\/Geely-E2-Benelux-Campaign-visual-01-scaled.png?fit=2560%2C1726&ssl=1\",\"width\":2560,\"height\":1726,\"caption\":\"Geely\u2019s new E2 electric hatchback will arrive in Belgium after the summer, targeting the affordable family EV segment \\\/Geely\"},{\"@type\":\"BreadcrumbList\",\"@id\":\"https:\\\/\\\/newmobility.news\\\/2026\\\/06\\\/24\\\/geely-e2-heads-for-belgium-with-chinese-sales-star-pedigree\\\/#breadcrumb\",\"itemListElement\":[{\"@type\":\"ListItem\",\"position\":1,\"name\":\"Home\",\"item\":\"https:\\\/\\\/newmobility.news\\\/\"},{\"@type\":\"ListItem\",\"position\":2,\"name\":\"Geely E2 heads for Belgium with Chinese sales star pedigree\"}]},{\"@type\":\"WebSite\",\"@id\":\"https:\\\/\\\/newmobility.news\\\/#website\",\"url\":\"https:\\\/\\\/newmobility.news\\\/\",\"name\":\"newmobility.news\",\"description\":\"A B2BNews Agency\u00ae news service for mobility business proessional\",\"publisher\":{\"@id\":\"https:\\\/\\\/newmobility.news\\\/#organization\"},\"potentialAction\":[{\"@type\":\"SearchAction\",\"target\":{\"@type\":\"EntryPoint\",\"urlTemplate\":\"https:\\\/\\\/newmobility.news\\\/?s={search_term_string}\"},\"query-input\":{\"@type\":\"PropertyValueSpecification\",\"valueRequired\":true,\"valueName\":\"search_term_string\"}}],\"inLanguage\":\"fr-BE\"},{\"@type\":\"Organization\",\"@id\":\"https:\\\/\\\/newmobility.news\\\/#organization\",\"name\":\"B2BNews Agency\",\"url\":\"https:\\\/\\\/newmobility.news\\\/\",\"logo\":{\"@type\":\"ImageObject\",\"inLanguage\":\"fr-BE\",\"@id\":\"https:\\\/\\\/newmobility.news\\\/#\\\/schema\\\/logo\\\/image\\\/\",\"url\":\"https:\\\/\\\/newmobility.news\\\/wp-content\\\/uploads\\\/2018\\\/01\\\/b2bnews-agency-logo.png\",\"contentUrl\":\"https:\\\/\\\/newmobility.news\\\/wp-content\\\/uploads\\\/2018\\\/01\\\/b2bnews-agency-logo.png\",\"width\":\"581\",\"height\":\"117\",\"caption\":\"B2BNews Agency\"},\"image\":{\"@id\":\"https:\\\/\\\/newmobility.news\\\/#\\\/schema\\\/logo\\\/image\\\/\"},\"sameAs\":[\"https:\\\/\\\/www.facebook.com\\\/search\\\/top\\\/?q=newmobility.news\",\"https:\\\/\\\/x.com\\\/jorisvry\",\"https:\\\/\\\/www.linkedin.com\\\/in\\\/jorisvanroy\\\/\",\"https:\\\/\\\/nl.pinterest.com\\\/jorisvanroy\\\/\"]},{\"@type\":\"Person\",\"@id\":\"https:\\\/\\\/newmobility.news\\\/#\\\/schema\\\/person\\\/993f2da7cd774079044984132dee0ef0\",\"name\":\"Joris Van Roy\",\"image\":{\"@type\":\"ImageObject\",\"inLanguage\":\"fr-BE\",\"@id\":\"https:\\\/\\\/secure.gravatar.com\\\/avatar\\\/b82919546c1cd9980bd2bc08f09d294c7cb92b3addd23cb9a4377a7b88b4349b?s=96&d=mm&r=g\",\"url\":\"https:\\\/\\\/secure.gravatar.com\\\/avatar\\\/b82919546c1cd9980bd2bc08f09d294c7cb92b3addd23cb9a4377a7b88b4349b?s=96&d=mm&r=g\",\"contentUrl\":\"https:\\\/\\\/secure.gravatar.com\\\/avatar\\\/b82919546c1cd9980bd2bc08f09d294c7cb92b3addd23cb9a4377a7b88b4349b?s=96&d=mm&r=g\",\"caption\":\"Joris Van Roy\"},\"url\":\"https:\\\/\\\/newmobility.news\\\/fr\\\/author\\\/jorisximcom-be\\\/\"}]}<\/script>\n<!-- \/ Yoast SEO plugin. -->","yoast_head_json":{"title":"La Geely E2 d\u00e9barque en Belgique forte de son succ\u00e8s commercial en Chine - newmobility.news","robots":{"index":"index","follow":"follow","max-snippet":"max-snippet:-1","max-image-preview":"max-image-preview:large","max-video-preview":"max-video-preview:-1"},"canonical":"https:\/\/newmobility.news\/fr\/2026\/06\/24\/geely-e2-heads-for-belgium-with-chinese-sales-star-pedigree\/","og_locale":"fr_FR","og_type":"article","og_title":"Geely E2 heads for Belgium with Chinese sales star pedigree - newmobility.news","og_description":"Geely will introduce the E2 in Belgium after the summer, bringing one of China\u2019s biggest recent EV successes to the crowded European small-car market. The compact five-door is intended to make Geely a player at the accessible end of the electric market, starting around \u20ac20,000, but final BelgThis content has been archived. Log in or [&hellip;]","og_url":"https:\/\/newmobility.news\/fr\/2026\/06\/24\/geely-e2-heads-for-belgium-with-chinese-sales-star-pedigree\/","og_site_name":"newmobility.news","article_publisher":"https:\/\/www.facebook.com\/search\/top\/?q=newmobility.news","article_published_time":"2026-06-24T08:19:53+00:00","article_modified_time":"2026-06-26T09:48:53+00:00","og_image":[{"width":1024,"height":690,"url":"https:\/\/newmobility.news\/wp-content\/uploads\/2026\/06\/Geely-E2-Benelux-Campaign-visual-01-1024x690.png","type":"image\/png"}],"author":"Joris Van Roy","twitter_card":"summary_large_image","twitter_creator":"@jorisvry","twitter_site":"@jorisvry","twitter_misc":{"\u00c9crit par":"Joris Van Roy","Dur\u00e9e de lecture est.":"4 minutes"},"schema":{"@context":"https:\/\/schema.org","@graph":[{"@type":"Article","@id":"https:\/\/newmobility.news\/2026\/06\/24\/geely-e2-heads-for-belgium-with-chinese-sales-star-pedigree\/#article","isPartOf":{"@id":"https:\/\/newmobility.news\/2026\/06\/24\/geely-e2-heads-for-belgium-with-chinese-sales-star-pedigree\/"},"author":{"name":"Joris Van Roy","@id":"https:\/\/newmobility.news\/#\/schema\/person\/993f2da7cd774079044984132dee0ef0"},"headline":"Geely E2 heads for Belgium with Chinese sales star pedigree","datePublished":"2026-06-24T08:19:53+00:00","dateModified":"2026-06-26T09:48:53+00:00","mainEntityOfPage":{"@id":"https:\/\/newmobility.news\/2026\/06\/24\/geely-e2-heads-for-belgium-with-chinese-sales-star-pedigree\/"},"wordCount":641,"publisher":{"@id":"https:\/\/newmobility.news\/#organization"},"image":{"@id":"https:\/\/newmobility.news\/2026\/06\/24\/geely-e2-heads-for-belgium-with-chinese-sales-star-pedigree\/#primaryimage"},"thumbnailUrl":"https:\/\/i0.wp.com\/newmobility.news\/wp-content\/uploads\/2026\/06\/Geely-E2-Benelux-Campaign-visual-01-scaled.png?fit=2560%2C1726&ssl=1","articleSection":["Belgium","China","Europe","Market","Product","Top Stories Today","Weekly Newsletter"],"inLanguage":"fr-BE"},{"@type":"WebPage","@id":"https:\/\/newmobility.news\/2026\/06\/24\/geely-e2-heads-for-belgium-with-chinese-sales-star-pedigree\/","url":"https:\/\/newmobility.news\/2026\/06\/24\/geely-e2-heads-for-belgium-with-chinese-sales-star-pedigree\/","name":"La Geely E2 d\u00e9barque en Belgique forte de son succ\u00e8s commercial en Chine - newmobility.news","isPartOf":{"@id":"https:\/\/newmobility.news\/#website"},"primaryImageOfPage":{"@id":"https:\/\/newmobility.news\/2026\/06\/24\/geely-e2-heads-for-belgium-with-chinese-sales-star-pedigree\/#primaryimage"},"image":{"@id":"https:\/\/newmobility.news\/2026\/06\/24\/geely-e2-heads-for-belgium-with-chinese-sales-star-pedigree\/#primaryimage"},"thumbnailUrl":"https:\/\/i0.wp.com\/newmobility.news\/wp-content\/uploads\/2026\/06\/Geely-E2-Benelux-Campaign-visual-01-scaled.png?fit=2560%2C1726&ssl=1","datePublished":"2026-06-24T08:19:53+00:00","dateModified":"2026-06-26T09:48:53+00:00","breadcrumb":{"@id":"https:\/\/newmobility.news\/2026\/06\/24\/geely-e2-heads-for-belgium-with-chinese-sales-star-pedigree\/#breadcrumb"},"inLanguage":"fr-BE","potentialAction":[{"@type":"ReadAction","target":["https:\/\/newmobility.news\/2026\/06\/24\/geely-e2-heads-for-belgium-with-chinese-sales-star-pedigree\/"]}]},{"@type":"ImageObject","inLanguage":"fr-BE","@id":"https:\/\/newmobility.news\/2026\/06\/24\/geely-e2-heads-for-belgium-with-chinese-sales-star-pedigree\/#primaryimage","url":"https:\/\/i0.wp.com\/newmobility.news\/wp-content\/uploads\/2026\/06\/Geely-E2-Benelux-Campaign-visual-01-scaled.png?fit=2560%2C1726&ssl=1","contentUrl":"https:\/\/i0.wp.com\/newmobility.news\/wp-content\/uploads\/2026\/06\/Geely-E2-Benelux-Campaign-visual-01-scaled.png?fit=2560%2C1726&ssl=1","width":2560,"height":1726,"caption":"Geely\u2019s new E2 electric hatchback will arrive in Belgium after the summer, targeting the affordable family EV segment \/Geely"},{"@type":"BreadcrumbList","@id":"https:\/\/newmobility.news\/2026\/06\/24\/geely-e2-heads-for-belgium-with-chinese-sales-star-pedigree\/#breadcrumb","itemListElement":[{"@type":"ListItem","position":1,"name":"Home","item":"https:\/\/newmobility.news\/"},{"@type":"ListItem","position":2,"name":"Geely E2 heads for Belgium with Chinese sales star pedigree"}]},{"@type":"WebSite","@id":"https:\/\/newmobility.news\/#website","url":"https:\/\/newmobility.news\/","name":"nouveaumobilit\u00e9.actualit\u00e9s","description":"Un service d'information B2BNews Agency\u00ae destin\u00e9 aux professionnels de la mobilit\u00e9","publisher":{"@id":"https:\/\/newmobility.news\/#organization"},"potentialAction":[{"@type":"SearchAction","target":{"@type":"EntryPoint","urlTemplate":"https:\/\/newmobility.news\/?s={search_term_string}"},"query-input":{"@type":"PropertyValueSpecification","valueRequired":true,"valueName":"search_term_string"}}],"inLanguage":"fr-BE"},{"@type":"Organization","@id":"https:\/\/newmobility.news\/#organization","name":"Agence de presse B2BNews","url":"https:\/\/newmobility.news\/","logo":{"@type":"ImageObject","inLanguage":"fr-BE","@id":"https:\/\/newmobility.news\/#\/schema\/logo\/image\/","url":"https:\/\/newmobility.news\/wp-content\/uploads\/2018\/01\/b2bnews-agency-logo.png","contentUrl":"https:\/\/newmobility.news\/wp-content\/uploads\/2018\/01\/b2bnews-agency-logo.png","width":"581","height":"117","caption":"B2BNews Agency"},"image":{"@id":"https:\/\/newmobility.news\/#\/schema\/logo\/image\/"},"sameAs":["https:\/\/www.facebook.com\/search\/top\/?q=newmobility.news","https:\/\/x.com\/jorisvry","https:\/\/www.linkedin.com\/in\/jorisvanroy\/","https:\/\/nl.pinterest.com\/jorisvanroy\/"]},{"@type":"Person","@id":"https:\/\/newmobility.news\/#\/schema\/person\/993f2da7cd774079044984132dee0ef0","name":"Joris Van Roy","image":{"@type":"ImageObject","inLanguage":"fr-BE","@id":"https:\/\/secure.gravatar.com\/avatar\/b82919546c1cd9980bd2bc08f09d294c7cb92b3addd23cb9a4377a7b88b4349b?s=96&d=mm&r=g","url":"https:\/\/secure.gravatar.com\/avatar\/b82919546c1cd9980bd2bc08f09d294c7cb92b3addd23cb9a4377a7b88b4349b?s=96&d=mm&r=g","contentUrl":"https:\/\/secure.gravatar.com\/avatar\/b82919546c1cd9980bd2bc08f09d294c7cb92b3addd23cb9a4377a7b88b4349b?s=96&d=mm&r=g","caption":"Joris Van Roy"},"url":"https:\/\/newmobility.news\/fr\/author\/jorisximcom-be\/"}]}},"jetpack_publicize_connections":[],"jetpack_shortlink":"https:\/\/wp.me\/p9wJdU-N20","jetpack_sharing_enabled":true,"jetpack_likes_enabled":true,"jetpack-related-posts":[],"jetpack_featured_media_url":"https:\/\/i0.wp.com\/newmobility.news\/wp-content\/uploads\/2026\/06\/Geely-E2-Benelux-Campaign-visual-01-scaled.png?fit=2560%2C1726&ssl=1","_links":{"self":[{"href":"https:\/\/newmobility.news\/fr\/wp-json\/wp\/v2\/posts\/188480","targetHints":{"allow":["GET"]}}],"collection":[{"href":"https:\/\/newmobility.news\/fr\/wp-json\/wp\/v2\/posts"}],"about":[{"href":"https:\/\/newmobility.news\/fr\/wp-json\/wp\/v2\/types\/post"}],"author":[{"embeddable":true,"href":"https:\/\/newmobility.news\/fr\/wp-json\/wp\/v2\/users\/21"}],"replies":[{"embeddable":true,"href":"https:\/\/newmobility.news\/fr\/wp-json\/wp\/v2\/comments?post=188480"}],"version-history":[{"count":1,"href":"https:\/\/newmobility.news\/fr\/wp-json\/wp\/v2\/posts\/188480\/revisions"}],"predecessor-version":[{"id":188491,"href":"https:\/\/newmobility.news\/fr\/wp-json\/wp\/v2\/posts\/188480\/revisions\/188491"}],"wp:featuredmedia":[{"embeddable":true,"href":"https:\/\/newmobility.news\/fr\/wp-json\/wp\/v2\/media\/188482"}],"wp:attachment":[{"href":"https:\/\/newmobility.news\/fr\/wp-json\/wp\/v2\/media?parent=188480"}],"wp:term":[{"taxonomy":"category","embeddable":true,"href":"https:\/\/newmobility.news\/fr\/wp-json\/wp\/v2\/categories?post=188480"},{"taxonomy":"post_tag","embeddable":true,"href":"https:\/\/newmobility.news\/fr\/wp-json\/wp\/v2\/tags?post=188480"}],"curies":[{"name":"wp","href":"https:\/\/api.w.org\/{rel}","templated":true}]}}