{"id":188616,"date":"2026-06-26T11:31:54","date_gmt":"2026-06-26T09:31:54","guid":{"rendered":"https:\/\/newmobility.news\/?p=188616"},"modified":"2026-06-26T11:47:26","modified_gmt":"2026-06-26T09:47:26","slug":"goca-almost-1-in-5-used-cars-fails-flanders-pre-sale-inspection","status":"publish","type":"post","link":"https:\/\/newmobility.news\/fr\/2026\/06\/26\/goca-almost-1-in-5-used-cars-fails-flanders-pre-sale-inspection\/","title":{"rendered":"Goca : \u2018 Pr\u00e8s d\u2019une voiture d\u2019occasion sur cinq \u00e9choue au contr\u00f4le technique pr\u00e9alable \u00e0 la vente en Flandre \u2019"},"content":{"rendered":"L'ann\u00e9e derni\u00e8re, pr\u00e8s d'une voiture d'occasion sur cinq a \u00e9chou\u00e9 au contr\u00f4le technique pr\u00e9alable \u00e0 la vente en raison d'un d\u00e9faut grave ou dangereux. C'est ce qu'a indiqu\u00e9 jeudi Goca Flanders, la f\u00e9d\u00e9ration professionnelle charg\u00e9e des contr\u00f4les techniques et des examens du permis de conduire, dans son rapport annuel 2025. \r\n\r\nEn 2025, 3 600 249 voitures au total ont \u00e9t\u00e9 soumises \u00e0 <div class=\"leaky_paywall_message_wrap\"><div id=\"leaky_paywall_message\">Ce contenu a \u00e9t\u00e9 archiv\u00e9. <a href=\"https:\/\/newmobility.news\/fr\/subscription\/\">Connectez-vous ou inscrivez-vous<\/a> \u00e0 un niveau qui donne acc\u00e8s au contenu archiv\u00e9.<\/div><\/div>","protected":false},"excerpt":{"rendered":"<p>Last year, almost one in five used cars failed the pre-sale vehicle inspection due to a major or dangerous defect.\u00a0Goca Flanders, the industry federation for vehicle inspections and driving tests, reported this on Thursday in its 2025 annual report. In 2025, a total of 3,600,249 cars underwent This content has been archived. Log in or [&hellip;]<\/p>\n","protected":false},"author":175,"featured_media":188652,"comment_status":"closed","ping_status":"closed","sticky":false,"template":"","format":"standard","meta":{"_acf_changed":false,"_jetpack_newsletter_access":"","_jetpack_dont_email_post_to_subs":false,"_jetpack_newsletter_tier_id":0,"_jetpack_memberships_contains_paywalled_content":false,"_jetpack_feature_clip_id":0,"_jetpack_memberships_contains_paid_content":false,"footnotes":"","jetpack_publicize_message":"{title}\r\n\r\n{excerpt}\r\n\r\n{url}","jetpack_publicize_feature_enabled":true,"jetpack_social_post_already_shared":true,"jetpack_social_options":{"image_generator_settings":{"template":"highway","default_image_id":0,"font":"","enabled":false},"version":2},"_wpas_customize_per_network":false,"jetpack_post_was_ever_published":false},"categories":[77170,25,7,31,4,17],"tags":[],"class_list":["post-188616","post","type-post","status-publish","format-standard","has-post-thumbnail","hentry","category-belgium","category-legislation","category-mobility","category-road-safety","category-top-stories-today","category-weekly-newsletter"],"acf":[],"featured_image_urls_v2":{"full":["https:\/\/i0.wp.com\/newmobility.news\/wp-content\/uploads\/2026\/06\/Scherm%C2%ADafbeelding-2026-06-26-om-11.23.25.png?fit=865%2C570&ssl=1",865,570,false],"thumbnail":["https:\/\/i0.wp.com\/newmobility.news\/wp-content\/uploads\/2026\/06\/Scherm%C2%ADafbeelding-2026-06-26-om-11.23.25.png?resize=150%2C150&ssl=1",150,150,true],"medium":["https:\/\/i0.wp.com\/newmobility.news\/wp-content\/uploads\/2026\/06\/Scherm%C2%ADafbeelding-2026-06-26-om-11.23.25.png?fit=300%2C198&ssl=1",300,198,true],"medium_large":["https:\/\/i0.wp.com\/newmobility.news\/wp-content\/uploads\/2026\/06\/Scherm%C2%ADafbeelding-2026-06-26-om-11.23.25.png?fit=640%2C422&ssl=1",640,422,true],"large":["https:\/\/i0.wp.com\/newmobility.news\/wp-content\/uploads\/2026\/06\/Scherm%C2%ADafbeelding-2026-06-26-om-11.23.25.png?fit=640%2C422&ssl=1",640,422,true],"1536x1536":["https:\/\/i0.wp.com\/newmobility.news\/wp-content\/uploads\/2026\/06\/Scherm%C2%ADafbeelding-2026-06-26-om-11.23.25.png?fit=865%2C570&ssl=1",865,570,true],"2048x2048":["https:\/\/i0.wp.com\/newmobility.news\/wp-content\/uploads\/2026\/06\/Scherm%C2%ADafbeelding-2026-06-26-om-11.23.25.png?fit=865%2C570&ssl=1",865,570,true],"trp-custom-language-flag":["https:\/\/i0.wp.com\/newmobility.news\/wp-content\/uploads\/2026\/06\/Scherm%C2%ADafbeelding-2026-06-26-om-11.23.25.png?fit=18%2C12&ssl=1",18,12,true],"related-thumb":["https:\/\/i0.wp.com\/newmobility.news\/wp-content\/uploads\/2026\/06\/Scherm%C2%ADafbeelding-2026-06-26-om-11.23.25.png?resize=640%2C480&ssl=1",640,480,true],"gform-image-choice-sm":["https:\/\/i0.wp.com\/newmobility.news\/wp-content\/uploads\/2026\/06\/Scherm%C2%ADafbeelding-2026-06-26-om-11.23.25.png?resize=300%2C300&ssl=1",300,300,true],"gform-image-choice-md":["https:\/\/i0.wp.com\/newmobility.news\/wp-content\/uploads\/2026\/06\/Scherm%C2%ADafbeelding-2026-06-26-om-11.23.25.png?resize=400%2C400&ssl=1",400,400,true],"gform-image-choice-lg":["https:\/\/i0.wp.com\/newmobility.news\/wp-content\/uploads\/2026\/06\/Scherm%C2%ADafbeelding-2026-06-26-om-11.23.25.png?resize=600%2C570&ssl=1",600,570,true],"mailchimp":["https:\/\/i0.wp.com\/newmobility.news\/wp-content\/uploads\/2026\/06\/Scherm%C2%ADafbeelding-2026-06-26-om-11.23.25.png?fit=560%2C369&ssl=1",560,369,true],"unipress-phone":["https:\/\/i0.wp.com\/newmobility.news\/wp-content\/uploads\/2026\/06\/Scherm%C2%ADafbeelding-2026-06-26-om-11.23.25.png?resize=640%2C100&ssl=1",640,100,true],"unipress-tablet":["https:\/\/i0.wp.com\/newmobility.news\/wp-content\/uploads\/2026\/06\/Scherm%C2%ADafbeelding-2026-06-26-om-11.23.25.png?resize=865%2C240&ssl=1",865,240,true],"unipress-tablet-portrait":["https:\/\/i0.wp.com\/newmobility.news\/wp-content\/uploads\/2026\/06\/Scherm%C2%ADafbeelding-2026-06-26-om-11.23.25.png?resize=865%2C180&ssl=1",865,180,true],"unipress-tablet-landscape":["https:\/\/i0.wp.com\/newmobility.news\/wp-content\/uploads\/2026\/06\/Scherm%C2%ADafbeelding-2026-06-26-om-11.23.25.png?resize=865%2C180&ssl=1",865,180,true],"unipress-smartphone":["https:\/\/i0.wp.com\/newmobility.news\/wp-content\/uploads\/2026\/06\/Scherm%C2%ADafbeelding-2026-06-26-om-11.23.25.png?resize=865%2C168&ssl=1",865,168,true],"unipress-wide-screen":["https:\/\/i0.wp.com\/newmobility.news\/wp-content\/uploads\/2026\/06\/Scherm%C2%ADafbeelding-2026-06-26-om-11.23.25.png?resize=865%2C180&ssl=1",865,180,true]},"post_excerpt_stackable_v2":"<p>Last year, almost one in five used cars failed the pre-sale vehicle inspection due to a major or dangerous defect.\u00a0Goca Flanders, the industry federation for vehicle inspections and driving tests, reported this on Thursday in its 2025 annual report. In 2025, a total of 3,600,249 cars underwent This content has been archived. Log in or Subscribe to a level that has access to archived content.<\/p>\n","category_list_v2":"<a href=\"https:\/\/newmobility.news\/fr\/category\/belgium\/\" rel=\"category tag\">Belgium<\/a>, <a href=\"https:\/\/newmobility.news\/fr\/category\/legislation\/\" rel=\"category tag\">Legislation<\/a>, <a href=\"https:\/\/newmobility.news\/fr\/category\/mobility\/\" rel=\"category tag\">Mobility<\/a>, <a href=\"https:\/\/newmobility.news\/fr\/category\/road-safety\/\" rel=\"category tag\">Road safety<\/a>, <a href=\"https:\/\/newmobility.news\/fr\/category\/top-stories-today\/\" rel=\"category tag\">Top Stories Today<\/a>, <a href=\"https:\/\/newmobility.news\/fr\/category\/weekly-newsletter\/\" rel=\"category tag\">Weekly Newsletter<\/a>","author_info_v2":{"name":"Hilde Van Raemdonck","url":"https:\/\/newmobility.news\/fr\/author\/hilde-van-raemdonck\/"},"comments_num_v2":"0 comments","yoast_head":"<!-- This site is optimized with the Yoast SEO plugin v28.4 - https:\/\/yoast.com\/product\/yoast-seo-wordpress\/ -->\n<title>Goca: &#039;Almost 1 in 5 used cars fails Flanders\u2019 pre-sale inspection&#039; - newmobility.news<\/title>\n<meta name=\"robots\" content=\"index, follow, max-snippet:-1, max-image-preview:large, max-video-preview:-1\" \/>\n<link rel=\"canonical\" href=\"https:\/\/newmobility.news\/fr\/2026\/06\/26\/goca-almost-1-in-5-used-cars-fails-flanders-pre-sale-inspection\/\" \/>\n<meta property=\"og:locale\" content=\"fr_FR\" \/>\n<meta property=\"og:type\" content=\"article\" \/>\n<meta property=\"og:title\" content=\"Goca: &#039;Almost 1 in 5 used cars fails Flanders\u2019 pre-sale inspection&#039; - newmobility.news\" \/>\n<meta property=\"og:description\" content=\"Last year, almost one in five used cars failed the pre-sale vehicle inspection due to a major or dangerous defect.\u00a0Goca Flanders, the industry federation for vehicle inspections and driving tests, reported this on Thursday in its 2025 annual report. In 2025, a total of 3,600,249 cars underwent This content has been archived. Log in or [&hellip;]\" \/>\n<meta property=\"og:url\" content=\"https:\/\/newmobility.news\/fr\/2026\/06\/26\/goca-almost-1-in-5-used-cars-fails-flanders-pre-sale-inspection\/\" \/>\n<meta property=\"og:site_name\" content=\"newmobility.news\" \/>\n<meta property=\"article:publisher\" content=\"https:\/\/www.facebook.com\/search\/top\/?q=newmobility.news\" \/>\n<meta property=\"article:published_time\" content=\"2026-06-26T09:31:54+00:00\" \/>\n<meta property=\"article:modified_time\" content=\"2026-06-26T09:47:26+00:00\" \/>\n<meta property=\"og:image\" content=\"https:\/\/newmobility.news\/wp-content\/uploads\/2026\/06\/Scherm\u00adafbeelding-2026-06-26-om-11.23.25.png\" \/>\n\t<meta property=\"og:image:width\" content=\"865\" \/>\n\t<meta property=\"og:image:height\" content=\"570\" \/>\n\t<meta property=\"og:image:type\" content=\"image\/png\" \/>\n<meta name=\"author\" content=\"Hilde Van Raemdonck\" \/>\n<meta name=\"twitter:card\" content=\"summary_large_image\" \/>\n<meta name=\"twitter:creator\" content=\"@jorisvry\" \/>\n<meta name=\"twitter:site\" content=\"@jorisvry\" \/>\n<meta name=\"twitter:label1\" content=\"\u00c9crit par\" \/>\n\t<meta name=\"twitter:data1\" content=\"Hilde Van Raemdonck\" \/>\n\t<meta name=\"twitter:label2\" content=\"Dur\u00e9e de lecture est.\" \/>\n\t<meta name=\"twitter:data2\" content=\"2 minutes\" \/>\n<script type=\"application\/ld+json\" class=\"yoast-schema-graph\">{\"@context\":\"https:\\\/\\\/schema.org\",\"@graph\":[{\"@type\":\"Article\",\"@id\":\"https:\\\/\\\/newmobility.news\\\/2026\\\/06\\\/26\\\/goca-almost-1-in-5-used-cars-fails-flanders-pre-sale-inspection\\\/#article\",\"isPartOf\":{\"@id\":\"https:\\\/\\\/newmobility.news\\\/2026\\\/06\\\/26\\\/goca-almost-1-in-5-used-cars-fails-flanders-pre-sale-inspection\\\/\"},\"author\":{\"name\":\"Hilde Van Raemdonck\",\"@id\":\"https:\\\/\\\/newmobility.news\\\/#\\\/schema\\\/person\\\/7540fd72a981bf6a315ba1b874c2a464\"},\"headline\":\"Goca: &#8216;Almost 1 in 5 used cars fails Flanders\u2019 pre-sale inspection&#8217;\",\"datePublished\":\"2026-06-26T09:31:54+00:00\",\"dateModified\":\"2026-06-26T09:47:26+00:00\",\"mainEntityOfPage\":{\"@id\":\"https:\\\/\\\/newmobility.news\\\/2026\\\/06\\\/26\\\/goca-almost-1-in-5-used-cars-fails-flanders-pre-sale-inspection\\\/\"},\"wordCount\":386,\"publisher\":{\"@id\":\"https:\\\/\\\/newmobility.news\\\/#organization\"},\"image\":{\"@id\":\"https:\\\/\\\/newmobility.news\\\/2026\\\/06\\\/26\\\/goca-almost-1-in-5-used-cars-fails-flanders-pre-sale-inspection\\\/#primaryimage\"},\"thumbnailUrl\":\"https:\\\/\\\/i0.wp.com\\\/newmobility.news\\\/wp-content\\\/uploads\\\/2026\\\/06\\\/Scherm%C2%ADafbeelding-2026-06-26-om-11.23.25.png?fit=865%2C570&ssl=1\",\"articleSection\":[\"Belgium\",\"Legislation\",\"Mobility\",\"Road safety\",\"Top Stories Today\",\"Weekly Newsletter\"],\"inLanguage\":\"fr-BE\"},{\"@type\":\"WebPage\",\"@id\":\"https:\\\/\\\/newmobility.news\\\/2026\\\/06\\\/26\\\/goca-almost-1-in-5-used-cars-fails-flanders-pre-sale-inspection\\\/\",\"url\":\"https:\\\/\\\/newmobility.news\\\/2026\\\/06\\\/26\\\/goca-almost-1-in-5-used-cars-fails-flanders-pre-sale-inspection\\\/\",\"name\":\"Goca: 'Almost 1 in 5 used cars fails Flanders\u2019 pre-sale inspection' - newmobility.news\",\"isPartOf\":{\"@id\":\"https:\\\/\\\/newmobility.news\\\/#website\"},\"primaryImageOfPage\":{\"@id\":\"https:\\\/\\\/newmobility.news\\\/2026\\\/06\\\/26\\\/goca-almost-1-in-5-used-cars-fails-flanders-pre-sale-inspection\\\/#primaryimage\"},\"image\":{\"@id\":\"https:\\\/\\\/newmobility.news\\\/2026\\\/06\\\/26\\\/goca-almost-1-in-5-used-cars-fails-flanders-pre-sale-inspection\\\/#primaryimage\"},\"thumbnailUrl\":\"https:\\\/\\\/i0.wp.com\\\/newmobility.news\\\/wp-content\\\/uploads\\\/2026\\\/06\\\/Scherm%C2%ADafbeelding-2026-06-26-om-11.23.25.png?fit=865%2C570&ssl=1\",\"datePublished\":\"2026-06-26T09:31:54+00:00\",\"dateModified\":\"2026-06-26T09:47:26+00:00\",\"breadcrumb\":{\"@id\":\"https:\\\/\\\/newmobility.news\\\/2026\\\/06\\\/26\\\/goca-almost-1-in-5-used-cars-fails-flanders-pre-sale-inspection\\\/#breadcrumb\"},\"inLanguage\":\"fr-BE\",\"potentialAction\":[{\"@type\":\"ReadAction\",\"target\":[\"https:\\\/\\\/newmobility.news\\\/2026\\\/06\\\/26\\\/goca-almost-1-in-5-used-cars-fails-flanders-pre-sale-inspection\\\/\"]}]},{\"@type\":\"ImageObject\",\"inLanguage\":\"fr-BE\",\"@id\":\"https:\\\/\\\/newmobility.news\\\/2026\\\/06\\\/26\\\/goca-almost-1-in-5-used-cars-fails-flanders-pre-sale-inspection\\\/#primaryimage\",\"url\":\"https:\\\/\\\/i0.wp.com\\\/newmobility.news\\\/wp-content\\\/uploads\\\/2026\\\/06\\\/Scherm%C2%ADafbeelding-2026-06-26-om-11.23.25.png?fit=865%2C570&ssl=1\",\"contentUrl\":\"https:\\\/\\\/i0.wp.com\\\/newmobility.news\\\/wp-content\\\/uploads\\\/2026\\\/06\\\/Scherm%C2%ADafbeelding-2026-06-26-om-11.23.25.png?fit=865%2C570&ssl=1\",\"width\":865,\"height\":570,\"caption\":\"Goca considers a pre-sale technical inspection highly advisable and therefore opposes the government's plans to abolish it \\\/autoveiligheid.be\"},{\"@type\":\"BreadcrumbList\",\"@id\":\"https:\\\/\\\/newmobility.news\\\/2026\\\/06\\\/26\\\/goca-almost-1-in-5-used-cars-fails-flanders-pre-sale-inspection\\\/#breadcrumb\",\"itemListElement\":[{\"@type\":\"ListItem\",\"position\":1,\"name\":\"Home\",\"item\":\"https:\\\/\\\/newmobility.news\\\/\"},{\"@type\":\"ListItem\",\"position\":2,\"name\":\"Goca: &#8216;Almost 1 in 5 used cars fails Flanders\u2019 pre-sale inspection&#8217;\"}]},{\"@type\":\"WebSite\",\"@id\":\"https:\\\/\\\/newmobility.news\\\/#website\",\"url\":\"https:\\\/\\\/newmobility.news\\\/\",\"name\":\"newmobility.news\",\"description\":\"A B2BNews Agency\u00ae news service for mobility business proessional\",\"publisher\":{\"@id\":\"https:\\\/\\\/newmobility.news\\\/#organization\"},\"potentialAction\":[{\"@type\":\"SearchAction\",\"target\":{\"@type\":\"EntryPoint\",\"urlTemplate\":\"https:\\\/\\\/newmobility.news\\\/?s={search_term_string}\"},\"query-input\":{\"@type\":\"PropertyValueSpecification\",\"valueRequired\":true,\"valueName\":\"search_term_string\"}}],\"inLanguage\":\"fr-BE\"},{\"@type\":\"Organization\",\"@id\":\"https:\\\/\\\/newmobility.news\\\/#organization\",\"name\":\"B2BNews Agency\",\"url\":\"https:\\\/\\\/newmobility.news\\\/\",\"logo\":{\"@type\":\"ImageObject\",\"inLanguage\":\"fr-BE\",\"@id\":\"https:\\\/\\\/newmobility.news\\\/#\\\/schema\\\/logo\\\/image\\\/\",\"url\":\"https:\\\/\\\/newmobility.news\\\/wp-content\\\/uploads\\\/2018\\\/01\\\/b2bnews-agency-logo.png\",\"contentUrl\":\"https:\\\/\\\/newmobility.news\\\/wp-content\\\/uploads\\\/2018\\\/01\\\/b2bnews-agency-logo.png\",\"width\":\"581\",\"height\":\"117\",\"caption\":\"B2BNews Agency\"},\"image\":{\"@id\":\"https:\\\/\\\/newmobility.news\\\/#\\\/schema\\\/logo\\\/image\\\/\"},\"sameAs\":[\"https:\\\/\\\/www.facebook.com\\\/search\\\/top\\\/?q=newmobility.news\",\"https:\\\/\\\/x.com\\\/jorisvry\",\"https:\\\/\\\/www.linkedin.com\\\/in\\\/jorisvanroy\\\/\",\"https:\\\/\\\/nl.pinterest.com\\\/jorisvanroy\\\/\"]},{\"@type\":\"Person\",\"@id\":\"https:\\\/\\\/newmobility.news\\\/#\\\/schema\\\/person\\\/7540fd72a981bf6a315ba1b874c2a464\",\"name\":\"Hilde Van Raemdonck\",\"image\":{\"@type\":\"ImageObject\",\"inLanguage\":\"fr-BE\",\"@id\":\"https:\\\/\\\/secure.gravatar.com\\\/avatar\\\/df873a81c6773757375a21da8c2465de0552095dede94d299763768ab1b36cef?s=96&d=mm&r=g\",\"url\":\"https:\\\/\\\/secure.gravatar.com\\\/avatar\\\/df873a81c6773757375a21da8c2465de0552095dede94d299763768ab1b36cef?s=96&d=mm&r=g\",\"contentUrl\":\"https:\\\/\\\/secure.gravatar.com\\\/avatar\\\/df873a81c6773757375a21da8c2465de0552095dede94d299763768ab1b36cef?s=96&d=mm&r=g\",\"caption\":\"Hilde Van Raemdonck\"},\"url\":\"https:\\\/\\\/newmobility.news\\\/fr\\\/author\\\/hilde-van-raemdonck\\\/\"}]}<\/script>\n<!-- \/ Yoast SEO plugin. -->","yoast_head_json":{"title":"Goca : ' Pr\u00e8s d'une voiture d'occasion sur cinq \u00e9choue au contr\u00f4le technique pr\u00e9alable \u00e0 la vente en Flandre \u2019 - newmobility.news","robots":{"index":"index","follow":"follow","max-snippet":"max-snippet:-1","max-image-preview":"max-image-preview:large","max-video-preview":"max-video-preview:-1"},"canonical":"https:\/\/newmobility.news\/fr\/2026\/06\/26\/goca-almost-1-in-5-used-cars-fails-flanders-pre-sale-inspection\/","og_locale":"fr_FR","og_type":"article","og_title":"Goca: 'Almost 1 in 5 used cars fails Flanders\u2019 pre-sale inspection' - newmobility.news","og_description":"Last year, almost one in five used cars failed the pre-sale vehicle inspection due to a major or dangerous defect.\u00a0Goca Flanders, the industry federation for vehicle inspections and driving tests, reported this on Thursday in its 2025 annual report. In 2025, a total of 3,600,249 cars underwent This content has been archived. Log in or [&hellip;]","og_url":"https:\/\/newmobility.news\/fr\/2026\/06\/26\/goca-almost-1-in-5-used-cars-fails-flanders-pre-sale-inspection\/","og_site_name":"newmobility.news","article_publisher":"https:\/\/www.facebook.com\/search\/top\/?q=newmobility.news","article_published_time":"2026-06-26T09:31:54+00:00","article_modified_time":"2026-06-26T09:47:26+00:00","og_image":[{"width":865,"height":570,"url":"https:\/\/newmobility.news\/wp-content\/uploads\/2026\/06\/Scherm\u00adafbeelding-2026-06-26-om-11.23.25.png","type":"image\/png"}],"author":"Hilde Van Raemdonck","twitter_card":"summary_large_image","twitter_creator":"@jorisvry","twitter_site":"@jorisvry","twitter_misc":{"\u00c9crit par":"Hilde Van Raemdonck","Dur\u00e9e de lecture est.":"2 minutes"},"schema":{"@context":"https:\/\/schema.org","@graph":[{"@type":"Article","@id":"https:\/\/newmobility.news\/2026\/06\/26\/goca-almost-1-in-5-used-cars-fails-flanders-pre-sale-inspection\/#article","isPartOf":{"@id":"https:\/\/newmobility.news\/2026\/06\/26\/goca-almost-1-in-5-used-cars-fails-flanders-pre-sale-inspection\/"},"author":{"name":"Hilde Van Raemdonck","@id":"https:\/\/newmobility.news\/#\/schema\/person\/7540fd72a981bf6a315ba1b874c2a464"},"headline":"Goca: &#8216;Almost 1 in 5 used cars fails Flanders\u2019 pre-sale inspection&#8217;","datePublished":"2026-06-26T09:31:54+00:00","dateModified":"2026-06-26T09:47:26+00:00","mainEntityOfPage":{"@id":"https:\/\/newmobility.news\/2026\/06\/26\/goca-almost-1-in-5-used-cars-fails-flanders-pre-sale-inspection\/"},"wordCount":386,"publisher":{"@id":"https:\/\/newmobility.news\/#organization"},"image":{"@id":"https:\/\/newmobility.news\/2026\/06\/26\/goca-almost-1-in-5-used-cars-fails-flanders-pre-sale-inspection\/#primaryimage"},"thumbnailUrl":"https:\/\/i0.wp.com\/newmobility.news\/wp-content\/uploads\/2026\/06\/Scherm%C2%ADafbeelding-2026-06-26-om-11.23.25.png?fit=865%2C570&ssl=1","articleSection":["Belgium","Legislation","Mobility","Road safety","Top Stories Today","Weekly Newsletter"],"inLanguage":"fr-BE"},{"@type":"WebPage","@id":"https:\/\/newmobility.news\/2026\/06\/26\/goca-almost-1-in-5-used-cars-fails-flanders-pre-sale-inspection\/","url":"https:\/\/newmobility.news\/2026\/06\/26\/goca-almost-1-in-5-used-cars-fails-flanders-pre-sale-inspection\/","name":"Goca : ' Pr\u00e8s d'une voiture d'occasion sur cinq \u00e9choue au contr\u00f4le technique pr\u00e9alable \u00e0 la vente en Flandre \u2019 - newmobility.news","isPartOf":{"@id":"https:\/\/newmobility.news\/#website"},"primaryImageOfPage":{"@id":"https:\/\/newmobility.news\/2026\/06\/26\/goca-almost-1-in-5-used-cars-fails-flanders-pre-sale-inspection\/#primaryimage"},"image":{"@id":"https:\/\/newmobility.news\/2026\/06\/26\/goca-almost-1-in-5-used-cars-fails-flanders-pre-sale-inspection\/#primaryimage"},"thumbnailUrl":"https:\/\/i0.wp.com\/newmobility.news\/wp-content\/uploads\/2026\/06\/Scherm%C2%ADafbeelding-2026-06-26-om-11.23.25.png?fit=865%2C570&ssl=1","datePublished":"2026-06-26T09:31:54+00:00","dateModified":"2026-06-26T09:47:26+00:00","breadcrumb":{"@id":"https:\/\/newmobility.news\/2026\/06\/26\/goca-almost-1-in-5-used-cars-fails-flanders-pre-sale-inspection\/#breadcrumb"},"inLanguage":"fr-BE","potentialAction":[{"@type":"ReadAction","target":["https:\/\/newmobility.news\/2026\/06\/26\/goca-almost-1-in-5-used-cars-fails-flanders-pre-sale-inspection\/"]}]},{"@type":"ImageObject","inLanguage":"fr-BE","@id":"https:\/\/newmobility.news\/2026\/06\/26\/goca-almost-1-in-5-used-cars-fails-flanders-pre-sale-inspection\/#primaryimage","url":"https:\/\/i0.wp.com\/newmobility.news\/wp-content\/uploads\/2026\/06\/Scherm%C2%ADafbeelding-2026-06-26-om-11.23.25.png?fit=865%2C570&ssl=1","contentUrl":"https:\/\/i0.wp.com\/newmobility.news\/wp-content\/uploads\/2026\/06\/Scherm%C2%ADafbeelding-2026-06-26-om-11.23.25.png?fit=865%2C570&ssl=1","width":865,"height":570,"caption":"Goca considers a pre-sale technical inspection highly advisable and therefore opposes the government's plans to abolish it \/autoveiligheid.be"},{"@type":"BreadcrumbList","@id":"https:\/\/newmobility.news\/2026\/06\/26\/goca-almost-1-in-5-used-cars-fails-flanders-pre-sale-inspection\/#breadcrumb","itemListElement":[{"@type":"ListItem","position":1,"name":"Home","item":"https:\/\/newmobility.news\/"},{"@type":"ListItem","position":2,"name":"Goca: &#8216;Almost 1 in 5 used cars fails Flanders\u2019 pre-sale inspection&#8217;"}]},{"@type":"WebSite","@id":"https:\/\/newmobility.news\/#website","url":"https:\/\/newmobility.news\/","name":"nouveaumobilit\u00e9.actualit\u00e9s","description":"Un service d'information B2BNews Agency\u00ae destin\u00e9 aux professionnels de la mobilit\u00e9","publisher":{"@id":"https:\/\/newmobility.news\/#organization"},"potentialAction":[{"@type":"SearchAction","target":{"@type":"EntryPoint","urlTemplate":"https:\/\/newmobility.news\/?s={search_term_string}"},"query-input":{"@type":"PropertyValueSpecification","valueRequired":true,"valueName":"search_term_string"}}],"inLanguage":"fr-BE"},{"@type":"Organization","@id":"https:\/\/newmobility.news\/#organization","name":"Agence de presse B2BNews","url":"https:\/\/newmobility.news\/","logo":{"@type":"ImageObject","inLanguage":"fr-BE","@id":"https:\/\/newmobility.news\/#\/schema\/logo\/image\/","url":"https:\/\/newmobility.news\/wp-content\/uploads\/2018\/01\/b2bnews-agency-logo.png","contentUrl":"https:\/\/newmobility.news\/wp-content\/uploads\/2018\/01\/b2bnews-agency-logo.png","width":"581","height":"117","caption":"B2BNews Agency"},"image":{"@id":"https:\/\/newmobility.news\/#\/schema\/logo\/image\/"},"sameAs":["https:\/\/www.facebook.com\/search\/top\/?q=newmobility.news","https:\/\/x.com\/jorisvry","https:\/\/www.linkedin.com\/in\/jorisvanroy\/","https:\/\/nl.pinterest.com\/jorisvanroy\/"]},{"@type":"Person","@id":"https:\/\/newmobility.news\/#\/schema\/person\/7540fd72a981bf6a315ba1b874c2a464","name":"Hilde Van Raemdonck","image":{"@type":"ImageObject","inLanguage":"fr-BE","@id":"https:\/\/secure.gravatar.com\/avatar\/df873a81c6773757375a21da8c2465de0552095dede94d299763768ab1b36cef?s=96&d=mm&r=g","url":"https:\/\/secure.gravatar.com\/avatar\/df873a81c6773757375a21da8c2465de0552095dede94d299763768ab1b36cef?s=96&d=mm&r=g","contentUrl":"https:\/\/secure.gravatar.com\/avatar\/df873a81c6773757375a21da8c2465de0552095dede94d299763768ab1b36cef?s=96&d=mm&r=g","caption":"Hilde Van Raemdonck"},"url":"https:\/\/newmobility.news\/fr\/author\/hilde-van-raemdonck\/"}]}},"jetpack_publicize_connections":[],"jetpack_shortlink":"https:\/\/wp.me\/p9wJdU-N4c","jetpack_sharing_enabled":true,"jetpack_likes_enabled":true,"jetpack-related-posts":[],"jetpack_featured_media_url":"https:\/\/i0.wp.com\/newmobility.news\/wp-content\/uploads\/2026\/06\/Scherm%C2%ADafbeelding-2026-06-26-om-11.23.25.png?fit=865%2C570&ssl=1","_links":{"self":[{"href":"https:\/\/newmobility.news\/fr\/wp-json\/wp\/v2\/posts\/188616","targetHints":{"allow":["GET"]}}],"collection":[{"href":"https:\/\/newmobility.news\/fr\/wp-json\/wp\/v2\/posts"}],"about":[{"href":"https:\/\/newmobility.news\/fr\/wp-json\/wp\/v2\/types\/post"}],"author":[{"embeddable":true,"href":"https:\/\/newmobility.news\/fr\/wp-json\/wp\/v2\/users\/175"}],"replies":[{"embeddable":true,"href":"https:\/\/newmobility.news\/fr\/wp-json\/wp\/v2\/comments?post=188616"}],"version-history":[{"count":4,"href":"https:\/\/newmobility.news\/fr\/wp-json\/wp\/v2\/posts\/188616\/revisions"}],"predecessor-version":[{"id":188659,"href":"https:\/\/newmobility.news\/fr\/wp-json\/wp\/v2\/posts\/188616\/revisions\/188659"}],"wp:featuredmedia":[{"embeddable":true,"href":"https:\/\/newmobility.news\/fr\/wp-json\/wp\/v2\/media\/188652"}],"wp:attachment":[{"href":"https:\/\/newmobility.news\/fr\/wp-json\/wp\/v2\/media?parent=188616"}],"wp:term":[{"taxonomy":"category","embeddable":true,"href":"https:\/\/newmobility.news\/fr\/wp-json\/wp\/v2\/categories?post=188616"},{"taxonomy":"post_tag","embeddable":true,"href":"https:\/\/newmobility.news\/fr\/wp-json\/wp\/v2\/tags?post=188616"}],"curies":[{"name":"wp","href":"https:\/\/api.w.org\/{rel}","templated":true}]}}