{"id":188656,"date":"2026-06-26T17:04:46","date_gmt":"2026-06-26T15:04:46","guid":{"rendered":"https:\/\/newmobility.news\/?p=188656"},"modified":"2026-06-26T17:04:46","modified_gmt":"2026-06-26T15:04:46","slug":"ian-callum-the-new-jaguar-type01-is-brutal-but-not-beautiful","status":"publish","type":"post","link":"https:\/\/newmobility.news\/fr\/2026\/06\/26\/ian-callum-the-new-jaguar-type01-is-brutal-but-not-beautiful\/","title":{"rendered":"Ian Callum : \u2018 La nouvelle Jaguar Type 01 est brutale, mais pas belle \u2019"},"content":{"rendered":"Jaguar se lance t\u00eate baiss\u00e9e dans son avenir \u00e9lectrique avec la Type 01, une imposante berline de luxe \u00e0 batterie con\u00e7ue pour rivaliser avec des marques telles que Bentley et Rolls-Royce. Motor1.com a demand\u00e9 \u00e0 Ian Callum, ancien directeur du design chez Jaguar et cr\u00e9ateur de plusieurs mod\u00e8les embl\u00e9matiques de la marque, ce qu\u2019il pensait de cette nouvelle venue. <div class=\"leaky_paywall_message_wrap\"><div id=\"leaky_paywall_message\">Ce contenu a \u00e9t\u00e9 archiv\u00e9. <a href=\"https:\/\/newmobility.news\/fr\/subscription\/\">Connectez-vous ou inscrivez-vous<\/a> \u00e0 un niveau qui donne acc\u00e8s au contenu archiv\u00e9.<\/div><\/div>","protected":false},"excerpt":{"rendered":"<p>Jaguar is diving headfirst into its electric future with the Type 01, a massive, battery-powered luxury sedan designed to take on the likes of Bentley and Rolls-Royce. Motor1.com asked former Jaguar design boss Ian Callum, the father of several iconic Jaguar designs, what he thinks of the newcomer. This content has been archived. Log in [&hellip;]<\/p>\n","protected":false},"author":13,"featured_media":188673,"comment_status":"closed","ping_status":"closed","sticky":false,"template":"","format":"standard","meta":{"_acf_changed":false,"_jetpack_newsletter_access":"","_jetpack_dont_email_post_to_subs":false,"_jetpack_newsletter_tier_id":0,"_jetpack_memberships_contains_paywalled_content":false,"_jetpack_feature_clip_id":0,"_jetpack_memberships_contains_paid_content":false,"footnotes":"","jetpack_publicize_message":"{title}\r\n\r\n{excerpt}\r\n\r\n{url}","jetpack_publicize_feature_enabled":true,"jetpack_social_post_already_shared":true,"jetpack_social_options":{"image_generator_settings":{"template":"highway","default_image_id":0,"font":"","enabled":false},"version":2},"_wpas_customize_per_network":false,"jetpack_post_was_ever_published":false},"categories":[77166,9,4],"tags":[],"class_list":["post-188656","post","type-post","status-publish","format-standard","has-post-thumbnail","hentry","category-design","category-opinion","category-top-stories-today"],"acf":[],"featured_image_urls_v2":{"full":["https:\/\/i0.wp.com\/newmobility.news\/wp-content\/uploads\/2026\/06\/Scherm%C2%ADafbeelding-2026-06-26-om-16.43.33.png?fit=1872%2C928&ssl=1",1872,928,false],"thumbnail":["https:\/\/i0.wp.com\/newmobility.news\/wp-content\/uploads\/2026\/06\/Scherm%C2%ADafbeelding-2026-06-26-om-16.43.33.png?resize=150%2C150&ssl=1",150,150,true],"medium":["https:\/\/i0.wp.com\/newmobility.news\/wp-content\/uploads\/2026\/06\/Scherm%C2%ADafbeelding-2026-06-26-om-16.43.33.png?fit=300%2C149&ssl=1",300,149,true],"medium_large":["https:\/\/i0.wp.com\/newmobility.news\/wp-content\/uploads\/2026\/06\/Scherm%C2%ADafbeelding-2026-06-26-om-16.43.33.png?fit=640%2C317&ssl=1",640,317,true],"large":["https:\/\/i0.wp.com\/newmobility.news\/wp-content\/uploads\/2026\/06\/Scherm%C2%ADafbeelding-2026-06-26-om-16.43.33.png?fit=640%2C318&ssl=1",640,318,true],"1536x1536":["https:\/\/i0.wp.com\/newmobility.news\/wp-content\/uploads\/2026\/06\/Scherm%C2%ADafbeelding-2026-06-26-om-16.43.33.png?fit=1536%2C761&ssl=1",1536,761,true],"2048x2048":["https:\/\/i0.wp.com\/newmobility.news\/wp-content\/uploads\/2026\/06\/Scherm%C2%ADafbeelding-2026-06-26-om-16.43.33.png?fit=1872%2C928&ssl=1",1872,928,true],"trp-custom-language-flag":["https:\/\/i0.wp.com\/newmobility.news\/wp-content\/uploads\/2026\/06\/Scherm%C2%ADafbeelding-2026-06-26-om-16.43.33.png?fit=18%2C9&ssl=1",18,9,true],"related-thumb":["https:\/\/i0.wp.com\/newmobility.news\/wp-content\/uploads\/2026\/06\/Scherm%C2%ADafbeelding-2026-06-26-om-16.43.33.png?resize=640%2C480&ssl=1",640,480,true],"gform-image-choice-sm":["https:\/\/i0.wp.com\/newmobility.news\/wp-content\/uploads\/2026\/06\/Scherm%C2%ADafbeelding-2026-06-26-om-16.43.33.png?resize=300%2C300&ssl=1",300,300,true],"gform-image-choice-md":["https:\/\/i0.wp.com\/newmobility.news\/wp-content\/uploads\/2026\/06\/Scherm%C2%ADafbeelding-2026-06-26-om-16.43.33.png?resize=400%2C400&ssl=1",400,400,true],"gform-image-choice-lg":["https:\/\/i0.wp.com\/newmobility.news\/wp-content\/uploads\/2026\/06\/Scherm%C2%ADafbeelding-2026-06-26-om-16.43.33.png?resize=600%2C600&ssl=1",600,600,true],"mailchimp":["https:\/\/i0.wp.com\/newmobility.news\/wp-content\/uploads\/2026\/06\/Scherm%C2%ADafbeelding-2026-06-26-om-16.43.33.png?fit=560%2C278&ssl=1",560,278,true],"unipress-phone":["https:\/\/i0.wp.com\/newmobility.news\/wp-content\/uploads\/2026\/06\/Scherm%C2%ADafbeelding-2026-06-26-om-16.43.33.png?resize=640%2C100&ssl=1",640,100,true],"unipress-tablet":["https:\/\/i0.wp.com\/newmobility.news\/wp-content\/uploads\/2026\/06\/Scherm%C2%ADafbeelding-2026-06-26-om-16.43.33.png?resize=1536%2C240&ssl=1",1536,240,true],"unipress-tablet-portrait":["https:\/\/i0.wp.com\/newmobility.news\/wp-content\/uploads\/2026\/06\/Scherm%C2%ADafbeelding-2026-06-26-om-16.43.33.png?resize=1536%2C180&ssl=1",1536,180,true],"unipress-tablet-landscape":["https:\/\/i0.wp.com\/newmobility.news\/wp-content\/uploads\/2026\/06\/Scherm%C2%ADafbeelding-2026-06-26-om-16.43.33.png?resize=1872%2C180&ssl=1",1872,180,true],"unipress-smartphone":["https:\/\/i0.wp.com\/newmobility.news\/wp-content\/uploads\/2026\/06\/Scherm%C2%ADafbeelding-2026-06-26-om-16.43.33.png?resize=1080%2C168&ssl=1",1080,168,true],"unipress-wide-screen":["https:\/\/i0.wp.com\/newmobility.news\/wp-content\/uploads\/2026\/06\/Scherm%C2%ADafbeelding-2026-06-26-om-16.43.33.png?resize=1872%2C180&ssl=1",1872,180,true]},"post_excerpt_stackable_v2":"<p>Jaguar is diving headfirst into its electric future with the Type 01, a massive, battery-powered luxury sedan designed to take on the likes of Bentley and Rolls-Royce. Motor1.com asked former Jaguar design boss Ian Callum, the father of several iconic Jaguar designs, what he thinks of the newcomer. This content has been archived. Log in or Subscribe to a level that has access to archived content.<\/p>\n","category_list_v2":"<a href=\"https:\/\/newmobility.news\/fr\/category\/design\/\" rel=\"category tag\">Design<\/a>, <a href=\"https:\/\/newmobility.news\/fr\/category\/opinion\/\" rel=\"category tag\">Opinion<\/a>, <a href=\"https:\/\/newmobility.news\/fr\/category\/top-stories-today\/\" rel=\"category tag\">Top Stories Today<\/a>","author_info_v2":{"name":"Tony Verhelle","url":"https:\/\/newmobility.news\/fr\/author\/toverbel\/"},"comments_num_v2":"0 comments","yoast_head":"<!-- This site is optimized with the Yoast SEO plugin v28.4 - https:\/\/yoast.com\/product\/yoast-seo-wordpress\/ -->\n<title>Ian Callum: &#039;The new Jaguar Type01 is brutal, but not beautiful&#039; - newmobility.news<\/title>\n<meta name=\"robots\" content=\"index, follow, max-snippet:-1, max-image-preview:large, max-video-preview:-1\" \/>\n<link rel=\"canonical\" href=\"https:\/\/newmobility.news\/fr\/2026\/06\/26\/ian-callum-the-new-jaguar-type01-is-brutal-but-not-beautiful\/\" \/>\n<meta property=\"og:locale\" content=\"fr_FR\" \/>\n<meta property=\"og:type\" content=\"article\" \/>\n<meta property=\"og:title\" content=\"Ian Callum: &#039;The new Jaguar Type01 is brutal, but not beautiful&#039; - newmobility.news\" \/>\n<meta property=\"og:description\" content=\"Jaguar is diving headfirst into its electric future with the Type 01, a massive, battery-powered luxury sedan designed to take on the likes of Bentley and Rolls-Royce. Motor1.com asked former Jaguar design boss Ian Callum, the father of several iconic Jaguar designs, what he thinks of the newcomer. This content has been archived. Log in [&hellip;]\" \/>\n<meta property=\"og:url\" content=\"https:\/\/newmobility.news\/fr\/2026\/06\/26\/ian-callum-the-new-jaguar-type01-is-brutal-but-not-beautiful\/\" \/>\n<meta property=\"og:site_name\" content=\"newmobility.news\" \/>\n<meta property=\"article:publisher\" content=\"https:\/\/www.facebook.com\/search\/top\/?q=newmobility.news\" \/>\n<meta property=\"article:published_time\" content=\"2026-06-26T15:04:46+00:00\" \/>\n<meta property=\"og:image\" content=\"https:\/\/newmobility.news\/wp-content\/uploads\/2026\/06\/Scherm\u00adafbeelding-2026-06-26-om-16.43.33.png\" \/>\n\t<meta property=\"og:image:width\" content=\"1872\" \/>\n\t<meta property=\"og:image:height\" content=\"928\" \/>\n\t<meta property=\"og:image:type\" content=\"image\/png\" \/>\n<meta name=\"author\" content=\"Tony Verhelle\" \/>\n<meta name=\"twitter:card\" content=\"summary_large_image\" \/>\n<meta name=\"twitter:creator\" content=\"@jorisvry\" \/>\n<meta name=\"twitter:site\" content=\"@jorisvry\" \/>\n<meta name=\"twitter:label1\" content=\"\u00c9crit par\" \/>\n\t<meta name=\"twitter:data1\" content=\"Tony Verhelle\" \/>\n\t<meta name=\"twitter:label2\" content=\"Dur\u00e9e de lecture est.\" \/>\n\t<meta name=\"twitter:data2\" content=\"4 minutes\" \/>\n<script type=\"application\/ld+json\" class=\"yoast-schema-graph\">{\"@context\":\"https:\\\/\\\/schema.org\",\"@graph\":[{\"@type\":\"Article\",\"@id\":\"https:\\\/\\\/newmobility.news\\\/2026\\\/06\\\/26\\\/ian-callum-the-new-jaguar-type01-is-brutal-but-not-beautiful\\\/#article\",\"isPartOf\":{\"@id\":\"https:\\\/\\\/newmobility.news\\\/2026\\\/06\\\/26\\\/ian-callum-the-new-jaguar-type01-is-brutal-but-not-beautiful\\\/\"},\"author\":{\"name\":\"Tony Verhelle\",\"@id\":\"https:\\\/\\\/newmobility.news\\\/#\\\/schema\\\/person\\\/9ed42cfc4d62d98488c1d6e225040557\"},\"headline\":\"Ian Callum: &#8216;The new Jaguar Type01 is brutal, but not beautiful&#8217;\",\"datePublished\":\"2026-06-26T15:04:46+00:00\",\"mainEntityOfPage\":{\"@id\":\"https:\\\/\\\/newmobility.news\\\/2026\\\/06\\\/26\\\/ian-callum-the-new-jaguar-type01-is-brutal-but-not-beautiful\\\/\"},\"wordCount\":770,\"publisher\":{\"@id\":\"https:\\\/\\\/newmobility.news\\\/#organization\"},\"image\":{\"@id\":\"https:\\\/\\\/newmobility.news\\\/2026\\\/06\\\/26\\\/ian-callum-the-new-jaguar-type01-is-brutal-but-not-beautiful\\\/#primaryimage\"},\"thumbnailUrl\":\"https:\\\/\\\/i0.wp.com\\\/newmobility.news\\\/wp-content\\\/uploads\\\/2026\\\/06\\\/Scherm%C2%ADafbeelding-2026-06-26-om-16.43.33.png?fit=1872%2C928&ssl=1\",\"articleSection\":[\"Design\",\"Opinion\",\"Top Stories Today\"],\"inLanguage\":\"fr-BE\"},{\"@type\":\"WebPage\",\"@id\":\"https:\\\/\\\/newmobility.news\\\/2026\\\/06\\\/26\\\/ian-callum-the-new-jaguar-type01-is-brutal-but-not-beautiful\\\/\",\"url\":\"https:\\\/\\\/newmobility.news\\\/2026\\\/06\\\/26\\\/ian-callum-the-new-jaguar-type01-is-brutal-but-not-beautiful\\\/\",\"name\":\"Ian Callum: 'The new Jaguar Type01 is brutal, but not beautiful' - newmobility.news\",\"isPartOf\":{\"@id\":\"https:\\\/\\\/newmobility.news\\\/#website\"},\"primaryImageOfPage\":{\"@id\":\"https:\\\/\\\/newmobility.news\\\/2026\\\/06\\\/26\\\/ian-callum-the-new-jaguar-type01-is-brutal-but-not-beautiful\\\/#primaryimage\"},\"image\":{\"@id\":\"https:\\\/\\\/newmobility.news\\\/2026\\\/06\\\/26\\\/ian-callum-the-new-jaguar-type01-is-brutal-but-not-beautiful\\\/#primaryimage\"},\"thumbnailUrl\":\"https:\\\/\\\/i0.wp.com\\\/newmobility.news\\\/wp-content\\\/uploads\\\/2026\\\/06\\\/Scherm%C2%ADafbeelding-2026-06-26-om-16.43.33.png?fit=1872%2C928&ssl=1\",\"datePublished\":\"2026-06-26T15:04:46+00:00\",\"breadcrumb\":{\"@id\":\"https:\\\/\\\/newmobility.news\\\/2026\\\/06\\\/26\\\/ian-callum-the-new-jaguar-type01-is-brutal-but-not-beautiful\\\/#breadcrumb\"},\"inLanguage\":\"fr-BE\",\"potentialAction\":[{\"@type\":\"ReadAction\",\"target\":[\"https:\\\/\\\/newmobility.news\\\/2026\\\/06\\\/26\\\/ian-callum-the-new-jaguar-type01-is-brutal-but-not-beautiful\\\/\"]}]},{\"@type\":\"ImageObject\",\"inLanguage\":\"fr-BE\",\"@id\":\"https:\\\/\\\/newmobility.news\\\/2026\\\/06\\\/26\\\/ian-callum-the-new-jaguar-type01-is-brutal-but-not-beautiful\\\/#primaryimage\",\"url\":\"https:\\\/\\\/i0.wp.com\\\/newmobility.news\\\/wp-content\\\/uploads\\\/2026\\\/06\\\/Scherm%C2%ADafbeelding-2026-06-26-om-16.43.33.png?fit=1872%2C928&ssl=1\",\"contentUrl\":\"https:\\\/\\\/i0.wp.com\\\/newmobility.news\\\/wp-content\\\/uploads\\\/2026\\\/06\\\/Scherm%C2%ADafbeelding-2026-06-26-om-16.43.33.png?fit=1872%2C928&ssl=1\",\"width\":1872,\"height\":928,\"caption\":\"Jaguar's 00 Concept will give birth to a high-luxury elekctric sedan with a coupe-like design \\\/Jaguar\"},{\"@type\":\"BreadcrumbList\",\"@id\":\"https:\\\/\\\/newmobility.news\\\/2026\\\/06\\\/26\\\/ian-callum-the-new-jaguar-type01-is-brutal-but-not-beautiful\\\/#breadcrumb\",\"itemListElement\":[{\"@type\":\"ListItem\",\"position\":1,\"name\":\"Home\",\"item\":\"https:\\\/\\\/newmobility.news\\\/\"},{\"@type\":\"ListItem\",\"position\":2,\"name\":\"Ian Callum: &#8216;The new Jaguar Type01 is brutal, but not beautiful&#8217;\"}]},{\"@type\":\"WebSite\",\"@id\":\"https:\\\/\\\/newmobility.news\\\/#website\",\"url\":\"https:\\\/\\\/newmobility.news\\\/\",\"name\":\"newmobility.news\",\"description\":\"A B2BNews Agency\u00ae news service for mobility business proessional\",\"publisher\":{\"@id\":\"https:\\\/\\\/newmobility.news\\\/#organization\"},\"potentialAction\":[{\"@type\":\"SearchAction\",\"target\":{\"@type\":\"EntryPoint\",\"urlTemplate\":\"https:\\\/\\\/newmobility.news\\\/?s={search_term_string}\"},\"query-input\":{\"@type\":\"PropertyValueSpecification\",\"valueRequired\":true,\"valueName\":\"search_term_string\"}}],\"inLanguage\":\"fr-BE\"},{\"@type\":\"Organization\",\"@id\":\"https:\\\/\\\/newmobility.news\\\/#organization\",\"name\":\"B2BNews Agency\",\"url\":\"https:\\\/\\\/newmobility.news\\\/\",\"logo\":{\"@type\":\"ImageObject\",\"inLanguage\":\"fr-BE\",\"@id\":\"https:\\\/\\\/newmobility.news\\\/#\\\/schema\\\/logo\\\/image\\\/\",\"url\":\"https:\\\/\\\/newmobility.news\\\/wp-content\\\/uploads\\\/2018\\\/01\\\/b2bnews-agency-logo.png\",\"contentUrl\":\"https:\\\/\\\/newmobility.news\\\/wp-content\\\/uploads\\\/2018\\\/01\\\/b2bnews-agency-logo.png\",\"width\":\"581\",\"height\":\"117\",\"caption\":\"B2BNews Agency\"},\"image\":{\"@id\":\"https:\\\/\\\/newmobility.news\\\/#\\\/schema\\\/logo\\\/image\\\/\"},\"sameAs\":[\"https:\\\/\\\/www.facebook.com\\\/search\\\/top\\\/?q=newmobility.news\",\"https:\\\/\\\/x.com\\\/jorisvry\",\"https:\\\/\\\/www.linkedin.com\\\/in\\\/jorisvanroy\\\/\",\"https:\\\/\\\/nl.pinterest.com\\\/jorisvanroy\\\/\"]},{\"@type\":\"Person\",\"@id\":\"https:\\\/\\\/newmobility.news\\\/#\\\/schema\\\/person\\\/9ed42cfc4d62d98488c1d6e225040557\",\"name\":\"Tony Verhelle\",\"image\":{\"@type\":\"ImageObject\",\"inLanguage\":\"fr-BE\",\"@id\":\"https:\\\/\\\/secure.gravatar.com\\\/avatar\\\/3aa7bc7e3c29543b27eddb4850cf5b080b7eed539a9cc5c8807f7fae34c56438?s=96&d=mm&r=g\",\"url\":\"https:\\\/\\\/secure.gravatar.com\\\/avatar\\\/3aa7bc7e3c29543b27eddb4850cf5b080b7eed539a9cc5c8807f7fae34c56438?s=96&d=mm&r=g\",\"contentUrl\":\"https:\\\/\\\/secure.gravatar.com\\\/avatar\\\/3aa7bc7e3c29543b27eddb4850cf5b080b7eed539a9cc5c8807f7fae34c56438?s=96&d=mm&r=g\",\"caption\":\"Tony Verhelle\"},\"url\":\"https:\\\/\\\/newmobility.news\\\/fr\\\/author\\\/toverbel\\\/\"}]}<\/script>\n<!-- \/ Yoast SEO plugin. -->","yoast_head_json":{"title":"Ian Callum : ' La nouvelle Jaguar Type01 est brutale, mais pas belle ' - newmobility.news","robots":{"index":"index","follow":"follow","max-snippet":"max-snippet:-1","max-image-preview":"max-image-preview:large","max-video-preview":"max-video-preview:-1"},"canonical":"https:\/\/newmobility.news\/fr\/2026\/06\/26\/ian-callum-the-new-jaguar-type01-is-brutal-but-not-beautiful\/","og_locale":"fr_FR","og_type":"article","og_title":"Ian Callum: 'The new Jaguar Type01 is brutal, but not beautiful' - newmobility.news","og_description":"Jaguar is diving headfirst into its electric future with the Type 01, a massive, battery-powered luxury sedan designed to take on the likes of Bentley and Rolls-Royce. Motor1.com asked former Jaguar design boss Ian Callum, the father of several iconic Jaguar designs, what he thinks of the newcomer. This content has been archived. Log in [&hellip;]","og_url":"https:\/\/newmobility.news\/fr\/2026\/06\/26\/ian-callum-the-new-jaguar-type01-is-brutal-but-not-beautiful\/","og_site_name":"newmobility.news","article_publisher":"https:\/\/www.facebook.com\/search\/top\/?q=newmobility.news","article_published_time":"2026-06-26T15:04:46+00:00","og_image":[{"width":1872,"height":928,"url":"https:\/\/newmobility.news\/wp-content\/uploads\/2026\/06\/Scherm\u00adafbeelding-2026-06-26-om-16.43.33.png","type":"image\/png"}],"author":"Tony Verhelle","twitter_card":"summary_large_image","twitter_creator":"@jorisvry","twitter_site":"@jorisvry","twitter_misc":{"\u00c9crit par":"Tony Verhelle","Dur\u00e9e de lecture est.":"4 minutes"},"schema":{"@context":"https:\/\/schema.org","@graph":[{"@type":"Article","@id":"https:\/\/newmobility.news\/2026\/06\/26\/ian-callum-the-new-jaguar-type01-is-brutal-but-not-beautiful\/#article","isPartOf":{"@id":"https:\/\/newmobility.news\/2026\/06\/26\/ian-callum-the-new-jaguar-type01-is-brutal-but-not-beautiful\/"},"author":{"name":"Tony Verhelle","@id":"https:\/\/newmobility.news\/#\/schema\/person\/9ed42cfc4d62d98488c1d6e225040557"},"headline":"Ian Callum: &#8216;The new Jaguar Type01 is brutal, but not beautiful&#8217;","datePublished":"2026-06-26T15:04:46+00:00","mainEntityOfPage":{"@id":"https:\/\/newmobility.news\/2026\/06\/26\/ian-callum-the-new-jaguar-type01-is-brutal-but-not-beautiful\/"},"wordCount":770,"publisher":{"@id":"https:\/\/newmobility.news\/#organization"},"image":{"@id":"https:\/\/newmobility.news\/2026\/06\/26\/ian-callum-the-new-jaguar-type01-is-brutal-but-not-beautiful\/#primaryimage"},"thumbnailUrl":"https:\/\/i0.wp.com\/newmobility.news\/wp-content\/uploads\/2026\/06\/Scherm%C2%ADafbeelding-2026-06-26-om-16.43.33.png?fit=1872%2C928&ssl=1","articleSection":["Design","Opinion","Top Stories Today"],"inLanguage":"fr-BE"},{"@type":"WebPage","@id":"https:\/\/newmobility.news\/2026\/06\/26\/ian-callum-the-new-jaguar-type01-is-brutal-but-not-beautiful\/","url":"https:\/\/newmobility.news\/2026\/06\/26\/ian-callum-the-new-jaguar-type01-is-brutal-but-not-beautiful\/","name":"Ian Callum : ' La nouvelle Jaguar Type01 est brutale, mais pas belle ' - newmobility.news","isPartOf":{"@id":"https:\/\/newmobility.news\/#website"},"primaryImageOfPage":{"@id":"https:\/\/newmobility.news\/2026\/06\/26\/ian-callum-the-new-jaguar-type01-is-brutal-but-not-beautiful\/#primaryimage"},"image":{"@id":"https:\/\/newmobility.news\/2026\/06\/26\/ian-callum-the-new-jaguar-type01-is-brutal-but-not-beautiful\/#primaryimage"},"thumbnailUrl":"https:\/\/i0.wp.com\/newmobility.news\/wp-content\/uploads\/2026\/06\/Scherm%C2%ADafbeelding-2026-06-26-om-16.43.33.png?fit=1872%2C928&ssl=1","datePublished":"2026-06-26T15:04:46+00:00","breadcrumb":{"@id":"https:\/\/newmobility.news\/2026\/06\/26\/ian-callum-the-new-jaguar-type01-is-brutal-but-not-beautiful\/#breadcrumb"},"inLanguage":"fr-BE","potentialAction":[{"@type":"ReadAction","target":["https:\/\/newmobility.news\/2026\/06\/26\/ian-callum-the-new-jaguar-type01-is-brutal-but-not-beautiful\/"]}]},{"@type":"ImageObject","inLanguage":"fr-BE","@id":"https:\/\/newmobility.news\/2026\/06\/26\/ian-callum-the-new-jaguar-type01-is-brutal-but-not-beautiful\/#primaryimage","url":"https:\/\/i0.wp.com\/newmobility.news\/wp-content\/uploads\/2026\/06\/Scherm%C2%ADafbeelding-2026-06-26-om-16.43.33.png?fit=1872%2C928&ssl=1","contentUrl":"https:\/\/i0.wp.com\/newmobility.news\/wp-content\/uploads\/2026\/06\/Scherm%C2%ADafbeelding-2026-06-26-om-16.43.33.png?fit=1872%2C928&ssl=1","width":1872,"height":928,"caption":"Jaguar's 00 Concept will give birth to a high-luxury elekctric sedan with a coupe-like design \/Jaguar"},{"@type":"BreadcrumbList","@id":"https:\/\/newmobility.news\/2026\/06\/26\/ian-callum-the-new-jaguar-type01-is-brutal-but-not-beautiful\/#breadcrumb","itemListElement":[{"@type":"ListItem","position":1,"name":"Home","item":"https:\/\/newmobility.news\/"},{"@type":"ListItem","position":2,"name":"Ian Callum: &#8216;The new Jaguar Type01 is brutal, but not beautiful&#8217;"}]},{"@type":"WebSite","@id":"https:\/\/newmobility.news\/#website","url":"https:\/\/newmobility.news\/","name":"nouveaumobilit\u00e9.actualit\u00e9s","description":"Un service d'information B2BNews Agency\u00ae destin\u00e9 aux professionnels de la mobilit\u00e9","publisher":{"@id":"https:\/\/newmobility.news\/#organization"},"potentialAction":[{"@type":"SearchAction","target":{"@type":"EntryPoint","urlTemplate":"https:\/\/newmobility.news\/?s={search_term_string}"},"query-input":{"@type":"PropertyValueSpecification","valueRequired":true,"valueName":"search_term_string"}}],"inLanguage":"fr-BE"},{"@type":"Organization","@id":"https:\/\/newmobility.news\/#organization","name":"Agence de presse B2BNews","url":"https:\/\/newmobility.news\/","logo":{"@type":"ImageObject","inLanguage":"fr-BE","@id":"https:\/\/newmobility.news\/#\/schema\/logo\/image\/","url":"https:\/\/newmobility.news\/wp-content\/uploads\/2018\/01\/b2bnews-agency-logo.png","contentUrl":"https:\/\/newmobility.news\/wp-content\/uploads\/2018\/01\/b2bnews-agency-logo.png","width":"581","height":"117","caption":"B2BNews Agency"},"image":{"@id":"https:\/\/newmobility.news\/#\/schema\/logo\/image\/"},"sameAs":["https:\/\/www.facebook.com\/search\/top\/?q=newmobility.news","https:\/\/x.com\/jorisvry","https:\/\/www.linkedin.com\/in\/jorisvanroy\/","https:\/\/nl.pinterest.com\/jorisvanroy\/"]},{"@type":"Person","@id":"https:\/\/newmobility.news\/#\/schema\/person\/9ed42cfc4d62d98488c1d6e225040557","name":"Tony Verhelle","image":{"@type":"ImageObject","inLanguage":"fr-BE","@id":"https:\/\/secure.gravatar.com\/avatar\/3aa7bc7e3c29543b27eddb4850cf5b080b7eed539a9cc5c8807f7fae34c56438?s=96&d=mm&r=g","url":"https:\/\/secure.gravatar.com\/avatar\/3aa7bc7e3c29543b27eddb4850cf5b080b7eed539a9cc5c8807f7fae34c56438?s=96&d=mm&r=g","contentUrl":"https:\/\/secure.gravatar.com\/avatar\/3aa7bc7e3c29543b27eddb4850cf5b080b7eed539a9cc5c8807f7fae34c56438?s=96&d=mm&r=g","caption":"Tony Verhelle"},"url":"https:\/\/newmobility.news\/fr\/author\/toverbel\/"}]}},"jetpack_publicize_connections":[],"jetpack_shortlink":"https:\/\/wp.me\/p9wJdU-N4Q","jetpack_sharing_enabled":true,"jetpack_likes_enabled":true,"jetpack-related-posts":[],"jetpack_featured_media_url":"https:\/\/i0.wp.com\/newmobility.news\/wp-content\/uploads\/2026\/06\/Scherm%C2%ADafbeelding-2026-06-26-om-16.43.33.png?fit=1872%2C928&ssl=1","_links":{"self":[{"href":"https:\/\/newmobility.news\/fr\/wp-json\/wp\/v2\/posts\/188656","targetHints":{"allow":["GET"]}}],"collection":[{"href":"https:\/\/newmobility.news\/fr\/wp-json\/wp\/v2\/posts"}],"about":[{"href":"https:\/\/newmobility.news\/fr\/wp-json\/wp\/v2\/types\/post"}],"author":[{"embeddable":true,"href":"https:\/\/newmobility.news\/fr\/wp-json\/wp\/v2\/users\/13"}],"replies":[{"embeddable":true,"href":"https:\/\/newmobility.news\/fr\/wp-json\/wp\/v2\/comments?post=188656"}],"version-history":[{"count":2,"href":"https:\/\/newmobility.news\/fr\/wp-json\/wp\/v2\/posts\/188656\/revisions"}],"predecessor-version":[{"id":188675,"href":"https:\/\/newmobility.news\/fr\/wp-json\/wp\/v2\/posts\/188656\/revisions\/188675"}],"wp:featuredmedia":[{"embeddable":true,"href":"https:\/\/newmobility.news\/fr\/wp-json\/wp\/v2\/media\/188673"}],"wp:attachment":[{"href":"https:\/\/newmobility.news\/fr\/wp-json\/wp\/v2\/media?parent=188656"}],"wp:term":[{"taxonomy":"category","embeddable":true,"href":"https:\/\/newmobility.news\/fr\/wp-json\/wp\/v2\/categories?post=188656"},{"taxonomy":"post_tag","embeddable":true,"href":"https:\/\/newmobility.news\/fr\/wp-json\/wp\/v2\/tags?post=188656"}],"curies":[{"name":"wp","href":"https:\/\/api.w.org\/{rel}","templated":true}]}}