{"id":188698,"date":"2026-06-29T12:15:29","date_gmt":"2026-06-29T10:15:29","guid":{"rendered":"https:\/\/newmobility.news\/?p=188698"},"modified":"2026-07-03T11:30:09","modified_gmt":"2026-07-03T09:30:09","slug":"belgian-dieter-vranckx-takes-on-triple-chairmanship-role-at-lufthansa","status":"publish","type":"post","link":"https:\/\/newmobility.news\/fr\/2026\/06\/29\/belgian-dieter-vranckx-takes-on-triple-chairmanship-role-at-lufthansa\/","title":{"rendered":"Le Belge Dieter Vranckx endosse trois fonctions de pr\u00e9sident au sein de Lufthansa"},"content":{"rendered":"Le Belge Dieter Vranckx (53 ans), qui a fait carri\u00e8re chez Lufthansa depuis plusieurs ann\u00e9es, est d\u00e9sormais pr\u00e9sident de trois compagnies a\u00e9riennes au sein du groupe allemand, l'un des plus importants d'Europe. Outre Brussels Airlines, il s'agit de Swiss et d'Austrian Airlines.\n\nLa nomination de M. Vranckx s'inscrit dans le cadre d'une r\u00e9organisation<div class=\"leaky_paywall_message_wrap\"><div id=\"leaky_paywall_message\">Ce contenu a \u00e9t\u00e9 archiv\u00e9. <a href=\"https:\/\/newmobility.news\/fr\/subscription\/\">Connectez-vous ou inscrivez-vous<\/a> \u00e0 un niveau qui donne acc\u00e8s au contenu archiv\u00e9.<\/div><\/div>","protected":false},"excerpt":{"rendered":"<p>Belgian Dieter Vranckx (53), who has been building his career at Lufthansa for some time, is now chairman of three airlines within the German group, one of the largest in Europe. In addition to Brussels Airlines, these are Swiss and Austrian Airlines. Vranckx&#8217;s appointment is part of a reorganizaThis content has been archived. Log in [&hellip;]<\/p>\n","protected":false},"author":164,"featured_media":188729,"comment_status":"closed","ping_status":"closed","sticky":false,"template":"","format":"standard","meta":{"_acf_changed":false,"_jetpack_newsletter_access":"","_jetpack_dont_email_post_to_subs":false,"_jetpack_newsletter_tier_id":0,"_jetpack_memberships_contains_paywalled_content":false,"_jetpack_feature_clip_id":0,"_jetpack_memberships_contains_paid_content":false,"footnotes":"","jetpack_publicize_message":"{title}\r\n\r\n{excerpt}\r\n\r\n{url}","jetpack_publicize_feature_enabled":true,"jetpack_social_post_already_shared":true,"jetpack_social_options":{"image_generator_settings":{"template":"highway","default_image_id":0,"font":"","enabled":false},"version":2},"_wpas_customize_per_network":false,"jetpack_post_was_ever_published":false},"categories":[77152,77170,7,4,17],"tags":[],"class_list":["post-188698","post","type-post","status-publish","format-standard","has-post-thumbnail","hentry","category-aviation","category-belgium","category-mobility","category-top-stories-today","category-weekly-newsletter"],"acf":[],"featured_image_urls_v2":{"full":["https:\/\/i0.wp.com\/newmobility.news\/wp-content\/uploads\/2026\/06\/240701_Dieter_Vranckx_007.jpg_main-scaled.jpg?fit=2560%2C1708&ssl=1",2560,1708,false],"thumbnail":["https:\/\/i0.wp.com\/newmobility.news\/wp-content\/uploads\/2026\/06\/240701_Dieter_Vranckx_007.jpg_main-scaled.jpg?resize=150%2C150&ssl=1",150,150,true],"medium":["https:\/\/i0.wp.com\/newmobility.news\/wp-content\/uploads\/2026\/06\/240701_Dieter_Vranckx_007.jpg_main-scaled.jpg?fit=300%2C200&ssl=1",300,200,true],"medium_large":["https:\/\/i0.wp.com\/newmobility.news\/wp-content\/uploads\/2026\/06\/240701_Dieter_Vranckx_007.jpg_main-scaled.jpg?fit=640%2C427&ssl=1",640,427,true],"large":["https:\/\/i0.wp.com\/newmobility.news\/wp-content\/uploads\/2026\/06\/240701_Dieter_Vranckx_007.jpg_main-scaled.jpg?fit=640%2C427&ssl=1",640,427,true],"1536x1536":["https:\/\/i0.wp.com\/newmobility.news\/wp-content\/uploads\/2026\/06\/240701_Dieter_Vranckx_007.jpg_main-scaled.jpg?fit=1536%2C1025&ssl=1",1536,1025,true],"2048x2048":["https:\/\/i0.wp.com\/newmobility.news\/wp-content\/uploads\/2026\/06\/240701_Dieter_Vranckx_007.jpg_main-scaled.jpg?fit=2048%2C1366&ssl=1",2048,1366,true],"trp-custom-language-flag":["https:\/\/i0.wp.com\/newmobility.news\/wp-content\/uploads\/2026\/06\/240701_Dieter_Vranckx_007.jpg_main-scaled.jpg?fit=18%2C12&ssl=1",18,12,true],"related-thumb":["https:\/\/i0.wp.com\/newmobility.news\/wp-content\/uploads\/2026\/06\/240701_Dieter_Vranckx_007.jpg_main-scaled.jpg?resize=640%2C480&ssl=1",640,480,true],"gform-image-choice-sm":["https:\/\/i0.wp.com\/newmobility.news\/wp-content\/uploads\/2026\/06\/240701_Dieter_Vranckx_007.jpg_main-scaled.jpg?resize=300%2C300&ssl=1",300,300,true],"gform-image-choice-md":["https:\/\/i0.wp.com\/newmobility.news\/wp-content\/uploads\/2026\/06\/240701_Dieter_Vranckx_007.jpg_main-scaled.jpg?resize=400%2C400&ssl=1",400,400,true],"gform-image-choice-lg":["https:\/\/i0.wp.com\/newmobility.news\/wp-content\/uploads\/2026\/06\/240701_Dieter_Vranckx_007.jpg_main-scaled.jpg?resize=600%2C600&ssl=1",600,600,true],"mailchimp":["https:\/\/i0.wp.com\/newmobility.news\/wp-content\/uploads\/2026\/06\/240701_Dieter_Vranckx_007.jpg_main-scaled.jpg?fit=560%2C374&ssl=1",560,374,true],"unipress-phone":["https:\/\/i0.wp.com\/newmobility.news\/wp-content\/uploads\/2026\/06\/240701_Dieter_Vranckx_007.jpg_main-scaled.jpg?resize=640%2C100&ssl=1",640,100,true],"unipress-tablet":["https:\/\/i0.wp.com\/newmobility.news\/wp-content\/uploads\/2026\/06\/240701_Dieter_Vranckx_007.jpg_main-scaled.jpg?resize=1536%2C240&ssl=1",1536,240,true],"unipress-tablet-portrait":["https:\/\/i0.wp.com\/newmobility.news\/wp-content\/uploads\/2026\/06\/240701_Dieter_Vranckx_007.jpg_main-scaled.jpg?resize=1536%2C180&ssl=1",1536,180,true],"unipress-tablet-landscape":["https:\/\/i0.wp.com\/newmobility.news\/wp-content\/uploads\/2026\/06\/240701_Dieter_Vranckx_007.jpg_main-scaled.jpg?resize=2048%2C180&ssl=1",2048,180,true],"unipress-smartphone":["https:\/\/i0.wp.com\/newmobility.news\/wp-content\/uploads\/2026\/06\/240701_Dieter_Vranckx_007.jpg_main-scaled.jpg?resize=1080%2C168&ssl=1",1080,168,true],"unipress-wide-screen":["https:\/\/i0.wp.com\/newmobility.news\/wp-content\/uploads\/2026\/06\/240701_Dieter_Vranckx_007.jpg_main-scaled.jpg?resize=2560%2C180&ssl=1",2560,180,true]},"post_excerpt_stackable_v2":"<p>Belgian Dieter Vranckx (53), who has been building his career at Lufthansa for some time, is now chairman of three airlines within the German group, one of the largest in Europe. In addition to Brussels Airlines, these are Swiss and Austrian Airlines. Vranckx&#8217;s appointment is part of a reorganizaThis content has been archived. Log in or Subscribe to a level that has access to archived content.<\/p>\n","category_list_v2":"<a href=\"https:\/\/newmobility.news\/fr\/category\/aviation\/\" rel=\"category tag\">Aviation<\/a>, <a href=\"https:\/\/newmobility.news\/fr\/category\/belgium\/\" rel=\"category tag\">Belgium<\/a>, <a href=\"https:\/\/newmobility.news\/fr\/category\/mobility\/\" rel=\"category tag\">Mobility<\/a>, <a href=\"https:\/\/newmobility.news\/fr\/category\/top-stories-today\/\" rel=\"category tag\">Top Stories Today<\/a>, <a href=\"https:\/\/newmobility.news\/fr\/category\/weekly-newsletter\/\" rel=\"category tag\">Weekly Newsletter<\/a>","author_info_v2":{"name":"Luc Joris","url":"https:\/\/newmobility.news\/fr\/author\/belga-5\/"},"comments_num_v2":"0 comments","yoast_head":"<!-- This site is optimized with the Yoast SEO plugin v28.4 - https:\/\/yoast.com\/product\/yoast-seo-wordpress\/ -->\n<title>Belgian Dieter Vranckx takes on triple chairmanship role at Lufthansa - newmobility.news<\/title>\n<meta name=\"robots\" content=\"index, follow, max-snippet:-1, max-image-preview:large, max-video-preview:-1\" \/>\n<link rel=\"canonical\" href=\"https:\/\/newmobility.news\/fr\/2026\/06\/29\/belgian-dieter-vranckx-takes-on-triple-chairmanship-role-at-lufthansa\/\" \/>\n<meta property=\"og:locale\" content=\"fr_FR\" \/>\n<meta property=\"og:type\" content=\"article\" \/>\n<meta property=\"og:title\" content=\"Belgian Dieter Vranckx takes on triple chairmanship role at Lufthansa - newmobility.news\" \/>\n<meta property=\"og:description\" content=\"Belgian Dieter Vranckx (53), who has been building his career at Lufthansa for some time, is now chairman of three airlines within the German group, one of the largest in Europe. In addition to Brussels Airlines, these are Swiss and Austrian Airlines. Vranckx&#039;s appointment is part of a reorganizaThis content has been archived. Log in [&hellip;]\" \/>\n<meta property=\"og:url\" content=\"https:\/\/newmobility.news\/fr\/2026\/06\/29\/belgian-dieter-vranckx-takes-on-triple-chairmanship-role-at-lufthansa\/\" \/>\n<meta property=\"og:site_name\" content=\"newmobility.news\" \/>\n<meta property=\"article:publisher\" content=\"https:\/\/www.facebook.com\/search\/top\/?q=newmobility.news\" \/>\n<meta property=\"article:published_time\" content=\"2026-06-29T10:15:29+00:00\" \/>\n<meta property=\"article:modified_time\" content=\"2026-07-03T09:30:09+00:00\" \/>\n<meta property=\"og:image\" content=\"https:\/\/newmobility.news\/wp-content\/uploads\/2026\/06\/240701_Dieter_Vranckx_007.jpg_main-scaled.jpg\" \/>\n\t<meta property=\"og:image:width\" content=\"2560\" \/>\n\t<meta property=\"og:image:height\" content=\"1708\" \/>\n\t<meta property=\"og:image:type\" content=\"image\/jpeg\" \/>\n<meta name=\"author\" content=\"Luc Joris\" \/>\n<meta name=\"twitter:card\" content=\"summary_large_image\" \/>\n<meta name=\"twitter:creator\" content=\"@jorisvry\" \/>\n<meta name=\"twitter:site\" content=\"@jorisvry\" \/>\n<meta name=\"twitter:label1\" content=\"\u00c9crit par\" \/>\n\t<meta name=\"twitter:data1\" content=\"Luc Joris\" \/>\n\t<meta name=\"twitter:label2\" content=\"Dur\u00e9e de lecture est.\" \/>\n\t<meta name=\"twitter:data2\" content=\"4 minutes\" \/>\n<script type=\"application\/ld+json\" class=\"yoast-schema-graph\">{\"@context\":\"https:\\\/\\\/schema.org\",\"@graph\":[{\"@type\":\"Article\",\"@id\":\"https:\\\/\\\/newmobility.news\\\/2026\\\/06\\\/29\\\/belgian-dieter-vranckx-takes-on-triple-chairmanship-role-at-lufthansa\\\/#article\",\"isPartOf\":{\"@id\":\"https:\\\/\\\/newmobility.news\\\/2026\\\/06\\\/29\\\/belgian-dieter-vranckx-takes-on-triple-chairmanship-role-at-lufthansa\\\/\"},\"author\":{\"name\":\"Luc Joris\",\"@id\":\"https:\\\/\\\/newmobility.news\\\/#\\\/schema\\\/person\\\/9b4a04002179d83e5be74f13c664b722\"},\"headline\":\"Belgian Dieter Vranckx takes on triple chairmanship role at Lufthansa\",\"datePublished\":\"2026-06-29T10:15:29+00:00\",\"dateModified\":\"2026-07-03T09:30:09+00:00\",\"mainEntityOfPage\":{\"@id\":\"https:\\\/\\\/newmobility.news\\\/2026\\\/06\\\/29\\\/belgian-dieter-vranckx-takes-on-triple-chairmanship-role-at-lufthansa\\\/\"},\"wordCount\":760,\"publisher\":{\"@id\":\"https:\\\/\\\/newmobility.news\\\/#organization\"},\"image\":{\"@id\":\"https:\\\/\\\/newmobility.news\\\/2026\\\/06\\\/29\\\/belgian-dieter-vranckx-takes-on-triple-chairmanship-role-at-lufthansa\\\/#primaryimage\"},\"thumbnailUrl\":\"https:\\\/\\\/i0.wp.com\\\/newmobility.news\\\/wp-content\\\/uploads\\\/2026\\\/06\\\/240701_Dieter_Vranckx_007.jpg_main-scaled.jpg?fit=2560%2C1708&ssl=1\",\"articleSection\":[\"Aviation\",\"Belgium\",\"Mobility\",\"Top Stories Today\",\"Weekly Newsletter\"],\"inLanguage\":\"fr-BE\"},{\"@type\":\"WebPage\",\"@id\":\"https:\\\/\\\/newmobility.news\\\/2026\\\/06\\\/29\\\/belgian-dieter-vranckx-takes-on-triple-chairmanship-role-at-lufthansa\\\/\",\"url\":\"https:\\\/\\\/newmobility.news\\\/2026\\\/06\\\/29\\\/belgian-dieter-vranckx-takes-on-triple-chairmanship-role-at-lufthansa\\\/\",\"name\":\"Belgian Dieter Vranckx takes on triple chairmanship role at Lufthansa - newmobility.news\",\"isPartOf\":{\"@id\":\"https:\\\/\\\/newmobility.news\\\/#website\"},\"primaryImageOfPage\":{\"@id\":\"https:\\\/\\\/newmobility.news\\\/2026\\\/06\\\/29\\\/belgian-dieter-vranckx-takes-on-triple-chairmanship-role-at-lufthansa\\\/#primaryimage\"},\"image\":{\"@id\":\"https:\\\/\\\/newmobility.news\\\/2026\\\/06\\\/29\\\/belgian-dieter-vranckx-takes-on-triple-chairmanship-role-at-lufthansa\\\/#primaryimage\"},\"thumbnailUrl\":\"https:\\\/\\\/i0.wp.com\\\/newmobility.news\\\/wp-content\\\/uploads\\\/2026\\\/06\\\/240701_Dieter_Vranckx_007.jpg_main-scaled.jpg?fit=2560%2C1708&ssl=1\",\"datePublished\":\"2026-06-29T10:15:29+00:00\",\"dateModified\":\"2026-07-03T09:30:09+00:00\",\"breadcrumb\":{\"@id\":\"https:\\\/\\\/newmobility.news\\\/2026\\\/06\\\/29\\\/belgian-dieter-vranckx-takes-on-triple-chairmanship-role-at-lufthansa\\\/#breadcrumb\"},\"inLanguage\":\"fr-BE\",\"potentialAction\":[{\"@type\":\"ReadAction\",\"target\":[\"https:\\\/\\\/newmobility.news\\\/2026\\\/06\\\/29\\\/belgian-dieter-vranckx-takes-on-triple-chairmanship-role-at-lufthansa\\\/\"]}]},{\"@type\":\"ImageObject\",\"inLanguage\":\"fr-BE\",\"@id\":\"https:\\\/\\\/newmobility.news\\\/2026\\\/06\\\/29\\\/belgian-dieter-vranckx-takes-on-triple-chairmanship-role-at-lufthansa\\\/#primaryimage\",\"url\":\"https:\\\/\\\/i0.wp.com\\\/newmobility.news\\\/wp-content\\\/uploads\\\/2026\\\/06\\\/240701_Dieter_Vranckx_007.jpg_main-scaled.jpg?fit=2560%2C1708&ssl=1\",\"contentUrl\":\"https:\\\/\\\/i0.wp.com\\\/newmobility.news\\\/wp-content\\\/uploads\\\/2026\\\/06\\\/240701_Dieter_Vranckx_007.jpg_main-scaled.jpg?fit=2560%2C1708&ssl=1\",\"width\":2560,\"height\":1708,\"caption\":\"Dieter Vranckx is now chairman of the boards of three Lufthansa subsidiaries: Brussels Airlines, Swiss, and Austrian Airlines. He will serve as a buffer between Germany and national interests while also working to create greater synergy\\\/Lufthansa\"},{\"@type\":\"BreadcrumbList\",\"@id\":\"https:\\\/\\\/newmobility.news\\\/2026\\\/06\\\/29\\\/belgian-dieter-vranckx-takes-on-triple-chairmanship-role-at-lufthansa\\\/#breadcrumb\",\"itemListElement\":[{\"@type\":\"ListItem\",\"position\":1,\"name\":\"Home\",\"item\":\"https:\\\/\\\/newmobility.news\\\/\"},{\"@type\":\"ListItem\",\"position\":2,\"name\":\"Belgian Dieter Vranckx takes on triple chairmanship role at Lufthansa\"}]},{\"@type\":\"WebSite\",\"@id\":\"https:\\\/\\\/newmobility.news\\\/#website\",\"url\":\"https:\\\/\\\/newmobility.news\\\/\",\"name\":\"newmobility.news\",\"description\":\"A B2BNews Agency\u00ae news service for mobility business proessional\",\"publisher\":{\"@id\":\"https:\\\/\\\/newmobility.news\\\/#organization\"},\"potentialAction\":[{\"@type\":\"SearchAction\",\"target\":{\"@type\":\"EntryPoint\",\"urlTemplate\":\"https:\\\/\\\/newmobility.news\\\/?s={search_term_string}\"},\"query-input\":{\"@type\":\"PropertyValueSpecification\",\"valueRequired\":true,\"valueName\":\"search_term_string\"}}],\"inLanguage\":\"fr-BE\"},{\"@type\":\"Organization\",\"@id\":\"https:\\\/\\\/newmobility.news\\\/#organization\",\"name\":\"B2BNews Agency\",\"url\":\"https:\\\/\\\/newmobility.news\\\/\",\"logo\":{\"@type\":\"ImageObject\",\"inLanguage\":\"fr-BE\",\"@id\":\"https:\\\/\\\/newmobility.news\\\/#\\\/schema\\\/logo\\\/image\\\/\",\"url\":\"https:\\\/\\\/newmobility.news\\\/wp-content\\\/uploads\\\/2018\\\/01\\\/b2bnews-agency-logo.png\",\"contentUrl\":\"https:\\\/\\\/newmobility.news\\\/wp-content\\\/uploads\\\/2018\\\/01\\\/b2bnews-agency-logo.png\",\"width\":\"581\",\"height\":\"117\",\"caption\":\"B2BNews Agency\"},\"image\":{\"@id\":\"https:\\\/\\\/newmobility.news\\\/#\\\/schema\\\/logo\\\/image\\\/\"},\"sameAs\":[\"https:\\\/\\\/www.facebook.com\\\/search\\\/top\\\/?q=newmobility.news\",\"https:\\\/\\\/x.com\\\/jorisvry\",\"https:\\\/\\\/www.linkedin.com\\\/in\\\/jorisvanroy\\\/\",\"https:\\\/\\\/nl.pinterest.com\\\/jorisvanroy\\\/\"]},{\"@type\":\"Person\",\"@id\":\"https:\\\/\\\/newmobility.news\\\/#\\\/schema\\\/person\\\/9b4a04002179d83e5be74f13c664b722\",\"name\":\"Luc Joris\",\"image\":{\"@type\":\"ImageObject\",\"inLanguage\":\"fr-BE\",\"@id\":\"https:\\\/\\\/secure.gravatar.com\\\/avatar\\\/9e27cf9984ae903174b14c7dd33d523290f03fd71803b04bc6e486c7259b2920?s=96&d=mm&r=g\",\"url\":\"https:\\\/\\\/secure.gravatar.com\\\/avatar\\\/9e27cf9984ae903174b14c7dd33d523290f03fd71803b04bc6e486c7259b2920?s=96&d=mm&r=g\",\"contentUrl\":\"https:\\\/\\\/secure.gravatar.com\\\/avatar\\\/9e27cf9984ae903174b14c7dd33d523290f03fd71803b04bc6e486c7259b2920?s=96&d=mm&r=g\",\"caption\":\"Luc Joris\"},\"url\":\"https:\\\/\\\/newmobility.news\\\/fr\\\/author\\\/belga-5\\\/\"}]}<\/script>\n<!-- \/ Yoast SEO plugin. -->","yoast_head_json":{"title":"Le Belge Dieter Vranckx endosse trois fonctions de pr\u00e9sident au sein de Lufthansa - newmobility.news","robots":{"index":"index","follow":"follow","max-snippet":"max-snippet:-1","max-image-preview":"max-image-preview:large","max-video-preview":"max-video-preview:-1"},"canonical":"https:\/\/newmobility.news\/fr\/2026\/06\/29\/belgian-dieter-vranckx-takes-on-triple-chairmanship-role-at-lufthansa\/","og_locale":"fr_FR","og_type":"article","og_title":"Belgian Dieter Vranckx takes on triple chairmanship role at Lufthansa - newmobility.news","og_description":"Belgian Dieter Vranckx (53), who has been building his career at Lufthansa for some time, is now chairman of three airlines within the German group, one of the largest in Europe. In addition to Brussels Airlines, these are Swiss and Austrian Airlines. Vranckx's appointment is part of a reorganizaThis content has been archived. Log in [&hellip;]","og_url":"https:\/\/newmobility.news\/fr\/2026\/06\/29\/belgian-dieter-vranckx-takes-on-triple-chairmanship-role-at-lufthansa\/","og_site_name":"newmobility.news","article_publisher":"https:\/\/www.facebook.com\/search\/top\/?q=newmobility.news","article_published_time":"2026-06-29T10:15:29+00:00","article_modified_time":"2026-07-03T09:30:09+00:00","og_image":[{"width":2560,"height":1708,"url":"https:\/\/newmobility.news\/wp-content\/uploads\/2026\/06\/240701_Dieter_Vranckx_007.jpg_main-scaled.jpg","type":"image\/jpeg"}],"author":"Luc Joris","twitter_card":"summary_large_image","twitter_creator":"@jorisvry","twitter_site":"@jorisvry","twitter_misc":{"\u00c9crit par":"Luc Joris","Dur\u00e9e de lecture est.":"4 minutes"},"schema":{"@context":"https:\/\/schema.org","@graph":[{"@type":"Article","@id":"https:\/\/newmobility.news\/2026\/06\/29\/belgian-dieter-vranckx-takes-on-triple-chairmanship-role-at-lufthansa\/#article","isPartOf":{"@id":"https:\/\/newmobility.news\/2026\/06\/29\/belgian-dieter-vranckx-takes-on-triple-chairmanship-role-at-lufthansa\/"},"author":{"name":"Luc Joris","@id":"https:\/\/newmobility.news\/#\/schema\/person\/9b4a04002179d83e5be74f13c664b722"},"headline":"Belgian Dieter Vranckx takes on triple chairmanship role at Lufthansa","datePublished":"2026-06-29T10:15:29+00:00","dateModified":"2026-07-03T09:30:09+00:00","mainEntityOfPage":{"@id":"https:\/\/newmobility.news\/2026\/06\/29\/belgian-dieter-vranckx-takes-on-triple-chairmanship-role-at-lufthansa\/"},"wordCount":760,"publisher":{"@id":"https:\/\/newmobility.news\/#organization"},"image":{"@id":"https:\/\/newmobility.news\/2026\/06\/29\/belgian-dieter-vranckx-takes-on-triple-chairmanship-role-at-lufthansa\/#primaryimage"},"thumbnailUrl":"https:\/\/i0.wp.com\/newmobility.news\/wp-content\/uploads\/2026\/06\/240701_Dieter_Vranckx_007.jpg_main-scaled.jpg?fit=2560%2C1708&ssl=1","articleSection":["Aviation","Belgium","Mobility","Top Stories Today","Weekly Newsletter"],"inLanguage":"fr-BE"},{"@type":"WebPage","@id":"https:\/\/newmobility.news\/2026\/06\/29\/belgian-dieter-vranckx-takes-on-triple-chairmanship-role-at-lufthansa\/","url":"https:\/\/newmobility.news\/2026\/06\/29\/belgian-dieter-vranckx-takes-on-triple-chairmanship-role-at-lufthansa\/","name":"Le Belge Dieter Vranckx endosse trois fonctions de pr\u00e9sident au sein de Lufthansa - newmobility.news","isPartOf":{"@id":"https:\/\/newmobility.news\/#website"},"primaryImageOfPage":{"@id":"https:\/\/newmobility.news\/2026\/06\/29\/belgian-dieter-vranckx-takes-on-triple-chairmanship-role-at-lufthansa\/#primaryimage"},"image":{"@id":"https:\/\/newmobility.news\/2026\/06\/29\/belgian-dieter-vranckx-takes-on-triple-chairmanship-role-at-lufthansa\/#primaryimage"},"thumbnailUrl":"https:\/\/i0.wp.com\/newmobility.news\/wp-content\/uploads\/2026\/06\/240701_Dieter_Vranckx_007.jpg_main-scaled.jpg?fit=2560%2C1708&ssl=1","datePublished":"2026-06-29T10:15:29+00:00","dateModified":"2026-07-03T09:30:09+00:00","breadcrumb":{"@id":"https:\/\/newmobility.news\/2026\/06\/29\/belgian-dieter-vranckx-takes-on-triple-chairmanship-role-at-lufthansa\/#breadcrumb"},"inLanguage":"fr-BE","potentialAction":[{"@type":"ReadAction","target":["https:\/\/newmobility.news\/2026\/06\/29\/belgian-dieter-vranckx-takes-on-triple-chairmanship-role-at-lufthansa\/"]}]},{"@type":"ImageObject","inLanguage":"fr-BE","@id":"https:\/\/newmobility.news\/2026\/06\/29\/belgian-dieter-vranckx-takes-on-triple-chairmanship-role-at-lufthansa\/#primaryimage","url":"https:\/\/i0.wp.com\/newmobility.news\/wp-content\/uploads\/2026\/06\/240701_Dieter_Vranckx_007.jpg_main-scaled.jpg?fit=2560%2C1708&ssl=1","contentUrl":"https:\/\/i0.wp.com\/newmobility.news\/wp-content\/uploads\/2026\/06\/240701_Dieter_Vranckx_007.jpg_main-scaled.jpg?fit=2560%2C1708&ssl=1","width":2560,"height":1708,"caption":"Dieter Vranckx is now chairman of the boards of three Lufthansa subsidiaries: Brussels Airlines, Swiss, and Austrian Airlines. He will serve as a buffer between Germany and national interests while also working to create greater synergy\/Lufthansa"},{"@type":"BreadcrumbList","@id":"https:\/\/newmobility.news\/2026\/06\/29\/belgian-dieter-vranckx-takes-on-triple-chairmanship-role-at-lufthansa\/#breadcrumb","itemListElement":[{"@type":"ListItem","position":1,"name":"Home","item":"https:\/\/newmobility.news\/"},{"@type":"ListItem","position":2,"name":"Belgian Dieter Vranckx takes on triple chairmanship role at Lufthansa"}]},{"@type":"WebSite","@id":"https:\/\/newmobility.news\/#website","url":"https:\/\/newmobility.news\/","name":"nouveaumobilit\u00e9.actualit\u00e9s","description":"Un service d'information B2BNews Agency\u00ae destin\u00e9 aux professionnels de la mobilit\u00e9","publisher":{"@id":"https:\/\/newmobility.news\/#organization"},"potentialAction":[{"@type":"SearchAction","target":{"@type":"EntryPoint","urlTemplate":"https:\/\/newmobility.news\/?s={search_term_string}"},"query-input":{"@type":"PropertyValueSpecification","valueRequired":true,"valueName":"search_term_string"}}],"inLanguage":"fr-BE"},{"@type":"Organization","@id":"https:\/\/newmobility.news\/#organization","name":"Agence de presse B2BNews","url":"https:\/\/newmobility.news\/","logo":{"@type":"ImageObject","inLanguage":"fr-BE","@id":"https:\/\/newmobility.news\/#\/schema\/logo\/image\/","url":"https:\/\/newmobility.news\/wp-content\/uploads\/2018\/01\/b2bnews-agency-logo.png","contentUrl":"https:\/\/newmobility.news\/wp-content\/uploads\/2018\/01\/b2bnews-agency-logo.png","width":"581","height":"117","caption":"B2BNews Agency"},"image":{"@id":"https:\/\/newmobility.news\/#\/schema\/logo\/image\/"},"sameAs":["https:\/\/www.facebook.com\/search\/top\/?q=newmobility.news","https:\/\/x.com\/jorisvry","https:\/\/www.linkedin.com\/in\/jorisvanroy\/","https:\/\/nl.pinterest.com\/jorisvanroy\/"]},{"@type":"Person","@id":"https:\/\/newmobility.news\/#\/schema\/person\/9b4a04002179d83e5be74f13c664b722","name":"Luc Joris","image":{"@type":"ImageObject","inLanguage":"fr-BE","@id":"https:\/\/secure.gravatar.com\/avatar\/9e27cf9984ae903174b14c7dd33d523290f03fd71803b04bc6e486c7259b2920?s=96&d=mm&r=g","url":"https:\/\/secure.gravatar.com\/avatar\/9e27cf9984ae903174b14c7dd33d523290f03fd71803b04bc6e486c7259b2920?s=96&d=mm&r=g","contentUrl":"https:\/\/secure.gravatar.com\/avatar\/9e27cf9984ae903174b14c7dd33d523290f03fd71803b04bc6e486c7259b2920?s=96&d=mm&r=g","caption":"Luc Joris"},"url":"https:\/\/newmobility.news\/fr\/author\/belga-5\/"}]}},"jetpack_publicize_connections":[],"jetpack_shortlink":"https:\/\/wp.me\/p9wJdU-N5w","jetpack_sharing_enabled":true,"jetpack_likes_enabled":true,"jetpack-related-posts":[],"jetpack_featured_media_url":"https:\/\/i0.wp.com\/newmobility.news\/wp-content\/uploads\/2026\/06\/240701_Dieter_Vranckx_007.jpg_main-scaled.jpg?fit=2560%2C1708&ssl=1","_links":{"self":[{"href":"https:\/\/newmobility.news\/fr\/wp-json\/wp\/v2\/posts\/188698","targetHints":{"allow":["GET"]}}],"collection":[{"href":"https:\/\/newmobility.news\/fr\/wp-json\/wp\/v2\/posts"}],"about":[{"href":"https:\/\/newmobility.news\/fr\/wp-json\/wp\/v2\/types\/post"}],"author":[{"embeddable":true,"href":"https:\/\/newmobility.news\/fr\/wp-json\/wp\/v2\/users\/164"}],"replies":[{"embeddable":true,"href":"https:\/\/newmobility.news\/fr\/wp-json\/wp\/v2\/comments?post=188698"}],"version-history":[{"count":8,"href":"https:\/\/newmobility.news\/fr\/wp-json\/wp\/v2\/posts\/188698\/revisions"}],"predecessor-version":[{"id":188737,"href":"https:\/\/newmobility.news\/fr\/wp-json\/wp\/v2\/posts\/188698\/revisions\/188737"}],"wp:featuredmedia":[{"embeddable":true,"href":"https:\/\/newmobility.news\/fr\/wp-json\/wp\/v2\/media\/188729"}],"wp:attachment":[{"href":"https:\/\/newmobility.news\/fr\/wp-json\/wp\/v2\/media?parent=188698"}],"wp:term":[{"taxonomy":"category","embeddable":true,"href":"https:\/\/newmobility.news\/fr\/wp-json\/wp\/v2\/categories?post=188698"},{"taxonomy":"post_tag","embeddable":true,"href":"https:\/\/newmobility.news\/fr\/wp-json\/wp\/v2\/tags?post=188698"}],"curies":[{"name":"wp","href":"https:\/\/api.w.org\/{rel}","templated":true}]}}