{"id":188764,"date":"2026-06-30T13:16:27","date_gmt":"2026-06-30T11:16:27","guid":{"rendered":"https:\/\/newmobility.news\/?p=188764"},"modified":"2026-07-03T11:27:47","modified_gmt":"2026-07-03T09:27:47","slug":"despite-stricter-lez-still-2200-old-diesel-cars-registered-in-brussels","status":"publish","type":"post","link":"https:\/\/newmobility.news\/fr\/2026\/06\/30\/despite-stricter-lez-still-2200-old-diesel-cars-registered-in-brussels\/","title":{"rendered":"Malgr\u00e9 un renforcement des mesures relatives \u00e0 la zone \u00e0 faibles \u00e9missions (LEZ), 2 200 voitures diesel anciennes sont toujours immatricul\u00e9es \u00e0 Bruxelles"},"content":{"rendered":"\u00c0 compter du mercredi 1er juillet, la p\u00e9riode de tol\u00e9rance \u00e0 Bruxelles prendra officiellement fin, et les autorit\u00e9s fiscales commenceront \u00e0 infliger des amendes \u00e0 la nouvelle vague de conducteurs qui enfreignent les normes de la zone \u00e0 faibles \u00e9missions (LEZ).\n\nPlus pr\u00e9cis\u00e9ment, plus de 13 000 v\u00e9hicules \u2013 des voitures diesel Euro 5 et des voitures essence Euro 2 qui <div class=\"leaky_paywall_message_wrap\"><div id=\"leaky_paywall_message\">Ce contenu a \u00e9t\u00e9 archiv\u00e9. <a href=\"https:\/\/newmobility.news\/fr\/subscription\/\">Connectez-vous ou inscrivez-vous<\/a> \u00e0 un niveau qui donne acc\u00e8s au contenu archiv\u00e9.<\/div><\/div>","protected":false},"excerpt":{"rendered":"<p>Starting Wednesday, July 1, the grace period in Brussels will officially end, and the tax authorities will begin issuing fines to the latest group of drivers who violate the low-emission zone (LEZ) standards. Specifically, more than 13,000 vehicles \u2013 Euro 5 diesel and Euro 2 gasoline cars that This content has been archived. Log in [&hellip;]<\/p>\n","protected":false},"author":164,"featured_media":188814,"comment_status":"closed","ping_status":"closed","sticky":false,"template":"","format":"standard","meta":{"_acf_changed":false,"_jetpack_newsletter_access":"","_jetpack_dont_email_post_to_subs":false,"_jetpack_newsletter_tier_id":0,"_jetpack_memberships_contains_paywalled_content":false,"_jetpack_feature_clip_id":0,"_jetpack_memberships_contains_paid_content":false,"footnotes":"","jetpack_publicize_message":"{title}\r\n\r\n{excerpt}\r\n\r\n{url}","jetpack_publicize_feature_enabled":true,"jetpack_social_post_already_shared":true,"jetpack_social_options":{"image_generator_settings":{"template":"highway","default_image_id":0,"font":"","enabled":false},"version":2},"_wpas_customize_per_network":false,"jetpack_post_was_ever_published":false},"categories":[77170,14496,29,51851,25,7,4,17],"tags":[],"class_list":["post-188764","post","type-post","status-publish","format-standard","has-post-thumbnail","hentry","category-belgium","category-climate","category-environment","category-health","category-legislation","category-mobility","category-top-stories-today","category-weekly-newsletter"],"acf":[],"featured_image_urls_v2":{"full":["https:\/\/i0.wp.com\/newmobility.news\/wp-content\/uploads\/2026\/06\/Untitled567.png?fit=2368%2C1294&ssl=1",2368,1294,false],"thumbnail":["https:\/\/i0.wp.com\/newmobility.news\/wp-content\/uploads\/2026\/06\/Untitled567.png?resize=150%2C150&ssl=1",150,150,true],"medium":["https:\/\/i0.wp.com\/newmobility.news\/wp-content\/uploads\/2026\/06\/Untitled567.png?fit=300%2C164&ssl=1",300,164,true],"medium_large":["https:\/\/i0.wp.com\/newmobility.news\/wp-content\/uploads\/2026\/06\/Untitled567.png?fit=640%2C350&ssl=1",640,350,true],"large":["https:\/\/i0.wp.com\/newmobility.news\/wp-content\/uploads\/2026\/06\/Untitled567.png?fit=640%2C350&ssl=1",640,350,true],"1536x1536":["https:\/\/i0.wp.com\/newmobility.news\/wp-content\/uploads\/2026\/06\/Untitled567.png?fit=1536%2C839&ssl=1",1536,839,true],"2048x2048":["https:\/\/i0.wp.com\/newmobility.news\/wp-content\/uploads\/2026\/06\/Untitled567.png?fit=2048%2C1119&ssl=1",2048,1119,true],"trp-custom-language-flag":["https:\/\/i0.wp.com\/newmobility.news\/wp-content\/uploads\/2026\/06\/Untitled567.png?fit=18%2C10&ssl=1",18,10,true],"related-thumb":["https:\/\/i0.wp.com\/newmobility.news\/wp-content\/uploads\/2026\/06\/Untitled567.png?resize=640%2C480&ssl=1",640,480,true],"gform-image-choice-sm":["https:\/\/i0.wp.com\/newmobility.news\/wp-content\/uploads\/2026\/06\/Untitled567.png?resize=300%2C300&ssl=1",300,300,true],"gform-image-choice-md":["https:\/\/i0.wp.com\/newmobility.news\/wp-content\/uploads\/2026\/06\/Untitled567.png?resize=400%2C400&ssl=1",400,400,true],"gform-image-choice-lg":["https:\/\/i0.wp.com\/newmobility.news\/wp-content\/uploads\/2026\/06\/Untitled567.png?resize=600%2C600&ssl=1",600,600,true],"mailchimp":["https:\/\/i0.wp.com\/newmobility.news\/wp-content\/uploads\/2026\/06\/Untitled567.png?fit=560%2C306&ssl=1",560,306,true],"unipress-phone":["https:\/\/i0.wp.com\/newmobility.news\/wp-content\/uploads\/2026\/06\/Untitled567.png?resize=640%2C100&ssl=1",640,100,true],"unipress-tablet":["https:\/\/i0.wp.com\/newmobility.news\/wp-content\/uploads\/2026\/06\/Untitled567.png?resize=1536%2C240&ssl=1",1536,240,true],"unipress-tablet-portrait":["https:\/\/i0.wp.com\/newmobility.news\/wp-content\/uploads\/2026\/06\/Untitled567.png?resize=1536%2C180&ssl=1",1536,180,true],"unipress-tablet-landscape":["https:\/\/i0.wp.com\/newmobility.news\/wp-content\/uploads\/2026\/06\/Untitled567.png?resize=2048%2C180&ssl=1",2048,180,true],"unipress-smartphone":["https:\/\/i0.wp.com\/newmobility.news\/wp-content\/uploads\/2026\/06\/Untitled567.png?resize=1080%2C168&ssl=1",1080,168,true],"unipress-wide-screen":["https:\/\/i0.wp.com\/newmobility.news\/wp-content\/uploads\/2026\/06\/Untitled567.png?resize=2368%2C180&ssl=1",2368,180,true]},"post_excerpt_stackable_v2":"<p>Starting Wednesday, July 1, the grace period in Brussels will officially end, and the tax authorities will begin issuing fines to the latest group of drivers who violate the low-emission zone (LEZ) standards. Specifically, more than 13,000 vehicles \u2013 Euro 5 diesel and Euro 2 gasoline cars that This content has been archived. Log in or Subscribe to a level that has access to archived content.<\/p>\n","category_list_v2":"<a href=\"https:\/\/newmobility.news\/fr\/category\/belgium\/\" rel=\"category tag\">Belgium<\/a>, <a href=\"https:\/\/newmobility.news\/fr\/category\/climate\/\" rel=\"category tag\">Climate<\/a>, <a href=\"https:\/\/newmobility.news\/fr\/category\/environment\/\" rel=\"category tag\">Environment<\/a>, <a href=\"https:\/\/newmobility.news\/fr\/category\/health\/\" rel=\"category tag\">Health<\/a>, <a href=\"https:\/\/newmobility.news\/fr\/category\/legislation\/\" rel=\"category tag\">Legislation<\/a>, <a href=\"https:\/\/newmobility.news\/fr\/category\/mobility\/\" rel=\"category tag\">Mobility<\/a>, <a href=\"https:\/\/newmobility.news\/fr\/category\/top-stories-today\/\" rel=\"category tag\">Top Stories Today<\/a>, <a href=\"https:\/\/newmobility.news\/fr\/category\/weekly-newsletter\/\" rel=\"category tag\">Weekly Newsletter<\/a>","author_info_v2":{"name":"Luc Joris","url":"https:\/\/newmobility.news\/fr\/author\/belga-5\/"},"comments_num_v2":"0 comments","yoast_head":"<!-- This site is optimized with the Yoast SEO plugin v28.4 - https:\/\/yoast.com\/product\/yoast-seo-wordpress\/ -->\n<title>Despite stricter LEZ, still 2,200 old diesel cars registered in Brussels - newmobility.news<\/title>\n<meta name=\"robots\" content=\"index, follow, max-snippet:-1, max-image-preview:large, max-video-preview:-1\" \/>\n<link rel=\"canonical\" href=\"https:\/\/newmobility.news\/fr\/2026\/06\/30\/despite-stricter-lez-still-2200-old-diesel-cars-registered-in-brussels\/\" \/>\n<meta property=\"og:locale\" content=\"fr_FR\" \/>\n<meta property=\"og:type\" content=\"article\" \/>\n<meta property=\"og:title\" content=\"Despite stricter LEZ, still 2,200 old diesel cars registered in Brussels - newmobility.news\" \/>\n<meta property=\"og:description\" content=\"Starting Wednesday, July 1, the grace period in Brussels will officially end, and the tax authorities will begin issuing fines to the latest group of drivers who violate the low-emission zone (LEZ) standards. Specifically, more than 13,000 vehicles \u2013 Euro 5 diesel and Euro 2 gasoline cars that This content has been archived. Log in [&hellip;]\" \/>\n<meta property=\"og:url\" content=\"https:\/\/newmobility.news\/fr\/2026\/06\/30\/despite-stricter-lez-still-2200-old-diesel-cars-registered-in-brussels\/\" \/>\n<meta property=\"og:site_name\" content=\"newmobility.news\" \/>\n<meta property=\"article:publisher\" content=\"https:\/\/www.facebook.com\/search\/top\/?q=newmobility.news\" \/>\n<meta property=\"article:published_time\" content=\"2026-06-30T11:16:27+00:00\" \/>\n<meta property=\"article:modified_time\" content=\"2026-07-03T09:27:47+00:00\" \/>\n<meta property=\"og:image\" content=\"https:\/\/newmobility.news\/wp-content\/uploads\/2026\/06\/Untitled567-1024x560.png\" \/>\n\t<meta property=\"og:image:width\" content=\"1024\" \/>\n\t<meta property=\"og:image:height\" content=\"560\" \/>\n\t<meta property=\"og:image:type\" content=\"image\/png\" \/>\n<meta name=\"author\" content=\"Luc Joris\" \/>\n<meta name=\"twitter:card\" content=\"summary_large_image\" \/>\n<meta name=\"twitter:creator\" content=\"@jorisvry\" \/>\n<meta name=\"twitter:site\" content=\"@jorisvry\" \/>\n<meta name=\"twitter:label1\" content=\"\u00c9crit par\" \/>\n\t<meta name=\"twitter:data1\" content=\"Luc Joris\" \/>\n\t<meta name=\"twitter:label2\" content=\"Dur\u00e9e de lecture est.\" \/>\n\t<meta name=\"twitter:data2\" content=\"4 minutes\" \/>\n<script type=\"application\/ld+json\" class=\"yoast-schema-graph\">{\"@context\":\"https:\\\/\\\/schema.org\",\"@graph\":[{\"@type\":\"Article\",\"@id\":\"https:\\\/\\\/newmobility.news\\\/2026\\\/06\\\/30\\\/despite-stricter-lez-still-2200-old-diesel-cars-registered-in-brussels\\\/#article\",\"isPartOf\":{\"@id\":\"https:\\\/\\\/newmobility.news\\\/2026\\\/06\\\/30\\\/despite-stricter-lez-still-2200-old-diesel-cars-registered-in-brussels\\\/\"},\"author\":{\"name\":\"Luc Joris\",\"@id\":\"https:\\\/\\\/newmobility.news\\\/#\\\/schema\\\/person\\\/9b4a04002179d83e5be74f13c664b722\"},\"headline\":\"Despite stricter LEZ, still 2,200 old diesel cars registered in Brussels\",\"datePublished\":\"2026-06-30T11:16:27+00:00\",\"dateModified\":\"2026-07-03T09:27:47+00:00\",\"mainEntityOfPage\":{\"@id\":\"https:\\\/\\\/newmobility.news\\\/2026\\\/06\\\/30\\\/despite-stricter-lez-still-2200-old-diesel-cars-registered-in-brussels\\\/\"},\"wordCount\":636,\"publisher\":{\"@id\":\"https:\\\/\\\/newmobility.news\\\/#organization\"},\"image\":{\"@id\":\"https:\\\/\\\/newmobility.news\\\/2026\\\/06\\\/30\\\/despite-stricter-lez-still-2200-old-diesel-cars-registered-in-brussels\\\/#primaryimage\"},\"thumbnailUrl\":\"https:\\\/\\\/i0.wp.com\\\/newmobility.news\\\/wp-content\\\/uploads\\\/2026\\\/06\\\/Untitled567.png?fit=2368%2C1294&ssl=1\",\"articleSection\":[\"Belgium\",\"Climate\",\"Environment\",\"Health\",\"Legislation\",\"Mobility\",\"Top Stories Today\",\"Weekly Newsletter\"],\"inLanguage\":\"fr-BE\"},{\"@type\":\"WebPage\",\"@id\":\"https:\\\/\\\/newmobility.news\\\/2026\\\/06\\\/30\\\/despite-stricter-lez-still-2200-old-diesel-cars-registered-in-brussels\\\/\",\"url\":\"https:\\\/\\\/newmobility.news\\\/2026\\\/06\\\/30\\\/despite-stricter-lez-still-2200-old-diesel-cars-registered-in-brussels\\\/\",\"name\":\"Despite stricter LEZ, still 2,200 old diesel cars registered in Brussels - newmobility.news\",\"isPartOf\":{\"@id\":\"https:\\\/\\\/newmobility.news\\\/#website\"},\"primaryImageOfPage\":{\"@id\":\"https:\\\/\\\/newmobility.news\\\/2026\\\/06\\\/30\\\/despite-stricter-lez-still-2200-old-diesel-cars-registered-in-brussels\\\/#primaryimage\"},\"image\":{\"@id\":\"https:\\\/\\\/newmobility.news\\\/2026\\\/06\\\/30\\\/despite-stricter-lez-still-2200-old-diesel-cars-registered-in-brussels\\\/#primaryimage\"},\"thumbnailUrl\":\"https:\\\/\\\/i0.wp.com\\\/newmobility.news\\\/wp-content\\\/uploads\\\/2026\\\/06\\\/Untitled567.png?fit=2368%2C1294&ssl=1\",\"datePublished\":\"2026-06-30T11:16:27+00:00\",\"dateModified\":\"2026-07-03T09:27:47+00:00\",\"breadcrumb\":{\"@id\":\"https:\\\/\\\/newmobility.news\\\/2026\\\/06\\\/30\\\/despite-stricter-lez-still-2200-old-diesel-cars-registered-in-brussels\\\/#breadcrumb\"},\"inLanguage\":\"fr-BE\",\"potentialAction\":[{\"@type\":\"ReadAction\",\"target\":[\"https:\\\/\\\/newmobility.news\\\/2026\\\/06\\\/30\\\/despite-stricter-lez-still-2200-old-diesel-cars-registered-in-brussels\\\/\"]}]},{\"@type\":\"ImageObject\",\"inLanguage\":\"fr-BE\",\"@id\":\"https:\\\/\\\/newmobility.news\\\/2026\\\/06\\\/30\\\/despite-stricter-lez-still-2200-old-diesel-cars-registered-in-brussels\\\/#primaryimage\",\"url\":\"https:\\\/\\\/i0.wp.com\\\/newmobility.news\\\/wp-content\\\/uploads\\\/2026\\\/06\\\/Untitled567.png?fit=2368%2C1294&ssl=1\",\"contentUrl\":\"https:\\\/\\\/i0.wp.com\\\/newmobility.news\\\/wp-content\\\/uploads\\\/2026\\\/06\\\/Untitled567.png?fit=2368%2C1294&ssl=1\",\"width\":2368,\"height\":1294,\"caption\":\"A 2013 Audi A4 Avant with 199,000 km is for sale for \u20ac7,000 in Brussels. Despite the stricter LEZ regulations, more than 2,200 used diesel vehicles have still been registered in Brussels since the beginning of the year, 25% of which were put into service before 2015 and are therefore normally subject to the LEZ restrictions \\\/Carros\"},{\"@type\":\"BreadcrumbList\",\"@id\":\"https:\\\/\\\/newmobility.news\\\/2026\\\/06\\\/30\\\/despite-stricter-lez-still-2200-old-diesel-cars-registered-in-brussels\\\/#breadcrumb\",\"itemListElement\":[{\"@type\":\"ListItem\",\"position\":1,\"name\":\"Home\",\"item\":\"https:\\\/\\\/newmobility.news\\\/\"},{\"@type\":\"ListItem\",\"position\":2,\"name\":\"Despite stricter LEZ, still 2,200 old diesel cars registered in Brussels\"}]},{\"@type\":\"WebSite\",\"@id\":\"https:\\\/\\\/newmobility.news\\\/#website\",\"url\":\"https:\\\/\\\/newmobility.news\\\/\",\"name\":\"newmobility.news\",\"description\":\"A B2BNews Agency\u00ae news service for mobility business proessional\",\"publisher\":{\"@id\":\"https:\\\/\\\/newmobility.news\\\/#organization\"},\"potentialAction\":[{\"@type\":\"SearchAction\",\"target\":{\"@type\":\"EntryPoint\",\"urlTemplate\":\"https:\\\/\\\/newmobility.news\\\/?s={search_term_string}\"},\"query-input\":{\"@type\":\"PropertyValueSpecification\",\"valueRequired\":true,\"valueName\":\"search_term_string\"}}],\"inLanguage\":\"fr-BE\"},{\"@type\":\"Organization\",\"@id\":\"https:\\\/\\\/newmobility.news\\\/#organization\",\"name\":\"B2BNews Agency\",\"url\":\"https:\\\/\\\/newmobility.news\\\/\",\"logo\":{\"@type\":\"ImageObject\",\"inLanguage\":\"fr-BE\",\"@id\":\"https:\\\/\\\/newmobility.news\\\/#\\\/schema\\\/logo\\\/image\\\/\",\"url\":\"https:\\\/\\\/newmobility.news\\\/wp-content\\\/uploads\\\/2018\\\/01\\\/b2bnews-agency-logo.png\",\"contentUrl\":\"https:\\\/\\\/newmobility.news\\\/wp-content\\\/uploads\\\/2018\\\/01\\\/b2bnews-agency-logo.png\",\"width\":\"581\",\"height\":\"117\",\"caption\":\"B2BNews Agency\"},\"image\":{\"@id\":\"https:\\\/\\\/newmobility.news\\\/#\\\/schema\\\/logo\\\/image\\\/\"},\"sameAs\":[\"https:\\\/\\\/www.facebook.com\\\/search\\\/top\\\/?q=newmobility.news\",\"https:\\\/\\\/x.com\\\/jorisvry\",\"https:\\\/\\\/www.linkedin.com\\\/in\\\/jorisvanroy\\\/\",\"https:\\\/\\\/nl.pinterest.com\\\/jorisvanroy\\\/\"]},{\"@type\":\"Person\",\"@id\":\"https:\\\/\\\/newmobility.news\\\/#\\\/schema\\\/person\\\/9b4a04002179d83e5be74f13c664b722\",\"name\":\"Luc Joris\",\"image\":{\"@type\":\"ImageObject\",\"inLanguage\":\"fr-BE\",\"@id\":\"https:\\\/\\\/secure.gravatar.com\\\/avatar\\\/9e27cf9984ae903174b14c7dd33d523290f03fd71803b04bc6e486c7259b2920?s=96&d=mm&r=g\",\"url\":\"https:\\\/\\\/secure.gravatar.com\\\/avatar\\\/9e27cf9984ae903174b14c7dd33d523290f03fd71803b04bc6e486c7259b2920?s=96&d=mm&r=g\",\"contentUrl\":\"https:\\\/\\\/secure.gravatar.com\\\/avatar\\\/9e27cf9984ae903174b14c7dd33d523290f03fd71803b04bc6e486c7259b2920?s=96&d=mm&r=g\",\"caption\":\"Luc Joris\"},\"url\":\"https:\\\/\\\/newmobility.news\\\/fr\\\/author\\\/belga-5\\\/\"}]}<\/script>\n<!-- \/ Yoast SEO plugin. -->","yoast_head_json":{"title":"Malgr\u00e9 un renforcement des mesures relatives \u00e0 la zone \u00e0 faibles \u00e9missions (LEZ), 2 200 voitures diesel anciennes sont toujours immatricul\u00e9es \u00e0 Bruxelles - newmobility.news","robots":{"index":"index","follow":"follow","max-snippet":"max-snippet:-1","max-image-preview":"max-image-preview:large","max-video-preview":"max-video-preview:-1"},"canonical":"https:\/\/newmobility.news\/fr\/2026\/06\/30\/despite-stricter-lez-still-2200-old-diesel-cars-registered-in-brussels\/","og_locale":"fr_FR","og_type":"article","og_title":"Despite stricter LEZ, still 2,200 old diesel cars registered in Brussels - newmobility.news","og_description":"Starting Wednesday, July 1, the grace period in Brussels will officially end, and the tax authorities will begin issuing fines to the latest group of drivers who violate the low-emission zone (LEZ) standards. Specifically, more than 13,000 vehicles \u2013 Euro 5 diesel and Euro 2 gasoline cars that This content has been archived. Log in [&hellip;]","og_url":"https:\/\/newmobility.news\/fr\/2026\/06\/30\/despite-stricter-lez-still-2200-old-diesel-cars-registered-in-brussels\/","og_site_name":"newmobility.news","article_publisher":"https:\/\/www.facebook.com\/search\/top\/?q=newmobility.news","article_published_time":"2026-06-30T11:16:27+00:00","article_modified_time":"2026-07-03T09:27:47+00:00","og_image":[{"width":1024,"height":560,"url":"https:\/\/newmobility.news\/wp-content\/uploads\/2026\/06\/Untitled567-1024x560.png","type":"image\/png"}],"author":"Luc Joris","twitter_card":"summary_large_image","twitter_creator":"@jorisvry","twitter_site":"@jorisvry","twitter_misc":{"\u00c9crit par":"Luc Joris","Dur\u00e9e de lecture est.":"4 minutes"},"schema":{"@context":"https:\/\/schema.org","@graph":[{"@type":"Article","@id":"https:\/\/newmobility.news\/2026\/06\/30\/despite-stricter-lez-still-2200-old-diesel-cars-registered-in-brussels\/#article","isPartOf":{"@id":"https:\/\/newmobility.news\/2026\/06\/30\/despite-stricter-lez-still-2200-old-diesel-cars-registered-in-brussels\/"},"author":{"name":"Luc Joris","@id":"https:\/\/newmobility.news\/#\/schema\/person\/9b4a04002179d83e5be74f13c664b722"},"headline":"Despite stricter LEZ, still 2,200 old diesel cars registered in Brussels","datePublished":"2026-06-30T11:16:27+00:00","dateModified":"2026-07-03T09:27:47+00:00","mainEntityOfPage":{"@id":"https:\/\/newmobility.news\/2026\/06\/30\/despite-stricter-lez-still-2200-old-diesel-cars-registered-in-brussels\/"},"wordCount":636,"publisher":{"@id":"https:\/\/newmobility.news\/#organization"},"image":{"@id":"https:\/\/newmobility.news\/2026\/06\/30\/despite-stricter-lez-still-2200-old-diesel-cars-registered-in-brussels\/#primaryimage"},"thumbnailUrl":"https:\/\/i0.wp.com\/newmobility.news\/wp-content\/uploads\/2026\/06\/Untitled567.png?fit=2368%2C1294&ssl=1","articleSection":["Belgium","Climate","Environment","Health","Legislation","Mobility","Top Stories Today","Weekly Newsletter"],"inLanguage":"fr-BE"},{"@type":"WebPage","@id":"https:\/\/newmobility.news\/2026\/06\/30\/despite-stricter-lez-still-2200-old-diesel-cars-registered-in-brussels\/","url":"https:\/\/newmobility.news\/2026\/06\/30\/despite-stricter-lez-still-2200-old-diesel-cars-registered-in-brussels\/","name":"Malgr\u00e9 un renforcement des mesures relatives \u00e0 la zone \u00e0 faibles \u00e9missions (LEZ), 2 200 voitures diesel anciennes sont toujours immatricul\u00e9es \u00e0 Bruxelles - newmobility.news","isPartOf":{"@id":"https:\/\/newmobility.news\/#website"},"primaryImageOfPage":{"@id":"https:\/\/newmobility.news\/2026\/06\/30\/despite-stricter-lez-still-2200-old-diesel-cars-registered-in-brussels\/#primaryimage"},"image":{"@id":"https:\/\/newmobility.news\/2026\/06\/30\/despite-stricter-lez-still-2200-old-diesel-cars-registered-in-brussels\/#primaryimage"},"thumbnailUrl":"https:\/\/i0.wp.com\/newmobility.news\/wp-content\/uploads\/2026\/06\/Untitled567.png?fit=2368%2C1294&ssl=1","datePublished":"2026-06-30T11:16:27+00:00","dateModified":"2026-07-03T09:27:47+00:00","breadcrumb":{"@id":"https:\/\/newmobility.news\/2026\/06\/30\/despite-stricter-lez-still-2200-old-diesel-cars-registered-in-brussels\/#breadcrumb"},"inLanguage":"fr-BE","potentialAction":[{"@type":"ReadAction","target":["https:\/\/newmobility.news\/2026\/06\/30\/despite-stricter-lez-still-2200-old-diesel-cars-registered-in-brussels\/"]}]},{"@type":"ImageObject","inLanguage":"fr-BE","@id":"https:\/\/newmobility.news\/2026\/06\/30\/despite-stricter-lez-still-2200-old-diesel-cars-registered-in-brussels\/#primaryimage","url":"https:\/\/i0.wp.com\/newmobility.news\/wp-content\/uploads\/2026\/06\/Untitled567.png?fit=2368%2C1294&ssl=1","contentUrl":"https:\/\/i0.wp.com\/newmobility.news\/wp-content\/uploads\/2026\/06\/Untitled567.png?fit=2368%2C1294&ssl=1","width":2368,"height":1294,"caption":"A 2013 Audi A4 Avant with 199,000 km is for sale for \u20ac7,000 in Brussels. Despite the stricter LEZ regulations, more than 2,200 used diesel vehicles have still been registered in Brussels since the beginning of the year, 25% of which were put into service before 2015 and are therefore normally subject to the LEZ restrictions \/Carros"},{"@type":"BreadcrumbList","@id":"https:\/\/newmobility.news\/2026\/06\/30\/despite-stricter-lez-still-2200-old-diesel-cars-registered-in-brussels\/#breadcrumb","itemListElement":[{"@type":"ListItem","position":1,"name":"Home","item":"https:\/\/newmobility.news\/"},{"@type":"ListItem","position":2,"name":"Despite stricter LEZ, still 2,200 old diesel cars registered in Brussels"}]},{"@type":"WebSite","@id":"https:\/\/newmobility.news\/#website","url":"https:\/\/newmobility.news\/","name":"nouveaumobilit\u00e9.actualit\u00e9s","description":"Un service d'information B2BNews Agency\u00ae destin\u00e9 aux professionnels de la mobilit\u00e9","publisher":{"@id":"https:\/\/newmobility.news\/#organization"},"potentialAction":[{"@type":"SearchAction","target":{"@type":"EntryPoint","urlTemplate":"https:\/\/newmobility.news\/?s={search_term_string}"},"query-input":{"@type":"PropertyValueSpecification","valueRequired":true,"valueName":"search_term_string"}}],"inLanguage":"fr-BE"},{"@type":"Organization","@id":"https:\/\/newmobility.news\/#organization","name":"Agence de presse B2BNews","url":"https:\/\/newmobility.news\/","logo":{"@type":"ImageObject","inLanguage":"fr-BE","@id":"https:\/\/newmobility.news\/#\/schema\/logo\/image\/","url":"https:\/\/newmobility.news\/wp-content\/uploads\/2018\/01\/b2bnews-agency-logo.png","contentUrl":"https:\/\/newmobility.news\/wp-content\/uploads\/2018\/01\/b2bnews-agency-logo.png","width":"581","height":"117","caption":"B2BNews Agency"},"image":{"@id":"https:\/\/newmobility.news\/#\/schema\/logo\/image\/"},"sameAs":["https:\/\/www.facebook.com\/search\/top\/?q=newmobility.news","https:\/\/x.com\/jorisvry","https:\/\/www.linkedin.com\/in\/jorisvanroy\/","https:\/\/nl.pinterest.com\/jorisvanroy\/"]},{"@type":"Person","@id":"https:\/\/newmobility.news\/#\/schema\/person\/9b4a04002179d83e5be74f13c664b722","name":"Luc Joris","image":{"@type":"ImageObject","inLanguage":"fr-BE","@id":"https:\/\/secure.gravatar.com\/avatar\/9e27cf9984ae903174b14c7dd33d523290f03fd71803b04bc6e486c7259b2920?s=96&d=mm&r=g","url":"https:\/\/secure.gravatar.com\/avatar\/9e27cf9984ae903174b14c7dd33d523290f03fd71803b04bc6e486c7259b2920?s=96&d=mm&r=g","contentUrl":"https:\/\/secure.gravatar.com\/avatar\/9e27cf9984ae903174b14c7dd33d523290f03fd71803b04bc6e486c7259b2920?s=96&d=mm&r=g","caption":"Luc Joris"},"url":"https:\/\/newmobility.news\/fr\/author\/belga-5\/"}]}},"jetpack_publicize_connections":[],"jetpack_shortlink":"https:\/\/wp.me\/p9wJdU-N6A","jetpack_sharing_enabled":true,"jetpack_likes_enabled":true,"jetpack-related-posts":[],"jetpack_featured_media_url":"https:\/\/i0.wp.com\/newmobility.news\/wp-content\/uploads\/2026\/06\/Untitled567.png?fit=2368%2C1294&ssl=1","_links":{"self":[{"href":"https:\/\/newmobility.news\/fr\/wp-json\/wp\/v2\/posts\/188764","targetHints":{"allow":["GET"]}}],"collection":[{"href":"https:\/\/newmobility.news\/fr\/wp-json\/wp\/v2\/posts"}],"about":[{"href":"https:\/\/newmobility.news\/fr\/wp-json\/wp\/v2\/types\/post"}],"author":[{"embeddable":true,"href":"https:\/\/newmobility.news\/fr\/wp-json\/wp\/v2\/users\/164"}],"replies":[{"embeddable":true,"href":"https:\/\/newmobility.news\/fr\/wp-json\/wp\/v2\/comments?post=188764"}],"version-history":[{"count":10,"href":"https:\/\/newmobility.news\/fr\/wp-json\/wp\/v2\/posts\/188764\/revisions"}],"predecessor-version":[{"id":188923,"href":"https:\/\/newmobility.news\/fr\/wp-json\/wp\/v2\/posts\/188764\/revisions\/188923"}],"wp:featuredmedia":[{"embeddable":true,"href":"https:\/\/newmobility.news\/fr\/wp-json\/wp\/v2\/media\/188814"}],"wp:attachment":[{"href":"https:\/\/newmobility.news\/fr\/wp-json\/wp\/v2\/media?parent=188764"}],"wp:term":[{"taxonomy":"category","embeddable":true,"href":"https:\/\/newmobility.news\/fr\/wp-json\/wp\/v2\/categories?post=188764"},{"taxonomy":"post_tag","embeddable":true,"href":"https:\/\/newmobility.news\/fr\/wp-json\/wp\/v2\/tags?post=188764"}],"curies":[{"name":"wp","href":"https:\/\/api.w.org\/{rel}","templated":true}]}}