{"id":188797,"date":"2026-06-30T12:20:50","date_gmt":"2026-06-30T10:20:50","guid":{"rendered":"https:\/\/newmobility.news\/?p=188797"},"modified":"2026-06-30T11:06:56","modified_gmt":"2026-06-30T09:06:56","slug":"renault-4-and-5-set-for-power-and-efficiency-upgrade-in-2027","status":"publish","type":"post","link":"https:\/\/newmobility.news\/fr\/2026\/06\/30\/renault-4-and-5-set-for-power-and-efficiency-upgrade-in-2027\/","title":{"rendered":"Les Renault 4 et 5 b\u00e9n\u00e9ficieront d'une am\u00e9lioration de leurs performances et de leur efficacit\u00e9 \u00e9nerg\u00e9tique en 2027"},"content":{"rendered":"Renault pr\u00e9pare une mise \u00e0 niveau technique pour ses mod\u00e8les \u00e9lectriques Renault 4 et Renault 5, promettant davantage de puissance et un meilleur rendement pour ses deux petites voitures \u00e9lectriques d\u2019inspiration r\u00e9tro \u00e0 partir de fin 2026 ou d\u00e9but 2027.\n\nCette information \u00e9mane de Marianne Bataillon, directrice du d\u00e9veloppement des moteurs \u00e9lectriques et des batteries chez Renault.<div class=\"leaky_paywall_message_wrap\"><div id=\"leaky_paywall_message\">Ce contenu a \u00e9t\u00e9 archiv\u00e9. <a href=\"https:\/\/newmobility.news\/fr\/subscription\/\">Connectez-vous ou inscrivez-vous<\/a> \u00e0 un niveau qui donne acc\u00e8s au contenu archiv\u00e9.<\/div><\/div>","protected":false},"excerpt":{"rendered":"<p>Renault is preparing a technical upgrade for the electric Renault 4 and Renault 5, promising more power and improved efficiency for its two retro-inspired small EVs from late 2026 or early 2027. The information comes from Marianne Bataillon, Renault\u2019s director of electric motor and battery deveThis content has been archived. Log in or Subscribe to [&hellip;]<\/p>\n","protected":false},"author":21,"featured_media":188807,"comment_status":"closed","ping_status":"closed","sticky":false,"template":"","format":"standard","meta":{"_acf_changed":false,"_jetpack_newsletter_access":"","_jetpack_dont_email_post_to_subs":false,"_jetpack_newsletter_tier_id":0,"_jetpack_memberships_contains_paywalled_content":false,"_jetpack_feature_clip_id":0,"_jetpack_memberships_contains_paid_content":false,"footnotes":"","jetpack_publicize_message":"{title}\r\n\r\n{excerpt}\r\n\r\n{url}","jetpack_publicize_feature_enabled":true,"jetpack_social_post_already_shared":true,"jetpack_social_options":{"image_generator_settings":{"template":"highway","default_image_id":0,"font":"","enabled":false},"version":2},"_wpas_customize_per_network":false,"jetpack_post_was_ever_published":false},"categories":[77162,8,6,4],"tags":[],"class_list":["post-188797","post","type-post","status-publish","format-standard","has-post-thumbnail","hentry","category-batteries","category-product","category-technology","category-top-stories-today"],"acf":[],"featured_image_urls_v2":{"full":["https:\/\/i0.wp.com\/newmobility.news\/wp-content\/uploads\/2026\/06\/Renault-45.png?fit=1672%2C941&ssl=1",1672,941,false],"thumbnail":["https:\/\/i0.wp.com\/newmobility.news\/wp-content\/uploads\/2026\/06\/Renault-45.png?resize=150%2C150&ssl=1",150,150,true],"medium":["https:\/\/i0.wp.com\/newmobility.news\/wp-content\/uploads\/2026\/06\/Renault-45.png?fit=300%2C169&ssl=1",300,169,true],"medium_large":["https:\/\/i0.wp.com\/newmobility.news\/wp-content\/uploads\/2026\/06\/Renault-45.png?fit=640%2C360&ssl=1",640,360,true],"large":["https:\/\/i0.wp.com\/newmobility.news\/wp-content\/uploads\/2026\/06\/Renault-45.png?fit=640%2C360&ssl=1",640,360,true],"1536x1536":["https:\/\/i0.wp.com\/newmobility.news\/wp-content\/uploads\/2026\/06\/Renault-45.png?fit=1536%2C864&ssl=1",1536,864,true],"2048x2048":["https:\/\/i0.wp.com\/newmobility.news\/wp-content\/uploads\/2026\/06\/Renault-45.png?fit=1672%2C941&ssl=1",1672,941,true],"trp-custom-language-flag":["https:\/\/i0.wp.com\/newmobility.news\/wp-content\/uploads\/2026\/06\/Renault-45.png?fit=18%2C10&ssl=1",18,10,true],"related-thumb":["https:\/\/i0.wp.com\/newmobility.news\/wp-content\/uploads\/2026\/06\/Renault-45.png?resize=640%2C480&ssl=1",640,480,true],"gform-image-choice-sm":["https:\/\/i0.wp.com\/newmobility.news\/wp-content\/uploads\/2026\/06\/Renault-45.png?resize=300%2C300&ssl=1",300,300,true],"gform-image-choice-md":["https:\/\/i0.wp.com\/newmobility.news\/wp-content\/uploads\/2026\/06\/Renault-45.png?resize=400%2C400&ssl=1",400,400,true],"gform-image-choice-lg":["https:\/\/i0.wp.com\/newmobility.news\/wp-content\/uploads\/2026\/06\/Renault-45.png?resize=600%2C600&ssl=1",600,600,true],"mailchimp":["https:\/\/i0.wp.com\/newmobility.news\/wp-content\/uploads\/2026\/06\/Renault-45.png?fit=560%2C315&ssl=1",560,315,true],"unipress-phone":["https:\/\/i0.wp.com\/newmobility.news\/wp-content\/uploads\/2026\/06\/Renault-45.png?resize=640%2C100&ssl=1",640,100,true],"unipress-tablet":["https:\/\/i0.wp.com\/newmobility.news\/wp-content\/uploads\/2026\/06\/Renault-45.png?resize=1536%2C240&ssl=1",1536,240,true],"unipress-tablet-portrait":["https:\/\/i0.wp.com\/newmobility.news\/wp-content\/uploads\/2026\/06\/Renault-45.png?resize=1536%2C180&ssl=1",1536,180,true],"unipress-tablet-landscape":["https:\/\/i0.wp.com\/newmobility.news\/wp-content\/uploads\/2026\/06\/Renault-45.png?resize=1672%2C180&ssl=1",1672,180,true],"unipress-smartphone":["https:\/\/i0.wp.com\/newmobility.news\/wp-content\/uploads\/2026\/06\/Renault-45.png?resize=1080%2C168&ssl=1",1080,168,true],"unipress-wide-screen":["https:\/\/i0.wp.com\/newmobility.news\/wp-content\/uploads\/2026\/06\/Renault-45.png?resize=1672%2C180&ssl=1",1672,180,true]},"post_excerpt_stackable_v2":"<p>Renault is preparing a technical upgrade for the electric Renault 4 and Renault 5, promising more power and improved efficiency for its two retro-inspired small EVs from late 2026 or early 2027. The information comes from Marianne Bataillon, Renault\u2019s director of electric motor and battery deveThis content has been archived. Log in or Subscribe to a level that has access to archived content.<\/p>\n","category_list_v2":"<a href=\"https:\/\/newmobility.news\/fr\/category\/batteries\/\" rel=\"category tag\">Batteries<\/a>, <a href=\"https:\/\/newmobility.news\/fr\/category\/product\/\" rel=\"category tag\">Product<\/a>, <a href=\"https:\/\/newmobility.news\/fr\/category\/technology\/\" rel=\"category tag\">Technology<\/a>, <a href=\"https:\/\/newmobility.news\/fr\/category\/top-stories-today\/\" rel=\"category tag\">Top Stories Today<\/a>","author_info_v2":{"name":"Joris Van Roy","url":"https:\/\/newmobility.news\/fr\/author\/jorisximcom-be\/"},"comments_num_v2":"0 comments","yoast_head":"<!-- This site is optimized with the Yoast SEO plugin v28.4 - https:\/\/yoast.com\/product\/yoast-seo-wordpress\/ -->\n<title>Renault 4 and 5 set for power and efficiency upgrade in 2027 - newmobility.news<\/title>\n<meta name=\"robots\" content=\"index, follow, max-snippet:-1, max-image-preview:large, max-video-preview:-1\" \/>\n<link rel=\"canonical\" href=\"https:\/\/newmobility.news\/fr\/2026\/06\/30\/renault-4-and-5-set-for-power-and-efficiency-upgrade-in-2027\/\" \/>\n<meta property=\"og:locale\" content=\"fr_FR\" \/>\n<meta property=\"og:type\" content=\"article\" \/>\n<meta property=\"og:title\" content=\"Renault 4 and 5 set for power and efficiency upgrade in 2027 - newmobility.news\" \/>\n<meta property=\"og:description\" content=\"Renault is preparing a technical upgrade for the electric Renault 4 and Renault 5, promising more power and improved efficiency for its two retro-inspired small EVs from late 2026 or early 2027. The information comes from Marianne Bataillon, Renault\u2019s director of electric motor and battery deveThis content has been archived. Log in or Subscribe to [&hellip;]\" \/>\n<meta property=\"og:url\" content=\"https:\/\/newmobility.news\/fr\/2026\/06\/30\/renault-4-and-5-set-for-power-and-efficiency-upgrade-in-2027\/\" \/>\n<meta property=\"og:site_name\" content=\"newmobility.news\" \/>\n<meta property=\"article:publisher\" content=\"https:\/\/www.facebook.com\/search\/top\/?q=newmobility.news\" \/>\n<meta property=\"article:published_time\" content=\"2026-06-30T10:20:50+00:00\" \/>\n<meta property=\"og:image\" content=\"https:\/\/i0.wp.com\/newmobility.news\/wp-content\/uploads\/2026\/06\/Renault-45.png?fit=1672%2C941&ssl=1\" \/>\n\t<meta property=\"og:image:width\" content=\"1672\" \/>\n\t<meta property=\"og:image:height\" content=\"941\" \/>\n\t<meta property=\"og:image:type\" content=\"image\/png\" \/>\n<meta name=\"author\" content=\"Joris Van Roy\" \/>\n<meta name=\"twitter:card\" content=\"summary_large_image\" \/>\n<meta name=\"twitter:creator\" content=\"@jorisvry\" \/>\n<meta name=\"twitter:site\" content=\"@jorisvry\" \/>\n<meta name=\"twitter:label1\" content=\"\u00c9crit par\" \/>\n\t<meta name=\"twitter:data1\" content=\"Joris Van Roy\" \/>\n\t<meta name=\"twitter:label2\" content=\"Dur\u00e9e de lecture est.\" \/>\n\t<meta name=\"twitter:data2\" content=\"4 minutes\" \/>\n<script type=\"application\/ld+json\" class=\"yoast-schema-graph\">{\"@context\":\"https:\\\/\\\/schema.org\",\"@graph\":[{\"@type\":\"Article\",\"@id\":\"https:\\\/\\\/newmobility.news\\\/2026\\\/06\\\/30\\\/renault-4-and-5-set-for-power-and-efficiency-upgrade-in-2027\\\/#article\",\"isPartOf\":{\"@id\":\"https:\\\/\\\/newmobility.news\\\/2026\\\/06\\\/30\\\/renault-4-and-5-set-for-power-and-efficiency-upgrade-in-2027\\\/\"},\"author\":{\"name\":\"Joris Van Roy\",\"@id\":\"https:\\\/\\\/newmobility.news\\\/#\\\/schema\\\/person\\\/993f2da7cd774079044984132dee0ef0\"},\"headline\":\"Renault 4 and 5 set for power and efficiency upgrade in 2027\",\"datePublished\":\"2026-06-30T10:20:50+00:00\",\"mainEntityOfPage\":{\"@id\":\"https:\\\/\\\/newmobility.news\\\/2026\\\/06\\\/30\\\/renault-4-and-5-set-for-power-and-efficiency-upgrade-in-2027\\\/\"},\"wordCount\":651,\"publisher\":{\"@id\":\"https:\\\/\\\/newmobility.news\\\/#organization\"},\"image\":{\"@id\":\"https:\\\/\\\/newmobility.news\\\/2026\\\/06\\\/30\\\/renault-4-and-5-set-for-power-and-efficiency-upgrade-in-2027\\\/#primaryimage\"},\"thumbnailUrl\":\"https:\\\/\\\/i0.wp.com\\\/newmobility.news\\\/wp-content\\\/uploads\\\/2026\\\/06\\\/Renault-45.png?fit=1672%2C941&ssl=1\",\"articleSection\":[\"Batteries\",\"Product\",\"Technology\",\"Top Stories Today\"],\"inLanguage\":\"fr-BE\"},{\"@type\":\"WebPage\",\"@id\":\"https:\\\/\\\/newmobility.news\\\/2026\\\/06\\\/30\\\/renault-4-and-5-set-for-power-and-efficiency-upgrade-in-2027\\\/\",\"url\":\"https:\\\/\\\/newmobility.news\\\/2026\\\/06\\\/30\\\/renault-4-and-5-set-for-power-and-efficiency-upgrade-in-2027\\\/\",\"name\":\"Renault 4 and 5 set for power and efficiency upgrade in 2027 - newmobility.news\",\"isPartOf\":{\"@id\":\"https:\\\/\\\/newmobility.news\\\/#website\"},\"primaryImageOfPage\":{\"@id\":\"https:\\\/\\\/newmobility.news\\\/2026\\\/06\\\/30\\\/renault-4-and-5-set-for-power-and-efficiency-upgrade-in-2027\\\/#primaryimage\"},\"image\":{\"@id\":\"https:\\\/\\\/newmobility.news\\\/2026\\\/06\\\/30\\\/renault-4-and-5-set-for-power-and-efficiency-upgrade-in-2027\\\/#primaryimage\"},\"thumbnailUrl\":\"https:\\\/\\\/i0.wp.com\\\/newmobility.news\\\/wp-content\\\/uploads\\\/2026\\\/06\\\/Renault-45.png?fit=1672%2C941&ssl=1\",\"datePublished\":\"2026-06-30T10:20:50+00:00\",\"breadcrumb\":{\"@id\":\"https:\\\/\\\/newmobility.news\\\/2026\\\/06\\\/30\\\/renault-4-and-5-set-for-power-and-efficiency-upgrade-in-2027\\\/#breadcrumb\"},\"inLanguage\":\"fr-BE\",\"potentialAction\":[{\"@type\":\"ReadAction\",\"target\":[\"https:\\\/\\\/newmobility.news\\\/2026\\\/06\\\/30\\\/renault-4-and-5-set-for-power-and-efficiency-upgrade-in-2027\\\/\"]}]},{\"@type\":\"ImageObject\",\"inLanguage\":\"fr-BE\",\"@id\":\"https:\\\/\\\/newmobility.news\\\/2026\\\/06\\\/30\\\/renault-4-and-5-set-for-power-and-efficiency-upgrade-in-2027\\\/#primaryimage\",\"url\":\"https:\\\/\\\/i0.wp.com\\\/newmobility.news\\\/wp-content\\\/uploads\\\/2026\\\/06\\\/Renault-45.png?fit=1672%2C941&ssl=1\",\"contentUrl\":\"https:\\\/\\\/i0.wp.com\\\/newmobility.news\\\/wp-content\\\/uploads\\\/2026\\\/06\\\/Renault-45.png?fit=1672%2C941&ssl=1\",\"width\":1672,\"height\":941,\"caption\":\"Renault\u2019s R4 and R5 share their AmpR Small architecture, and are set to receive further drivetrain improvements from late 2026 or early 2027 \\\/Renault\"},{\"@type\":\"BreadcrumbList\",\"@id\":\"https:\\\/\\\/newmobility.news\\\/2026\\\/06\\\/30\\\/renault-4-and-5-set-for-power-and-efficiency-upgrade-in-2027\\\/#breadcrumb\",\"itemListElement\":[{\"@type\":\"ListItem\",\"position\":1,\"name\":\"Home\",\"item\":\"https:\\\/\\\/newmobility.news\\\/\"},{\"@type\":\"ListItem\",\"position\":2,\"name\":\"Renault 4 and 5 set for power and efficiency upgrade in 2027\"}]},{\"@type\":\"WebSite\",\"@id\":\"https:\\\/\\\/newmobility.news\\\/#website\",\"url\":\"https:\\\/\\\/newmobility.news\\\/\",\"name\":\"newmobility.news\",\"description\":\"A B2BNews Agency\u00ae news service for mobility business proessional\",\"publisher\":{\"@id\":\"https:\\\/\\\/newmobility.news\\\/#organization\"},\"potentialAction\":[{\"@type\":\"SearchAction\",\"target\":{\"@type\":\"EntryPoint\",\"urlTemplate\":\"https:\\\/\\\/newmobility.news\\\/?s={search_term_string}\"},\"query-input\":{\"@type\":\"PropertyValueSpecification\",\"valueRequired\":true,\"valueName\":\"search_term_string\"}}],\"inLanguage\":\"fr-BE\"},{\"@type\":\"Organization\",\"@id\":\"https:\\\/\\\/newmobility.news\\\/#organization\",\"name\":\"B2BNews Agency\",\"url\":\"https:\\\/\\\/newmobility.news\\\/\",\"logo\":{\"@type\":\"ImageObject\",\"inLanguage\":\"fr-BE\",\"@id\":\"https:\\\/\\\/newmobility.news\\\/#\\\/schema\\\/logo\\\/image\\\/\",\"url\":\"https:\\\/\\\/newmobility.news\\\/wp-content\\\/uploads\\\/2018\\\/01\\\/b2bnews-agency-logo.png\",\"contentUrl\":\"https:\\\/\\\/newmobility.news\\\/wp-content\\\/uploads\\\/2018\\\/01\\\/b2bnews-agency-logo.png\",\"width\":\"581\",\"height\":\"117\",\"caption\":\"B2BNews Agency\"},\"image\":{\"@id\":\"https:\\\/\\\/newmobility.news\\\/#\\\/schema\\\/logo\\\/image\\\/\"},\"sameAs\":[\"https:\\\/\\\/www.facebook.com\\\/search\\\/top\\\/?q=newmobility.news\",\"https:\\\/\\\/x.com\\\/jorisvry\",\"https:\\\/\\\/www.linkedin.com\\\/in\\\/jorisvanroy\\\/\",\"https:\\\/\\\/nl.pinterest.com\\\/jorisvanroy\\\/\"]},{\"@type\":\"Person\",\"@id\":\"https:\\\/\\\/newmobility.news\\\/#\\\/schema\\\/person\\\/993f2da7cd774079044984132dee0ef0\",\"name\":\"Joris Van Roy\",\"image\":{\"@type\":\"ImageObject\",\"inLanguage\":\"fr-BE\",\"@id\":\"https:\\\/\\\/secure.gravatar.com\\\/avatar\\\/b82919546c1cd9980bd2bc08f09d294c7cb92b3addd23cb9a4377a7b88b4349b?s=96&d=mm&r=g\",\"url\":\"https:\\\/\\\/secure.gravatar.com\\\/avatar\\\/b82919546c1cd9980bd2bc08f09d294c7cb92b3addd23cb9a4377a7b88b4349b?s=96&d=mm&r=g\",\"contentUrl\":\"https:\\\/\\\/secure.gravatar.com\\\/avatar\\\/b82919546c1cd9980bd2bc08f09d294c7cb92b3addd23cb9a4377a7b88b4349b?s=96&d=mm&r=g\",\"caption\":\"Joris Van Roy\"},\"url\":\"https:\\\/\\\/newmobility.news\\\/fr\\\/author\\\/jorisximcom-be\\\/\"}]}<\/script>\n<!-- \/ Yoast SEO plugin. -->","yoast_head_json":{"title":"Les Renault 4 et 5 b\u00e9n\u00e9ficieront d'une mise \u00e0 niveau en mati\u00e8re de puissance et d'efficacit\u00e9 en 2027 - newmobility.news","robots":{"index":"index","follow":"follow","max-snippet":"max-snippet:-1","max-image-preview":"max-image-preview:large","max-video-preview":"max-video-preview:-1"},"canonical":"https:\/\/newmobility.news\/fr\/2026\/06\/30\/renault-4-and-5-set-for-power-and-efficiency-upgrade-in-2027\/","og_locale":"fr_FR","og_type":"article","og_title":"Renault 4 and 5 set for power and efficiency upgrade in 2027 - newmobility.news","og_description":"Renault is preparing a technical upgrade for the electric Renault 4 and Renault 5, promising more power and improved efficiency for its two retro-inspired small EVs from late 2026 or early 2027. The information comes from Marianne Bataillon, Renault\u2019s director of electric motor and battery deveThis content has been archived. Log in or Subscribe to [&hellip;]","og_url":"https:\/\/newmobility.news\/fr\/2026\/06\/30\/renault-4-and-5-set-for-power-and-efficiency-upgrade-in-2027\/","og_site_name":"newmobility.news","article_publisher":"https:\/\/www.facebook.com\/search\/top\/?q=newmobility.news","article_published_time":"2026-06-30T10:20:50+00:00","og_image":[{"width":1672,"height":941,"url":"https:\/\/i0.wp.com\/newmobility.news\/wp-content\/uploads\/2026\/06\/Renault-45.png?fit=1672%2C941&ssl=1","type":"image\/png"}],"author":"Joris Van Roy","twitter_card":"summary_large_image","twitter_creator":"@jorisvry","twitter_site":"@jorisvry","twitter_misc":{"\u00c9crit par":"Joris Van Roy","Dur\u00e9e de lecture est.":"4 minutes"},"schema":{"@context":"https:\/\/schema.org","@graph":[{"@type":"Article","@id":"https:\/\/newmobility.news\/2026\/06\/30\/renault-4-and-5-set-for-power-and-efficiency-upgrade-in-2027\/#article","isPartOf":{"@id":"https:\/\/newmobility.news\/2026\/06\/30\/renault-4-and-5-set-for-power-and-efficiency-upgrade-in-2027\/"},"author":{"name":"Joris Van Roy","@id":"https:\/\/newmobility.news\/#\/schema\/person\/993f2da7cd774079044984132dee0ef0"},"headline":"Renault 4 and 5 set for power and efficiency upgrade in 2027","datePublished":"2026-06-30T10:20:50+00:00","mainEntityOfPage":{"@id":"https:\/\/newmobility.news\/2026\/06\/30\/renault-4-and-5-set-for-power-and-efficiency-upgrade-in-2027\/"},"wordCount":651,"publisher":{"@id":"https:\/\/newmobility.news\/#organization"},"image":{"@id":"https:\/\/newmobility.news\/2026\/06\/30\/renault-4-and-5-set-for-power-and-efficiency-upgrade-in-2027\/#primaryimage"},"thumbnailUrl":"https:\/\/i0.wp.com\/newmobility.news\/wp-content\/uploads\/2026\/06\/Renault-45.png?fit=1672%2C941&ssl=1","articleSection":["Batteries","Product","Technology","Top Stories Today"],"inLanguage":"fr-BE"},{"@type":"WebPage","@id":"https:\/\/newmobility.news\/2026\/06\/30\/renault-4-and-5-set-for-power-and-efficiency-upgrade-in-2027\/","url":"https:\/\/newmobility.news\/2026\/06\/30\/renault-4-and-5-set-for-power-and-efficiency-upgrade-in-2027\/","name":"Les Renault 4 et 5 b\u00e9n\u00e9ficieront d'une mise \u00e0 niveau en mati\u00e8re de puissance et d'efficacit\u00e9 en 2027 - newmobility.news","isPartOf":{"@id":"https:\/\/newmobility.news\/#website"},"primaryImageOfPage":{"@id":"https:\/\/newmobility.news\/2026\/06\/30\/renault-4-and-5-set-for-power-and-efficiency-upgrade-in-2027\/#primaryimage"},"image":{"@id":"https:\/\/newmobility.news\/2026\/06\/30\/renault-4-and-5-set-for-power-and-efficiency-upgrade-in-2027\/#primaryimage"},"thumbnailUrl":"https:\/\/i0.wp.com\/newmobility.news\/wp-content\/uploads\/2026\/06\/Renault-45.png?fit=1672%2C941&ssl=1","datePublished":"2026-06-30T10:20:50+00:00","breadcrumb":{"@id":"https:\/\/newmobility.news\/2026\/06\/30\/renault-4-and-5-set-for-power-and-efficiency-upgrade-in-2027\/#breadcrumb"},"inLanguage":"fr-BE","potentialAction":[{"@type":"ReadAction","target":["https:\/\/newmobility.news\/2026\/06\/30\/renault-4-and-5-set-for-power-and-efficiency-upgrade-in-2027\/"]}]},{"@type":"ImageObject","inLanguage":"fr-BE","@id":"https:\/\/newmobility.news\/2026\/06\/30\/renault-4-and-5-set-for-power-and-efficiency-upgrade-in-2027\/#primaryimage","url":"https:\/\/i0.wp.com\/newmobility.news\/wp-content\/uploads\/2026\/06\/Renault-45.png?fit=1672%2C941&ssl=1","contentUrl":"https:\/\/i0.wp.com\/newmobility.news\/wp-content\/uploads\/2026\/06\/Renault-45.png?fit=1672%2C941&ssl=1","width":1672,"height":941,"caption":"Renault\u2019s R4 and R5 share their AmpR Small architecture, and are set to receive further drivetrain improvements from late 2026 or early 2027 \/Renault"},{"@type":"BreadcrumbList","@id":"https:\/\/newmobility.news\/2026\/06\/30\/renault-4-and-5-set-for-power-and-efficiency-upgrade-in-2027\/#breadcrumb","itemListElement":[{"@type":"ListItem","position":1,"name":"Home","item":"https:\/\/newmobility.news\/"},{"@type":"ListItem","position":2,"name":"Renault 4 and 5 set for power and efficiency upgrade in 2027"}]},{"@type":"WebSite","@id":"https:\/\/newmobility.news\/#website","url":"https:\/\/newmobility.news\/","name":"nouveaumobilit\u00e9.actualit\u00e9s","description":"Un service d'information B2BNews Agency\u00ae destin\u00e9 aux professionnels de la mobilit\u00e9","publisher":{"@id":"https:\/\/newmobility.news\/#organization"},"potentialAction":[{"@type":"SearchAction","target":{"@type":"EntryPoint","urlTemplate":"https:\/\/newmobility.news\/?s={search_term_string}"},"query-input":{"@type":"PropertyValueSpecification","valueRequired":true,"valueName":"search_term_string"}}],"inLanguage":"fr-BE"},{"@type":"Organization","@id":"https:\/\/newmobility.news\/#organization","name":"Agence de presse B2BNews","url":"https:\/\/newmobility.news\/","logo":{"@type":"ImageObject","inLanguage":"fr-BE","@id":"https:\/\/newmobility.news\/#\/schema\/logo\/image\/","url":"https:\/\/newmobility.news\/wp-content\/uploads\/2018\/01\/b2bnews-agency-logo.png","contentUrl":"https:\/\/newmobility.news\/wp-content\/uploads\/2018\/01\/b2bnews-agency-logo.png","width":"581","height":"117","caption":"B2BNews Agency"},"image":{"@id":"https:\/\/newmobility.news\/#\/schema\/logo\/image\/"},"sameAs":["https:\/\/www.facebook.com\/search\/top\/?q=newmobility.news","https:\/\/x.com\/jorisvry","https:\/\/www.linkedin.com\/in\/jorisvanroy\/","https:\/\/nl.pinterest.com\/jorisvanroy\/"]},{"@type":"Person","@id":"https:\/\/newmobility.news\/#\/schema\/person\/993f2da7cd774079044984132dee0ef0","name":"Joris Van Roy","image":{"@type":"ImageObject","inLanguage":"fr-BE","@id":"https:\/\/secure.gravatar.com\/avatar\/b82919546c1cd9980bd2bc08f09d294c7cb92b3addd23cb9a4377a7b88b4349b?s=96&d=mm&r=g","url":"https:\/\/secure.gravatar.com\/avatar\/b82919546c1cd9980bd2bc08f09d294c7cb92b3addd23cb9a4377a7b88b4349b?s=96&d=mm&r=g","contentUrl":"https:\/\/secure.gravatar.com\/avatar\/b82919546c1cd9980bd2bc08f09d294c7cb92b3addd23cb9a4377a7b88b4349b?s=96&d=mm&r=g","caption":"Joris Van Roy"},"url":"https:\/\/newmobility.news\/fr\/author\/jorisximcom-be\/"}]}},"jetpack_publicize_connections":[],"jetpack_shortlink":"https:\/\/wp.me\/p9wJdU-N77","jetpack_sharing_enabled":true,"jetpack_likes_enabled":true,"jetpack-related-posts":[],"jetpack_featured_media_url":"https:\/\/i0.wp.com\/newmobility.news\/wp-content\/uploads\/2026\/06\/Renault-45.png?fit=1672%2C941&ssl=1","_links":{"self":[{"href":"https:\/\/newmobility.news\/fr\/wp-json\/wp\/v2\/posts\/188797","targetHints":{"allow":["GET"]}}],"collection":[{"href":"https:\/\/newmobility.news\/fr\/wp-json\/wp\/v2\/posts"}],"about":[{"href":"https:\/\/newmobility.news\/fr\/wp-json\/wp\/v2\/types\/post"}],"author":[{"embeddable":true,"href":"https:\/\/newmobility.news\/fr\/wp-json\/wp\/v2\/users\/21"}],"replies":[{"embeddable":true,"href":"https:\/\/newmobility.news\/fr\/wp-json\/wp\/v2\/comments?post=188797"}],"version-history":[{"count":3,"href":"https:\/\/newmobility.news\/fr\/wp-json\/wp\/v2\/posts\/188797\/revisions"}],"predecessor-version":[{"id":188820,"href":"https:\/\/newmobility.news\/fr\/wp-json\/wp\/v2\/posts\/188797\/revisions\/188820"}],"wp:featuredmedia":[{"embeddable":true,"href":"https:\/\/newmobility.news\/fr\/wp-json\/wp\/v2\/media\/188807"}],"wp:attachment":[{"href":"https:\/\/newmobility.news\/fr\/wp-json\/wp\/v2\/media?parent=188797"}],"wp:term":[{"taxonomy":"category","embeddable":true,"href":"https:\/\/newmobility.news\/fr\/wp-json\/wp\/v2\/categories?post=188797"},{"taxonomy":"post_tag","embeddable":true,"href":"https:\/\/newmobility.news\/fr\/wp-json\/wp\/v2\/tags?post=188797"}],"curies":[{"name":"wp","href":"https:\/\/api.w.org\/{rel}","templated":true}]}}