{"id":189859,"date":"2026-07-16T22:38:49","date_gmt":"2026-07-16T20:38:49","guid":{"rendered":"https:\/\/newmobility.news\/?p=189859"},"modified":"2026-07-16T22:38:49","modified_gmt":"2026-07-16T20:38:49","slug":"bmw-bosch-repsol-and-toyota-launch-a-pilot-for-existing-vehicles-using-renewable-gasoline","status":"publish","type":"post","link":"https:\/\/newmobility.news\/fr\/2026\/07\/16\/bmw-bosch-repsol-and-toyota-launch-a-pilot-for-existing-vehicles-using-renewable-gasoline\/","title":{"rendered":"BMW, Bosch, Repsol et Toyota lancent un projet pilote destin\u00e9 aux v\u00e9hicules existants fonctionnant \u00e0 l'essence renouvelable"},"content":{"rendered":"<p>Le groupe BMW, en collaboration avec Toyota Motor Europe (TME), Bosch et Repsol, a annonc\u00e9 le lancement d'un projet pilote novateur d'une dur\u00e9e de six mois en Espagne. Ce projet pilote, qui a d\u00e9but\u00e9 d\u00e9but juillet, vise \u00e0 d\u00e9montrer le potentiel concret des v\u00e9hicules fonctionnant exclusivement avec des carburants \u00e9ligibles (VEEF).<\/p>\n<p>Dans le cadre de cette initiative, une flotte d\u2019une vingtaine de v\u00e9hicules Toyota et BMW sera mise en service. Ces v\u00e9hicules fonctionneront \u00e0 l\u2019essence renouvelable 100% (Nexa 95) de Repsol et b\u00e9n\u00e9ficieront de la technologie num\u00e9rique de pointe de Bosch pour le suivi de la consommation de carburant.<\/p>\n<p>Ce projet pilote vise \u00e0 fournir des preuves concr\u00e8tes et issues de la pratique d\u00e9montrant que les v\u00e9hicules fonctionnant exclusivement avec des carburants \u00e9ligibles (VEEF) peuvent \u00eatre d\u00e9ploy\u00e9s efficacement \u00e0 grande \u00e9chelle, afin de soutenir la transition de l\u2019Europe vers une mobilit\u00e9 d\u00e9carbon\u00e9e gr\u00e2ce \u00e0 une approche compl\u00e9mentaire et neutre sur le plan technologique, sans laisser personne de c\u00f4t\u00e9.<\/p>\n<p>\u201c L'ouverture technologique est un pilier essentiel de la strat\u00e9gie du groupe BMW ; parall\u00e8lement, notre objectif est de toujours mettre en circulation des v\u00e9hicules plus respectueux de l'environnement et plus efficaces. Dans le cadre de ce projet pilote tourn\u00e9 vers l\u2019avenir, nos v\u00e9hicules permettront de recueillir des donn\u00e9es pr\u00e9cieuses, qui nous aideront \u00e0 proposer \u00e0 nos clients du monde entier le groupe motopropulseur le plus performant et le plus efficace, aujourd\u2019hui comme demain \u201d, d\u00e9clare le Dr Stefan Heller, responsable du d\u00e9veloppement du programme VEEF au sein du groupe BMW.<\/p>\n<h4>\u2018Carburants \u2019 \u00e9ligibles \u00bb<\/h4>\n<p>Les carburants \u00e9ligibles d\u00e9signent les carburants renouvelables et \u00e0 faible teneur en carbone qui respectent les crit\u00e8res de durabilit\u00e9 de l'Union europ\u00e9enne d\u00e9finis dans la directive sur les \u00e9nergies renouvelables (RED) et qui permettent une r\u00e9duction significative des \u00e9missions de gaz \u00e0 effet de serre (GES) sur l'ensemble du cycle \u00ab du puits \u00e0 la roue \u00bb par rapport aux carburants fossiles.<\/p>\n<p>Cela inclut les biocarburants produits de mani\u00e8re durable et les carburants renouvelables issus de d\u00e9chets, de r\u00e9sidus ou de sources d'\u00e9nergie renouvelables, comme le soulignent les prises de position de l'ACEA et de FuelsEurope en faveur du d\u00e9ploiement de v\u00e9hicules fonctionnant exclusivement avec des carburants \u00e9ligibles (VEEF).<\/p>\n<h4>Trois objectifs<\/h4>\n<p>Ce projet pilote s'articulera autour de trois objectifs. Premi\u00e8rement, la mise \u00e0 disposition d'essence renouvelable sur le march\u00e9, en tirant parti de l'infrastructure de Repsol, qui est actuellement le seul fournisseur d'essence renouvelable 100% dans les stations-service publiques en Espagne.<\/p>\n<p>D'autre part, la mise en place de technologies de suivi et de certification num\u00e9riques, rendue possible par le syst\u00e8me \u2018 Digital Fuel Twin \u2019 de Bosch, qui certifie l'utilisation de carburants renouvelables tout au long de leur cycle de vie.<\/p>\n<p>Et troisi\u00e8mement, le d\u00e9ploiement op\u00e9rationnel des flottes VEEF, d\u00e9montrant que les v\u00e9hicules existants peuvent d\u00e8s aujourd\u2019hui fonctionner avec des carburants renouvelables 100% en utilisant les infrastructures existantes.<\/p>\n<p>Le syst\u00e8me de Bosch collectera et validera les donn\u00e9es de ravitaillement provenant de multiples sources, notamment les donn\u00e9es des v\u00e9hicules, des stations-service et des transactions par carte carburant, garantissant ainsi un suivi fiable et transparent de l\u2019utilisation des carburants renouvelables. \u201c Avec notre \u2018Digital Fuel Twin\u2019, Bosch apporte une transparence num\u00e9rique totale \u00e0 l\u2019ensemble de la cha\u00eene de valeur des carburants afin de suivre et de v\u00e9rifier de mani\u00e8re fiable les carburants renouvelables, depuis leur mise sur le march\u00e9 jusqu\u2019au consommateur final \u201d, explique le Dr Marko Babic, responsable du domaine produit chez Bosch, en charge du Digital Fuel Twin.<\/p>\n<p>\u201c En surveillant avec pr\u00e9cision et en temps r\u00e9el la consommation de carburant de chaque v\u00e9hicule, nous posons les bases de la confiance et de la conformit\u00e9 r\u00e9glementaire n\u00e9cessaires \u00e0 une meilleure acceptation des carburants renouvelables dans le secteur de la mobilit\u00e9 et des transports \u201d, ajoute-t-il.<\/p>\n<h4>En utilisant les v\u00e9hicules et les infrastructures existants<\/h4>\n<p>Contrairement aux solutions qui n\u00e9cessitent de nouvelles technologies automobiles ou d'importants investissements dans les infrastructures, ce projet pilote utilise des voitures particuli\u00e8res Toyota et Lexus existantes fournies par Toyota Espa\u00f1a (TES), ainsi que des v\u00e9hicules de flotte du groupe BMW.<\/p>\n<p>L'essence renouvelable Nexa 95 de Repsol est produite \u00e0 partir de mati\u00e8res premi\u00e8res conformes \u00e0 la directive RED, ce qui permet de r\u00e9duire consid\u00e9rablement les \u00e9missions de gaz \u00e0 effet de serre par rapport aux carburants fossiles, tout en restant enti\u00e8rement compatible avec les moteurs \u00e0 essence et les infrastructures actuels.<\/p>\n<p>L'Espagne a \u00e9t\u00e9 choisie comme site id\u00e9al pour cette d\u00e9monstration en raison de la disponibilit\u00e9 d'essence renouvelable. \u201c Chez Repsol, nous pensons que chaque solution de r\u00e9duction des \u00e9missions a un r\u00f4le \u00e0 jouer dans la d\u00e9carbonisation des transports. Ce projet met en \u00e9vidence la mani\u00e8re dont les carburants renouvelables peuvent \u00e9largir le choix des consommateurs, en offrant un moyen suppl\u00e9mentaire de r\u00e9duire l\u2019empreinte carbone tout en utilisant les v\u00e9hicules et les infrastructures existants \u201d, explique Est\u00edbaliz Pombo, directrice adjointe des produits \u00e9nerg\u00e9tiques chez Repsol.<\/p>\n<p>\u201c En tant que seule entreprise fournissant actuellement de l'essence renouvelable 100% aux stations-service publiques en Espagne, Repsol est fi\u00e8re d'apporter son expertise et ses infrastructures aux c\u00f4t\u00e9s de Toyota, BMW et Bosch. Les donn\u00e9es recueillies en conditions r\u00e9elles dans le cadre de ce projet d\u00e9montreront l'int\u00e9r\u00eat d'une approche technologiquement neutre pour la transition vers la mobilit\u00e9 en Europe \u201d, ajoute-t-il.<\/p>\n<h4>R\u00f4le compl\u00e9mentaire<\/h4>\n<p>Ce projet pilote a pour objectif de g\u00e9n\u00e9rer des donn\u00e9es fiables et des analyses qui contribueront aux d\u00e9bats politiques europ\u00e9ens en cours sur la d\u00e9carbonisation du secteur automobile.<\/p>\n<p>Alors que la politique de l'UE se concentre actuellement principalement sur l'\u00e9lectrification, le projet vise \u00e0 d\u00e9montrer que les carburants renouvelables peuvent jouer un r\u00f4le compl\u00e9mentaire et \u00e9volutif dans la r\u00e9duction des \u00e9missions de CO\u2082. \u201c Les donn\u00e9es et les r\u00e9sultats interm\u00e9diaires issus du projet pilote seront communiqu\u00e9s aux d\u00e9cideurs politiques de l\u2019UE, aux acteurs du secteur et aux m\u00e9dias, contribuant ainsi aux d\u00e9bats sur la neutralit\u00e9 technologique et l\u2019int\u00e9gration potentielle des v\u00e9hicules fonctionnant aux carburants renouvelables (VEEF) dans les futurs cadres r\u00e9glementaires \u201d, indique le communiqu\u00e9 de presse.<\/p>\n<p>\u201c Nous pensons que les carburants renouvelables peuvent jouer un r\u00f4le cl\u00e9, parall\u00e8lement \u00e0 l\u2019\u00e9lectrification, dans la r\u00e9duction des \u00e9missions de CO\u2082. \u00c0 mesure que la transition progresse, il appara\u00eet de plus en plus clairement que l\u2019objectif de v\u00e9hicules z\u00e9ro \u00e9mission fix\u00e9 pour 2035 pourrait ne pas \u00eatre pleinement atteint. Dans un tel sc\u00e9nario, les carburants renouvelables peuvent contribuer \u00e0 combler l\u2019\u00e9cart pour atteindre la neutralit\u00e9 carbone, en particulier lorsqu\u2019ils sont associ\u00e9s aux technologies hybrides et hybrides rechargeables \u201d, d\u00e9clare Pascal Ruch, vice-pr\u00e9sident des affaires g\u00e9n\u00e9rales et gouvernementales chez Toyota Motor Europe.<\/p>\n<p>\u201c L\u2019un des facteurs cl\u00e9s de r\u00e9ussite du projet consistera \u00e0 promouvoir l\u2019utilisation efficace des carburants renouvelables au sein de l\u2019ensemble du parc automobile, afin de favoriser la r\u00e9duction des \u00e9missions et de renforcer l\u2019impact de la sensibilisation. Ce projet pilote fournira \u00e9galement des informations pr\u00e9cieuses pour la validation des m\u00e9thodes de R&amp;D et de suivi, l\u2019\u00e9volutivit\u00e9 des approches existantes en mati\u00e8re de suivi physique du ravitaillement, ainsi que la capacit\u00e9 des op\u00e9rateurs de carburants \u00e0 \u00e9tablir un lien entre la consommation de carburant et chaque v\u00e9hicule. \u2019 C\u2019est en tout cas l\u2019objectif que se sont fix\u00e9 les quatre participants.<\/p>\n<figure id=\"attachment_189896\" aria-describedby=\"caption-attachment-189896\" style=\"width: 1128px\" class=\"wp-caption alignnone\"><img data-recalc-dims=\"1\" loading=\"lazy\" decoding=\"async\" class=\"wp-image-189896 size-full\" src=\"https:\/\/i0.wp.com\/newmobility.news\/wp-content\/uploads\/2026\/07\/Unknown.png?resize=640%2C424&#038;ssl=1\" alt=\"\" width=\"640\" height=\"424\" \/><figcaption id=\"caption-attachment-189896\" class=\"wp-caption-text\">La compagnie p\u00e9troli\u00e8re Repsol propose un carburant \u2018 \u00e9ligible \u2019, le Nexa 95 \/Repsol<\/figcaption><\/figure>\n<p>&nbsp;<\/p>","protected":false},"excerpt":{"rendered":"<p>The BMW Group, in collaboration with Toyota Motor Europe (TME), Bosch and Repsol, announced the launch of a pioneering six-month pilot project in Spain. The pilot, which started in early July, wants to demonstrate the real-world potential of Vehicles running Exclusively on Eligible Fuels (VEEF). The initiative will deploy a fleet of around 20 Toyota [&hellip;]<\/p>\n","protected":false},"author":13,"featured_media":189895,"comment_status":"closed","ping_status":"closed","sticky":false,"template":"","format":"standard","meta":{"_acf_changed":false,"_jetpack_newsletter_access":"","_jetpack_dont_email_post_to_subs":false,"_jetpack_newsletter_tier_id":0,"_jetpack_memberships_contains_paywalled_content":false,"_jetpack_feature_clip_id":0,"_jetpack_memberships_contains_paid_content":false,"footnotes":"","jetpack_publicize_message":"{title}\r\n\r\n{excerpt}\r\n\r\n{url}","jetpack_publicize_feature_enabled":true,"jetpack_social_post_already_shared":true,"jetpack_social_options":{"image_generator_settings":{"template":"highway","default_image_id":0,"font":"","enabled":false},"version":2},"_wpas_customize_per_network":false,"jetpack_post_was_ever_published":false},"categories":[2043,16,77163,4],"tags":[],"class_list":["post-189859","post","type-post","status-publish","format-standard","has-post-thumbnail","hentry","category-energy","category-industry","category-survey","category-top-stories-today"],"acf":[],"featured_image_urls_v2":{"full":["https:\/\/i0.wp.com\/newmobility.news\/wp-content\/uploads\/2026\/07\/Unknown-1.png?fit=1128%2C748&ssl=1",1128,748,false],"thumbnail":["https:\/\/i0.wp.com\/newmobility.news\/wp-content\/uploads\/2026\/07\/Unknown-1.png?resize=150%2C150&ssl=1",150,150,true],"medium":["https:\/\/i0.wp.com\/newmobility.news\/wp-content\/uploads\/2026\/07\/Unknown-1.png?fit=300%2C199&ssl=1",300,199,true],"medium_large":["https:\/\/i0.wp.com\/newmobility.news\/wp-content\/uploads\/2026\/07\/Unknown-1.png?fit=640%2C424&ssl=1",640,424,true],"large":["https:\/\/i0.wp.com\/newmobility.news\/wp-content\/uploads\/2026\/07\/Unknown-1.png?fit=640%2C424&ssl=1",640,424,true],"1536x1536":["https:\/\/i0.wp.com\/newmobility.news\/wp-content\/uploads\/2026\/07\/Unknown-1.png?fit=1128%2C748&ssl=1",1128,748,true],"2048x2048":["https:\/\/i0.wp.com\/newmobility.news\/wp-content\/uploads\/2026\/07\/Unknown-1.png?fit=1128%2C748&ssl=1",1128,748,true],"trp-custom-language-flag":["https:\/\/i0.wp.com\/newmobility.news\/wp-content\/uploads\/2026\/07\/Unknown-1.png?fit=18%2C12&ssl=1",18,12,true],"related-thumb":["https:\/\/i0.wp.com\/newmobility.news\/wp-content\/uploads\/2026\/07\/Unknown-1.png?resize=640%2C480&ssl=1",640,480,true],"gform-image-choice-sm":["https:\/\/i0.wp.com\/newmobility.news\/wp-content\/uploads\/2026\/07\/Unknown-1.png?resize=300%2C300&ssl=1",300,300,true],"gform-image-choice-md":["https:\/\/i0.wp.com\/newmobility.news\/wp-content\/uploads\/2026\/07\/Unknown-1.png?resize=400%2C400&ssl=1",400,400,true],"gform-image-choice-lg":["https:\/\/i0.wp.com\/newmobility.news\/wp-content\/uploads\/2026\/07\/Unknown-1.png?resize=600%2C600&ssl=1",600,600,true],"mailchimp":["https:\/\/i0.wp.com\/newmobility.news\/wp-content\/uploads\/2026\/07\/Unknown-1.png?fit=560%2C371&ssl=1",560,371,true],"unipress-phone":["https:\/\/i0.wp.com\/newmobility.news\/wp-content\/uploads\/2026\/07\/Unknown-1.png?resize=640%2C100&ssl=1",640,100,true],"unipress-tablet":["https:\/\/i0.wp.com\/newmobility.news\/wp-content\/uploads\/2026\/07\/Unknown-1.png?resize=1128%2C240&ssl=1",1128,240,true],"unipress-tablet-portrait":["https:\/\/i0.wp.com\/newmobility.news\/wp-content\/uploads\/2026\/07\/Unknown-1.png?resize=1128%2C180&ssl=1",1128,180,true],"unipress-tablet-landscape":["https:\/\/i0.wp.com\/newmobility.news\/wp-content\/uploads\/2026\/07\/Unknown-1.png?resize=1128%2C180&ssl=1",1128,180,true],"unipress-smartphone":["https:\/\/i0.wp.com\/newmobility.news\/wp-content\/uploads\/2026\/07\/Unknown-1.png?resize=1080%2C168&ssl=1",1080,168,true],"unipress-wide-screen":["https:\/\/i0.wp.com\/newmobility.news\/wp-content\/uploads\/2026\/07\/Unknown-1.png?resize=1128%2C180&ssl=1",1128,180,true]},"post_excerpt_stackable_v2":"<p>The BMW Group, in collaboration with Toyota Motor Europe (TME), Bosch and Repsol, announced the launch of a pioneering six-month pilot project in Spain. The pilot, which started in early July, wants to demonstrate the real-world potential of Vehicles running Exclusively on Eligible Fuels (VEEF). The initiative will deploy a fleet of around 20 Toyota and BMW vehicles, powered by Repsol\u2019s 100% renewable gasoline (Nexa 95) and supported by Bosch\u2019s advanced digital fuel-tracking technology. This pilot aims to provide tangible, real-world evidence that Vehicles Exclusively running on Eligible Fuels (VEEFs) can be effectively deployed at scale, supporting Europe\u2019s transition to&hellip;<\/p>\n","category_list_v2":"<a href=\"https:\/\/newmobility.news\/fr\/category\/energy\/\" rel=\"category tag\">Energy<\/a>, <a href=\"https:\/\/newmobility.news\/fr\/category\/industry\/\" rel=\"category tag\">Industry<\/a>, <a href=\"https:\/\/newmobility.news\/fr\/category\/survey\/\" rel=\"category tag\">Survey<\/a>, <a href=\"https:\/\/newmobility.news\/fr\/category\/top-stories-today\/\" rel=\"category tag\">Top Stories Today<\/a>","author_info_v2":{"name":"Tony Verhelle","url":"https:\/\/newmobility.news\/fr\/author\/toverbel\/"},"comments_num_v2":"0 comments","yoast_head":"<!-- This site is optimized with the Yoast SEO plugin v28.4 - https:\/\/yoast.com\/product\/yoast-seo-wordpress\/ -->\n<title>BMW, Bosch, Repsol and Toyota launch a pilot for existing vehicles using renewable gasoline - newmobility.news<\/title>\n<meta name=\"robots\" content=\"index, follow, max-snippet:-1, max-image-preview:large, max-video-preview:-1\" \/>\n<link rel=\"canonical\" href=\"https:\/\/newmobility.news\/fr\/2026\/07\/16\/bmw-bosch-repsol-and-toyota-launch-a-pilot-for-existing-vehicles-using-renewable-gasoline\/\" \/>\n<meta property=\"og:locale\" content=\"fr_FR\" \/>\n<meta property=\"og:type\" content=\"article\" \/>\n<meta property=\"og:title\" content=\"BMW, Bosch, Repsol and Toyota launch a pilot for existing vehicles using renewable gasoline - newmobility.news\" \/>\n<meta property=\"og:description\" content=\"The BMW Group, in collaboration with Toyota Motor Europe (TME), Bosch and Repsol, announced the launch of a pioneering six-month pilot project in Spain. The pilot, which started in early July, wants to demonstrate the real-world potential of Vehicles running Exclusively on Eligible Fuels (VEEF). The initiative will deploy a fleet of around 20 Toyota [&hellip;]\" \/>\n<meta property=\"og:url\" content=\"https:\/\/newmobility.news\/fr\/2026\/07\/16\/bmw-bosch-repsol-and-toyota-launch-a-pilot-for-existing-vehicles-using-renewable-gasoline\/\" \/>\n<meta property=\"og:site_name\" content=\"newmobility.news\" \/>\n<meta property=\"article:publisher\" content=\"https:\/\/www.facebook.com\/search\/top\/?q=newmobility.news\" \/>\n<meta property=\"article:published_time\" content=\"2026-07-16T20:38:49+00:00\" \/>\n<meta property=\"og:image\" content=\"https:\/\/newmobility.news\/wp-content\/uploads\/2026\/07\/Unknown-1.png\" \/>\n\t<meta property=\"og:image:width\" content=\"1128\" \/>\n\t<meta property=\"og:image:height\" content=\"748\" \/>\n\t<meta property=\"og:image:type\" content=\"image\/png\" \/>\n<meta name=\"author\" content=\"Tony Verhelle\" \/>\n<meta name=\"twitter:card\" content=\"summary_large_image\" \/>\n<meta name=\"twitter:creator\" content=\"@jorisvry\" \/>\n<meta name=\"twitter:site\" content=\"@jorisvry\" \/>\n<meta name=\"twitter:label1\" content=\"\u00c9crit par\" \/>\n\t<meta name=\"twitter:data1\" content=\"Tony Verhelle\" \/>\n\t<meta name=\"twitter:label2\" content=\"Dur\u00e9e de lecture est.\" \/>\n\t<meta name=\"twitter:data2\" content=\"5 minutes\" \/>\n<script type=\"application\/ld+json\" class=\"yoast-schema-graph\">{\"@context\":\"https:\\\/\\\/schema.org\",\"@graph\":[{\"@type\":\"Article\",\"@id\":\"https:\\\/\\\/newmobility.news\\\/2026\\\/07\\\/16\\\/bmw-bosch-repsol-and-toyota-launch-a-pilot-for-existing-vehicles-using-renewable-gasoline\\\/#article\",\"isPartOf\":{\"@id\":\"https:\\\/\\\/newmobility.news\\\/2026\\\/07\\\/16\\\/bmw-bosch-repsol-and-toyota-launch-a-pilot-for-existing-vehicles-using-renewable-gasoline\\\/\"},\"author\":{\"name\":\"Tony Verhelle\",\"@id\":\"https:\\\/\\\/newmobility.news\\\/#\\\/schema\\\/person\\\/9ed42cfc4d62d98488c1d6e225040557\"},\"headline\":\"BMW, Bosch, Repsol and Toyota launch a pilot for existing vehicles using renewable gasoline\",\"datePublished\":\"2026-07-16T20:38:49+00:00\",\"mainEntityOfPage\":{\"@id\":\"https:\\\/\\\/newmobility.news\\\/2026\\\/07\\\/16\\\/bmw-bosch-repsol-and-toyota-launch-a-pilot-for-existing-vehicles-using-renewable-gasoline\\\/\"},\"wordCount\":914,\"publisher\":{\"@id\":\"https:\\\/\\\/newmobility.news\\\/#organization\"},\"image\":{\"@id\":\"https:\\\/\\\/newmobility.news\\\/2026\\\/07\\\/16\\\/bmw-bosch-repsol-and-toyota-launch-a-pilot-for-existing-vehicles-using-renewable-gasoline\\\/#primaryimage\"},\"thumbnailUrl\":\"https:\\\/\\\/i0.wp.com\\\/newmobility.news\\\/wp-content\\\/uploads\\\/2026\\\/07\\\/Unknown-1.png?fit=1128%2C748&ssl=1\",\"articleSection\":[\"Energy\",\"Industry\",\"Survey\",\"Top Stories Today\"],\"inLanguage\":\"fr-BE\"},{\"@type\":\"WebPage\",\"@id\":\"https:\\\/\\\/newmobility.news\\\/2026\\\/07\\\/16\\\/bmw-bosch-repsol-and-toyota-launch-a-pilot-for-existing-vehicles-using-renewable-gasoline\\\/\",\"url\":\"https:\\\/\\\/newmobility.news\\\/2026\\\/07\\\/16\\\/bmw-bosch-repsol-and-toyota-launch-a-pilot-for-existing-vehicles-using-renewable-gasoline\\\/\",\"name\":\"BMW, Bosch, Repsol and Toyota launch a pilot for existing vehicles using renewable gasoline - newmobility.news\",\"isPartOf\":{\"@id\":\"https:\\\/\\\/newmobility.news\\\/#website\"},\"primaryImageOfPage\":{\"@id\":\"https:\\\/\\\/newmobility.news\\\/2026\\\/07\\\/16\\\/bmw-bosch-repsol-and-toyota-launch-a-pilot-for-existing-vehicles-using-renewable-gasoline\\\/#primaryimage\"},\"image\":{\"@id\":\"https:\\\/\\\/newmobility.news\\\/2026\\\/07\\\/16\\\/bmw-bosch-repsol-and-toyota-launch-a-pilot-for-existing-vehicles-using-renewable-gasoline\\\/#primaryimage\"},\"thumbnailUrl\":\"https:\\\/\\\/i0.wp.com\\\/newmobility.news\\\/wp-content\\\/uploads\\\/2026\\\/07\\\/Unknown-1.png?fit=1128%2C748&ssl=1\",\"datePublished\":\"2026-07-16T20:38:49+00:00\",\"breadcrumb\":{\"@id\":\"https:\\\/\\\/newmobility.news\\\/2026\\\/07\\\/16\\\/bmw-bosch-repsol-and-toyota-launch-a-pilot-for-existing-vehicles-using-renewable-gasoline\\\/#breadcrumb\"},\"inLanguage\":\"fr-BE\",\"potentialAction\":[{\"@type\":\"ReadAction\",\"target\":[\"https:\\\/\\\/newmobility.news\\\/2026\\\/07\\\/16\\\/bmw-bosch-repsol-and-toyota-launch-a-pilot-for-existing-vehicles-using-renewable-gasoline\\\/\"]}]},{\"@type\":\"ImageObject\",\"inLanguage\":\"fr-BE\",\"@id\":\"https:\\\/\\\/newmobility.news\\\/2026\\\/07\\\/16\\\/bmw-bosch-repsol-and-toyota-launch-a-pilot-for-existing-vehicles-using-renewable-gasoline\\\/#primaryimage\",\"url\":\"https:\\\/\\\/i0.wp.com\\\/newmobility.news\\\/wp-content\\\/uploads\\\/2026\\\/07\\\/Unknown-1.png?fit=1128%2C748&ssl=1\",\"contentUrl\":\"https:\\\/\\\/i0.wp.com\\\/newmobility.news\\\/wp-content\\\/uploads\\\/2026\\\/07\\\/Unknown-1.png?fit=1128%2C748&ssl=1\",\"width\":1128,\"height\":748,\"caption\":\"BMW and Toyota, together with supplier Bosch and oil company Repsol, want to test renewable fuels in real conditions \\\/BMW\"},{\"@type\":\"BreadcrumbList\",\"@id\":\"https:\\\/\\\/newmobility.news\\\/2026\\\/07\\\/16\\\/bmw-bosch-repsol-and-toyota-launch-a-pilot-for-existing-vehicles-using-renewable-gasoline\\\/#breadcrumb\",\"itemListElement\":[{\"@type\":\"ListItem\",\"position\":1,\"name\":\"Home\",\"item\":\"https:\\\/\\\/newmobility.news\\\/\"},{\"@type\":\"ListItem\",\"position\":2,\"name\":\"BMW, Bosch, Repsol and Toyota launch a pilot for existing vehicles using renewable gasoline\"}]},{\"@type\":\"WebSite\",\"@id\":\"https:\\\/\\\/newmobility.news\\\/#website\",\"url\":\"https:\\\/\\\/newmobility.news\\\/\",\"name\":\"newmobility.news\",\"description\":\"A B2BNews Agency\u00ae news service for mobility business proessional\",\"publisher\":{\"@id\":\"https:\\\/\\\/newmobility.news\\\/#organization\"},\"potentialAction\":[{\"@type\":\"SearchAction\",\"target\":{\"@type\":\"EntryPoint\",\"urlTemplate\":\"https:\\\/\\\/newmobility.news\\\/?s={search_term_string}\"},\"query-input\":{\"@type\":\"PropertyValueSpecification\",\"valueRequired\":true,\"valueName\":\"search_term_string\"}}],\"inLanguage\":\"fr-BE\"},{\"@type\":\"Organization\",\"@id\":\"https:\\\/\\\/newmobility.news\\\/#organization\",\"name\":\"B2BNews Agency\",\"url\":\"https:\\\/\\\/newmobility.news\\\/\",\"logo\":{\"@type\":\"ImageObject\",\"inLanguage\":\"fr-BE\",\"@id\":\"https:\\\/\\\/newmobility.news\\\/#\\\/schema\\\/logo\\\/image\\\/\",\"url\":\"https:\\\/\\\/newmobility.news\\\/wp-content\\\/uploads\\\/2018\\\/01\\\/b2bnews-agency-logo.png\",\"contentUrl\":\"https:\\\/\\\/newmobility.news\\\/wp-content\\\/uploads\\\/2018\\\/01\\\/b2bnews-agency-logo.png\",\"width\":\"581\",\"height\":\"117\",\"caption\":\"B2BNews Agency\"},\"image\":{\"@id\":\"https:\\\/\\\/newmobility.news\\\/#\\\/schema\\\/logo\\\/image\\\/\"},\"sameAs\":[\"https:\\\/\\\/www.facebook.com\\\/search\\\/top\\\/?q=newmobility.news\",\"https:\\\/\\\/x.com\\\/jorisvry\",\"https:\\\/\\\/www.linkedin.com\\\/in\\\/jorisvanroy\\\/\",\"https:\\\/\\\/nl.pinterest.com\\\/jorisvanroy\\\/\"]},{\"@type\":\"Person\",\"@id\":\"https:\\\/\\\/newmobility.news\\\/#\\\/schema\\\/person\\\/9ed42cfc4d62d98488c1d6e225040557\",\"name\":\"Tony Verhelle\",\"image\":{\"@type\":\"ImageObject\",\"inLanguage\":\"fr-BE\",\"@id\":\"https:\\\/\\\/secure.gravatar.com\\\/avatar\\\/3aa7bc7e3c29543b27eddb4850cf5b080b7eed539a9cc5c8807f7fae34c56438?s=96&d=mm&r=g\",\"url\":\"https:\\\/\\\/secure.gravatar.com\\\/avatar\\\/3aa7bc7e3c29543b27eddb4850cf5b080b7eed539a9cc5c8807f7fae34c56438?s=96&d=mm&r=g\",\"contentUrl\":\"https:\\\/\\\/secure.gravatar.com\\\/avatar\\\/3aa7bc7e3c29543b27eddb4850cf5b080b7eed539a9cc5c8807f7fae34c56438?s=96&d=mm&r=g\",\"caption\":\"Tony Verhelle\"},\"url\":\"https:\\\/\\\/newmobility.news\\\/fr\\\/author\\\/toverbel\\\/\"}]}<\/script>\n<!-- \/ Yoast SEO plugin. -->","yoast_head_json":{"title":"BMW, Bosch, Repsol et Toyota lancent un projet pilote pour des v\u00e9hicules existants fonctionnant \u00e0 l'essence renouvelable - newmobility.news","robots":{"index":"index","follow":"follow","max-snippet":"max-snippet:-1","max-image-preview":"max-image-preview:large","max-video-preview":"max-video-preview:-1"},"canonical":"https:\/\/newmobility.news\/fr\/2026\/07\/16\/bmw-bosch-repsol-and-toyota-launch-a-pilot-for-existing-vehicles-using-renewable-gasoline\/","og_locale":"fr_FR","og_type":"article","og_title":"BMW, Bosch, Repsol and Toyota launch a pilot for existing vehicles using renewable gasoline - newmobility.news","og_description":"The BMW Group, in collaboration with Toyota Motor Europe (TME), Bosch and Repsol, announced the launch of a pioneering six-month pilot project in Spain. The pilot, which started in early July, wants to demonstrate the real-world potential of Vehicles running Exclusively on Eligible Fuels (VEEF). The initiative will deploy a fleet of around 20 Toyota [&hellip;]","og_url":"https:\/\/newmobility.news\/fr\/2026\/07\/16\/bmw-bosch-repsol-and-toyota-launch-a-pilot-for-existing-vehicles-using-renewable-gasoline\/","og_site_name":"newmobility.news","article_publisher":"https:\/\/www.facebook.com\/search\/top\/?q=newmobility.news","article_published_time":"2026-07-16T20:38:49+00:00","og_image":[{"width":1128,"height":748,"url":"https:\/\/newmobility.news\/wp-content\/uploads\/2026\/07\/Unknown-1.png","type":"image\/png"}],"author":"Tony Verhelle","twitter_card":"summary_large_image","twitter_creator":"@jorisvry","twitter_site":"@jorisvry","twitter_misc":{"\u00c9crit par":"Tony Verhelle","Dur\u00e9e de lecture est.":"5 minutes"},"schema":{"@context":"https:\/\/schema.org","@graph":[{"@type":"Article","@id":"https:\/\/newmobility.news\/2026\/07\/16\/bmw-bosch-repsol-and-toyota-launch-a-pilot-for-existing-vehicles-using-renewable-gasoline\/#article","isPartOf":{"@id":"https:\/\/newmobility.news\/2026\/07\/16\/bmw-bosch-repsol-and-toyota-launch-a-pilot-for-existing-vehicles-using-renewable-gasoline\/"},"author":{"name":"Tony Verhelle","@id":"https:\/\/newmobility.news\/#\/schema\/person\/9ed42cfc4d62d98488c1d6e225040557"},"headline":"BMW, Bosch, Repsol and Toyota launch a pilot for existing vehicles using renewable gasoline","datePublished":"2026-07-16T20:38:49+00:00","mainEntityOfPage":{"@id":"https:\/\/newmobility.news\/2026\/07\/16\/bmw-bosch-repsol-and-toyota-launch-a-pilot-for-existing-vehicles-using-renewable-gasoline\/"},"wordCount":914,"publisher":{"@id":"https:\/\/newmobility.news\/#organization"},"image":{"@id":"https:\/\/newmobility.news\/2026\/07\/16\/bmw-bosch-repsol-and-toyota-launch-a-pilot-for-existing-vehicles-using-renewable-gasoline\/#primaryimage"},"thumbnailUrl":"https:\/\/i0.wp.com\/newmobility.news\/wp-content\/uploads\/2026\/07\/Unknown-1.png?fit=1128%2C748&ssl=1","articleSection":["Energy","Industry","Survey","Top Stories Today"],"inLanguage":"fr-BE"},{"@type":"WebPage","@id":"https:\/\/newmobility.news\/2026\/07\/16\/bmw-bosch-repsol-and-toyota-launch-a-pilot-for-existing-vehicles-using-renewable-gasoline\/","url":"https:\/\/newmobility.news\/2026\/07\/16\/bmw-bosch-repsol-and-toyota-launch-a-pilot-for-existing-vehicles-using-renewable-gasoline\/","name":"BMW, Bosch, Repsol et Toyota lancent un projet pilote pour des v\u00e9hicules existants fonctionnant \u00e0 l'essence renouvelable - newmobility.news","isPartOf":{"@id":"https:\/\/newmobility.news\/#website"},"primaryImageOfPage":{"@id":"https:\/\/newmobility.news\/2026\/07\/16\/bmw-bosch-repsol-and-toyota-launch-a-pilot-for-existing-vehicles-using-renewable-gasoline\/#primaryimage"},"image":{"@id":"https:\/\/newmobility.news\/2026\/07\/16\/bmw-bosch-repsol-and-toyota-launch-a-pilot-for-existing-vehicles-using-renewable-gasoline\/#primaryimage"},"thumbnailUrl":"https:\/\/i0.wp.com\/newmobility.news\/wp-content\/uploads\/2026\/07\/Unknown-1.png?fit=1128%2C748&ssl=1","datePublished":"2026-07-16T20:38:49+00:00","breadcrumb":{"@id":"https:\/\/newmobility.news\/2026\/07\/16\/bmw-bosch-repsol-and-toyota-launch-a-pilot-for-existing-vehicles-using-renewable-gasoline\/#breadcrumb"},"inLanguage":"fr-BE","potentialAction":[{"@type":"ReadAction","target":["https:\/\/newmobility.news\/2026\/07\/16\/bmw-bosch-repsol-and-toyota-launch-a-pilot-for-existing-vehicles-using-renewable-gasoline\/"]}]},{"@type":"ImageObject","inLanguage":"fr-BE","@id":"https:\/\/newmobility.news\/2026\/07\/16\/bmw-bosch-repsol-and-toyota-launch-a-pilot-for-existing-vehicles-using-renewable-gasoline\/#primaryimage","url":"https:\/\/i0.wp.com\/newmobility.news\/wp-content\/uploads\/2026\/07\/Unknown-1.png?fit=1128%2C748&ssl=1","contentUrl":"https:\/\/i0.wp.com\/newmobility.news\/wp-content\/uploads\/2026\/07\/Unknown-1.png?fit=1128%2C748&ssl=1","width":1128,"height":748,"caption":"BMW and Toyota, together with supplier Bosch and oil company Repsol, want to test renewable fuels in real conditions \/BMW"},{"@type":"BreadcrumbList","@id":"https:\/\/newmobility.news\/2026\/07\/16\/bmw-bosch-repsol-and-toyota-launch-a-pilot-for-existing-vehicles-using-renewable-gasoline\/#breadcrumb","itemListElement":[{"@type":"ListItem","position":1,"name":"Home","item":"https:\/\/newmobility.news\/"},{"@type":"ListItem","position":2,"name":"BMW, Bosch, Repsol and Toyota launch a pilot for existing vehicles using renewable gasoline"}]},{"@type":"WebSite","@id":"https:\/\/newmobility.news\/#website","url":"https:\/\/newmobility.news\/","name":"nouveaumobilit\u00e9.actualit\u00e9s","description":"Un service d'information B2BNews Agency\u00ae destin\u00e9 aux professionnels de la mobilit\u00e9","publisher":{"@id":"https:\/\/newmobility.news\/#organization"},"potentialAction":[{"@type":"SearchAction","target":{"@type":"EntryPoint","urlTemplate":"https:\/\/newmobility.news\/?s={search_term_string}"},"query-input":{"@type":"PropertyValueSpecification","valueRequired":true,"valueName":"search_term_string"}}],"inLanguage":"fr-BE"},{"@type":"Organization","@id":"https:\/\/newmobility.news\/#organization","name":"Agence de presse B2BNews","url":"https:\/\/newmobility.news\/","logo":{"@type":"ImageObject","inLanguage":"fr-BE","@id":"https:\/\/newmobility.news\/#\/schema\/logo\/image\/","url":"https:\/\/newmobility.news\/wp-content\/uploads\/2018\/01\/b2bnews-agency-logo.png","contentUrl":"https:\/\/newmobility.news\/wp-content\/uploads\/2018\/01\/b2bnews-agency-logo.png","width":"581","height":"117","caption":"B2BNews Agency"},"image":{"@id":"https:\/\/newmobility.news\/#\/schema\/logo\/image\/"},"sameAs":["https:\/\/www.facebook.com\/search\/top\/?q=newmobility.news","https:\/\/x.com\/jorisvry","https:\/\/www.linkedin.com\/in\/jorisvanroy\/","https:\/\/nl.pinterest.com\/jorisvanroy\/"]},{"@type":"Person","@id":"https:\/\/newmobility.news\/#\/schema\/person\/9ed42cfc4d62d98488c1d6e225040557","name":"Tony Verhelle","image":{"@type":"ImageObject","inLanguage":"fr-BE","@id":"https:\/\/secure.gravatar.com\/avatar\/3aa7bc7e3c29543b27eddb4850cf5b080b7eed539a9cc5c8807f7fae34c56438?s=96&d=mm&r=g","url":"https:\/\/secure.gravatar.com\/avatar\/3aa7bc7e3c29543b27eddb4850cf5b080b7eed539a9cc5c8807f7fae34c56438?s=96&d=mm&r=g","contentUrl":"https:\/\/secure.gravatar.com\/avatar\/3aa7bc7e3c29543b27eddb4850cf5b080b7eed539a9cc5c8807f7fae34c56438?s=96&d=mm&r=g","caption":"Tony Verhelle"},"url":"https:\/\/newmobility.news\/fr\/author\/toverbel\/"}]}},"jetpack_publicize_connections":[],"jetpack_shortlink":"https:\/\/wp.me\/p9wJdU-Nof","jetpack_sharing_enabled":true,"jetpack_likes_enabled":true,"jetpack-related-posts":[],"jetpack_featured_media_url":"https:\/\/i0.wp.com\/newmobility.news\/wp-content\/uploads\/2026\/07\/Unknown-1.png?fit=1128%2C748&ssl=1","_links":{"self":[{"href":"https:\/\/newmobility.news\/fr\/wp-json\/wp\/v2\/posts\/189859","targetHints":{"allow":["GET"]}}],"collection":[{"href":"https:\/\/newmobility.news\/fr\/wp-json\/wp\/v2\/posts"}],"about":[{"href":"https:\/\/newmobility.news\/fr\/wp-json\/wp\/v2\/types\/post"}],"author":[{"embeddable":true,"href":"https:\/\/newmobility.news\/fr\/wp-json\/wp\/v2\/users\/13"}],"replies":[{"embeddable":true,"href":"https:\/\/newmobility.news\/fr\/wp-json\/wp\/v2\/comments?post=189859"}],"version-history":[{"count":3,"href":"https:\/\/newmobility.news\/fr\/wp-json\/wp\/v2\/posts\/189859\/revisions"}],"predecessor-version":[{"id":189897,"href":"https:\/\/newmobility.news\/fr\/wp-json\/wp\/v2\/posts\/189859\/revisions\/189897"}],"wp:featuredmedia":[{"embeddable":true,"href":"https:\/\/newmobility.news\/fr\/wp-json\/wp\/v2\/media\/189895"}],"wp:attachment":[{"href":"https:\/\/newmobility.news\/fr\/wp-json\/wp\/v2\/media?parent=189859"}],"wp:term":[{"taxonomy":"category","embeddable":true,"href":"https:\/\/newmobility.news\/fr\/wp-json\/wp\/v2\/categories?post=189859"},{"taxonomy":"post_tag","embeddable":true,"href":"https:\/\/newmobility.news\/fr\/wp-json\/wp\/v2\/tags?post=189859"}],"curies":[{"name":"wp","href":"https:\/\/api.w.org\/{rel}","templated":true}]}}