{"id":190368,"date":"2026-07-28T10:34:11","date_gmt":"2026-07-28T08:34:11","guid":{"rendered":"https:\/\/newmobility.news\/?p=190368"},"modified":"2026-07-28T10:34:11","modified_gmt":"2026-07-28T08:34:11","slug":"is-bmw-creating-a-lucrative-niche-with-the-i4-coupe-and-convertible","status":"publish","type":"post","link":"https:\/\/newmobility.news\/fr\/2026\/07\/28\/is-bmw-creating-a-lucrative-niche-with-the-i4-coupe-and-convertible\/","title":{"rendered":"BMW est-elle en train de se tailler un cr\u00e9neau lucratif avec les mod\u00e8les i4 Coup\u00e9 et Cabriolet ?"},"content":{"rendered":"Selon un nouvel article publi\u00e9 par BMWBLOG, qui cite des sources proches du constructeur, BMW pr\u00e9voit de lancer une i4 Cabriolet 100 % \u00e9lectrique en 2028. Il serait logique que BMW concr\u00e9tise \u00e9galement le projet de la i4 Coup\u00e9, dont on parle \u00e9galement.\r\n\r\nCela permettrait en effet de r\u00e9aliser des \u00e9conomies d'\u00e9chelle, compte tenu de l'importance des co\u00fbts que repr\u00e9senterait<div class=\"leaky_paywall_message_wrap\"><div id=\"leaky_paywall_message\"><img data-recalc-dims=\"1\" decoding=\"async\" class=\"nag_logo\" src=\"https:\/\/i0.wp.com\/newmobility.news\/wp-content\/uploads\/2022\/02\/nmn-logo-long-transparent-small-4.png?w=300&#038;ssl=1\"  alt=\"Actualit\u00e9s sur les nouvelles mobilit\u00e9s\" \/>\r\n\r\n<h2 class=\"text-center\">\r\n\tLisez cet article gratuitement d\u00e8s maintenant !\r\n<\/h2>\r\nCr\u00e9ez un compte gratuit pour acc\u00e9der \u00e0 cet article et profiter pleinement de New Mobility.\r\n\n\t\t<div id=\"leaky-paywall-quick-register\" class=\"inline\">\n\t\t\t<form id=\"leaky-paywall-quick-register-form\" method=\"POST\" action=\"\" data-trp-original-action=\"\">\n\n\t\t\t\t\n\t\t\t\t\n\t\t\t\t\n\t\t\t\t<p class=\"form-field email-field\">\n\t\t\t\t\t<label for=\"email\">Courriel<\/label>\n\t\t\t\t\t<input class=\"email\" type=\"email\" name=\"email\" placeholder=\"Entrez votre adresse e-mail\" value=\"\" required>\n\t\t\t\t<\/p>\n\n\t\t\t\t\t\t\t\t\t<p class=\"form-field password-field\">\n\t\t\t\t\t\t<label for=\"password\">Mot de passe<\/label>\n\t\t\t\t\t\t<input class=\"password\" type=\"password\" name=\"password\" placeholder=\"Cr\u00e9er un mot de passe\" value=\"\" required>\n\t\t\t\t\t<\/p>\n\t\t\t\t\n\t\t\t\t\n\t\t\t\t<input name=\"company_url\" type=\"text\" value=\"\" autocomplete=\"off\" tabindex=\"-1\" style=\"display:none !important; position:absolute; left:-9999px;\" \/>\n\n\t\t\t\t<input type=\"hidden\" name=\"level_id\" value=\"20\">\n\n\t\t\t\t<input type=\"submit\" value=\"Inscrivez-vous gratuitement\">\n\n\t\t\t\t\n\t\t\t<input type=\"hidden\" name=\"trp-form-language\" value=\"fr\"\/><\/form>\n\n\t\t\t<div id=\"leaky-paywall-quick-register-errors\"><\/div>\n\t\t<\/div>\n\n\r\n\r\n<p class=\"text-center\"><strong>\u2014 OU \u2014<\/strong>\r\n\r\n<p class=\"text-center\"><strong>Abonnez-vous d\u00e8s maintenant<\/strong> B\u00e9n\u00e9ficiez d'un acc\u00e8s illimit\u00e9 au contenu original de nos partenaires \u00e9ditoriaux, recevez des alertes sur les derni\u00e8res actualit\u00e9s et obtenez chaque jour un r\u00e9sum\u00e9 r\u00e9dig\u00e9 par nos journalistes sp\u00e9cialis\u00e9s des articles incontournables sur votre secteur.<\/p>\r\n\r\n<div class=\"nag_buttons\">\r\n\t<a class=\"button\" href=\"https:\/\/newmobility.news\/fr\/abonnement\/\">Abonnez-vous d\u00e8s maintenant<\/a> \r\n\t<span class=\"nag_button_divider\"> ou <\/span> \r\n\t<a href=\"https:\/\/newmobility.news\/fr\/log-in\/\">CONNEXION<\/a>\r\n<\/div><\/div><\/div>","protected":false},"excerpt":{"rendered":"<p>BMW is planning an all-electric i4 Convertible for 2028, according to a new report from BMWBLOG citing sources close to the automaker. It would make sense for BMW to bring the also rumored i4 Coupe to fruition as well. Doing so would improve economies of scale given how much of the costs would be Read [&hellip;]<\/p>\n","protected":false},"author":13,"featured_media":190381,"comment_status":"closed","ping_status":"closed","sticky":false,"template":"","format":"standard","meta":{"_acf_changed":false,"_jetpack_newsletter_access":"","_jetpack_dont_email_post_to_subs":false,"_jetpack_newsletter_tier_id":0,"_jetpack_memberships_contains_paywalled_content":false,"_jetpack_feature_clip_id":0,"_jetpack_memberships_contains_paid_content":false,"footnotes":"","jetpack_publicize_message":"{title}\r\n\r\n{excerpt}\r\n\r\n{url}","jetpack_publicize_feature_enabled":true,"jetpack_social_post_already_shared":true,"jetpack_social_options":{"image_generator_settings":{"template":"highway","default_image_id":0,"font":"","enabled":false},"version":2},"_wpas_customize_per_network":false,"jetpack_post_was_ever_published":false},"categories":[77166,2043,16,8,4],"tags":[],"class_list":["post-190368","post","type-post","status-publish","format-standard","has-post-thumbnail","hentry","category-design","category-energy","category-industry","category-product","category-top-stories-today"],"acf":[],"featured_image_urls_v2":{"full":["https:\/\/i0.wp.com\/newmobility.news\/wp-content\/uploads\/2026\/07\/Scherm%C2%ADafbeelding-2026-07-28-om-08.29.27.png?fit=1658%2C1140&ssl=1",1658,1140,false],"thumbnail":["https:\/\/i0.wp.com\/newmobility.news\/wp-content\/uploads\/2026\/07\/Scherm%C2%ADafbeelding-2026-07-28-om-08.29.27.png?resize=150%2C150&ssl=1",150,150,true],"medium":["https:\/\/i0.wp.com\/newmobility.news\/wp-content\/uploads\/2026\/07\/Scherm%C2%ADafbeelding-2026-07-28-om-08.29.27.png?fit=300%2C206&ssl=1",300,206,true],"medium_large":["https:\/\/i0.wp.com\/newmobility.news\/wp-content\/uploads\/2026\/07\/Scherm%C2%ADafbeelding-2026-07-28-om-08.29.27.png?fit=640%2C440&ssl=1",640,440,true],"large":["https:\/\/i0.wp.com\/newmobility.news\/wp-content\/uploads\/2026\/07\/Scherm%C2%ADafbeelding-2026-07-28-om-08.29.27.png?fit=640%2C440&ssl=1",640,440,true],"1536x1536":["https:\/\/i0.wp.com\/newmobility.news\/wp-content\/uploads\/2026\/07\/Scherm%C2%ADafbeelding-2026-07-28-om-08.29.27.png?fit=1536%2C1056&ssl=1",1536,1056,true],"2048x2048":["https:\/\/i0.wp.com\/newmobility.news\/wp-content\/uploads\/2026\/07\/Scherm%C2%ADafbeelding-2026-07-28-om-08.29.27.png?fit=1658%2C1140&ssl=1",1658,1140,true],"trp-custom-language-flag":["https:\/\/i0.wp.com\/newmobility.news\/wp-content\/uploads\/2026\/07\/Scherm%C2%ADafbeelding-2026-07-28-om-08.29.27.png?fit=18%2C12&ssl=1",18,12,true],"related-thumb":["https:\/\/i0.wp.com\/newmobility.news\/wp-content\/uploads\/2026\/07\/Scherm%C2%ADafbeelding-2026-07-28-om-08.29.27.png?resize=640%2C480&ssl=1",640,480,true],"gform-image-choice-sm":["https:\/\/i0.wp.com\/newmobility.news\/wp-content\/uploads\/2026\/07\/Scherm%C2%ADafbeelding-2026-07-28-om-08.29.27.png?resize=300%2C300&ssl=1",300,300,true],"gform-image-choice-md":["https:\/\/i0.wp.com\/newmobility.news\/wp-content\/uploads\/2026\/07\/Scherm%C2%ADafbeelding-2026-07-28-om-08.29.27.png?resize=400%2C400&ssl=1",400,400,true],"gform-image-choice-lg":["https:\/\/i0.wp.com\/newmobility.news\/wp-content\/uploads\/2026\/07\/Scherm%C2%ADafbeelding-2026-07-28-om-08.29.27.png?resize=600%2C600&ssl=1",600,600,true],"mailchimp":["https:\/\/i0.wp.com\/newmobility.news\/wp-content\/uploads\/2026\/07\/Scherm%C2%ADafbeelding-2026-07-28-om-08.29.27.png?fit=560%2C385&ssl=1",560,385,true],"unipress-phone":["https:\/\/i0.wp.com\/newmobility.news\/wp-content\/uploads\/2026\/07\/Scherm%C2%ADafbeelding-2026-07-28-om-08.29.27.png?resize=640%2C100&ssl=1",640,100,true],"unipress-tablet":["https:\/\/i0.wp.com\/newmobility.news\/wp-content\/uploads\/2026\/07\/Scherm%C2%ADafbeelding-2026-07-28-om-08.29.27.png?resize=1536%2C240&ssl=1",1536,240,true],"unipress-tablet-portrait":["https:\/\/i0.wp.com\/newmobility.news\/wp-content\/uploads\/2026\/07\/Scherm%C2%ADafbeelding-2026-07-28-om-08.29.27.png?resize=1536%2C180&ssl=1",1536,180,true],"unipress-tablet-landscape":["https:\/\/i0.wp.com\/newmobility.news\/wp-content\/uploads\/2026\/07\/Scherm%C2%ADafbeelding-2026-07-28-om-08.29.27.png?resize=1658%2C180&ssl=1",1658,180,true],"unipress-smartphone":["https:\/\/i0.wp.com\/newmobility.news\/wp-content\/uploads\/2026\/07\/Scherm%C2%ADafbeelding-2026-07-28-om-08.29.27.png?resize=1080%2C168&ssl=1",1080,168,true],"unipress-wide-screen":["https:\/\/i0.wp.com\/newmobility.news\/wp-content\/uploads\/2026\/07\/Scherm%C2%ADafbeelding-2026-07-28-om-08.29.27.png?resize=1658%2C180&ssl=1",1658,180,true]},"post_excerpt_stackable_v2":"<p>BMW is planning an all-electric i4 Convertible for 2028, according to a new report from BMWBLOG citing sources close to the automaker. It would make sense for BMW to bring the also rumored i4 Coupe to fruition as well. Doing so would improve economies of scale given how much of the costs would be Read this article now for free! Register a free account and gain access to this article and get more from New Mobility Email Password \u2014 OR \u2014 Subscribe now Get unlimited access to the original content of our publishing partners, be alerted on breaking news and&hellip;<\/p>\n","category_list_v2":"<a href=\"https:\/\/newmobility.news\/fr\/category\/design\/\" rel=\"category tag\">Design<\/a>, <a href=\"https:\/\/newmobility.news\/fr\/category\/energy\/\" rel=\"category tag\">Energy<\/a>, <a href=\"https:\/\/newmobility.news\/fr\/category\/industry\/\" rel=\"category tag\">Industry<\/a>, <a href=\"https:\/\/newmobility.news\/fr\/category\/product\/\" rel=\"category tag\">Product<\/a>, <a href=\"https:\/\/newmobility.news\/fr\/category\/top-stories-today\/\" rel=\"category tag\">Top Stories Today<\/a>","author_info_v2":{"name":"Tony Verhelle","url":"https:\/\/newmobility.news\/fr\/author\/toverbel\/"},"comments_num_v2":"0 comments","yoast_head":"<!-- This site is optimized with the Yoast SEO plugin v28.4 - https:\/\/yoast.com\/product\/yoast-seo-wordpress\/ -->\n<title>Is BMW creating a lucrative niche with the i4 Coupe and Convertible? - newmobility.news<\/title>\n<meta name=\"robots\" content=\"index, follow, max-snippet:-1, max-image-preview:large, max-video-preview:-1\" \/>\n<link rel=\"canonical\" href=\"https:\/\/newmobility.news\/fr\/2026\/07\/28\/is-bmw-creating-a-lucrative-niche-with-the-i4-coupe-and-convertible\/\" \/>\n<meta property=\"og:locale\" content=\"fr_FR\" \/>\n<meta property=\"og:type\" content=\"article\" \/>\n<meta property=\"og:title\" content=\"Is BMW creating a lucrative niche with the i4 Coupe and Convertible? - newmobility.news\" \/>\n<meta property=\"og:description\" content=\"BMW is planning an all-electric i4 Convertible for 2028, according to a new report from BMWBLOG citing sources close to the automaker. It would make sense for BMW to bring the also rumored i4 Coupe to fruition as well. Doing so would improve economies of scale given how much of the costs would be Read [&hellip;]\" \/>\n<meta property=\"og:url\" content=\"https:\/\/newmobility.news\/fr\/2026\/07\/28\/is-bmw-creating-a-lucrative-niche-with-the-i4-coupe-and-convertible\/\" \/>\n<meta property=\"og:site_name\" content=\"newmobility.news\" \/>\n<meta property=\"article:publisher\" content=\"https:\/\/www.facebook.com\/search\/top\/?q=newmobility.news\" \/>\n<meta property=\"article:published_time\" content=\"2026-07-28T08:34:11+00:00\" \/>\n<meta property=\"og:image\" content=\"https:\/\/newmobility.news\/wp-content\/uploads\/2026\/07\/Scherm\u00adafbeelding-2026-07-28-om-08.29.27.png\" \/>\n\t<meta property=\"og:image:width\" content=\"1658\" \/>\n\t<meta property=\"og:image:height\" content=\"1140\" \/>\n\t<meta property=\"og:image:type\" content=\"image\/png\" \/>\n<meta name=\"author\" content=\"Tony Verhelle\" \/>\n<meta name=\"twitter:card\" content=\"summary_large_image\" \/>\n<meta name=\"twitter:creator\" content=\"@jorisvry\" \/>\n<meta name=\"twitter:site\" content=\"@jorisvry\" \/>\n<meta name=\"twitter:label1\" content=\"\u00c9crit par\" \/>\n\t<meta name=\"twitter:data1\" content=\"Tony Verhelle\" \/>\n\t<meta name=\"twitter:label2\" content=\"Dur\u00e9e de lecture est.\" \/>\n\t<meta name=\"twitter:data2\" content=\"5 minutes\" \/>\n<script type=\"application\/ld+json\" class=\"yoast-schema-graph\">{\"@context\":\"https:\\\/\\\/schema.org\",\"@graph\":[{\"@type\":\"Article\",\"@id\":\"https:\\\/\\\/newmobility.news\\\/2026\\\/07\\\/28\\\/is-bmw-creating-a-lucrative-niche-with-the-i4-coupe-and-convertible\\\/#article\",\"isPartOf\":{\"@id\":\"https:\\\/\\\/newmobility.news\\\/2026\\\/07\\\/28\\\/is-bmw-creating-a-lucrative-niche-with-the-i4-coupe-and-convertible\\\/\"},\"author\":{\"name\":\"Tony Verhelle\",\"@id\":\"https:\\\/\\\/newmobility.news\\\/#\\\/schema\\\/person\\\/9ed42cfc4d62d98488c1d6e225040557\"},\"headline\":\"Is BMW creating a lucrative niche with the i4 Coupe and Convertible?\",\"datePublished\":\"2026-07-28T08:34:11+00:00\",\"mainEntityOfPage\":{\"@id\":\"https:\\\/\\\/newmobility.news\\\/2026\\\/07\\\/28\\\/is-bmw-creating-a-lucrative-niche-with-the-i4-coupe-and-convertible\\\/\"},\"wordCount\":799,\"publisher\":{\"@id\":\"https:\\\/\\\/newmobility.news\\\/#organization\"},\"image\":{\"@id\":\"https:\\\/\\\/newmobility.news\\\/2026\\\/07\\\/28\\\/is-bmw-creating-a-lucrative-niche-with-the-i4-coupe-and-convertible\\\/#primaryimage\"},\"thumbnailUrl\":\"https:\\\/\\\/i0.wp.com\\\/newmobility.news\\\/wp-content\\\/uploads\\\/2026\\\/07\\\/Scherm%C2%ADafbeelding-2026-07-28-om-08.29.27.png?fit=1658%2C1140&ssl=1\",\"articleSection\":[\"Design\",\"Energy\",\"Industry\",\"Product\",\"Top Stories Today\"],\"inLanguage\":\"fr-BE\"},{\"@type\":\"WebPage\",\"@id\":\"https:\\\/\\\/newmobility.news\\\/2026\\\/07\\\/28\\\/is-bmw-creating-a-lucrative-niche-with-the-i4-coupe-and-convertible\\\/\",\"url\":\"https:\\\/\\\/newmobility.news\\\/2026\\\/07\\\/28\\\/is-bmw-creating-a-lucrative-niche-with-the-i4-coupe-and-convertible\\\/\",\"name\":\"Is BMW creating a lucrative niche with the i4 Coupe and Convertible? - newmobility.news\",\"isPartOf\":{\"@id\":\"https:\\\/\\\/newmobility.news\\\/#website\"},\"primaryImageOfPage\":{\"@id\":\"https:\\\/\\\/newmobility.news\\\/2026\\\/07\\\/28\\\/is-bmw-creating-a-lucrative-niche-with-the-i4-coupe-and-convertible\\\/#primaryimage\"},\"image\":{\"@id\":\"https:\\\/\\\/newmobility.news\\\/2026\\\/07\\\/28\\\/is-bmw-creating-a-lucrative-niche-with-the-i4-coupe-and-convertible\\\/#primaryimage\"},\"thumbnailUrl\":\"https:\\\/\\\/i0.wp.com\\\/newmobility.news\\\/wp-content\\\/uploads\\\/2026\\\/07\\\/Scherm%C2%ADafbeelding-2026-07-28-om-08.29.27.png?fit=1658%2C1140&ssl=1\",\"datePublished\":\"2026-07-28T08:34:11+00:00\",\"breadcrumb\":{\"@id\":\"https:\\\/\\\/newmobility.news\\\/2026\\\/07\\\/28\\\/is-bmw-creating-a-lucrative-niche-with-the-i4-coupe-and-convertible\\\/#breadcrumb\"},\"inLanguage\":\"fr-BE\",\"potentialAction\":[{\"@type\":\"ReadAction\",\"target\":[\"https:\\\/\\\/newmobility.news\\\/2026\\\/07\\\/28\\\/is-bmw-creating-a-lucrative-niche-with-the-i4-coupe-and-convertible\\\/\"]}]},{\"@type\":\"ImageObject\",\"inLanguage\":\"fr-BE\",\"@id\":\"https:\\\/\\\/newmobility.news\\\/2026\\\/07\\\/28\\\/is-bmw-creating-a-lucrative-niche-with-the-i4-coupe-and-convertible\\\/#primaryimage\",\"url\":\"https:\\\/\\\/i0.wp.com\\\/newmobility.news\\\/wp-content\\\/uploads\\\/2026\\\/07\\\/Scherm%C2%ADafbeelding-2026-07-28-om-08.29.27.png?fit=1658%2C1140&ssl=1\",\"contentUrl\":\"https:\\\/\\\/i0.wp.com\\\/newmobility.news\\\/wp-content\\\/uploads\\\/2026\\\/07\\\/Scherm%C2%ADafbeelding-2026-07-28-om-08.29.27.png?fit=1658%2C1140&ssl=1\",\"width\":1658,\"height\":1140,\"caption\":\"According to different sources, BMW is working on an electric coupe and convertible, named i4, based on the i3 'Neue Klasse' platform \\\/BMW\"},{\"@type\":\"BreadcrumbList\",\"@id\":\"https:\\\/\\\/newmobility.news\\\/2026\\\/07\\\/28\\\/is-bmw-creating-a-lucrative-niche-with-the-i4-coupe-and-convertible\\\/#breadcrumb\",\"itemListElement\":[{\"@type\":\"ListItem\",\"position\":1,\"name\":\"Home\",\"item\":\"https:\\\/\\\/newmobility.news\\\/\"},{\"@type\":\"ListItem\",\"position\":2,\"name\":\"Is BMW creating a lucrative niche with the i4 Coupe and Convertible?\"}]},{\"@type\":\"WebSite\",\"@id\":\"https:\\\/\\\/newmobility.news\\\/#website\",\"url\":\"https:\\\/\\\/newmobility.news\\\/\",\"name\":\"newmobility.news\",\"description\":\"A B2BNews Agency\u00ae news service for mobility business proessional\",\"publisher\":{\"@id\":\"https:\\\/\\\/newmobility.news\\\/#organization\"},\"potentialAction\":[{\"@type\":\"SearchAction\",\"target\":{\"@type\":\"EntryPoint\",\"urlTemplate\":\"https:\\\/\\\/newmobility.news\\\/?s={search_term_string}\"},\"query-input\":{\"@type\":\"PropertyValueSpecification\",\"valueRequired\":true,\"valueName\":\"search_term_string\"}}],\"inLanguage\":\"fr-BE\"},{\"@type\":\"Organization\",\"@id\":\"https:\\\/\\\/newmobility.news\\\/#organization\",\"name\":\"B2BNews Agency\",\"url\":\"https:\\\/\\\/newmobility.news\\\/\",\"logo\":{\"@type\":\"ImageObject\",\"inLanguage\":\"fr-BE\",\"@id\":\"https:\\\/\\\/newmobility.news\\\/#\\\/schema\\\/logo\\\/image\\\/\",\"url\":\"https:\\\/\\\/newmobility.news\\\/wp-content\\\/uploads\\\/2018\\\/01\\\/b2bnews-agency-logo.png\",\"contentUrl\":\"https:\\\/\\\/newmobility.news\\\/wp-content\\\/uploads\\\/2018\\\/01\\\/b2bnews-agency-logo.png\",\"width\":\"581\",\"height\":\"117\",\"caption\":\"B2BNews Agency\"},\"image\":{\"@id\":\"https:\\\/\\\/newmobility.news\\\/#\\\/schema\\\/logo\\\/image\\\/\"},\"sameAs\":[\"https:\\\/\\\/www.facebook.com\\\/search\\\/top\\\/?q=newmobility.news\",\"https:\\\/\\\/x.com\\\/jorisvry\",\"https:\\\/\\\/www.linkedin.com\\\/in\\\/jorisvanroy\\\/\",\"https:\\\/\\\/nl.pinterest.com\\\/jorisvanroy\\\/\"]},{\"@type\":\"Person\",\"@id\":\"https:\\\/\\\/newmobility.news\\\/#\\\/schema\\\/person\\\/9ed42cfc4d62d98488c1d6e225040557\",\"name\":\"Tony Verhelle\",\"image\":{\"@type\":\"ImageObject\",\"inLanguage\":\"fr-BE\",\"@id\":\"https:\\\/\\\/secure.gravatar.com\\\/avatar\\\/3aa7bc7e3c29543b27eddb4850cf5b080b7eed539a9cc5c8807f7fae34c56438?s=96&d=mm&r=g\",\"url\":\"https:\\\/\\\/secure.gravatar.com\\\/avatar\\\/3aa7bc7e3c29543b27eddb4850cf5b080b7eed539a9cc5c8807f7fae34c56438?s=96&d=mm&r=g\",\"contentUrl\":\"https:\\\/\\\/secure.gravatar.com\\\/avatar\\\/3aa7bc7e3c29543b27eddb4850cf5b080b7eed539a9cc5c8807f7fae34c56438?s=96&d=mm&r=g\",\"caption\":\"Tony Verhelle\"},\"url\":\"https:\\\/\\\/newmobility.news\\\/fr\\\/author\\\/toverbel\\\/\"}]}<\/script>\n<!-- \/ Yoast SEO plugin. -->","yoast_head_json":{"title":"BMW est-elle en train de se tailler un cr\u00e9neau lucratif avec les mod\u00e8les i4 Coup\u00e9 et Cabriolet ? - newmobility.news","robots":{"index":"index","follow":"follow","max-snippet":"max-snippet:-1","max-image-preview":"max-image-preview:large","max-video-preview":"max-video-preview:-1"},"canonical":"https:\/\/newmobility.news\/fr\/2026\/07\/28\/is-bmw-creating-a-lucrative-niche-with-the-i4-coupe-and-convertible\/","og_locale":"fr_FR","og_type":"article","og_title":"Is BMW creating a lucrative niche with the i4 Coupe and Convertible? - newmobility.news","og_description":"BMW is planning an all-electric i4 Convertible for 2028, according to a new report from BMWBLOG citing sources close to the automaker. It would make sense for BMW to bring the also rumored i4 Coupe to fruition as well. Doing so would improve economies of scale given how much of the costs would be Read [&hellip;]","og_url":"https:\/\/newmobility.news\/fr\/2026\/07\/28\/is-bmw-creating-a-lucrative-niche-with-the-i4-coupe-and-convertible\/","og_site_name":"newmobility.news","article_publisher":"https:\/\/www.facebook.com\/search\/top\/?q=newmobility.news","article_published_time":"2026-07-28T08:34:11+00:00","og_image":[{"width":1658,"height":1140,"url":"https:\/\/newmobility.news\/wp-content\/uploads\/2026\/07\/Scherm\u00adafbeelding-2026-07-28-om-08.29.27.png","type":"image\/png"}],"author":"Tony Verhelle","twitter_card":"summary_large_image","twitter_creator":"@jorisvry","twitter_site":"@jorisvry","twitter_misc":{"\u00c9crit par":"Tony Verhelle","Dur\u00e9e de lecture est.":"5 minutes"},"schema":{"@context":"https:\/\/schema.org","@graph":[{"@type":"Article","@id":"https:\/\/newmobility.news\/2026\/07\/28\/is-bmw-creating-a-lucrative-niche-with-the-i4-coupe-and-convertible\/#article","isPartOf":{"@id":"https:\/\/newmobility.news\/2026\/07\/28\/is-bmw-creating-a-lucrative-niche-with-the-i4-coupe-and-convertible\/"},"author":{"name":"Tony Verhelle","@id":"https:\/\/newmobility.news\/#\/schema\/person\/9ed42cfc4d62d98488c1d6e225040557"},"headline":"Is BMW creating a lucrative niche with the i4 Coupe and Convertible?","datePublished":"2026-07-28T08:34:11+00:00","mainEntityOfPage":{"@id":"https:\/\/newmobility.news\/2026\/07\/28\/is-bmw-creating-a-lucrative-niche-with-the-i4-coupe-and-convertible\/"},"wordCount":799,"publisher":{"@id":"https:\/\/newmobility.news\/#organization"},"image":{"@id":"https:\/\/newmobility.news\/2026\/07\/28\/is-bmw-creating-a-lucrative-niche-with-the-i4-coupe-and-convertible\/#primaryimage"},"thumbnailUrl":"https:\/\/i0.wp.com\/newmobility.news\/wp-content\/uploads\/2026\/07\/Scherm%C2%ADafbeelding-2026-07-28-om-08.29.27.png?fit=1658%2C1140&ssl=1","articleSection":["Design","Energy","Industry","Product","Top Stories Today"],"inLanguage":"fr-BE"},{"@type":"WebPage","@id":"https:\/\/newmobility.news\/2026\/07\/28\/is-bmw-creating-a-lucrative-niche-with-the-i4-coupe-and-convertible\/","url":"https:\/\/newmobility.news\/2026\/07\/28\/is-bmw-creating-a-lucrative-niche-with-the-i4-coupe-and-convertible\/","name":"BMW est-elle en train de se tailler un cr\u00e9neau lucratif avec les mod\u00e8les i4 Coup\u00e9 et Cabriolet ? - newmobility.news","isPartOf":{"@id":"https:\/\/newmobility.news\/#website"},"primaryImageOfPage":{"@id":"https:\/\/newmobility.news\/2026\/07\/28\/is-bmw-creating-a-lucrative-niche-with-the-i4-coupe-and-convertible\/#primaryimage"},"image":{"@id":"https:\/\/newmobility.news\/2026\/07\/28\/is-bmw-creating-a-lucrative-niche-with-the-i4-coupe-and-convertible\/#primaryimage"},"thumbnailUrl":"https:\/\/i0.wp.com\/newmobility.news\/wp-content\/uploads\/2026\/07\/Scherm%C2%ADafbeelding-2026-07-28-om-08.29.27.png?fit=1658%2C1140&ssl=1","datePublished":"2026-07-28T08:34:11+00:00","breadcrumb":{"@id":"https:\/\/newmobility.news\/2026\/07\/28\/is-bmw-creating-a-lucrative-niche-with-the-i4-coupe-and-convertible\/#breadcrumb"},"inLanguage":"fr-BE","potentialAction":[{"@type":"ReadAction","target":["https:\/\/newmobility.news\/2026\/07\/28\/is-bmw-creating-a-lucrative-niche-with-the-i4-coupe-and-convertible\/"]}]},{"@type":"ImageObject","inLanguage":"fr-BE","@id":"https:\/\/newmobility.news\/2026\/07\/28\/is-bmw-creating-a-lucrative-niche-with-the-i4-coupe-and-convertible\/#primaryimage","url":"https:\/\/i0.wp.com\/newmobility.news\/wp-content\/uploads\/2026\/07\/Scherm%C2%ADafbeelding-2026-07-28-om-08.29.27.png?fit=1658%2C1140&ssl=1","contentUrl":"https:\/\/i0.wp.com\/newmobility.news\/wp-content\/uploads\/2026\/07\/Scherm%C2%ADafbeelding-2026-07-28-om-08.29.27.png?fit=1658%2C1140&ssl=1","width":1658,"height":1140,"caption":"According to different sources, BMW is working on an electric coupe and convertible, named i4, based on the i3 'Neue Klasse' platform \/BMW"},{"@type":"BreadcrumbList","@id":"https:\/\/newmobility.news\/2026\/07\/28\/is-bmw-creating-a-lucrative-niche-with-the-i4-coupe-and-convertible\/#breadcrumb","itemListElement":[{"@type":"ListItem","position":1,"name":"Home","item":"https:\/\/newmobility.news\/"},{"@type":"ListItem","position":2,"name":"Is BMW creating a lucrative niche with the i4 Coupe and Convertible?"}]},{"@type":"WebSite","@id":"https:\/\/newmobility.news\/#website","url":"https:\/\/newmobility.news\/","name":"nouveaumobilit\u00e9.actualit\u00e9s","description":"Un service d'information B2BNews Agency\u00ae destin\u00e9 aux professionnels de la mobilit\u00e9","publisher":{"@id":"https:\/\/newmobility.news\/#organization"},"potentialAction":[{"@type":"SearchAction","target":{"@type":"EntryPoint","urlTemplate":"https:\/\/newmobility.news\/?s={search_term_string}"},"query-input":{"@type":"PropertyValueSpecification","valueRequired":true,"valueName":"search_term_string"}}],"inLanguage":"fr-BE"},{"@type":"Organization","@id":"https:\/\/newmobility.news\/#organization","name":"Agence de presse B2BNews","url":"https:\/\/newmobility.news\/","logo":{"@type":"ImageObject","inLanguage":"fr-BE","@id":"https:\/\/newmobility.news\/#\/schema\/logo\/image\/","url":"https:\/\/newmobility.news\/wp-content\/uploads\/2018\/01\/b2bnews-agency-logo.png","contentUrl":"https:\/\/newmobility.news\/wp-content\/uploads\/2018\/01\/b2bnews-agency-logo.png","width":"581","height":"117","caption":"B2BNews Agency"},"image":{"@id":"https:\/\/newmobility.news\/#\/schema\/logo\/image\/"},"sameAs":["https:\/\/www.facebook.com\/search\/top\/?q=newmobility.news","https:\/\/x.com\/jorisvry","https:\/\/www.linkedin.com\/in\/jorisvanroy\/","https:\/\/nl.pinterest.com\/jorisvanroy\/"]},{"@type":"Person","@id":"https:\/\/newmobility.news\/#\/schema\/person\/9ed42cfc4d62d98488c1d6e225040557","name":"Tony Verhelle","image":{"@type":"ImageObject","inLanguage":"fr-BE","@id":"https:\/\/secure.gravatar.com\/avatar\/3aa7bc7e3c29543b27eddb4850cf5b080b7eed539a9cc5c8807f7fae34c56438?s=96&d=mm&r=g","url":"https:\/\/secure.gravatar.com\/avatar\/3aa7bc7e3c29543b27eddb4850cf5b080b7eed539a9cc5c8807f7fae34c56438?s=96&d=mm&r=g","contentUrl":"https:\/\/secure.gravatar.com\/avatar\/3aa7bc7e3c29543b27eddb4850cf5b080b7eed539a9cc5c8807f7fae34c56438?s=96&d=mm&r=g","caption":"Tony Verhelle"},"url":"https:\/\/newmobility.news\/fr\/author\/toverbel\/"}]}},"jetpack_publicize_connections":[],"jetpack_shortlink":"https:\/\/wp.me\/p9wJdU-Nws","jetpack_sharing_enabled":true,"jetpack_likes_enabled":true,"jetpack-related-posts":[],"jetpack_featured_media_url":"https:\/\/i0.wp.com\/newmobility.news\/wp-content\/uploads\/2026\/07\/Scherm%C2%ADafbeelding-2026-07-28-om-08.29.27.png?fit=1658%2C1140&ssl=1","_links":{"self":[{"href":"https:\/\/newmobility.news\/fr\/wp-json\/wp\/v2\/posts\/190368","targetHints":{"allow":["GET"]}}],"collection":[{"href":"https:\/\/newmobility.news\/fr\/wp-json\/wp\/v2\/posts"}],"about":[{"href":"https:\/\/newmobility.news\/fr\/wp-json\/wp\/v2\/types\/post"}],"author":[{"embeddable":true,"href":"https:\/\/newmobility.news\/fr\/wp-json\/wp\/v2\/users\/13"}],"replies":[{"embeddable":true,"href":"https:\/\/newmobility.news\/fr\/wp-json\/wp\/v2\/comments?post=190368"}],"version-history":[{"count":3,"href":"https:\/\/newmobility.news\/fr\/wp-json\/wp\/v2\/posts\/190368\/revisions"}],"predecessor-version":[{"id":192102,"href":"https:\/\/newmobility.news\/fr\/wp-json\/wp\/v2\/posts\/190368\/revisions\/192102"}],"wp:featuredmedia":[{"embeddable":true,"href":"https:\/\/newmobility.news\/fr\/wp-json\/wp\/v2\/media\/190381"}],"wp:attachment":[{"href":"https:\/\/newmobility.news\/fr\/wp-json\/wp\/v2\/media?parent=190368"}],"wp:term":[{"taxonomy":"category","embeddable":true,"href":"https:\/\/newmobility.news\/fr\/wp-json\/wp\/v2\/categories?post=190368"},{"taxonomy":"post_tag","embeddable":true,"href":"https:\/\/newmobility.news\/fr\/wp-json\/wp\/v2\/tags?post=190368"}],"curies":[{"name":"wp","href":"https:\/\/api.w.org\/{rel}","templated":true}]}}