{"id":191050,"date":"2026-08-10T09:15:46","date_gmt":"2026-08-10T07:15:46","guid":{"rendered":"https:\/\/newmobility.news\/?p=191050"},"modified":"2026-08-10T09:12:19","modified_gmt":"2026-08-10T07:12:19","slug":"rhine-drought-threatens-germanys-truck-free-sundays","status":"publish","type":"post","link":"https:\/\/newmobility.news\/fr\/2026\/08\/10\/rhine-drought-threatens-germanys-truck-free-sundays\/","title":{"rendered":"La s\u00e9cheresse sur le Rhin menace les dimanches sans camions en Allemagne (mise \u00e0 jour)"},"content":{"rendered":"Quatre L\u00e4nder allemands l\u00e8vent temporairement l'interdiction de circulation qui, depuis 1956, emp\u00eachait les poids lourds de circuler sur les autoroutes les dimanches et jours f\u00e9ri\u00e9s. Cette mesure est entr\u00e9e en vigueur ce week-end et vise \u00e0 offrir une alternative au transport fluvial, compte tenu des niveaux d'eau extr\u00eamement bas de la<div class=\"leaky_paywall_message_wrap\"><div id=\"leaky_paywall_message\"><img data-recalc-dims=\"1\" decoding=\"async\" class=\"nag_logo\" src=\"https:\/\/i0.wp.com\/newmobility.news\/wp-content\/uploads\/2022\/02\/nmn-logo-long-transparent-small-4.png?w=300&#038;ssl=1\"  alt=\"Actualit\u00e9s sur les nouvelles mobilit\u00e9s\" \/>\r\n\r\n<h2 class=\"text-center\">\r\n\tLisez cet article gratuitement d\u00e8s maintenant !\r\n<\/h2>\r\nCr\u00e9ez un compte gratuit pour acc\u00e9der \u00e0 cet article et profiter pleinement de New Mobility.\r\n\n\t\t<div id=\"leaky-paywall-quick-register\" class=\"inline\">\n\t\t\t<form id=\"leaky-paywall-quick-register-form\" method=\"POST\" action=\"\" data-trp-original-action=\"\">\n\n\t\t\t\t\n\t\t\t\t\n\t\t\t\t\n\t\t\t\t<p class=\"form-field email-field\">\n\t\t\t\t\t<label for=\"email\">Courriel<\/label>\n\t\t\t\t\t<input class=\"email\" type=\"email\" name=\"email\" placeholder=\"Entrez votre adresse e-mail\" value=\"\" required>\n\t\t\t\t<\/p>\n\n\t\t\t\t\t\t\t\t\t<p class=\"form-field password-field\">\n\t\t\t\t\t\t<label for=\"password\">Mot de passe<\/label>\n\t\t\t\t\t\t<input class=\"password\" type=\"password\" name=\"password\" placeholder=\"Cr\u00e9er un mot de passe\" value=\"\" required>\n\t\t\t\t\t<\/p>\n\t\t\t\t\n\t\t\t\t\n\t\t\t\t<input name=\"company_url\" type=\"text\" value=\"\" autocomplete=\"off\" tabindex=\"-1\" style=\"display:none !important; position:absolute; left:-9999px;\" \/>\n\n\t\t\t\t<input type=\"hidden\" name=\"level_id\" value=\"20\">\n\n\t\t\t\t<input type=\"submit\" value=\"Inscrivez-vous gratuitement\">\n\n\t\t\t\t\n\t\t\t<input type=\"hidden\" name=\"trp-form-language\" value=\"fr\"\/><\/form>\n\n\t\t\t<div id=\"leaky-paywall-quick-register-errors\"><\/div>\n\t\t<\/div>\n\n\r\n\r\n<p class=\"text-center\"><strong>\u2014 OU \u2014<\/strong>\r\n\r\n<p class=\"text-center\"><strong>Abonnez-vous d\u00e8s maintenant<\/strong> B\u00e9n\u00e9ficiez d'un acc\u00e8s illimit\u00e9 au contenu original de nos partenaires \u00e9ditoriaux, recevez des alertes sur les derni\u00e8res actualit\u00e9s et obtenez chaque jour un r\u00e9sum\u00e9 r\u00e9dig\u00e9 par nos journalistes sp\u00e9cialis\u00e9s des articles incontournables sur votre secteur.<\/p>\r\n\r\n<div class=\"nag_buttons\">\r\n\t<a class=\"button\" href=\"https:\/\/newmobility.news\/fr\/abonnement\/\">Abonnez-vous d\u00e8s maintenant<\/a> \r\n\t<span class=\"nag_button_divider\"> ou <\/span> \r\n\t<a href=\"https:\/\/newmobility.news\/fr\/log-in\/\">CONNEXION<\/a>\r\n<\/div><\/div><\/div>","protected":false},"excerpt":{"rendered":"<p>Four German federal states are temporarily lifting the driving ban that has kept trucks off the highways on Sundays and public holidays since 1956. The measure came into effect this weekend and is intended to provide an alternative to waterborne transport, given the extremely low water levels of the Read this article now for free! [&hellip;]<\/p>\n","protected":false},"author":175,"featured_media":191075,"comment_status":"closed","ping_status":"closed","sticky":false,"template":"","format":"standard","meta":{"_acf_changed":false,"_jetpack_newsletter_access":"","_jetpack_dont_email_post_to_subs":false,"_jetpack_newsletter_tier_id":0,"_jetpack_memberships_contains_paywalled_content":false,"_jetpack_feature_clip_id":0,"_jetpack_memberships_contains_paid_content":false,"footnotes":"","jetpack_publicize_message":"{title}\r\n\r\n{excerpt}\r\n\r\n{url}","jetpack_publicize_feature_enabled":true,"jetpack_social_post_already_shared":true,"jetpack_social_options":{"image_generator_settings":{"template":"highway","default_image_id":0,"font":"","enabled":false},"version":2},"_wpas_customize_per_network":false,"jetpack_post_was_ever_published":false},"categories":[14496,16,25,77153,7,4,61],"tags":[],"class_list":["post-191050","post","type-post","status-publish","format-standard","has-post-thumbnail","hentry","category-climate","category-industry","category-legislation","category-maritime","category-mobility","category-top-stories-today","category-transport"],"acf":[],"featured_image_urls_v2":{"full":["https:\/\/i0.wp.com\/newmobility.news\/wp-content\/uploads\/2026\/08\/Scherm%C2%ADafbeelding-2026-08-07-om-09.57.39.png?fit=2220%2C1758&ssl=1",2220,1758,false],"thumbnail":["https:\/\/i0.wp.com\/newmobility.news\/wp-content\/uploads\/2026\/08\/Scherm%C2%ADafbeelding-2026-08-07-om-09.57.39.png?resize=150%2C150&ssl=1",150,150,true],"medium":["https:\/\/i0.wp.com\/newmobility.news\/wp-content\/uploads\/2026\/08\/Scherm%C2%ADafbeelding-2026-08-07-om-09.57.39.png?fit=300%2C238&ssl=1",300,238,true],"medium_large":["https:\/\/i0.wp.com\/newmobility.news\/wp-content\/uploads\/2026\/08\/Scherm%C2%ADafbeelding-2026-08-07-om-09.57.39.png?fit=640%2C507&ssl=1",640,507,true],"large":["https:\/\/i0.wp.com\/newmobility.news\/wp-content\/uploads\/2026\/08\/Scherm%C2%ADafbeelding-2026-08-07-om-09.57.39.png?fit=640%2C507&ssl=1",640,507,true],"1536x1536":["https:\/\/i0.wp.com\/newmobility.news\/wp-content\/uploads\/2026\/08\/Scherm%C2%ADafbeelding-2026-08-07-om-09.57.39.png?fit=1536%2C1216&ssl=1",1536,1216,true],"2048x2048":["https:\/\/i0.wp.com\/newmobility.news\/wp-content\/uploads\/2026\/08\/Scherm%C2%ADafbeelding-2026-08-07-om-09.57.39.png?fit=2048%2C1622&ssl=1",2048,1622,true],"trp-custom-language-flag":["https:\/\/i0.wp.com\/newmobility.news\/wp-content\/uploads\/2026\/08\/Scherm%C2%ADafbeelding-2026-08-07-om-09.57.39.png?fit=15%2C12&ssl=1",15,12,true],"related-thumb":["https:\/\/i0.wp.com\/newmobility.news\/wp-content\/uploads\/2026\/08\/Scherm%C2%ADafbeelding-2026-08-07-om-09.57.39.png?resize=640%2C480&ssl=1",640,480,true],"gform-image-choice-sm":["https:\/\/i0.wp.com\/newmobility.news\/wp-content\/uploads\/2026\/08\/Scherm%C2%ADafbeelding-2026-08-07-om-09.57.39.png?resize=300%2C300&ssl=1",300,300,true],"gform-image-choice-md":["https:\/\/i0.wp.com\/newmobility.news\/wp-content\/uploads\/2026\/08\/Scherm%C2%ADafbeelding-2026-08-07-om-09.57.39.png?resize=400%2C400&ssl=1",400,400,true],"gform-image-choice-lg":["https:\/\/i0.wp.com\/newmobility.news\/wp-content\/uploads\/2026\/08\/Scherm%C2%ADafbeelding-2026-08-07-om-09.57.39.png?resize=600%2C600&ssl=1",600,600,true],"mailchimp":["https:\/\/i0.wp.com\/newmobility.news\/wp-content\/uploads\/2026\/08\/Scherm%C2%ADafbeelding-2026-08-07-om-09.57.39.png?fit=560%2C443&ssl=1",560,443,true],"unipress-phone":["https:\/\/i0.wp.com\/newmobility.news\/wp-content\/uploads\/2026\/08\/Scherm%C2%ADafbeelding-2026-08-07-om-09.57.39.png?resize=640%2C100&ssl=1",640,100,true],"unipress-tablet":["https:\/\/i0.wp.com\/newmobility.news\/wp-content\/uploads\/2026\/08\/Scherm%C2%ADafbeelding-2026-08-07-om-09.57.39.png?resize=1536%2C240&ssl=1",1536,240,true],"unipress-tablet-portrait":["https:\/\/i0.wp.com\/newmobility.news\/wp-content\/uploads\/2026\/08\/Scherm%C2%ADafbeelding-2026-08-07-om-09.57.39.png?resize=1536%2C180&ssl=1",1536,180,true],"unipress-tablet-landscape":["https:\/\/i0.wp.com\/newmobility.news\/wp-content\/uploads\/2026\/08\/Scherm%C2%ADafbeelding-2026-08-07-om-09.57.39.png?resize=2048%2C180&ssl=1",2048,180,true],"unipress-smartphone":["https:\/\/i0.wp.com\/newmobility.news\/wp-content\/uploads\/2026\/08\/Scherm%C2%ADafbeelding-2026-08-07-om-09.57.39.png?resize=1080%2C168&ssl=1",1080,168,true],"unipress-wide-screen":["https:\/\/i0.wp.com\/newmobility.news\/wp-content\/uploads\/2026\/08\/Scherm%C2%ADafbeelding-2026-08-07-om-09.57.39.png?resize=2220%2C180&ssl=1",2220,180,true]},"post_excerpt_stackable_v2":"<p>Four German federal states are temporarily lifting the driving ban that has kept trucks off the highways on Sundays and public holidays since 1956. The measure came into effect this weekend and is intended to provide an alternative to waterborne transport, given the extremely low water levels of the Read this article now for free! Register a free account and gain access to this article and get more from New Mobility Email Password \u2014 OR \u2014 Subscribe now Get unlimited access to the original content of our publishing partners, be alerted on breaking news and get a daily business summary,&hellip;<\/p>\n","category_list_v2":"<a href=\"https:\/\/newmobility.news\/fr\/category\/climate\/\" rel=\"category tag\">Climate<\/a>, <a href=\"https:\/\/newmobility.news\/fr\/category\/industry\/\" rel=\"category tag\">Industry<\/a>, <a href=\"https:\/\/newmobility.news\/fr\/category\/legislation\/\" rel=\"category tag\">Legislation<\/a>, <a href=\"https:\/\/newmobility.news\/fr\/category\/maritime\/\" rel=\"category tag\">Maritime<\/a>, <a href=\"https:\/\/newmobility.news\/fr\/category\/mobility\/\" rel=\"category tag\">Mobility<\/a>, <a href=\"https:\/\/newmobility.news\/fr\/category\/top-stories-today\/\" rel=\"category tag\">Top Stories Today<\/a>, <a href=\"https:\/\/newmobility.news\/fr\/category\/transport\/\" rel=\"category tag\">Transport<\/a>","author_info_v2":{"name":"Hilde Van Raemdonck","url":"https:\/\/newmobility.news\/fr\/author\/hilde-van-raemdonck\/"},"comments_num_v2":"0 comments","yoast_head":"<!-- This site is optimized with the Yoast SEO plugin v28.4 - https:\/\/yoast.com\/product\/yoast-seo-wordpress\/ -->\n<title>Rhine drought threatens Germany&#039;s truck-free Sundays (update) - newmobility.news<\/title>\n<meta name=\"robots\" content=\"index, follow, max-snippet:-1, max-image-preview:large, max-video-preview:-1\" \/>\n<link rel=\"canonical\" href=\"https:\/\/newmobility.news\/fr\/2026\/08\/10\/rhine-drought-threatens-germanys-truck-free-sundays\/\" \/>\n<meta property=\"og:locale\" content=\"fr_FR\" \/>\n<meta property=\"og:type\" content=\"article\" \/>\n<meta property=\"og:title\" content=\"Rhine drought threatens Germany&#039;s truck-free Sundays (update) - newmobility.news\" \/>\n<meta property=\"og:description\" content=\"Four German federal states are temporarily lifting the driving ban that has kept trucks off the highways on Sundays and public holidays since 1956. The measure came into effect this weekend and is intended to provide an alternative to waterborne transport, given the extremely low water levels of the Read this article now for free! [&hellip;]\" \/>\n<meta property=\"og:url\" content=\"https:\/\/newmobility.news\/fr\/2026\/08\/10\/rhine-drought-threatens-germanys-truck-free-sundays\/\" \/>\n<meta property=\"og:site_name\" content=\"newmobility.news\" \/>\n<meta property=\"article:publisher\" content=\"https:\/\/www.facebook.com\/search\/top\/?q=newmobility.news\" \/>\n<meta property=\"article:published_time\" content=\"2026-08-10T07:15:46+00:00\" \/>\n<meta property=\"og:image\" content=\"https:\/\/newmobility.news\/wp-content\/uploads\/2026\/08\/Scherm\u00adafbeelding-2026-08-07-om-09.57.39-1024x811.png\" \/>\n\t<meta property=\"og:image:width\" content=\"1024\" \/>\n\t<meta property=\"og:image:height\" content=\"811\" \/>\n\t<meta property=\"og:image:type\" content=\"image\/png\" \/>\n<meta name=\"author\" content=\"Hilde Van Raemdonck\" \/>\n<meta name=\"twitter:card\" content=\"summary_large_image\" \/>\n<meta name=\"twitter:creator\" content=\"@jorisvry\" \/>\n<meta name=\"twitter:site\" content=\"@jorisvry\" \/>\n<meta name=\"twitter:label1\" content=\"\u00c9crit par\" \/>\n\t<meta name=\"twitter:data1\" content=\"Hilde Van Raemdonck\" \/>\n\t<meta name=\"twitter:label2\" content=\"Dur\u00e9e de lecture est.\" \/>\n\t<meta name=\"twitter:data2\" content=\"4 minutes\" \/>\n<script type=\"application\/ld+json\" class=\"yoast-schema-graph\">{\"@context\":\"https:\\\/\\\/schema.org\",\"@graph\":[{\"@type\":\"Article\",\"@id\":\"https:\\\/\\\/newmobility.news\\\/2026\\\/08\\\/10\\\/rhine-drought-threatens-germanys-truck-free-sundays\\\/#article\",\"isPartOf\":{\"@id\":\"https:\\\/\\\/newmobility.news\\\/2026\\\/08\\\/10\\\/rhine-drought-threatens-germanys-truck-free-sundays\\\/\"},\"author\":{\"name\":\"Hilde Van Raemdonck\",\"@id\":\"https:\\\/\\\/newmobility.news\\\/#\\\/schema\\\/person\\\/7540fd72a981bf6a315ba1b874c2a464\"},\"headline\":\"Rhine drought threatens Germany&#8217;s truck-free Sundays (update)\",\"datePublished\":\"2026-08-10T07:15:46+00:00\",\"mainEntityOfPage\":{\"@id\":\"https:\\\/\\\/newmobility.news\\\/2026\\\/08\\\/10\\\/rhine-drought-threatens-germanys-truck-free-sundays\\\/\"},\"wordCount\":745,\"publisher\":{\"@id\":\"https:\\\/\\\/newmobility.news\\\/#organization\"},\"image\":{\"@id\":\"https:\\\/\\\/newmobility.news\\\/2026\\\/08\\\/10\\\/rhine-drought-threatens-germanys-truck-free-sundays\\\/#primaryimage\"},\"thumbnailUrl\":\"https:\\\/\\\/i0.wp.com\\\/newmobility.news\\\/wp-content\\\/uploads\\\/2026\\\/08\\\/Scherm%C2%ADafbeelding-2026-08-07-om-09.57.39.png?fit=2220%2C1758&ssl=1\",\"articleSection\":[\"Climate\",\"Industry\",\"Legislation\",\"Maritime\",\"Mobility\",\"Top Stories Today\",\"Transport\"],\"inLanguage\":\"fr-BE\"},{\"@type\":\"WebPage\",\"@id\":\"https:\\\/\\\/newmobility.news\\\/2026\\\/08\\\/10\\\/rhine-drought-threatens-germanys-truck-free-sundays\\\/\",\"url\":\"https:\\\/\\\/newmobility.news\\\/2026\\\/08\\\/10\\\/rhine-drought-threatens-germanys-truck-free-sundays\\\/\",\"name\":\"Rhine drought threatens Germany's truck-free Sundays (update) - newmobility.news\",\"isPartOf\":{\"@id\":\"https:\\\/\\\/newmobility.news\\\/#website\"},\"primaryImageOfPage\":{\"@id\":\"https:\\\/\\\/newmobility.news\\\/2026\\\/08\\\/10\\\/rhine-drought-threatens-germanys-truck-free-sundays\\\/#primaryimage\"},\"image\":{\"@id\":\"https:\\\/\\\/newmobility.news\\\/2026\\\/08\\\/10\\\/rhine-drought-threatens-germanys-truck-free-sundays\\\/#primaryimage\"},\"thumbnailUrl\":\"https:\\\/\\\/i0.wp.com\\\/newmobility.news\\\/wp-content\\\/uploads\\\/2026\\\/08\\\/Scherm%C2%ADafbeelding-2026-08-07-om-09.57.39.png?fit=2220%2C1758&ssl=1\",\"datePublished\":\"2026-08-10T07:15:46+00:00\",\"breadcrumb\":{\"@id\":\"https:\\\/\\\/newmobility.news\\\/2026\\\/08\\\/10\\\/rhine-drought-threatens-germanys-truck-free-sundays\\\/#breadcrumb\"},\"inLanguage\":\"fr-BE\",\"potentialAction\":[{\"@type\":\"ReadAction\",\"target\":[\"https:\\\/\\\/newmobility.news\\\/2026\\\/08\\\/10\\\/rhine-drought-threatens-germanys-truck-free-sundays\\\/\"]}]},{\"@type\":\"ImageObject\",\"inLanguage\":\"fr-BE\",\"@id\":\"https:\\\/\\\/newmobility.news\\\/2026\\\/08\\\/10\\\/rhine-drought-threatens-germanys-truck-free-sundays\\\/#primaryimage\",\"url\":\"https:\\\/\\\/i0.wp.com\\\/newmobility.news\\\/wp-content\\\/uploads\\\/2026\\\/08\\\/Scherm%C2%ADafbeelding-2026-08-07-om-09.57.39.png?fit=2220%2C1758&ssl=1\",\"contentUrl\":\"https:\\\/\\\/i0.wp.com\\\/newmobility.news\\\/wp-content\\\/uploads\\\/2026\\\/08\\\/Scherm%C2%ADafbeelding-2026-08-07-om-09.57.39.png?fit=2220%2C1758&ssl=1\",\"width\":2220,\"height\":1758,\"caption\":\"Two cargo barges pass each other \u2018in better times\u2019 on the Rhine in Germany. Extremely low-water levels are now forcing part of the river freight onto road and rail \\\/Bernd Dittrich, Unsplash\"},{\"@type\":\"BreadcrumbList\",\"@id\":\"https:\\\/\\\/newmobility.news\\\/2026\\\/08\\\/10\\\/rhine-drought-threatens-germanys-truck-free-sundays\\\/#breadcrumb\",\"itemListElement\":[{\"@type\":\"ListItem\",\"position\":1,\"name\":\"Home\",\"item\":\"https:\\\/\\\/newmobility.news\\\/\"},{\"@type\":\"ListItem\",\"position\":2,\"name\":\"Rhine drought threatens Germany&#8217;s truck-free Sundays (update)\"}]},{\"@type\":\"WebSite\",\"@id\":\"https:\\\/\\\/newmobility.news\\\/#website\",\"url\":\"https:\\\/\\\/newmobility.news\\\/\",\"name\":\"newmobility.news\",\"description\":\"A B2BNews Agency\u00ae news service for mobility business proessional\",\"publisher\":{\"@id\":\"https:\\\/\\\/newmobility.news\\\/#organization\"},\"potentialAction\":[{\"@type\":\"SearchAction\",\"target\":{\"@type\":\"EntryPoint\",\"urlTemplate\":\"https:\\\/\\\/newmobility.news\\\/?s={search_term_string}\"},\"query-input\":{\"@type\":\"PropertyValueSpecification\",\"valueRequired\":true,\"valueName\":\"search_term_string\"}}],\"inLanguage\":\"fr-BE\"},{\"@type\":\"Organization\",\"@id\":\"https:\\\/\\\/newmobility.news\\\/#organization\",\"name\":\"B2BNews Agency\",\"url\":\"https:\\\/\\\/newmobility.news\\\/\",\"logo\":{\"@type\":\"ImageObject\",\"inLanguage\":\"fr-BE\",\"@id\":\"https:\\\/\\\/newmobility.news\\\/#\\\/schema\\\/logo\\\/image\\\/\",\"url\":\"https:\\\/\\\/newmobility.news\\\/wp-content\\\/uploads\\\/2018\\\/01\\\/b2bnews-agency-logo.png\",\"contentUrl\":\"https:\\\/\\\/newmobility.news\\\/wp-content\\\/uploads\\\/2018\\\/01\\\/b2bnews-agency-logo.png\",\"width\":\"581\",\"height\":\"117\",\"caption\":\"B2BNews Agency\"},\"image\":{\"@id\":\"https:\\\/\\\/newmobility.news\\\/#\\\/schema\\\/logo\\\/image\\\/\"},\"sameAs\":[\"https:\\\/\\\/www.facebook.com\\\/search\\\/top\\\/?q=newmobility.news\",\"https:\\\/\\\/x.com\\\/jorisvry\",\"https:\\\/\\\/www.linkedin.com\\\/in\\\/jorisvanroy\\\/\",\"https:\\\/\\\/nl.pinterest.com\\\/jorisvanroy\\\/\"]},{\"@type\":\"Person\",\"@id\":\"https:\\\/\\\/newmobility.news\\\/#\\\/schema\\\/person\\\/7540fd72a981bf6a315ba1b874c2a464\",\"name\":\"Hilde Van Raemdonck\",\"image\":{\"@type\":\"ImageObject\",\"inLanguage\":\"fr-BE\",\"@id\":\"https:\\\/\\\/secure.gravatar.com\\\/avatar\\\/df873a81c6773757375a21da8c2465de0552095dede94d299763768ab1b36cef?s=96&d=mm&r=g\",\"url\":\"https:\\\/\\\/secure.gravatar.com\\\/avatar\\\/df873a81c6773757375a21da8c2465de0552095dede94d299763768ab1b36cef?s=96&d=mm&r=g\",\"contentUrl\":\"https:\\\/\\\/secure.gravatar.com\\\/avatar\\\/df873a81c6773757375a21da8c2465de0552095dede94d299763768ab1b36cef?s=96&d=mm&r=g\",\"caption\":\"Hilde Van Raemdonck\"},\"url\":\"https:\\\/\\\/newmobility.news\\\/fr\\\/author\\\/hilde-van-raemdonck\\\/\"}]}<\/script>\n<!-- \/ Yoast SEO plugin. -->","yoast_head_json":{"title":"La s\u00e9cheresse sur le Rhin menace les dimanches sans camions en Allemagne (mise \u00e0 jour) - newmobility.news","robots":{"index":"index","follow":"follow","max-snippet":"max-snippet:-1","max-image-preview":"max-image-preview:large","max-video-preview":"max-video-preview:-1"},"canonical":"https:\/\/newmobility.news\/fr\/2026\/08\/10\/rhine-drought-threatens-germanys-truck-free-sundays\/","og_locale":"fr_FR","og_type":"article","og_title":"Rhine drought threatens Germany's truck-free Sundays (update) - newmobility.news","og_description":"Four German federal states are temporarily lifting the driving ban that has kept trucks off the highways on Sundays and public holidays since 1956. The measure came into effect this weekend and is intended to provide an alternative to waterborne transport, given the extremely low water levels of the Read this article now for free! [&hellip;]","og_url":"https:\/\/newmobility.news\/fr\/2026\/08\/10\/rhine-drought-threatens-germanys-truck-free-sundays\/","og_site_name":"newmobility.news","article_publisher":"https:\/\/www.facebook.com\/search\/top\/?q=newmobility.news","article_published_time":"2026-08-10T07:15:46+00:00","og_image":[{"width":1024,"height":811,"url":"https:\/\/newmobility.news\/wp-content\/uploads\/2026\/08\/Scherm\u00adafbeelding-2026-08-07-om-09.57.39-1024x811.png","type":"image\/png"}],"author":"Hilde Van Raemdonck","twitter_card":"summary_large_image","twitter_creator":"@jorisvry","twitter_site":"@jorisvry","twitter_misc":{"\u00c9crit par":"Hilde Van Raemdonck","Dur\u00e9e de lecture est.":"4 minutes"},"schema":{"@context":"https:\/\/schema.org","@graph":[{"@type":"Article","@id":"https:\/\/newmobility.news\/2026\/08\/10\/rhine-drought-threatens-germanys-truck-free-sundays\/#article","isPartOf":{"@id":"https:\/\/newmobility.news\/2026\/08\/10\/rhine-drought-threatens-germanys-truck-free-sundays\/"},"author":{"name":"Hilde Van Raemdonck","@id":"https:\/\/newmobility.news\/#\/schema\/person\/7540fd72a981bf6a315ba1b874c2a464"},"headline":"Rhine drought threatens Germany&#8217;s truck-free Sundays (update)","datePublished":"2026-08-10T07:15:46+00:00","mainEntityOfPage":{"@id":"https:\/\/newmobility.news\/2026\/08\/10\/rhine-drought-threatens-germanys-truck-free-sundays\/"},"wordCount":745,"publisher":{"@id":"https:\/\/newmobility.news\/#organization"},"image":{"@id":"https:\/\/newmobility.news\/2026\/08\/10\/rhine-drought-threatens-germanys-truck-free-sundays\/#primaryimage"},"thumbnailUrl":"https:\/\/i0.wp.com\/newmobility.news\/wp-content\/uploads\/2026\/08\/Scherm%C2%ADafbeelding-2026-08-07-om-09.57.39.png?fit=2220%2C1758&ssl=1","articleSection":["Climate","Industry","Legislation","Maritime","Mobility","Top Stories Today","Transport"],"inLanguage":"fr-BE"},{"@type":"WebPage","@id":"https:\/\/newmobility.news\/2026\/08\/10\/rhine-drought-threatens-germanys-truck-free-sundays\/","url":"https:\/\/newmobility.news\/2026\/08\/10\/rhine-drought-threatens-germanys-truck-free-sundays\/","name":"La s\u00e9cheresse sur le Rhin menace les dimanches sans camions en Allemagne (mise \u00e0 jour) - newmobility.news","isPartOf":{"@id":"https:\/\/newmobility.news\/#website"},"primaryImageOfPage":{"@id":"https:\/\/newmobility.news\/2026\/08\/10\/rhine-drought-threatens-germanys-truck-free-sundays\/#primaryimage"},"image":{"@id":"https:\/\/newmobility.news\/2026\/08\/10\/rhine-drought-threatens-germanys-truck-free-sundays\/#primaryimage"},"thumbnailUrl":"https:\/\/i0.wp.com\/newmobility.news\/wp-content\/uploads\/2026\/08\/Scherm%C2%ADafbeelding-2026-08-07-om-09.57.39.png?fit=2220%2C1758&ssl=1","datePublished":"2026-08-10T07:15:46+00:00","breadcrumb":{"@id":"https:\/\/newmobility.news\/2026\/08\/10\/rhine-drought-threatens-germanys-truck-free-sundays\/#breadcrumb"},"inLanguage":"fr-BE","potentialAction":[{"@type":"ReadAction","target":["https:\/\/newmobility.news\/2026\/08\/10\/rhine-drought-threatens-germanys-truck-free-sundays\/"]}]},{"@type":"ImageObject","inLanguage":"fr-BE","@id":"https:\/\/newmobility.news\/2026\/08\/10\/rhine-drought-threatens-germanys-truck-free-sundays\/#primaryimage","url":"https:\/\/i0.wp.com\/newmobility.news\/wp-content\/uploads\/2026\/08\/Scherm%C2%ADafbeelding-2026-08-07-om-09.57.39.png?fit=2220%2C1758&ssl=1","contentUrl":"https:\/\/i0.wp.com\/newmobility.news\/wp-content\/uploads\/2026\/08\/Scherm%C2%ADafbeelding-2026-08-07-om-09.57.39.png?fit=2220%2C1758&ssl=1","width":2220,"height":1758,"caption":"Two cargo barges pass each other \u2018in better times\u2019 on the Rhine in Germany. Extremely low-water levels are now forcing part of the river freight onto road and rail \/Bernd Dittrich, Unsplash"},{"@type":"BreadcrumbList","@id":"https:\/\/newmobility.news\/2026\/08\/10\/rhine-drought-threatens-germanys-truck-free-sundays\/#breadcrumb","itemListElement":[{"@type":"ListItem","position":1,"name":"Home","item":"https:\/\/newmobility.news\/"},{"@type":"ListItem","position":2,"name":"Rhine drought threatens Germany&#8217;s truck-free Sundays (update)"}]},{"@type":"WebSite","@id":"https:\/\/newmobility.news\/#website","url":"https:\/\/newmobility.news\/","name":"nouveaumobilit\u00e9.actualit\u00e9s","description":"Un service d'information B2BNews Agency\u00ae destin\u00e9 aux professionnels de la mobilit\u00e9","publisher":{"@id":"https:\/\/newmobility.news\/#organization"},"potentialAction":[{"@type":"SearchAction","target":{"@type":"EntryPoint","urlTemplate":"https:\/\/newmobility.news\/?s={search_term_string}"},"query-input":{"@type":"PropertyValueSpecification","valueRequired":true,"valueName":"search_term_string"}}],"inLanguage":"fr-BE"},{"@type":"Organization","@id":"https:\/\/newmobility.news\/#organization","name":"Agence de presse B2BNews","url":"https:\/\/newmobility.news\/","logo":{"@type":"ImageObject","inLanguage":"fr-BE","@id":"https:\/\/newmobility.news\/#\/schema\/logo\/image\/","url":"https:\/\/newmobility.news\/wp-content\/uploads\/2018\/01\/b2bnews-agency-logo.png","contentUrl":"https:\/\/newmobility.news\/wp-content\/uploads\/2018\/01\/b2bnews-agency-logo.png","width":"581","height":"117","caption":"B2BNews Agency"},"image":{"@id":"https:\/\/newmobility.news\/#\/schema\/logo\/image\/"},"sameAs":["https:\/\/www.facebook.com\/search\/top\/?q=newmobility.news","https:\/\/x.com\/jorisvry","https:\/\/www.linkedin.com\/in\/jorisvanroy\/","https:\/\/nl.pinterest.com\/jorisvanroy\/"]},{"@type":"Person","@id":"https:\/\/newmobility.news\/#\/schema\/person\/7540fd72a981bf6a315ba1b874c2a464","name":"Hilde Van Raemdonck","image":{"@type":"ImageObject","inLanguage":"fr-BE","@id":"https:\/\/secure.gravatar.com\/avatar\/df873a81c6773757375a21da8c2465de0552095dede94d299763768ab1b36cef?s=96&d=mm&r=g","url":"https:\/\/secure.gravatar.com\/avatar\/df873a81c6773757375a21da8c2465de0552095dede94d299763768ab1b36cef?s=96&d=mm&r=g","contentUrl":"https:\/\/secure.gravatar.com\/avatar\/df873a81c6773757375a21da8c2465de0552095dede94d299763768ab1b36cef?s=96&d=mm&r=g","caption":"Hilde Van Raemdonck"},"url":"https:\/\/newmobility.news\/fr\/author\/hilde-van-raemdonck\/"}]}},"jetpack_publicize_connections":[],"jetpack_shortlink":"https:\/\/wp.me\/p9wJdU-NHs","jetpack_sharing_enabled":true,"jetpack_likes_enabled":true,"jetpack-related-posts":[],"jetpack_featured_media_url":"https:\/\/i0.wp.com\/newmobility.news\/wp-content\/uploads\/2026\/08\/Scherm%C2%ADafbeelding-2026-08-07-om-09.57.39.png?fit=2220%2C1758&ssl=1","_links":{"self":[{"href":"https:\/\/newmobility.news\/fr\/wp-json\/wp\/v2\/posts\/191050","targetHints":{"allow":["GET"]}}],"collection":[{"href":"https:\/\/newmobility.news\/fr\/wp-json\/wp\/v2\/posts"}],"about":[{"href":"https:\/\/newmobility.news\/fr\/wp-json\/wp\/v2\/types\/post"}],"author":[{"embeddable":true,"href":"https:\/\/newmobility.news\/fr\/wp-json\/wp\/v2\/users\/175"}],"replies":[{"embeddable":true,"href":"https:\/\/newmobility.news\/fr\/wp-json\/wp\/v2\/comments?post=191050"}],"version-history":[{"count":6,"href":"https:\/\/newmobility.news\/fr\/wp-json\/wp\/v2\/posts\/191050\/revisions"}],"predecessor-version":[{"id":191125,"href":"https:\/\/newmobility.news\/fr\/wp-json\/wp\/v2\/posts\/191050\/revisions\/191125"}],"wp:featuredmedia":[{"embeddable":true,"href":"https:\/\/newmobility.news\/fr\/wp-json\/wp\/v2\/media\/191075"}],"wp:attachment":[{"href":"https:\/\/newmobility.news\/fr\/wp-json\/wp\/v2\/media?parent=191050"}],"wp:term":[{"taxonomy":"category","embeddable":true,"href":"https:\/\/newmobility.news\/fr\/wp-json\/wp\/v2\/categories?post=191050"},{"taxonomy":"post_tag","embeddable":true,"href":"https:\/\/newmobility.news\/fr\/wp-json\/wp\/v2\/tags?post=191050"}],"curies":[{"name":"wp","href":"https:\/\/api.w.org\/{rel}","templated":true}]}}