{"id":191055,"date":"2026-08-07T10:34:13","date_gmt":"2026-08-07T08:34:13","guid":{"rendered":"https:\/\/newmobility.news\/?p=191055"},"modified":"2026-08-07T11:39:33","modified_gmt":"2026-08-07T09:39:33","slug":"china-filing-unmasks-smart-2-nine-weeks-before-paris-premiere","status":"publish","type":"post","link":"https:\/\/newmobility.news\/fr\/2026\/08\/07\/china-filing-unmasks-smart-2-nine-weeks-before-paris-premiere\/","title":{"rendered":"Un d\u00e9p\u00f4t de brevet en Chine d\u00e9voile le Smart #2 neuf semaines avant sa premi\u00e8re \u00e0 Paris"},"content":{"rendered":"Un peu plus de neuf semaines avant sa pr\u00e9sentation officielle au Salon de l'automobile de Paris, la nouvelle Smart #2 a \u00e9t\u00e9 d\u00e9voil\u00e9e par des documents r\u00e9glementaires chinois.\n\nCe mod\u00e8le de s\u00e9rie, pratiquement sans camouflage, fait son apparition six semaines apr\u00e8s que Wolfgang Ufer, PDG de Smart Europe, a d\u00e9clar\u00e9 \u00e0 Newmobility.news qu'il serait dans un premier temps construit en Chi<div class=\"leaky_paywall_message_wrap\"><div id=\"leaky_paywall_message\"><img data-recalc-dims=\"1\" decoding=\"async\" class=\"nag_logo\" src=\"https:\/\/i0.wp.com\/newmobility.news\/wp-content\/uploads\/2022\/02\/nmn-logo-long-transparent-small-4.png?w=300&#038;ssl=1\"  alt=\"Actualit\u00e9s sur les nouvelles mobilit\u00e9s\" \/>\r\n\r\n<h2 class=\"text-center\">\r\n\tLisez cet article gratuitement d\u00e8s maintenant !\r\n<\/h2>\r\nCr\u00e9ez un compte gratuit pour acc\u00e9der \u00e0 cet article et profiter pleinement de New Mobility.\r\n\n\t\t<div id=\"leaky-paywall-quick-register\" class=\"inline\">\n\t\t\t<form id=\"leaky-paywall-quick-register-form\" method=\"POST\" action=\"\" data-trp-original-action=\"\">\n\n\t\t\t\t\n\t\t\t\t\n\t\t\t\t\n\t\t\t\t<p class=\"form-field email-field\">\n\t\t\t\t\t<label for=\"email\">Courriel<\/label>\n\t\t\t\t\t<input class=\"email\" type=\"email\" name=\"email\" placeholder=\"Entrez votre adresse e-mail\" value=\"\" required>\n\t\t\t\t<\/p>\n\n\t\t\t\t\t\t\t\t\t<p class=\"form-field password-field\">\n\t\t\t\t\t\t<label for=\"password\">Mot de passe<\/label>\n\t\t\t\t\t\t<input class=\"password\" type=\"password\" name=\"password\" placeholder=\"Cr\u00e9er un mot de passe\" value=\"\" required>\n\t\t\t\t\t<\/p>\n\t\t\t\t\n\t\t\t\t\n\t\t\t\t<input name=\"company_url\" type=\"text\" value=\"\" autocomplete=\"off\" tabindex=\"-1\" style=\"display:none !important; position:absolute; left:-9999px;\" \/>\n\n\t\t\t\t<input type=\"hidden\" name=\"level_id\" value=\"20\">\n\n\t\t\t\t<input type=\"submit\" value=\"Inscrivez-vous gratuitement\">\n\n\t\t\t\t\n\t\t\t<input type=\"hidden\" name=\"trp-form-language\" value=\"fr\"\/><\/form>\n\n\t\t\t<div id=\"leaky-paywall-quick-register-errors\"><\/div>\n\t\t<\/div>\n\n\r\n\r\n<p class=\"text-center\"><strong>\u2014 OU \u2014<\/strong>\r\n\r\n<p class=\"text-center\"><strong>Abonnez-vous d\u00e8s maintenant<\/strong> B\u00e9n\u00e9ficiez d'un acc\u00e8s illimit\u00e9 au contenu original de nos partenaires \u00e9ditoriaux, recevez des alertes sur les derni\u00e8res actualit\u00e9s et obtenez chaque jour un r\u00e9sum\u00e9 r\u00e9dig\u00e9 par nos journalistes sp\u00e9cialis\u00e9s des articles incontournables sur votre secteur.<\/p>\r\n\r\n<div class=\"nag_buttons\">\r\n\t<a class=\"button\" href=\"https:\/\/newmobility.news\/fr\/abonnement\/\">Abonnez-vous d\u00e8s maintenant<\/a> \r\n\t<span class=\"nag_button_divider\"> ou <\/span> \r\n\t<a href=\"https:\/\/newmobility.news\/fr\/log-in\/\">CONNEXION<\/a>\r\n<\/div><\/div><\/div>","protected":false},"excerpt":{"rendered":"<p>Just over nine weeks before its official premiere at the Paris Motor Show, the new Smart #2 has been exposed by Chinese regulatory filings. The virtually undisguised production car appears six weeks after Smart Europe CEO Wolfgang Ufer told Newmobility.news that it would initially be built in Chi Read this article now for free! Register [&hellip;]<\/p>\n","protected":false},"author":21,"featured_media":191060,"comment_status":"closed","ping_status":"closed","sticky":false,"template":"","format":"standard","meta":{"_acf_changed":false,"_jetpack_newsletter_access":"","_jetpack_dont_email_post_to_subs":false,"_jetpack_newsletter_tier_id":0,"_jetpack_memberships_contains_paywalled_content":false,"_jetpack_feature_clip_id":0,"_jetpack_memberships_contains_paid_content":false,"footnotes":"","jetpack_publicize_message":"{title}\r\n\r\n{excerpt}\r\n\r\n{url}","jetpack_publicize_feature_enabled":true,"jetpack_social_post_already_shared":true,"jetpack_social_options":{"image_generator_settings":{"template":"highway","default_image_id":0,"font":"","enabled":false},"version":2},"_wpas_customize_per_network":false,"jetpack_post_was_ever_published":false},"categories":[77160,8,6,4,17],"tags":[],"class_list":["post-191055","post","type-post","status-publish","format-standard","has-post-thumbnail","hentry","category-china","category-product","category-technology","category-top-stories-today","category-weekly-newsletter"],"acf":[],"featured_image_urls_v2":{"full":["https:\/\/i0.wp.com\/newmobility.news\/wp-content\/uploads\/2026\/08\/Scherm%C2%ADafbeelding-2026-08-07-om-10.19.37.png?fit=2380%2C1346&ssl=1",2380,1346,false],"thumbnail":["https:\/\/i0.wp.com\/newmobility.news\/wp-content\/uploads\/2026\/08\/Scherm%C2%ADafbeelding-2026-08-07-om-10.19.37.png?resize=150%2C150&ssl=1",150,150,true],"medium":["https:\/\/i0.wp.com\/newmobility.news\/wp-content\/uploads\/2026\/08\/Scherm%C2%ADafbeelding-2026-08-07-om-10.19.37.png?fit=300%2C170&ssl=1",300,170,true],"medium_large":["https:\/\/i0.wp.com\/newmobility.news\/wp-content\/uploads\/2026\/08\/Scherm%C2%ADafbeelding-2026-08-07-om-10.19.37.png?fit=640%2C362&ssl=1",640,362,true],"large":["https:\/\/i0.wp.com\/newmobility.news\/wp-content\/uploads\/2026\/08\/Scherm%C2%ADafbeelding-2026-08-07-om-10.19.37.png?fit=640%2C362&ssl=1",640,362,true],"1536x1536":["https:\/\/i0.wp.com\/newmobility.news\/wp-content\/uploads\/2026\/08\/Scherm%C2%ADafbeelding-2026-08-07-om-10.19.37.png?fit=1536%2C869&ssl=1",1536,869,true],"2048x2048":["https:\/\/i0.wp.com\/newmobility.news\/wp-content\/uploads\/2026\/08\/Scherm%C2%ADafbeelding-2026-08-07-om-10.19.37.png?fit=2048%2C1158&ssl=1",2048,1158,true],"trp-custom-language-flag":["https:\/\/i0.wp.com\/newmobility.news\/wp-content\/uploads\/2026\/08\/Scherm%C2%ADafbeelding-2026-08-07-om-10.19.37.png?fit=18%2C10&ssl=1",18,10,true],"related-thumb":["https:\/\/i0.wp.com\/newmobility.news\/wp-content\/uploads\/2026\/08\/Scherm%C2%ADafbeelding-2026-08-07-om-10.19.37.png?resize=640%2C480&ssl=1",640,480,true],"gform-image-choice-sm":["https:\/\/i0.wp.com\/newmobility.news\/wp-content\/uploads\/2026\/08\/Scherm%C2%ADafbeelding-2026-08-07-om-10.19.37.png?resize=300%2C300&ssl=1",300,300,true],"gform-image-choice-md":["https:\/\/i0.wp.com\/newmobility.news\/wp-content\/uploads\/2026\/08\/Scherm%C2%ADafbeelding-2026-08-07-om-10.19.37.png?resize=400%2C400&ssl=1",400,400,true],"gform-image-choice-lg":["https:\/\/i0.wp.com\/newmobility.news\/wp-content\/uploads\/2026\/08\/Scherm%C2%ADafbeelding-2026-08-07-om-10.19.37.png?resize=600%2C600&ssl=1",600,600,true],"mailchimp":["https:\/\/i0.wp.com\/newmobility.news\/wp-content\/uploads\/2026\/08\/Scherm%C2%ADafbeelding-2026-08-07-om-10.19.37.png?fit=560%2C317&ssl=1",560,317,true],"unipress-phone":["https:\/\/i0.wp.com\/newmobility.news\/wp-content\/uploads\/2026\/08\/Scherm%C2%ADafbeelding-2026-08-07-om-10.19.37.png?resize=640%2C100&ssl=1",640,100,true],"unipress-tablet":["https:\/\/i0.wp.com\/newmobility.news\/wp-content\/uploads\/2026\/08\/Scherm%C2%ADafbeelding-2026-08-07-om-10.19.37.png?resize=1536%2C240&ssl=1",1536,240,true],"unipress-tablet-portrait":["https:\/\/i0.wp.com\/newmobility.news\/wp-content\/uploads\/2026\/08\/Scherm%C2%ADafbeelding-2026-08-07-om-10.19.37.png?resize=1536%2C180&ssl=1",1536,180,true],"unipress-tablet-landscape":["https:\/\/i0.wp.com\/newmobility.news\/wp-content\/uploads\/2026\/08\/Scherm%C2%ADafbeelding-2026-08-07-om-10.19.37.png?resize=2048%2C180&ssl=1",2048,180,true],"unipress-smartphone":["https:\/\/i0.wp.com\/newmobility.news\/wp-content\/uploads\/2026\/08\/Scherm%C2%ADafbeelding-2026-08-07-om-10.19.37.png?resize=1080%2C168&ssl=1",1080,168,true],"unipress-wide-screen":["https:\/\/i0.wp.com\/newmobility.news\/wp-content\/uploads\/2026\/08\/Scherm%C2%ADafbeelding-2026-08-07-om-10.19.37.png?resize=2380%2C180&ssl=1",2380,180,true]},"post_excerpt_stackable_v2":"<p>Just over nine weeks before its official premiere at the Paris Motor Show, the new Smart #2 has been exposed by Chinese regulatory filings. The virtually undisguised production car appears six weeks after Smart Europe CEO Wolfgang Ufer told Newmobility.news that it would initially be built in Chi Read this article now for free! Register a free account and gain access to this article and get more from New Mobility Email Password \u2014 OR \u2014 Subscribe now Get unlimited access to the original content of our publishing partners, be alerted on breaking news and get a daily business summary, composed&hellip;<\/p>\n","category_list_v2":"<a href=\"https:\/\/newmobility.news\/fr\/category\/china\/\" rel=\"category tag\">China<\/a>, <a href=\"https:\/\/newmobility.news\/fr\/category\/product\/\" rel=\"category tag\">Product<\/a>, <a href=\"https:\/\/newmobility.news\/fr\/category\/technology\/\" rel=\"category tag\">Technology<\/a>, <a href=\"https:\/\/newmobility.news\/fr\/category\/top-stories-today\/\" rel=\"category tag\">Top Stories Today<\/a>, <a href=\"https:\/\/newmobility.news\/fr\/category\/weekly-newsletter\/\" rel=\"category tag\">Weekly Newsletter<\/a>","author_info_v2":{"name":"Joris Van Roy","url":"https:\/\/newmobility.news\/fr\/author\/jorisximcom-be\/"},"comments_num_v2":"0 comments","yoast_head":"<!-- This site is optimized with the Yoast SEO plugin v28.4 - https:\/\/yoast.com\/product\/yoast-seo-wordpress\/ -->\n<title>China filing unmasks Smart #2 nine weeks before Paris premiere - newmobility.news<\/title>\n<meta name=\"robots\" content=\"index, follow, max-snippet:-1, max-image-preview:large, max-video-preview:-1\" \/>\n<link rel=\"canonical\" href=\"https:\/\/newmobility.news\/fr\/2026\/08\/07\/china-filing-unmasks-smart-2-nine-weeks-before-paris-premiere\/\" \/>\n<meta property=\"og:locale\" content=\"fr_FR\" \/>\n<meta property=\"og:type\" content=\"article\" \/>\n<meta property=\"og:title\" content=\"China filing unmasks Smart #2 nine weeks before Paris premiere - newmobility.news\" \/>\n<meta property=\"og:description\" content=\"Just over nine weeks before its official premiere at the Paris Motor Show, the new Smart #2 has been exposed by Chinese regulatory filings. The virtually undisguised production car appears six weeks after Smart Europe CEO Wolfgang Ufer told Newmobility.news that it would initially be built in Chi Read this article now for free! Register [&hellip;]\" \/>\n<meta property=\"og:url\" content=\"https:\/\/newmobility.news\/fr\/2026\/08\/07\/china-filing-unmasks-smart-2-nine-weeks-before-paris-premiere\/\" \/>\n<meta property=\"og:site_name\" content=\"newmobility.news\" \/>\n<meta property=\"article:publisher\" content=\"https:\/\/www.facebook.com\/search\/top\/?q=newmobility.news\" \/>\n<meta property=\"article:published_time\" content=\"2026-08-07T08:34:13+00:00\" \/>\n<meta property=\"article:modified_time\" content=\"2026-08-07T09:39:33+00:00\" \/>\n<meta property=\"og:image\" content=\"https:\/\/newmobility.news\/wp-content\/uploads\/2026\/08\/Scherm\u00adafbeelding-2026-08-07-om-10.19.37.png\" \/>\n\t<meta property=\"og:image:width\" content=\"2380\" \/>\n\t<meta property=\"og:image:height\" content=\"1346\" \/>\n\t<meta property=\"og:image:type\" content=\"image\/png\" \/>\n<meta name=\"author\" content=\"Joris Van Roy\" \/>\n<meta name=\"twitter:card\" content=\"summary_large_image\" \/>\n<meta name=\"twitter:creator\" content=\"@jorisvry\" \/>\n<meta name=\"twitter:site\" content=\"@jorisvry\" \/>\n<meta name=\"twitter:label1\" content=\"\u00c9crit par\" \/>\n\t<meta name=\"twitter:data1\" content=\"Joris Van Roy\" \/>\n\t<meta name=\"twitter:label2\" content=\"Dur\u00e9e de lecture est.\" \/>\n\t<meta name=\"twitter:data2\" content=\"5 minutes\" \/>\n<script type=\"application\/ld+json\" class=\"yoast-schema-graph\">{\"@context\":\"https:\\\/\\\/schema.org\",\"@graph\":[{\"@type\":\"Article\",\"@id\":\"https:\\\/\\\/newmobility.news\\\/2026\\\/08\\\/07\\\/china-filing-unmasks-smart-2-nine-weeks-before-paris-premiere\\\/#article\",\"isPartOf\":{\"@id\":\"https:\\\/\\\/newmobility.news\\\/2026\\\/08\\\/07\\\/china-filing-unmasks-smart-2-nine-weeks-before-paris-premiere\\\/\"},\"author\":{\"name\":\"Joris Van Roy\",\"@id\":\"https:\\\/\\\/newmobility.news\\\/#\\\/schema\\\/person\\\/993f2da7cd774079044984132dee0ef0\"},\"headline\":\"China filing unmasks Smart #2 nine weeks before Paris premiere\",\"datePublished\":\"2026-08-07T08:34:13+00:00\",\"dateModified\":\"2026-08-07T09:39:33+00:00\",\"mainEntityOfPage\":{\"@id\":\"https:\\\/\\\/newmobility.news\\\/2026\\\/08\\\/07\\\/china-filing-unmasks-smart-2-nine-weeks-before-paris-premiere\\\/\"},\"wordCount\":828,\"publisher\":{\"@id\":\"https:\\\/\\\/newmobility.news\\\/#organization\"},\"image\":{\"@id\":\"https:\\\/\\\/newmobility.news\\\/2026\\\/08\\\/07\\\/china-filing-unmasks-smart-2-nine-weeks-before-paris-premiere\\\/#primaryimage\"},\"thumbnailUrl\":\"https:\\\/\\\/i0.wp.com\\\/newmobility.news\\\/wp-content\\\/uploads\\\/2026\\\/08\\\/Scherm%C2%ADafbeelding-2026-08-07-om-10.19.37.png?fit=2380%2C1346&ssl=1\",\"articleSection\":[\"China\",\"Product\",\"Technology\",\"Top Stories Today\",\"Weekly Newsletter\"],\"inLanguage\":\"fr-BE\"},{\"@type\":\"WebPage\",\"@id\":\"https:\\\/\\\/newmobility.news\\\/2026\\\/08\\\/07\\\/china-filing-unmasks-smart-2-nine-weeks-before-paris-premiere\\\/\",\"url\":\"https:\\\/\\\/newmobility.news\\\/2026\\\/08\\\/07\\\/china-filing-unmasks-smart-2-nine-weeks-before-paris-premiere\\\/\",\"name\":\"China filing unmasks Smart #2 nine weeks before Paris premiere - newmobility.news\",\"isPartOf\":{\"@id\":\"https:\\\/\\\/newmobility.news\\\/#website\"},\"primaryImageOfPage\":{\"@id\":\"https:\\\/\\\/newmobility.news\\\/2026\\\/08\\\/07\\\/china-filing-unmasks-smart-2-nine-weeks-before-paris-premiere\\\/#primaryimage\"},\"image\":{\"@id\":\"https:\\\/\\\/newmobility.news\\\/2026\\\/08\\\/07\\\/china-filing-unmasks-smart-2-nine-weeks-before-paris-premiere\\\/#primaryimage\"},\"thumbnailUrl\":\"https:\\\/\\\/i0.wp.com\\\/newmobility.news\\\/wp-content\\\/uploads\\\/2026\\\/08\\\/Scherm%C2%ADafbeelding-2026-08-07-om-10.19.37.png?fit=2380%2C1346&ssl=1\",\"datePublished\":\"2026-08-07T08:34:13+00:00\",\"dateModified\":\"2026-08-07T09:39:33+00:00\",\"breadcrumb\":{\"@id\":\"https:\\\/\\\/newmobility.news\\\/2026\\\/08\\\/07\\\/china-filing-unmasks-smart-2-nine-weeks-before-paris-premiere\\\/#breadcrumb\"},\"inLanguage\":\"fr-BE\",\"potentialAction\":[{\"@type\":\"ReadAction\",\"target\":[\"https:\\\/\\\/newmobility.news\\\/2026\\\/08\\\/07\\\/china-filing-unmasks-smart-2-nine-weeks-before-paris-premiere\\\/\"]}]},{\"@type\":\"ImageObject\",\"inLanguage\":\"fr-BE\",\"@id\":\"https:\\\/\\\/newmobility.news\\\/2026\\\/08\\\/07\\\/china-filing-unmasks-smart-2-nine-weeks-before-paris-premiere\\\/#primaryimage\",\"url\":\"https:\\\/\\\/i0.wp.com\\\/newmobility.news\\\/wp-content\\\/uploads\\\/2026\\\/08\\\/Scherm%C2%ADafbeelding-2026-08-07-om-10.19.37.png?fit=2380%2C1346&ssl=1\",\"contentUrl\":\"https:\\\/\\\/i0.wp.com\\\/newmobility.news\\\/wp-content\\\/uploads\\\/2026\\\/08\\\/Scherm%C2%ADafbeelding-2026-08-07-om-10.19.37.png?fit=2380%2C1346&ssl=1\",\"width\":2380,\"height\":1346,\"caption\":\"The production Smart #2 has surfaced in Chinese regulatory filings, revealing the final bodywork and key technical specifications ahead of its official Paris Motor Show debut in October \\\/MIIT\"},{\"@type\":\"BreadcrumbList\",\"@id\":\"https:\\\/\\\/newmobility.news\\\/2026\\\/08\\\/07\\\/china-filing-unmasks-smart-2-nine-weeks-before-paris-premiere\\\/#breadcrumb\",\"itemListElement\":[{\"@type\":\"ListItem\",\"position\":1,\"name\":\"Home\",\"item\":\"https:\\\/\\\/newmobility.news\\\/\"},{\"@type\":\"ListItem\",\"position\":2,\"name\":\"China filing unmasks Smart #2 nine weeks before Paris premiere\"}]},{\"@type\":\"WebSite\",\"@id\":\"https:\\\/\\\/newmobility.news\\\/#website\",\"url\":\"https:\\\/\\\/newmobility.news\\\/\",\"name\":\"newmobility.news\",\"description\":\"A B2BNews Agency\u00ae news service for mobility business proessional\",\"publisher\":{\"@id\":\"https:\\\/\\\/newmobility.news\\\/#organization\"},\"potentialAction\":[{\"@type\":\"SearchAction\",\"target\":{\"@type\":\"EntryPoint\",\"urlTemplate\":\"https:\\\/\\\/newmobility.news\\\/?s={search_term_string}\"},\"query-input\":{\"@type\":\"PropertyValueSpecification\",\"valueRequired\":true,\"valueName\":\"search_term_string\"}}],\"inLanguage\":\"fr-BE\"},{\"@type\":\"Organization\",\"@id\":\"https:\\\/\\\/newmobility.news\\\/#organization\",\"name\":\"B2BNews Agency\",\"url\":\"https:\\\/\\\/newmobility.news\\\/\",\"logo\":{\"@type\":\"ImageObject\",\"inLanguage\":\"fr-BE\",\"@id\":\"https:\\\/\\\/newmobility.news\\\/#\\\/schema\\\/logo\\\/image\\\/\",\"url\":\"https:\\\/\\\/newmobility.news\\\/wp-content\\\/uploads\\\/2018\\\/01\\\/b2bnews-agency-logo.png\",\"contentUrl\":\"https:\\\/\\\/newmobility.news\\\/wp-content\\\/uploads\\\/2018\\\/01\\\/b2bnews-agency-logo.png\",\"width\":\"581\",\"height\":\"117\",\"caption\":\"B2BNews Agency\"},\"image\":{\"@id\":\"https:\\\/\\\/newmobility.news\\\/#\\\/schema\\\/logo\\\/image\\\/\"},\"sameAs\":[\"https:\\\/\\\/www.facebook.com\\\/search\\\/top\\\/?q=newmobility.news\",\"https:\\\/\\\/x.com\\\/jorisvry\",\"https:\\\/\\\/www.linkedin.com\\\/in\\\/jorisvanroy\\\/\",\"https:\\\/\\\/nl.pinterest.com\\\/jorisvanroy\\\/\"]},{\"@type\":\"Person\",\"@id\":\"https:\\\/\\\/newmobility.news\\\/#\\\/schema\\\/person\\\/993f2da7cd774079044984132dee0ef0\",\"name\":\"Joris Van Roy\",\"image\":{\"@type\":\"ImageObject\",\"inLanguage\":\"fr-BE\",\"@id\":\"https:\\\/\\\/secure.gravatar.com\\\/avatar\\\/b82919546c1cd9980bd2bc08f09d294c7cb92b3addd23cb9a4377a7b88b4349b?s=96&d=mm&r=g\",\"url\":\"https:\\\/\\\/secure.gravatar.com\\\/avatar\\\/b82919546c1cd9980bd2bc08f09d294c7cb92b3addd23cb9a4377a7b88b4349b?s=96&d=mm&r=g\",\"contentUrl\":\"https:\\\/\\\/secure.gravatar.com\\\/avatar\\\/b82919546c1cd9980bd2bc08f09d294c7cb92b3addd23cb9a4377a7b88b4349b?s=96&d=mm&r=g\",\"caption\":\"Joris Van Roy\"},\"url\":\"https:\\\/\\\/newmobility.news\\\/fr\\\/author\\\/jorisximcom-be\\\/\"}]}<\/script>\n<!-- \/ Yoast SEO plugin. -->","yoast_head_json":{"title":"Un d\u00e9p\u00f4t de brevet en Chine d\u00e9voile le Smart #2 neuf semaines avant sa premi\u00e8re \u00e0 Paris - newmobility.news","robots":{"index":"index","follow":"follow","max-snippet":"max-snippet:-1","max-image-preview":"max-image-preview:large","max-video-preview":"max-video-preview:-1"},"canonical":"https:\/\/newmobility.news\/fr\/2026\/08\/07\/china-filing-unmasks-smart-2-nine-weeks-before-paris-premiere\/","og_locale":"fr_FR","og_type":"article","og_title":"China filing unmasks Smart #2 nine weeks before Paris premiere - newmobility.news","og_description":"Just over nine weeks before its official premiere at the Paris Motor Show, the new Smart #2 has been exposed by Chinese regulatory filings. The virtually undisguised production car appears six weeks after Smart Europe CEO Wolfgang Ufer told Newmobility.news that it would initially be built in Chi Read this article now for free! Register [&hellip;]","og_url":"https:\/\/newmobility.news\/fr\/2026\/08\/07\/china-filing-unmasks-smart-2-nine-weeks-before-paris-premiere\/","og_site_name":"newmobility.news","article_publisher":"https:\/\/www.facebook.com\/search\/top\/?q=newmobility.news","article_published_time":"2026-08-07T08:34:13+00:00","article_modified_time":"2026-08-07T09:39:33+00:00","og_image":[{"width":2380,"height":1346,"url":"https:\/\/newmobility.news\/wp-content\/uploads\/2026\/08\/Scherm\u00adafbeelding-2026-08-07-om-10.19.37.png","type":"image\/png"}],"author":"Joris Van Roy","twitter_card":"summary_large_image","twitter_creator":"@jorisvry","twitter_site":"@jorisvry","twitter_misc":{"\u00c9crit par":"Joris Van Roy","Dur\u00e9e de lecture est.":"5 minutes"},"schema":{"@context":"https:\/\/schema.org","@graph":[{"@type":"Article","@id":"https:\/\/newmobility.news\/2026\/08\/07\/china-filing-unmasks-smart-2-nine-weeks-before-paris-premiere\/#article","isPartOf":{"@id":"https:\/\/newmobility.news\/2026\/08\/07\/china-filing-unmasks-smart-2-nine-weeks-before-paris-premiere\/"},"author":{"name":"Joris Van Roy","@id":"https:\/\/newmobility.news\/#\/schema\/person\/993f2da7cd774079044984132dee0ef0"},"headline":"China filing unmasks Smart #2 nine weeks before Paris premiere","datePublished":"2026-08-07T08:34:13+00:00","dateModified":"2026-08-07T09:39:33+00:00","mainEntityOfPage":{"@id":"https:\/\/newmobility.news\/2026\/08\/07\/china-filing-unmasks-smart-2-nine-weeks-before-paris-premiere\/"},"wordCount":828,"publisher":{"@id":"https:\/\/newmobility.news\/#organization"},"image":{"@id":"https:\/\/newmobility.news\/2026\/08\/07\/china-filing-unmasks-smart-2-nine-weeks-before-paris-premiere\/#primaryimage"},"thumbnailUrl":"https:\/\/i0.wp.com\/newmobility.news\/wp-content\/uploads\/2026\/08\/Scherm%C2%ADafbeelding-2026-08-07-om-10.19.37.png?fit=2380%2C1346&ssl=1","articleSection":["China","Product","Technology","Top Stories Today","Weekly Newsletter"],"inLanguage":"fr-BE"},{"@type":"WebPage","@id":"https:\/\/newmobility.news\/2026\/08\/07\/china-filing-unmasks-smart-2-nine-weeks-before-paris-premiere\/","url":"https:\/\/newmobility.news\/2026\/08\/07\/china-filing-unmasks-smart-2-nine-weeks-before-paris-premiere\/","name":"Un d\u00e9p\u00f4t de brevet en Chine d\u00e9voile le Smart #2 neuf semaines avant sa premi\u00e8re \u00e0 Paris - newmobility.news","isPartOf":{"@id":"https:\/\/newmobility.news\/#website"},"primaryImageOfPage":{"@id":"https:\/\/newmobility.news\/2026\/08\/07\/china-filing-unmasks-smart-2-nine-weeks-before-paris-premiere\/#primaryimage"},"image":{"@id":"https:\/\/newmobility.news\/2026\/08\/07\/china-filing-unmasks-smart-2-nine-weeks-before-paris-premiere\/#primaryimage"},"thumbnailUrl":"https:\/\/i0.wp.com\/newmobility.news\/wp-content\/uploads\/2026\/08\/Scherm%C2%ADafbeelding-2026-08-07-om-10.19.37.png?fit=2380%2C1346&ssl=1","datePublished":"2026-08-07T08:34:13+00:00","dateModified":"2026-08-07T09:39:33+00:00","breadcrumb":{"@id":"https:\/\/newmobility.news\/2026\/08\/07\/china-filing-unmasks-smart-2-nine-weeks-before-paris-premiere\/#breadcrumb"},"inLanguage":"fr-BE","potentialAction":[{"@type":"ReadAction","target":["https:\/\/newmobility.news\/2026\/08\/07\/china-filing-unmasks-smart-2-nine-weeks-before-paris-premiere\/"]}]},{"@type":"ImageObject","inLanguage":"fr-BE","@id":"https:\/\/newmobility.news\/2026\/08\/07\/china-filing-unmasks-smart-2-nine-weeks-before-paris-premiere\/#primaryimage","url":"https:\/\/i0.wp.com\/newmobility.news\/wp-content\/uploads\/2026\/08\/Scherm%C2%ADafbeelding-2026-08-07-om-10.19.37.png?fit=2380%2C1346&ssl=1","contentUrl":"https:\/\/i0.wp.com\/newmobility.news\/wp-content\/uploads\/2026\/08\/Scherm%C2%ADafbeelding-2026-08-07-om-10.19.37.png?fit=2380%2C1346&ssl=1","width":2380,"height":1346,"caption":"The production Smart #2 has surfaced in Chinese regulatory filings, revealing the final bodywork and key technical specifications ahead of its official Paris Motor Show debut in October \/MIIT"},{"@type":"BreadcrumbList","@id":"https:\/\/newmobility.news\/2026\/08\/07\/china-filing-unmasks-smart-2-nine-weeks-before-paris-premiere\/#breadcrumb","itemListElement":[{"@type":"ListItem","position":1,"name":"Home","item":"https:\/\/newmobility.news\/"},{"@type":"ListItem","position":2,"name":"China filing unmasks Smart #2 nine weeks before Paris premiere"}]},{"@type":"WebSite","@id":"https:\/\/newmobility.news\/#website","url":"https:\/\/newmobility.news\/","name":"nouveaumobilit\u00e9.actualit\u00e9s","description":"Un service d'information B2BNews Agency\u00ae destin\u00e9 aux professionnels de la mobilit\u00e9","publisher":{"@id":"https:\/\/newmobility.news\/#organization"},"potentialAction":[{"@type":"SearchAction","target":{"@type":"EntryPoint","urlTemplate":"https:\/\/newmobility.news\/?s={search_term_string}"},"query-input":{"@type":"PropertyValueSpecification","valueRequired":true,"valueName":"search_term_string"}}],"inLanguage":"fr-BE"},{"@type":"Organization","@id":"https:\/\/newmobility.news\/#organization","name":"Agence de presse B2BNews","url":"https:\/\/newmobility.news\/","logo":{"@type":"ImageObject","inLanguage":"fr-BE","@id":"https:\/\/newmobility.news\/#\/schema\/logo\/image\/","url":"https:\/\/newmobility.news\/wp-content\/uploads\/2018\/01\/b2bnews-agency-logo.png","contentUrl":"https:\/\/newmobility.news\/wp-content\/uploads\/2018\/01\/b2bnews-agency-logo.png","width":"581","height":"117","caption":"B2BNews Agency"},"image":{"@id":"https:\/\/newmobility.news\/#\/schema\/logo\/image\/"},"sameAs":["https:\/\/www.facebook.com\/search\/top\/?q=newmobility.news","https:\/\/x.com\/jorisvry","https:\/\/www.linkedin.com\/in\/jorisvanroy\/","https:\/\/nl.pinterest.com\/jorisvanroy\/"]},{"@type":"Person","@id":"https:\/\/newmobility.news\/#\/schema\/person\/993f2da7cd774079044984132dee0ef0","name":"Joris Van Roy","image":{"@type":"ImageObject","inLanguage":"fr-BE","@id":"https:\/\/secure.gravatar.com\/avatar\/b82919546c1cd9980bd2bc08f09d294c7cb92b3addd23cb9a4377a7b88b4349b?s=96&d=mm&r=g","url":"https:\/\/secure.gravatar.com\/avatar\/b82919546c1cd9980bd2bc08f09d294c7cb92b3addd23cb9a4377a7b88b4349b?s=96&d=mm&r=g","contentUrl":"https:\/\/secure.gravatar.com\/avatar\/b82919546c1cd9980bd2bc08f09d294c7cb92b3addd23cb9a4377a7b88b4349b?s=96&d=mm&r=g","caption":"Joris Van Roy"},"url":"https:\/\/newmobility.news\/fr\/author\/jorisximcom-be\/"}]}},"jetpack_publicize_connections":[],"jetpack_shortlink":"https:\/\/wp.me\/p9wJdU-NHx","jetpack_sharing_enabled":true,"jetpack_likes_enabled":true,"jetpack-related-posts":[],"jetpack_featured_media_url":"https:\/\/i0.wp.com\/newmobility.news\/wp-content\/uploads\/2026\/08\/Scherm%C2%ADafbeelding-2026-08-07-om-10.19.37.png?fit=2380%2C1346&ssl=1","_links":{"self":[{"href":"https:\/\/newmobility.news\/fr\/wp-json\/wp\/v2\/posts\/191055","targetHints":{"allow":["GET"]}}],"collection":[{"href":"https:\/\/newmobility.news\/fr\/wp-json\/wp\/v2\/posts"}],"about":[{"href":"https:\/\/newmobility.news\/fr\/wp-json\/wp\/v2\/types\/post"}],"author":[{"embeddable":true,"href":"https:\/\/newmobility.news\/fr\/wp-json\/wp\/v2\/users\/21"}],"replies":[{"embeddable":true,"href":"https:\/\/newmobility.news\/fr\/wp-json\/wp\/v2\/comments?post=191055"}],"version-history":[{"count":3,"href":"https:\/\/newmobility.news\/fr\/wp-json\/wp\/v2\/posts\/191055\/revisions"}],"predecessor-version":[{"id":191066,"href":"https:\/\/newmobility.news\/fr\/wp-json\/wp\/v2\/posts\/191055\/revisions\/191066"}],"wp:featuredmedia":[{"embeddable":true,"href":"https:\/\/newmobility.news\/fr\/wp-json\/wp\/v2\/media\/191060"}],"wp:attachment":[{"href":"https:\/\/newmobility.news\/fr\/wp-json\/wp\/v2\/media?parent=191055"}],"wp:term":[{"taxonomy":"category","embeddable":true,"href":"https:\/\/newmobility.news\/fr\/wp-json\/wp\/v2\/categories?post=191055"},{"taxonomy":"post_tag","embeddable":true,"href":"https:\/\/newmobility.news\/fr\/wp-json\/wp\/v2\/tags?post=191055"}],"curies":[{"name":"wp","href":"https:\/\/api.w.org\/{rel}","templated":true}]}}