{"id":191167,"date":"2026-08-10T12:15:07","date_gmt":"2026-08-10T10:15:07","guid":{"rendered":"https:\/\/newmobility.news\/?p=191167"},"modified":"2026-08-11T10:58:46","modified_gmt":"2026-08-11T08:58:46","slug":"zero-pays-new-riders-as-europes-electric-motorcycle-battle-heats-up","status":"publish","type":"post","link":"https:\/\/newmobility.news\/fr\/2026\/08\/10\/zero-pays-new-riders-as-europes-electric-motorcycle-battle-heats-up\/","title":{"rendered":"Zero r\u00e9mun\u00e8re ses nouveaux motards alors que la bataille des motos \u00e9lectriques s'intensifie en Europe"},"content":{"rendered":"<p>Zero Motorcycles offre jusqu'\u00e0 500 \u20ac aux motards europ\u00e9ens qui viennent d'obtenir leur permis pour les inciter \u00e0 opter pour un mod\u00e8le \u00e9lectrique. Le constructeur am\u00e9ricain cherche ainsi \u00e0 \u00e9largir sa client\u00e8le, alors m\u00eame que la concurrence sur le march\u00e9 des motos \u00e9lectriques commence \u00e0 s'intensifier.<\/p>\n<p>Dans le cadre de son programme d'incitation \u00e0 la formation des motards \u00ab Rider Training Incentive \u00bb 2026, toute personne achetant une Zero dans les trois mois suivant l'obtention d'un permis moto de cat\u00e9gorie A1, A2 ou A peut b\u00e9n\u00e9ficier d'une remise de 500 \u20ac sur des mod\u00e8les tels que les DSR\/X, SR\/F, S et DS. Les acheteurs du nouveau scooter urbain LS1 ou du mod\u00e8le XE b\u00e9n\u00e9ficient quant \u00e0 eux d\u2019une remise de 250 \u20ac.<\/p>\n<h4>Disponible en Europe, mais pas aux \u00c9tats-Unis<\/h4>\n<p>Ce programme est disponible en Belgique, aux Pays-Bas, en Allemagne, en France, en Italie, en Espagne et sur plusieurs autres march\u00e9s europ\u00e9ens, mais pas aux \u00c9tats-Unis.<\/p>\n<p>Cette prime est modeste par rapport au prix d'une Zero de taille standard. C'est ce qui ressort clairement des tarifs pratiqu\u00e9s par Zero en Belgique. La nouvelle LS1 est propos\u00e9e \u00e0 partir d'environ 5 275 \u20ac, ce qui signifie que la prime de 250 \u20ac repr\u00e9sente pr\u00e8s de 5% du prix d'achat.<\/p>\n<p>Les motos de grande cylindr\u00e9e, quant \u00e0 elles, constituent une autre cat\u00e9gorie. Le mod\u00e8le 2026 S est propos\u00e9 \u00e0 partir d'environ 18 295 \u20ac, le mod\u00e8le DS \u00e0 partir de 19 330 \u20ac, tandis que le mod\u00e8le SR\/F co\u00fbte environ 23 630 \u20ac et le mod\u00e8le DSR\/X, destin\u00e9 \u00e0 l'aventure, 24 140 \u20ac.<\/p>\n<p>Sur ces mod\u00e8les, la prime de bienvenue de 500 \u20ac ne repr\u00e9sente qu'environ 2 \u00e0 3 % du prix d'achat, ce qui en fait davantage un coup de pouce opportun qu'une incitation financi\u00e8re d\u00e9cisive.<\/p>\n<p>Mais le moment choisi pour cette initiative est r\u00e9v\u00e9lateur. Plut\u00f4t que d\u2019essayer de convaincre les motards exp\u00e9riment\u00e9s de renoncer \u00e0 l\u2019essence, Zero cible les motards avant que leurs pr\u00e9f\u00e9rences en mati\u00e8re de marque et de type de motorisation ne soient bien ancr\u00e9es.<\/p>\n<p>Cette strat\u00e9gie intervient alors que le march\u00e9 des motos \u00e9lectriques commence enfin \u00e0 se densifier. Pendant des ann\u00e9es, Zero n'a pratiquement pas eu de concurrents directs sur le march\u00e9 des motos \u00e0 batterie de grande cylindr\u00e9e.<\/p>\n<p>Honda fait d\u00e9sormais son entr\u00e9e sur ce segment avec le mod\u00e8le WN7, Can-Am fait son retour avec les mod\u00e8les \u00e9lectriques Pulse et Origin, tandis que LiveWire, filiale de Harley-Davidson, poursuit le d\u00e9veloppement de sa gamme S2. BMW s'est quant \u00e0 elle impos\u00e9e sur le segment des scooters \u00e9lectriques haut de gamme avec le mod\u00e8le CE 04.<\/p>\n<h4>Pays-Bas : augmentation de 160%<\/h4>\n<p>Zero \u00e9largit \u00e9galement sa propre gamme. Le LS1, son premier scooter sp\u00e9cialement con\u00e7u pour la ville, rev\u00eat une importance particuli\u00e8re, car il permet \u00e0 la marque d'acc\u00e9der \u00e0 un march\u00e9 europ\u00e9en bien plus vaste que celui de ses motos haut de gamme traditionnelles.<\/p>\n<p>Les Pays-Bas illustrent \u00e0 quel point cela peut rapidement modifier la composition des ventes de Zero. Selon les chiffres d'immatriculation de la BOVAG et de la RAI, la marque a immatricul\u00e9 113 v\u00e9hicules neufs au premier semestre 2026, contre 43 \u00e0 la m\u00eame p\u00e9riode l'ann\u00e9e derni\u00e8re, soit une hausse de plus de 160 %.<\/p>\n<p>Mais 69 de ces immatriculations concernaient des scooters LS1. Ce nouveau mod\u00e8le repr\u00e9sentait donc environ 60 % des ventes de Zero aux Pays-Bas, tandis que le mod\u00e8le DSR\/X, plus grand, totalisait 21 unit\u00e9s.<\/p>\n<p>Zero repr\u00e9sente encore moins de 1 % du march\u00e9 n\u00e9erlandais total de la moto, mais devance d\u00e9sormais nettement plusieurs de ses concurrents dans le secteur des motos \u00e9lectriques. Stark a enregistr\u00e9 35 unit\u00e9s au premier semestre, Sur-Ron 11 et LiveWire 9.<\/p>\n<h4>Belgique : en qu\u00eate d'une perc\u00e9e<\/h4>\n<p>La Belgique reste nettement plus difficile. Zero a immatricul\u00e9 39 motos au cours du premier semestre 2026, contre 27 un an plus t\u00f4t. La croissance est solide, mais les volumes restent infimes par rapport \u00e0 l'ensemble du march\u00e9.<\/p>\n<p>Dans l'ensemble, les motos et les scooters \u00e9lectriques peinent encore \u00e0 s'imposer en Belgique. Au premier trimestre 2026, les mod\u00e8les \u00e0 essence repr\u00e9sentaient plus de 96 % des immatriculations de motos et de scooters neufs, selon la FEBIAC, tandis que les mod\u00e8les \u00e9lectriques restaient en de\u00e7\u00e0 de 3 %.<\/p>\n<p>Les incitations financi\u00e8res sont elles aussi limit\u00e9es. En Flandre, l'exon\u00e9ration fiscale dont b\u00e9n\u00e9ficiaient depuis longtemps les motos \u00e9lectriques nouvellement immatricul\u00e9es a pris fin en 2026. Une moto \u00e9lectrique neuve est d\u00e9sormais soumise \u00e0 une taxe d'immatriculation de 61,50 \u20ac ainsi qu'\u00e0 la taxe routi\u00e8re applicable aux motos classiques, qui s'\u00e9l\u00e8ve actuellement \u00e0 75,90 \u20ac par an.<\/p>\n<p>Les Pays-Bas n'accordent pas non plus de subvention nationale importante \u00e0 l'achat, bien que les motos \u00e9lectriques b\u00e9n\u00e9ficient d'une taxe d'immatriculation BPM fixe relativement faible.<\/p>\n<h4>L'Italie, la plus g\u00e9n\u00e9reuse<\/h4>\n<p>Ailleurs, les aides peuvent \u00eatre bien plus g\u00e9n\u00e9reuses. L'Italie continue d'offrir des primes \u00e0 l'achat de plusieurs milliers d'euros pour les deux-roues \u00e9lectriques \u00e9ligibles, notamment en cas de mise au rebut d'un ancien v\u00e9hicule.<\/p>\n<p>En raison de cette situation h\u00e9t\u00e9rog\u00e8ne, les aspects \u00e9conomiques li\u00e9s au passage \u00e0 une moto \u00e9lectrique varient consid\u00e9rablement d'un pays europ\u00e9en \u00e0 l'autre.<\/p>\n<p>L'Allemagne illustre particuli\u00e8rement bien la position de Zero. En 2025, la marque \u00e9tait leader sur le march\u00e9 national dans la cat\u00e9gorie des motos \u00e9lectriques et des motos \u00e9lectriques l\u00e9g\u00e8res, avec 288 immatriculations et pr\u00e8s de 12 % de part de march\u00e9. Cependant, cette cat\u00e9gorie reste encore peu d\u00e9velopp\u00e9e.<\/p>\n<p>Les trottinettes \u00e9lectriques g\u00e9n\u00e8rent d\u00e9j\u00e0 des volumes de vente nettement plus importants. \u00c0 elle seule, la marque NIU a immatricul\u00e9 plus d\u2019un millier de trottinettes \u00e9lectriques en Allemagne l\u2019ann\u00e9e derni\u00e8re, un chiffre bien sup\u00e9rieur aux ventes de motos de Zero. Cela explique en partie pourquoi la LS1 occupe d\u00e9sormais une place centrale dans la strat\u00e9gie europ\u00e9enne de Zero.<\/p>\n<p>L'entreprise m\u00e8ne donc une double bataille. Elle souhaite conserver son avance de pionni\u00e8re sur le march\u00e9 des motos \u00e9lectriques de grande cylindr\u00e9e face \u00e0 l'arriv\u00e9e de Honda, Can-Am et d'autres concurrents, tout en s'appuyant sur le mod\u00e8le LS1 pour p\u00e9n\u00e9trer le march\u00e9 des scooters urbains de plus grande taille.<\/p>\n<p>Dans ce contexte, offrir 250 \u20ac ou 500 \u20ac aux nouveaux motards rel\u00e8ve moins d\u2019une r\u00e9duction du prix d\u2019achat que d\u2019une strat\u00e9gie de recrutement. Zero parie que le moment le plus propice pour convaincre quelqu\u2019un de passer \u00e0 l\u2019\u00e9lectrique est avant qu\u2019il n\u2019ach\u00e8te sa premi\u00e8re moto \u00e0 essence.<\/p>","protected":false},"excerpt":{"rendered":"<p>Zero Motorcycles is offering newly licensed European riders up to \u20ac500 to choose electric, as the American manufacturer tries to expand its customer base, just as competition in electric motorcycles starts getting more serious. Under its 2026 Rider Training Incentive, anyone buying a Zero within three months of obtaining an A1, A2, or full A [&hellip;]<\/p>\n","protected":false},"author":21,"featured_media":191169,"comment_status":"closed","ping_status":"closed","sticky":false,"template":"","format":"standard","meta":{"_acf_changed":false,"_jetpack_newsletter_access":"","_jetpack_dont_email_post_to_subs":false,"_jetpack_newsletter_tier_id":0,"_jetpack_memberships_contains_paywalled_content":false,"_jetpack_feature_clip_id":0,"_jetpack_memberships_contains_paid_content":false,"footnotes":"","jetpack_publicize_message":"{title}\r\n\r\n{excerpt}\r\n\r\n{url}","jetpack_publicize_feature_enabled":true,"jetpack_social_post_already_shared":true,"jetpack_social_options":{"image_generator_settings":{"template":"highway","default_image_id":0,"font":"","enabled":false},"version":2},"_wpas_customize_per_network":false,"jetpack_post_was_ever_published":false},"categories":[77161,28,77169,4,77165],"tags":[],"class_list":["post-191167","post","type-post","status-publish","format-standard","has-post-thumbnail","hentry","category-e-motorcyles","category-europe","category-market","category-top-stories-today","category-usa"],"acf":[],"featured_image_urls_v2":{"full":["https:\/\/i0.wp.com\/newmobility.news\/wp-content\/uploads\/2026\/08\/Zero-motorcycles.png?fit=1491%2C1055&ssl=1",1491,1055,false],"thumbnail":["https:\/\/i0.wp.com\/newmobility.news\/wp-content\/uploads\/2026\/08\/Zero-motorcycles.png?resize=150%2C150&ssl=1",150,150,true],"medium":["https:\/\/i0.wp.com\/newmobility.news\/wp-content\/uploads\/2026\/08\/Zero-motorcycles.png?fit=300%2C212&ssl=1",300,212,true],"medium_large":["https:\/\/i0.wp.com\/newmobility.news\/wp-content\/uploads\/2026\/08\/Zero-motorcycles.png?fit=640%2C453&ssl=1",640,453,true],"large":["https:\/\/i0.wp.com\/newmobility.news\/wp-content\/uploads\/2026\/08\/Zero-motorcycles.png?fit=640%2C453&ssl=1",640,453,true],"1536x1536":["https:\/\/i0.wp.com\/newmobility.news\/wp-content\/uploads\/2026\/08\/Zero-motorcycles.png?fit=1491%2C1055&ssl=1",1491,1055,true],"2048x2048":["https:\/\/i0.wp.com\/newmobility.news\/wp-content\/uploads\/2026\/08\/Zero-motorcycles.png?fit=1491%2C1055&ssl=1",1491,1055,true],"trp-custom-language-flag":["https:\/\/i0.wp.com\/newmobility.news\/wp-content\/uploads\/2026\/08\/Zero-motorcycles.png?fit=18%2C12&ssl=1",18,12,true],"related-thumb":["https:\/\/i0.wp.com\/newmobility.news\/wp-content\/uploads\/2026\/08\/Zero-motorcycles.png?resize=640%2C480&ssl=1",640,480,true],"gform-image-choice-sm":["https:\/\/i0.wp.com\/newmobility.news\/wp-content\/uploads\/2026\/08\/Zero-motorcycles.png?resize=300%2C300&ssl=1",300,300,true],"gform-image-choice-md":["https:\/\/i0.wp.com\/newmobility.news\/wp-content\/uploads\/2026\/08\/Zero-motorcycles.png?resize=400%2C400&ssl=1",400,400,true],"gform-image-choice-lg":["https:\/\/i0.wp.com\/newmobility.news\/wp-content\/uploads\/2026\/08\/Zero-motorcycles.png?resize=600%2C600&ssl=1",600,600,true],"mailchimp":["https:\/\/i0.wp.com\/newmobility.news\/wp-content\/uploads\/2026\/08\/Zero-motorcycles.png?fit=560%2C396&ssl=1",560,396,true],"unipress-phone":["https:\/\/i0.wp.com\/newmobility.news\/wp-content\/uploads\/2026\/08\/Zero-motorcycles.png?resize=640%2C100&ssl=1",640,100,true],"unipress-tablet":["https:\/\/i0.wp.com\/newmobility.news\/wp-content\/uploads\/2026\/08\/Zero-motorcycles.png?resize=1491%2C240&ssl=1",1491,240,true],"unipress-tablet-portrait":["https:\/\/i0.wp.com\/newmobility.news\/wp-content\/uploads\/2026\/08\/Zero-motorcycles.png?resize=1491%2C180&ssl=1",1491,180,true],"unipress-tablet-landscape":["https:\/\/i0.wp.com\/newmobility.news\/wp-content\/uploads\/2026\/08\/Zero-motorcycles.png?resize=1491%2C180&ssl=1",1491,180,true],"unipress-smartphone":["https:\/\/i0.wp.com\/newmobility.news\/wp-content\/uploads\/2026\/08\/Zero-motorcycles.png?resize=1080%2C168&ssl=1",1080,168,true],"unipress-wide-screen":["https:\/\/i0.wp.com\/newmobility.news\/wp-content\/uploads\/2026\/08\/Zero-motorcycles.png?resize=1491%2C180&ssl=1",1491,180,true]},"post_excerpt_stackable_v2":"<p>Zero Motorcycles is offering newly licensed European riders up to \u20ac500 to choose electric, as the American manufacturer tries to expand its customer base, just as competition in electric motorcycles starts getting more serious. Under its 2026 Rider Training Incentive, anyone buying a Zero within three months of obtaining an A1, A2, or full A motorcycle license can receive \u20ac500 cashback on models including the DSR\/X, SR\/F, S, and DS. Buyers of the new LS1 urban scooter or XE receive \u20ac250. Available in Europe, not in the US The scheme is available in Belgium, the Netherlands, Germany, France, Italy, Spain,&hellip;<\/p>\n","category_list_v2":"<a href=\"https:\/\/newmobility.news\/fr\/category\/e-motorcyles\/\" rel=\"category tag\">e-Motorcyles<\/a>, <a href=\"https:\/\/newmobility.news\/fr\/category\/europe\/\" rel=\"category tag\">Europe<\/a>, <a href=\"https:\/\/newmobility.news\/fr\/category\/market\/\" rel=\"category tag\">Market<\/a>, <a href=\"https:\/\/newmobility.news\/fr\/category\/top-stories-today\/\" rel=\"category tag\">Top Stories Today<\/a>, <a href=\"https:\/\/newmobility.news\/fr\/category\/usa\/\" rel=\"category tag\">USA<\/a>","author_info_v2":{"name":"Joris Van Roy","url":"https:\/\/newmobility.news\/fr\/author\/jorisximcom-be\/"},"comments_num_v2":"0 comments","yoast_head":"<!-- This site is optimized with the Yoast SEO plugin v28.4 - https:\/\/yoast.com\/product\/yoast-seo-wordpress\/ -->\n<title>Zero pays new riders as Europe\u2019s electric motorcycle battle heats up - newmobility.news<\/title>\n<meta name=\"robots\" content=\"index, follow, max-snippet:-1, max-image-preview:large, max-video-preview:-1\" \/>\n<link rel=\"canonical\" href=\"https:\/\/newmobility.news\/fr\/2026\/08\/10\/zero-pays-new-riders-as-europes-electric-motorcycle-battle-heats-up\/\" \/>\n<meta property=\"og:locale\" content=\"fr_FR\" \/>\n<meta property=\"og:type\" content=\"article\" \/>\n<meta property=\"og:title\" content=\"Zero pays new riders as Europe\u2019s electric motorcycle battle heats up - newmobility.news\" \/>\n<meta property=\"og:description\" content=\"Zero Motorcycles is offering newly licensed European riders up to \u20ac500 to choose electric, as the American manufacturer tries to expand its customer base, just as competition in electric motorcycles starts getting more serious. Under its 2026 Rider Training Incentive, anyone buying a Zero within three months of obtaining an A1, A2, or full A [&hellip;]\" \/>\n<meta property=\"og:url\" content=\"https:\/\/newmobility.news\/fr\/2026\/08\/10\/zero-pays-new-riders-as-europes-electric-motorcycle-battle-heats-up\/\" \/>\n<meta property=\"og:site_name\" content=\"newmobility.news\" \/>\n<meta property=\"article:publisher\" content=\"https:\/\/www.facebook.com\/search\/top\/?q=newmobility.news\" \/>\n<meta property=\"article:published_time\" content=\"2026-08-10T10:15:07+00:00\" \/>\n<meta property=\"article:modified_time\" content=\"2026-08-11T08:58:46+00:00\" \/>\n<meta property=\"og:image\" content=\"https:\/\/newmobility.news\/wp-content\/uploads\/2026\/08\/Zero-motorcycles-1024x725.png\" \/>\n\t<meta property=\"og:image:width\" content=\"1024\" \/>\n\t<meta property=\"og:image:height\" content=\"725\" \/>\n\t<meta property=\"og:image:type\" content=\"image\/png\" \/>\n<meta name=\"author\" content=\"Joris Van Roy\" \/>\n<meta name=\"twitter:card\" content=\"summary_large_image\" \/>\n<meta name=\"twitter:creator\" content=\"@jorisvry\" \/>\n<meta name=\"twitter:site\" content=\"@jorisvry\" \/>\n<meta name=\"twitter:label1\" content=\"\u00c9crit par\" \/>\n\t<meta name=\"twitter:data1\" content=\"Joris Van Roy\" \/>\n\t<meta name=\"twitter:label2\" content=\"Dur\u00e9e de lecture est.\" \/>\n\t<meta name=\"twitter:data2\" content=\"4 minutes\" \/>\n<script type=\"application\/ld+json\" class=\"yoast-schema-graph\">{\"@context\":\"https:\\\/\\\/schema.org\",\"@graph\":[{\"@type\":\"Article\",\"@id\":\"https:\\\/\\\/newmobility.news\\\/2026\\\/08\\\/10\\\/zero-pays-new-riders-as-europes-electric-motorcycle-battle-heats-up\\\/#article\",\"isPartOf\":{\"@id\":\"https:\\\/\\\/newmobility.news\\\/2026\\\/08\\\/10\\\/zero-pays-new-riders-as-europes-electric-motorcycle-battle-heats-up\\\/\"},\"author\":{\"name\":\"Joris Van Roy\",\"@id\":\"https:\\\/\\\/newmobility.news\\\/#\\\/schema\\\/person\\\/993f2da7cd774079044984132dee0ef0\"},\"headline\":\"Zero pays new riders as Europe\u2019s electric motorcycle battle heats up\",\"datePublished\":\"2026-08-10T10:15:07+00:00\",\"dateModified\":\"2026-08-11T08:58:46+00:00\",\"mainEntityOfPage\":{\"@id\":\"https:\\\/\\\/newmobility.news\\\/2026\\\/08\\\/10\\\/zero-pays-new-riders-as-europes-electric-motorcycle-battle-heats-up\\\/\"},\"wordCount\":787,\"publisher\":{\"@id\":\"https:\\\/\\\/newmobility.news\\\/#organization\"},\"image\":{\"@id\":\"https:\\\/\\\/newmobility.news\\\/2026\\\/08\\\/10\\\/zero-pays-new-riders-as-europes-electric-motorcycle-battle-heats-up\\\/#primaryimage\"},\"thumbnailUrl\":\"https:\\\/\\\/i0.wp.com\\\/newmobility.news\\\/wp-content\\\/uploads\\\/2026\\\/08\\\/Zero-motorcycles.png?fit=1491%2C1055&ssl=1\",\"articleSection\":[\"e-Motorcyles\",\"Europe\",\"Market\",\"Top Stories Today\",\"USA\"],\"inLanguage\":\"fr-BE\"},{\"@type\":\"WebPage\",\"@id\":\"https:\\\/\\\/newmobility.news\\\/2026\\\/08\\\/10\\\/zero-pays-new-riders-as-europes-electric-motorcycle-battle-heats-up\\\/\",\"url\":\"https:\\\/\\\/newmobility.news\\\/2026\\\/08\\\/10\\\/zero-pays-new-riders-as-europes-electric-motorcycle-battle-heats-up\\\/\",\"name\":\"Zero pays new riders as Europe\u2019s electric motorcycle battle heats up - newmobility.news\",\"isPartOf\":{\"@id\":\"https:\\\/\\\/newmobility.news\\\/#website\"},\"primaryImageOfPage\":{\"@id\":\"https:\\\/\\\/newmobility.news\\\/2026\\\/08\\\/10\\\/zero-pays-new-riders-as-europes-electric-motorcycle-battle-heats-up\\\/#primaryimage\"},\"image\":{\"@id\":\"https:\\\/\\\/newmobility.news\\\/2026\\\/08\\\/10\\\/zero-pays-new-riders-as-europes-electric-motorcycle-battle-heats-up\\\/#primaryimage\"},\"thumbnailUrl\":\"https:\\\/\\\/i0.wp.com\\\/newmobility.news\\\/wp-content\\\/uploads\\\/2026\\\/08\\\/Zero-motorcycles.png?fit=1491%2C1055&ssl=1\",\"datePublished\":\"2026-08-10T10:15:07+00:00\",\"dateModified\":\"2026-08-11T08:58:46+00:00\",\"breadcrumb\":{\"@id\":\"https:\\\/\\\/newmobility.news\\\/2026\\\/08\\\/10\\\/zero-pays-new-riders-as-europes-electric-motorcycle-battle-heats-up\\\/#breadcrumb\"},\"inLanguage\":\"fr-BE\",\"potentialAction\":[{\"@type\":\"ReadAction\",\"target\":[\"https:\\\/\\\/newmobility.news\\\/2026\\\/08\\\/10\\\/zero-pays-new-riders-as-europes-electric-motorcycle-battle-heats-up\\\/\"]}]},{\"@type\":\"ImageObject\",\"inLanguage\":\"fr-BE\",\"@id\":\"https:\\\/\\\/newmobility.news\\\/2026\\\/08\\\/10\\\/zero-pays-new-riders-as-europes-electric-motorcycle-battle-heats-up\\\/#primaryimage\",\"url\":\"https:\\\/\\\/i0.wp.com\\\/newmobility.news\\\/wp-content\\\/uploads\\\/2026\\\/08\\\/Zero-motorcycles.png?fit=1491%2C1055&ssl=1\",\"contentUrl\":\"https:\\\/\\\/i0.wp.com\\\/newmobility.news\\\/wp-content\\\/uploads\\\/2026\\\/08\\\/Zero-motorcycles.png?fit=1491%2C1055&ssl=1\",\"width\":1491,\"height\":1055,\"caption\":\"Zero is broadening its European reach from full-size electric motorcycles to urban scooters with the LS1, while competition in both segments is intensifying \\\/AI-generated composite based on Zero Motorcycles imagery\"},{\"@type\":\"BreadcrumbList\",\"@id\":\"https:\\\/\\\/newmobility.news\\\/2026\\\/08\\\/10\\\/zero-pays-new-riders-as-europes-electric-motorcycle-battle-heats-up\\\/#breadcrumb\",\"itemListElement\":[{\"@type\":\"ListItem\",\"position\":1,\"name\":\"Home\",\"item\":\"https:\\\/\\\/newmobility.news\\\/\"},{\"@type\":\"ListItem\",\"position\":2,\"name\":\"Zero pays new riders as Europe\u2019s electric motorcycle battle heats up\"}]},{\"@type\":\"WebSite\",\"@id\":\"https:\\\/\\\/newmobility.news\\\/#website\",\"url\":\"https:\\\/\\\/newmobility.news\\\/\",\"name\":\"newmobility.news\",\"description\":\"A B2BNews Agency\u00ae news service for mobility business proessional\",\"publisher\":{\"@id\":\"https:\\\/\\\/newmobility.news\\\/#organization\"},\"potentialAction\":[{\"@type\":\"SearchAction\",\"target\":{\"@type\":\"EntryPoint\",\"urlTemplate\":\"https:\\\/\\\/newmobility.news\\\/?s={search_term_string}\"},\"query-input\":{\"@type\":\"PropertyValueSpecification\",\"valueRequired\":true,\"valueName\":\"search_term_string\"}}],\"inLanguage\":\"fr-BE\"},{\"@type\":\"Organization\",\"@id\":\"https:\\\/\\\/newmobility.news\\\/#organization\",\"name\":\"B2BNews Agency\",\"url\":\"https:\\\/\\\/newmobility.news\\\/\",\"logo\":{\"@type\":\"ImageObject\",\"inLanguage\":\"fr-BE\",\"@id\":\"https:\\\/\\\/newmobility.news\\\/#\\\/schema\\\/logo\\\/image\\\/\",\"url\":\"https:\\\/\\\/newmobility.news\\\/wp-content\\\/uploads\\\/2018\\\/01\\\/b2bnews-agency-logo.png\",\"contentUrl\":\"https:\\\/\\\/newmobility.news\\\/wp-content\\\/uploads\\\/2018\\\/01\\\/b2bnews-agency-logo.png\",\"width\":\"581\",\"height\":\"117\",\"caption\":\"B2BNews Agency\"},\"image\":{\"@id\":\"https:\\\/\\\/newmobility.news\\\/#\\\/schema\\\/logo\\\/image\\\/\"},\"sameAs\":[\"https:\\\/\\\/www.facebook.com\\\/search\\\/top\\\/?q=newmobility.news\",\"https:\\\/\\\/x.com\\\/jorisvry\",\"https:\\\/\\\/www.linkedin.com\\\/in\\\/jorisvanroy\\\/\",\"https:\\\/\\\/nl.pinterest.com\\\/jorisvanroy\\\/\"]},{\"@type\":\"Person\",\"@id\":\"https:\\\/\\\/newmobility.news\\\/#\\\/schema\\\/person\\\/993f2da7cd774079044984132dee0ef0\",\"name\":\"Joris Van Roy\",\"image\":{\"@type\":\"ImageObject\",\"inLanguage\":\"fr-BE\",\"@id\":\"https:\\\/\\\/secure.gravatar.com\\\/avatar\\\/b82919546c1cd9980bd2bc08f09d294c7cb92b3addd23cb9a4377a7b88b4349b?s=96&d=mm&r=g\",\"url\":\"https:\\\/\\\/secure.gravatar.com\\\/avatar\\\/b82919546c1cd9980bd2bc08f09d294c7cb92b3addd23cb9a4377a7b88b4349b?s=96&d=mm&r=g\",\"contentUrl\":\"https:\\\/\\\/secure.gravatar.com\\\/avatar\\\/b82919546c1cd9980bd2bc08f09d294c7cb92b3addd23cb9a4377a7b88b4349b?s=96&d=mm&r=g\",\"caption\":\"Joris Van Roy\"},\"url\":\"https:\\\/\\\/newmobility.news\\\/fr\\\/author\\\/jorisximcom-be\\\/\"}]}<\/script>\n<!-- \/ Yoast SEO plugin. -->","yoast_head_json":{"title":"Zero r\u00e9mun\u00e8re ses nouveaux motards alors que la bataille des motos \u00e9lectriques s'intensifie en Europe - newmobility.news","robots":{"index":"index","follow":"follow","max-snippet":"max-snippet:-1","max-image-preview":"max-image-preview:large","max-video-preview":"max-video-preview:-1"},"canonical":"https:\/\/newmobility.news\/fr\/2026\/08\/10\/zero-pays-new-riders-as-europes-electric-motorcycle-battle-heats-up\/","og_locale":"fr_FR","og_type":"article","og_title":"Zero pays new riders as Europe\u2019s electric motorcycle battle heats up - newmobility.news","og_description":"Zero Motorcycles is offering newly licensed European riders up to \u20ac500 to choose electric, as the American manufacturer tries to expand its customer base, just as competition in electric motorcycles starts getting more serious. Under its 2026 Rider Training Incentive, anyone buying a Zero within three months of obtaining an A1, A2, or full A [&hellip;]","og_url":"https:\/\/newmobility.news\/fr\/2026\/08\/10\/zero-pays-new-riders-as-europes-electric-motorcycle-battle-heats-up\/","og_site_name":"newmobility.news","article_publisher":"https:\/\/www.facebook.com\/search\/top\/?q=newmobility.news","article_published_time":"2026-08-10T10:15:07+00:00","article_modified_time":"2026-08-11T08:58:46+00:00","og_image":[{"width":1024,"height":725,"url":"https:\/\/newmobility.news\/wp-content\/uploads\/2026\/08\/Zero-motorcycles-1024x725.png","type":"image\/png"}],"author":"Joris Van Roy","twitter_card":"summary_large_image","twitter_creator":"@jorisvry","twitter_site":"@jorisvry","twitter_misc":{"\u00c9crit par":"Joris Van Roy","Dur\u00e9e de lecture est.":"4 minutes"},"schema":{"@context":"https:\/\/schema.org","@graph":[{"@type":"Article","@id":"https:\/\/newmobility.news\/2026\/08\/10\/zero-pays-new-riders-as-europes-electric-motorcycle-battle-heats-up\/#article","isPartOf":{"@id":"https:\/\/newmobility.news\/2026\/08\/10\/zero-pays-new-riders-as-europes-electric-motorcycle-battle-heats-up\/"},"author":{"name":"Joris Van Roy","@id":"https:\/\/newmobility.news\/#\/schema\/person\/993f2da7cd774079044984132dee0ef0"},"headline":"Zero pays new riders as Europe\u2019s electric motorcycle battle heats up","datePublished":"2026-08-10T10:15:07+00:00","dateModified":"2026-08-11T08:58:46+00:00","mainEntityOfPage":{"@id":"https:\/\/newmobility.news\/2026\/08\/10\/zero-pays-new-riders-as-europes-electric-motorcycle-battle-heats-up\/"},"wordCount":787,"publisher":{"@id":"https:\/\/newmobility.news\/#organization"},"image":{"@id":"https:\/\/newmobility.news\/2026\/08\/10\/zero-pays-new-riders-as-europes-electric-motorcycle-battle-heats-up\/#primaryimage"},"thumbnailUrl":"https:\/\/i0.wp.com\/newmobility.news\/wp-content\/uploads\/2026\/08\/Zero-motorcycles.png?fit=1491%2C1055&ssl=1","articleSection":["e-Motorcyles","Europe","Market","Top Stories Today","USA"],"inLanguage":"fr-BE"},{"@type":"WebPage","@id":"https:\/\/newmobility.news\/2026\/08\/10\/zero-pays-new-riders-as-europes-electric-motorcycle-battle-heats-up\/","url":"https:\/\/newmobility.news\/2026\/08\/10\/zero-pays-new-riders-as-europes-electric-motorcycle-battle-heats-up\/","name":"Zero r\u00e9mun\u00e8re ses nouveaux motards alors que la bataille des motos \u00e9lectriques s'intensifie en Europe - newmobility.news","isPartOf":{"@id":"https:\/\/newmobility.news\/#website"},"primaryImageOfPage":{"@id":"https:\/\/newmobility.news\/2026\/08\/10\/zero-pays-new-riders-as-europes-electric-motorcycle-battle-heats-up\/#primaryimage"},"image":{"@id":"https:\/\/newmobility.news\/2026\/08\/10\/zero-pays-new-riders-as-europes-electric-motorcycle-battle-heats-up\/#primaryimage"},"thumbnailUrl":"https:\/\/i0.wp.com\/newmobility.news\/wp-content\/uploads\/2026\/08\/Zero-motorcycles.png?fit=1491%2C1055&ssl=1","datePublished":"2026-08-10T10:15:07+00:00","dateModified":"2026-08-11T08:58:46+00:00","breadcrumb":{"@id":"https:\/\/newmobility.news\/2026\/08\/10\/zero-pays-new-riders-as-europes-electric-motorcycle-battle-heats-up\/#breadcrumb"},"inLanguage":"fr-BE","potentialAction":[{"@type":"ReadAction","target":["https:\/\/newmobility.news\/2026\/08\/10\/zero-pays-new-riders-as-europes-electric-motorcycle-battle-heats-up\/"]}]},{"@type":"ImageObject","inLanguage":"fr-BE","@id":"https:\/\/newmobility.news\/2026\/08\/10\/zero-pays-new-riders-as-europes-electric-motorcycle-battle-heats-up\/#primaryimage","url":"https:\/\/i0.wp.com\/newmobility.news\/wp-content\/uploads\/2026\/08\/Zero-motorcycles.png?fit=1491%2C1055&ssl=1","contentUrl":"https:\/\/i0.wp.com\/newmobility.news\/wp-content\/uploads\/2026\/08\/Zero-motorcycles.png?fit=1491%2C1055&ssl=1","width":1491,"height":1055,"caption":"Zero is broadening its European reach from full-size electric motorcycles to urban scooters with the LS1, while competition in both segments is intensifying \/AI-generated composite based on Zero Motorcycles imagery"},{"@type":"BreadcrumbList","@id":"https:\/\/newmobility.news\/2026\/08\/10\/zero-pays-new-riders-as-europes-electric-motorcycle-battle-heats-up\/#breadcrumb","itemListElement":[{"@type":"ListItem","position":1,"name":"Home","item":"https:\/\/newmobility.news\/"},{"@type":"ListItem","position":2,"name":"Zero pays new riders as Europe\u2019s electric motorcycle battle heats up"}]},{"@type":"WebSite","@id":"https:\/\/newmobility.news\/#website","url":"https:\/\/newmobility.news\/","name":"nouveaumobilit\u00e9.actualit\u00e9s","description":"Un service d'information B2BNews Agency\u00ae destin\u00e9 aux professionnels de la mobilit\u00e9","publisher":{"@id":"https:\/\/newmobility.news\/#organization"},"potentialAction":[{"@type":"SearchAction","target":{"@type":"EntryPoint","urlTemplate":"https:\/\/newmobility.news\/?s={search_term_string}"},"query-input":{"@type":"PropertyValueSpecification","valueRequired":true,"valueName":"search_term_string"}}],"inLanguage":"fr-BE"},{"@type":"Organization","@id":"https:\/\/newmobility.news\/#organization","name":"Agence de presse B2BNews","url":"https:\/\/newmobility.news\/","logo":{"@type":"ImageObject","inLanguage":"fr-BE","@id":"https:\/\/newmobility.news\/#\/schema\/logo\/image\/","url":"https:\/\/newmobility.news\/wp-content\/uploads\/2018\/01\/b2bnews-agency-logo.png","contentUrl":"https:\/\/newmobility.news\/wp-content\/uploads\/2018\/01\/b2bnews-agency-logo.png","width":"581","height":"117","caption":"B2BNews Agency"},"image":{"@id":"https:\/\/newmobility.news\/#\/schema\/logo\/image\/"},"sameAs":["https:\/\/www.facebook.com\/search\/top\/?q=newmobility.news","https:\/\/x.com\/jorisvry","https:\/\/www.linkedin.com\/in\/jorisvanroy\/","https:\/\/nl.pinterest.com\/jorisvanroy\/"]},{"@type":"Person","@id":"https:\/\/newmobility.news\/#\/schema\/person\/993f2da7cd774079044984132dee0ef0","name":"Joris Van Roy","image":{"@type":"ImageObject","inLanguage":"fr-BE","@id":"https:\/\/secure.gravatar.com\/avatar\/b82919546c1cd9980bd2bc08f09d294c7cb92b3addd23cb9a4377a7b88b4349b?s=96&d=mm&r=g","url":"https:\/\/secure.gravatar.com\/avatar\/b82919546c1cd9980bd2bc08f09d294c7cb92b3addd23cb9a4377a7b88b4349b?s=96&d=mm&r=g","contentUrl":"https:\/\/secure.gravatar.com\/avatar\/b82919546c1cd9980bd2bc08f09d294c7cb92b3addd23cb9a4377a7b88b4349b?s=96&d=mm&r=g","caption":"Joris Van Roy"},"url":"https:\/\/newmobility.news\/fr\/author\/jorisximcom-be\/"}]}},"jetpack_publicize_connections":[],"jetpack_shortlink":"https:\/\/wp.me\/p9wJdU-NJl","jetpack_sharing_enabled":true,"jetpack_likes_enabled":true,"jetpack-related-posts":[],"jetpack_featured_media_url":"https:\/\/i0.wp.com\/newmobility.news\/wp-content\/uploads\/2026\/08\/Zero-motorcycles.png?fit=1491%2C1055&ssl=1","_links":{"self":[{"href":"https:\/\/newmobility.news\/fr\/wp-json\/wp\/v2\/posts\/191167","targetHints":{"allow":["GET"]}}],"collection":[{"href":"https:\/\/newmobility.news\/fr\/wp-json\/wp\/v2\/posts"}],"about":[{"href":"https:\/\/newmobility.news\/fr\/wp-json\/wp\/v2\/types\/post"}],"author":[{"embeddable":true,"href":"https:\/\/newmobility.news\/fr\/wp-json\/wp\/v2\/users\/21"}],"replies":[{"embeddable":true,"href":"https:\/\/newmobility.news\/fr\/wp-json\/wp\/v2\/comments?post=191167"}],"version-history":[{"count":4,"href":"https:\/\/newmobility.news\/fr\/wp-json\/wp\/v2\/posts\/191167\/revisions"}],"predecessor-version":[{"id":191353,"href":"https:\/\/newmobility.news\/fr\/wp-json\/wp\/v2\/posts\/191167\/revisions\/191353"}],"wp:featuredmedia":[{"embeddable":true,"href":"https:\/\/newmobility.news\/fr\/wp-json\/wp\/v2\/media\/191169"}],"wp:attachment":[{"href":"https:\/\/newmobility.news\/fr\/wp-json\/wp\/v2\/media?parent=191167"}],"wp:term":[{"taxonomy":"category","embeddable":true,"href":"https:\/\/newmobility.news\/fr\/wp-json\/wp\/v2\/categories?post=191167"},{"taxonomy":"post_tag","embeddable":true,"href":"https:\/\/newmobility.news\/fr\/wp-json\/wp\/v2\/tags?post=191167"}],"curies":[{"name":"wp","href":"https:\/\/api.w.org\/{rel}","templated":true}]}}