{"id":191674,"date":"2026-08-14T12:15:30","date_gmt":"2026-08-14T10:15:30","guid":{"rendered":"https:\/\/newmobility.news\/?p=191674"},"modified":"2026-08-14T10:50:25","modified_gmt":"2026-08-14T08:50:25","slug":"vw-revives-id-california-has-its-electric-camper-finally-lost-enough-weight","status":"publish","type":"post","link":"https:\/\/newmobility.news\/fr\/2026\/08\/14\/vw-revives-id-california-has-its-electric-camper-finally-lost-enough-weight\/","title":{"rendered":"VW relance l'ID. California : son camping-car \u00e9lectrique a-t-il enfin perdu suffisamment de poids ?"},"content":{"rendered":"<p>Volkswagen s'appr\u00eate enfin \u00e0 transformer l'ID. Buzz en camping-car \u00e9lectrique de s\u00e9rie. Lors du Caravan Salon de D\u00fcsseldorf, qui se tiendra \u00e0 la fin du mois, Volkswagen V\u00e9hicules Utilitaires d\u00e9voilera l'ID. California Cruise.\u00a0Ce concept donne un aper\u00e7u non seulement d\u2019un mod\u00e8le, mais aussi d\u2019une nouvelle gamme de camping-cars California 100 % \u00e9lectriques, dont le lancement progressif est pr\u00e9vu d\u2019ici 2028.<\/p>\n<p>D'une certaine mani\u00e8re, la grande nouvelle, c'est que le projet soit toujours d'actualit\u00e9. L'arriv\u00e9e d'un ID. Buzz California semblait presque in\u00e9vitable lorsque ce fourgon \u00e9lectrique au style r\u00e9tro a fait son apparition, mais Volkswagen avait ensuite mis ce projet en veilleuse.<\/p>\n<p>Un rapport de 2023 indiquait qu\u2019un camping-car enti\u00e8rement \u00e9quip\u00e9, charg\u00e9 de passagers et de bagages, pouvait d\u00e9passer les 3,5 tonnes. En 2024, Lars Krause, directeur des ventes de VW V\u00e9hicules Utilitaires, a minimis\u00e9 ce probl\u00e8me technique et a mis en avant un autre obstacle : le march\u00e9 d\u2019un camping-car \u00e9lectrique haut de gamme n\u2019\u00e9tait tout simplement pas encore assez important. Deux ans plus tard, Volkswagen estime manifestement que la situation a \u00e9volu\u00e9.<\/p>\n<h4>La question du poids<\/h4>\n<p>VW garde secrets pratiquement tous les \u00e9l\u00e9ments importants jusqu'au salon de D\u00fcsseldorf, qui se tiendra du 28 ao\u00fbt au 6 septembre. Aucun chiffre officiel n'a encore \u00e9t\u00e9 communiqu\u00e9 concernant la capacit\u00e9 de la batterie, l'autonomie, le poids, la charge utile, les possibilit\u00e9s d'h\u00e9bergement ou le prix. Volkswagen d\u00e9crit actuellement l'ID. California Cruise comme une \u00e9tude bas\u00e9e sur l'ID. Buzz.<\/p>\n<p>C'est donc sans doute le poids qui constitue le chiffre le plus int\u00e9ressant \u00e0 surveiller. En Belgique, un permis de conduire ordinaire de cat\u00e9gorie B limite toujours le poids du v\u00e9hicule \u00e0 3 500 kg.<\/p>\n<p>Les Pays-Bas autorisent d\u00e9j\u00e0, sous certaines conditions, la conduite de certains camping-cars \u00e0 motorisation alternative pesant jusqu\u2019\u00e0 4 250 kg par les titulaires d\u2019un permis B, mais uniquement sur le territoire national. Pour un camping-car con\u00e7u en Californie et circulant \u00e0 travers l\u2019Europe, le contr\u00f4le du poids reste bien plus qu\u2019un simple exercice th\u00e9orique.<\/p>\n<p>Il est int\u00e9ressant de noter que VW pr\u00e9sentera \u00e9galement \u00e0 D\u00fcsseldorf du mat\u00e9riel de camping extr\u00eamement l\u00e9ger, d\u00e9velopp\u00e9 en collaboration avec Stuff Bubble. Une cuisine gonflable p\u00e8se moins de 10 kg, tandis qu'un lit pour deux personnes ne p\u00e8se que 12 kg.<\/p>\n<p>Toutefois, ces modules sont officiellement destin\u00e9s au mod\u00e8le \u00ab California Beach \u00bb et sont distincts du mod\u00e8le \u00ab ID. California Cruise \u00bb. Contrairement \u00e0 ce que laissent entendre certains rapports, ils ne doivent pas \u00eatre automatiquement consid\u00e9r\u00e9s comme faisant partie du camping-car \u00e9lectrique.<\/p>\n<h4>Jusqu'\u00e0 496 km avant d'atteler la caravane<\/h4>\n<p>Le point de d\u00e9part technique \u00e9vident est l'ID. Buzz \u00e0 empattement long. Aux Pays-Bas, la version Pro actuelle de 286 hp associe une batterie de 86 kWh \u00e0 une autonomie WLTP pouvant atteindre 496 km et une recharge en courant continu de 200 kW.<\/p>\n<p>Son prix de d\u00e9part est de 54 890 \u20ac. Une fois que l'on y ajoute les placards, les lits, l'eau, le mat\u00e9riel de camping et peut-\u00eatre un toit relevable, la charge utile et l'autonomie en p\u00e2tiront in\u00e9vitablement.<\/p>\n<p>Le prix pourrait constituer un autre d\u00e9fi. Le transformateur n\u00e9erlandais Vantrack propose son Kia PV5 LightCamp \u00e0 partir de 65 000 \u20ac, m\u00eame si une version \u00e9quip\u00e9e de la batterie pratique de 71,2 kWh de Kia et offrant une autonomie WLTP de 412 km devrait, en r\u00e9alit\u00e9, avoisiner les 69 000 \u20ac. Il peut accueillir quatre personnes, mais ne dispose pas de cuisine fixe, d'\u00e9vier ni d'espace pour se tenir debout.<\/p>\n<p>Les camping-cars \u00e9lectriques plus sophistiqu\u00e9s sont nettement plus chers. La version ID. Buzz propos\u00e9e par Outbase est propos\u00e9e \u00e0 partir de 84 490 \u20ac, tandis que l'eVentje n\u00e9erlandais co\u00fbte environ 95 000 \u20ac.<\/p>\n<p>Un mod\u00e8le d'usine \u00ab California \u00bb dot\u00e9 d'un toit relevable, d'une cuisine \u00e9quip\u00e9e, d'un syst\u00e8me d'alimentation en eau, de quatre couchages et d'une int\u00e9gration compl\u00e8te Volkswagen pourrait donc facilement co\u00fbter entre 85 000 et 100 000 \u20ac. Il s'agit d'une estimation, et non d'un prix fix\u00e9 par Volkswagen.<\/p>\n<h4>Pr\u00e8s de 8 000 Californiens aux Pays-Bas<\/h4>\n<p>VW dispose au moins d'une client\u00e8le qui attend avec impatience un successeur \u00e9lectrique. Les donn\u00e9es d'immatriculation n\u00e9erlandaises indiquent actuellement que 7 796 Volkswagen California circulent sur les routes, ce qui en fait le troisi\u00e8me mod\u00e8le de camping-car le plus r\u00e9pandu du pays.<\/p>\n<p>Ils repr\u00e9sentent 3,71 TP3T du parc n\u00e9erlandais de camping-cars, qui compte plus de 210 000 v\u00e9hicules. Il est r\u00e9v\u00e9lateur de noter que 981 TP3T de ces \u00ab California \u00bb sont des mod\u00e8les diesel et qu\u2019aucun n\u2019est encore class\u00e9 comme enti\u00e8rement \u00e9lectrique.<\/p>\n<p>Les statistiques belges sur le parc automobile par mod\u00e8le sont moins accessibles, mais Traxio a recens\u00e9 83 227 camping-cars en Belgique en 2024 et a identifi\u00e9 le California comme le mod\u00e8le de camping-car particulier le plus populaire du pays.<\/p>\n<p>Les transformateurs ind\u00e9pendants ont donc pass\u00e9 ces derni\u00e8res ann\u00e9es \u00e0 d\u00e9montrer ce dont Volkswagen elle-m\u00eame doutait autrefois : les gens sont pr\u00eats \u00e0 s'essayer \u00e0 la \u00ab vanlife \u00bb \u00e9lectrique. Le Kia PV5 abaisse d\u00e9sormais lui aussi le prix d'entr\u00e9e de gamme.<\/p>\n<p>L'ID. California Cruise offre \u00e0 Volkswagen l'occasion de riposter avec un produit que les transformateurs ne peuvent pas facilement reproduire : un camping-car enti\u00e8rement con\u00e7u en usine, b\u00e9n\u00e9ficiant du r\u00e9seau de concessionnaires et de la garantie Volkswagen, et portant sans doute le nom le plus prestigieux de l'histoire des camping-cars europ\u00e9ens.<\/p>\n<p>Mais D\u00fcsseldorf doit r\u00e9pondre \u00e0 la question qui a bloqu\u00e9 le projet la premi\u00e8re fois : quelle quantit\u00e9 de \u00ab Californie \u00bb Volkswagen peut-il int\u00e9grer dans un ID. Buzz avant que le r\u00eave \u00e9lectrique ne devienne trop lourd ?<\/p>","protected":false},"excerpt":{"rendered":"<p>Volkswagen is finally turning the ID. Buzz into a factory-built electric camper. At the Caravan Salon in D\u00fcsseldorf later this month, Volkswagen Commercial Vehicles will unveil the ID. California Cruise.\u00a0It&#8217;s a concept that previews not merely one model but a new family of battery-electric California campers planned for gradual introduction toward 2028. In a way, [&hellip;]<\/p>\n","protected":false},"author":21,"featured_media":191677,"comment_status":"closed","ping_status":"closed","sticky":false,"template":"","format":"standard","meta":{"_acf_changed":false,"_jetpack_newsletter_access":"","_jetpack_dont_email_post_to_subs":false,"_jetpack_newsletter_tier_id":0,"_jetpack_memberships_contains_paywalled_content":false,"_jetpack_feature_clip_id":0,"_jetpack_memberships_contains_paid_content":false,"footnotes":"","jetpack_publicize_message":"{title}\r\n\r\n{excerpt}\r\n\r\n{url}","jetpack_publicize_feature_enabled":true,"jetpack_social_post_already_shared":true,"jetpack_social_options":{"image_generator_settings":{"template":"highway","default_image_id":0,"font":"","enabled":false},"version":2},"_wpas_customize_per_network":false,"jetpack_post_was_ever_published":false},"categories":[77170,28,7,77218,8,4],"tags":[],"class_list":["post-191674","post","type-post","status-publish","format-standard","has-post-thumbnail","hentry","category-belgium","category-europe","category-mobility","category-netherlands","category-product","category-top-stories-today"],"acf":[],"featured_image_urls_v2":{"full":["https:\/\/i0.wp.com\/newmobility.news\/wp-content\/uploads\/2026\/08\/Scherm%C2%ADafbeelding-2026-08-14-om-10.33.51.png?fit=1908%2C1324&ssl=1",1908,1324,false],"thumbnail":["https:\/\/i0.wp.com\/newmobility.news\/wp-content\/uploads\/2026\/08\/Scherm%C2%ADafbeelding-2026-08-14-om-10.33.51.png?resize=150%2C150&ssl=1",150,150,true],"medium":["https:\/\/i0.wp.com\/newmobility.news\/wp-content\/uploads\/2026\/08\/Scherm%C2%ADafbeelding-2026-08-14-om-10.33.51.png?fit=300%2C208&ssl=1",300,208,true],"medium_large":["https:\/\/i0.wp.com\/newmobility.news\/wp-content\/uploads\/2026\/08\/Scherm%C2%ADafbeelding-2026-08-14-om-10.33.51.png?fit=640%2C444&ssl=1",640,444,true],"large":["https:\/\/i0.wp.com\/newmobility.news\/wp-content\/uploads\/2026\/08\/Scherm%C2%ADafbeelding-2026-08-14-om-10.33.51.png?fit=640%2C444&ssl=1",640,444,true],"1536x1536":["https:\/\/i0.wp.com\/newmobility.news\/wp-content\/uploads\/2026\/08\/Scherm%C2%ADafbeelding-2026-08-14-om-10.33.51.png?fit=1536%2C1066&ssl=1",1536,1066,true],"2048x2048":["https:\/\/i0.wp.com\/newmobility.news\/wp-content\/uploads\/2026\/08\/Scherm%C2%ADafbeelding-2026-08-14-om-10.33.51.png?fit=1908%2C1324&ssl=1",1908,1324,true],"trp-custom-language-flag":["https:\/\/i0.wp.com\/newmobility.news\/wp-content\/uploads\/2026\/08\/Scherm%C2%ADafbeelding-2026-08-14-om-10.33.51.png?fit=18%2C12&ssl=1",18,12,true],"related-thumb":["https:\/\/i0.wp.com\/newmobility.news\/wp-content\/uploads\/2026\/08\/Scherm%C2%ADafbeelding-2026-08-14-om-10.33.51.png?resize=640%2C480&ssl=1",640,480,true],"gform-image-choice-sm":["https:\/\/i0.wp.com\/newmobility.news\/wp-content\/uploads\/2026\/08\/Scherm%C2%ADafbeelding-2026-08-14-om-10.33.51.png?resize=300%2C300&ssl=1",300,300,true],"gform-image-choice-md":["https:\/\/i0.wp.com\/newmobility.news\/wp-content\/uploads\/2026\/08\/Scherm%C2%ADafbeelding-2026-08-14-om-10.33.51.png?resize=400%2C400&ssl=1",400,400,true],"gform-image-choice-lg":["https:\/\/i0.wp.com\/newmobility.news\/wp-content\/uploads\/2026\/08\/Scherm%C2%ADafbeelding-2026-08-14-om-10.33.51.png?resize=600%2C600&ssl=1",600,600,true],"mailchimp":["https:\/\/i0.wp.com\/newmobility.news\/wp-content\/uploads\/2026\/08\/Scherm%C2%ADafbeelding-2026-08-14-om-10.33.51.png?fit=560%2C389&ssl=1",560,389,true],"unipress-phone":["https:\/\/i0.wp.com\/newmobility.news\/wp-content\/uploads\/2026\/08\/Scherm%C2%ADafbeelding-2026-08-14-om-10.33.51.png?resize=640%2C100&ssl=1",640,100,true],"unipress-tablet":["https:\/\/i0.wp.com\/newmobility.news\/wp-content\/uploads\/2026\/08\/Scherm%C2%ADafbeelding-2026-08-14-om-10.33.51.png?resize=1536%2C240&ssl=1",1536,240,true],"unipress-tablet-portrait":["https:\/\/i0.wp.com\/newmobility.news\/wp-content\/uploads\/2026\/08\/Scherm%C2%ADafbeelding-2026-08-14-om-10.33.51.png?resize=1536%2C180&ssl=1",1536,180,true],"unipress-tablet-landscape":["https:\/\/i0.wp.com\/newmobility.news\/wp-content\/uploads\/2026\/08\/Scherm%C2%ADafbeelding-2026-08-14-om-10.33.51.png?resize=1908%2C180&ssl=1",1908,180,true],"unipress-smartphone":["https:\/\/i0.wp.com\/newmobility.news\/wp-content\/uploads\/2026\/08\/Scherm%C2%ADafbeelding-2026-08-14-om-10.33.51.png?resize=1080%2C168&ssl=1",1080,168,true],"unipress-wide-screen":["https:\/\/i0.wp.com\/newmobility.news\/wp-content\/uploads\/2026\/08\/Scherm%C2%ADafbeelding-2026-08-14-om-10.33.51.png?resize=1908%2C180&ssl=1",1908,180,true]},"post_excerpt_stackable_v2":"<p>Volkswagen is finally turning the ID. Buzz into a factory-built electric camper. At the Caravan Salon in D\u00fcsseldorf later this month, Volkswagen Commercial Vehicles will unveil the ID. California Cruise.\u00a0It&#8217;s a concept that previews not merely one model but a new family of battery-electric California campers planned for gradual introduction toward 2028. In a way, the bigger news is that the project is alive at all. An ID. Buzz California seemed almost inevitable when the retro-styled electric van appeared, but Volkswagen subsequently put the idea on ice. A 2023 report suggested that a fully equipped camper, loaded with passengers and&hellip;<\/p>\n","category_list_v2":"<a href=\"https:\/\/newmobility.news\/fr\/category\/belgium\/\" rel=\"category tag\">Belgium<\/a>, <a href=\"https:\/\/newmobility.news\/fr\/category\/europe\/\" rel=\"category tag\">Europe<\/a>, <a href=\"https:\/\/newmobility.news\/fr\/category\/mobility\/\" rel=\"category tag\">Mobility<\/a>, <a href=\"https:\/\/newmobility.news\/fr\/category\/netherlands\/\" rel=\"category tag\">Netherlands<\/a>, <a href=\"https:\/\/newmobility.news\/fr\/category\/product\/\" rel=\"category tag\">Product<\/a>, <a href=\"https:\/\/newmobility.news\/fr\/category\/top-stories-today\/\" rel=\"category tag\">Top Stories Today<\/a>","author_info_v2":{"name":"Joris Van Roy","url":"https:\/\/newmobility.news\/fr\/author\/jorisximcom-be\/"},"comments_num_v2":"0 comments","yoast_head":"<!-- This site is optimized with the Yoast SEO plugin v28.4 - https:\/\/yoast.com\/product\/yoast-seo-wordpress\/ -->\n<title>VW revives ID. California: has its electric camper finally lost enough weight? - newmobility.news<\/title>\n<meta name=\"robots\" content=\"index, follow, max-snippet:-1, max-image-preview:large, max-video-preview:-1\" \/>\n<link rel=\"canonical\" href=\"https:\/\/newmobility.news\/fr\/2026\/08\/14\/vw-revives-id-california-has-its-electric-camper-finally-lost-enough-weight\/\" \/>\n<meta property=\"og:locale\" content=\"fr_FR\" \/>\n<meta property=\"og:type\" content=\"article\" \/>\n<meta property=\"og:title\" content=\"VW revives ID. California: has its electric camper finally lost enough weight? - newmobility.news\" \/>\n<meta property=\"og:description\" content=\"Volkswagen is finally turning the ID. Buzz into a factory-built electric camper. At the Caravan Salon in D\u00fcsseldorf later this month, Volkswagen Commercial Vehicles will unveil the ID. California Cruise.\u00a0It&#8217;s a concept that previews not merely one model but a new family of battery-electric California campers planned for gradual introduction toward 2028. In a way, [&hellip;]\" \/>\n<meta property=\"og:url\" content=\"https:\/\/newmobility.news\/fr\/2026\/08\/14\/vw-revives-id-california-has-its-electric-camper-finally-lost-enough-weight\/\" \/>\n<meta property=\"og:site_name\" content=\"newmobility.news\" \/>\n<meta property=\"article:publisher\" content=\"https:\/\/www.facebook.com\/search\/top\/?q=newmobility.news\" \/>\n<meta property=\"article:published_time\" content=\"2026-08-14T10:15:30+00:00\" \/>\n<meta property=\"og:image\" content=\"https:\/\/newmobility.news\/wp-content\/uploads\/2026\/08\/Scherm\u00adafbeelding-2026-08-14-om-10.33.51-1024x711.png\" \/>\n\t<meta property=\"og:image:width\" content=\"1024\" \/>\n\t<meta property=\"og:image:height\" content=\"711\" \/>\n\t<meta property=\"og:image:type\" content=\"image\/png\" \/>\n<meta name=\"author\" content=\"Joris Van Roy\" \/>\n<meta name=\"twitter:card\" content=\"summary_large_image\" \/>\n<meta name=\"twitter:creator\" content=\"@jorisvry\" \/>\n<meta name=\"twitter:site\" content=\"@jorisvry\" \/>\n<meta name=\"twitter:label1\" content=\"\u00c9crit par\" \/>\n\t<meta name=\"twitter:data1\" content=\"Joris Van Roy\" \/>\n\t<meta name=\"twitter:label2\" content=\"Dur\u00e9e de lecture est.\" \/>\n\t<meta name=\"twitter:data2\" content=\"4 minutes\" \/>\n<script type=\"application\/ld+json\" class=\"yoast-schema-graph\">{\"@context\":\"https:\\\/\\\/schema.org\",\"@graph\":[{\"@type\":\"Article\",\"@id\":\"https:\\\/\\\/newmobility.news\\\/2026\\\/08\\\/14\\\/vw-revives-id-california-has-its-electric-camper-finally-lost-enough-weight\\\/#article\",\"isPartOf\":{\"@id\":\"https:\\\/\\\/newmobility.news\\\/2026\\\/08\\\/14\\\/vw-revives-id-california-has-its-electric-camper-finally-lost-enough-weight\\\/\"},\"author\":{\"name\":\"Joris Van Roy\",\"@id\":\"https:\\\/\\\/newmobility.news\\\/#\\\/schema\\\/person\\\/993f2da7cd774079044984132dee0ef0\"},\"headline\":\"VW revives ID. California: has its electric camper finally lost enough weight?\",\"datePublished\":\"2026-08-14T10:15:30+00:00\",\"mainEntityOfPage\":{\"@id\":\"https:\\\/\\\/newmobility.news\\\/2026\\\/08\\\/14\\\/vw-revives-id-california-has-its-electric-camper-finally-lost-enough-weight\\\/\"},\"wordCount\":688,\"publisher\":{\"@id\":\"https:\\\/\\\/newmobility.news\\\/#organization\"},\"image\":{\"@id\":\"https:\\\/\\\/newmobility.news\\\/2026\\\/08\\\/14\\\/vw-revives-id-california-has-its-electric-camper-finally-lost-enough-weight\\\/#primaryimage\"},\"thumbnailUrl\":\"https:\\\/\\\/i0.wp.com\\\/newmobility.news\\\/wp-content\\\/uploads\\\/2026\\\/08\\\/Scherm%C2%ADafbeelding-2026-08-14-om-10.33.51.png?fit=1908%2C1324&ssl=1\",\"articleSection\":[\"Belgium\",\"Europe\",\"Mobility\",\"Netherlands\",\"Product\",\"Top Stories Today\"],\"inLanguage\":\"fr-BE\"},{\"@type\":\"WebPage\",\"@id\":\"https:\\\/\\\/newmobility.news\\\/2026\\\/08\\\/14\\\/vw-revives-id-california-has-its-electric-camper-finally-lost-enough-weight\\\/\",\"url\":\"https:\\\/\\\/newmobility.news\\\/2026\\\/08\\\/14\\\/vw-revives-id-california-has-its-electric-camper-finally-lost-enough-weight\\\/\",\"name\":\"VW revives ID. California: has its electric camper finally lost enough weight? - newmobility.news\",\"isPartOf\":{\"@id\":\"https:\\\/\\\/newmobility.news\\\/#website\"},\"primaryImageOfPage\":{\"@id\":\"https:\\\/\\\/newmobility.news\\\/2026\\\/08\\\/14\\\/vw-revives-id-california-has-its-electric-camper-finally-lost-enough-weight\\\/#primaryimage\"},\"image\":{\"@id\":\"https:\\\/\\\/newmobility.news\\\/2026\\\/08\\\/14\\\/vw-revives-id-california-has-its-electric-camper-finally-lost-enough-weight\\\/#primaryimage\"},\"thumbnailUrl\":\"https:\\\/\\\/i0.wp.com\\\/newmobility.news\\\/wp-content\\\/uploads\\\/2026\\\/08\\\/Scherm%C2%ADafbeelding-2026-08-14-om-10.33.51.png?fit=1908%2C1324&ssl=1\",\"datePublished\":\"2026-08-14T10:15:30+00:00\",\"breadcrumb\":{\"@id\":\"https:\\\/\\\/newmobility.news\\\/2026\\\/08\\\/14\\\/vw-revives-id-california-has-its-electric-camper-finally-lost-enough-weight\\\/#breadcrumb\"},\"inLanguage\":\"fr-BE\",\"potentialAction\":[{\"@type\":\"ReadAction\",\"target\":[\"https:\\\/\\\/newmobility.news\\\/2026\\\/08\\\/14\\\/vw-revives-id-california-has-its-electric-camper-finally-lost-enough-weight\\\/\"]}]},{\"@type\":\"ImageObject\",\"inLanguage\":\"fr-BE\",\"@id\":\"https:\\\/\\\/newmobility.news\\\/2026\\\/08\\\/14\\\/vw-revives-id-california-has-its-electric-camper-finally-lost-enough-weight\\\/#primaryimage\",\"url\":\"https:\\\/\\\/i0.wp.com\\\/newmobility.news\\\/wp-content\\\/uploads\\\/2026\\\/08\\\/Scherm%C2%ADafbeelding-2026-08-14-om-10.33.51.png?fit=1908%2C1324&ssl=1\",\"contentUrl\":\"https:\\\/\\\/i0.wp.com\\\/newmobility.news\\\/wp-content\\\/uploads\\\/2026\\\/08\\\/Scherm%C2%ADafbeelding-2026-08-14-om-10.33.51.png?fit=1908%2C1324&ssl=1\",\"width\":1908,\"height\":1324,\"caption\":\"Volkswagen has so far only released an impression of the ID. California Cruise. The real ID. Buzz-based camper will make its world debut at the Caravan Salon in D\u00fcsseldorf on August 28 \\\/Volkswagen\"},{\"@type\":\"BreadcrumbList\",\"@id\":\"https:\\\/\\\/newmobility.news\\\/2026\\\/08\\\/14\\\/vw-revives-id-california-has-its-electric-camper-finally-lost-enough-weight\\\/#breadcrumb\",\"itemListElement\":[{\"@type\":\"ListItem\",\"position\":1,\"name\":\"Home\",\"item\":\"https:\\\/\\\/newmobility.news\\\/\"},{\"@type\":\"ListItem\",\"position\":2,\"name\":\"VW revives ID. California: has its electric camper finally lost enough weight?\"}]},{\"@type\":\"WebSite\",\"@id\":\"https:\\\/\\\/newmobility.news\\\/#website\",\"url\":\"https:\\\/\\\/newmobility.news\\\/\",\"name\":\"newmobility.news\",\"description\":\"A B2BNews Agency\u00ae news service for mobility business proessional\",\"publisher\":{\"@id\":\"https:\\\/\\\/newmobility.news\\\/#organization\"},\"potentialAction\":[{\"@type\":\"SearchAction\",\"target\":{\"@type\":\"EntryPoint\",\"urlTemplate\":\"https:\\\/\\\/newmobility.news\\\/?s={search_term_string}\"},\"query-input\":{\"@type\":\"PropertyValueSpecification\",\"valueRequired\":true,\"valueName\":\"search_term_string\"}}],\"inLanguage\":\"fr-BE\"},{\"@type\":\"Organization\",\"@id\":\"https:\\\/\\\/newmobility.news\\\/#organization\",\"name\":\"B2BNews Agency\",\"url\":\"https:\\\/\\\/newmobility.news\\\/\",\"logo\":{\"@type\":\"ImageObject\",\"inLanguage\":\"fr-BE\",\"@id\":\"https:\\\/\\\/newmobility.news\\\/#\\\/schema\\\/logo\\\/image\\\/\",\"url\":\"https:\\\/\\\/newmobility.news\\\/wp-content\\\/uploads\\\/2018\\\/01\\\/b2bnews-agency-logo.png\",\"contentUrl\":\"https:\\\/\\\/newmobility.news\\\/wp-content\\\/uploads\\\/2018\\\/01\\\/b2bnews-agency-logo.png\",\"width\":\"581\",\"height\":\"117\",\"caption\":\"B2BNews Agency\"},\"image\":{\"@id\":\"https:\\\/\\\/newmobility.news\\\/#\\\/schema\\\/logo\\\/image\\\/\"},\"sameAs\":[\"https:\\\/\\\/www.facebook.com\\\/search\\\/top\\\/?q=newmobility.news\",\"https:\\\/\\\/x.com\\\/jorisvry\",\"https:\\\/\\\/www.linkedin.com\\\/in\\\/jorisvanroy\\\/\",\"https:\\\/\\\/nl.pinterest.com\\\/jorisvanroy\\\/\"]},{\"@type\":\"Person\",\"@id\":\"https:\\\/\\\/newmobility.news\\\/#\\\/schema\\\/person\\\/993f2da7cd774079044984132dee0ef0\",\"name\":\"Joris Van Roy\",\"image\":{\"@type\":\"ImageObject\",\"inLanguage\":\"fr-BE\",\"@id\":\"https:\\\/\\\/secure.gravatar.com\\\/avatar\\\/b82919546c1cd9980bd2bc08f09d294c7cb92b3addd23cb9a4377a7b88b4349b?s=96&d=mm&r=g\",\"url\":\"https:\\\/\\\/secure.gravatar.com\\\/avatar\\\/b82919546c1cd9980bd2bc08f09d294c7cb92b3addd23cb9a4377a7b88b4349b?s=96&d=mm&r=g\",\"contentUrl\":\"https:\\\/\\\/secure.gravatar.com\\\/avatar\\\/b82919546c1cd9980bd2bc08f09d294c7cb92b3addd23cb9a4377a7b88b4349b?s=96&d=mm&r=g\",\"caption\":\"Joris Van Roy\"},\"url\":\"https:\\\/\\\/newmobility.news\\\/fr\\\/author\\\/jorisximcom-be\\\/\"}]}<\/script>\n<!-- \/ Yoast SEO plugin. -->","yoast_head_json":{"title":"VW relance l'ID. California : son camping-car \u00e9lectrique a-t-il enfin perdu suffisamment de poids ? - newmobility.news","robots":{"index":"index","follow":"follow","max-snippet":"max-snippet:-1","max-image-preview":"max-image-preview:large","max-video-preview":"max-video-preview:-1"},"canonical":"https:\/\/newmobility.news\/fr\/2026\/08\/14\/vw-revives-id-california-has-its-electric-camper-finally-lost-enough-weight\/","og_locale":"fr_FR","og_type":"article","og_title":"VW revives ID. California: has its electric camper finally lost enough weight? - newmobility.news","og_description":"Volkswagen is finally turning the ID. Buzz into a factory-built electric camper. At the Caravan Salon in D\u00fcsseldorf later this month, Volkswagen Commercial Vehicles will unveil the ID. California Cruise.\u00a0It&#8217;s a concept that previews not merely one model but a new family of battery-electric California campers planned for gradual introduction toward 2028. In a way, [&hellip;]","og_url":"https:\/\/newmobility.news\/fr\/2026\/08\/14\/vw-revives-id-california-has-its-electric-camper-finally-lost-enough-weight\/","og_site_name":"newmobility.news","article_publisher":"https:\/\/www.facebook.com\/search\/top\/?q=newmobility.news","article_published_time":"2026-08-14T10:15:30+00:00","og_image":[{"width":1024,"height":711,"url":"https:\/\/newmobility.news\/wp-content\/uploads\/2026\/08\/Scherm\u00adafbeelding-2026-08-14-om-10.33.51-1024x711.png","type":"image\/png"}],"author":"Joris Van Roy","twitter_card":"summary_large_image","twitter_creator":"@jorisvry","twitter_site":"@jorisvry","twitter_misc":{"\u00c9crit par":"Joris Van Roy","Dur\u00e9e de lecture est.":"4 minutes"},"schema":{"@context":"https:\/\/schema.org","@graph":[{"@type":"Article","@id":"https:\/\/newmobility.news\/2026\/08\/14\/vw-revives-id-california-has-its-electric-camper-finally-lost-enough-weight\/#article","isPartOf":{"@id":"https:\/\/newmobility.news\/2026\/08\/14\/vw-revives-id-california-has-its-electric-camper-finally-lost-enough-weight\/"},"author":{"name":"Joris Van Roy","@id":"https:\/\/newmobility.news\/#\/schema\/person\/993f2da7cd774079044984132dee0ef0"},"headline":"VW revives ID. California: has its electric camper finally lost enough weight?","datePublished":"2026-08-14T10:15:30+00:00","mainEntityOfPage":{"@id":"https:\/\/newmobility.news\/2026\/08\/14\/vw-revives-id-california-has-its-electric-camper-finally-lost-enough-weight\/"},"wordCount":688,"publisher":{"@id":"https:\/\/newmobility.news\/#organization"},"image":{"@id":"https:\/\/newmobility.news\/2026\/08\/14\/vw-revives-id-california-has-its-electric-camper-finally-lost-enough-weight\/#primaryimage"},"thumbnailUrl":"https:\/\/i0.wp.com\/newmobility.news\/wp-content\/uploads\/2026\/08\/Scherm%C2%ADafbeelding-2026-08-14-om-10.33.51.png?fit=1908%2C1324&ssl=1","articleSection":["Belgium","Europe","Mobility","Netherlands","Product","Top Stories Today"],"inLanguage":"fr-BE"},{"@type":"WebPage","@id":"https:\/\/newmobility.news\/2026\/08\/14\/vw-revives-id-california-has-its-electric-camper-finally-lost-enough-weight\/","url":"https:\/\/newmobility.news\/2026\/08\/14\/vw-revives-id-california-has-its-electric-camper-finally-lost-enough-weight\/","name":"VW relance l'ID. California : son camping-car \u00e9lectrique a-t-il enfin perdu suffisamment de poids ? - newmobility.news","isPartOf":{"@id":"https:\/\/newmobility.news\/#website"},"primaryImageOfPage":{"@id":"https:\/\/newmobility.news\/2026\/08\/14\/vw-revives-id-california-has-its-electric-camper-finally-lost-enough-weight\/#primaryimage"},"image":{"@id":"https:\/\/newmobility.news\/2026\/08\/14\/vw-revives-id-california-has-its-electric-camper-finally-lost-enough-weight\/#primaryimage"},"thumbnailUrl":"https:\/\/i0.wp.com\/newmobility.news\/wp-content\/uploads\/2026\/08\/Scherm%C2%ADafbeelding-2026-08-14-om-10.33.51.png?fit=1908%2C1324&ssl=1","datePublished":"2026-08-14T10:15:30+00:00","breadcrumb":{"@id":"https:\/\/newmobility.news\/2026\/08\/14\/vw-revives-id-california-has-its-electric-camper-finally-lost-enough-weight\/#breadcrumb"},"inLanguage":"fr-BE","potentialAction":[{"@type":"ReadAction","target":["https:\/\/newmobility.news\/2026\/08\/14\/vw-revives-id-california-has-its-electric-camper-finally-lost-enough-weight\/"]}]},{"@type":"ImageObject","inLanguage":"fr-BE","@id":"https:\/\/newmobility.news\/2026\/08\/14\/vw-revives-id-california-has-its-electric-camper-finally-lost-enough-weight\/#primaryimage","url":"https:\/\/i0.wp.com\/newmobility.news\/wp-content\/uploads\/2026\/08\/Scherm%C2%ADafbeelding-2026-08-14-om-10.33.51.png?fit=1908%2C1324&ssl=1","contentUrl":"https:\/\/i0.wp.com\/newmobility.news\/wp-content\/uploads\/2026\/08\/Scherm%C2%ADafbeelding-2026-08-14-om-10.33.51.png?fit=1908%2C1324&ssl=1","width":1908,"height":1324,"caption":"Volkswagen has so far only released an impression of the ID. California Cruise. The real ID. Buzz-based camper will make its world debut at the Caravan Salon in D\u00fcsseldorf on August 28 \/Volkswagen"},{"@type":"BreadcrumbList","@id":"https:\/\/newmobility.news\/2026\/08\/14\/vw-revives-id-california-has-its-electric-camper-finally-lost-enough-weight\/#breadcrumb","itemListElement":[{"@type":"ListItem","position":1,"name":"Home","item":"https:\/\/newmobility.news\/"},{"@type":"ListItem","position":2,"name":"VW revives ID. California: has its electric camper finally lost enough weight?"}]},{"@type":"WebSite","@id":"https:\/\/newmobility.news\/#website","url":"https:\/\/newmobility.news\/","name":"nouveaumobilit\u00e9.actualit\u00e9s","description":"Un service d'information B2BNews Agency\u00ae destin\u00e9 aux professionnels de la mobilit\u00e9","publisher":{"@id":"https:\/\/newmobility.news\/#organization"},"potentialAction":[{"@type":"SearchAction","target":{"@type":"EntryPoint","urlTemplate":"https:\/\/newmobility.news\/?s={search_term_string}"},"query-input":{"@type":"PropertyValueSpecification","valueRequired":true,"valueName":"search_term_string"}}],"inLanguage":"fr-BE"},{"@type":"Organization","@id":"https:\/\/newmobility.news\/#organization","name":"Agence de presse B2BNews","url":"https:\/\/newmobility.news\/","logo":{"@type":"ImageObject","inLanguage":"fr-BE","@id":"https:\/\/newmobility.news\/#\/schema\/logo\/image\/","url":"https:\/\/newmobility.news\/wp-content\/uploads\/2018\/01\/b2bnews-agency-logo.png","contentUrl":"https:\/\/newmobility.news\/wp-content\/uploads\/2018\/01\/b2bnews-agency-logo.png","width":"581","height":"117","caption":"B2BNews Agency"},"image":{"@id":"https:\/\/newmobility.news\/#\/schema\/logo\/image\/"},"sameAs":["https:\/\/www.facebook.com\/search\/top\/?q=newmobility.news","https:\/\/x.com\/jorisvry","https:\/\/www.linkedin.com\/in\/jorisvanroy\/","https:\/\/nl.pinterest.com\/jorisvanroy\/"]},{"@type":"Person","@id":"https:\/\/newmobility.news\/#\/schema\/person\/993f2da7cd774079044984132dee0ef0","name":"Joris Van Roy","image":{"@type":"ImageObject","inLanguage":"fr-BE","@id":"https:\/\/secure.gravatar.com\/avatar\/b82919546c1cd9980bd2bc08f09d294c7cb92b3addd23cb9a4377a7b88b4349b?s=96&d=mm&r=g","url":"https:\/\/secure.gravatar.com\/avatar\/b82919546c1cd9980bd2bc08f09d294c7cb92b3addd23cb9a4377a7b88b4349b?s=96&d=mm&r=g","contentUrl":"https:\/\/secure.gravatar.com\/avatar\/b82919546c1cd9980bd2bc08f09d294c7cb92b3addd23cb9a4377a7b88b4349b?s=96&d=mm&r=g","caption":"Joris Van Roy"},"url":"https:\/\/newmobility.news\/fr\/author\/jorisximcom-be\/"}]}},"jetpack_publicize_connections":[],"jetpack_shortlink":"https:\/\/wp.me\/p9wJdU-NRw","jetpack_sharing_enabled":true,"jetpack_likes_enabled":true,"jetpack-related-posts":[],"jetpack_featured_media_url":"https:\/\/i0.wp.com\/newmobility.news\/wp-content\/uploads\/2026\/08\/Scherm%C2%ADafbeelding-2026-08-14-om-10.33.51.png?fit=1908%2C1324&ssl=1","_links":{"self":[{"href":"https:\/\/newmobility.news\/fr\/wp-json\/wp\/v2\/posts\/191674","targetHints":{"allow":["GET"]}}],"collection":[{"href":"https:\/\/newmobility.news\/fr\/wp-json\/wp\/v2\/posts"}],"about":[{"href":"https:\/\/newmobility.news\/fr\/wp-json\/wp\/v2\/types\/post"}],"author":[{"embeddable":true,"href":"https:\/\/newmobility.news\/fr\/wp-json\/wp\/v2\/users\/21"}],"replies":[{"embeddable":true,"href":"https:\/\/newmobility.news\/fr\/wp-json\/wp\/v2\/comments?post=191674"}],"version-history":[{"count":3,"href":"https:\/\/newmobility.news\/fr\/wp-json\/wp\/v2\/posts\/191674\/revisions"}],"predecessor-version":[{"id":191685,"href":"https:\/\/newmobility.news\/fr\/wp-json\/wp\/v2\/posts\/191674\/revisions\/191685"}],"wp:featuredmedia":[{"embeddable":true,"href":"https:\/\/newmobility.news\/fr\/wp-json\/wp\/v2\/media\/191677"}],"wp:attachment":[{"href":"https:\/\/newmobility.news\/fr\/wp-json\/wp\/v2\/media?parent=191674"}],"wp:term":[{"taxonomy":"category","embeddable":true,"href":"https:\/\/newmobility.news\/fr\/wp-json\/wp\/v2\/categories?post=191674"},{"taxonomy":"post_tag","embeddable":true,"href":"https:\/\/newmobility.news\/fr\/wp-json\/wp\/v2\/tags?post=191674"}],"curies":[{"name":"wp","href":"https:\/\/api.w.org\/{rel}","templated":true}]}}