{"id":191756,"date":"2026-08-17T12:20:40","date_gmt":"2026-08-17T10:20:40","guid":{"rendered":"https:\/\/newmobility.news\/?p=191756"},"modified":"2026-08-17T11:59:58","modified_gmt":"2026-08-17T09:59:58","slug":"oil-majors-double-profits-as-europe-debates-taxing-the-windfall","status":"publish","type":"post","link":"https:\/\/newmobility.news\/fr\/2026\/08\/17\/oil-majors-double-profits-as-europe-debates-taxing-the-windfall\/","title":{"rendered":"Les g\u00e9ants p\u00e9troliers doublent leurs b\u00e9n\u00e9fices alors que l'Europe d\u00e9bat de la taxation des b\u00e9n\u00e9fices exceptionnels"},"content":{"rendered":"<p>Les grandes compagnies p\u00e9troli\u00e8res europ\u00e9ennes ont plus que doubl\u00e9 leurs b\u00e9n\u00e9fices au cours du dernier trimestre de 2026, relan\u00e7ant ainsi le d\u00e9bat sur la question de savoir si les gouvernements devraient taxer une partie de ces gains tout en d\u00e9pensant simultan\u00e9ment des fonds publics pour prot\u00e9ger les automobilistes contre la hausse des prix des carburants.<\/p>\n<p>Selon une analyse r\u00e9alis\u00e9e par l'association de d\u00e9fense de l'environnement Transport &amp; Environment, huit grandes compagnies p\u00e9troli\u00e8res, dont Shell, BP, TotalEnergies, Eni, Repsol, OMV, Orlen et Moeve, ont d\u00e9clar\u00e9 ensemble des b\u00e9n\u00e9fices ajust\u00e9s d'environ 25,8 milliards d'euros au deuxi\u00e8me trimestre 2026. Ce chiffre est \u00e0 comparer aux quelque 11,6 milliards d'euros enregistr\u00e9s au cours de la m\u00eame p\u00e9riode l'ann\u00e9e derni\u00e8re, soit une hausse de 122%.<\/p>\n<p>Les comptes trimestriels publi\u00e9s par ces entreprises confirment globalement ces chiffres. \u00c0 elle seule, Shell a annonc\u00e9 un r\u00e9sultat ajust\u00e9 de $9,8 milliards au deuxi\u00e8me trimestre, tandis que BP a d\u00e9clar\u00e9 $5,7 milliards et TotalEnergies environ $6 milliards. Eni et Repsol ont \u00e9galement fait \u00e9tat d'une forte hausse de leurs b\u00e9n\u00e9fices.<\/p>\n<h4>Tensions g\u00e9opolitiques<\/h4>\n<p>Cette am\u00e9lioration a largement co\u00efncid\u00e9 avec la nouvelle flamb\u00e9e des cours du p\u00e9trole, suite aux tensions g\u00e9opolitiques au Moyen-Orient. Le Brent s'est \u00e9tabli en moyenne \u00e0 plus de $100 le baril au cours du trimestre, soit un niveau nettement sup\u00e9rieur \u00e0 celui de l'ann\u00e9e pr\u00e9c\u00e9dente.<\/p>\n<p>Selon les estimations de Transport &amp; Environment, environ 7,5 milliards d'euros des b\u00e9n\u00e9fices suppl\u00e9mentaires g\u00e9n\u00e9r\u00e9s au cours du premier semestre 2026 peuvent \u00eatre attribu\u00e9s aux activit\u00e9s europ\u00e9ennes.<\/p>\n<p>Ce chiffre doit toutefois \u00eatre nuanc\u00e9. Les compagnies p\u00e9troli\u00e8res ne publient g\u00e9n\u00e9ralement pas les chiffres exacts de leurs b\u00e9n\u00e9fices sur le march\u00e9 europ\u00e9en. T&amp;E estime donc les b\u00e9n\u00e9fices europ\u00e9ens en appliquant la part des revenus de chaque entreprise provenant de l\u2019UE \u00e0 ses chiffres de b\u00e9n\u00e9fices mondiaux. L\u2019organisation d\u00e9finit ensuite les \u2018 b\u00e9n\u00e9fices exc\u00e9dentaires \u2019 comme la diff\u00e9rence entre les b\u00e9n\u00e9fices de 2026 et ceux g\u00e9n\u00e9r\u00e9s au cours de la p\u00e9riode correspondante de 2025.<\/p>\n<p>Ce chiffre de 7,5 milliards d'euros est donc une estimation et non un chiffre comptable certifi\u00e9. Cela signifie \u00e9galement que chaque euro de b\u00e9n\u00e9fice suppl\u00e9mentaire ne peut pas n\u00e9cessairement \u00eatre attribu\u00e9 directement \u00e0 la hausse des prix du p\u00e9trole.<\/p>\n<p>Une hausse de la production, une baisse des co\u00fbts, des acquisitions ou des r\u00e9sultats exceptionnellement faibles en 2025 pourraient \u00e9galement influencer cette comparaison. N\u00e9anmoins, ces chiffres illustrent pourquoi les appels en faveur de nouvelles taxes sur les b\u00e9n\u00e9fices exceptionnels gagnent du terrain sur le plan politique.<\/p>\n<p><strong>Belgique : estimation \u00e0 213 millions d'euros<\/strong><\/p>\n<p>Pour la seule Belgique, T&amp;E estime que les compagnies p\u00e9troli\u00e8res ont g\u00e9n\u00e9r\u00e9 environ 213 millions d'euros de b\u00e9n\u00e9fices exceptionnels au cours des six premiers mois de l'ann\u00e9e. La Pologne arrive en t\u00eate des pays \u00e9tudi\u00e9s avec environ 1,63 milliard d'euros, suivie de l'Espagne avec 1,48 milliard d'euros et de l'Allemagne avec 1,19 milliard d'euros.<\/p>\n<p>Ce chiffre belge pr\u00e9sente un int\u00e9r\u00eat politique, car les gouvernements d\u00e9pensent \u00e0 nouveau des fonds pour limiter l'impact de la hausse des prix de l'essence et du diesel sur les consommateurs. Plut\u00f4t que de taxer les b\u00e9n\u00e9fices exceptionnels du secteur p\u00e9trolier, la Belgique s'est jusqu'\u00e0 pr\u00e9sent principalement concentr\u00e9e sur le contr\u00f4le des prix, la surveillance r\u00e9glementaire et le soutien aux consommateurs.<\/p>\n<h4>Autres pays europ\u00e9ens<\/h4>\n<p>D'autres pays europ\u00e9ens adoptent une approche diff\u00e9rente. Le Portugal a r\u00e9cemment approuv\u00e9 un projet de taxe de 33% sur les b\u00e9n\u00e9fices des compagnies p\u00e9troli\u00e8res qui d\u00e9passent 120% de la moyenne des b\u00e9n\u00e9fices r\u00e9alis\u00e9s en 2024 et 2025. Cette mesure doit encore \u00eatre d\u00e9finitivement approuv\u00e9e par le Parlement.<\/p>\n<p>La Roumanie dispose d\u00e9j\u00e0 de plusieurs m\u00e9canismes visant \u00e0 taxer les b\u00e9n\u00e9fices exceptionnellement \u00e9lev\u00e9s du secteur p\u00e9trolier, notamment des taxes li\u00e9es aux cours du Brent.<\/p>\n<p>L'Italie a opt\u00e9 pour une solution de plus grande envergure en augmentant l'imp\u00f4t r\u00e9gional sur les soci\u00e9t\u00e9s pr\u00e9lev\u00e9 sur les entreprises du secteur de l'\u00e9nergie en 2026 et 2027. Le gouvernement pr\u00e9voit que cette mesure g\u00e9n\u00e9rera des centaines de millions d'euros.<\/p>\n<p>La Pologne est all\u00e9e encore plus loin. Son Parlement a approuv\u00e9 une taxe sur les b\u00e9n\u00e9fices exceptionnels du secteur des carburants, mais sa mise en \u0153uvre a \u00e9t\u00e9 report\u00e9e apr\u00e8s que le pr\u00e9sident a saisi le Tribunal constitutionnel de cette loi.<\/p>\n<p>En dehors de l'UE, le Royaume-Uni dispose d\u00e9j\u00e0 de l'un des syst\u00e8mes les plus complets d'Europe. Sa \u00ab Energy Profits Levy \u00bb (taxe sur les b\u00e9n\u00e9fices \u00e9nerg\u00e9tiques) porte le taux d'imposition effectif sur les b\u00e9n\u00e9fices tir\u00e9s du p\u00e9trole et du gaz de la mer du Nord \u00e0 78%.<\/p>\n<p><strong>L'Europe l'a d\u00e9j\u00e0 fait par le pass\u00e9<\/strong><\/p>\n<p>La taxation des b\u00e9n\u00e9fices exceptionnels n\u2019est pas une nouveaut\u00e9 pour l\u2019Union europ\u00e9enne. \u00c0 la suite de la crise \u00e9nerg\u00e9tique d\u00e9clench\u00e9e par l\u2019invasion de l\u2019Ukraine par la Russie, l\u2019UE a instaur\u00e9 une contribution de solidarit\u00e9 temporaire \u00e0 la charge des entreprises du secteur des \u00e9nergies fossiles. Les b\u00e9n\u00e9fices d\u00e9passant de plus de 20% le niveau moyen enregistr\u00e9 entre 2018 et 2021 pourraient \u00eatre impos\u00e9s \u00e0 un taux minimal de 33%.<\/p>\n<p>Selon la Commission europ\u00e9enne, ce m\u00e9canisme a permis de lever plus de 26 milliards d'euros dans l'ensemble des \u00c9tats membres en 2022 et 2023, dont une grande partie a \u00e9t\u00e9 utilis\u00e9e pour venir en aide aux m\u00e9nages et aux entreprises confront\u00e9s \u00e0 une flamb\u00e9e des factures d'\u00e9nergie.<\/p>\n<h4>M\u00e9canisme permanent<\/h4>\n<p>T&amp;E fait d\u00e9sormais valoir que l'Europe devrait relancer ce principe et mettre en place un m\u00e9canisme permanent qui se d\u00e9clencherait automatiquement en cas de hausse exceptionnellement rapide des prix du p\u00e9trole ou des b\u00e9n\u00e9fices des entreprises.<\/p>\n<p>Ce d\u00e9bat met en \u00e9vidence une contradiction g\u00eanante pour les gouvernements. Lorsque les prix du p\u00e9trole flambent, de nombreux pays r\u00e9duisent les taxes sur les carburants ou accordent des subventions pour prot\u00e9ger les automobilistes, ce qui entra\u00eene une baisse des recettes publiques. Dans le m\u00eame temps, les producteurs et les raffineurs de p\u00e9trole peuvent voir leurs b\u00e9n\u00e9fices augmenter consid\u00e9rablement.<\/p>\n<p>Une taxe sur les b\u00e9n\u00e9fices exceptionnels vise \u00e0 r\u00e9percuter une partie de ce co\u00fbt sur les entreprises qui profitent le plus de la flamb\u00e9e des prix.<\/p>\n<p>Pour la Belgique, o\u00f9 T&amp;E estime \u00e0 plus de 200 millions d'euros les b\u00e9n\u00e9fices suppl\u00e9mentaires g\u00e9n\u00e9r\u00e9s par le secteur p\u00e9trolier en seulement six mois, ce d\u00e9bat pourrait devenir difficile \u00e0 \u00e9viter si les prix des carburants restent \u00e9lev\u00e9s.<\/p>\n<p>Les pays o\u00f9 la part des v\u00e9hicules \u00e9lectriques est plus \u00e9lev\u00e9e sont bien moins expos\u00e9s \u00e0 la hausse des prix. Le Danemark affiche une part de v\u00e9hicules \u00e9lectriques \u00e0 batterie (BEV) d\u2019environ 19%, contre moins de 1% en Pologne. Une \u00e9tude pr\u00e9c\u00e9dente de T&amp;E a r\u00e9v\u00e9l\u00e9 que le conflit en Iran devrait toucher cinq fois plus les conducteurs de v\u00e9hicules \u00e0 essence que les conducteurs de v\u00e9hicules \u00e9lectriques.<\/p>","protected":false},"excerpt":{"rendered":"<p>Europe&#8217;s major oil companies have more than doubled their profits in the latest quarter of 2026, reigniting the debate over whether governments should tax part of those gains while simultaneously spending public money to shield motorists from high fuel prices. According to an analysis by the environmental lobby group Transport &amp; Environment, eight major oil [&hellip;]<\/p>\n","protected":false},"author":175,"featured_media":191796,"comment_status":"closed","ping_status":"closed","sticky":false,"template":"","format":"standard","meta":{"_acf_changed":false,"_jetpack_newsletter_access":"","_jetpack_dont_email_post_to_subs":false,"_jetpack_newsletter_tier_id":0,"_jetpack_memberships_contains_paywalled_content":false,"_jetpack_feature_clip_id":0,"_jetpack_memberships_contains_paid_content":false,"footnotes":"","jetpack_publicize_message":"{title}\r\n\r\n{excerpt}\r\n\r\n{url}","jetpack_publicize_feature_enabled":true,"jetpack_social_post_already_shared":true,"jetpack_social_options":{"image_generator_settings":{"template":"highway","default_image_id":0,"font":"","enabled":false},"version":2},"_wpas_customize_per_network":false,"jetpack_post_was_ever_published":false},"categories":[2043,28,77169,7,8,4],"tags":[],"class_list":["post-191756","post","type-post","status-publish","format-standard","has-post-thumbnail","hentry","category-energy","category-europe","category-market","category-mobility","category-product","category-top-stories-today"],"acf":[],"featured_image_urls_v2":{"full":["https:\/\/i0.wp.com\/newmobility.news\/wp-content\/uploads\/2026\/08\/Scherm%C2%ADafbeelding-2026-08-17-om-10.42.47.png?fit=895%2C466&ssl=1",895,466,false],"thumbnail":["https:\/\/i0.wp.com\/newmobility.news\/wp-content\/uploads\/2026\/08\/Scherm%C2%ADafbeelding-2026-08-17-om-10.42.47.png?resize=150%2C150&ssl=1",150,150,true],"medium":["https:\/\/i0.wp.com\/newmobility.news\/wp-content\/uploads\/2026\/08\/Scherm%C2%ADafbeelding-2026-08-17-om-10.42.47.png?fit=300%2C156&ssl=1",300,156,true],"medium_large":["https:\/\/i0.wp.com\/newmobility.news\/wp-content\/uploads\/2026\/08\/Scherm%C2%ADafbeelding-2026-08-17-om-10.42.47.png?fit=640%2C333&ssl=1",640,333,true],"large":["https:\/\/i0.wp.com\/newmobility.news\/wp-content\/uploads\/2026\/08\/Scherm%C2%ADafbeelding-2026-08-17-om-10.42.47.png?fit=640%2C333&ssl=1",640,333,true],"1536x1536":["https:\/\/i0.wp.com\/newmobility.news\/wp-content\/uploads\/2026\/08\/Scherm%C2%ADafbeelding-2026-08-17-om-10.42.47.png?fit=895%2C466&ssl=1",895,466,true],"2048x2048":["https:\/\/i0.wp.com\/newmobility.news\/wp-content\/uploads\/2026\/08\/Scherm%C2%ADafbeelding-2026-08-17-om-10.42.47.png?fit=895%2C466&ssl=1",895,466,true],"trp-custom-language-flag":["https:\/\/i0.wp.com\/newmobility.news\/wp-content\/uploads\/2026\/08\/Scherm%C2%ADafbeelding-2026-08-17-om-10.42.47.png?fit=18%2C9&ssl=1",18,9,true],"related-thumb":["https:\/\/i0.wp.com\/newmobility.news\/wp-content\/uploads\/2026\/08\/Scherm%C2%ADafbeelding-2026-08-17-om-10.42.47.png?resize=640%2C466&ssl=1",640,466,true],"gform-image-choice-sm":["https:\/\/i0.wp.com\/newmobility.news\/wp-content\/uploads\/2026\/08\/Scherm%C2%ADafbeelding-2026-08-17-om-10.42.47.png?resize=300%2C300&ssl=1",300,300,true],"gform-image-choice-md":["https:\/\/i0.wp.com\/newmobility.news\/wp-content\/uploads\/2026\/08\/Scherm%C2%ADafbeelding-2026-08-17-om-10.42.47.png?resize=400%2C400&ssl=1",400,400,true],"gform-image-choice-lg":["https:\/\/i0.wp.com\/newmobility.news\/wp-content\/uploads\/2026\/08\/Scherm%C2%ADafbeelding-2026-08-17-om-10.42.47.png?resize=600%2C466&ssl=1",600,466,true],"mailchimp":["https:\/\/i0.wp.com\/newmobility.news\/wp-content\/uploads\/2026\/08\/Scherm%C2%ADafbeelding-2026-08-17-om-10.42.47.png?fit=560%2C292&ssl=1",560,292,true],"unipress-phone":["https:\/\/i0.wp.com\/newmobility.news\/wp-content\/uploads\/2026\/08\/Scherm%C2%ADafbeelding-2026-08-17-om-10.42.47.png?resize=640%2C100&ssl=1",640,100,true],"unipress-tablet":["https:\/\/i0.wp.com\/newmobility.news\/wp-content\/uploads\/2026\/08\/Scherm%C2%ADafbeelding-2026-08-17-om-10.42.47.png?resize=895%2C240&ssl=1",895,240,true],"unipress-tablet-portrait":["https:\/\/i0.wp.com\/newmobility.news\/wp-content\/uploads\/2026\/08\/Scherm%C2%ADafbeelding-2026-08-17-om-10.42.47.png?resize=895%2C180&ssl=1",895,180,true],"unipress-tablet-landscape":["https:\/\/i0.wp.com\/newmobility.news\/wp-content\/uploads\/2026\/08\/Scherm%C2%ADafbeelding-2026-08-17-om-10.42.47.png?resize=895%2C180&ssl=1",895,180,true],"unipress-smartphone":["https:\/\/i0.wp.com\/newmobility.news\/wp-content\/uploads\/2026\/08\/Scherm%C2%ADafbeelding-2026-08-17-om-10.42.47.png?resize=895%2C168&ssl=1",895,168,true],"unipress-wide-screen":["https:\/\/i0.wp.com\/newmobility.news\/wp-content\/uploads\/2026\/08\/Scherm%C2%ADafbeelding-2026-08-17-om-10.42.47.png?resize=895%2C180&ssl=1",895,180,true]},"post_excerpt_stackable_v2":"<p>Europe&#8217;s major oil companies have more than doubled their profits in the latest quarter of 2026, reigniting the debate over whether governments should tax part of those gains while simultaneously spending public money to shield motorists from high fuel prices. According to an analysis by the environmental lobby group Transport &amp; Environment, eight major oil companies, including Shell, BP, TotalEnergies, Eni, Repsol, OMV, Orlen, and Moeve, collectively reported adjusted profits of around \u20ac25.8 billion in the second quarter of 2026. That compares with approximately \u20ac11.6 billion during the same period last year, an increase of 122%. The companies\u2019 own quarterly&hellip;<\/p>\n","category_list_v2":"<a href=\"https:\/\/newmobility.news\/fr\/category\/energy\/\" rel=\"category tag\">Energy<\/a>, <a href=\"https:\/\/newmobility.news\/fr\/category\/europe\/\" rel=\"category tag\">Europe<\/a>, <a href=\"https:\/\/newmobility.news\/fr\/category\/market\/\" rel=\"category tag\">Market<\/a>, <a href=\"https:\/\/newmobility.news\/fr\/category\/mobility\/\" rel=\"category tag\">Mobility<\/a>, <a href=\"https:\/\/newmobility.news\/fr\/category\/product\/\" rel=\"category tag\">Product<\/a>, <a href=\"https:\/\/newmobility.news\/fr\/category\/top-stories-today\/\" rel=\"category tag\">Top Stories Today<\/a>","author_info_v2":{"name":"Hilde Van Raemdonck","url":"https:\/\/newmobility.news\/fr\/author\/hilde-van-raemdonck\/"},"comments_num_v2":"0 comments","yoast_head":"<!-- This site is optimized with the Yoast SEO plugin v28.4 - https:\/\/yoast.com\/product\/yoast-seo-wordpress\/ -->\n<title>Oil majors double profits as Europe debates taxing the windfall - newmobility.news<\/title>\n<meta name=\"robots\" content=\"index, follow, max-snippet:-1, max-image-preview:large, max-video-preview:-1\" \/>\n<link rel=\"canonical\" href=\"https:\/\/newmobility.news\/fr\/2026\/08\/17\/oil-majors-double-profits-as-europe-debates-taxing-the-windfall\/\" \/>\n<meta property=\"og:locale\" content=\"fr_FR\" \/>\n<meta property=\"og:type\" content=\"article\" \/>\n<meta property=\"og:title\" content=\"Oil majors double profits as Europe debates taxing the windfall - newmobility.news\" \/>\n<meta property=\"og:description\" content=\"Europe&#8217;s major oil companies have more than doubled their profits in the latest quarter of 2026, reigniting the debate over whether governments should tax part of those gains while simultaneously spending public money to shield motorists from high fuel prices. According to an analysis by the environmental lobby group Transport &amp; Environment, eight major oil [&hellip;]\" \/>\n<meta property=\"og:url\" content=\"https:\/\/newmobility.news\/fr\/2026\/08\/17\/oil-majors-double-profits-as-europe-debates-taxing-the-windfall\/\" \/>\n<meta property=\"og:site_name\" content=\"newmobility.news\" \/>\n<meta property=\"article:publisher\" content=\"https:\/\/www.facebook.com\/search\/top\/?q=newmobility.news\" \/>\n<meta property=\"article:published_time\" content=\"2026-08-17T10:20:40+00:00\" \/>\n<meta property=\"og:image\" content=\"https:\/\/i0.wp.com\/newmobility.news\/wp-content\/uploads\/2026\/08\/Scherm%C2%ADafbeelding-2026-08-17-om-10.42.47.png?fit=895%2C466&ssl=1\" \/>\n\t<meta property=\"og:image:width\" content=\"895\" \/>\n\t<meta property=\"og:image:height\" content=\"466\" \/>\n\t<meta property=\"og:image:type\" content=\"image\/png\" \/>\n<meta name=\"author\" content=\"Hilde Van Raemdonck\" \/>\n<meta name=\"twitter:card\" content=\"summary_large_image\" \/>\n<meta name=\"twitter:creator\" content=\"@jorisvry\" \/>\n<meta name=\"twitter:site\" content=\"@jorisvry\" \/>\n<meta name=\"twitter:label1\" content=\"\u00c9crit par\" \/>\n\t<meta name=\"twitter:data1\" content=\"Hilde Van Raemdonck\" \/>\n\t<meta name=\"twitter:label2\" content=\"Dur\u00e9e de lecture est.\" \/>\n\t<meta name=\"twitter:data2\" content=\"4 minutes\" \/>\n<script type=\"application\/ld+json\" class=\"yoast-schema-graph\">{\"@context\":\"https:\\\/\\\/schema.org\",\"@graph\":[{\"@type\":\"Article\",\"@id\":\"https:\\\/\\\/newmobility.news\\\/2026\\\/08\\\/17\\\/oil-majors-double-profits-as-europe-debates-taxing-the-windfall\\\/#article\",\"isPartOf\":{\"@id\":\"https:\\\/\\\/newmobility.news\\\/2026\\\/08\\\/17\\\/oil-majors-double-profits-as-europe-debates-taxing-the-windfall\\\/\"},\"author\":{\"name\":\"Hilde Van Raemdonck\",\"@id\":\"https:\\\/\\\/newmobility.news\\\/#\\\/schema\\\/person\\\/7540fd72a981bf6a315ba1b874c2a464\"},\"headline\":\"Oil majors double profits as Europe debates taxing the windfall\",\"datePublished\":\"2026-08-17T10:20:40+00:00\",\"mainEntityOfPage\":{\"@id\":\"https:\\\/\\\/newmobility.news\\\/2026\\\/08\\\/17\\\/oil-majors-double-profits-as-europe-debates-taxing-the-windfall\\\/\"},\"wordCount\":806,\"publisher\":{\"@id\":\"https:\\\/\\\/newmobility.news\\\/#organization\"},\"image\":{\"@id\":\"https:\\\/\\\/newmobility.news\\\/2026\\\/08\\\/17\\\/oil-majors-double-profits-as-europe-debates-taxing-the-windfall\\\/#primaryimage\"},\"thumbnailUrl\":\"https:\\\/\\\/i0.wp.com\\\/newmobility.news\\\/wp-content\\\/uploads\\\/2026\\\/08\\\/Scherm%C2%ADafbeelding-2026-08-17-om-10.42.47.png?fit=895%2C466&ssl=1\",\"articleSection\":[\"Energy\",\"Europe\",\"Market\",\"Mobility\",\"Product\",\"Top Stories Today\"],\"inLanguage\":\"fr-BE\"},{\"@type\":\"WebPage\",\"@id\":\"https:\\\/\\\/newmobility.news\\\/2026\\\/08\\\/17\\\/oil-majors-double-profits-as-europe-debates-taxing-the-windfall\\\/\",\"url\":\"https:\\\/\\\/newmobility.news\\\/2026\\\/08\\\/17\\\/oil-majors-double-profits-as-europe-debates-taxing-the-windfall\\\/\",\"name\":\"Oil majors double profits as Europe debates taxing the windfall - newmobility.news\",\"isPartOf\":{\"@id\":\"https:\\\/\\\/newmobility.news\\\/#website\"},\"primaryImageOfPage\":{\"@id\":\"https:\\\/\\\/newmobility.news\\\/2026\\\/08\\\/17\\\/oil-majors-double-profits-as-europe-debates-taxing-the-windfall\\\/#primaryimage\"},\"image\":{\"@id\":\"https:\\\/\\\/newmobility.news\\\/2026\\\/08\\\/17\\\/oil-majors-double-profits-as-europe-debates-taxing-the-windfall\\\/#primaryimage\"},\"thumbnailUrl\":\"https:\\\/\\\/i0.wp.com\\\/newmobility.news\\\/wp-content\\\/uploads\\\/2026\\\/08\\\/Scherm%C2%ADafbeelding-2026-08-17-om-10.42.47.png?fit=895%2C466&ssl=1\",\"datePublished\":\"2026-08-17T10:20:40+00:00\",\"breadcrumb\":{\"@id\":\"https:\\\/\\\/newmobility.news\\\/2026\\\/08\\\/17\\\/oil-majors-double-profits-as-europe-debates-taxing-the-windfall\\\/#breadcrumb\"},\"inLanguage\":\"fr-BE\",\"potentialAction\":[{\"@type\":\"ReadAction\",\"target\":[\"https:\\\/\\\/newmobility.news\\\/2026\\\/08\\\/17\\\/oil-majors-double-profits-as-europe-debates-taxing-the-windfall\\\/\"]}]},{\"@type\":\"ImageObject\",\"inLanguage\":\"fr-BE\",\"@id\":\"https:\\\/\\\/newmobility.news\\\/2026\\\/08\\\/17\\\/oil-majors-double-profits-as-europe-debates-taxing-the-windfall\\\/#primaryimage\",\"url\":\"https:\\\/\\\/i0.wp.com\\\/newmobility.news\\\/wp-content\\\/uploads\\\/2026\\\/08\\\/Scherm%C2%ADafbeelding-2026-08-17-om-10.42.47.png?fit=895%2C466&ssl=1\",\"contentUrl\":\"https:\\\/\\\/i0.wp.com\\\/newmobility.news\\\/wp-content\\\/uploads\\\/2026\\\/08\\\/Scherm%C2%ADafbeelding-2026-08-17-om-10.42.47.png?fit=895%2C466&ssl=1\",\"width\":895,\"height\":466,\"caption\":\"\\\/AI-generated picture\"},{\"@type\":\"BreadcrumbList\",\"@id\":\"https:\\\/\\\/newmobility.news\\\/2026\\\/08\\\/17\\\/oil-majors-double-profits-as-europe-debates-taxing-the-windfall\\\/#breadcrumb\",\"itemListElement\":[{\"@type\":\"ListItem\",\"position\":1,\"name\":\"Home\",\"item\":\"https:\\\/\\\/newmobility.news\\\/\"},{\"@type\":\"ListItem\",\"position\":2,\"name\":\"Oil majors double profits as Europe debates taxing the windfall\"}]},{\"@type\":\"WebSite\",\"@id\":\"https:\\\/\\\/newmobility.news\\\/#website\",\"url\":\"https:\\\/\\\/newmobility.news\\\/\",\"name\":\"newmobility.news\",\"description\":\"A B2BNews Agency\u00ae news service for mobility business proessional\",\"publisher\":{\"@id\":\"https:\\\/\\\/newmobility.news\\\/#organization\"},\"potentialAction\":[{\"@type\":\"SearchAction\",\"target\":{\"@type\":\"EntryPoint\",\"urlTemplate\":\"https:\\\/\\\/newmobility.news\\\/?s={search_term_string}\"},\"query-input\":{\"@type\":\"PropertyValueSpecification\",\"valueRequired\":true,\"valueName\":\"search_term_string\"}}],\"inLanguage\":\"fr-BE\"},{\"@type\":\"Organization\",\"@id\":\"https:\\\/\\\/newmobility.news\\\/#organization\",\"name\":\"B2BNews Agency\",\"url\":\"https:\\\/\\\/newmobility.news\\\/\",\"logo\":{\"@type\":\"ImageObject\",\"inLanguage\":\"fr-BE\",\"@id\":\"https:\\\/\\\/newmobility.news\\\/#\\\/schema\\\/logo\\\/image\\\/\",\"url\":\"https:\\\/\\\/newmobility.news\\\/wp-content\\\/uploads\\\/2018\\\/01\\\/b2bnews-agency-logo.png\",\"contentUrl\":\"https:\\\/\\\/newmobility.news\\\/wp-content\\\/uploads\\\/2018\\\/01\\\/b2bnews-agency-logo.png\",\"width\":\"581\",\"height\":\"117\",\"caption\":\"B2BNews Agency\"},\"image\":{\"@id\":\"https:\\\/\\\/newmobility.news\\\/#\\\/schema\\\/logo\\\/image\\\/\"},\"sameAs\":[\"https:\\\/\\\/www.facebook.com\\\/search\\\/top\\\/?q=newmobility.news\",\"https:\\\/\\\/x.com\\\/jorisvry\",\"https:\\\/\\\/www.linkedin.com\\\/in\\\/jorisvanroy\\\/\",\"https:\\\/\\\/nl.pinterest.com\\\/jorisvanroy\\\/\"]},{\"@type\":\"Person\",\"@id\":\"https:\\\/\\\/newmobility.news\\\/#\\\/schema\\\/person\\\/7540fd72a981bf6a315ba1b874c2a464\",\"name\":\"Hilde Van Raemdonck\",\"image\":{\"@type\":\"ImageObject\",\"inLanguage\":\"fr-BE\",\"@id\":\"https:\\\/\\\/secure.gravatar.com\\\/avatar\\\/df873a81c6773757375a21da8c2465de0552095dede94d299763768ab1b36cef?s=96&d=mm&r=g\",\"url\":\"https:\\\/\\\/secure.gravatar.com\\\/avatar\\\/df873a81c6773757375a21da8c2465de0552095dede94d299763768ab1b36cef?s=96&d=mm&r=g\",\"contentUrl\":\"https:\\\/\\\/secure.gravatar.com\\\/avatar\\\/df873a81c6773757375a21da8c2465de0552095dede94d299763768ab1b36cef?s=96&d=mm&r=g\",\"caption\":\"Hilde Van Raemdonck\"},\"url\":\"https:\\\/\\\/newmobility.news\\\/fr\\\/author\\\/hilde-van-raemdonck\\\/\"}]}<\/script>\n<!-- \/ Yoast SEO plugin. -->","yoast_head_json":{"title":"Les g\u00e9ants p\u00e9troliers doublent leurs b\u00e9n\u00e9fices alors que l'Europe d\u00e9bat de la taxation des b\u00e9n\u00e9fices exceptionnels - newmobility.news","robots":{"index":"index","follow":"follow","max-snippet":"max-snippet:-1","max-image-preview":"max-image-preview:large","max-video-preview":"max-video-preview:-1"},"canonical":"https:\/\/newmobility.news\/fr\/2026\/08\/17\/oil-majors-double-profits-as-europe-debates-taxing-the-windfall\/","og_locale":"fr_FR","og_type":"article","og_title":"Oil majors double profits as Europe debates taxing the windfall - newmobility.news","og_description":"Europe&#8217;s major oil companies have more than doubled their profits in the latest quarter of 2026, reigniting the debate over whether governments should tax part of those gains while simultaneously spending public money to shield motorists from high fuel prices. According to an analysis by the environmental lobby group Transport &amp; Environment, eight major oil [&hellip;]","og_url":"https:\/\/newmobility.news\/fr\/2026\/08\/17\/oil-majors-double-profits-as-europe-debates-taxing-the-windfall\/","og_site_name":"newmobility.news","article_publisher":"https:\/\/www.facebook.com\/search\/top\/?q=newmobility.news","article_published_time":"2026-08-17T10:20:40+00:00","og_image":[{"width":895,"height":466,"url":"https:\/\/i0.wp.com\/newmobility.news\/wp-content\/uploads\/2026\/08\/Scherm%C2%ADafbeelding-2026-08-17-om-10.42.47.png?fit=895%2C466&ssl=1","type":"image\/png"}],"author":"Hilde Van Raemdonck","twitter_card":"summary_large_image","twitter_creator":"@jorisvry","twitter_site":"@jorisvry","twitter_misc":{"\u00c9crit par":"Hilde Van Raemdonck","Dur\u00e9e de lecture est.":"4 minutes"},"schema":{"@context":"https:\/\/schema.org","@graph":[{"@type":"Article","@id":"https:\/\/newmobility.news\/2026\/08\/17\/oil-majors-double-profits-as-europe-debates-taxing-the-windfall\/#article","isPartOf":{"@id":"https:\/\/newmobility.news\/2026\/08\/17\/oil-majors-double-profits-as-europe-debates-taxing-the-windfall\/"},"author":{"name":"Hilde Van Raemdonck","@id":"https:\/\/newmobility.news\/#\/schema\/person\/7540fd72a981bf6a315ba1b874c2a464"},"headline":"Oil majors double profits as Europe debates taxing the windfall","datePublished":"2026-08-17T10:20:40+00:00","mainEntityOfPage":{"@id":"https:\/\/newmobility.news\/2026\/08\/17\/oil-majors-double-profits-as-europe-debates-taxing-the-windfall\/"},"wordCount":806,"publisher":{"@id":"https:\/\/newmobility.news\/#organization"},"image":{"@id":"https:\/\/newmobility.news\/2026\/08\/17\/oil-majors-double-profits-as-europe-debates-taxing-the-windfall\/#primaryimage"},"thumbnailUrl":"https:\/\/i0.wp.com\/newmobility.news\/wp-content\/uploads\/2026\/08\/Scherm%C2%ADafbeelding-2026-08-17-om-10.42.47.png?fit=895%2C466&ssl=1","articleSection":["Energy","Europe","Market","Mobility","Product","Top Stories Today"],"inLanguage":"fr-BE"},{"@type":"WebPage","@id":"https:\/\/newmobility.news\/2026\/08\/17\/oil-majors-double-profits-as-europe-debates-taxing-the-windfall\/","url":"https:\/\/newmobility.news\/2026\/08\/17\/oil-majors-double-profits-as-europe-debates-taxing-the-windfall\/","name":"Les g\u00e9ants p\u00e9troliers doublent leurs b\u00e9n\u00e9fices alors que l'Europe d\u00e9bat de la taxation des b\u00e9n\u00e9fices exceptionnels - newmobility.news","isPartOf":{"@id":"https:\/\/newmobility.news\/#website"},"primaryImageOfPage":{"@id":"https:\/\/newmobility.news\/2026\/08\/17\/oil-majors-double-profits-as-europe-debates-taxing-the-windfall\/#primaryimage"},"image":{"@id":"https:\/\/newmobility.news\/2026\/08\/17\/oil-majors-double-profits-as-europe-debates-taxing-the-windfall\/#primaryimage"},"thumbnailUrl":"https:\/\/i0.wp.com\/newmobility.news\/wp-content\/uploads\/2026\/08\/Scherm%C2%ADafbeelding-2026-08-17-om-10.42.47.png?fit=895%2C466&ssl=1","datePublished":"2026-08-17T10:20:40+00:00","breadcrumb":{"@id":"https:\/\/newmobility.news\/2026\/08\/17\/oil-majors-double-profits-as-europe-debates-taxing-the-windfall\/#breadcrumb"},"inLanguage":"fr-BE","potentialAction":[{"@type":"ReadAction","target":["https:\/\/newmobility.news\/2026\/08\/17\/oil-majors-double-profits-as-europe-debates-taxing-the-windfall\/"]}]},{"@type":"ImageObject","inLanguage":"fr-BE","@id":"https:\/\/newmobility.news\/2026\/08\/17\/oil-majors-double-profits-as-europe-debates-taxing-the-windfall\/#primaryimage","url":"https:\/\/i0.wp.com\/newmobility.news\/wp-content\/uploads\/2026\/08\/Scherm%C2%ADafbeelding-2026-08-17-om-10.42.47.png?fit=895%2C466&ssl=1","contentUrl":"https:\/\/i0.wp.com\/newmobility.news\/wp-content\/uploads\/2026\/08\/Scherm%C2%ADafbeelding-2026-08-17-om-10.42.47.png?fit=895%2C466&ssl=1","width":895,"height":466,"caption":"\/AI-generated picture"},{"@type":"BreadcrumbList","@id":"https:\/\/newmobility.news\/2026\/08\/17\/oil-majors-double-profits-as-europe-debates-taxing-the-windfall\/#breadcrumb","itemListElement":[{"@type":"ListItem","position":1,"name":"Home","item":"https:\/\/newmobility.news\/"},{"@type":"ListItem","position":2,"name":"Oil majors double profits as Europe debates taxing the windfall"}]},{"@type":"WebSite","@id":"https:\/\/newmobility.news\/#website","url":"https:\/\/newmobility.news\/","name":"nouveaumobilit\u00e9.actualit\u00e9s","description":"Un service d'information B2BNews Agency\u00ae destin\u00e9 aux professionnels de la mobilit\u00e9","publisher":{"@id":"https:\/\/newmobility.news\/#organization"},"potentialAction":[{"@type":"SearchAction","target":{"@type":"EntryPoint","urlTemplate":"https:\/\/newmobility.news\/?s={search_term_string}"},"query-input":{"@type":"PropertyValueSpecification","valueRequired":true,"valueName":"search_term_string"}}],"inLanguage":"fr-BE"},{"@type":"Organization","@id":"https:\/\/newmobility.news\/#organization","name":"Agence de presse B2BNews","url":"https:\/\/newmobility.news\/","logo":{"@type":"ImageObject","inLanguage":"fr-BE","@id":"https:\/\/newmobility.news\/#\/schema\/logo\/image\/","url":"https:\/\/newmobility.news\/wp-content\/uploads\/2018\/01\/b2bnews-agency-logo.png","contentUrl":"https:\/\/newmobility.news\/wp-content\/uploads\/2018\/01\/b2bnews-agency-logo.png","width":"581","height":"117","caption":"B2BNews Agency"},"image":{"@id":"https:\/\/newmobility.news\/#\/schema\/logo\/image\/"},"sameAs":["https:\/\/www.facebook.com\/search\/top\/?q=newmobility.news","https:\/\/x.com\/jorisvry","https:\/\/www.linkedin.com\/in\/jorisvanroy\/","https:\/\/nl.pinterest.com\/jorisvanroy\/"]},{"@type":"Person","@id":"https:\/\/newmobility.news\/#\/schema\/person\/7540fd72a981bf6a315ba1b874c2a464","name":"Hilde Van Raemdonck","image":{"@type":"ImageObject","inLanguage":"fr-BE","@id":"https:\/\/secure.gravatar.com\/avatar\/df873a81c6773757375a21da8c2465de0552095dede94d299763768ab1b36cef?s=96&d=mm&r=g","url":"https:\/\/secure.gravatar.com\/avatar\/df873a81c6773757375a21da8c2465de0552095dede94d299763768ab1b36cef?s=96&d=mm&r=g","contentUrl":"https:\/\/secure.gravatar.com\/avatar\/df873a81c6773757375a21da8c2465de0552095dede94d299763768ab1b36cef?s=96&d=mm&r=g","caption":"Hilde Van Raemdonck"},"url":"https:\/\/newmobility.news\/fr\/author\/hilde-van-raemdonck\/"}]}},"jetpack_publicize_connections":[],"jetpack_shortlink":"https:\/\/wp.me\/p9wJdU-NSQ","jetpack_sharing_enabled":true,"jetpack_likes_enabled":true,"jetpack-related-posts":[],"jetpack_featured_media_url":"https:\/\/i0.wp.com\/newmobility.news\/wp-content\/uploads\/2026\/08\/Scherm%C2%ADafbeelding-2026-08-17-om-10.42.47.png?fit=895%2C466&ssl=1","_links":{"self":[{"href":"https:\/\/newmobility.news\/fr\/wp-json\/wp\/v2\/posts\/191756","targetHints":{"allow":["GET"]}}],"collection":[{"href":"https:\/\/newmobility.news\/fr\/wp-json\/wp\/v2\/posts"}],"about":[{"href":"https:\/\/newmobility.news\/fr\/wp-json\/wp\/v2\/types\/post"}],"author":[{"embeddable":true,"href":"https:\/\/newmobility.news\/fr\/wp-json\/wp\/v2\/users\/175"}],"replies":[{"embeddable":true,"href":"https:\/\/newmobility.news\/fr\/wp-json\/wp\/v2\/comments?post=191756"}],"version-history":[{"count":4,"href":"https:\/\/newmobility.news\/fr\/wp-json\/wp\/v2\/posts\/191756\/revisions"}],"predecessor-version":[{"id":191836,"href":"https:\/\/newmobility.news\/fr\/wp-json\/wp\/v2\/posts\/191756\/revisions\/191836"}],"wp:featuredmedia":[{"embeddable":true,"href":"https:\/\/newmobility.news\/fr\/wp-json\/wp\/v2\/media\/191796"}],"wp:attachment":[{"href":"https:\/\/newmobility.news\/fr\/wp-json\/wp\/v2\/media?parent=191756"}],"wp:term":[{"taxonomy":"category","embeddable":true,"href":"https:\/\/newmobility.news\/fr\/wp-json\/wp\/v2\/categories?post=191756"},{"taxonomy":"post_tag","embeddable":true,"href":"https:\/\/newmobility.news\/fr\/wp-json\/wp\/v2\/tags?post=191756"}],"curies":[{"name":"wp","href":"https:\/\/api.w.org\/{rel}","templated":true}]}}