{"id":192873,"date":"2026-09-01T08:00:29","date_gmt":"2026-09-01T06:00:29","guid":{"rendered":"https:\/\/newmobility.news\/?p=192873"},"modified":"2026-08-31T14:31:47","modified_gmt":"2026-08-31T12:31:47","slug":"mywheels-puts-tesla-fsd-in-shared-cars-but-driver-still-carries-the-risk","status":"publish","type":"post","link":"https:\/\/newmobility.news\/fr\/2026\/09\/01\/mywheels-puts-tesla-fsd-in-shared-cars-but-driver-still-carries-the-risk\/","title":{"rendered":"MyWheels int\u00e8gre le syst\u00e8me FSD de Tesla dans ses v\u00e9hicules en autopartage, mais le conducteur en assume toujours les risques"},"content":{"rendered":"<p>La soci\u00e9t\u00e9 n\u00e9erlandaise d\u2019autopartage MyWheels souhaite devenir le premier grand op\u00e9rateur europ\u00e9en \u00e0 \u00e9quiper ses v\u00e9hicules partag\u00e9s du syst\u00e8me \u00ab Full Self-Driving Supervised \u00bb (FSD) de Tesla. Elle pr\u00e9voit de mettre en service au moins 50 Tesla \u00e9quip\u00e9es du FSD en 2026, le premier v\u00e9hicule \u00e9tant d\u00e9j\u00e0 en service.<\/p>\n<p>Mais suite aux questions pos\u00e9es par Newmobility.news, MyWheels apporte une nuance importante \u00e0 son affirmation initiale. Il ne s'agit pas de voitures autonomes au sens juridique ou technique du terme. Le syst\u00e8me \u00ab FSD Supervised \u00bb reste un syst\u00e8me avanc\u00e9 d'aide \u00e0 la conduite, et la personne au volant reste responsable \u00e0 tout moment.<\/p>\n<p>\u201c Lorsque nous parlons de voitures partag\u00e9es autonomes, nous faisons clairement r\u00e9f\u00e9rence \u00e0 une perspective d\u2019avenir \u201d, pr\u00e9cise MyWheels. Pour l\u2019instant, l\u2019entreprise qualifie ce projet d\u2019exp\u00e9rience d\u2019apprentissage \u00e0 petite \u00e9chelle en vue d\u2019un autocar-sharing de plus en plus automatis\u00e9.<\/p>\n<h4>Les utilisateurs s\u00e9lectionn\u00e9s en premier lieu<\/h4>\n<p>Le d\u00e9ploiement initial sera \u00e9galement plus contr\u00f4l\u00e9 que ne le laisse entendre le communiqu\u00e9 de presse. MyWheels pr\u00e9cise qu\u2019il d\u00e9butera avec un \u201c groupe restreint d\u2019utilisateurs s\u00e9lectionn\u00e9s \u201d. Les participants recevront des explications sur le fonctionnement du FSD, ses limites et leurs responsabilit\u00e9s en tant que conducteurs.<\/p>\n<p>Tesla exige que les utilisateurs suivent certaines instructions avant d'utiliser le mode FSD Supervised, notamment une vid\u00e9o explicative et un questionnaire. MyWheels indique qu'elle se conformera aux exigences de Tesla, mais n'a pas encore d\u00e9cid\u00e9 pr\u00e9cis\u00e9ment comment l'acc\u00e8s sera g\u00e9r\u00e9 pour chaque utilisateur et chaque v\u00e9hicule.<\/p>\n<p>C'est un aspect important dans le cadre de l'autopartage. Une Tesla particuli\u00e8re est g\u00e9n\u00e9ralement conduite par une ou quelques personnes qui apprennent peu \u00e0 peu comment fonctionne le syst\u00e8me. Une voiture partag\u00e9e peut \u00eatre utilis\u00e9e par de nombreux conducteurs dont l'exp\u00e9rience des syst\u00e8mes d'aide \u00e0 la conduite avanc\u00e9s est tr\u00e8s variable.<\/p>\n<p>Les \u00e9tudes sur les facteurs humains ont maintes fois mis en garde contre une confiance excessive, une complaisance vis-\u00e0-vis de l'automatisation et une confusion quant \u00e0 ce que les syst\u00e8mes d'aide \u00e0 la conduite peuvent et ne peuvent pas faire. Le risque est que les utilisateurs occasionnels se m\u00e9prennent sur leurs limites ou r\u00e9agissent trop lentement lorsque ces syst\u00e8mes se comportent de mani\u00e8re inattendue.<\/p>\n<h4>Qui paie lorsque le FSD commet une erreur ?<\/h4>\n<p>La responsabilit\u00e9 constitue un autre sujet flou. MyWheels confirme que, selon la r\u00e9glementation en vigueur, le conducteur reste responsable de la conduite lorsque le FSD est activ\u00e9.<\/p>\n<p>L'entreprise pr\u00e9cise que les assureurs ne pr\u00e9voient actuellement aucune exception sp\u00e9cifique pour le mode \u00ab FSD Supervised \u00bb et qu'elle reste en contact \u00e9troit avec son assureur concernant les phases \u00e0 venir.<\/p>\n<p>Toutefois, MyWheels ne pr\u00e9tend pas que chaque accident soit automatiquement imputable au conducteur. Si les donn\u00e9es du v\u00e9hicule indiquent une cause technique ou li\u00e9e au produit, la responsabilit\u00e9 pourrait \u00e9galement incomber \u00e0 Tesla ou \u00e0 d\u2019autres parties. De tels cas devraient \u00eatre \u00e9valu\u00e9s au cas par cas.<\/p>\n<p>MyWheels reconna\u00eet \u00e9galement qu\u2019il ne lui est pas forc\u00e9ment possible de d\u00e9terminer seul si un incident a \u00e9t\u00e9 caus\u00e9 par le FSD ou par un conducteur qui n\u2019est pas intervenu \u00e0 temps. Tesla, les assureurs ou des experts ind\u00e9pendants pourraient devoir analyser les donn\u00e9es disponibles.<\/p>\n<h4>Le covoiturage engendre de nouveaux probl\u00e8mes<\/h4>\n<p>Le syst\u00e8me de \u201c d\u00e9sactivation \u201d de Tesla constitue un aspect particuli\u00e8rement int\u00e9ressant. Le FSD peut \u00eatre temporairement d\u00e9sactiv\u00e9 apr\u00e8s des avertissements r\u00e9p\u00e9t\u00e9s signalant une inattention du conducteur. Dans une voiture particuli\u00e8re, ces avertissements s\u2019appliquent \u00e0 un seul conducteur ou \u00e0 un seul foyer. Dans une voiture partag\u00e9e, plusieurs utilisateurs sans lien entre eux peuvent accumuler des avertissements sur le m\u00eame v\u00e9hicule.<\/p>\n<p>MyWheels reconna\u00eet qu'il s'agit d'une question op\u00e9rationnelle non r\u00e9solue et pr\u00e9cise que c'est pr\u00e9cis\u00e9ment le genre de probl\u00e8me que le projet pilote vise \u00e0 examiner.<\/p>\n<p>Il en va de m\u00eame pour la surveillance de la s\u00e9curit\u00e9. MyWheels indique qu'elle recueillera des retours d'exp\u00e9rience qualitatifs et suivra l'impact du FSD sur les d\u00e9clarations de sinistres. Pour l'instant, elle ne s'engage pas \u00e0 analyser syst\u00e9matiquement les d\u00e9sactivations du syst\u00e8me, les avertissements li\u00e9s \u00e0 la surveillance du conducteur ou les quasi-accidents.<\/p>\n<p>Et le sc\u00e9nario futuriste dans lequel une voiture partag\u00e9e se rendrait toute seule chez le client suivant reste encore tr\u00e8s lointain. MyWheels reconna\u00eet qu'une voiture circulant sur la voie publique sans personne au volant rel\u00e8ve d'une cat\u00e9gorie juridique et technique totalement diff\u00e9rente.<\/p>\n<p>Cette exp\u00e9rience pourrait donc s'av\u00e9rer utile, mais peut-\u00eatre pour une raison diff\u00e9rente de celle sugg\u00e9r\u00e9e par le titre. La premi\u00e8re le\u00e7on \u00e0 tirer du projet d'autopartage \u2019 autonome \u201c de MyWheels pourrait \u00eatre que, m\u00eame aujourd'hui, les syst\u00e8mes d'automatisation de la conduite les plus avanc\u00e9s restent fortement tributaires de la pr\u00e9sence d'un humain au volant.<\/p>","protected":false},"excerpt":{"rendered":"<p>Dutch car-sharing company MyWheels wants to become the first major European operator to put Tesla\u2019s Full Self-Driving Supervised system into shared cars. It plans to deploy at least 50 FSD-equipped Teslas in 2026, with the first car already in service. But after questions from Newmobility.news, MyWheels is adding an important nuance to its original claim. [&hellip;]<\/p>\n","protected":false},"author":21,"featured_media":192879,"comment_status":"closed","ping_status":"closed","sticky":false,"template":"","format":"standard","meta":{"_acf_changed":false,"_jetpack_newsletter_access":"","_jetpack_dont_email_post_to_subs":false,"_jetpack_newsletter_tier_id":0,"_jetpack_memberships_contains_paywalled_content":false,"_jetpack_feature_clip_id":0,"_jetpack_memberships_contains_paid_content":false,"footnotes":"","jetpack_publicize_message":"{title}\r\n\r\n{excerpt}\r\n\r\n{url}","jetpack_publicize_feature_enabled":true,"jetpack_social_post_already_shared":true,"jetpack_social_options":{"image_generator_settings":{"template":"highway","default_image_id":0,"font":"","enabled":false},"version":2},"_wpas_customize_per_network":false,"jetpack_post_was_ever_published":false},"categories":[63,77151,75415,6,4],"tags":[],"class_list":["post-192873","post","type-post","status-publish","format-standard","has-post-thumbnail","hentry","category-autonomous-driving","category-services","category-sharing","category-technology","category-top-stories-today"],"acf":[],"featured_image_urls_v2":{"full":["https:\/\/i0.wp.com\/newmobility.news\/wp-content\/uploads\/2026\/09\/MyWheels-FSD.png?fit=1774%2C887&ssl=1",1774,887,false],"thumbnail":["https:\/\/i0.wp.com\/newmobility.news\/wp-content\/uploads\/2026\/09\/MyWheels-FSD.png?resize=150%2C150&ssl=1",150,150,true],"medium":["https:\/\/i0.wp.com\/newmobility.news\/wp-content\/uploads\/2026\/09\/MyWheels-FSD.png?fit=300%2C150&ssl=1",300,150,true],"medium_large":["https:\/\/i0.wp.com\/newmobility.news\/wp-content\/uploads\/2026\/09\/MyWheels-FSD.png?fit=640%2C320&ssl=1",640,320,true],"large":["https:\/\/i0.wp.com\/newmobility.news\/wp-content\/uploads\/2026\/09\/MyWheels-FSD.png?fit=640%2C320&ssl=1",640,320,true],"1536x1536":["https:\/\/i0.wp.com\/newmobility.news\/wp-content\/uploads\/2026\/09\/MyWheels-FSD.png?fit=1536%2C768&ssl=1",1536,768,true],"2048x2048":["https:\/\/i0.wp.com\/newmobility.news\/wp-content\/uploads\/2026\/09\/MyWheels-FSD.png?fit=1774%2C887&ssl=1",1774,887,true],"trp-custom-language-flag":["https:\/\/i0.wp.com\/newmobility.news\/wp-content\/uploads\/2026\/09\/MyWheels-FSD.png?fit=18%2C9&ssl=1",18,9,true],"related-thumb":["https:\/\/i0.wp.com\/newmobility.news\/wp-content\/uploads\/2026\/09\/MyWheels-FSD.png?resize=640%2C480&ssl=1",640,480,true],"gform-image-choice-sm":["https:\/\/i0.wp.com\/newmobility.news\/wp-content\/uploads\/2026\/09\/MyWheels-FSD.png?resize=300%2C300&ssl=1",300,300,true],"gform-image-choice-md":["https:\/\/i0.wp.com\/newmobility.news\/wp-content\/uploads\/2026\/09\/MyWheels-FSD.png?resize=400%2C400&ssl=1",400,400,true],"gform-image-choice-lg":["https:\/\/i0.wp.com\/newmobility.news\/wp-content\/uploads\/2026\/09\/MyWheels-FSD.png?resize=600%2C600&ssl=1",600,600,true],"mailchimp":["https:\/\/i0.wp.com\/newmobility.news\/wp-content\/uploads\/2026\/09\/MyWheels-FSD.png?fit=560%2C280&ssl=1",560,280,true],"unipress-phone":["https:\/\/i0.wp.com\/newmobility.news\/wp-content\/uploads\/2026\/09\/MyWheels-FSD.png?resize=640%2C100&ssl=1",640,100,true],"unipress-tablet":["https:\/\/i0.wp.com\/newmobility.news\/wp-content\/uploads\/2026\/09\/MyWheels-FSD.png?resize=1536%2C240&ssl=1",1536,240,true],"unipress-tablet-portrait":["https:\/\/i0.wp.com\/newmobility.news\/wp-content\/uploads\/2026\/09\/MyWheels-FSD.png?resize=1536%2C180&ssl=1",1536,180,true],"unipress-tablet-landscape":["https:\/\/i0.wp.com\/newmobility.news\/wp-content\/uploads\/2026\/09\/MyWheels-FSD.png?resize=1774%2C180&ssl=1",1774,180,true],"unipress-smartphone":["https:\/\/i0.wp.com\/newmobility.news\/wp-content\/uploads\/2026\/09\/MyWheels-FSD.png?resize=1080%2C168&ssl=1",1080,168,true],"unipress-wide-screen":["https:\/\/i0.wp.com\/newmobility.news\/wp-content\/uploads\/2026\/09\/MyWheels-FSD.png?resize=1774%2C180&ssl=1",1774,180,true]},"post_excerpt_stackable_v2":"<p>Dutch car-sharing company MyWheels wants to become the first major European operator to put Tesla\u2019s Full Self-Driving Supervised system into shared cars. It plans to deploy at least 50 FSD-equipped Teslas in 2026, with the first car already in service. But after questions from Newmobility.news, MyWheels is adding an important nuance to its original claim. These are not self-driving cars in the legal or technical sense. FSD Supervised remains an advanced driver-assistance system, and the person behind the wheel remains responsible at all times. \u201cWhen we speak about self-driving shared cars, we explicitly mean the future perspective,\u201d MyWheels says. For&hellip;<\/p>\n","category_list_v2":"<a href=\"https:\/\/newmobility.news\/fr\/category\/autonomous-driving\/\" rel=\"category tag\">Autonomous driving<\/a>, <a href=\"https:\/\/newmobility.news\/fr\/category\/services\/\" rel=\"category tag\">Services<\/a>, <a href=\"https:\/\/newmobility.news\/fr\/category\/sharing\/\" rel=\"category tag\">Sharing<\/a>, <a href=\"https:\/\/newmobility.news\/fr\/category\/technology\/\" rel=\"category tag\">Technology<\/a>, <a href=\"https:\/\/newmobility.news\/fr\/category\/top-stories-today\/\" rel=\"category tag\">Top Stories Today<\/a>","author_info_v2":{"name":"Joris Van Roy","url":"https:\/\/newmobility.news\/fr\/author\/jorisximcom-be\/"},"comments_num_v2":"0 comments","yoast_head":"<!-- This site is optimized with the Yoast SEO plugin v28.3 - https:\/\/yoast.com\/product\/yoast-seo-wordpress\/ -->\n<title>MyWheels puts Tesla FSD in shared cars, but driver still carries the risk - newmobility.news<\/title>\n<meta name=\"robots\" content=\"index, follow, max-snippet:-1, max-image-preview:large, max-video-preview:-1\" \/>\n<link rel=\"canonical\" href=\"https:\/\/newmobility.news\/fr\/2026\/09\/01\/mywheels-puts-tesla-fsd-in-shared-cars-but-driver-still-carries-the-risk\/\" \/>\n<meta property=\"og:locale\" content=\"fr_FR\" \/>\n<meta property=\"og:type\" content=\"article\" \/>\n<meta property=\"og:title\" content=\"MyWheels puts Tesla FSD in shared cars, but driver still carries the risk - newmobility.news\" \/>\n<meta property=\"og:description\" content=\"Dutch car-sharing company MyWheels wants to become the first major European operator to put Tesla\u2019s Full Self-Driving Supervised system into shared cars. It plans to deploy at least 50 FSD-equipped Teslas in 2026, with the first car already in service. But after questions from Newmobility.news, MyWheels is adding an important nuance to its original claim. [&hellip;]\" \/>\n<meta property=\"og:url\" content=\"https:\/\/newmobility.news\/fr\/2026\/09\/01\/mywheels-puts-tesla-fsd-in-shared-cars-but-driver-still-carries-the-risk\/\" \/>\n<meta property=\"og:site_name\" content=\"newmobility.news\" \/>\n<meta property=\"article:publisher\" content=\"https:\/\/www.facebook.com\/search\/top\/?q=newmobility.news\" \/>\n<meta property=\"article:published_time\" content=\"2026-09-01T06:00:29+00:00\" \/>\n<meta property=\"og:image\" content=\"https:\/\/newmobility.news\/wp-content\/uploads\/2026\/09\/MyWheels-FSD-1024x512.png\" \/>\n\t<meta property=\"og:image:width\" content=\"1024\" \/>\n\t<meta property=\"og:image:height\" content=\"512\" \/>\n\t<meta property=\"og:image:type\" content=\"image\/png\" \/>\n<meta name=\"author\" content=\"Joris Van Roy\" \/>\n<meta name=\"twitter:card\" content=\"summary_large_image\" \/>\n<meta name=\"twitter:creator\" content=\"@jorisvry\" \/>\n<meta name=\"twitter:site\" content=\"@jorisvry\" \/>\n<meta name=\"twitter:label1\" content=\"\u00c9crit par\" \/>\n\t<meta name=\"twitter:data1\" content=\"Joris Van Roy\" \/>\n\t<meta name=\"twitter:label2\" content=\"Dur\u00e9e de lecture est.\" \/>\n\t<meta name=\"twitter:data2\" content=\"3 minutes\" \/>\n<script type=\"application\/ld+json\" class=\"yoast-schema-graph\">{\"@context\":\"https:\\\/\\\/schema.org\",\"@graph\":[{\"@type\":\"Article\",\"@id\":\"https:\\\/\\\/newmobility.news\\\/2026\\\/09\\\/01\\\/mywheels-puts-tesla-fsd-in-shared-cars-but-driver-still-carries-the-risk\\\/#article\",\"isPartOf\":{\"@id\":\"https:\\\/\\\/newmobility.news\\\/2026\\\/09\\\/01\\\/mywheels-puts-tesla-fsd-in-shared-cars-but-driver-still-carries-the-risk\\\/\"},\"author\":{\"name\":\"Joris Van Roy\",\"@id\":\"https:\\\/\\\/newmobility.news\\\/#\\\/schema\\\/person\\\/993f2da7cd774079044984132dee0ef0\"},\"headline\":\"MyWheels puts Tesla FSD in shared cars, but driver still carries the risk\",\"datePublished\":\"2026-09-01T06:00:29+00:00\",\"mainEntityOfPage\":{\"@id\":\"https:\\\/\\\/newmobility.news\\\/2026\\\/09\\\/01\\\/mywheels-puts-tesla-fsd-in-shared-cars-but-driver-still-carries-the-risk\\\/\"},\"wordCount\":623,\"publisher\":{\"@id\":\"https:\\\/\\\/newmobility.news\\\/#organization\"},\"image\":{\"@id\":\"https:\\\/\\\/newmobility.news\\\/2026\\\/09\\\/01\\\/mywheels-puts-tesla-fsd-in-shared-cars-but-driver-still-carries-the-risk\\\/#primaryimage\"},\"thumbnailUrl\":\"https:\\\/\\\/i0.wp.com\\\/newmobility.news\\\/wp-content\\\/uploads\\\/2026\\\/09\\\/MyWheels-FSD.png?fit=1774%2C887&ssl=1\",\"articleSection\":[\"Autonomous driving\",\"Services\",\"Sharing\",\"Technology\",\"Top Stories Today\"],\"inLanguage\":\"fr-BE\"},{\"@type\":\"WebPage\",\"@id\":\"https:\\\/\\\/newmobility.news\\\/2026\\\/09\\\/01\\\/mywheels-puts-tesla-fsd-in-shared-cars-but-driver-still-carries-the-risk\\\/\",\"url\":\"https:\\\/\\\/newmobility.news\\\/2026\\\/09\\\/01\\\/mywheels-puts-tesla-fsd-in-shared-cars-but-driver-still-carries-the-risk\\\/\",\"name\":\"MyWheels puts Tesla FSD in shared cars, but driver still carries the risk - newmobility.news\",\"isPartOf\":{\"@id\":\"https:\\\/\\\/newmobility.news\\\/#website\"},\"primaryImageOfPage\":{\"@id\":\"https:\\\/\\\/newmobility.news\\\/2026\\\/09\\\/01\\\/mywheels-puts-tesla-fsd-in-shared-cars-but-driver-still-carries-the-risk\\\/#primaryimage\"},\"image\":{\"@id\":\"https:\\\/\\\/newmobility.news\\\/2026\\\/09\\\/01\\\/mywheels-puts-tesla-fsd-in-shared-cars-but-driver-still-carries-the-risk\\\/#primaryimage\"},\"thumbnailUrl\":\"https:\\\/\\\/i0.wp.com\\\/newmobility.news\\\/wp-content\\\/uploads\\\/2026\\\/09\\\/MyWheels-FSD.png?fit=1774%2C887&ssl=1\",\"datePublished\":\"2026-09-01T06:00:29+00:00\",\"breadcrumb\":{\"@id\":\"https:\\\/\\\/newmobility.news\\\/2026\\\/09\\\/01\\\/mywheels-puts-tesla-fsd-in-shared-cars-but-driver-still-carries-the-risk\\\/#breadcrumb\"},\"inLanguage\":\"fr-BE\",\"potentialAction\":[{\"@type\":\"ReadAction\",\"target\":[\"https:\\\/\\\/newmobility.news\\\/2026\\\/09\\\/01\\\/mywheels-puts-tesla-fsd-in-shared-cars-but-driver-still-carries-the-risk\\\/\"]}]},{\"@type\":\"ImageObject\",\"inLanguage\":\"fr-BE\",\"@id\":\"https:\\\/\\\/newmobility.news\\\/2026\\\/09\\\/01\\\/mywheels-puts-tesla-fsd-in-shared-cars-but-driver-still-carries-the-risk\\\/#primaryimage\",\"url\":\"https:\\\/\\\/i0.wp.com\\\/newmobility.news\\\/wp-content\\\/uploads\\\/2026\\\/09\\\/MyWheels-FSD.png?fit=1774%2C887&ssl=1\",\"contentUrl\":\"https:\\\/\\\/i0.wp.com\\\/newmobility.news\\\/wp-content\\\/uploads\\\/2026\\\/09\\\/MyWheels-FSD.png?fit=1774%2C887&ssl=1\",\"width\":1774,\"height\":887,\"caption\":\"MyWheels calls it a step toward self-driving car-sharing, but for now the human behind the wheel remains fully responsible \\\/MyWheels-Tesla\"},{\"@type\":\"BreadcrumbList\",\"@id\":\"https:\\\/\\\/newmobility.news\\\/2026\\\/09\\\/01\\\/mywheels-puts-tesla-fsd-in-shared-cars-but-driver-still-carries-the-risk\\\/#breadcrumb\",\"itemListElement\":[{\"@type\":\"ListItem\",\"position\":1,\"name\":\"Home\",\"item\":\"https:\\\/\\\/newmobility.news\\\/\"},{\"@type\":\"ListItem\",\"position\":2,\"name\":\"MyWheels puts Tesla FSD in shared cars, but driver still carries the risk\"}]},{\"@type\":\"WebSite\",\"@id\":\"https:\\\/\\\/newmobility.news\\\/#website\",\"url\":\"https:\\\/\\\/newmobility.news\\\/\",\"name\":\"newmobility.news\",\"description\":\"A B2BNews Agency\u00ae news service for mobility business proessional\",\"publisher\":{\"@id\":\"https:\\\/\\\/newmobility.news\\\/#organization\"},\"potentialAction\":[{\"@type\":\"SearchAction\",\"target\":{\"@type\":\"EntryPoint\",\"urlTemplate\":\"https:\\\/\\\/newmobility.news\\\/?s={search_term_string}\"},\"query-input\":{\"@type\":\"PropertyValueSpecification\",\"valueRequired\":true,\"valueName\":\"search_term_string\"}}],\"inLanguage\":\"fr-BE\"},{\"@type\":\"Organization\",\"@id\":\"https:\\\/\\\/newmobility.news\\\/#organization\",\"name\":\"B2BNews Agency\",\"url\":\"https:\\\/\\\/newmobility.news\\\/\",\"logo\":{\"@type\":\"ImageObject\",\"inLanguage\":\"fr-BE\",\"@id\":\"https:\\\/\\\/newmobility.news\\\/#\\\/schema\\\/logo\\\/image\\\/\",\"url\":\"https:\\\/\\\/newmobility.news\\\/wp-content\\\/uploads\\\/2018\\\/01\\\/b2bnews-agency-logo.png\",\"contentUrl\":\"https:\\\/\\\/newmobility.news\\\/wp-content\\\/uploads\\\/2018\\\/01\\\/b2bnews-agency-logo.png\",\"width\":\"581\",\"height\":\"117\",\"caption\":\"B2BNews Agency\"},\"image\":{\"@id\":\"https:\\\/\\\/newmobility.news\\\/#\\\/schema\\\/logo\\\/image\\\/\"},\"sameAs\":[\"https:\\\/\\\/www.facebook.com\\\/search\\\/top\\\/?q=newmobility.news\",\"https:\\\/\\\/x.com\\\/jorisvry\",\"https:\\\/\\\/www.linkedin.com\\\/in\\\/jorisvanroy\\\/\",\"https:\\\/\\\/nl.pinterest.com\\\/jorisvanroy\\\/\"]},{\"@type\":\"Person\",\"@id\":\"https:\\\/\\\/newmobility.news\\\/#\\\/schema\\\/person\\\/993f2da7cd774079044984132dee0ef0\",\"name\":\"Joris Van Roy\",\"image\":{\"@type\":\"ImageObject\",\"inLanguage\":\"fr-BE\",\"@id\":\"https:\\\/\\\/secure.gravatar.com\\\/avatar\\\/b82919546c1cd9980bd2bc08f09d294c7cb92b3addd23cb9a4377a7b88b4349b?s=96&d=mm&r=g\",\"url\":\"https:\\\/\\\/secure.gravatar.com\\\/avatar\\\/b82919546c1cd9980bd2bc08f09d294c7cb92b3addd23cb9a4377a7b88b4349b?s=96&d=mm&r=g\",\"contentUrl\":\"https:\\\/\\\/secure.gravatar.com\\\/avatar\\\/b82919546c1cd9980bd2bc08f09d294c7cb92b3addd23cb9a4377a7b88b4349b?s=96&d=mm&r=g\",\"caption\":\"Joris Van Roy\"},\"url\":\"https:\\\/\\\/newmobility.news\\\/fr\\\/author\\\/jorisximcom-be\\\/\"}]}<\/script>\n<!-- \/ Yoast SEO plugin. -->","yoast_head_json":{"title":"MyWheels int\u00e8gre le FSD de Tesla dans ses v\u00e9hicules en autopartage, mais le conducteur en assume toujours les risques - newmobility.news","robots":{"index":"index","follow":"follow","max-snippet":"max-snippet:-1","max-image-preview":"max-image-preview:large","max-video-preview":"max-video-preview:-1"},"canonical":"https:\/\/newmobility.news\/fr\/2026\/09\/01\/mywheels-puts-tesla-fsd-in-shared-cars-but-driver-still-carries-the-risk\/","og_locale":"fr_FR","og_type":"article","og_title":"MyWheels puts Tesla FSD in shared cars, but driver still carries the risk - newmobility.news","og_description":"Dutch car-sharing company MyWheels wants to become the first major European operator to put Tesla\u2019s Full Self-Driving Supervised system into shared cars. It plans to deploy at least 50 FSD-equipped Teslas in 2026, with the first car already in service. But after questions from Newmobility.news, MyWheels is adding an important nuance to its original claim. [&hellip;]","og_url":"https:\/\/newmobility.news\/fr\/2026\/09\/01\/mywheels-puts-tesla-fsd-in-shared-cars-but-driver-still-carries-the-risk\/","og_site_name":"newmobility.news","article_publisher":"https:\/\/www.facebook.com\/search\/top\/?q=newmobility.news","article_published_time":"2026-09-01T06:00:29+00:00","og_image":[{"width":1024,"height":512,"url":"https:\/\/newmobility.news\/wp-content\/uploads\/2026\/09\/MyWheels-FSD-1024x512.png","type":"image\/png"}],"author":"Joris Van Roy","twitter_card":"summary_large_image","twitter_creator":"@jorisvry","twitter_site":"@jorisvry","twitter_misc":{"\u00c9crit par":"Joris Van Roy","Dur\u00e9e de lecture est.":"3 minutes"},"schema":{"@context":"https:\/\/schema.org","@graph":[{"@type":"Article","@id":"https:\/\/newmobility.news\/2026\/09\/01\/mywheels-puts-tesla-fsd-in-shared-cars-but-driver-still-carries-the-risk\/#article","isPartOf":{"@id":"https:\/\/newmobility.news\/2026\/09\/01\/mywheels-puts-tesla-fsd-in-shared-cars-but-driver-still-carries-the-risk\/"},"author":{"name":"Joris Van Roy","@id":"https:\/\/newmobility.news\/#\/schema\/person\/993f2da7cd774079044984132dee0ef0"},"headline":"MyWheels puts Tesla FSD in shared cars, but driver still carries the risk","datePublished":"2026-09-01T06:00:29+00:00","mainEntityOfPage":{"@id":"https:\/\/newmobility.news\/2026\/09\/01\/mywheels-puts-tesla-fsd-in-shared-cars-but-driver-still-carries-the-risk\/"},"wordCount":623,"publisher":{"@id":"https:\/\/newmobility.news\/#organization"},"image":{"@id":"https:\/\/newmobility.news\/2026\/09\/01\/mywheels-puts-tesla-fsd-in-shared-cars-but-driver-still-carries-the-risk\/#primaryimage"},"thumbnailUrl":"https:\/\/i0.wp.com\/newmobility.news\/wp-content\/uploads\/2026\/09\/MyWheels-FSD.png?fit=1774%2C887&ssl=1","articleSection":["Autonomous driving","Services","Sharing","Technology","Top Stories Today"],"inLanguage":"fr-BE"},{"@type":"WebPage","@id":"https:\/\/newmobility.news\/2026\/09\/01\/mywheels-puts-tesla-fsd-in-shared-cars-but-driver-still-carries-the-risk\/","url":"https:\/\/newmobility.news\/2026\/09\/01\/mywheels-puts-tesla-fsd-in-shared-cars-but-driver-still-carries-the-risk\/","name":"MyWheels int\u00e8gre le FSD de Tesla dans ses v\u00e9hicules en autopartage, mais le conducteur en assume toujours les risques - newmobility.news","isPartOf":{"@id":"https:\/\/newmobility.news\/#website"},"primaryImageOfPage":{"@id":"https:\/\/newmobility.news\/2026\/09\/01\/mywheels-puts-tesla-fsd-in-shared-cars-but-driver-still-carries-the-risk\/#primaryimage"},"image":{"@id":"https:\/\/newmobility.news\/2026\/09\/01\/mywheels-puts-tesla-fsd-in-shared-cars-but-driver-still-carries-the-risk\/#primaryimage"},"thumbnailUrl":"https:\/\/i0.wp.com\/newmobility.news\/wp-content\/uploads\/2026\/09\/MyWheels-FSD.png?fit=1774%2C887&ssl=1","datePublished":"2026-09-01T06:00:29+00:00","breadcrumb":{"@id":"https:\/\/newmobility.news\/2026\/09\/01\/mywheels-puts-tesla-fsd-in-shared-cars-but-driver-still-carries-the-risk\/#breadcrumb"},"inLanguage":"fr-BE","potentialAction":[{"@type":"ReadAction","target":["https:\/\/newmobility.news\/2026\/09\/01\/mywheels-puts-tesla-fsd-in-shared-cars-but-driver-still-carries-the-risk\/"]}]},{"@type":"ImageObject","inLanguage":"fr-BE","@id":"https:\/\/newmobility.news\/2026\/09\/01\/mywheels-puts-tesla-fsd-in-shared-cars-but-driver-still-carries-the-risk\/#primaryimage","url":"https:\/\/i0.wp.com\/newmobility.news\/wp-content\/uploads\/2026\/09\/MyWheels-FSD.png?fit=1774%2C887&ssl=1","contentUrl":"https:\/\/i0.wp.com\/newmobility.news\/wp-content\/uploads\/2026\/09\/MyWheels-FSD.png?fit=1774%2C887&ssl=1","width":1774,"height":887,"caption":"MyWheels calls it a step toward self-driving car-sharing, but for now the human behind the wheel remains fully responsible \/MyWheels-Tesla"},{"@type":"BreadcrumbList","@id":"https:\/\/newmobility.news\/2026\/09\/01\/mywheels-puts-tesla-fsd-in-shared-cars-but-driver-still-carries-the-risk\/#breadcrumb","itemListElement":[{"@type":"ListItem","position":1,"name":"Home","item":"https:\/\/newmobility.news\/"},{"@type":"ListItem","position":2,"name":"MyWheels puts Tesla FSD in shared cars, but driver still carries the risk"}]},{"@type":"WebSite","@id":"https:\/\/newmobility.news\/#website","url":"https:\/\/newmobility.news\/","name":"nouveaumobilit\u00e9.actualit\u00e9s","description":"Un service d'information B2BNews Agency\u00ae destin\u00e9 aux professionnels de la mobilit\u00e9","publisher":{"@id":"https:\/\/newmobility.news\/#organization"},"potentialAction":[{"@type":"SearchAction","target":{"@type":"EntryPoint","urlTemplate":"https:\/\/newmobility.news\/?s={search_term_string}"},"query-input":{"@type":"PropertyValueSpecification","valueRequired":true,"valueName":"search_term_string"}}],"inLanguage":"fr-BE"},{"@type":"Organization","@id":"https:\/\/newmobility.news\/#organization","name":"Agence de presse B2BNews","url":"https:\/\/newmobility.news\/","logo":{"@type":"ImageObject","inLanguage":"fr-BE","@id":"https:\/\/newmobility.news\/#\/schema\/logo\/image\/","url":"https:\/\/newmobility.news\/wp-content\/uploads\/2018\/01\/b2bnews-agency-logo.png","contentUrl":"https:\/\/newmobility.news\/wp-content\/uploads\/2018\/01\/b2bnews-agency-logo.png","width":"581","height":"117","caption":"B2BNews Agency"},"image":{"@id":"https:\/\/newmobility.news\/#\/schema\/logo\/image\/"},"sameAs":["https:\/\/www.facebook.com\/search\/top\/?q=newmobility.news","https:\/\/x.com\/jorisvry","https:\/\/www.linkedin.com\/in\/jorisvanroy\/","https:\/\/nl.pinterest.com\/jorisvanroy\/"]},{"@type":"Person","@id":"https:\/\/newmobility.news\/#\/schema\/person\/993f2da7cd774079044984132dee0ef0","name":"Joris Van Roy","image":{"@type":"ImageObject","inLanguage":"fr-BE","@id":"https:\/\/secure.gravatar.com\/avatar\/b82919546c1cd9980bd2bc08f09d294c7cb92b3addd23cb9a4377a7b88b4349b?s=96&d=mm&r=g","url":"https:\/\/secure.gravatar.com\/avatar\/b82919546c1cd9980bd2bc08f09d294c7cb92b3addd23cb9a4377a7b88b4349b?s=96&d=mm&r=g","contentUrl":"https:\/\/secure.gravatar.com\/avatar\/b82919546c1cd9980bd2bc08f09d294c7cb92b3addd23cb9a4377a7b88b4349b?s=96&d=mm&r=g","caption":"Joris Van Roy"},"url":"https:\/\/newmobility.news\/fr\/author\/jorisximcom-be\/"}]}},"jetpack_publicize_connections":[],"jetpack_shortlink":"https:\/\/wp.me\/p9wJdU-OaR","jetpack_sharing_enabled":true,"jetpack_likes_enabled":true,"jetpack-related-posts":[],"jetpack_featured_media_url":"https:\/\/i0.wp.com\/newmobility.news\/wp-content\/uploads\/2026\/09\/MyWheels-FSD.png?fit=1774%2C887&ssl=1","_links":{"self":[{"href":"https:\/\/newmobility.news\/fr\/wp-json\/wp\/v2\/posts\/192873","targetHints":{"allow":["GET"]}}],"collection":[{"href":"https:\/\/newmobility.news\/fr\/wp-json\/wp\/v2\/posts"}],"about":[{"href":"https:\/\/newmobility.news\/fr\/wp-json\/wp\/v2\/types\/post"}],"author":[{"embeddable":true,"href":"https:\/\/newmobility.news\/fr\/wp-json\/wp\/v2\/users\/21"}],"replies":[{"embeddable":true,"href":"https:\/\/newmobility.news\/fr\/wp-json\/wp\/v2\/comments?post=192873"}],"version-history":[{"count":3,"href":"https:\/\/newmobility.news\/fr\/wp-json\/wp\/v2\/posts\/192873\/revisions"}],"predecessor-version":[{"id":192880,"href":"https:\/\/newmobility.news\/fr\/wp-json\/wp\/v2\/posts\/192873\/revisions\/192880"}],"wp:featuredmedia":[{"embeddable":true,"href":"https:\/\/newmobility.news\/fr\/wp-json\/wp\/v2\/media\/192879"}],"wp:attachment":[{"href":"https:\/\/newmobility.news\/fr\/wp-json\/wp\/v2\/media?parent=192873"}],"wp:term":[{"taxonomy":"category","embeddable":true,"href":"https:\/\/newmobility.news\/fr\/wp-json\/wp\/v2\/categories?post=192873"},{"taxonomy":"post_tag","embeddable":true,"href":"https:\/\/newmobility.news\/fr\/wp-json\/wp\/v2\/tags?post=192873"}],"curies":[{"name":"wp","href":"https:\/\/api.w.org\/{rel}","templated":true}]}}