{"id":192907,"date":"2026-09-01T09:04:22","date_gmt":"2026-09-01T07:04:22","guid":{"rendered":"https:\/\/newmobility.news\/?p=192907"},"modified":"2026-09-01T09:04:22","modified_gmt":"2026-09-01T07:04:22","slug":"bmw-delays-agency-sales-again-if-it-works-for-mini-why-wait-until-2028","status":"publish","type":"post","link":"https:\/\/newmobility.news\/fr\/2026\/09\/01\/bmw-delays-agency-sales-again-if-it-works-for-mini-why-wait-until-2028\/","title":{"rendered":"BMW reporte une nouvelle fois la mise en place de la vente par concessionnaires : si cela fonctionne pour MINI, pourquoi attendre jusqu'en 2028 ?"},"content":{"rendered":"<p>Selon certaines informations, BMW reporterait la mise en place de son mod\u00e8le de vente par concession en Allemagne \u00e0 la mi-2028, soit plus de deux ans apr\u00e8s la date initialement pr\u00e9vue.<\/p>\n<p>Cela semble \u00e9trange, d'autant plus que BMW continue d'affirmer que ce m\u00eame mod\u00e8le fonctionne avec succ\u00e8s chez MINI. L'explication r\u00e9side peut-\u00eatre dans le fait que MINI a d\u00e9montr\u00e9 \u00e0 la fois le potentiel et la complexit\u00e9 li\u00e9s \u00e0 la prise en charge de l'ensemble du processus de vente automobile.<\/p>\n<p>Les concessionnaires BMW allemands auraient \u00e9t\u00e9 inform\u00e9s en ao\u00fbt que la marque ne passerait pas au mod\u00e8le d'agence avant le 1er juillet 2028. BMW n'a pas officiellement confirm\u00e9 cette date, mais a indiqu\u00e9 que le d\u00e9ploiement \u00e0 l'\u00e9chelle europ\u00e9enne commencerait progressivement \u00e0 partir de mi-2027. La Pologne et la Su\u00e8de devraient figurer parmi les premiers march\u00e9s BMW \u00e0 op\u00e9rer cette transition.<\/p>\n<p>C'est un retard consid\u00e9rable. Lorsque BMW a annonc\u00e9 sa nouvelle strat\u00e9gie commerciale europ\u00e9enne en 2023, MINI devait ouvrir la voie \u00e0 partir de janvier 2024, suivie par la marque BMW \u00e0 partir de 2026. Entre-temps, MINI a d\u00e9j\u00e0 op\u00e9r\u00e9 cette transition dans une grande partie de l'Europe, y compris en Belgique le 1er octobre 2024.<\/p>\n<h4>Qui vous vend r\u00e9ellement la voiture ?<\/h4>\n<p>Cette diff\u00e9rence peut sembler technique, mais elle modifie fondamentalement la relation entre le constructeur et le concessionnaire.<\/p>\n<p><img data-recalc-dims=\"1\" loading=\"lazy\" decoding=\"async\" class=\"aligncenter size-large wp-image-192912\" src=\"https:\/\/i0.wp.com\/newmobility.news\/wp-content\/uploads\/2026\/09\/agency-model.png?resize=640%2C453&#038;ssl=1\" alt=\"\" width=\"640\" height=\"453\" srcset=\"https:\/\/i0.wp.com\/newmobility.news\/wp-content\/uploads\/2026\/09\/agency-model.png?resize=1024%2C725&amp;ssl=1 1024w, https:\/\/i0.wp.com\/newmobility.news\/wp-content\/uploads\/2026\/09\/agency-model.png?w=1280&amp;ssl=1 1280w\" sizes=\"auto, (max-width: 640px) 100vw, 640px\" \/><\/p>\n<p>Dans le cadre du mod\u00e8le traditionnel actuel des concessionnaires BMW, le concessionnaire ach\u00e8te des voitures aupr\u00e8s de BMW, d\u00e9tient ou finance son stock, puis vend le v\u00e9hicule au client en son nom propre et \u00e0 ses propres risques commerciaux.<\/p>\n<p>Le concessionnaire dispose d'une marge entre son prix d'achat et le prix pay\u00e9 par le client. Cela lui laisse \u00e9galement une marge de man\u0153uvre pour n\u00e9gocier des remises, des reprises ou des offres group\u00e9es afin de conclure une vente.<\/p>\n<p>Dans le cadre d'un v\u00e9ritable mod\u00e8le d'agence, BMW vous vend la voiture directement. Le concessionnaire BMW local reste en place, tout comme le vendeur, l'essai routier, les conseils et la livraison, mais d'un point de vue juridique, le concessionnaire est d\u00e9sormais l'agent de BMW.<\/p>\n<p>BMW d\u00e9tient le stock, fixe le prix de vente et facture le client, tandis que l'agent per\u00e7oit une commission pr\u00e9d\u00e9termin\u00e9e.<\/p>\n<h4>Plus besoin de comparer les prix<\/h4>\n<p>Pour les clients, l'une des cons\u00e9quences visibles est qu'il devient pratiquement inutile de comparer les offres de trois concessionnaires BMW dans l'espoir d'obtenir une remise plus importante. Des voitures identiques devraient \u00eatre propos\u00e9es au m\u00eame prix \u00e0 l'\u00e9chelle nationale. BMW y voit un gage de transparence accrue ; les clients qui aiment n\u00e9gocier pourraient y voir une diminution de la concurrence.<\/p>\n<p>Pour les concessionnaires, le compromis est tout aussi important. Ils renoncent \u00e0 leur libert\u00e9 de fixation des prix et \u00e0 une partie de leur marge entrepreneuriale, mais n\u2019ont plus \u00e0 financer des stocks de voitures neuves valant des millions d\u2019euros ni \u00e0 assumer le risque de se retrouver avec des mod\u00e8les qui ne se vendent pas. Le groupe BMW avait initialement fait valoir que cela devrait offrir aux concessionnaires une plus grande pr\u00e9visibilit\u00e9 financi\u00e8re.<\/p>\n<p>Sur le plan strat\u00e9gique, cependant, le grand gagnant pourrait bien \u00eatre BMW elle-m\u00eame. Au lieu de vendre une voiture \u00e0 un concessionnaire et de perdre ainsi toute visibilit\u00e9 sur la transaction finale, le constructeur conserve la ma\u00eetrise de la relation client, du prix de vente, du stock et d\u2019une grande partie des donn\u00e9es clients qui en d\u00e9coulent. Il devient \u00e9galement beaucoup plus facile de faire le lien entre la configuration et la commande en ligne d\u2019une part, et le showroom physique d\u2019autre part.<\/p>\n<h4>\u00ab Mais la MINI, \u00e7a marche \u00bb, affirme BMW<\/h4>\n<p>C\u2019est ce qui rend les reports successifs de BMW d\u2019autant plus intrigants que le constructeur continue de d\u00e9fendre ce concept. La semaine derni\u00e8re encore, BMW a d\u00e9clar\u00e9 au magazine professionnel britannique *Car Dealer* que le lancement de MINI avait prouv\u00e9 que son mod\u00e8le de distribution \u00e9tait efficace et profitait \u00e0 la fois aux clients, aux concessionnaires et au groupe BMW.<\/p>\n<p>Les chiffres de vente de MINI ne laissent certainement pas pr\u00e9sager un d\u00e9sastre commercial. La marque a vendu 288 290 voitures dans le monde en 2025, soit une hausse de 17,71 TP3T, tandis que les ventes de MINI \u00e9lectriques ont bondi de pr\u00e8s de 881 TP3T pour atteindre 105 535 unit\u00e9s.<\/p>\n<p>Pourtant, le lancement de la MINI a \u00e9galement mis en \u00e9vidence \u00e0 quel point les ventes directes peuvent s'av\u00e9rer complexes en coulisses. Le magazine sp\u00e9cialis\u00e9 allemand *Automobilwoche* a rapport\u00e9 en 2025 que certains sc\u00e9narios d'achat faisaient initialement d\u00e9faut dans les syst\u00e8mes informatiques de BMW.<\/p>\n<p>Les achats effectu\u00e9s par des clients ind\u00e9pendants n\u00e9cessitaient des solutions manuelles, tandis que certaines commandes importantes \u00e9manant de grandes entreprises ne pouvaient pas, dans un premier temps, \u00eatre trait\u00e9es correctement. Les concessionnaires ont d\u00e9crit des processus qui semblaient simples sur le papier, mais qui se sont av\u00e9r\u00e9s bien plus compliqu\u00e9s dans la pratique quotidienne.<\/p>\n<p>Avec MINI, cela reste g\u00e9rable. La situation devient nettement plus risqu\u00e9e avec BMW, qui enregistre des volumes de vente bien plus \u00e9lev\u00e9s et est beaucoup plus expos\u00e9e aux contrats de leasing, aux flottes, aux v\u00e9hicules de fonction et aux structures d'achat complexes des entreprises.<\/p>\n<p>En ce sens, MINI n\u2019a peut-\u00eatre pas du tout r\u00e9fut\u00e9 la strat\u00e9gie de BMW en mati\u00e8re d\u2019agences. Il se peut qu\u2019elle ait simplement fait exactement ce que BMW avait pr\u00e9vu : servir de banc d\u2019essai concret avant que le syst\u00e8me ne soit \u00e9tendu \u00e0 l\u2019ensemble du r\u00e9seau BMW, bien plus vaste.<\/p>\n<h4>La r\u00e9volution des agences perd de son \u00e9lan<\/h4>\n<p>BMW a \u00e9galement moins de raisons de se presser qu\u2019il y a trois ans. Le mod\u00e8le de concession \u00e9tait autrefois pr\u00e9sent\u00e9 comme l\u2019avenir in\u00e9vitable de la distribution automobile en Europe, alliant un contr\u00f4le des prix et de la client\u00e8le \u00e0 la mani\u00e8re de Tesla au r\u00e9seau de concessionnaires bien \u00e9tabli. Cet enthousiasme s\u2019est consid\u00e9rablement refroidi.<\/p>\n<p>Stellantis a suspendu le d\u00e9ploiement \u00e0 l'\u00e9chelle europ\u00e9enne de son syst\u00e8me d'agences pr\u00e9vu pour 2025, le maintenant uniquement dans les pays o\u00f9 il avait d\u00e9j\u00e0 \u00e9t\u00e9 mis en place, notamment en Belgique, au Luxembourg, en Autriche et aux Pays-Bas.<\/p>\n<p>Volkswagen a depuis d\u00e9cid\u00e9 de revenir au mod\u00e8le de distribution classique pour les particuliers acheteurs de v\u00e9hicules \u00e9lectriques dans toute l'Europe, tout en conservant le syst\u00e8me de vente par agence pour les flottes.<\/p>\n<p>M\u00eame la Commission europ\u00e9enne a conclu cette ann\u00e9e que le mod\u00e8le traditionnel de distribution s\u00e9lective reste de loin le mod\u00e8le dominant.<\/p>\n<p>Cette \u00e9tude a r\u00e9v\u00e9l\u00e9 que 58% des constructeurs automobiles interrog\u00e9s recouraient \u00e0 un r\u00e9seau de distribution traditionnel, contre 27% qui utilisaient des structures d'agence. Environ 92% des ventes de voitures en Europe en 2024 passaient encore par des concessionnaires agr\u00e9\u00e9s, tandis que plusieurs constructeurs ralentissaient ou remettaient en question le d\u00e9ploiement de leurs r\u00e9seaux d'agence.<\/p>\n<h4>BMW maintient son engagement<\/h4>\n<p>BMW insiste n\u00e9anmoins sur le fait qu'elle reste fid\u00e8le \u00e0 son engagement. L'entreprise affirme que la marque BMW entamera sa transition sur les march\u00e9s europ\u00e9ens \u00e0 partir de la mi-2027, m\u00eame si l'Allemagne semble devoir attendre encore un an.<\/p>\n<p>Il se peut \u00e9galement que le moment soit bien choisi. BMW proc\u00e8de actuellement \u00e0 l'un des plus importants renouvellements de gamme de son histoire, ax\u00e9 sur la \u00ab Neue Klasse \u00bb.<\/p>\n<p>Introduire un changement radical au niveau des processus de commande, de tarification, de facturation, de gestion des stocks et des syst\u00e8mes informatiques des concessionnaires, alors que des dizaines de mod\u00e8les nouveaux ou actualis\u00e9s arrivent sur le march\u00e9, ajouterait un risque suppl\u00e9mentaire.<\/p>\n<p>Ce nouveau report ne signifie donc pas n\u00e9cessairement que BMW ait perdu confiance dans la vente par interm\u00e9diaire. Mais chaque ann\u00e9e suppl\u00e9mentaire donne \u00e0 l'entreprise davantage de temps pour observer ses concurrents se d\u00e9tourner de cette r\u00e9volution commerciale qui, il y a encore quelques ann\u00e9es \u00e0 peine, semblait in\u00e9vitable.<\/p>\n<p>D\u2019ici 2028, la question principale ne sera donc peut-\u00eatre plus de savoir si BMW est pr\u00eate pour le mod\u00e8le d\u2019agence, mais si elle estime toujours que cela vaut la peine de le mettre en place.<\/p>","protected":false},"excerpt":{"rendered":"<p>BMW is reportedly postponing the introduction of its agency sales model in Germany until mid-2028, more than two years later than originally planned. That seems strange, as BMW continues to insist that the same model is working successfully at MINI. The explanation may be that MINI demonstrated both the potential and the complexity of taking [&hellip;]<\/p>\n","protected":false},"author":21,"featured_media":192911,"comment_status":"closed","ping_status":"closed","sticky":false,"template":"","format":"standard","meta":{"_acf_changed":false,"_jetpack_newsletter_access":"","_jetpack_dont_email_post_to_subs":false,"_jetpack_newsletter_tier_id":0,"_jetpack_memberships_contains_paywalled_content":false,"_jetpack_feature_clip_id":0,"_jetpack_memberships_contains_paid_content":false,"footnotes":"","jetpack_publicize_message":"{title}\r\n\r\n{excerpt}\r\n\r\n{url}","jetpack_publicize_feature_enabled":true,"jetpack_social_post_already_shared":true,"jetpack_social_options":{"image_generator_settings":{"template":"highway","default_image_id":0,"font":"","enabled":false},"version":2},"_wpas_customize_per_network":false,"jetpack_post_was_ever_published":false},"categories":[28,16,77169,4],"tags":[],"class_list":["post-192907","post","type-post","status-publish","format-standard","has-post-thumbnail","hentry","category-europe","category-industry","category-market","category-top-stories-today"],"acf":[],"featured_image_urls_v2":{"full":["https:\/\/i0.wp.com\/newmobility.news\/wp-content\/uploads\/2026\/09\/BMWMINI-store.jpg?fit=1024%2C576&ssl=1",1024,576,false],"thumbnail":["https:\/\/i0.wp.com\/newmobility.news\/wp-content\/uploads\/2026\/09\/BMWMINI-store.jpg?resize=150%2C150&ssl=1",150,150,true],"medium":["https:\/\/i0.wp.com\/newmobility.news\/wp-content\/uploads\/2026\/09\/BMWMINI-store.jpg?fit=300%2C169&ssl=1",300,169,true],"medium_large":["https:\/\/i0.wp.com\/newmobility.news\/wp-content\/uploads\/2026\/09\/BMWMINI-store.jpg?fit=640%2C360&ssl=1",640,360,true],"large":["https:\/\/i0.wp.com\/newmobility.news\/wp-content\/uploads\/2026\/09\/BMWMINI-store.jpg?fit=640%2C360&ssl=1",640,360,true],"1536x1536":["https:\/\/i0.wp.com\/newmobility.news\/wp-content\/uploads\/2026\/09\/BMWMINI-store.jpg?fit=1024%2C576&ssl=1",1024,576,true],"2048x2048":["https:\/\/i0.wp.com\/newmobility.news\/wp-content\/uploads\/2026\/09\/BMWMINI-store.jpg?fit=1024%2C576&ssl=1",1024,576,true],"trp-custom-language-flag":["https:\/\/i0.wp.com\/newmobility.news\/wp-content\/uploads\/2026\/09\/BMWMINI-store.jpg?fit=18%2C10&ssl=1",18,10,true],"related-thumb":["https:\/\/i0.wp.com\/newmobility.news\/wp-content\/uploads\/2026\/09\/BMWMINI-store.jpg?resize=640%2C480&ssl=1",640,480,true],"gform-image-choice-sm":["https:\/\/i0.wp.com\/newmobility.news\/wp-content\/uploads\/2026\/09\/BMWMINI-store.jpg?resize=300%2C300&ssl=1",300,300,true],"gform-image-choice-md":["https:\/\/i0.wp.com\/newmobility.news\/wp-content\/uploads\/2026\/09\/BMWMINI-store.jpg?resize=400%2C400&ssl=1",400,400,true],"gform-image-choice-lg":["https:\/\/i0.wp.com\/newmobility.news\/wp-content\/uploads\/2026\/09\/BMWMINI-store.jpg?resize=600%2C576&ssl=1",600,576,true],"mailchimp":["https:\/\/i0.wp.com\/newmobility.news\/wp-content\/uploads\/2026\/09\/BMWMINI-store.jpg?fit=560%2C315&ssl=1",560,315,true],"unipress-phone":["https:\/\/i0.wp.com\/newmobility.news\/wp-content\/uploads\/2026\/09\/BMWMINI-store.jpg?resize=640%2C100&ssl=1",640,100,true],"unipress-tablet":["https:\/\/i0.wp.com\/newmobility.news\/wp-content\/uploads\/2026\/09\/BMWMINI-store.jpg?resize=1024%2C240&ssl=1",1024,240,true],"unipress-tablet-portrait":["https:\/\/i0.wp.com\/newmobility.news\/wp-content\/uploads\/2026\/09\/BMWMINI-store.jpg?resize=1024%2C180&ssl=1",1024,180,true],"unipress-tablet-landscape":["https:\/\/i0.wp.com\/newmobility.news\/wp-content\/uploads\/2026\/09\/BMWMINI-store.jpg?resize=1024%2C180&ssl=1",1024,180,true],"unipress-smartphone":["https:\/\/i0.wp.com\/newmobility.news\/wp-content\/uploads\/2026\/09\/BMWMINI-store.jpg?resize=1024%2C168&ssl=1",1024,168,true],"unipress-wide-screen":["https:\/\/i0.wp.com\/newmobility.news\/wp-content\/uploads\/2026\/09\/BMWMINI-store.jpg?resize=1024%2C180&ssl=1",1024,180,true]},"post_excerpt_stackable_v2":"<p>BMW is reportedly postponing the introduction of its agency sales model in Germany until mid-2028, more than two years later than originally planned. That seems strange, as BMW continues to insist that the same model is working successfully at MINI. The explanation may be that MINI demonstrated both the potential and the complexity of taking control of the entire car-sale process. German BMW dealers were reportedly informed in August that the brand will not switch to the agency model before 1 July 2028. BMW has not officially confirmed the date, but has acknowledged that the broader European rollout will begin&hellip;<\/p>\n","category_list_v2":"<a href=\"https:\/\/newmobility.news\/fr\/category\/europe\/\" rel=\"category tag\">Europe<\/a>, <a href=\"https:\/\/newmobility.news\/fr\/category\/industry\/\" rel=\"category tag\">Industry<\/a>, <a href=\"https:\/\/newmobility.news\/fr\/category\/market\/\" rel=\"category tag\">Market<\/a>, <a href=\"https:\/\/newmobility.news\/fr\/category\/top-stories-today\/\" rel=\"category tag\">Top Stories Today<\/a>","author_info_v2":{"name":"Joris Van Roy","url":"https:\/\/newmobility.news\/fr\/author\/jorisximcom-be\/"},"comments_num_v2":"0 comments","yoast_head":"<!-- This site is optimized with the Yoast SEO plugin v28.3 - https:\/\/yoast.com\/product\/yoast-seo-wordpress\/ -->\n<title>BMW delays agency sales again: if it works for MINI, why wait until 2028? - newmobility.news<\/title>\n<meta name=\"robots\" content=\"index, follow, max-snippet:-1, max-image-preview:large, max-video-preview:-1\" \/>\n<link rel=\"canonical\" href=\"https:\/\/newmobility.news\/fr\/2026\/09\/01\/bmw-delays-agency-sales-again-if-it-works-for-mini-why-wait-until-2028\/\" \/>\n<meta property=\"og:locale\" content=\"fr_FR\" \/>\n<meta property=\"og:type\" content=\"article\" \/>\n<meta property=\"og:title\" content=\"BMW delays agency sales again: if it works for MINI, why wait until 2028? - newmobility.news\" \/>\n<meta property=\"og:description\" content=\"BMW is reportedly postponing the introduction of its agency sales model in Germany until mid-2028, more than two years later than originally planned. That seems strange, as BMW continues to insist that the same model is working successfully at MINI. The explanation may be that MINI demonstrated both the potential and the complexity of taking [&hellip;]\" \/>\n<meta property=\"og:url\" content=\"https:\/\/newmobility.news\/fr\/2026\/09\/01\/bmw-delays-agency-sales-again-if-it-works-for-mini-why-wait-until-2028\/\" \/>\n<meta property=\"og:site_name\" content=\"newmobility.news\" \/>\n<meta property=\"article:publisher\" content=\"https:\/\/www.facebook.com\/search\/top\/?q=newmobility.news\" \/>\n<meta property=\"article:published_time\" content=\"2026-09-01T07:04:22+00:00\" \/>\n<meta property=\"og:image\" content=\"https:\/\/newmobility.news\/wp-content\/uploads\/2026\/09\/BMWMINI-store.jpg\" \/>\n\t<meta property=\"og:image:width\" content=\"1024\" \/>\n\t<meta property=\"og:image:height\" content=\"576\" \/>\n\t<meta property=\"og:image:type\" content=\"image\/jpeg\" \/>\n<meta name=\"author\" content=\"Joris Van Roy\" \/>\n<meta name=\"twitter:card\" content=\"summary_large_image\" \/>\n<meta name=\"twitter:creator\" content=\"@jorisvry\" \/>\n<meta name=\"twitter:site\" content=\"@jorisvry\" \/>\n<meta name=\"twitter:label1\" content=\"\u00c9crit par\" \/>\n\t<meta name=\"twitter:data1\" content=\"Joris Van Roy\" \/>\n\t<meta name=\"twitter:label2\" content=\"Dur\u00e9e de lecture est.\" \/>\n\t<meta name=\"twitter:data2\" content=\"5 minutes\" \/>\n<script type=\"application\/ld+json\" class=\"yoast-schema-graph\">{\"@context\":\"https:\\\/\\\/schema.org\",\"@graph\":[{\"@type\":\"Article\",\"@id\":\"https:\\\/\\\/newmobility.news\\\/2026\\\/09\\\/01\\\/bmw-delays-agency-sales-again-if-it-works-for-mini-why-wait-until-2028\\\/#article\",\"isPartOf\":{\"@id\":\"https:\\\/\\\/newmobility.news\\\/2026\\\/09\\\/01\\\/bmw-delays-agency-sales-again-if-it-works-for-mini-why-wait-until-2028\\\/\"},\"author\":{\"name\":\"Joris Van Roy\",\"@id\":\"https:\\\/\\\/newmobility.news\\\/#\\\/schema\\\/person\\\/993f2da7cd774079044984132dee0ef0\"},\"headline\":\"BMW delays agency sales again: if it works for MINI, why wait until 2028?\",\"datePublished\":\"2026-09-01T07:04:22+00:00\",\"mainEntityOfPage\":{\"@id\":\"https:\\\/\\\/newmobility.news\\\/2026\\\/09\\\/01\\\/bmw-delays-agency-sales-again-if-it-works-for-mini-why-wait-until-2028\\\/\"},\"wordCount\":985,\"publisher\":{\"@id\":\"https:\\\/\\\/newmobility.news\\\/#organization\"},\"image\":{\"@id\":\"https:\\\/\\\/newmobility.news\\\/2026\\\/09\\\/01\\\/bmw-delays-agency-sales-again-if-it-works-for-mini-why-wait-until-2028\\\/#primaryimage\"},\"thumbnailUrl\":\"https:\\\/\\\/i0.wp.com\\\/newmobility.news\\\/wp-content\\\/uploads\\\/2026\\\/09\\\/BMWMINI-store.jpg?fit=1024%2C576&ssl=1\",\"articleSection\":[\"Europe\",\"Industry\",\"Market\",\"Top Stories Today\"],\"inLanguage\":\"fr-BE\"},{\"@type\":\"WebPage\",\"@id\":\"https:\\\/\\\/newmobility.news\\\/2026\\\/09\\\/01\\\/bmw-delays-agency-sales-again-if-it-works-for-mini-why-wait-until-2028\\\/\",\"url\":\"https:\\\/\\\/newmobility.news\\\/2026\\\/09\\\/01\\\/bmw-delays-agency-sales-again-if-it-works-for-mini-why-wait-until-2028\\\/\",\"name\":\"BMW delays agency sales again: if it works for MINI, why wait until 2028? - newmobility.news\",\"isPartOf\":{\"@id\":\"https:\\\/\\\/newmobility.news\\\/#website\"},\"primaryImageOfPage\":{\"@id\":\"https:\\\/\\\/newmobility.news\\\/2026\\\/09\\\/01\\\/bmw-delays-agency-sales-again-if-it-works-for-mini-why-wait-until-2028\\\/#primaryimage\"},\"image\":{\"@id\":\"https:\\\/\\\/newmobility.news\\\/2026\\\/09\\\/01\\\/bmw-delays-agency-sales-again-if-it-works-for-mini-why-wait-until-2028\\\/#primaryimage\"},\"thumbnailUrl\":\"https:\\\/\\\/i0.wp.com\\\/newmobility.news\\\/wp-content\\\/uploads\\\/2026\\\/09\\\/BMWMINI-store.jpg?fit=1024%2C576&ssl=1\",\"datePublished\":\"2026-09-01T07:04:22+00:00\",\"breadcrumb\":{\"@id\":\"https:\\\/\\\/newmobility.news\\\/2026\\\/09\\\/01\\\/bmw-delays-agency-sales-again-if-it-works-for-mini-why-wait-until-2028\\\/#breadcrumb\"},\"inLanguage\":\"fr-BE\",\"potentialAction\":[{\"@type\":\"ReadAction\",\"target\":[\"https:\\\/\\\/newmobility.news\\\/2026\\\/09\\\/01\\\/bmw-delays-agency-sales-again-if-it-works-for-mini-why-wait-until-2028\\\/\"]}]},{\"@type\":\"ImageObject\",\"inLanguage\":\"fr-BE\",\"@id\":\"https:\\\/\\\/newmobility.news\\\/2026\\\/09\\\/01\\\/bmw-delays-agency-sales-again-if-it-works-for-mini-why-wait-until-2028\\\/#primaryimage\",\"url\":\"https:\\\/\\\/i0.wp.com\\\/newmobility.news\\\/wp-content\\\/uploads\\\/2026\\\/09\\\/BMWMINI-store.jpg?fit=1024%2C576&ssl=1\",\"contentUrl\":\"https:\\\/\\\/i0.wp.com\\\/newmobility.news\\\/wp-content\\\/uploads\\\/2026\\\/09\\\/BMWMINI-store.jpg?fit=1024%2C576&ssl=1\",\"width\":1024,\"height\":576,\"caption\":\"Same showroom, different business model in Nijmegen (Netherlands): MINI customers increasingly buy directly from BMW Group, while BMW dealers still purchase and resell the cars themselves \\\/Hurks\"},{\"@type\":\"BreadcrumbList\",\"@id\":\"https:\\\/\\\/newmobility.news\\\/2026\\\/09\\\/01\\\/bmw-delays-agency-sales-again-if-it-works-for-mini-why-wait-until-2028\\\/#breadcrumb\",\"itemListElement\":[{\"@type\":\"ListItem\",\"position\":1,\"name\":\"Home\",\"item\":\"https:\\\/\\\/newmobility.news\\\/\"},{\"@type\":\"ListItem\",\"position\":2,\"name\":\"BMW delays agency sales again: if it works for MINI, why wait until 2028?\"}]},{\"@type\":\"WebSite\",\"@id\":\"https:\\\/\\\/newmobility.news\\\/#website\",\"url\":\"https:\\\/\\\/newmobility.news\\\/\",\"name\":\"newmobility.news\",\"description\":\"A B2BNews Agency\u00ae news service for mobility business proessional\",\"publisher\":{\"@id\":\"https:\\\/\\\/newmobility.news\\\/#organization\"},\"potentialAction\":[{\"@type\":\"SearchAction\",\"target\":{\"@type\":\"EntryPoint\",\"urlTemplate\":\"https:\\\/\\\/newmobility.news\\\/?s={search_term_string}\"},\"query-input\":{\"@type\":\"PropertyValueSpecification\",\"valueRequired\":true,\"valueName\":\"search_term_string\"}}],\"inLanguage\":\"fr-BE\"},{\"@type\":\"Organization\",\"@id\":\"https:\\\/\\\/newmobility.news\\\/#organization\",\"name\":\"B2BNews Agency\",\"url\":\"https:\\\/\\\/newmobility.news\\\/\",\"logo\":{\"@type\":\"ImageObject\",\"inLanguage\":\"fr-BE\",\"@id\":\"https:\\\/\\\/newmobility.news\\\/#\\\/schema\\\/logo\\\/image\\\/\",\"url\":\"https:\\\/\\\/newmobility.news\\\/wp-content\\\/uploads\\\/2018\\\/01\\\/b2bnews-agency-logo.png\",\"contentUrl\":\"https:\\\/\\\/newmobility.news\\\/wp-content\\\/uploads\\\/2018\\\/01\\\/b2bnews-agency-logo.png\",\"width\":\"581\",\"height\":\"117\",\"caption\":\"B2BNews Agency\"},\"image\":{\"@id\":\"https:\\\/\\\/newmobility.news\\\/#\\\/schema\\\/logo\\\/image\\\/\"},\"sameAs\":[\"https:\\\/\\\/www.facebook.com\\\/search\\\/top\\\/?q=newmobility.news\",\"https:\\\/\\\/x.com\\\/jorisvry\",\"https:\\\/\\\/www.linkedin.com\\\/in\\\/jorisvanroy\\\/\",\"https:\\\/\\\/nl.pinterest.com\\\/jorisvanroy\\\/\"]},{\"@type\":\"Person\",\"@id\":\"https:\\\/\\\/newmobility.news\\\/#\\\/schema\\\/person\\\/993f2da7cd774079044984132dee0ef0\",\"name\":\"Joris Van Roy\",\"image\":{\"@type\":\"ImageObject\",\"inLanguage\":\"fr-BE\",\"@id\":\"https:\\\/\\\/secure.gravatar.com\\\/avatar\\\/b82919546c1cd9980bd2bc08f09d294c7cb92b3addd23cb9a4377a7b88b4349b?s=96&d=mm&r=g\",\"url\":\"https:\\\/\\\/secure.gravatar.com\\\/avatar\\\/b82919546c1cd9980bd2bc08f09d294c7cb92b3addd23cb9a4377a7b88b4349b?s=96&d=mm&r=g\",\"contentUrl\":\"https:\\\/\\\/secure.gravatar.com\\\/avatar\\\/b82919546c1cd9980bd2bc08f09d294c7cb92b3addd23cb9a4377a7b88b4349b?s=96&d=mm&r=g\",\"caption\":\"Joris Van Roy\"},\"url\":\"https:\\\/\\\/newmobility.news\\\/fr\\\/author\\\/jorisximcom-be\\\/\"}]}<\/script>\n<!-- \/ Yoast SEO plugin. -->","yoast_head_json":{"title":"BMW reporte une nouvelle fois la vente par concessionnaires : si cela fonctionne pour MINI, pourquoi attendre jusqu'en 2028 ? - newmobility.news","robots":{"index":"index","follow":"follow","max-snippet":"max-snippet:-1","max-image-preview":"max-image-preview:large","max-video-preview":"max-video-preview:-1"},"canonical":"https:\/\/newmobility.news\/fr\/2026\/09\/01\/bmw-delays-agency-sales-again-if-it-works-for-mini-why-wait-until-2028\/","og_locale":"fr_FR","og_type":"article","og_title":"BMW delays agency sales again: if it works for MINI, why wait until 2028? - newmobility.news","og_description":"BMW is reportedly postponing the introduction of its agency sales model in Germany until mid-2028, more than two years later than originally planned. That seems strange, as BMW continues to insist that the same model is working successfully at MINI. The explanation may be that MINI demonstrated both the potential and the complexity of taking [&hellip;]","og_url":"https:\/\/newmobility.news\/fr\/2026\/09\/01\/bmw-delays-agency-sales-again-if-it-works-for-mini-why-wait-until-2028\/","og_site_name":"newmobility.news","article_publisher":"https:\/\/www.facebook.com\/search\/top\/?q=newmobility.news","article_published_time":"2026-09-01T07:04:22+00:00","og_image":[{"width":1024,"height":576,"url":"https:\/\/newmobility.news\/wp-content\/uploads\/2026\/09\/BMWMINI-store.jpg","type":"image\/jpeg"}],"author":"Joris Van Roy","twitter_card":"summary_large_image","twitter_creator":"@jorisvry","twitter_site":"@jorisvry","twitter_misc":{"\u00c9crit par":"Joris Van Roy","Dur\u00e9e de lecture est.":"5 minutes"},"schema":{"@context":"https:\/\/schema.org","@graph":[{"@type":"Article","@id":"https:\/\/newmobility.news\/2026\/09\/01\/bmw-delays-agency-sales-again-if-it-works-for-mini-why-wait-until-2028\/#article","isPartOf":{"@id":"https:\/\/newmobility.news\/2026\/09\/01\/bmw-delays-agency-sales-again-if-it-works-for-mini-why-wait-until-2028\/"},"author":{"name":"Joris Van Roy","@id":"https:\/\/newmobility.news\/#\/schema\/person\/993f2da7cd774079044984132dee0ef0"},"headline":"BMW delays agency sales again: if it works for MINI, why wait until 2028?","datePublished":"2026-09-01T07:04:22+00:00","mainEntityOfPage":{"@id":"https:\/\/newmobility.news\/2026\/09\/01\/bmw-delays-agency-sales-again-if-it-works-for-mini-why-wait-until-2028\/"},"wordCount":985,"publisher":{"@id":"https:\/\/newmobility.news\/#organization"},"image":{"@id":"https:\/\/newmobility.news\/2026\/09\/01\/bmw-delays-agency-sales-again-if-it-works-for-mini-why-wait-until-2028\/#primaryimage"},"thumbnailUrl":"https:\/\/i0.wp.com\/newmobility.news\/wp-content\/uploads\/2026\/09\/BMWMINI-store.jpg?fit=1024%2C576&ssl=1","articleSection":["Europe","Industry","Market","Top Stories Today"],"inLanguage":"fr-BE"},{"@type":"WebPage","@id":"https:\/\/newmobility.news\/2026\/09\/01\/bmw-delays-agency-sales-again-if-it-works-for-mini-why-wait-until-2028\/","url":"https:\/\/newmobility.news\/2026\/09\/01\/bmw-delays-agency-sales-again-if-it-works-for-mini-why-wait-until-2028\/","name":"BMW reporte une nouvelle fois la vente par concessionnaires : si cela fonctionne pour MINI, pourquoi attendre jusqu'en 2028 ? - newmobility.news","isPartOf":{"@id":"https:\/\/newmobility.news\/#website"},"primaryImageOfPage":{"@id":"https:\/\/newmobility.news\/2026\/09\/01\/bmw-delays-agency-sales-again-if-it-works-for-mini-why-wait-until-2028\/#primaryimage"},"image":{"@id":"https:\/\/newmobility.news\/2026\/09\/01\/bmw-delays-agency-sales-again-if-it-works-for-mini-why-wait-until-2028\/#primaryimage"},"thumbnailUrl":"https:\/\/i0.wp.com\/newmobility.news\/wp-content\/uploads\/2026\/09\/BMWMINI-store.jpg?fit=1024%2C576&ssl=1","datePublished":"2026-09-01T07:04:22+00:00","breadcrumb":{"@id":"https:\/\/newmobility.news\/2026\/09\/01\/bmw-delays-agency-sales-again-if-it-works-for-mini-why-wait-until-2028\/#breadcrumb"},"inLanguage":"fr-BE","potentialAction":[{"@type":"ReadAction","target":["https:\/\/newmobility.news\/2026\/09\/01\/bmw-delays-agency-sales-again-if-it-works-for-mini-why-wait-until-2028\/"]}]},{"@type":"ImageObject","inLanguage":"fr-BE","@id":"https:\/\/newmobility.news\/2026\/09\/01\/bmw-delays-agency-sales-again-if-it-works-for-mini-why-wait-until-2028\/#primaryimage","url":"https:\/\/i0.wp.com\/newmobility.news\/wp-content\/uploads\/2026\/09\/BMWMINI-store.jpg?fit=1024%2C576&ssl=1","contentUrl":"https:\/\/i0.wp.com\/newmobility.news\/wp-content\/uploads\/2026\/09\/BMWMINI-store.jpg?fit=1024%2C576&ssl=1","width":1024,"height":576,"caption":"Same showroom, different business model in Nijmegen (Netherlands): MINI customers increasingly buy directly from BMW Group, while BMW dealers still purchase and resell the cars themselves \/Hurks"},{"@type":"BreadcrumbList","@id":"https:\/\/newmobility.news\/2026\/09\/01\/bmw-delays-agency-sales-again-if-it-works-for-mini-why-wait-until-2028\/#breadcrumb","itemListElement":[{"@type":"ListItem","position":1,"name":"Home","item":"https:\/\/newmobility.news\/"},{"@type":"ListItem","position":2,"name":"BMW delays agency sales again: if it works for MINI, why wait until 2028?"}]},{"@type":"WebSite","@id":"https:\/\/newmobility.news\/#website","url":"https:\/\/newmobility.news\/","name":"nouveaumobilit\u00e9.actualit\u00e9s","description":"Un service d'information B2BNews Agency\u00ae destin\u00e9 aux professionnels de la mobilit\u00e9","publisher":{"@id":"https:\/\/newmobility.news\/#organization"},"potentialAction":[{"@type":"SearchAction","target":{"@type":"EntryPoint","urlTemplate":"https:\/\/newmobility.news\/?s={search_term_string}"},"query-input":{"@type":"PropertyValueSpecification","valueRequired":true,"valueName":"search_term_string"}}],"inLanguage":"fr-BE"},{"@type":"Organization","@id":"https:\/\/newmobility.news\/#organization","name":"Agence de presse B2BNews","url":"https:\/\/newmobility.news\/","logo":{"@type":"ImageObject","inLanguage":"fr-BE","@id":"https:\/\/newmobility.news\/#\/schema\/logo\/image\/","url":"https:\/\/newmobility.news\/wp-content\/uploads\/2018\/01\/b2bnews-agency-logo.png","contentUrl":"https:\/\/newmobility.news\/wp-content\/uploads\/2018\/01\/b2bnews-agency-logo.png","width":"581","height":"117","caption":"B2BNews Agency"},"image":{"@id":"https:\/\/newmobility.news\/#\/schema\/logo\/image\/"},"sameAs":["https:\/\/www.facebook.com\/search\/top\/?q=newmobility.news","https:\/\/x.com\/jorisvry","https:\/\/www.linkedin.com\/in\/jorisvanroy\/","https:\/\/nl.pinterest.com\/jorisvanroy\/"]},{"@type":"Person","@id":"https:\/\/newmobility.news\/#\/schema\/person\/993f2da7cd774079044984132dee0ef0","name":"Joris Van Roy","image":{"@type":"ImageObject","inLanguage":"fr-BE","@id":"https:\/\/secure.gravatar.com\/avatar\/b82919546c1cd9980bd2bc08f09d294c7cb92b3addd23cb9a4377a7b88b4349b?s=96&d=mm&r=g","url":"https:\/\/secure.gravatar.com\/avatar\/b82919546c1cd9980bd2bc08f09d294c7cb92b3addd23cb9a4377a7b88b4349b?s=96&d=mm&r=g","contentUrl":"https:\/\/secure.gravatar.com\/avatar\/b82919546c1cd9980bd2bc08f09d294c7cb92b3addd23cb9a4377a7b88b4349b?s=96&d=mm&r=g","caption":"Joris Van Roy"},"url":"https:\/\/newmobility.news\/fr\/author\/jorisximcom-be\/"}]}},"jetpack_publicize_connections":[],"jetpack_shortlink":"https:\/\/wp.me\/p9wJdU-Obp","jetpack_sharing_enabled":true,"jetpack_likes_enabled":true,"jetpack-related-posts":[],"jetpack_featured_media_url":"https:\/\/i0.wp.com\/newmobility.news\/wp-content\/uploads\/2026\/09\/BMWMINI-store.jpg?fit=1024%2C576&ssl=1","_links":{"self":[{"href":"https:\/\/newmobility.news\/fr\/wp-json\/wp\/v2\/posts\/192907","targetHints":{"allow":["GET"]}}],"collection":[{"href":"https:\/\/newmobility.news\/fr\/wp-json\/wp\/v2\/posts"}],"about":[{"href":"https:\/\/newmobility.news\/fr\/wp-json\/wp\/v2\/types\/post"}],"author":[{"embeddable":true,"href":"https:\/\/newmobility.news\/fr\/wp-json\/wp\/v2\/users\/21"}],"replies":[{"embeddable":true,"href":"https:\/\/newmobility.news\/fr\/wp-json\/wp\/v2\/comments?post=192907"}],"version-history":[{"count":1,"href":"https:\/\/newmobility.news\/fr\/wp-json\/wp\/v2\/posts\/192907\/revisions"}],"predecessor-version":[{"id":192913,"href":"https:\/\/newmobility.news\/fr\/wp-json\/wp\/v2\/posts\/192907\/revisions\/192913"}],"wp:featuredmedia":[{"embeddable":true,"href":"https:\/\/newmobility.news\/fr\/wp-json\/wp\/v2\/media\/192911"}],"wp:attachment":[{"href":"https:\/\/newmobility.news\/fr\/wp-json\/wp\/v2\/media?parent=192907"}],"wp:term":[{"taxonomy":"category","embeddable":true,"href":"https:\/\/newmobility.news\/fr\/wp-json\/wp\/v2\/categories?post=192907"},{"taxonomy":"post_tag","embeddable":true,"href":"https:\/\/newmobility.news\/fr\/wp-json\/wp\/v2\/tags?post=192907"}],"curies":[{"name":"wp","href":"https:\/\/api.w.org\/{rel}","templated":true}]}}