{"id":192910,"date":"2026-09-04T12:15:09","date_gmt":"2026-09-04T10:15:09","guid":{"rendered":"https:\/\/newmobility.news\/?p=192910"},"modified":"2026-09-04T10:50:16","modified_gmt":"2026-09-04T08:50:16","slug":"record-summer-for-aviation-despite-high-prices","status":"publish","type":"post","link":"https:\/\/newmobility.news\/fr\/2026\/09\/04\/record-summer-for-aviation-despite-high-prices\/","title":{"rendered":"Un \u00e9t\u00e9 record pour le secteur a\u00e9rien malgr\u00e9 les prix \u00e9lev\u00e9s"},"content":{"rendered":"<p>Le 23 juillet, Flightradar24 a enregistr\u00e9 153 359 vols commerciaux dans le monde entier en l'espace de 24 heures : il s'agit de la journ\u00e9e la plus charg\u00e9e jamais enregistr\u00e9e, bien au-del\u00e0 du pr\u00e9c\u00e9dent record \u00e9tabli en 2023.<\/p>\n<p>Ce chiffre \u2013 soit 16 134 vols de plus que l'ancien record \u2013 donne \u00e9galement le ton pour l'ensemble du mois de juillet, la demande mondiale de transport a\u00e9rien ayant augment\u00e9 de 0,21 TP3T ce mois-l\u00e0 par rapport \u00e0 juillet 2025, atteignant ainsi le niveau le plus \u00e9lev\u00e9 jamais enregistr\u00e9 en juillet en termes de passagers-kilom\u00e8tres-revenus (RPK).<\/p>\n<h4>Une reprise solide<\/h4>\n<p>Ces chiffres sont remarquables, compte tenu notamment de la hausse des tarifs a\u00e9riens due \u00e0 la guerre au Moyen-Orient. Cette l\u00e9g\u00e8re hausse de 0,21 TP3T est \u00e9galement significative, car elle marque un tournant : le trafic a\u00e9rien mondial s'est stabilis\u00e9 en juillet, apr\u00e8s trois mois de baisse due \u00e0 la guerre en Iran et au blocus du d\u00e9troit d'Ormuz.<\/p>\n<p>En cons\u00e9quence, le nombre absolu de voyageurs dans le monde reste \u00e0 un niveau record, et selon l\u2019Association internationale du transport a\u00e9rien (IATA), qui a publi\u00e9 ces chiffres et compte 378 compagnies a\u00e9riennes membres, les bonnes nouvelles ne s\u2019arr\u00eatent pas l\u00e0 : le mois d\u2019ao\u00fbt s\u2019annonce encore meilleur.<\/p>\n<p>Le record du trafic passagers sur un seul mois a \u00e9t\u00e9 \u00e9tabli en ao\u00fbt de l'ann\u00e9e derni\u00e8re. Mais il y a de fortes chances que ce record soit lui aussi battu, car le nombre de vols a augment\u00e9 en ao\u00fbt de cette ann\u00e9e, avec une hausse pr\u00e9vue de 1,9%.<\/p>\n<figure id=\"attachment_192945\" aria-describedby=\"caption-attachment-192945\" style=\"width: 640px\" class=\"wp-caption aligncenter\"><img data-recalc-dims=\"1\" loading=\"lazy\" decoding=\"async\" class=\"wp-image-192945 size-large\" src=\"https:\/\/i0.wp.com\/newmobility.news\/wp-content\/uploads\/2026\/09\/Screenshot-2026-09-01-at-10.07.35.png?resize=640%2C363&#038;ssl=1\" alt=\"\" width=\"640\" height=\"363\" srcset=\"https:\/\/i0.wp.com\/newmobility.news\/wp-content\/uploads\/2026\/09\/Screenshot-2026-09-01-at-10.07.35.png?resize=1024%2C581&amp;ssl=1 1024w, https:\/\/i0.wp.com\/newmobility.news\/wp-content\/uploads\/2026\/09\/Screenshot-2026-09-01-at-10.07.35.png?w=1280&amp;ssl=1 1280w\" sizes=\"auto, (max-width: 640px) 100vw, 640px\" \/><figcaption id=\"caption-attachment-192945\" class=\"wp-caption-text\">Source : IATA<\/figcaption><\/figure>\n<h4>Un nombre record de passagers pourrait \u00eatre atteint en 2026<\/h4>\n<p>Malgr\u00e9 la hausse des prix du carburant, les perturbations de l'espace a\u00e9rien et les itin\u00e9raires de contournement plus longs li\u00e9s au conflit, l'envie de voyager reste forte. On observe toutefois des diff\u00e9rences selon les r\u00e9gions.<\/p>\n<p>Par exemple, le volume de trafic des compagnies a\u00e9riennes du Moyen-Orient a encore recul\u00e9 en juillet (-10% en glissement annuel), tandis que la r\u00e9gion Asie-Pacifique a renou\u00e9 avec la croissance apr\u00e8s deux mois marqu\u00e9s par un ralentissement. La reprise du march\u00e9 int\u00e9rieur chinois a \u00e9t\u00e9 le moteur de la croissance du trafic a\u00e9rien int\u00e9rieur. L'Am\u00e9rique du Nord, en revanche, est rest\u00e9e quelque peu \u00e0 la tra\u00eene.<\/p>\n<p>C'est ainsi que les compagnies a\u00e9riennes d'Am\u00e9rique latine (+6,11 TP3T), d'Afrique (+5,21 TP3T), d'Europe (+3,11 TP3T) et de la r\u00e9gion Asie-Pacifique (+1,01 TP3T) sont sorties gagnantes de cette haute saison.<\/p>\n<p>L'IATA pr\u00e9voit que les compagnies a\u00e9riennes transporteront environ 5,2 milliards de passagers en 2026, ce qui constituerait un record pour une ann\u00e9e compl\u00e8te. Le b\u00e9n\u00e9fice net pr\u00e9vu pour le secteur s'\u00e9l\u00e8ve \u00e0 environ $41 milliards. Selon l'IATA, 58% des touristes qui franchissent une fronti\u00e8re nationale le font en avion.<\/p>\n<h4>Et qu'en est-il du changement climatique ?<\/h4>\n<p>Cette croissance effr\u00e9n\u00e9e \u2013 les membres de l'IATA pr\u00e9voient une augmentation de 2,91 TP3T de la capacit\u00e9 pour septembre par rapport au m\u00eame mois de 2025 \u2013 soul\u00e8ve toutefois de s\u00e9rieuses questions quant \u00e0 la responsabilit\u00e9 du secteur face au changement climatique et \u00e0 l'engagement des voyageurs sur cette question.<\/p>\n<p>\u201c La croissance du secteur a\u00e9rien, et en particulier celle des vols \u00e0 fortes \u00e9missions, n'est pas compatible avec les besoins de la plan\u00e8te \u201d, \u00e9crit le groupe de r\u00e9flexion Transport &amp; Environment, bas\u00e9 \u00e0 Bruxelles, \u00e0 la suite d'un \u00e9t\u00e9 exceptionnellement chaud et sec en Europe.<\/p>\n<p>Les entreprises r\u00e9pondent par un argument simple : elles souhaiteraient utiliser des carburants durables issus de sources non fossiles, mais ces carburants durables (SAF) ne sont tout simplement pas disponibles sur le march\u00e9.<\/p>\n<p>M\u00eame s\u2019ils s\u2019en servent \u00e9galement comme d\u2019une sorte de bouclier, cela d\u00e9place la responsabilit\u00e9 en dehors du secteur. En revanche, le secteur lui-m\u00eame continue d\u2019accro\u00eetre son utilisation des combustibles fossiles, maximise ses profits et n\u2019envisage aucune r\u00e9duction volontaire de ses volumes afin de limiter son impact sur le climat.<\/p>\n<p>M\u00eame si l'on disposait d'une plus grande quantit\u00e9 de carburants durables (SAF), les compagnies a\u00e9riennes devraient payer un prix nettement plus \u00e9lev\u00e9, ce qui va \u00e0 l'encontre de la discipline stricte en mati\u00e8re de co\u00fbts qu'elles appliquent actuellement pour satisfaire leurs actionnaires.<\/p>","protected":false},"excerpt":{"rendered":"<p>On July 23, Flightradar24 recorded 153,359 commercial flights worldwide within 24 hours \u2013 the busiest day ever recorded, well above the previous record set in 2023. That figure \u2013 16,134 more flights than the old record \u2013 also sets the tone for the entire month of July, as global demand for air travel rose by [&hellip;]<\/p>\n","protected":false},"author":164,"featured_media":192944,"comment_status":"closed","ping_status":"closed","sticky":false,"template":"","format":"standard","meta":{"_acf_changed":false,"_jetpack_newsletter_access":"","_jetpack_dont_email_post_to_subs":false,"_jetpack_newsletter_tier_id":0,"_jetpack_memberships_contains_paywalled_content":false,"_jetpack_feature_clip_id":0,"_jetpack_memberships_contains_paid_content":false,"footnotes":"","jetpack_publicize_message":"{title}\r\n\r\n{excerpt}\r\n\r\n{url}","jetpack_publicize_feature_enabled":true,"jetpack_social_post_already_shared":true,"jetpack_social_options":{"image_generator_settings":{"template":"highway","default_image_id":0,"font":"","enabled":false},"version":2},"_wpas_customize_per_network":false,"jetpack_post_was_ever_published":false},"categories":[77152,14496,7,4],"tags":[],"class_list":["post-192910","post","type-post","status-publish","format-standard","has-post-thumbnail","hentry","category-aviation","category-climate","category-mobility","category-top-stories-today"],"acf":[],"featured_image_urls_v2":{"full":["https:\/\/i0.wp.com\/newmobility.news\/wp-content\/uploads\/2026\/09\/Untitled77.png?fit=2028%2C1426&ssl=1",2028,1426,false],"thumbnail":["https:\/\/i0.wp.com\/newmobility.news\/wp-content\/uploads\/2026\/09\/Untitled77.png?resize=150%2C150&ssl=1",150,150,true],"medium":["https:\/\/i0.wp.com\/newmobility.news\/wp-content\/uploads\/2026\/09\/Untitled77.png?fit=300%2C211&ssl=1",300,211,true],"medium_large":["https:\/\/i0.wp.com\/newmobility.news\/wp-content\/uploads\/2026\/09\/Untitled77.png?fit=640%2C450&ssl=1",640,450,true],"large":["https:\/\/i0.wp.com\/newmobility.news\/wp-content\/uploads\/2026\/09\/Untitled77.png?fit=640%2C450&ssl=1",640,450,true],"1536x1536":["https:\/\/i0.wp.com\/newmobility.news\/wp-content\/uploads\/2026\/09\/Untitled77.png?fit=1536%2C1080&ssl=1",1536,1080,true],"2048x2048":["https:\/\/i0.wp.com\/newmobility.news\/wp-content\/uploads\/2026\/09\/Untitled77.png?fit=2028%2C1426&ssl=1",2028,1426,true],"trp-custom-language-flag":["https:\/\/i0.wp.com\/newmobility.news\/wp-content\/uploads\/2026\/09\/Untitled77.png?fit=18%2C12&ssl=1",18,12,true],"related-thumb":["https:\/\/i0.wp.com\/newmobility.news\/wp-content\/uploads\/2026\/09\/Untitled77.png?resize=640%2C480&ssl=1",640,480,true],"gform-image-choice-sm":["https:\/\/i0.wp.com\/newmobility.news\/wp-content\/uploads\/2026\/09\/Untitled77.png?resize=300%2C300&ssl=1",300,300,true],"gform-image-choice-md":["https:\/\/i0.wp.com\/newmobility.news\/wp-content\/uploads\/2026\/09\/Untitled77.png?resize=400%2C400&ssl=1",400,400,true],"gform-image-choice-lg":["https:\/\/i0.wp.com\/newmobility.news\/wp-content\/uploads\/2026\/09\/Untitled77.png?resize=600%2C600&ssl=1",600,600,true],"mailchimp":["https:\/\/i0.wp.com\/newmobility.news\/wp-content\/uploads\/2026\/09\/Untitled77.png?fit=560%2C394&ssl=1",560,394,true],"unipress-phone":["https:\/\/i0.wp.com\/newmobility.news\/wp-content\/uploads\/2026\/09\/Untitled77.png?resize=640%2C100&ssl=1",640,100,true],"unipress-tablet":["https:\/\/i0.wp.com\/newmobility.news\/wp-content\/uploads\/2026\/09\/Untitled77.png?resize=1536%2C240&ssl=1",1536,240,true],"unipress-tablet-portrait":["https:\/\/i0.wp.com\/newmobility.news\/wp-content\/uploads\/2026\/09\/Untitled77.png?resize=1536%2C180&ssl=1",1536,180,true],"unipress-tablet-landscape":["https:\/\/i0.wp.com\/newmobility.news\/wp-content\/uploads\/2026\/09\/Untitled77.png?resize=2028%2C180&ssl=1",2028,180,true],"unipress-smartphone":["https:\/\/i0.wp.com\/newmobility.news\/wp-content\/uploads\/2026\/09\/Untitled77.png?resize=1080%2C168&ssl=1",1080,168,true],"unipress-wide-screen":["https:\/\/i0.wp.com\/newmobility.news\/wp-content\/uploads\/2026\/09\/Untitled77.png?resize=2028%2C180&ssl=1",2028,180,true]},"post_excerpt_stackable_v2":"<p>On July 23, Flightradar24 recorded 153,359 commercial flights worldwide within 24 hours \u2013 the busiest day ever recorded, well above the previous record set in 2023. That figure \u2013 16,134 more flights than the old record \u2013 also sets the tone for the entire month of July, as global demand for air travel rose by 0.2% that month compared to July 2025, marking the highest revenue passenger kilometers (RPK) level ever recorded in a July. Resilient recovery The figures are remarkable, given, among other things, the high-ticket prices resulting from the war in the Middle East. The slight 0.2% increase&hellip;<\/p>\n","category_list_v2":"<a href=\"https:\/\/newmobility.news\/fr\/category\/aviation\/\" rel=\"category tag\">Aviation<\/a>, <a href=\"https:\/\/newmobility.news\/fr\/category\/climate\/\" rel=\"category tag\">Climate<\/a>, <a href=\"https:\/\/newmobility.news\/fr\/category\/mobility\/\" rel=\"category tag\">Mobility<\/a>, <a href=\"https:\/\/newmobility.news\/fr\/category\/top-stories-today\/\" rel=\"category tag\">Top Stories Today<\/a>","author_info_v2":{"name":"Luc Joris","url":"https:\/\/newmobility.news\/fr\/author\/belga-5\/"},"comments_num_v2":"0 comments","yoast_head":"<!-- This site is optimized with the Yoast SEO plugin v28.4 - https:\/\/yoast.com\/product\/yoast-seo-wordpress\/ -->\n<title>Record summer for aviation despite high prices - newmobility.news<\/title>\n<meta name=\"robots\" content=\"index, follow, max-snippet:-1, max-image-preview:large, max-video-preview:-1\" \/>\n<link rel=\"canonical\" href=\"https:\/\/newmobility.news\/fr\/2026\/09\/04\/record-summer-for-aviation-despite-high-prices\/\" \/>\n<meta property=\"og:locale\" content=\"fr_FR\" \/>\n<meta property=\"og:type\" content=\"article\" \/>\n<meta property=\"og:title\" content=\"Record summer for aviation despite high prices - newmobility.news\" \/>\n<meta property=\"og:description\" content=\"On July 23, Flightradar24 recorded 153,359 commercial flights worldwide within 24 hours \u2013 the busiest day ever recorded, well above the previous record set in 2023. That figure \u2013 16,134 more flights than the old record \u2013 also sets the tone for the entire month of July, as global demand for air travel rose by [&hellip;]\" \/>\n<meta property=\"og:url\" content=\"https:\/\/newmobility.news\/fr\/2026\/09\/04\/record-summer-for-aviation-despite-high-prices\/\" \/>\n<meta property=\"og:site_name\" content=\"newmobility.news\" \/>\n<meta property=\"article:publisher\" content=\"https:\/\/www.facebook.com\/search\/top\/?q=newmobility.news\" \/>\n<meta property=\"article:published_time\" content=\"2026-09-04T10:15:09+00:00\" \/>\n<meta property=\"og:image\" content=\"https:\/\/newmobility.news\/wp-content\/uploads\/2026\/09\/Untitled77-1024x720.png\" \/>\n\t<meta property=\"og:image:width\" content=\"1024\" \/>\n\t<meta property=\"og:image:height\" content=\"720\" \/>\n\t<meta property=\"og:image:type\" content=\"image\/png\" \/>\n<meta name=\"author\" content=\"Luc Joris\" \/>\n<meta name=\"twitter:card\" content=\"summary_large_image\" \/>\n<meta name=\"twitter:creator\" content=\"@jorisvry\" \/>\n<meta name=\"twitter:site\" content=\"@jorisvry\" \/>\n<meta name=\"twitter:label1\" content=\"\u00c9crit par\" \/>\n\t<meta name=\"twitter:data1\" content=\"Luc Joris\" \/>\n\t<meta name=\"twitter:label2\" content=\"Dur\u00e9e de lecture est.\" \/>\n\t<meta name=\"twitter:data2\" content=\"3 minutes\" \/>\n<script type=\"application\/ld+json\" class=\"yoast-schema-graph\">{\"@context\":\"https:\\\/\\\/schema.org\",\"@graph\":[{\"@type\":\"Article\",\"@id\":\"https:\\\/\\\/newmobility.news\\\/2026\\\/09\\\/04\\\/record-summer-for-aviation-despite-high-prices\\\/#article\",\"isPartOf\":{\"@id\":\"https:\\\/\\\/newmobility.news\\\/2026\\\/09\\\/04\\\/record-summer-for-aviation-despite-high-prices\\\/\"},\"author\":{\"name\":\"Luc Joris\",\"@id\":\"https:\\\/\\\/newmobility.news\\\/#\\\/schema\\\/person\\\/9b4a04002179d83e5be74f13c664b722\"},\"headline\":\"Record summer for aviation despite high prices\",\"datePublished\":\"2026-09-04T10:15:09+00:00\",\"mainEntityOfPage\":{\"@id\":\"https:\\\/\\\/newmobility.news\\\/2026\\\/09\\\/04\\\/record-summer-for-aviation-despite-high-prices\\\/\"},\"wordCount\":537,\"publisher\":{\"@id\":\"https:\\\/\\\/newmobility.news\\\/#organization\"},\"image\":{\"@id\":\"https:\\\/\\\/newmobility.news\\\/2026\\\/09\\\/04\\\/record-summer-for-aviation-despite-high-prices\\\/#primaryimage\"},\"thumbnailUrl\":\"https:\\\/\\\/i0.wp.com\\\/newmobility.news\\\/wp-content\\\/uploads\\\/2026\\\/09\\\/Untitled77.png?fit=2028%2C1426&ssl=1\",\"articleSection\":[\"Aviation\",\"Climate\",\"Mobility\",\"Top Stories Today\"],\"inLanguage\":\"fr-BE\"},{\"@type\":\"WebPage\",\"@id\":\"https:\\\/\\\/newmobility.news\\\/2026\\\/09\\\/04\\\/record-summer-for-aviation-despite-high-prices\\\/\",\"url\":\"https:\\\/\\\/newmobility.news\\\/2026\\\/09\\\/04\\\/record-summer-for-aviation-despite-high-prices\\\/\",\"name\":\"Record summer for aviation despite high prices - newmobility.news\",\"isPartOf\":{\"@id\":\"https:\\\/\\\/newmobility.news\\\/#website\"},\"primaryImageOfPage\":{\"@id\":\"https:\\\/\\\/newmobility.news\\\/2026\\\/09\\\/04\\\/record-summer-for-aviation-despite-high-prices\\\/#primaryimage\"},\"image\":{\"@id\":\"https:\\\/\\\/newmobility.news\\\/2026\\\/09\\\/04\\\/record-summer-for-aviation-despite-high-prices\\\/#primaryimage\"},\"thumbnailUrl\":\"https:\\\/\\\/i0.wp.com\\\/newmobility.news\\\/wp-content\\\/uploads\\\/2026\\\/09\\\/Untitled77.png?fit=2028%2C1426&ssl=1\",\"datePublished\":\"2026-09-04T10:15:09+00:00\",\"breadcrumb\":{\"@id\":\"https:\\\/\\\/newmobility.news\\\/2026\\\/09\\\/04\\\/record-summer-for-aviation-despite-high-prices\\\/#breadcrumb\"},\"inLanguage\":\"fr-BE\",\"potentialAction\":[{\"@type\":\"ReadAction\",\"target\":[\"https:\\\/\\\/newmobility.news\\\/2026\\\/09\\\/04\\\/record-summer-for-aviation-despite-high-prices\\\/\"]}]},{\"@type\":\"ImageObject\",\"inLanguage\":\"fr-BE\",\"@id\":\"https:\\\/\\\/newmobility.news\\\/2026\\\/09\\\/04\\\/record-summer-for-aviation-despite-high-prices\\\/#primaryimage\",\"url\":\"https:\\\/\\\/i0.wp.com\\\/newmobility.news\\\/wp-content\\\/uploads\\\/2026\\\/09\\\/Untitled77.png?fit=2028%2C1426&ssl=1\",\"contentUrl\":\"https:\\\/\\\/i0.wp.com\\\/newmobility.news\\\/wp-content\\\/uploads\\\/2026\\\/09\\\/Untitled77.png?fit=2028%2C1426&ssl=1\",\"width\":2028,\"height\":1426,\"caption\":\"The number of flights worldwide broke the record for the month of July last month \\\/Frankfurt Airport\"},{\"@type\":\"BreadcrumbList\",\"@id\":\"https:\\\/\\\/newmobility.news\\\/2026\\\/09\\\/04\\\/record-summer-for-aviation-despite-high-prices\\\/#breadcrumb\",\"itemListElement\":[{\"@type\":\"ListItem\",\"position\":1,\"name\":\"Home\",\"item\":\"https:\\\/\\\/newmobility.news\\\/\"},{\"@type\":\"ListItem\",\"position\":2,\"name\":\"Record summer for aviation despite high prices\"}]},{\"@type\":\"WebSite\",\"@id\":\"https:\\\/\\\/newmobility.news\\\/#website\",\"url\":\"https:\\\/\\\/newmobility.news\\\/\",\"name\":\"newmobility.news\",\"description\":\"A B2BNews Agency\u00ae news service for mobility business proessional\",\"publisher\":{\"@id\":\"https:\\\/\\\/newmobility.news\\\/#organization\"},\"potentialAction\":[{\"@type\":\"SearchAction\",\"target\":{\"@type\":\"EntryPoint\",\"urlTemplate\":\"https:\\\/\\\/newmobility.news\\\/?s={search_term_string}\"},\"query-input\":{\"@type\":\"PropertyValueSpecification\",\"valueRequired\":true,\"valueName\":\"search_term_string\"}}],\"inLanguage\":\"fr-BE\"},{\"@type\":\"Organization\",\"@id\":\"https:\\\/\\\/newmobility.news\\\/#organization\",\"name\":\"B2BNews Agency\",\"url\":\"https:\\\/\\\/newmobility.news\\\/\",\"logo\":{\"@type\":\"ImageObject\",\"inLanguage\":\"fr-BE\",\"@id\":\"https:\\\/\\\/newmobility.news\\\/#\\\/schema\\\/logo\\\/image\\\/\",\"url\":\"https:\\\/\\\/newmobility.news\\\/wp-content\\\/uploads\\\/2018\\\/01\\\/b2bnews-agency-logo.png\",\"contentUrl\":\"https:\\\/\\\/newmobility.news\\\/wp-content\\\/uploads\\\/2018\\\/01\\\/b2bnews-agency-logo.png\",\"width\":\"581\",\"height\":\"117\",\"caption\":\"B2BNews Agency\"},\"image\":{\"@id\":\"https:\\\/\\\/newmobility.news\\\/#\\\/schema\\\/logo\\\/image\\\/\"},\"sameAs\":[\"https:\\\/\\\/www.facebook.com\\\/search\\\/top\\\/?q=newmobility.news\",\"https:\\\/\\\/x.com\\\/jorisvry\",\"https:\\\/\\\/www.linkedin.com\\\/in\\\/jorisvanroy\\\/\",\"https:\\\/\\\/nl.pinterest.com\\\/jorisvanroy\\\/\"]},{\"@type\":\"Person\",\"@id\":\"https:\\\/\\\/newmobility.news\\\/#\\\/schema\\\/person\\\/9b4a04002179d83e5be74f13c664b722\",\"name\":\"Luc Joris\",\"image\":{\"@type\":\"ImageObject\",\"inLanguage\":\"fr-BE\",\"@id\":\"https:\\\/\\\/secure.gravatar.com\\\/avatar\\\/9e27cf9984ae903174b14c7dd33d523290f03fd71803b04bc6e486c7259b2920?s=96&d=mm&r=g\",\"url\":\"https:\\\/\\\/secure.gravatar.com\\\/avatar\\\/9e27cf9984ae903174b14c7dd33d523290f03fd71803b04bc6e486c7259b2920?s=96&d=mm&r=g\",\"contentUrl\":\"https:\\\/\\\/secure.gravatar.com\\\/avatar\\\/9e27cf9984ae903174b14c7dd33d523290f03fd71803b04bc6e486c7259b2920?s=96&d=mm&r=g\",\"caption\":\"Luc Joris\"},\"url\":\"https:\\\/\\\/newmobility.news\\\/fr\\\/author\\\/belga-5\\\/\"}]}<\/script>\n<!-- \/ Yoast SEO plugin. -->","yoast_head_json":{"title":"Un \u00e9t\u00e9 record pour le secteur a\u00e9rien malgr\u00e9 des prix \u00e9lev\u00e9s - newmobility.news","robots":{"index":"index","follow":"follow","max-snippet":"max-snippet:-1","max-image-preview":"max-image-preview:large","max-video-preview":"max-video-preview:-1"},"canonical":"https:\/\/newmobility.news\/fr\/2026\/09\/04\/record-summer-for-aviation-despite-high-prices\/","og_locale":"fr_FR","og_type":"article","og_title":"Record summer for aviation despite high prices - newmobility.news","og_description":"On July 23, Flightradar24 recorded 153,359 commercial flights worldwide within 24 hours \u2013 the busiest day ever recorded, well above the previous record set in 2023. That figure \u2013 16,134 more flights than the old record \u2013 also sets the tone for the entire month of July, as global demand for air travel rose by [&hellip;]","og_url":"https:\/\/newmobility.news\/fr\/2026\/09\/04\/record-summer-for-aviation-despite-high-prices\/","og_site_name":"newmobility.news","article_publisher":"https:\/\/www.facebook.com\/search\/top\/?q=newmobility.news","article_published_time":"2026-09-04T10:15:09+00:00","og_image":[{"width":1024,"height":720,"url":"https:\/\/newmobility.news\/wp-content\/uploads\/2026\/09\/Untitled77-1024x720.png","type":"image\/png"}],"author":"Luc Joris","twitter_card":"summary_large_image","twitter_creator":"@jorisvry","twitter_site":"@jorisvry","twitter_misc":{"\u00c9crit par":"Luc Joris","Dur\u00e9e de lecture est.":"3 minutes"},"schema":{"@context":"https:\/\/schema.org","@graph":[{"@type":"Article","@id":"https:\/\/newmobility.news\/2026\/09\/04\/record-summer-for-aviation-despite-high-prices\/#article","isPartOf":{"@id":"https:\/\/newmobility.news\/2026\/09\/04\/record-summer-for-aviation-despite-high-prices\/"},"author":{"name":"Luc Joris","@id":"https:\/\/newmobility.news\/#\/schema\/person\/9b4a04002179d83e5be74f13c664b722"},"headline":"Record summer for aviation despite high prices","datePublished":"2026-09-04T10:15:09+00:00","mainEntityOfPage":{"@id":"https:\/\/newmobility.news\/2026\/09\/04\/record-summer-for-aviation-despite-high-prices\/"},"wordCount":537,"publisher":{"@id":"https:\/\/newmobility.news\/#organization"},"image":{"@id":"https:\/\/newmobility.news\/2026\/09\/04\/record-summer-for-aviation-despite-high-prices\/#primaryimage"},"thumbnailUrl":"https:\/\/i0.wp.com\/newmobility.news\/wp-content\/uploads\/2026\/09\/Untitled77.png?fit=2028%2C1426&ssl=1","articleSection":["Aviation","Climate","Mobility","Top Stories Today"],"inLanguage":"fr-BE"},{"@type":"WebPage","@id":"https:\/\/newmobility.news\/2026\/09\/04\/record-summer-for-aviation-despite-high-prices\/","url":"https:\/\/newmobility.news\/2026\/09\/04\/record-summer-for-aviation-despite-high-prices\/","name":"Un \u00e9t\u00e9 record pour le secteur a\u00e9rien malgr\u00e9 des prix \u00e9lev\u00e9s - newmobility.news","isPartOf":{"@id":"https:\/\/newmobility.news\/#website"},"primaryImageOfPage":{"@id":"https:\/\/newmobility.news\/2026\/09\/04\/record-summer-for-aviation-despite-high-prices\/#primaryimage"},"image":{"@id":"https:\/\/newmobility.news\/2026\/09\/04\/record-summer-for-aviation-despite-high-prices\/#primaryimage"},"thumbnailUrl":"https:\/\/i0.wp.com\/newmobility.news\/wp-content\/uploads\/2026\/09\/Untitled77.png?fit=2028%2C1426&ssl=1","datePublished":"2026-09-04T10:15:09+00:00","breadcrumb":{"@id":"https:\/\/newmobility.news\/2026\/09\/04\/record-summer-for-aviation-despite-high-prices\/#breadcrumb"},"inLanguage":"fr-BE","potentialAction":[{"@type":"ReadAction","target":["https:\/\/newmobility.news\/2026\/09\/04\/record-summer-for-aviation-despite-high-prices\/"]}]},{"@type":"ImageObject","inLanguage":"fr-BE","@id":"https:\/\/newmobility.news\/2026\/09\/04\/record-summer-for-aviation-despite-high-prices\/#primaryimage","url":"https:\/\/i0.wp.com\/newmobility.news\/wp-content\/uploads\/2026\/09\/Untitled77.png?fit=2028%2C1426&ssl=1","contentUrl":"https:\/\/i0.wp.com\/newmobility.news\/wp-content\/uploads\/2026\/09\/Untitled77.png?fit=2028%2C1426&ssl=1","width":2028,"height":1426,"caption":"The number of flights worldwide broke the record for the month of July last month \/Frankfurt Airport"},{"@type":"BreadcrumbList","@id":"https:\/\/newmobility.news\/2026\/09\/04\/record-summer-for-aviation-despite-high-prices\/#breadcrumb","itemListElement":[{"@type":"ListItem","position":1,"name":"Home","item":"https:\/\/newmobility.news\/"},{"@type":"ListItem","position":2,"name":"Record summer for aviation despite high prices"}]},{"@type":"WebSite","@id":"https:\/\/newmobility.news\/#website","url":"https:\/\/newmobility.news\/","name":"nouveaumobilit\u00e9.actualit\u00e9s","description":"Un service d'information B2BNews Agency\u00ae destin\u00e9 aux professionnels de la mobilit\u00e9","publisher":{"@id":"https:\/\/newmobility.news\/#organization"},"potentialAction":[{"@type":"SearchAction","target":{"@type":"EntryPoint","urlTemplate":"https:\/\/newmobility.news\/?s={search_term_string}"},"query-input":{"@type":"PropertyValueSpecification","valueRequired":true,"valueName":"search_term_string"}}],"inLanguage":"fr-BE"},{"@type":"Organization","@id":"https:\/\/newmobility.news\/#organization","name":"Agence de presse B2BNews","url":"https:\/\/newmobility.news\/","logo":{"@type":"ImageObject","inLanguage":"fr-BE","@id":"https:\/\/newmobility.news\/#\/schema\/logo\/image\/","url":"https:\/\/newmobility.news\/wp-content\/uploads\/2018\/01\/b2bnews-agency-logo.png","contentUrl":"https:\/\/newmobility.news\/wp-content\/uploads\/2018\/01\/b2bnews-agency-logo.png","width":"581","height":"117","caption":"B2BNews Agency"},"image":{"@id":"https:\/\/newmobility.news\/#\/schema\/logo\/image\/"},"sameAs":["https:\/\/www.facebook.com\/search\/top\/?q=newmobility.news","https:\/\/x.com\/jorisvry","https:\/\/www.linkedin.com\/in\/jorisvanroy\/","https:\/\/nl.pinterest.com\/jorisvanroy\/"]},{"@type":"Person","@id":"https:\/\/newmobility.news\/#\/schema\/person\/9b4a04002179d83e5be74f13c664b722","name":"Luc Joris","image":{"@type":"ImageObject","inLanguage":"fr-BE","@id":"https:\/\/secure.gravatar.com\/avatar\/9e27cf9984ae903174b14c7dd33d523290f03fd71803b04bc6e486c7259b2920?s=96&d=mm&r=g","url":"https:\/\/secure.gravatar.com\/avatar\/9e27cf9984ae903174b14c7dd33d523290f03fd71803b04bc6e486c7259b2920?s=96&d=mm&r=g","contentUrl":"https:\/\/secure.gravatar.com\/avatar\/9e27cf9984ae903174b14c7dd33d523290f03fd71803b04bc6e486c7259b2920?s=96&d=mm&r=g","caption":"Luc Joris"},"url":"https:\/\/newmobility.news\/fr\/author\/belga-5\/"}]}},"jetpack_publicize_connections":[],"jetpack_shortlink":"https:\/\/wp.me\/p9wJdU-Obs","jetpack_sharing_enabled":true,"jetpack_likes_enabled":true,"jetpack-related-posts":[],"jetpack_featured_media_url":"https:\/\/i0.wp.com\/newmobility.news\/wp-content\/uploads\/2026\/09\/Untitled77.png?fit=2028%2C1426&ssl=1","_links":{"self":[{"href":"https:\/\/newmobility.news\/fr\/wp-json\/wp\/v2\/posts\/192910","targetHints":{"allow":["GET"]}}],"collection":[{"href":"https:\/\/newmobility.news\/fr\/wp-json\/wp\/v2\/posts"}],"about":[{"href":"https:\/\/newmobility.news\/fr\/wp-json\/wp\/v2\/types\/post"}],"author":[{"embeddable":true,"href":"https:\/\/newmobility.news\/fr\/wp-json\/wp\/v2\/users\/164"}],"replies":[{"embeddable":true,"href":"https:\/\/newmobility.news\/fr\/wp-json\/wp\/v2\/comments?post=192910"}],"version-history":[{"count":9,"href":"https:\/\/newmobility.news\/fr\/wp-json\/wp\/v2\/posts\/192910\/revisions"}],"predecessor-version":[{"id":193214,"href":"https:\/\/newmobility.news\/fr\/wp-json\/wp\/v2\/posts\/192910\/revisions\/193214"}],"wp:featuredmedia":[{"embeddable":true,"href":"https:\/\/newmobility.news\/fr\/wp-json\/wp\/v2\/media\/192944"}],"wp:attachment":[{"href":"https:\/\/newmobility.news\/fr\/wp-json\/wp\/v2\/media?parent=192910"}],"wp:term":[{"taxonomy":"category","embeddable":true,"href":"https:\/\/newmobility.news\/fr\/wp-json\/wp\/v2\/categories?post=192910"},{"taxonomy":"post_tag","embeddable":true,"href":"https:\/\/newmobility.news\/fr\/wp-json\/wp\/v2\/tags?post=192910"}],"curies":[{"name":"wp","href":"https:\/\/api.w.org\/{rel}","templated":true}]}}