{"id":192916,"date":"2026-09-01T12:10:28","date_gmt":"2026-09-01T10:10:28","guid":{"rendered":"https:\/\/newmobility.news\/?p=192916"},"modified":"2026-09-01T11:23:13","modified_gmt":"2026-09-01T09:23:13","slug":"renault-upgrades-scenic-e-tech","status":"publish","type":"post","link":"https:\/\/newmobility.news\/fr\/2026\/09\/01\/renault-upgrades-scenic-e-tech\/","title":{"rendered":"Renault modernise le Scenic E-Tech"},"content":{"rendered":"<p class=\"cp-subtitle\">Renault enrichit la gamme Scenic E-Tech \u00e9lectrique de nouvelles fonctionnalit\u00e9s et de nouveaux services destin\u00e9s \u00e0 am\u00e9liorer le confort, la connectivit\u00e9 et les performances \u00e9lectriques. \u00c9quip\u00e9e d\u2019un moteur de 162 kW (220 ch), la Scenic E-Tech \u00e9lectrique est d\u00e9sormais propos\u00e9e avec un choix de deux nouvelles batteries offrant une autonomie accrue et des temps de recharge r\u00e9duits aux bornes de recharge rapide en courant continu.<\/p>\n<p>La batterie longue autonomie NMC (nickel-mangan\u00e8se-cobalt) de 89 kWh offre une autonomie WLTP pouvant atteindre 642 km, tout en r\u00e9duisant de 25% les temps de recharge rapide en courant continu. Le Sc\u00e9nic se recharge d\u00e9sormais \u00e0 des d\u00e9bits allant de 15% \u00e0 80% en 28 minutes, avec une puissance de recharge maximale de 150 kW.<\/p>\n<p>Une batterie LFP (lithium-fer-phosphate) d'une capacit\u00e9 de 67 kWh, offrant une autonomie confort, sera disponible ult\u00e9rieurement. Offrant une autonomie WLTP pouvant atteindre 467 km, cette batterie r\u00e9duit \u00e9galement le temps de recharge rapide en courant continu de 25%, permettant de passer de 15% \u00e0 80% en 24 minutes.<\/p>\n<p>\u201c D\u00e9j\u00e0 disponible sur la Nouvelle M\u00e9gane E-Tech \u00e9lectrique, la technologie LFP vient compl\u00e9ter l'offre NMC en proposant une alternative robuste, abordable et polyvalente. Elle utilise l\u2019architecture \u201d cell-to-pack \u00bb (C2P) introduite sur la Nouvelle M\u00e9gane E-Tech \u00e9lectrique : une premi\u00e8re mondiale avec 232 cellules de type \u00ab pouch \u00bb \u00e9troitement agenc\u00e9es, permettant une densit\u00e9 de stockage de 53% et am\u00e9liorant \u00e0 la fois l\u2019autonomie et le rendement. La recharge rapide est \u00e9galement am\u00e9lior\u00e9e, la puissance de recharge maximale en courant continu ayant \u00e9t\u00e9 port\u00e9e \u00e0 165 kW \u00bb, explique le communiqu\u00e9 de presse.<\/p>\n<p>En Belgique, la version \u00e0 grande autonomie est d\u00e9sormais disponible \u00e0 la commande au prix de 47 200 \u20ac. La version \u00e9quip\u00e9e d'une batterie LFP sera disponible ult\u00e9rieurement, \u00e0 partir de 41 900 \u20ac.<\/p>\n<h4>Habitacle am\u00e9lior\u00e9, syst\u00e8mes d'aide \u00e0 la conduite optimis\u00e9s<\/h4>\n<p class=\"cp-subtitle\">Le design et le confort ont \u00e9t\u00e9 am\u00e9lior\u00e9s gr\u00e2ce aux nouveaux si\u00e8ges de la version Techno, \u00e0 deux nouvelles couleurs de carrosserie \u2013 bleu ardoise satin\u00e9 et gris exo galaxy \u2013 ainsi qu\u2019\u00e0 deux nouveaux jantes propos\u00e9s sur les versions Techno et Iconic. L\u2019exp\u00e9rience num\u00e9rique est optimis\u00e9e gr\u00e2ce \u00e0 Google Gemini, \u00e0 2 Go de donn\u00e9es pendant 3 ans et \u00e0 un chargeur sans fil Qi2.<\/p>\n<p><img data-recalc-dims=\"1\" loading=\"lazy\" decoding=\"async\" class=\"alignnone wp-image-192931 size-full\" src=\"https:\/\/i0.wp.com\/newmobility.news\/wp-content\/uploads\/2026\/09\/Scherm%C2%ADafbeelding-2026-09-01-om-09.17.37.png?resize=640%2C377&#038;ssl=1\" alt=\"\" width=\"640\" height=\"377\" srcset=\"https:\/\/i0.wp.com\/newmobility.news\/wp-content\/uploads\/2026\/09\/Scherm%C2%ADafbeelding-2026-09-01-om-09.17.37.png?w=2262&amp;ssl=1 2262w, https:\/\/i0.wp.com\/newmobility.news\/wp-content\/uploads\/2026\/09\/Scherm%C2%ADafbeelding-2026-09-01-om-09.17.37.png?w=1280&amp;ssl=1 1280w, https:\/\/i0.wp.com\/newmobility.news\/wp-content\/uploads\/2026\/09\/Scherm%C2%ADafbeelding-2026-09-01-om-09.17.37.png?w=1920&amp;ssl=1 1920w\" sizes=\"auto, (max-width: 640px) 100vw, 640px\" \/><\/p>\n<p>Le r\u00e9gulateur de vitesse adaptatif (de s\u00e9rie) et le syst\u00e8me d'aide \u00e0 la conduite active, disponibles sur certains mod\u00e8les, ont \u00e9t\u00e9 am\u00e9lior\u00e9s afin d'offrir une analyse plus d\u00e9taill\u00e9e de l'environnement et des conditions de circulation.<\/p>\n<p>La nouvelle fonction \u2018 Multi Target \u2019 suit plusieurs v\u00e9hicules simultan\u00e9ment afin de mieux rep\u00e9rer ceux qui s\u2019ins\u00e8rent dans la circulation, coupent la route ou ralentissent. Cela permet une conduite plus fluide, notamment en cas de forte circulation.<\/p>\n<p>Le syst\u00e8me \u00ab Active Driver Assist \u00bb a \u00e9t\u00e9 am\u00e9lior\u00e9 afin de rendre la conduite quotidienne plus pratique et plus s\u00fbre, gr\u00e2ce \u00e0 une vision plus r\u00e9aliste de l'environnement, un positionnement lat\u00e9ral plus r\u00e9actif, une aide au freinage d'urgence et une fonction d'\u00e9co-conduite pr\u00e9dictive qui optimise la consommation d'\u00e9nergie.<\/p>\n<p><img data-recalc-dims=\"1\" loading=\"lazy\" decoding=\"async\" class=\"alignnone wp-image-192932 size-full\" src=\"https:\/\/i0.wp.com\/newmobility.news\/wp-content\/uploads\/2026\/09\/Scherm%C2%ADafbeelding-2026-09-01-om-09.19.44.png?resize=640%2C359&#038;ssl=1\" alt=\"\" width=\"640\" height=\"359\" srcset=\"https:\/\/i0.wp.com\/newmobility.news\/wp-content\/uploads\/2026\/09\/Scherm%C2%ADafbeelding-2026-09-01-om-09.19.44.png?w=2274&amp;ssl=1 2274w, https:\/\/i0.wp.com\/newmobility.news\/wp-content\/uploads\/2026\/09\/Scherm%C2%ADafbeelding-2026-09-01-om-09.19.44.png?w=1280&amp;ssl=1 1280w, https:\/\/i0.wp.com\/newmobility.news\/wp-content\/uploads\/2026\/09\/Scherm%C2%ADafbeelding-2026-09-01-om-09.19.44.png?w=1920&amp;ssl=1 1920w\" sizes=\"auto, (max-width: 640px) 100vw, 640px\" \/><\/p>\n<h4>Accessoires con\u00e7us pour un usage familial<\/h4>\n<p>La Scenic est \u00e9galement \u00e9quip\u00e9e d\u2019une gamme d\u2019accessoires \u00e9l\u00e9gants con\u00e7us pour le confort \u00e0 bord : un petit bac de rangement compact, facile \u00e0 installer, \u00e0 retirer et \u00e0 nettoyer, qui permet de garder l\u2019habitacle bien rang\u00e9 en permanence ; un nouveau double plancher de coffre dot\u00e9 d\u2019un compartiment de rangement facile d\u2019acc\u00e8s, cr\u00e9ant une surface plane lorsque les si\u00e8ges arri\u00e8re sont rabattus ; un grand bac de rangement rabattable qui s'int\u00e8gre dans la deuxi\u00e8me rang\u00e9e, permettant de ranger les affaires des enfants ou les c\u00e2bles de recharge, selon les besoins du conducteur.<\/p>\n<p>De plus, une cafeti\u00e8re Handpresso permet de faire une pause-caf\u00e9 pendant que la voiture se recharge, et un \u2018 Aero Cargo Box \u2019 fix\u00e9 sur l'attelage ajoute 310 litres de capacit\u00e9 au coffre de 545 litres du v\u00e9hicule, sans incidence notable sur l'autonomie.<\/p>\n<p>Enfin, vous pouvez commander un rangement pour la console centrale ferm\u00e9, dot\u00e9 d'un compartiment de rangement et de porte-gobelets et porte-bouteilles int\u00e9gr\u00e9s, ainsi qu'un si\u00e8ge auto et une laisse de s\u00e9curit\u00e9 pour animaux de compagnie.<\/p>\n<p><img data-recalc-dims=\"1\" loading=\"lazy\" decoding=\"async\" class=\"alignnone wp-image-192933 size-full\" src=\"https:\/\/i0.wp.com\/newmobility.news\/wp-content\/uploads\/2026\/09\/Scherm%C2%ADafbeelding-2026-09-01-om-09.42.48.png?resize=640%2C376&#038;ssl=1\" alt=\"\" width=\"640\" height=\"376\" srcset=\"https:\/\/i0.wp.com\/newmobility.news\/wp-content\/uploads\/2026\/09\/Scherm%C2%ADafbeelding-2026-09-01-om-09.42.48.png?w=2288&amp;ssl=1 2288w, https:\/\/i0.wp.com\/newmobility.news\/wp-content\/uploads\/2026\/09\/Scherm%C2%ADafbeelding-2026-09-01-om-09.42.48.png?w=1280&amp;ssl=1 1280w, https:\/\/i0.wp.com\/newmobility.news\/wp-content\/uploads\/2026\/09\/Scherm%C2%ADafbeelding-2026-09-01-om-09.42.48.png?w=1920&amp;ssl=1 1920w\" sizes=\"auto, (max-width: 640px) 100vw, 640px\" \/><\/p>","protected":false},"excerpt":{"rendered":"<p>Renault is upgrading the Scenic E-Tech electric with new features and services to enhance comfort, connectivity, and electric performance.\u00a0With the 162 kW\/220 hp motor, the Scenic E-Tech electric is now available with a choice of two new batteries offering greater range and shorter charging times at DC fast-charging points. The 89 kWh NMC (nickel-manganese-cobalt) long-range [&hellip;]<\/p>\n","protected":false},"author":13,"featured_media":192929,"comment_status":"closed","ping_status":"closed","sticky":false,"template":"","format":"standard","meta":{"_acf_changed":false,"_jetpack_newsletter_access":"","_jetpack_dont_email_post_to_subs":false,"_jetpack_newsletter_tier_id":0,"_jetpack_memberships_contains_paywalled_content":false,"_jetpack_feature_clip_id":0,"_jetpack_memberships_contains_paid_content":false,"footnotes":"","jetpack_publicize_message":"{title}\r\n\r\n{excerpt}\r\n\r\n{url}","jetpack_publicize_feature_enabled":true,"jetpack_social_post_already_shared":true,"jetpack_social_options":{"image_generator_settings":{"template":"highway","default_image_id":0,"font":"","enabled":false},"version":2},"_wpas_customize_per_network":false,"jetpack_post_was_ever_published":false},"categories":[77170,28,16,8,4],"tags":[],"class_list":["post-192916","post","type-post","status-publish","format-standard","has-post-thumbnail","hentry","category-belgium","category-europe","category-industry","category-product","category-top-stories-today"],"acf":[],"featured_image_urls_v2":{"full":["https:\/\/i0.wp.com\/newmobility.news\/wp-content\/uploads\/2026\/09\/Scherm%C2%ADafbeelding-2026-09-01-om-09.16.47.png?fit=1746%2C964&ssl=1",1746,964,false],"thumbnail":["https:\/\/i0.wp.com\/newmobility.news\/wp-content\/uploads\/2026\/09\/Scherm%C2%ADafbeelding-2026-09-01-om-09.16.47.png?resize=150%2C150&ssl=1",150,150,true],"medium":["https:\/\/i0.wp.com\/newmobility.news\/wp-content\/uploads\/2026\/09\/Scherm%C2%ADafbeelding-2026-09-01-om-09.16.47.png?fit=300%2C166&ssl=1",300,166,true],"medium_large":["https:\/\/i0.wp.com\/newmobility.news\/wp-content\/uploads\/2026\/09\/Scherm%C2%ADafbeelding-2026-09-01-om-09.16.47.png?fit=640%2C353&ssl=1",640,353,true],"large":["https:\/\/i0.wp.com\/newmobility.news\/wp-content\/uploads\/2026\/09\/Scherm%C2%ADafbeelding-2026-09-01-om-09.16.47.png?fit=640%2C353&ssl=1",640,353,true],"1536x1536":["https:\/\/i0.wp.com\/newmobility.news\/wp-content\/uploads\/2026\/09\/Scherm%C2%ADafbeelding-2026-09-01-om-09.16.47.png?fit=1536%2C848&ssl=1",1536,848,true],"2048x2048":["https:\/\/i0.wp.com\/newmobility.news\/wp-content\/uploads\/2026\/09\/Scherm%C2%ADafbeelding-2026-09-01-om-09.16.47.png?fit=1746%2C964&ssl=1",1746,964,true],"trp-custom-language-flag":["https:\/\/i0.wp.com\/newmobility.news\/wp-content\/uploads\/2026\/09\/Scherm%C2%ADafbeelding-2026-09-01-om-09.16.47.png?fit=18%2C10&ssl=1",18,10,true],"related-thumb":["https:\/\/i0.wp.com\/newmobility.news\/wp-content\/uploads\/2026\/09\/Scherm%C2%ADafbeelding-2026-09-01-om-09.16.47.png?resize=640%2C480&ssl=1",640,480,true],"gform-image-choice-sm":["https:\/\/i0.wp.com\/newmobility.news\/wp-content\/uploads\/2026\/09\/Scherm%C2%ADafbeelding-2026-09-01-om-09.16.47.png?resize=300%2C300&ssl=1",300,300,true],"gform-image-choice-md":["https:\/\/i0.wp.com\/newmobility.news\/wp-content\/uploads\/2026\/09\/Scherm%C2%ADafbeelding-2026-09-01-om-09.16.47.png?resize=400%2C400&ssl=1",400,400,true],"gform-image-choice-lg":["https:\/\/i0.wp.com\/newmobility.news\/wp-content\/uploads\/2026\/09\/Scherm%C2%ADafbeelding-2026-09-01-om-09.16.47.png?resize=600%2C600&ssl=1",600,600,true],"mailchimp":["https:\/\/i0.wp.com\/newmobility.news\/wp-content\/uploads\/2026\/09\/Scherm%C2%ADafbeelding-2026-09-01-om-09.16.47.png?fit=560%2C309&ssl=1",560,309,true],"unipress-phone":["https:\/\/i0.wp.com\/newmobility.news\/wp-content\/uploads\/2026\/09\/Scherm%C2%ADafbeelding-2026-09-01-om-09.16.47.png?resize=640%2C100&ssl=1",640,100,true],"unipress-tablet":["https:\/\/i0.wp.com\/newmobility.news\/wp-content\/uploads\/2026\/09\/Scherm%C2%ADafbeelding-2026-09-01-om-09.16.47.png?resize=1536%2C240&ssl=1",1536,240,true],"unipress-tablet-portrait":["https:\/\/i0.wp.com\/newmobility.news\/wp-content\/uploads\/2026\/09\/Scherm%C2%ADafbeelding-2026-09-01-om-09.16.47.png?resize=1536%2C180&ssl=1",1536,180,true],"unipress-tablet-landscape":["https:\/\/i0.wp.com\/newmobility.news\/wp-content\/uploads\/2026\/09\/Scherm%C2%ADafbeelding-2026-09-01-om-09.16.47.png?resize=1746%2C180&ssl=1",1746,180,true],"unipress-smartphone":["https:\/\/i0.wp.com\/newmobility.news\/wp-content\/uploads\/2026\/09\/Scherm%C2%ADafbeelding-2026-09-01-om-09.16.47.png?resize=1080%2C168&ssl=1",1080,168,true],"unipress-wide-screen":["https:\/\/i0.wp.com\/newmobility.news\/wp-content\/uploads\/2026\/09\/Scherm%C2%ADafbeelding-2026-09-01-om-09.16.47.png?resize=1746%2C180&ssl=1",1746,180,true]},"post_excerpt_stackable_v2":"<p>Renault is upgrading the Scenic E-Tech electric with new features and services to enhance comfort, connectivity, and electric performance.\u00a0With the 162 kW\/220 hp motor, the Scenic E-Tech electric is now available with a choice of two new batteries offering greater range and shorter charging times at DC fast-charging points. The 89 kWh NMC (nickel-manganese-cobalt) long-range battery delivers a WLTP range of up to 642 km while cutting DC fast-charging times by 25%. Scenic now charges at rates from 15% to 80% in 28 minutes, with a peak charging power of 150 kW. A 67-kWh LFP (lithium-iron-phosphate) comfort-range battery will be&hellip;<\/p>\n","category_list_v2":"<a href=\"https:\/\/newmobility.news\/fr\/category\/belgium\/\" rel=\"category tag\">Belgium<\/a>, <a href=\"https:\/\/newmobility.news\/fr\/category\/europe\/\" rel=\"category tag\">Europe<\/a>, <a href=\"https:\/\/newmobility.news\/fr\/category\/industry\/\" rel=\"category tag\">Industry<\/a>, <a href=\"https:\/\/newmobility.news\/fr\/category\/product\/\" rel=\"category tag\">Product<\/a>, <a href=\"https:\/\/newmobility.news\/fr\/category\/top-stories-today\/\" rel=\"category tag\">Top Stories Today<\/a>","author_info_v2":{"name":"Tony Verhelle","url":"https:\/\/newmobility.news\/fr\/author\/toverbel\/"},"comments_num_v2":"0 comments","yoast_head":"<!-- This site is optimized with the Yoast SEO plugin v28.3 - https:\/\/yoast.com\/product\/yoast-seo-wordpress\/ -->\n<title>Renault upgrades Scenic E-Tech - newmobility.news<\/title>\n<meta name=\"robots\" content=\"index, follow, max-snippet:-1, max-image-preview:large, max-video-preview:-1\" \/>\n<link rel=\"canonical\" href=\"https:\/\/newmobility.news\/fr\/2026\/09\/01\/renault-upgrades-scenic-e-tech\/\" \/>\n<meta property=\"og:locale\" content=\"fr_FR\" \/>\n<meta property=\"og:type\" content=\"article\" \/>\n<meta property=\"og:title\" content=\"Renault upgrades Scenic E-Tech - newmobility.news\" \/>\n<meta property=\"og:description\" content=\"Renault is upgrading the Scenic E-Tech electric with new features and services to enhance comfort, connectivity, and electric performance.\u00a0With the 162 kW\/220 hp motor, the Scenic E-Tech electric is now available with a choice of two new batteries offering greater range and shorter charging times at DC fast-charging points. The 89 kWh NMC (nickel-manganese-cobalt) long-range [&hellip;]\" \/>\n<meta property=\"og:url\" content=\"https:\/\/newmobility.news\/fr\/2026\/09\/01\/renault-upgrades-scenic-e-tech\/\" \/>\n<meta property=\"og:site_name\" content=\"newmobility.news\" \/>\n<meta property=\"article:publisher\" content=\"https:\/\/www.facebook.com\/search\/top\/?q=newmobility.news\" \/>\n<meta property=\"article:published_time\" content=\"2026-09-01T10:10:28+00:00\" \/>\n<meta property=\"og:image\" content=\"https:\/\/i0.wp.com\/newmobility.news\/wp-content\/uploads\/2026\/09\/Scherm%C2%ADafbeelding-2026-09-01-om-09.16.47.png?fit=1746%2C964&ssl=1\" \/>\n\t<meta property=\"og:image:width\" content=\"1746\" \/>\n\t<meta property=\"og:image:height\" content=\"964\" \/>\n\t<meta property=\"og:image:type\" content=\"image\/png\" \/>\n<meta name=\"author\" content=\"Tony Verhelle\" \/>\n<meta name=\"twitter:card\" content=\"summary_large_image\" \/>\n<meta name=\"twitter:creator\" content=\"@jorisvry\" \/>\n<meta name=\"twitter:site\" content=\"@jorisvry\" \/>\n<meta name=\"twitter:label1\" content=\"\u00c9crit par\" \/>\n\t<meta name=\"twitter:data1\" content=\"Tony Verhelle\" \/>\n\t<meta name=\"twitter:label2\" content=\"Dur\u00e9e de lecture est.\" \/>\n\t<meta name=\"twitter:data2\" content=\"4 minutes\" \/>\n<script type=\"application\/ld+json\" class=\"yoast-schema-graph\">{\"@context\":\"https:\\\/\\\/schema.org\",\"@graph\":[{\"@type\":\"Article\",\"@id\":\"https:\\\/\\\/newmobility.news\\\/2026\\\/09\\\/01\\\/renault-upgrades-scenic-e-tech\\\/#article\",\"isPartOf\":{\"@id\":\"https:\\\/\\\/newmobility.news\\\/2026\\\/09\\\/01\\\/renault-upgrades-scenic-e-tech\\\/\"},\"author\":{\"name\":\"Tony Verhelle\",\"@id\":\"https:\\\/\\\/newmobility.news\\\/#\\\/schema\\\/person\\\/9ed42cfc4d62d98488c1d6e225040557\"},\"headline\":\"Renault upgrades Scenic E-Tech\",\"datePublished\":\"2026-09-01T10:10:28+00:00\",\"mainEntityOfPage\":{\"@id\":\"https:\\\/\\\/newmobility.news\\\/2026\\\/09\\\/01\\\/renault-upgrades-scenic-e-tech\\\/\"},\"wordCount\":525,\"publisher\":{\"@id\":\"https:\\\/\\\/newmobility.news\\\/#organization\"},\"image\":{\"@id\":\"https:\\\/\\\/newmobility.news\\\/2026\\\/09\\\/01\\\/renault-upgrades-scenic-e-tech\\\/#primaryimage\"},\"thumbnailUrl\":\"https:\\\/\\\/i0.wp.com\\\/newmobility.news\\\/wp-content\\\/uploads\\\/2026\\\/09\\\/Scherm%C2%ADafbeelding-2026-09-01-om-09.16.47.png?fit=1746%2C964&ssl=1\",\"articleSection\":[\"Belgium\",\"Europe\",\"Industry\",\"Product\",\"Top Stories Today\"],\"inLanguage\":\"fr-BE\"},{\"@type\":\"WebPage\",\"@id\":\"https:\\\/\\\/newmobility.news\\\/2026\\\/09\\\/01\\\/renault-upgrades-scenic-e-tech\\\/\",\"url\":\"https:\\\/\\\/newmobility.news\\\/2026\\\/09\\\/01\\\/renault-upgrades-scenic-e-tech\\\/\",\"name\":\"Renault upgrades Scenic E-Tech - newmobility.news\",\"isPartOf\":{\"@id\":\"https:\\\/\\\/newmobility.news\\\/#website\"},\"primaryImageOfPage\":{\"@id\":\"https:\\\/\\\/newmobility.news\\\/2026\\\/09\\\/01\\\/renault-upgrades-scenic-e-tech\\\/#primaryimage\"},\"image\":{\"@id\":\"https:\\\/\\\/newmobility.news\\\/2026\\\/09\\\/01\\\/renault-upgrades-scenic-e-tech\\\/#primaryimage\"},\"thumbnailUrl\":\"https:\\\/\\\/i0.wp.com\\\/newmobility.news\\\/wp-content\\\/uploads\\\/2026\\\/09\\\/Scherm%C2%ADafbeelding-2026-09-01-om-09.16.47.png?fit=1746%2C964&ssl=1\",\"datePublished\":\"2026-09-01T10:10:28+00:00\",\"breadcrumb\":{\"@id\":\"https:\\\/\\\/newmobility.news\\\/2026\\\/09\\\/01\\\/renault-upgrades-scenic-e-tech\\\/#breadcrumb\"},\"inLanguage\":\"fr-BE\",\"potentialAction\":[{\"@type\":\"ReadAction\",\"target\":[\"https:\\\/\\\/newmobility.news\\\/2026\\\/09\\\/01\\\/renault-upgrades-scenic-e-tech\\\/\"]}]},{\"@type\":\"ImageObject\",\"inLanguage\":\"fr-BE\",\"@id\":\"https:\\\/\\\/newmobility.news\\\/2026\\\/09\\\/01\\\/renault-upgrades-scenic-e-tech\\\/#primaryimage\",\"url\":\"https:\\\/\\\/i0.wp.com\\\/newmobility.news\\\/wp-content\\\/uploads\\\/2026\\\/09\\\/Scherm%C2%ADafbeelding-2026-09-01-om-09.16.47.png?fit=1746%2C964&ssl=1\",\"contentUrl\":\"https:\\\/\\\/i0.wp.com\\\/newmobility.news\\\/wp-content\\\/uploads\\\/2026\\\/09\\\/Scherm%C2%ADafbeelding-2026-09-01-om-09.16.47.png?fit=1746%2C964&ssl=1\",\"width\":1746,\"height\":964,\"caption\":\"Renault is upgrading the Scenic E-Tech electric with new features and services to enhance comfort, connectivity, and electric performance \\\/Renault\"},{\"@type\":\"BreadcrumbList\",\"@id\":\"https:\\\/\\\/newmobility.news\\\/2026\\\/09\\\/01\\\/renault-upgrades-scenic-e-tech\\\/#breadcrumb\",\"itemListElement\":[{\"@type\":\"ListItem\",\"position\":1,\"name\":\"Home\",\"item\":\"https:\\\/\\\/newmobility.news\\\/\"},{\"@type\":\"ListItem\",\"position\":2,\"name\":\"Renault upgrades Scenic E-Tech\"}]},{\"@type\":\"WebSite\",\"@id\":\"https:\\\/\\\/newmobility.news\\\/#website\",\"url\":\"https:\\\/\\\/newmobility.news\\\/\",\"name\":\"newmobility.news\",\"description\":\"A B2BNews Agency\u00ae news service for mobility business proessional\",\"publisher\":{\"@id\":\"https:\\\/\\\/newmobility.news\\\/#organization\"},\"potentialAction\":[{\"@type\":\"SearchAction\",\"target\":{\"@type\":\"EntryPoint\",\"urlTemplate\":\"https:\\\/\\\/newmobility.news\\\/?s={search_term_string}\"},\"query-input\":{\"@type\":\"PropertyValueSpecification\",\"valueRequired\":true,\"valueName\":\"search_term_string\"}}],\"inLanguage\":\"fr-BE\"},{\"@type\":\"Organization\",\"@id\":\"https:\\\/\\\/newmobility.news\\\/#organization\",\"name\":\"B2BNews Agency\",\"url\":\"https:\\\/\\\/newmobility.news\\\/\",\"logo\":{\"@type\":\"ImageObject\",\"inLanguage\":\"fr-BE\",\"@id\":\"https:\\\/\\\/newmobility.news\\\/#\\\/schema\\\/logo\\\/image\\\/\",\"url\":\"https:\\\/\\\/newmobility.news\\\/wp-content\\\/uploads\\\/2018\\\/01\\\/b2bnews-agency-logo.png\",\"contentUrl\":\"https:\\\/\\\/newmobility.news\\\/wp-content\\\/uploads\\\/2018\\\/01\\\/b2bnews-agency-logo.png\",\"width\":\"581\",\"height\":\"117\",\"caption\":\"B2BNews Agency\"},\"image\":{\"@id\":\"https:\\\/\\\/newmobility.news\\\/#\\\/schema\\\/logo\\\/image\\\/\"},\"sameAs\":[\"https:\\\/\\\/www.facebook.com\\\/search\\\/top\\\/?q=newmobility.news\",\"https:\\\/\\\/x.com\\\/jorisvry\",\"https:\\\/\\\/www.linkedin.com\\\/in\\\/jorisvanroy\\\/\",\"https:\\\/\\\/nl.pinterest.com\\\/jorisvanroy\\\/\"]},{\"@type\":\"Person\",\"@id\":\"https:\\\/\\\/newmobility.news\\\/#\\\/schema\\\/person\\\/9ed42cfc4d62d98488c1d6e225040557\",\"name\":\"Tony Verhelle\",\"image\":{\"@type\":\"ImageObject\",\"inLanguage\":\"fr-BE\",\"@id\":\"https:\\\/\\\/secure.gravatar.com\\\/avatar\\\/3aa7bc7e3c29543b27eddb4850cf5b080b7eed539a9cc5c8807f7fae34c56438?s=96&d=mm&r=g\",\"url\":\"https:\\\/\\\/secure.gravatar.com\\\/avatar\\\/3aa7bc7e3c29543b27eddb4850cf5b080b7eed539a9cc5c8807f7fae34c56438?s=96&d=mm&r=g\",\"contentUrl\":\"https:\\\/\\\/secure.gravatar.com\\\/avatar\\\/3aa7bc7e3c29543b27eddb4850cf5b080b7eed539a9cc5c8807f7fae34c56438?s=96&d=mm&r=g\",\"caption\":\"Tony Verhelle\"},\"url\":\"https:\\\/\\\/newmobility.news\\\/fr\\\/author\\\/toverbel\\\/\"}]}<\/script>\n<!-- \/ Yoast SEO plugin. -->","yoast_head_json":{"title":"Renault modernise le Scenic E-Tech - newmobility.news","robots":{"index":"index","follow":"follow","max-snippet":"max-snippet:-1","max-image-preview":"max-image-preview:large","max-video-preview":"max-video-preview:-1"},"canonical":"https:\/\/newmobility.news\/fr\/2026\/09\/01\/renault-upgrades-scenic-e-tech\/","og_locale":"fr_FR","og_type":"article","og_title":"Renault upgrades Scenic E-Tech - newmobility.news","og_description":"Renault is upgrading the Scenic E-Tech electric with new features and services to enhance comfort, connectivity, and electric performance.\u00a0With the 162 kW\/220 hp motor, the Scenic E-Tech electric is now available with a choice of two new batteries offering greater range and shorter charging times at DC fast-charging points. The 89 kWh NMC (nickel-manganese-cobalt) long-range [&hellip;]","og_url":"https:\/\/newmobility.news\/fr\/2026\/09\/01\/renault-upgrades-scenic-e-tech\/","og_site_name":"newmobility.news","article_publisher":"https:\/\/www.facebook.com\/search\/top\/?q=newmobility.news","article_published_time":"2026-09-01T10:10:28+00:00","og_image":[{"width":1746,"height":964,"url":"https:\/\/i0.wp.com\/newmobility.news\/wp-content\/uploads\/2026\/09\/Scherm%C2%ADafbeelding-2026-09-01-om-09.16.47.png?fit=1746%2C964&ssl=1","type":"image\/png"}],"author":"Tony Verhelle","twitter_card":"summary_large_image","twitter_creator":"@jorisvry","twitter_site":"@jorisvry","twitter_misc":{"\u00c9crit par":"Tony Verhelle","Dur\u00e9e de lecture est.":"4 minutes"},"schema":{"@context":"https:\/\/schema.org","@graph":[{"@type":"Article","@id":"https:\/\/newmobility.news\/2026\/09\/01\/renault-upgrades-scenic-e-tech\/#article","isPartOf":{"@id":"https:\/\/newmobility.news\/2026\/09\/01\/renault-upgrades-scenic-e-tech\/"},"author":{"name":"Tony Verhelle","@id":"https:\/\/newmobility.news\/#\/schema\/person\/9ed42cfc4d62d98488c1d6e225040557"},"headline":"Renault upgrades Scenic E-Tech","datePublished":"2026-09-01T10:10:28+00:00","mainEntityOfPage":{"@id":"https:\/\/newmobility.news\/2026\/09\/01\/renault-upgrades-scenic-e-tech\/"},"wordCount":525,"publisher":{"@id":"https:\/\/newmobility.news\/#organization"},"image":{"@id":"https:\/\/newmobility.news\/2026\/09\/01\/renault-upgrades-scenic-e-tech\/#primaryimage"},"thumbnailUrl":"https:\/\/i0.wp.com\/newmobility.news\/wp-content\/uploads\/2026\/09\/Scherm%C2%ADafbeelding-2026-09-01-om-09.16.47.png?fit=1746%2C964&ssl=1","articleSection":["Belgium","Europe","Industry","Product","Top Stories Today"],"inLanguage":"fr-BE"},{"@type":"WebPage","@id":"https:\/\/newmobility.news\/2026\/09\/01\/renault-upgrades-scenic-e-tech\/","url":"https:\/\/newmobility.news\/2026\/09\/01\/renault-upgrades-scenic-e-tech\/","name":"Renault modernise le Scenic E-Tech - newmobility.news","isPartOf":{"@id":"https:\/\/newmobility.news\/#website"},"primaryImageOfPage":{"@id":"https:\/\/newmobility.news\/2026\/09\/01\/renault-upgrades-scenic-e-tech\/#primaryimage"},"image":{"@id":"https:\/\/newmobility.news\/2026\/09\/01\/renault-upgrades-scenic-e-tech\/#primaryimage"},"thumbnailUrl":"https:\/\/i0.wp.com\/newmobility.news\/wp-content\/uploads\/2026\/09\/Scherm%C2%ADafbeelding-2026-09-01-om-09.16.47.png?fit=1746%2C964&ssl=1","datePublished":"2026-09-01T10:10:28+00:00","breadcrumb":{"@id":"https:\/\/newmobility.news\/2026\/09\/01\/renault-upgrades-scenic-e-tech\/#breadcrumb"},"inLanguage":"fr-BE","potentialAction":[{"@type":"ReadAction","target":["https:\/\/newmobility.news\/2026\/09\/01\/renault-upgrades-scenic-e-tech\/"]}]},{"@type":"ImageObject","inLanguage":"fr-BE","@id":"https:\/\/newmobility.news\/2026\/09\/01\/renault-upgrades-scenic-e-tech\/#primaryimage","url":"https:\/\/i0.wp.com\/newmobility.news\/wp-content\/uploads\/2026\/09\/Scherm%C2%ADafbeelding-2026-09-01-om-09.16.47.png?fit=1746%2C964&ssl=1","contentUrl":"https:\/\/i0.wp.com\/newmobility.news\/wp-content\/uploads\/2026\/09\/Scherm%C2%ADafbeelding-2026-09-01-om-09.16.47.png?fit=1746%2C964&ssl=1","width":1746,"height":964,"caption":"Renault is upgrading the Scenic E-Tech electric with new features and services to enhance comfort, connectivity, and electric performance \/Renault"},{"@type":"BreadcrumbList","@id":"https:\/\/newmobility.news\/2026\/09\/01\/renault-upgrades-scenic-e-tech\/#breadcrumb","itemListElement":[{"@type":"ListItem","position":1,"name":"Home","item":"https:\/\/newmobility.news\/"},{"@type":"ListItem","position":2,"name":"Renault upgrades Scenic E-Tech"}]},{"@type":"WebSite","@id":"https:\/\/newmobility.news\/#website","url":"https:\/\/newmobility.news\/","name":"nouveaumobilit\u00e9.actualit\u00e9s","description":"Un service d'information B2BNews Agency\u00ae destin\u00e9 aux professionnels de la mobilit\u00e9","publisher":{"@id":"https:\/\/newmobility.news\/#organization"},"potentialAction":[{"@type":"SearchAction","target":{"@type":"EntryPoint","urlTemplate":"https:\/\/newmobility.news\/?s={search_term_string}"},"query-input":{"@type":"PropertyValueSpecification","valueRequired":true,"valueName":"search_term_string"}}],"inLanguage":"fr-BE"},{"@type":"Organization","@id":"https:\/\/newmobility.news\/#organization","name":"Agence de presse B2BNews","url":"https:\/\/newmobility.news\/","logo":{"@type":"ImageObject","inLanguage":"fr-BE","@id":"https:\/\/newmobility.news\/#\/schema\/logo\/image\/","url":"https:\/\/newmobility.news\/wp-content\/uploads\/2018\/01\/b2bnews-agency-logo.png","contentUrl":"https:\/\/newmobility.news\/wp-content\/uploads\/2018\/01\/b2bnews-agency-logo.png","width":"581","height":"117","caption":"B2BNews Agency"},"image":{"@id":"https:\/\/newmobility.news\/#\/schema\/logo\/image\/"},"sameAs":["https:\/\/www.facebook.com\/search\/top\/?q=newmobility.news","https:\/\/x.com\/jorisvry","https:\/\/www.linkedin.com\/in\/jorisvanroy\/","https:\/\/nl.pinterest.com\/jorisvanroy\/"]},{"@type":"Person","@id":"https:\/\/newmobility.news\/#\/schema\/person\/9ed42cfc4d62d98488c1d6e225040557","name":"Tony Verhelle","image":{"@type":"ImageObject","inLanguage":"fr-BE","@id":"https:\/\/secure.gravatar.com\/avatar\/3aa7bc7e3c29543b27eddb4850cf5b080b7eed539a9cc5c8807f7fae34c56438?s=96&d=mm&r=g","url":"https:\/\/secure.gravatar.com\/avatar\/3aa7bc7e3c29543b27eddb4850cf5b080b7eed539a9cc5c8807f7fae34c56438?s=96&d=mm&r=g","contentUrl":"https:\/\/secure.gravatar.com\/avatar\/3aa7bc7e3c29543b27eddb4850cf5b080b7eed539a9cc5c8807f7fae34c56438?s=96&d=mm&r=g","caption":"Tony Verhelle"},"url":"https:\/\/newmobility.news\/fr\/author\/toverbel\/"}]}},"jetpack_publicize_connections":[],"jetpack_shortlink":"https:\/\/wp.me\/p9wJdU-Oby","jetpack_sharing_enabled":true,"jetpack_likes_enabled":true,"jetpack-related-posts":[],"jetpack_featured_media_url":"https:\/\/i0.wp.com\/newmobility.news\/wp-content\/uploads\/2026\/09\/Scherm%C2%ADafbeelding-2026-09-01-om-09.16.47.png?fit=1746%2C964&ssl=1","_links":{"self":[{"href":"https:\/\/newmobility.news\/fr\/wp-json\/wp\/v2\/posts\/192916","targetHints":{"allow":["GET"]}}],"collection":[{"href":"https:\/\/newmobility.news\/fr\/wp-json\/wp\/v2\/posts"}],"about":[{"href":"https:\/\/newmobility.news\/fr\/wp-json\/wp\/v2\/types\/post"}],"author":[{"embeddable":true,"href":"https:\/\/newmobility.news\/fr\/wp-json\/wp\/v2\/users\/13"}],"replies":[{"embeddable":true,"href":"https:\/\/newmobility.news\/fr\/wp-json\/wp\/v2\/comments?post=192916"}],"version-history":[{"count":3,"href":"https:\/\/newmobility.news\/fr\/wp-json\/wp\/v2\/posts\/192916\/revisions"}],"predecessor-version":[{"id":192980,"href":"https:\/\/newmobility.news\/fr\/wp-json\/wp\/v2\/posts\/192916\/revisions\/192980"}],"wp:featuredmedia":[{"embeddable":true,"href":"https:\/\/newmobility.news\/fr\/wp-json\/wp\/v2\/media\/192929"}],"wp:attachment":[{"href":"https:\/\/newmobility.news\/fr\/wp-json\/wp\/v2\/media?parent=192916"}],"wp:term":[{"taxonomy":"category","embeddable":true,"href":"https:\/\/newmobility.news\/fr\/wp-json\/wp\/v2\/categories?post=192916"},{"taxonomy":"post_tag","embeddable":true,"href":"https:\/\/newmobility.news\/fr\/wp-json\/wp\/v2\/tags?post=192916"}],"curies":[{"name":"wp","href":"https:\/\/api.w.org\/{rel}","templated":true}]}}