{"id":192921,"date":"2026-09-02T12:30:30","date_gmt":"2026-09-02T10:30:30","guid":{"rendered":"https:\/\/newmobility.news\/?p=192921"},"modified":"2026-09-01T13:34:20","modified_gmt":"2026-09-01T11:34:20","slug":"belgian-speed-pedelec-gets-two-motors-and-200-km-range","status":"publish","type":"post","link":"https:\/\/newmobility.news\/fr\/2026\/09\/02\/belgian-speed-pedelec-gets-two-motors-and-200-km-range\/","title":{"rendered":"Un v\u00e9lo \u00e9lectrique rapide belge \u00e9quip\u00e9 de deux moteurs et d'une autonomie de 200 km"},"content":{"rendered":"<p>La start-up belge Specter, sp\u00e9cialis\u00e9e dans les v\u00e9los \u00e9lectriques \u00e0 assistance rapide, a lanc\u00e9 la production de son mod\u00e8le de deuxi\u00e8me g\u00e9n\u00e9ration, le Specter 2, qui promet jusqu'\u00e0 200 kilom\u00e8tres d'autonomie et une transmission \u00e0 deux roues motrices.\u00a0Mais la v\u00e9ritable prouesse est peut-\u00eatre moins spectaculaire que ces chiffres \u00e0 la une : Specter a trouv\u00e9 le moyen de rendre une grande partie de la technologie de sa premi\u00e8re g\u00e9n\u00e9ration, vendue \u00e0 plus de 10 000 \u20ac, nettement plus abordable, tout en rapatriant la production des cadres en Belgique.<\/p>\n<p>Le concept du double moteur n'est pas nouveau en soi. Newmobility.news avait d\u00e9j\u00e0 \u00e9voqu\u00e9 en 2019 l\u2019Ellio (\u00e9galement belge) et, en 2023, la Specter 1 Long Range, qui combinait elle aussi un moteur central avec un moteur sur la roue avant et une batterie de 1 200 Wh offrant une autonomie pouvant atteindre 170 km. Ce mod\u00e8le co\u00fbtait 10 690 \u20ac. La nouvelle Specter 2 Long Range est propos\u00e9e \u00e0 partir de 7 490 \u20ac, soit environ 3 200 \u20ac de moins, tandis que la capacit\u00e9 de la batterie passe \u00e0 1 440 Wh et que l'autonomie maximale annonc\u00e9e atteint 200 km.<\/p>\n<p>Ce chiffre doit \u00eatre replac\u00e9 dans son contexte. Specter annonce une autonomie de 200 km en mode \u00ab Range \u00bb (\u00e9conomique), avec une vitesse cible d'environ 30 km\/h. \u00c0 une vitesse cible de 45 km\/h, le fabricant annonce une autonomie d'environ 100 km en mode \u00ab Chill \u00bb et d'environ 70 km en mode \u00ab Fly \u00bb (le plus exigeant), par exemple en cas de vent de face ou de mont\u00e9e.<\/p>\n<p>Il existe \u00e9galement une version standard moins ch\u00e8re du Specter 2, \u00e0 6 490 \u20ac, \u00e9quip\u00e9e d'un seul moteur central d'une puissance de pointe de 700 W, d'une batterie de 1 000 Wh et offrant une autonomie moyenne annonc\u00e9e de 60 km.<\/p>\n<h4>Deux moteurs, deux fonctions diff\u00e9rentes<\/h4>\n<p>Le mod\u00e8le Long Range associe un moteur central \u00e0 un moteur dans le moyeu, pour une puissance continue de 950 W et une puissance de pointe de 1 200 W. Selon Specter, le moteur central assure principalement l'acc\u00e9l\u00e9ration et procure une sensation de p\u00e9dalage naturelle, tandis que le moteur dans le moyeu permet de maintenir des vitesses de croisi\u00e8re \u00e9lev\u00e9es. En pratique, le v\u00e9lo b\u00e9n\u00e9ficie ainsi d'une transmission \u00e0 deux roues motrices.<\/p>\n<p>Cela peut sembler excessif pour un v\u00e9lo, mais cela reste largement dans les limites l\u00e9gales. La r\u00e9glementation belge autorise les \u00ab speed pedelecs \u00bb \u00e0 assistance \u00e9lectrique dont la vitesse maximale peut atteindre 45 km\/h et dont la puissance nominale continue peut aller jusqu\u2019\u00e0 4 kW.<\/p>\n<p>La puissance de sortie continue de 950 W du Specter reste donc bien en de\u00e7\u00e0 du plafond autoris\u00e9. En tant que v\u00e9lo \u00e9lectrique \u00e0 assistance rapide, il doit tout de m\u00eame faire l'objet d'une homologation, d'un certificat de conformit\u00e9 et \u00eatre muni d'une plaque d'immatriculation \u00ab SP \u00bb.<\/p>\n<p data-start=\"59\" data-end=\"426\"><img data-recalc-dims=\"1\" loading=\"lazy\" decoding=\"async\" class=\"aligncenter size-large wp-image-192922\" src=\"https:\/\/i0.wp.com\/newmobility.news\/wp-content\/uploads\/2026\/09\/Specter-helm-ABS.png?resize=640%2C366&#038;ssl=1\" alt=\"\" width=\"640\" height=\"366\" srcset=\"https:\/\/i0.wp.com\/newmobility.news\/wp-content\/uploads\/2026\/09\/Specter-helm-ABS.png?resize=1024%2C585&amp;ssl=1 1024w, https:\/\/i0.wp.com\/newmobility.news\/wp-content\/uploads\/2026\/09\/Specter-helm-ABS.png?w=1280&amp;ssl=1 1280w\" sizes=\"auto, (max-width: 640px) 100vw, 640px\" \/><\/p>\n<p class=\"PDq2pG_selectionAnchorContainer\" data-start=\"59\" data-end=\"426\">Specter propose \u00e9galement un syst\u00e8me ABS sur les roues avant \u00e0 250 \u20ac, ainsi que le casque connect\u00e9 UNIT1 Aura \u00e0 279 \u20ac, dot\u00e9 de clignotants int\u00e9gr\u00e9s et d'un syst\u00e8me d'acc\u00e8s sans cl\u00e9. Ces deux \u00e9quipements s'av\u00e8rent particuli\u00e8rement utiles sur un scooter de ville pouvant atteindre 45 km\/h.<\/p>\n<p class=\"PDq2pG_selectionAnchorContainer\" data-start=\"59\" data-end=\"426\">L'ABS permet de conserver le contr\u00f4le de la direction lors d'un freinage d'urgence sur des routes mouill\u00e9es ou glissantes, tandis que le casque am\u00e9liore la visibilit\u00e9 et le confort des motards au quotidien.<\/p>\n<p data-start=\"59\" data-end=\"426\"><img data-recalc-dims=\"1\" loading=\"lazy\" decoding=\"async\" class=\"aligncenter size-large wp-image-192936\" src=\"https:\/\/i0.wp.com\/newmobility.news\/wp-content\/uploads\/2026\/09\/ChatGPT-Image-Sep-1-2026-09_55_47-AM.png?resize=640%2C394&#038;ssl=1\" alt=\"\" width=\"640\" height=\"394\" srcset=\"https:\/\/i0.wp.com\/newmobility.news\/wp-content\/uploads\/2026\/09\/ChatGPT-Image-Sep-1-2026-09_55_47-AM.png?resize=1024%2C631&amp;ssl=1 1024w, https:\/\/i0.wp.com\/newmobility.news\/wp-content\/uploads\/2026\/09\/ChatGPT-Image-Sep-1-2026-09_55_47-AM.png?w=1280&amp;ssl=1 1280w\" sizes=\"auto, (max-width: 640px) 100vw, 640px\" \/><\/p>\n<p data-start=\"59\" data-end=\"426\">Le Specter 2 conserve \u00e9galement le tableau de bord num\u00e9rique de la marque, qui rappelle \u00e9tonnamment celui d\u2019une voiture, avec un \u00e9cran HD int\u00e9gr\u00e9, une connectivit\u00e9 4G et des mises \u00e0 jour en ligne, ainsi qu\u2019une navigation \u00e9tape par \u00e9tape, des informations m\u00e9t\u00e9o et sur le vent en temps r\u00e9el, des donn\u00e9es sur les limitations de vitesse, l\u2019int\u00e9gration de Spotify et un changement de vitesse manuel ou automatique. Un radar arri\u00e8re Garmin Varia, disponible en option, permet d'ajouter des alertes de trafic provenant de l'arri\u00e8re.<\/p>\n<h4>Du carbone exotique au carbone industriel<\/h4>\n<p>Ce qui importe davantage pour l'avenir de Specter, c'est la conception du v\u00e9lo. La premi\u00e8re g\u00e9n\u00e9ration s'est d\u00e9lib\u00e9r\u00e9ment positionn\u00e9e sur le haut de gamme, avec un cadre classique en carbone l\u00e9ger et des prix sup\u00e9rieurs \u00e0 10 000 \u20ac.<\/p>\n<p><img data-recalc-dims=\"1\" loading=\"lazy\" decoding=\"async\" class=\"aligncenter size-large wp-image-192928\" src=\"https:\/\/i0.wp.com\/newmobility.news\/wp-content\/uploads\/2026\/09\/Specter-production.png?resize=640%2C395&#038;ssl=1\" alt=\"\" width=\"640\" height=\"395\" srcset=\"https:\/\/i0.wp.com\/newmobility.news\/wp-content\/uploads\/2026\/09\/Specter-production.png?resize=1024%2C632&amp;ssl=1 1024w, https:\/\/i0.wp.com\/newmobility.news\/wp-content\/uploads\/2026\/09\/Specter-production.png?w=1280&amp;ssl=1 1280w\" sizes=\"auto, (max-width: 640px) 100vw, 640px\" \/><\/p>\n<p>Le fondateur, Maarten Baert, a expliqu\u00e9 \u00e0 l'agence flamande pour l'innovation VLAIO que la strat\u00e9gie consistait \u00e0 commencer modestement, \u00e0 d\u00e9velopper la technologie et le mod\u00e8le de service, puis seulement ensuite \u00e0 se d\u00e9velopper \u00e0 plus grande \u00e9chelle.<\/p>\n<p>Le Specter 2 repr\u00e9sente cette deuxi\u00e8me \u00e9tape. Au lieu d'un cadre en carbone traditionnel, dont la fabrication exige beaucoup de main-d'\u0153uvre, Specter a mis au point un cadre hybride en \u2018 carbone industriel \u2019 gr\u00e2ce \u00e0 un proc\u00e9d\u00e9 de moulage par injection de type automobile. Le cadre est fabriqu\u00e9 en Belgique par un sous-traitant situ\u00e9 \u00e0 Aalst, tandis que les v\u00e9los sont assembl\u00e9s chez Specter, \u00e0 Wondelgem, pr\u00e8s de Gand.<\/p>\n<p>Selon Baert, le moule n\u00e9cessite un investissement initial important, mais le co\u00fbt par cadre devient ensuite inf\u00e9rieur \u00e0 celui du carbone classique, voire inf\u00e9rieur au co\u00fbt d\u2019importation d\u2019un cadre depuis l\u2019Asie. Specter affirme qu\u2019il s\u2019agit du premier v\u00e9lo \u00e9lectrique rapide \u00e0 utiliser un proc\u00e9d\u00e9 de moulage par injection de qualit\u00e9 automobile pour son cadre.<\/p>\n<p>Il y a toutefois un compromis \u00e0 faire. Le Specter 1 d\u2019origine pesait moins de 20 kg et le Long Range 26,2 kg. Les nouvelles versions p\u00e8sent respectivement au moins 30 et 33 kg. Specter a mis de c\u00f4t\u00e9 une partie de son obsession pour la l\u00e9g\u00e8ret\u00e9 au profit d\u2019un co\u00fbt r\u00e9duit, du confort et de la facilit\u00e9 de fabrication.<\/p>\n<h4>C'est maintenant le moment de passer \u00e0 la vitesse sup\u00e9rieure<\/h4>\n<p>NMN a rapport\u00e9 en 2024 que Specter avait lev\u00e9 2 millions d'euros pour se d\u00e9velopper \u00e0 l'international et \u00e9largir sa gamme. C'est avec le Specter 2 que cette strat\u00e9gie se concr\u00e9tise.<\/p>\n<p>Selon M. Baert, le produit initial, dont le prix d\u00e9passait les 10 000 \u20ac, ne ciblait que moins de 10% du march\u00e9, tandis qu\u2019il estime que le nouveau niveau de prix permet \u00e0 Specter d\u2019atteindre 70 \u00e0 80%.<\/p>\n<p>Les ventes r\u00e9elles doivent encore confirmer cette ambition, mais le march\u00e9 national est favorable. La Belgique a enregistr\u00e9 8 196 immatriculations de nouveaux \u00ab speed pedelecs \u00bb au premier semestre 2026, soit une hausse de 9,51 TP3T par rapport \u00e0 l\u2019ann\u00e9e pr\u00e9c\u00e9dente, le leasing repr\u00e9sentant environ les deux tiers des immatriculations.<\/p>\n<p>La production a d\u00e9sormais d\u00e9marr\u00e9. Le mod\u00e8le Specter 2 standard \u00e0 moteur unique co\u00fbte 6 490 \u20ac, tandis que la version Long Range \u00e0 double moteur est propos\u00e9e \u00e0 7 490 \u20ac. Le configurateur de Specter indique actuellement le 15 octobre comme date de livraison la plus proche.<\/p>\n<p>Trois ans apr\u00e8s que Specter a fait forte impression avec une d\u00e9monstration technologique \u00e0 grand renfort de moyens, la deuxi\u00e8me g\u00e9n\u00e9ration s\u2019attaque \u00e0 un d\u00e9fi plus ardu : en faire un produit industriel.<\/p>\n<p>Son autonomie de 200 km et ses deux moteurs attirent l'attention, mais la v\u00e9ritable prouesse r\u00e9side peut-\u00eatre dans le fait de fabriquer en Belgique un v\u00e9lo \u00e9lectrique \u00e0 grande vitesse \u00e0 la pointe de la technologie, \u00e0 un prix bien plus accessible au grand public.<\/p>","protected":false},"excerpt":{"rendered":"<p>Belgian speed-pedelec start-up Specter has started production of its second-generation Specter 2, promising up to 200 kilometers of range and two-wheel drive.\u00a0But the real achievement may be less spectacular than those headline figures: Specter has found a way to make much of the technology of its \u20ac10,000-plus first generation considerably more affordable, while bringing frame [&hellip;]<\/p>\n","protected":false},"author":21,"featured_media":192937,"comment_status":"closed","ping_status":"closed","sticky":false,"template":"","format":"standard","meta":{"_acf_changed":false,"_jetpack_newsletter_access":"","_jetpack_dont_email_post_to_subs":false,"_jetpack_newsletter_tier_id":0,"_jetpack_memberships_contains_paywalled_content":false,"_jetpack_feature_clip_id":0,"_jetpack_memberships_contains_paid_content":false,"footnotes":"","jetpack_publicize_message":"{title}\r\n\r\n{excerpt}\r\n\r\n{url}","jetpack_publicize_feature_enabled":true,"jetpack_social_post_already_shared":true,"jetpack_social_options":{"image_generator_settings":{"template":"highway","default_image_id":0,"font":"","enabled":false},"version":2},"_wpas_customize_per_network":false,"jetpack_post_was_ever_published":false},"categories":[77170,52082,77169,6,4],"tags":[],"class_list":["post-192921","post","type-post","status-publish","format-standard","has-post-thumbnail","hentry","category-belgium","category-ebikes","category-market","category-technology","category-top-stories-today"],"acf":[],"featured_image_urls_v2":{"full":["https:\/\/i0.wp.com\/newmobility.news\/wp-content\/uploads\/2026\/09\/Specter_2_LR_Ston32.webp?fit=1250%2C765&ssl=1",1250,765,false],"thumbnail":["https:\/\/i0.wp.com\/newmobility.news\/wp-content\/uploads\/2026\/09\/Specter_2_LR_Ston32.webp?resize=150%2C150&ssl=1",150,150,true],"medium":["https:\/\/i0.wp.com\/newmobility.news\/wp-content\/uploads\/2026\/09\/Specter_2_LR_Ston32.webp?fit=300%2C184&ssl=1",300,184,true],"medium_large":["https:\/\/i0.wp.com\/newmobility.news\/wp-content\/uploads\/2026\/09\/Specter_2_LR_Ston32.webp?fit=640%2C392&ssl=1",640,392,true],"large":["https:\/\/i0.wp.com\/newmobility.news\/wp-content\/uploads\/2026\/09\/Specter_2_LR_Ston32.webp?fit=640%2C392&ssl=1",640,392,true],"1536x1536":["https:\/\/i0.wp.com\/newmobility.news\/wp-content\/uploads\/2026\/09\/Specter_2_LR_Ston32.webp?fit=1250%2C765&ssl=1",1250,765,true],"2048x2048":["https:\/\/i0.wp.com\/newmobility.news\/wp-content\/uploads\/2026\/09\/Specter_2_LR_Ston32.webp?fit=1250%2C765&ssl=1",1250,765,true],"trp-custom-language-flag":["https:\/\/i0.wp.com\/newmobility.news\/wp-content\/uploads\/2026\/09\/Specter_2_LR_Ston32.webp?fit=18%2C12&ssl=1",18,12,true],"related-thumb":["https:\/\/i0.wp.com\/newmobility.news\/wp-content\/uploads\/2026\/09\/Specter_2_LR_Ston32.webp?resize=640%2C480&ssl=1",640,480,true],"gform-image-choice-sm":["https:\/\/i0.wp.com\/newmobility.news\/wp-content\/uploads\/2026\/09\/Specter_2_LR_Ston32.webp?resize=300%2C300&ssl=1",300,300,true],"gform-image-choice-md":["https:\/\/i0.wp.com\/newmobility.news\/wp-content\/uploads\/2026\/09\/Specter_2_LR_Ston32.webp?resize=400%2C400&ssl=1",400,400,true],"gform-image-choice-lg":["https:\/\/i0.wp.com\/newmobility.news\/wp-content\/uploads\/2026\/09\/Specter_2_LR_Ston32.webp?resize=600%2C600&ssl=1",600,600,true],"mailchimp":["https:\/\/i0.wp.com\/newmobility.news\/wp-content\/uploads\/2026\/09\/Specter_2_LR_Ston32.webp?fit=560%2C343&ssl=1",560,343,true],"unipress-phone":["https:\/\/i0.wp.com\/newmobility.news\/wp-content\/uploads\/2026\/09\/Specter_2_LR_Ston32.webp?resize=640%2C100&ssl=1",640,100,true],"unipress-tablet":["https:\/\/i0.wp.com\/newmobility.news\/wp-content\/uploads\/2026\/09\/Specter_2_LR_Ston32.webp?resize=1250%2C240&ssl=1",1250,240,true],"unipress-tablet-portrait":["https:\/\/i0.wp.com\/newmobility.news\/wp-content\/uploads\/2026\/09\/Specter_2_LR_Ston32.webp?resize=1250%2C180&ssl=1",1250,180,true],"unipress-tablet-landscape":["https:\/\/i0.wp.com\/newmobility.news\/wp-content\/uploads\/2026\/09\/Specter_2_LR_Ston32.webp?resize=1250%2C180&ssl=1",1250,180,true],"unipress-smartphone":["https:\/\/i0.wp.com\/newmobility.news\/wp-content\/uploads\/2026\/09\/Specter_2_LR_Ston32.webp?resize=1080%2C168&ssl=1",1080,168,true],"unipress-wide-screen":["https:\/\/i0.wp.com\/newmobility.news\/wp-content\/uploads\/2026\/09\/Specter_2_LR_Ston32.webp?resize=1250%2C180&ssl=1",1250,180,true]},"post_excerpt_stackable_v2":"<p>Belgian speed-pedelec start-up Specter has started production of its second-generation Specter 2, promising up to 200 kilometers of range and two-wheel drive.\u00a0But the real achievement may be less spectacular than those headline figures: Specter has found a way to make much of the technology of its \u20ac10,000-plus first generation considerably more affordable, while bringing frame production back to Belgium. The dual-motor idea itself is not new. Newmobility.news already reported in 2019 on the (also Belgian) Ellio and in 2023 on the Specter 1 Long Range, which also combined a mid-motor with a front-wheel motor and a 1,200 Wh battery for&hellip;<\/p>\n","category_list_v2":"<a href=\"https:\/\/newmobility.news\/fr\/category\/belgium\/\" rel=\"category tag\">Belgium<\/a>, <a href=\"https:\/\/newmobility.news\/fr\/category\/ebikes\/\" rel=\"category tag\">eBikes<\/a>, <a href=\"https:\/\/newmobility.news\/fr\/category\/market\/\" rel=\"category tag\">Market<\/a>, <a href=\"https:\/\/newmobility.news\/fr\/category\/technology\/\" rel=\"category tag\">Technology<\/a>, <a href=\"https:\/\/newmobility.news\/fr\/category\/top-stories-today\/\" rel=\"category tag\">Top Stories Today<\/a>","author_info_v2":{"name":"Joris Van Roy","url":"https:\/\/newmobility.news\/fr\/author\/jorisximcom-be\/"},"comments_num_v2":"0 comments","yoast_head":"<!-- This site is optimized with the Yoast SEO plugin v28.4 - https:\/\/yoast.com\/product\/yoast-seo-wordpress\/ -->\n<title>Belgian speed pedelec gets two motors and 200-km range - newmobility.news<\/title>\n<meta name=\"robots\" content=\"index, follow, max-snippet:-1, max-image-preview:large, max-video-preview:-1\" \/>\n<link rel=\"canonical\" href=\"https:\/\/newmobility.news\/fr\/2026\/09\/02\/belgian-speed-pedelec-gets-two-motors-and-200-km-range\/\" \/>\n<meta property=\"og:locale\" content=\"fr_FR\" \/>\n<meta property=\"og:type\" content=\"article\" \/>\n<meta property=\"og:title\" content=\"Belgian speed pedelec gets two motors and 200-km range - newmobility.news\" \/>\n<meta property=\"og:description\" content=\"Belgian speed-pedelec start-up Specter has started production of its second-generation Specter 2, promising up to 200 kilometers of range and two-wheel drive.\u00a0But the real achievement may be less spectacular than those headline figures: Specter has found a way to make much of the technology of its \u20ac10,000-plus first generation considerably more affordable, while bringing frame [&hellip;]\" \/>\n<meta property=\"og:url\" content=\"https:\/\/newmobility.news\/fr\/2026\/09\/02\/belgian-speed-pedelec-gets-two-motors-and-200-km-range\/\" \/>\n<meta property=\"og:site_name\" content=\"newmobility.news\" \/>\n<meta property=\"article:publisher\" content=\"https:\/\/www.facebook.com\/search\/top\/?q=newmobility.news\" \/>\n<meta property=\"article:published_time\" content=\"2026-09-02T10:30:30+00:00\" \/>\n<meta property=\"og:image\" content=\"https:\/\/i0.wp.com\/newmobility.news\/wp-content\/uploads\/2026\/09\/Specter_2_LR_Ston32.webp?fit=1250%2C765&ssl=1\" \/>\n\t<meta property=\"og:image:width\" content=\"1250\" \/>\n\t<meta property=\"og:image:height\" content=\"765\" \/>\n\t<meta property=\"og:image:type\" content=\"image\/webp\" \/>\n<meta name=\"author\" content=\"Joris Van Roy\" \/>\n<meta name=\"twitter:card\" content=\"summary_large_image\" \/>\n<meta name=\"twitter:creator\" content=\"@jorisvry\" \/>\n<meta name=\"twitter:site\" content=\"@jorisvry\" \/>\n<meta name=\"twitter:label1\" content=\"\u00c9crit par\" \/>\n\t<meta name=\"twitter:data1\" content=\"Joris Van Roy\" \/>\n\t<meta name=\"twitter:label2\" content=\"Dur\u00e9e de lecture est.\" \/>\n\t<meta name=\"twitter:data2\" content=\"5 minutes\" \/>\n<script type=\"application\/ld+json\" class=\"yoast-schema-graph\">{\"@context\":\"https:\\\/\\\/schema.org\",\"@graph\":[{\"@type\":\"Article\",\"@id\":\"https:\\\/\\\/newmobility.news\\\/2026\\\/09\\\/02\\\/belgian-speed-pedelec-gets-two-motors-and-200-km-range\\\/#article\",\"isPartOf\":{\"@id\":\"https:\\\/\\\/newmobility.news\\\/2026\\\/09\\\/02\\\/belgian-speed-pedelec-gets-two-motors-and-200-km-range\\\/\"},\"author\":{\"name\":\"Joris Van Roy\",\"@id\":\"https:\\\/\\\/newmobility.news\\\/#\\\/schema\\\/person\\\/993f2da7cd774079044984132dee0ef0\"},\"headline\":\"Belgian speed pedelec gets two motors and 200-km range\",\"datePublished\":\"2026-09-02T10:30:30+00:00\",\"mainEntityOfPage\":{\"@id\":\"https:\\\/\\\/newmobility.news\\\/2026\\\/09\\\/02\\\/belgian-speed-pedelec-gets-two-motors-and-200-km-range\\\/\"},\"wordCount\":789,\"publisher\":{\"@id\":\"https:\\\/\\\/newmobility.news\\\/#organization\"},\"image\":{\"@id\":\"https:\\\/\\\/newmobility.news\\\/2026\\\/09\\\/02\\\/belgian-speed-pedelec-gets-two-motors-and-200-km-range\\\/#primaryimage\"},\"thumbnailUrl\":\"https:\\\/\\\/i0.wp.com\\\/newmobility.news\\\/wp-content\\\/uploads\\\/2026\\\/09\\\/Specter_2_LR_Ston32.webp?fit=1250%2C765&ssl=1\",\"articleSection\":[\"Belgium\",\"eBikes\",\"Market\",\"Technology\",\"Top Stories Today\"],\"inLanguage\":\"fr-BE\"},{\"@type\":\"WebPage\",\"@id\":\"https:\\\/\\\/newmobility.news\\\/2026\\\/09\\\/02\\\/belgian-speed-pedelec-gets-two-motors-and-200-km-range\\\/\",\"url\":\"https:\\\/\\\/newmobility.news\\\/2026\\\/09\\\/02\\\/belgian-speed-pedelec-gets-two-motors-and-200-km-range\\\/\",\"name\":\"Belgian speed pedelec gets two motors and 200-km range - newmobility.news\",\"isPartOf\":{\"@id\":\"https:\\\/\\\/newmobility.news\\\/#website\"},\"primaryImageOfPage\":{\"@id\":\"https:\\\/\\\/newmobility.news\\\/2026\\\/09\\\/02\\\/belgian-speed-pedelec-gets-two-motors-and-200-km-range\\\/#primaryimage\"},\"image\":{\"@id\":\"https:\\\/\\\/newmobility.news\\\/2026\\\/09\\\/02\\\/belgian-speed-pedelec-gets-two-motors-and-200-km-range\\\/#primaryimage\"},\"thumbnailUrl\":\"https:\\\/\\\/i0.wp.com\\\/newmobility.news\\\/wp-content\\\/uploads\\\/2026\\\/09\\\/Specter_2_LR_Ston32.webp?fit=1250%2C765&ssl=1\",\"datePublished\":\"2026-09-02T10:30:30+00:00\",\"breadcrumb\":{\"@id\":\"https:\\\/\\\/newmobility.news\\\/2026\\\/09\\\/02\\\/belgian-speed-pedelec-gets-two-motors-and-200-km-range\\\/#breadcrumb\"},\"inLanguage\":\"fr-BE\",\"potentialAction\":[{\"@type\":\"ReadAction\",\"target\":[\"https:\\\/\\\/newmobility.news\\\/2026\\\/09\\\/02\\\/belgian-speed-pedelec-gets-two-motors-and-200-km-range\\\/\"]}]},{\"@type\":\"ImageObject\",\"inLanguage\":\"fr-BE\",\"@id\":\"https:\\\/\\\/newmobility.news\\\/2026\\\/09\\\/02\\\/belgian-speed-pedelec-gets-two-motors-and-200-km-range\\\/#primaryimage\",\"url\":\"https:\\\/\\\/i0.wp.com\\\/newmobility.news\\\/wp-content\\\/uploads\\\/2026\\\/09\\\/Specter_2_LR_Ston32.webp?fit=1250%2C765&ssl=1\",\"contentUrl\":\"https:\\\/\\\/i0.wp.com\\\/newmobility.news\\\/wp-content\\\/uploads\\\/2026\\\/09\\\/Specter_2_LR_Ston32.webp?fit=1250%2C765&ssl=1\",\"width\":1250,\"height\":765,\"caption\":\"The Specter 2 Long Range in Titanium pairs a mid-motor with a front-hub motor for two-wheel drive, backed by a 1.44-kWh battery and a claimed range of up to 200 km \\\/Specter\"},{\"@type\":\"BreadcrumbList\",\"@id\":\"https:\\\/\\\/newmobility.news\\\/2026\\\/09\\\/02\\\/belgian-speed-pedelec-gets-two-motors-and-200-km-range\\\/#breadcrumb\",\"itemListElement\":[{\"@type\":\"ListItem\",\"position\":1,\"name\":\"Home\",\"item\":\"https:\\\/\\\/newmobility.news\\\/\"},{\"@type\":\"ListItem\",\"position\":2,\"name\":\"Belgian speed pedelec gets two motors and 200-km range\"}]},{\"@type\":\"WebSite\",\"@id\":\"https:\\\/\\\/newmobility.news\\\/#website\",\"url\":\"https:\\\/\\\/newmobility.news\\\/\",\"name\":\"newmobility.news\",\"description\":\"A B2BNews Agency\u00ae news service for mobility business proessional\",\"publisher\":{\"@id\":\"https:\\\/\\\/newmobility.news\\\/#organization\"},\"potentialAction\":[{\"@type\":\"SearchAction\",\"target\":{\"@type\":\"EntryPoint\",\"urlTemplate\":\"https:\\\/\\\/newmobility.news\\\/?s={search_term_string}\"},\"query-input\":{\"@type\":\"PropertyValueSpecification\",\"valueRequired\":true,\"valueName\":\"search_term_string\"}}],\"inLanguage\":\"fr-BE\"},{\"@type\":\"Organization\",\"@id\":\"https:\\\/\\\/newmobility.news\\\/#organization\",\"name\":\"B2BNews Agency\",\"url\":\"https:\\\/\\\/newmobility.news\\\/\",\"logo\":{\"@type\":\"ImageObject\",\"inLanguage\":\"fr-BE\",\"@id\":\"https:\\\/\\\/newmobility.news\\\/#\\\/schema\\\/logo\\\/image\\\/\",\"url\":\"https:\\\/\\\/newmobility.news\\\/wp-content\\\/uploads\\\/2018\\\/01\\\/b2bnews-agency-logo.png\",\"contentUrl\":\"https:\\\/\\\/newmobility.news\\\/wp-content\\\/uploads\\\/2018\\\/01\\\/b2bnews-agency-logo.png\",\"width\":\"581\",\"height\":\"117\",\"caption\":\"B2BNews Agency\"},\"image\":{\"@id\":\"https:\\\/\\\/newmobility.news\\\/#\\\/schema\\\/logo\\\/image\\\/\"},\"sameAs\":[\"https:\\\/\\\/www.facebook.com\\\/search\\\/top\\\/?q=newmobility.news\",\"https:\\\/\\\/x.com\\\/jorisvry\",\"https:\\\/\\\/www.linkedin.com\\\/in\\\/jorisvanroy\\\/\",\"https:\\\/\\\/nl.pinterest.com\\\/jorisvanroy\\\/\"]},{\"@type\":\"Person\",\"@id\":\"https:\\\/\\\/newmobility.news\\\/#\\\/schema\\\/person\\\/993f2da7cd774079044984132dee0ef0\",\"name\":\"Joris Van Roy\",\"image\":{\"@type\":\"ImageObject\",\"inLanguage\":\"fr-BE\",\"@id\":\"https:\\\/\\\/secure.gravatar.com\\\/avatar\\\/b82919546c1cd9980bd2bc08f09d294c7cb92b3addd23cb9a4377a7b88b4349b?s=96&d=mm&r=g\",\"url\":\"https:\\\/\\\/secure.gravatar.com\\\/avatar\\\/b82919546c1cd9980bd2bc08f09d294c7cb92b3addd23cb9a4377a7b88b4349b?s=96&d=mm&r=g\",\"contentUrl\":\"https:\\\/\\\/secure.gravatar.com\\\/avatar\\\/b82919546c1cd9980bd2bc08f09d294c7cb92b3addd23cb9a4377a7b88b4349b?s=96&d=mm&r=g\",\"caption\":\"Joris Van Roy\"},\"url\":\"https:\\\/\\\/newmobility.news\\\/fr\\\/author\\\/jorisximcom-be\\\/\"}]}<\/script>\n<!-- \/ Yoast SEO plugin. -->","yoast_head_json":{"title":"Un v\u00e9lo \u00e9lectrique rapide belge \u00e9quip\u00e9 de deux moteurs et d'une autonomie de 200 km - newmobility.news","robots":{"index":"index","follow":"follow","max-snippet":"max-snippet:-1","max-image-preview":"max-image-preview:large","max-video-preview":"max-video-preview:-1"},"canonical":"https:\/\/newmobility.news\/fr\/2026\/09\/02\/belgian-speed-pedelec-gets-two-motors-and-200-km-range\/","og_locale":"fr_FR","og_type":"article","og_title":"Belgian speed pedelec gets two motors and 200-km range - newmobility.news","og_description":"Belgian speed-pedelec start-up Specter has started production of its second-generation Specter 2, promising up to 200 kilometers of range and two-wheel drive.\u00a0But the real achievement may be less spectacular than those headline figures: Specter has found a way to make much of the technology of its \u20ac10,000-plus first generation considerably more affordable, while bringing frame [&hellip;]","og_url":"https:\/\/newmobility.news\/fr\/2026\/09\/02\/belgian-speed-pedelec-gets-two-motors-and-200-km-range\/","og_site_name":"newmobility.news","article_publisher":"https:\/\/www.facebook.com\/search\/top\/?q=newmobility.news","article_published_time":"2026-09-02T10:30:30+00:00","og_image":[{"width":1250,"height":765,"url":"https:\/\/i0.wp.com\/newmobility.news\/wp-content\/uploads\/2026\/09\/Specter_2_LR_Ston32.webp?fit=1250%2C765&ssl=1","type":"image\/webp"}],"author":"Joris Van Roy","twitter_card":"summary_large_image","twitter_creator":"@jorisvry","twitter_site":"@jorisvry","twitter_misc":{"\u00c9crit par":"Joris Van Roy","Dur\u00e9e de lecture est.":"5 minutes"},"schema":{"@context":"https:\/\/schema.org","@graph":[{"@type":"Article","@id":"https:\/\/newmobility.news\/2026\/09\/02\/belgian-speed-pedelec-gets-two-motors-and-200-km-range\/#article","isPartOf":{"@id":"https:\/\/newmobility.news\/2026\/09\/02\/belgian-speed-pedelec-gets-two-motors-and-200-km-range\/"},"author":{"name":"Joris Van Roy","@id":"https:\/\/newmobility.news\/#\/schema\/person\/993f2da7cd774079044984132dee0ef0"},"headline":"Belgian speed pedelec gets two motors and 200-km range","datePublished":"2026-09-02T10:30:30+00:00","mainEntityOfPage":{"@id":"https:\/\/newmobility.news\/2026\/09\/02\/belgian-speed-pedelec-gets-two-motors-and-200-km-range\/"},"wordCount":789,"publisher":{"@id":"https:\/\/newmobility.news\/#organization"},"image":{"@id":"https:\/\/newmobility.news\/2026\/09\/02\/belgian-speed-pedelec-gets-two-motors-and-200-km-range\/#primaryimage"},"thumbnailUrl":"https:\/\/i0.wp.com\/newmobility.news\/wp-content\/uploads\/2026\/09\/Specter_2_LR_Ston32.webp?fit=1250%2C765&ssl=1","articleSection":["Belgium","eBikes","Market","Technology","Top Stories Today"],"inLanguage":"fr-BE"},{"@type":"WebPage","@id":"https:\/\/newmobility.news\/2026\/09\/02\/belgian-speed-pedelec-gets-two-motors-and-200-km-range\/","url":"https:\/\/newmobility.news\/2026\/09\/02\/belgian-speed-pedelec-gets-two-motors-and-200-km-range\/","name":"Un v\u00e9lo \u00e9lectrique rapide belge \u00e9quip\u00e9 de deux moteurs et d'une autonomie de 200 km - newmobility.news","isPartOf":{"@id":"https:\/\/newmobility.news\/#website"},"primaryImageOfPage":{"@id":"https:\/\/newmobility.news\/2026\/09\/02\/belgian-speed-pedelec-gets-two-motors-and-200-km-range\/#primaryimage"},"image":{"@id":"https:\/\/newmobility.news\/2026\/09\/02\/belgian-speed-pedelec-gets-two-motors-and-200-km-range\/#primaryimage"},"thumbnailUrl":"https:\/\/i0.wp.com\/newmobility.news\/wp-content\/uploads\/2026\/09\/Specter_2_LR_Ston32.webp?fit=1250%2C765&ssl=1","datePublished":"2026-09-02T10:30:30+00:00","breadcrumb":{"@id":"https:\/\/newmobility.news\/2026\/09\/02\/belgian-speed-pedelec-gets-two-motors-and-200-km-range\/#breadcrumb"},"inLanguage":"fr-BE","potentialAction":[{"@type":"ReadAction","target":["https:\/\/newmobility.news\/2026\/09\/02\/belgian-speed-pedelec-gets-two-motors-and-200-km-range\/"]}]},{"@type":"ImageObject","inLanguage":"fr-BE","@id":"https:\/\/newmobility.news\/2026\/09\/02\/belgian-speed-pedelec-gets-two-motors-and-200-km-range\/#primaryimage","url":"https:\/\/i0.wp.com\/newmobility.news\/wp-content\/uploads\/2026\/09\/Specter_2_LR_Ston32.webp?fit=1250%2C765&ssl=1","contentUrl":"https:\/\/i0.wp.com\/newmobility.news\/wp-content\/uploads\/2026\/09\/Specter_2_LR_Ston32.webp?fit=1250%2C765&ssl=1","width":1250,"height":765,"caption":"The Specter 2 Long Range in Titanium pairs a mid-motor with a front-hub motor for two-wheel drive, backed by a 1.44-kWh battery and a claimed range of up to 200 km \/Specter"},{"@type":"BreadcrumbList","@id":"https:\/\/newmobility.news\/2026\/09\/02\/belgian-speed-pedelec-gets-two-motors-and-200-km-range\/#breadcrumb","itemListElement":[{"@type":"ListItem","position":1,"name":"Home","item":"https:\/\/newmobility.news\/"},{"@type":"ListItem","position":2,"name":"Belgian speed pedelec gets two motors and 200-km range"}]},{"@type":"WebSite","@id":"https:\/\/newmobility.news\/#website","url":"https:\/\/newmobility.news\/","name":"nouveaumobilit\u00e9.actualit\u00e9s","description":"Un service d'information B2BNews Agency\u00ae destin\u00e9 aux professionnels de la mobilit\u00e9","publisher":{"@id":"https:\/\/newmobility.news\/#organization"},"potentialAction":[{"@type":"SearchAction","target":{"@type":"EntryPoint","urlTemplate":"https:\/\/newmobility.news\/?s={search_term_string}"},"query-input":{"@type":"PropertyValueSpecification","valueRequired":true,"valueName":"search_term_string"}}],"inLanguage":"fr-BE"},{"@type":"Organization","@id":"https:\/\/newmobility.news\/#organization","name":"Agence de presse B2BNews","url":"https:\/\/newmobility.news\/","logo":{"@type":"ImageObject","inLanguage":"fr-BE","@id":"https:\/\/newmobility.news\/#\/schema\/logo\/image\/","url":"https:\/\/newmobility.news\/wp-content\/uploads\/2018\/01\/b2bnews-agency-logo.png","contentUrl":"https:\/\/newmobility.news\/wp-content\/uploads\/2018\/01\/b2bnews-agency-logo.png","width":"581","height":"117","caption":"B2BNews Agency"},"image":{"@id":"https:\/\/newmobility.news\/#\/schema\/logo\/image\/"},"sameAs":["https:\/\/www.facebook.com\/search\/top\/?q=newmobility.news","https:\/\/x.com\/jorisvry","https:\/\/www.linkedin.com\/in\/jorisvanroy\/","https:\/\/nl.pinterest.com\/jorisvanroy\/"]},{"@type":"Person","@id":"https:\/\/newmobility.news\/#\/schema\/person\/993f2da7cd774079044984132dee0ef0","name":"Joris Van Roy","image":{"@type":"ImageObject","inLanguage":"fr-BE","@id":"https:\/\/secure.gravatar.com\/avatar\/b82919546c1cd9980bd2bc08f09d294c7cb92b3addd23cb9a4377a7b88b4349b?s=96&d=mm&r=g","url":"https:\/\/secure.gravatar.com\/avatar\/b82919546c1cd9980bd2bc08f09d294c7cb92b3addd23cb9a4377a7b88b4349b?s=96&d=mm&r=g","contentUrl":"https:\/\/secure.gravatar.com\/avatar\/b82919546c1cd9980bd2bc08f09d294c7cb92b3addd23cb9a4377a7b88b4349b?s=96&d=mm&r=g","caption":"Joris Van Roy"},"url":"https:\/\/newmobility.news\/fr\/author\/jorisximcom-be\/"}]}},"jetpack_publicize_connections":[],"jetpack_shortlink":"https:\/\/wp.me\/p9wJdU-ObD","jetpack_sharing_enabled":true,"jetpack_likes_enabled":true,"jetpack-related-posts":[],"jetpack_featured_media_url":"https:\/\/i0.wp.com\/newmobility.news\/wp-content\/uploads\/2026\/09\/Specter_2_LR_Ston32.webp?fit=1250%2C765&ssl=1","_links":{"self":[{"href":"https:\/\/newmobility.news\/fr\/wp-json\/wp\/v2\/posts\/192921","targetHints":{"allow":["GET"]}}],"collection":[{"href":"https:\/\/newmobility.news\/fr\/wp-json\/wp\/v2\/posts"}],"about":[{"href":"https:\/\/newmobility.news\/fr\/wp-json\/wp\/v2\/types\/post"}],"author":[{"embeddable":true,"href":"https:\/\/newmobility.news\/fr\/wp-json\/wp\/v2\/users\/21"}],"replies":[{"embeddable":true,"href":"https:\/\/newmobility.news\/fr\/wp-json\/wp\/v2\/comments?post=192921"}],"version-history":[{"count":6,"href":"https:\/\/newmobility.news\/fr\/wp-json\/wp\/v2\/posts\/192921\/revisions"}],"predecessor-version":[{"id":192983,"href":"https:\/\/newmobility.news\/fr\/wp-json\/wp\/v2\/posts\/192921\/revisions\/192983"}],"wp:featuredmedia":[{"embeddable":true,"href":"https:\/\/newmobility.news\/fr\/wp-json\/wp\/v2\/media\/192937"}],"wp:attachment":[{"href":"https:\/\/newmobility.news\/fr\/wp-json\/wp\/v2\/media?parent=192921"}],"wp:term":[{"taxonomy":"category","embeddable":true,"href":"https:\/\/newmobility.news\/fr\/wp-json\/wp\/v2\/categories?post=192921"},{"taxonomy":"post_tag","embeddable":true,"href":"https:\/\/newmobility.news\/fr\/wp-json\/wp\/v2\/tags?post=192921"}],"curies":[{"name":"wp","href":"https:\/\/api.w.org\/{rel}","templated":true}]}}