{"id":192942,"date":"2026-09-01T12:20:53","date_gmt":"2026-09-01T10:20:53","guid":{"rendered":"https:\/\/newmobility.news\/?p=192942"},"modified":"2026-09-01T11:45:28","modified_gmt":"2026-09-01T09:45:28","slug":"stellantis-reshuffles-its-enlarged-europe-organization","status":"publish","type":"post","link":"https:\/\/newmobility.news\/fr\/2026\/09\/01\/stellantis-reshuffles-its-enlarged-europe-organization\/","title":{"rendered":"Stellantis proc\u00e8de \u00e0 un remaniement au sein de son organisation \u00ab Europe \u00e9largie \u00bb"},"content":{"rendered":"<p>Stellantis annonce (une nouvelle fois) de nouvelles nominations au sein de son organisation \u00ab Europe \u00e9largie \u00bb, avec effet au 1er septembre, dans le cadre de la poursuite de la mise en \u0153uvre de son plan strat\u00e9gique \u00ab Fastlane 2030 \u00bb.<\/p>\n<p>Sous la responsabilit\u00e9 d'Emanuele Cappellano, directeur des op\u00e9rations (COO) pour l'Europe \u00e9largie, figurent d\u00e9sormais Arnaud Belloni, qui a \u00e9t\u00e9 nomm\u00e9 PDG des marques FIAT, Abarth et Lancia ainsi que directeur marketing pour l'Europe ; Xavier Chardon, qui a \u00e9t\u00e9 nomm\u00e9 PDG de DS Automobiles, en plus de ses responsabilit\u00e9s actuelles chez Citro\u00ebn ; Xavier Peugeot, qui a \u00e9t\u00e9 nomm\u00e9 responsable de la marque Jeep en Europe, un poste nouvellement cr\u00e9\u00e9 relevant directement du directeur des op\u00e9rations pour l\u2019Europe \u00e9largie.<\/p>\n<p>Ce poste a pour objectif de doter Jeep des leviers n\u00e9cessaires pour r\u00e9pondre aux attentes des clients europ\u00e9ens et renforcer le d\u00e9veloppement de la marque en Europe dans les domaines des produits, du marketing et des ventes. Roberta Zerbi se concentrera sur l'excellence du parcours client et le d\u00e9veloppement du r\u00e9seau.<\/p>\n<figure id=\"attachment_192970\" aria-describedby=\"caption-attachment-192970\" style=\"width: 934px\" class=\"wp-caption alignnone\"><img data-recalc-dims=\"1\" loading=\"lazy\" decoding=\"async\" class=\"wp-image-192970 size-full\" src=\"https:\/\/i0.wp.com\/newmobility.news\/wp-content\/uploads\/2026\/09\/Scherm%C2%ADafbeelding-2026-09-01-om-11.06.04.png?resize=640%2C415&#038;ssl=1\" alt=\"\" width=\"640\" height=\"415\" \/><figcaption id=\"caption-attachment-192970\" class=\"wp-caption-text\">Xavier Chardon est d\u00e9sormais \u00e9galement \u00e0 la t\u00eate de DS Automobiles \/ Stellantis<\/figcaption><\/figure>\n<h4>Activit\u00e9s commerciales<\/h4>\n<p>En cons\u00e9quence, la direction des op\u00e9rations commerciales pour l'Europe \u00e9largie, dirig\u00e9e par Maurizio Zuares, a \u00e9t\u00e9 r\u00e9organis\u00e9e comme suit : Gaetano Thorel a \u00e9t\u00e9 nomm\u00e9 responsable de Lancia pour l'Europe \u00e9largie, en plus de ses responsabilit\u00e9s actuelles pour FIAT et Abarth dans cette m\u00eame r\u00e9gion, et rendra compte sur le plan fonctionnel \u00e0 Arnaud Belloni.<\/p>\n<p>Laurent Diot a \u00e9t\u00e9 nomm\u00e9 responsable de DS Automobiles pour l'Europe \u00e9largie, en plus de ses responsabilit\u00e9s actuelles pour Citro\u00ebn dans cette m\u00eame r\u00e9gion, et rendra compte sur le plan fonctionnel \u00e0 Xavier Chardon ; Fabio Catone est confirm\u00e9 \u00e0 son poste de responsable des marques Jeep, Ram et Dodge pour l'Europe \u00e9largie, et rendra compte sur le plan fonctionnel \u00e0 Xavier Peugeot.<\/p>\n<p>Commentant ces nominations, Emanuele Cappellano a d\u00e9clar\u00e9 : \u201c Ces nominations marquent une nouvelle \u00e9tape importante dans l'acc\u00e9l\u00e9ration de la mise en \u0153uvre de notre plan strat\u00e9gique Fastlane 2030. Ils jettent les bases d\u2019une vision marketing europ\u00e9enne ax\u00e9e sur la cr\u00e9ativit\u00e9 et l\u2019innovation, renforcent la croissance de Jeep gr\u00e2ce \u00e0 un leadership d\u00e9di\u00e9, et clarifient le positionnement de Lancia et DS Automobiles en tant que marques de niche, en pr\u00e9servant leurs identit\u00e9s distinctives tout en renfor\u00e7ant leur int\u00e9gration avec Fiat et Citro\u00ebn, respectivement. \u201d<\/p>\n<p>Par ailleurs, au niveau international, Stephanie Hartgrove (qui vient de Johnson &amp; Johnson) a \u00e9t\u00e9 nomm\u00e9e directrice de la communication du groupe Stellantis, tandis que Clara Ingen-Housz a \u00e9t\u00e9 charg\u00e9e de diriger le d\u00e9partement \u00ab Politiques publiques et strat\u00e9gie r\u00e9glementaire \u2013 Commerce international \u00bb.<\/p>\n<h4>Belloni \u00e0\u2026<\/h4>\n<p>M. Belloni fait son retour chez Stellantis, o\u00f9 il a pr\u00e9c\u00e9demment pass\u00e9 16 ans \u00e0 diriger la strat\u00e9gie marketing des marques italiennes et fran\u00e7aises du groupe. Il a notamment occup\u00e9 les postes de directeur marketing des marques Fiat et Lancia, de directeur g\u00e9n\u00e9ral de Lancia France et de vice-pr\u00e9sident du marketing pour la r\u00e9gion Asie-Pacifique.<\/p>\n<figure id=\"attachment_192968\" aria-describedby=\"caption-attachment-192968\" style=\"width: 633px\" class=\"wp-caption alignnone\"><img data-recalc-dims=\"1\" loading=\"lazy\" decoding=\"async\" class=\"wp-image-192968\" src=\"https:\/\/i0.wp.com\/newmobility.news\/wp-content\/uploads\/2026\/09\/Scherm%C2%ADafbeelding-2026-09-01-om-11.06.46.png?resize=633%2C473&#038;ssl=1\" alt=\"\" width=\"633\" height=\"473\" \/><figcaption id=\"caption-attachment-192968\" class=\"wp-caption-text\">Arnaud Belloni est revenu dans son ancienne maison \/ Stellantis<\/figcaption><\/figure>\n<p>De 2015 \u00e0 2020, il a occup\u00e9 le poste de directeur marketing mondial de Citro\u00ebn, en charge de la communication et du sport. \u00c0 ce titre, il a lanc\u00e9 la strat\u00e9gie de marque \u2018 Citro\u00ebn \u2013 Inspired by You \u2019, transform\u00e9 l\u2019exp\u00e9rience client gr\u00e2ce \u00e0 des concepts num\u00e9riques et de vente au d\u00e9tail tels que \u2018 la maison Citro\u00ebn \u2019, et pilot\u00e9 un vaste portefeuille de lancements de produits. Sous sa direction, Citro\u00ebn a enregistr\u00e9 huit ann\u00e9es cons\u00e9cutives de croissance de ses ventes en Europe et est devenue la marque automobile pr\u00e9f\u00e9r\u00e9e des Fran\u00e7ais.<\/p>\n<p>Il revient chez Stellantis apr\u00e8s avoir travaill\u00e9 au sein du groupe Renault, o\u00f9 il a occup\u00e9 le poste de directeur marketing mondial \u00e0 partir de novembre 2020, puis celui de directeur de l'image de marque pour l'ensemble des marques du groupe \u00e0 partir de mai 2023.<\/p>\n<p>\u201c Nous sommes ravis d\u2019accueillir \u00e0 nouveau Arnaud au sein de Stellantis. Sa vision internationale, son leadership cr\u00e9atif et sa connaissance approfondie de nos marques constitueront des atouts inestimables alors que nous renfor\u00e7ons nos activit\u00e9s marketing \u00e0 travers l\u2019Europe et que nous ouvrons un nouveau chapitre pour Fiat, Abarth et Lancia \u201d, a d\u00e9clar\u00e9 M. Cappellano.<\/p>\n<h4>\u2026Fran\u00e7ois, c'est fini<\/h4>\n<p>Le pr\u00e9d\u00e9cesseur de M. Belloni, Olivier Fran\u00e7ois, a apport\u00e9 sa contribution \u00e0 plusieurs marques de Stellantis, mettant \u00e0 profit son expertise dans les domaines de l'exploitation, des ventes, du marketing, du d\u00e9veloppement de marque et de la strat\u00e9gie.<\/p>\n<p>Au cours de ses plus de 30 ans de carri\u00e8re, il a occup\u00e9 une s\u00e9rie de postes de direction, notamment celui de PDG de Chrysler, Fiat, Abarth, DS Automobiles et Lancia, ainsi que celui de directeur marketing mondial.<\/p>\n<p>Tout au long de sa carri\u00e8re, Fran\u00e7ois a jou\u00e9 un r\u00f4le d\u00e9terminant dans l'\u00e9laboration de strat\u00e9gies de marque et la conception de campagnes publicitaires prim\u00e9es \u00e0 l'\u00e9chelle mondiale. Olivier Fran\u00e7ois accompagnera M. Belloni jusqu'\u00e0 la mi-octobre afin d'assurer une transition en douceur et continuera \u00e0 soutenir Stellantis en tant que conseiller strat\u00e9gique de la soci\u00e9t\u00e9.<\/p>\n<p>Malgr\u00e9 une carri\u00e8re de longue date chez Fiat, FCA et Stellantis, Fran\u00e7ois aurait apparemment \u00e9t\u00e9 pri\u00e9 de quitter l\u2019entreprise. Apr\u00e8s le mandat de Carlos Tavares et la direction par int\u00e9rim de John Elkann, h\u00e9ritier de la famille Agnelli, le nouveau PDG de Stellantis, Antonio Filosa, a men\u00e9 une vaste op\u00e9ration de r\u00e9organisation et d\u2019assainissement qui semble d\u00e9sormais toucher \u00e0 sa fin avec la mise en \u0153uvre compl\u00e8te de la \u2018 strat\u00e9gie FaSTLAne 2030 \u2019 et le repositionnement de nombreux acteurs.<\/p>\n<p>Au cours des 30 derni\u00e8res ann\u00e9es, Fran\u00e7ois a toujours \u00e9t\u00e9 pr\u00e9sent au sein de cette entreprise et de ses pr\u00e9d\u00e9cesseurs, m\u00eame dans les moments difficiles. Aujourd\u2019hui, son heure est venue, non sans un mot d\u2019adieu de la part du nouveau grand patron : \u201c Au nom de toute l\u2019\u00e9quipe Stellantis, je tiens \u00e0 remercier Olivier pour ses nombreuses ann\u00e9es de contributions exceptionnelles et pour son leadership au sein de nos marques et de notre organisation marketing. Nous lui souhaitons beaucoup de succ\u00e8s dans cette nouvelle \u00e9tape de sa carri\u00e8re et nous nous r\u00e9jouissons de continuer \u00e0 b\u00e9n\u00e9ficier de son exp\u00e9rience et de son expertise en tant que conseiller strat\u00e9gique de notre entreprise. \u201d<\/p>","protected":false},"excerpt":{"rendered":"<p>Stellantis announces (again) new appointments within its Enlarged Europe Organization, effective September 1, as it continues executing its Fastlane 2030 strategic plan. Reporting to Emanuele Cappellano, COO Enlarged Europe, are now Arnaud Belloni, who has been appointed CEO of the FIAT, Abarth, and Lancia brands and chief marketing officer for Europe; Xavier Chardon, who has [&hellip;]<\/p>\n","protected":false},"author":13,"featured_media":192967,"comment_status":"closed","ping_status":"closed","sticky":false,"template":"","format":"standard","meta":{"_acf_changed":false,"_jetpack_newsletter_access":"","_jetpack_dont_email_post_to_subs":false,"_jetpack_newsletter_tier_id":0,"_jetpack_memberships_contains_paywalled_content":false,"_jetpack_feature_clip_id":0,"_jetpack_memberships_contains_paid_content":false,"footnotes":"","jetpack_publicize_message":"{title}\r\n\r\n{excerpt}\r\n\r\n{url}","jetpack_publicize_feature_enabled":true,"jetpack_social_post_already_shared":true,"jetpack_social_options":{"image_generator_settings":{"template":"highway","default_image_id":0,"font":"","enabled":false},"version":2},"_wpas_customize_per_network":false,"jetpack_post_was_ever_published":false},"categories":[28,16,4],"tags":[],"class_list":["post-192942","post","type-post","status-publish","format-standard","has-post-thumbnail","hentry","category-europe","category-industry","category-top-stories-today"],"acf":[],"featured_image_urls_v2":{"full":["https:\/\/i0.wp.com\/newmobility.news\/wp-content\/uploads\/2026\/09\/Scherm%C2%ADafbeelding-2026-09-01-om-11.02.13.png?fit=2062%2C1038&ssl=1",2062,1038,false],"thumbnail":["https:\/\/i0.wp.com\/newmobility.news\/wp-content\/uploads\/2026\/09\/Scherm%C2%ADafbeelding-2026-09-01-om-11.02.13.png?resize=150%2C150&ssl=1",150,150,true],"medium":["https:\/\/i0.wp.com\/newmobility.news\/wp-content\/uploads\/2026\/09\/Scherm%C2%ADafbeelding-2026-09-01-om-11.02.13.png?fit=300%2C151&ssl=1",300,151,true],"medium_large":["https:\/\/i0.wp.com\/newmobility.news\/wp-content\/uploads\/2026\/09\/Scherm%C2%ADafbeelding-2026-09-01-om-11.02.13.png?fit=640%2C322&ssl=1",640,322,true],"large":["https:\/\/i0.wp.com\/newmobility.news\/wp-content\/uploads\/2026\/09\/Scherm%C2%ADafbeelding-2026-09-01-om-11.02.13.png?fit=640%2C322&ssl=1",640,322,true],"1536x1536":["https:\/\/i0.wp.com\/newmobility.news\/wp-content\/uploads\/2026\/09\/Scherm%C2%ADafbeelding-2026-09-01-om-11.02.13.png?fit=1536%2C773&ssl=1",1536,773,true],"2048x2048":["https:\/\/i0.wp.com\/newmobility.news\/wp-content\/uploads\/2026\/09\/Scherm%C2%ADafbeelding-2026-09-01-om-11.02.13.png?fit=2048%2C1031&ssl=1",2048,1031,true],"trp-custom-language-flag":["https:\/\/i0.wp.com\/newmobility.news\/wp-content\/uploads\/2026\/09\/Scherm%C2%ADafbeelding-2026-09-01-om-11.02.13.png?fit=18%2C9&ssl=1",18,9,true],"related-thumb":["https:\/\/i0.wp.com\/newmobility.news\/wp-content\/uploads\/2026\/09\/Scherm%C2%ADafbeelding-2026-09-01-om-11.02.13.png?resize=640%2C480&ssl=1",640,480,true],"gform-image-choice-sm":["https:\/\/i0.wp.com\/newmobility.news\/wp-content\/uploads\/2026\/09\/Scherm%C2%ADafbeelding-2026-09-01-om-11.02.13.png?resize=300%2C300&ssl=1",300,300,true],"gform-image-choice-md":["https:\/\/i0.wp.com\/newmobility.news\/wp-content\/uploads\/2026\/09\/Scherm%C2%ADafbeelding-2026-09-01-om-11.02.13.png?resize=400%2C400&ssl=1",400,400,true],"gform-image-choice-lg":["https:\/\/i0.wp.com\/newmobility.news\/wp-content\/uploads\/2026\/09\/Scherm%C2%ADafbeelding-2026-09-01-om-11.02.13.png?resize=600%2C600&ssl=1",600,600,true],"mailchimp":["https:\/\/i0.wp.com\/newmobility.news\/wp-content\/uploads\/2026\/09\/Scherm%C2%ADafbeelding-2026-09-01-om-11.02.13.png?fit=560%2C282&ssl=1",560,282,true],"unipress-phone":["https:\/\/i0.wp.com\/newmobility.news\/wp-content\/uploads\/2026\/09\/Scherm%C2%ADafbeelding-2026-09-01-om-11.02.13.png?resize=640%2C100&ssl=1",640,100,true],"unipress-tablet":["https:\/\/i0.wp.com\/newmobility.news\/wp-content\/uploads\/2026\/09\/Scherm%C2%ADafbeelding-2026-09-01-om-11.02.13.png?resize=1536%2C240&ssl=1",1536,240,true],"unipress-tablet-portrait":["https:\/\/i0.wp.com\/newmobility.news\/wp-content\/uploads\/2026\/09\/Scherm%C2%ADafbeelding-2026-09-01-om-11.02.13.png?resize=1536%2C180&ssl=1",1536,180,true],"unipress-tablet-landscape":["https:\/\/i0.wp.com\/newmobility.news\/wp-content\/uploads\/2026\/09\/Scherm%C2%ADafbeelding-2026-09-01-om-11.02.13.png?resize=2048%2C180&ssl=1",2048,180,true],"unipress-smartphone":["https:\/\/i0.wp.com\/newmobility.news\/wp-content\/uploads\/2026\/09\/Scherm%C2%ADafbeelding-2026-09-01-om-11.02.13.png?resize=1080%2C168&ssl=1",1080,168,true],"unipress-wide-screen":["https:\/\/i0.wp.com\/newmobility.news\/wp-content\/uploads\/2026\/09\/Scherm%C2%ADafbeelding-2026-09-01-om-11.02.13.png?resize=2062%2C180&ssl=1",2062,180,true]},"post_excerpt_stackable_v2":"<p>Stellantis announces (again) new appointments within its Enlarged Europe Organization, effective September 1, as it continues executing its Fastlane 2030 strategic plan. Reporting to Emanuele Cappellano, COO Enlarged Europe, are now Arnaud Belloni, who has been appointed CEO of the FIAT, Abarth, and Lancia brands and chief marketing officer for Europe; Xavier Chardon, who has been appointed CEO of DS Automobiles, in addition to his current responsibilities for Citro\u00ebn; Xavier Peugeot, who has been appointed Head of the Jeep brand in Europe, a newly established position reporting directly to Enlarged Europe COO. This role is designed to give Jeep the&hellip;<\/p>\n","category_list_v2":"<a href=\"https:\/\/newmobility.news\/fr\/category\/europe\/\" rel=\"category tag\">Europe<\/a>, <a href=\"https:\/\/newmobility.news\/fr\/category\/industry\/\" rel=\"category tag\">Industry<\/a>, <a href=\"https:\/\/newmobility.news\/fr\/category\/top-stories-today\/\" rel=\"category tag\">Top Stories Today<\/a>","author_info_v2":{"name":"Tony Verhelle","url":"https:\/\/newmobility.news\/fr\/author\/toverbel\/"},"comments_num_v2":"0 comments","yoast_head":"<!-- This site is optimized with the Yoast SEO plugin v28.3 - https:\/\/yoast.com\/product\/yoast-seo-wordpress\/ -->\n<title>Stellantis reshuffles its Enlarged Europe Organization - newmobility.news<\/title>\n<meta name=\"robots\" content=\"index, follow, max-snippet:-1, max-image-preview:large, max-video-preview:-1\" \/>\n<link rel=\"canonical\" href=\"https:\/\/newmobility.news\/fr\/2026\/09\/01\/stellantis-reshuffles-its-enlarged-europe-organization\/\" \/>\n<meta property=\"og:locale\" content=\"fr_FR\" \/>\n<meta property=\"og:type\" content=\"article\" \/>\n<meta property=\"og:title\" content=\"Stellantis reshuffles its Enlarged Europe Organization - newmobility.news\" \/>\n<meta property=\"og:description\" content=\"Stellantis announces (again) new appointments within its Enlarged Europe Organization, effective September 1, as it continues executing its Fastlane 2030 strategic plan. Reporting to Emanuele Cappellano, COO Enlarged Europe, are now Arnaud Belloni, who has been appointed CEO of the FIAT, Abarth, and Lancia brands and chief marketing officer for Europe; Xavier Chardon, who has [&hellip;]\" \/>\n<meta property=\"og:url\" content=\"https:\/\/newmobility.news\/fr\/2026\/09\/01\/stellantis-reshuffles-its-enlarged-europe-organization\/\" \/>\n<meta property=\"og:site_name\" content=\"newmobility.news\" \/>\n<meta property=\"article:publisher\" content=\"https:\/\/www.facebook.com\/search\/top\/?q=newmobility.news\" \/>\n<meta property=\"article:published_time\" content=\"2026-09-01T10:20:53+00:00\" \/>\n<meta property=\"og:image\" content=\"https:\/\/i0.wp.com\/newmobility.news\/wp-content\/uploads\/2026\/09\/Scherm%C2%ADafbeelding-2026-09-01-om-11.02.13.png?fit=2062%2C1038&ssl=1\" \/>\n\t<meta property=\"og:image:width\" content=\"2062\" \/>\n\t<meta property=\"og:image:height\" content=\"1038\" \/>\n\t<meta property=\"og:image:type\" content=\"image\/png\" \/>\n<meta name=\"author\" content=\"Tony Verhelle\" \/>\n<meta name=\"twitter:card\" content=\"summary_large_image\" \/>\n<meta name=\"twitter:creator\" content=\"@jorisvry\" \/>\n<meta name=\"twitter:site\" content=\"@jorisvry\" \/>\n<meta name=\"twitter:label1\" content=\"\u00c9crit par\" \/>\n\t<meta name=\"twitter:data1\" content=\"Tony Verhelle\" \/>\n\t<meta name=\"twitter:label2\" content=\"Dur\u00e9e de lecture est.\" \/>\n\t<meta name=\"twitter:data2\" content=\"5 minutes\" \/>\n<script type=\"application\/ld+json\" class=\"yoast-schema-graph\">{\"@context\":\"https:\\\/\\\/schema.org\",\"@graph\":[{\"@type\":\"Article\",\"@id\":\"https:\\\/\\\/newmobility.news\\\/2026\\\/09\\\/01\\\/stellantis-reshuffles-its-enlarged-europe-organization\\\/#article\",\"isPartOf\":{\"@id\":\"https:\\\/\\\/newmobility.news\\\/2026\\\/09\\\/01\\\/stellantis-reshuffles-its-enlarged-europe-organization\\\/\"},\"author\":{\"name\":\"Tony Verhelle\",\"@id\":\"https:\\\/\\\/newmobility.news\\\/#\\\/schema\\\/person\\\/9ed42cfc4d62d98488c1d6e225040557\"},\"headline\":\"Stellantis reshuffles its Enlarged Europe Organization\",\"datePublished\":\"2026-09-01T10:20:53+00:00\",\"mainEntityOfPage\":{\"@id\":\"https:\\\/\\\/newmobility.news\\\/2026\\\/09\\\/01\\\/stellantis-reshuffles-its-enlarged-europe-organization\\\/\"},\"wordCount\":826,\"publisher\":{\"@id\":\"https:\\\/\\\/newmobility.news\\\/#organization\"},\"image\":{\"@id\":\"https:\\\/\\\/newmobility.news\\\/2026\\\/09\\\/01\\\/stellantis-reshuffles-its-enlarged-europe-organization\\\/#primaryimage\"},\"thumbnailUrl\":\"https:\\\/\\\/i0.wp.com\\\/newmobility.news\\\/wp-content\\\/uploads\\\/2026\\\/09\\\/Scherm%C2%ADafbeelding-2026-09-01-om-11.02.13.png?fit=2062%2C1038&ssl=1\",\"articleSection\":[\"Europe\",\"Industry\",\"Top Stories Today\"],\"inLanguage\":\"fr-BE\"},{\"@type\":\"WebPage\",\"@id\":\"https:\\\/\\\/newmobility.news\\\/2026\\\/09\\\/01\\\/stellantis-reshuffles-its-enlarged-europe-organization\\\/\",\"url\":\"https:\\\/\\\/newmobility.news\\\/2026\\\/09\\\/01\\\/stellantis-reshuffles-its-enlarged-europe-organization\\\/\",\"name\":\"Stellantis reshuffles its Enlarged Europe Organization - newmobility.news\",\"isPartOf\":{\"@id\":\"https:\\\/\\\/newmobility.news\\\/#website\"},\"primaryImageOfPage\":{\"@id\":\"https:\\\/\\\/newmobility.news\\\/2026\\\/09\\\/01\\\/stellantis-reshuffles-its-enlarged-europe-organization\\\/#primaryimage\"},\"image\":{\"@id\":\"https:\\\/\\\/newmobility.news\\\/2026\\\/09\\\/01\\\/stellantis-reshuffles-its-enlarged-europe-organization\\\/#primaryimage\"},\"thumbnailUrl\":\"https:\\\/\\\/i0.wp.com\\\/newmobility.news\\\/wp-content\\\/uploads\\\/2026\\\/09\\\/Scherm%C2%ADafbeelding-2026-09-01-om-11.02.13.png?fit=2062%2C1038&ssl=1\",\"datePublished\":\"2026-09-01T10:20:53+00:00\",\"breadcrumb\":{\"@id\":\"https:\\\/\\\/newmobility.news\\\/2026\\\/09\\\/01\\\/stellantis-reshuffles-its-enlarged-europe-organization\\\/#breadcrumb\"},\"inLanguage\":\"fr-BE\",\"potentialAction\":[{\"@type\":\"ReadAction\",\"target\":[\"https:\\\/\\\/newmobility.news\\\/2026\\\/09\\\/01\\\/stellantis-reshuffles-its-enlarged-europe-organization\\\/\"]}]},{\"@type\":\"ImageObject\",\"inLanguage\":\"fr-BE\",\"@id\":\"https:\\\/\\\/newmobility.news\\\/2026\\\/09\\\/01\\\/stellantis-reshuffles-its-enlarged-europe-organization\\\/#primaryimage\",\"url\":\"https:\\\/\\\/i0.wp.com\\\/newmobility.news\\\/wp-content\\\/uploads\\\/2026\\\/09\\\/Scherm%C2%ADafbeelding-2026-09-01-om-11.02.13.png?fit=2062%2C1038&ssl=1\",\"contentUrl\":\"https:\\\/\\\/i0.wp.com\\\/newmobility.news\\\/wp-content\\\/uploads\\\/2026\\\/09\\\/Scherm%C2%ADafbeelding-2026-09-01-om-11.02.13.png?fit=2062%2C1038&ssl=1\",\"width\":2062,\"height\":1038,\"caption\":\"Stellantis Enlarged Europe has had its final reshuffle, at least that's the aim \\\/Stellantis\"},{\"@type\":\"BreadcrumbList\",\"@id\":\"https:\\\/\\\/newmobility.news\\\/2026\\\/09\\\/01\\\/stellantis-reshuffles-its-enlarged-europe-organization\\\/#breadcrumb\",\"itemListElement\":[{\"@type\":\"ListItem\",\"position\":1,\"name\":\"Home\",\"item\":\"https:\\\/\\\/newmobility.news\\\/\"},{\"@type\":\"ListItem\",\"position\":2,\"name\":\"Stellantis reshuffles its Enlarged Europe Organization\"}]},{\"@type\":\"WebSite\",\"@id\":\"https:\\\/\\\/newmobility.news\\\/#website\",\"url\":\"https:\\\/\\\/newmobility.news\\\/\",\"name\":\"newmobility.news\",\"description\":\"A B2BNews Agency\u00ae news service for mobility business proessional\",\"publisher\":{\"@id\":\"https:\\\/\\\/newmobility.news\\\/#organization\"},\"potentialAction\":[{\"@type\":\"SearchAction\",\"target\":{\"@type\":\"EntryPoint\",\"urlTemplate\":\"https:\\\/\\\/newmobility.news\\\/?s={search_term_string}\"},\"query-input\":{\"@type\":\"PropertyValueSpecification\",\"valueRequired\":true,\"valueName\":\"search_term_string\"}}],\"inLanguage\":\"fr-BE\"},{\"@type\":\"Organization\",\"@id\":\"https:\\\/\\\/newmobility.news\\\/#organization\",\"name\":\"B2BNews Agency\",\"url\":\"https:\\\/\\\/newmobility.news\\\/\",\"logo\":{\"@type\":\"ImageObject\",\"inLanguage\":\"fr-BE\",\"@id\":\"https:\\\/\\\/newmobility.news\\\/#\\\/schema\\\/logo\\\/image\\\/\",\"url\":\"https:\\\/\\\/newmobility.news\\\/wp-content\\\/uploads\\\/2018\\\/01\\\/b2bnews-agency-logo.png\",\"contentUrl\":\"https:\\\/\\\/newmobility.news\\\/wp-content\\\/uploads\\\/2018\\\/01\\\/b2bnews-agency-logo.png\",\"width\":\"581\",\"height\":\"117\",\"caption\":\"B2BNews Agency\"},\"image\":{\"@id\":\"https:\\\/\\\/newmobility.news\\\/#\\\/schema\\\/logo\\\/image\\\/\"},\"sameAs\":[\"https:\\\/\\\/www.facebook.com\\\/search\\\/top\\\/?q=newmobility.news\",\"https:\\\/\\\/x.com\\\/jorisvry\",\"https:\\\/\\\/www.linkedin.com\\\/in\\\/jorisvanroy\\\/\",\"https:\\\/\\\/nl.pinterest.com\\\/jorisvanroy\\\/\"]},{\"@type\":\"Person\",\"@id\":\"https:\\\/\\\/newmobility.news\\\/#\\\/schema\\\/person\\\/9ed42cfc4d62d98488c1d6e225040557\",\"name\":\"Tony Verhelle\",\"image\":{\"@type\":\"ImageObject\",\"inLanguage\":\"fr-BE\",\"@id\":\"https:\\\/\\\/secure.gravatar.com\\\/avatar\\\/3aa7bc7e3c29543b27eddb4850cf5b080b7eed539a9cc5c8807f7fae34c56438?s=96&d=mm&r=g\",\"url\":\"https:\\\/\\\/secure.gravatar.com\\\/avatar\\\/3aa7bc7e3c29543b27eddb4850cf5b080b7eed539a9cc5c8807f7fae34c56438?s=96&d=mm&r=g\",\"contentUrl\":\"https:\\\/\\\/secure.gravatar.com\\\/avatar\\\/3aa7bc7e3c29543b27eddb4850cf5b080b7eed539a9cc5c8807f7fae34c56438?s=96&d=mm&r=g\",\"caption\":\"Tony Verhelle\"},\"url\":\"https:\\\/\\\/newmobility.news\\\/fr\\\/author\\\/toverbel\\\/\"}]}<\/script>\n<!-- \/ Yoast SEO plugin. -->","yoast_head_json":{"title":"Stellantis proc\u00e8de \u00e0 un remaniement de son organisation pour l'Europe \u00e9largie - newmobility.news","robots":{"index":"index","follow":"follow","max-snippet":"max-snippet:-1","max-image-preview":"max-image-preview:large","max-video-preview":"max-video-preview:-1"},"canonical":"https:\/\/newmobility.news\/fr\/2026\/09\/01\/stellantis-reshuffles-its-enlarged-europe-organization\/","og_locale":"fr_FR","og_type":"article","og_title":"Stellantis reshuffles its Enlarged Europe Organization - newmobility.news","og_description":"Stellantis announces (again) new appointments within its Enlarged Europe Organization, effective September 1, as it continues executing its Fastlane 2030 strategic plan. Reporting to Emanuele Cappellano, COO Enlarged Europe, are now Arnaud Belloni, who has been appointed CEO of the FIAT, Abarth, and Lancia brands and chief marketing officer for Europe; Xavier Chardon, who has [&hellip;]","og_url":"https:\/\/newmobility.news\/fr\/2026\/09\/01\/stellantis-reshuffles-its-enlarged-europe-organization\/","og_site_name":"newmobility.news","article_publisher":"https:\/\/www.facebook.com\/search\/top\/?q=newmobility.news","article_published_time":"2026-09-01T10:20:53+00:00","og_image":[{"width":2062,"height":1038,"url":"https:\/\/i0.wp.com\/newmobility.news\/wp-content\/uploads\/2026\/09\/Scherm%C2%ADafbeelding-2026-09-01-om-11.02.13.png?fit=2062%2C1038&ssl=1","type":"image\/png"}],"author":"Tony Verhelle","twitter_card":"summary_large_image","twitter_creator":"@jorisvry","twitter_site":"@jorisvry","twitter_misc":{"\u00c9crit par":"Tony Verhelle","Dur\u00e9e de lecture est.":"5 minutes"},"schema":{"@context":"https:\/\/schema.org","@graph":[{"@type":"Article","@id":"https:\/\/newmobility.news\/2026\/09\/01\/stellantis-reshuffles-its-enlarged-europe-organization\/#article","isPartOf":{"@id":"https:\/\/newmobility.news\/2026\/09\/01\/stellantis-reshuffles-its-enlarged-europe-organization\/"},"author":{"name":"Tony Verhelle","@id":"https:\/\/newmobility.news\/#\/schema\/person\/9ed42cfc4d62d98488c1d6e225040557"},"headline":"Stellantis reshuffles its Enlarged Europe Organization","datePublished":"2026-09-01T10:20:53+00:00","mainEntityOfPage":{"@id":"https:\/\/newmobility.news\/2026\/09\/01\/stellantis-reshuffles-its-enlarged-europe-organization\/"},"wordCount":826,"publisher":{"@id":"https:\/\/newmobility.news\/#organization"},"image":{"@id":"https:\/\/newmobility.news\/2026\/09\/01\/stellantis-reshuffles-its-enlarged-europe-organization\/#primaryimage"},"thumbnailUrl":"https:\/\/i0.wp.com\/newmobility.news\/wp-content\/uploads\/2026\/09\/Scherm%C2%ADafbeelding-2026-09-01-om-11.02.13.png?fit=2062%2C1038&ssl=1","articleSection":["Europe","Industry","Top Stories Today"],"inLanguage":"fr-BE"},{"@type":"WebPage","@id":"https:\/\/newmobility.news\/2026\/09\/01\/stellantis-reshuffles-its-enlarged-europe-organization\/","url":"https:\/\/newmobility.news\/2026\/09\/01\/stellantis-reshuffles-its-enlarged-europe-organization\/","name":"Stellantis proc\u00e8de \u00e0 un remaniement de son organisation pour l'Europe \u00e9largie - newmobility.news","isPartOf":{"@id":"https:\/\/newmobility.news\/#website"},"primaryImageOfPage":{"@id":"https:\/\/newmobility.news\/2026\/09\/01\/stellantis-reshuffles-its-enlarged-europe-organization\/#primaryimage"},"image":{"@id":"https:\/\/newmobility.news\/2026\/09\/01\/stellantis-reshuffles-its-enlarged-europe-organization\/#primaryimage"},"thumbnailUrl":"https:\/\/i0.wp.com\/newmobility.news\/wp-content\/uploads\/2026\/09\/Scherm%C2%ADafbeelding-2026-09-01-om-11.02.13.png?fit=2062%2C1038&ssl=1","datePublished":"2026-09-01T10:20:53+00:00","breadcrumb":{"@id":"https:\/\/newmobility.news\/2026\/09\/01\/stellantis-reshuffles-its-enlarged-europe-organization\/#breadcrumb"},"inLanguage":"fr-BE","potentialAction":[{"@type":"ReadAction","target":["https:\/\/newmobility.news\/2026\/09\/01\/stellantis-reshuffles-its-enlarged-europe-organization\/"]}]},{"@type":"ImageObject","inLanguage":"fr-BE","@id":"https:\/\/newmobility.news\/2026\/09\/01\/stellantis-reshuffles-its-enlarged-europe-organization\/#primaryimage","url":"https:\/\/i0.wp.com\/newmobility.news\/wp-content\/uploads\/2026\/09\/Scherm%C2%ADafbeelding-2026-09-01-om-11.02.13.png?fit=2062%2C1038&ssl=1","contentUrl":"https:\/\/i0.wp.com\/newmobility.news\/wp-content\/uploads\/2026\/09\/Scherm%C2%ADafbeelding-2026-09-01-om-11.02.13.png?fit=2062%2C1038&ssl=1","width":2062,"height":1038,"caption":"Stellantis Enlarged Europe has had its final reshuffle, at least that's the aim \/Stellantis"},{"@type":"BreadcrumbList","@id":"https:\/\/newmobility.news\/2026\/09\/01\/stellantis-reshuffles-its-enlarged-europe-organization\/#breadcrumb","itemListElement":[{"@type":"ListItem","position":1,"name":"Home","item":"https:\/\/newmobility.news\/"},{"@type":"ListItem","position":2,"name":"Stellantis reshuffles its Enlarged Europe Organization"}]},{"@type":"WebSite","@id":"https:\/\/newmobility.news\/#website","url":"https:\/\/newmobility.news\/","name":"nouveaumobilit\u00e9.actualit\u00e9s","description":"Un service d'information B2BNews Agency\u00ae destin\u00e9 aux professionnels de la mobilit\u00e9","publisher":{"@id":"https:\/\/newmobility.news\/#organization"},"potentialAction":[{"@type":"SearchAction","target":{"@type":"EntryPoint","urlTemplate":"https:\/\/newmobility.news\/?s={search_term_string}"},"query-input":{"@type":"PropertyValueSpecification","valueRequired":true,"valueName":"search_term_string"}}],"inLanguage":"fr-BE"},{"@type":"Organization","@id":"https:\/\/newmobility.news\/#organization","name":"Agence de presse B2BNews","url":"https:\/\/newmobility.news\/","logo":{"@type":"ImageObject","inLanguage":"fr-BE","@id":"https:\/\/newmobility.news\/#\/schema\/logo\/image\/","url":"https:\/\/newmobility.news\/wp-content\/uploads\/2018\/01\/b2bnews-agency-logo.png","contentUrl":"https:\/\/newmobility.news\/wp-content\/uploads\/2018\/01\/b2bnews-agency-logo.png","width":"581","height":"117","caption":"B2BNews Agency"},"image":{"@id":"https:\/\/newmobility.news\/#\/schema\/logo\/image\/"},"sameAs":["https:\/\/www.facebook.com\/search\/top\/?q=newmobility.news","https:\/\/x.com\/jorisvry","https:\/\/www.linkedin.com\/in\/jorisvanroy\/","https:\/\/nl.pinterest.com\/jorisvanroy\/"]},{"@type":"Person","@id":"https:\/\/newmobility.news\/#\/schema\/person\/9ed42cfc4d62d98488c1d6e225040557","name":"Tony Verhelle","image":{"@type":"ImageObject","inLanguage":"fr-BE","@id":"https:\/\/secure.gravatar.com\/avatar\/3aa7bc7e3c29543b27eddb4850cf5b080b7eed539a9cc5c8807f7fae34c56438?s=96&d=mm&r=g","url":"https:\/\/secure.gravatar.com\/avatar\/3aa7bc7e3c29543b27eddb4850cf5b080b7eed539a9cc5c8807f7fae34c56438?s=96&d=mm&r=g","contentUrl":"https:\/\/secure.gravatar.com\/avatar\/3aa7bc7e3c29543b27eddb4850cf5b080b7eed539a9cc5c8807f7fae34c56438?s=96&d=mm&r=g","caption":"Tony Verhelle"},"url":"https:\/\/newmobility.news\/fr\/author\/toverbel\/"}]}},"jetpack_publicize_connections":[],"jetpack_shortlink":"https:\/\/wp.me\/p9wJdU-ObY","jetpack_sharing_enabled":true,"jetpack_likes_enabled":true,"jetpack-related-posts":[],"jetpack_featured_media_url":"https:\/\/i0.wp.com\/newmobility.news\/wp-content\/uploads\/2026\/09\/Scherm%C2%ADafbeelding-2026-09-01-om-11.02.13.png?fit=2062%2C1038&ssl=1","_links":{"self":[{"href":"https:\/\/newmobility.news\/fr\/wp-json\/wp\/v2\/posts\/192942","targetHints":{"allow":["GET"]}}],"collection":[{"href":"https:\/\/newmobility.news\/fr\/wp-json\/wp\/v2\/posts"}],"about":[{"href":"https:\/\/newmobility.news\/fr\/wp-json\/wp\/v2\/types\/post"}],"author":[{"embeddable":true,"href":"https:\/\/newmobility.news\/fr\/wp-json\/wp\/v2\/users\/13"}],"replies":[{"embeddable":true,"href":"https:\/\/newmobility.news\/fr\/wp-json\/wp\/v2\/comments?post=192942"}],"version-history":[{"count":3,"href":"https:\/\/newmobility.news\/fr\/wp-json\/wp\/v2\/posts\/192942\/revisions"}],"predecessor-version":[{"id":192994,"href":"https:\/\/newmobility.news\/fr\/wp-json\/wp\/v2\/posts\/192942\/revisions\/192994"}],"wp:featuredmedia":[{"embeddable":true,"href":"https:\/\/newmobility.news\/fr\/wp-json\/wp\/v2\/media\/192967"}],"wp:attachment":[{"href":"https:\/\/newmobility.news\/fr\/wp-json\/wp\/v2\/media?parent=192942"}],"wp:term":[{"taxonomy":"category","embeddable":true,"href":"https:\/\/newmobility.news\/fr\/wp-json\/wp\/v2\/categories?post=192942"},{"taxonomy":"post_tag","embeddable":true,"href":"https:\/\/newmobility.news\/fr\/wp-json\/wp\/v2\/tags?post=192942"}],"curies":[{"name":"wp","href":"https:\/\/api.w.org\/{rel}","templated":true}]}}