{"id":192954,"date":"2026-09-01T12:30:43","date_gmt":"2026-09-01T10:30:43","guid":{"rendered":"https:\/\/newmobility.news\/?p=192954"},"modified":"2026-09-01T12:05:00","modified_gmt":"2026-09-01T10:05:00","slug":"heylen-buys-audi-brussels-site-for-major-3000-job-redevelopment","status":"publish","type":"post","link":"https:\/\/newmobility.news\/fr\/2026\/09\/01\/heylen-buys-audi-brussels-site-for-major-3000-job-redevelopment\/","title":{"rendered":"Heylen rach\u00e8te le site d'Audi \u00e0 Bruxelles en vue d'un vaste projet de r\u00e9am\u00e9nagement cr\u00e9ant 3 000 emplois"},"content":{"rendered":"<p>Heylen Warehouses, la branche immobili\u00e8re de la holding industrielle familiale dirig\u00e9e par l'entrepreneur Wim Heylen, bas\u00e9 \u00e0 Kempen, a acquis l'ancien site d'Audi situ\u00e9 dans la commune bruxelloise de Forrest\/Vorst. Les d\u00e9tails financiers de la transaction n'ont pas \u00e9t\u00e9 divulgu\u00e9s.<\/p>\n<p>Le site s'\u00e9tend sur environ 55 hectares et est \u00e0 l'abandon depuis un an et demi, depuis que la derni\u00e8re voiture est sortie de la cha\u00eene de montage en f\u00e9vrier 2025.<\/p>\n<p>Le projet, qui portera le nom de \u201c Ring Park 21 \u201d, est appel\u00e9 \u00e0 devenir un grand parc d'activit\u00e9s \u00e0 vocation mixte accueillant aussi bien des entreprises locales que des acteurs internationaux, rompant ainsi avec son pass\u00e9 li\u00e9 \u00e0 l'industrie automobile.<\/p>\n<h4>Au moins 3 000 emplois<\/h4>\n<p>On ne sait pas encore quelles entreprises s'implanteront sur le site. Heylen Warehouses, qui a sign\u00e9 un accord avec la R\u00e9gion de Bruxelles-Capitale et la commune, est en pourparlers avec un large \u00e9ventail de parties prenantes.<\/p>\n<p>L'objectif est de faire de ce site l'un des p\u00f4les \u00e9conomiques les plus dynamiques de Bruxelles, accueillant \u00e0 la fois des entreprises nationales et de grandes soci\u00e9t\u00e9s internationales, tout en ouvrant partiellement le site au public et en redynamisant la gare de Forrest\/Vorst-Sud afin de desservir le quartier et la R\u00e9gion.<\/p>\n<p>Ce parc d'activit\u00e9s urbain \u00e0 vocation mixte, destin\u00e9 principalement aux entreprises industrielles et innovantes, devrait cr\u00e9er au moins 3 000 emplois.<\/p>\n<p>Le club de football de l'Union Saint-Gilloise pr\u00e9voit de construire son nouveau stade de 16 000 places tout pr\u00e8s de l\u00e0, sur le site dit de Bempt, litt\u00e9ralement \u00e0 c\u00f4t\u00e9 de l'ancienne usine Audi \u2013 les deux sites sont distants d'environ 1,7 km \u00e0 vol d'oiseau.<\/p>\n<h4>Exp\u00e9rience en mati\u00e8re de r\u00e9am\u00e9nagement<\/h4>\n<p>Le fait que Heylen Warehouses reprenne le site n'est pas tout \u00e0 fait une surprise. Ces derniers mois, des informations confirm\u00e9es avaient d\u00e9j\u00e0 fait \u00e9tat de l'int\u00e9r\u00eat de cette entreprise bas\u00e9e \u00e0 Kempen, avec ou sans la participation \u00e9ventuelle d'AG Real Estate, la branche immobili\u00e8re d'AG Insurance.<\/p>\n<p>Heylen Warehouses a d\u00e9j\u00e0 men\u00e9 \u00e0 bien un projet similaire avec l'ancienne usine Caterpillar de Gosselies, pr\u00e8s de Charleroi (37,5 hectares, destin\u00e9s \u00e0 \u00eatre transform\u00e9s en zone r\u00e9serv\u00e9e aux PME) ; l'entreprise dispose donc d'une exp\u00e9rience av\u00e9r\u00e9e dans ce type de r\u00e9am\u00e9nagement.<\/p>\n<h4>Un d\u00e9ploiement qui s'\u00e9tend sur pr\u00e8s de 10 ans<\/h4>\n<p>Selon BRUZZ, le ministre bruxellois du Travail et de l\u2019\u00c9conomie, Laurent Hublet (Les Engag\u00e9s), n\u00e9gocie \u00e9galement actuellement avec le gouvernement f\u00e9d\u00e9ral au sujet d\u2019un pacte de comp\u00e9titivit\u00e9 pour le site. Il s\u2019agit d\u2019une mesure f\u00e9d\u00e9rale qui permet aux r\u00e9gions d\u2019apporter un soutien aux zones touch\u00e9es par des licenciements \u00e0 grande \u00e9chelle. Plus pr\u00e9cis\u00e9ment, les entreprises qui investissent dans une telle zone d'aide peuvent b\u00e9n\u00e9ficier d'une exon\u00e9ration de 25% de la retenue \u00e0 la source.<\/p>\n<p>L'usine Audi implant\u00e9e sur ce site a ferm\u00e9 ses portes le 28 f\u00e9vrier de l'ann\u00e9e derni\u00e8re ; c'est notamment le Q8 e-tron qui y sortait de la cha\u00eene de montage. Environ 3 000 salari\u00e9s ont perdu leur emploi, et des centaines d'emplois ont \u00e9galement \u00e9t\u00e9 supprim\u00e9s chez les sous-traitants.<\/p>\n<p>Depuis, plus de la moiti\u00e9 d'entre eux ont trouv\u00e9 un nouvel emploi. Mais pour des centaines d'anciens salari\u00e9s, le processus s'av\u00e8re bien plus difficile.<\/p>\n<p>Heylen Warehouses estime qu'il faudra pr\u00e8s de 10 ans pour mener \u00e0 bien l'ensemble du projet. Les emplois promis ne seront donc pas cr\u00e9\u00e9s imm\u00e9diatement.<\/p>\n<p>Le groupe Heylen, dont le si\u00e8ge social est situ\u00e9 \u00e0 Herentals, emploie environ 3 200 personnes r\u00e9parties dans plus de 40 entreprises actives dans des secteurs tels que l'\u00e9nergie, la technologie, l'agroalimentaire, l'\u00e9v\u00e9nementiel et les cuisines.<\/p>","protected":false},"excerpt":{"rendered":"<p>Heylen Warehouses, the real estate arm of the family-owned industrial holding company led by the Kempen-based entrepreneur Wim Heylen, has purchased the former Audi site in the Brussels municipality of Forrest\/Vorst. Financial details of the transaction have not been disclosed. The site covers approximately 55 hectares and has been vacant for a year and a [&hellip;]<\/p>\n","protected":false},"author":164,"featured_media":192990,"comment_status":"closed","ping_status":"closed","sticky":false,"template":"","format":"standard","meta":{"_acf_changed":false,"_jetpack_newsletter_access":"","_jetpack_dont_email_post_to_subs":false,"_jetpack_newsletter_tier_id":0,"_jetpack_memberships_contains_paywalled_content":false,"_jetpack_feature_clip_id":0,"_jetpack_memberships_contains_paid_content":false,"footnotes":"","jetpack_publicize_message":"{title}\r\n\r\n{excerpt}\r\n\r\n{url}","jetpack_publicize_feature_enabled":true,"jetpack_social_post_already_shared":true,"jetpack_social_options":{"image_generator_settings":{"template":"highway","default_image_id":0,"font":"","enabled":false},"version":2},"_wpas_customize_per_network":false,"jetpack_post_was_ever_published":false},"categories":[77170,16,7,4],"tags":[],"class_list":["post-192954","post","type-post","status-publish","format-standard","has-post-thumbnail","hentry","category-belgium","category-industry","category-mobility","category-top-stories-today"],"acf":[],"featured_image_urls_v2":{"full":["https:\/\/i0.wp.com\/newmobility.news\/wp-content\/uploads\/2026\/09\/A1612570_web_2880-png-scaled.png?fit=2560%2C1440&ssl=1",2560,1440,false],"thumbnail":["https:\/\/i0.wp.com\/newmobility.news\/wp-content\/uploads\/2026\/09\/A1612570_web_2880-png-scaled.png?resize=150%2C150&ssl=1",150,150,true],"medium":["https:\/\/i0.wp.com\/newmobility.news\/wp-content\/uploads\/2026\/09\/A1612570_web_2880-png-scaled.png?fit=300%2C169&ssl=1",300,169,true],"medium_large":["https:\/\/i0.wp.com\/newmobility.news\/wp-content\/uploads\/2026\/09\/A1612570_web_2880-png-scaled.png?fit=640%2C360&ssl=1",640,360,true],"large":["https:\/\/i0.wp.com\/newmobility.news\/wp-content\/uploads\/2026\/09\/A1612570_web_2880-png-scaled.png?fit=640%2C360&ssl=1",640,360,true],"1536x1536":["https:\/\/i0.wp.com\/newmobility.news\/wp-content\/uploads\/2026\/09\/A1612570_web_2880-png-scaled.png?fit=1536%2C864&ssl=1",1536,864,true],"2048x2048":["https:\/\/i0.wp.com\/newmobility.news\/wp-content\/uploads\/2026\/09\/A1612570_web_2880-png-scaled.png?fit=2048%2C1152&ssl=1",2048,1152,true],"trp-custom-language-flag":["https:\/\/i0.wp.com\/newmobility.news\/wp-content\/uploads\/2026\/09\/A1612570_web_2880-png-scaled.png?fit=18%2C10&ssl=1",18,10,true],"related-thumb":["https:\/\/i0.wp.com\/newmobility.news\/wp-content\/uploads\/2026\/09\/A1612570_web_2880-png-scaled.png?resize=640%2C480&ssl=1",640,480,true],"gform-image-choice-sm":["https:\/\/i0.wp.com\/newmobility.news\/wp-content\/uploads\/2026\/09\/A1612570_web_2880-png-scaled.png?resize=300%2C300&ssl=1",300,300,true],"gform-image-choice-md":["https:\/\/i0.wp.com\/newmobility.news\/wp-content\/uploads\/2026\/09\/A1612570_web_2880-png-scaled.png?resize=400%2C400&ssl=1",400,400,true],"gform-image-choice-lg":["https:\/\/i0.wp.com\/newmobility.news\/wp-content\/uploads\/2026\/09\/A1612570_web_2880-png-scaled.png?resize=600%2C600&ssl=1",600,600,true],"mailchimp":["https:\/\/i0.wp.com\/newmobility.news\/wp-content\/uploads\/2026\/09\/A1612570_web_2880-png-scaled.png?fit=560%2C315&ssl=1",560,315,true],"unipress-phone":["https:\/\/i0.wp.com\/newmobility.news\/wp-content\/uploads\/2026\/09\/A1612570_web_2880-png-scaled.png?resize=640%2C100&ssl=1",640,100,true],"unipress-tablet":["https:\/\/i0.wp.com\/newmobility.news\/wp-content\/uploads\/2026\/09\/A1612570_web_2880-png-scaled.png?resize=1536%2C240&ssl=1",1536,240,true],"unipress-tablet-portrait":["https:\/\/i0.wp.com\/newmobility.news\/wp-content\/uploads\/2026\/09\/A1612570_web_2880-png-scaled.png?resize=1536%2C180&ssl=1",1536,180,true],"unipress-tablet-landscape":["https:\/\/i0.wp.com\/newmobility.news\/wp-content\/uploads\/2026\/09\/A1612570_web_2880-png-scaled.png?resize=2048%2C180&ssl=1",2048,180,true],"unipress-smartphone":["https:\/\/i0.wp.com\/newmobility.news\/wp-content\/uploads\/2026\/09\/A1612570_web_2880-png-scaled.png?resize=1080%2C168&ssl=1",1080,168,true],"unipress-wide-screen":["https:\/\/i0.wp.com\/newmobility.news\/wp-content\/uploads\/2026\/09\/A1612570_web_2880-png-scaled.png?resize=2560%2C180&ssl=1",2560,180,true]},"post_excerpt_stackable_v2":"<p>Heylen Warehouses, the real estate arm of the family-owned industrial holding company led by the Kempen-based entrepreneur Wim Heylen, has purchased the former Audi site in the Brussels municipality of Forrest\/Vorst. Financial details of the transaction have not been disclosed. The site covers approximately 55 hectares and has been vacant for a year and a half since the last car rolled off the assembly line in February 2025. The project will be named &#8220;Ring Park 21&#8221; and is set to become a large mixed-use business park hosting both local firms and international players, thereby severing its ties to the automotive&hellip;<\/p>\n","category_list_v2":"<a href=\"https:\/\/newmobility.news\/fr\/category\/belgium\/\" rel=\"category tag\">Belgium<\/a>, <a href=\"https:\/\/newmobility.news\/fr\/category\/industry\/\" rel=\"category tag\">Industry<\/a>, <a href=\"https:\/\/newmobility.news\/fr\/category\/mobility\/\" rel=\"category tag\">Mobility<\/a>, <a href=\"https:\/\/newmobility.news\/fr\/category\/top-stories-today\/\" rel=\"category tag\">Top Stories Today<\/a>","author_info_v2":{"name":"Luc Joris","url":"https:\/\/newmobility.news\/fr\/author\/belga-5\/"},"comments_num_v2":"0 comments","yoast_head":"<!-- This site is optimized with the Yoast SEO plugin v28.3 - https:\/\/yoast.com\/product\/yoast-seo-wordpress\/ -->\n<title>Heylen buys Audi Brussels site for major 3,000-job redevelopment - newmobility.news<\/title>\n<meta name=\"robots\" content=\"index, follow, max-snippet:-1, max-image-preview:large, max-video-preview:-1\" \/>\n<link rel=\"canonical\" href=\"https:\/\/newmobility.news\/fr\/2026\/09\/01\/heylen-buys-audi-brussels-site-for-major-3000-job-redevelopment\/\" \/>\n<meta property=\"og:locale\" content=\"fr_FR\" \/>\n<meta property=\"og:type\" content=\"article\" \/>\n<meta property=\"og:title\" content=\"Heylen buys Audi Brussels site for major 3,000-job redevelopment - newmobility.news\" \/>\n<meta property=\"og:description\" content=\"Heylen Warehouses, the real estate arm of the family-owned industrial holding company led by the Kempen-based entrepreneur Wim Heylen, has purchased the former Audi site in the Brussels municipality of Forrest\/Vorst. Financial details of the transaction have not been disclosed. The site covers approximately 55 hectares and has been vacant for a year and a [&hellip;]\" \/>\n<meta property=\"og:url\" content=\"https:\/\/newmobility.news\/fr\/2026\/09\/01\/heylen-buys-audi-brussels-site-for-major-3000-job-redevelopment\/\" \/>\n<meta property=\"og:site_name\" content=\"newmobility.news\" \/>\n<meta property=\"article:publisher\" content=\"https:\/\/www.facebook.com\/search\/top\/?q=newmobility.news\" \/>\n<meta property=\"article:published_time\" content=\"2026-09-01T10:30:43+00:00\" \/>\n<meta property=\"og:image\" content=\"https:\/\/newmobility.news\/wp-content\/uploads\/2026\/09\/A1612570_web_2880-png-1024x576.png\" \/>\n\t<meta property=\"og:image:width\" content=\"1024\" \/>\n\t<meta property=\"og:image:height\" content=\"576\" \/>\n\t<meta property=\"og:image:type\" content=\"image\/png\" \/>\n<meta name=\"author\" content=\"Luc Joris\" \/>\n<meta name=\"twitter:card\" content=\"summary_large_image\" \/>\n<meta name=\"twitter:creator\" content=\"@jorisvry\" \/>\n<meta name=\"twitter:site\" content=\"@jorisvry\" \/>\n<meta name=\"twitter:label1\" content=\"\u00c9crit par\" \/>\n\t<meta name=\"twitter:data1\" content=\"Luc Joris\" \/>\n\t<meta name=\"twitter:label2\" content=\"Dur\u00e9e de lecture est.\" \/>\n\t<meta name=\"twitter:data2\" content=\"3 minutes\" \/>\n<script type=\"application\/ld+json\" class=\"yoast-schema-graph\">{\"@context\":\"https:\\\/\\\/schema.org\",\"@graph\":[{\"@type\":\"Article\",\"@id\":\"https:\\\/\\\/newmobility.news\\\/2026\\\/09\\\/01\\\/heylen-buys-audi-brussels-site-for-major-3000-job-redevelopment\\\/#article\",\"isPartOf\":{\"@id\":\"https:\\\/\\\/newmobility.news\\\/2026\\\/09\\\/01\\\/heylen-buys-audi-brussels-site-for-major-3000-job-redevelopment\\\/\"},\"author\":{\"name\":\"Luc Joris\",\"@id\":\"https:\\\/\\\/newmobility.news\\\/#\\\/schema\\\/person\\\/9b4a04002179d83e5be74f13c664b722\"},\"headline\":\"Heylen buys Audi Brussels site for major 3,000-job redevelopment\",\"datePublished\":\"2026-09-01T10:30:43+00:00\",\"mainEntityOfPage\":{\"@id\":\"https:\\\/\\\/newmobility.news\\\/2026\\\/09\\\/01\\\/heylen-buys-audi-brussels-site-for-major-3000-job-redevelopment\\\/\"},\"wordCount\":511,\"publisher\":{\"@id\":\"https:\\\/\\\/newmobility.news\\\/#organization\"},\"image\":{\"@id\":\"https:\\\/\\\/newmobility.news\\\/2026\\\/09\\\/01\\\/heylen-buys-audi-brussels-site-for-major-3000-job-redevelopment\\\/#primaryimage\"},\"thumbnailUrl\":\"https:\\\/\\\/i0.wp.com\\\/newmobility.news\\\/wp-content\\\/uploads\\\/2026\\\/09\\\/A1612570_web_2880-png-scaled.png?fit=2560%2C1440&ssl=1\",\"articleSection\":[\"Belgium\",\"Industry\",\"Mobility\",\"Top Stories Today\"],\"inLanguage\":\"fr-BE\"},{\"@type\":\"WebPage\",\"@id\":\"https:\\\/\\\/newmobility.news\\\/2026\\\/09\\\/01\\\/heylen-buys-audi-brussels-site-for-major-3000-job-redevelopment\\\/\",\"url\":\"https:\\\/\\\/newmobility.news\\\/2026\\\/09\\\/01\\\/heylen-buys-audi-brussels-site-for-major-3000-job-redevelopment\\\/\",\"name\":\"Heylen buys Audi Brussels site for major 3,000-job redevelopment - newmobility.news\",\"isPartOf\":{\"@id\":\"https:\\\/\\\/newmobility.news\\\/#website\"},\"primaryImageOfPage\":{\"@id\":\"https:\\\/\\\/newmobility.news\\\/2026\\\/09\\\/01\\\/heylen-buys-audi-brussels-site-for-major-3000-job-redevelopment\\\/#primaryimage\"},\"image\":{\"@id\":\"https:\\\/\\\/newmobility.news\\\/2026\\\/09\\\/01\\\/heylen-buys-audi-brussels-site-for-major-3000-job-redevelopment\\\/#primaryimage\"},\"thumbnailUrl\":\"https:\\\/\\\/i0.wp.com\\\/newmobility.news\\\/wp-content\\\/uploads\\\/2026\\\/09\\\/A1612570_web_2880-png-scaled.png?fit=2560%2C1440&ssl=1\",\"datePublished\":\"2026-09-01T10:30:43+00:00\",\"breadcrumb\":{\"@id\":\"https:\\\/\\\/newmobility.news\\\/2026\\\/09\\\/01\\\/heylen-buys-audi-brussels-site-for-major-3000-job-redevelopment\\\/#breadcrumb\"},\"inLanguage\":\"fr-BE\",\"potentialAction\":[{\"@type\":\"ReadAction\",\"target\":[\"https:\\\/\\\/newmobility.news\\\/2026\\\/09\\\/01\\\/heylen-buys-audi-brussels-site-for-major-3000-job-redevelopment\\\/\"]}]},{\"@type\":\"ImageObject\",\"inLanguage\":\"fr-BE\",\"@id\":\"https:\\\/\\\/newmobility.news\\\/2026\\\/09\\\/01\\\/heylen-buys-audi-brussels-site-for-major-3000-job-redevelopment\\\/#primaryimage\",\"url\":\"https:\\\/\\\/i0.wp.com\\\/newmobility.news\\\/wp-content\\\/uploads\\\/2026\\\/09\\\/A1612570_web_2880-png-scaled.png?fit=2560%2C1440&ssl=1\",\"contentUrl\":\"https:\\\/\\\/i0.wp.com\\\/newmobility.news\\\/wp-content\\\/uploads\\\/2026\\\/09\\\/A1612570_web_2880-png-scaled.png?fit=2560%2C1440&ssl=1\",\"width\":2560,\"height\":1440,\"caption\":\"Heylen Warehouses takes over Audi's site in Brussels Vorst\\\/Audi\"},{\"@type\":\"BreadcrumbList\",\"@id\":\"https:\\\/\\\/newmobility.news\\\/2026\\\/09\\\/01\\\/heylen-buys-audi-brussels-site-for-major-3000-job-redevelopment\\\/#breadcrumb\",\"itemListElement\":[{\"@type\":\"ListItem\",\"position\":1,\"name\":\"Home\",\"item\":\"https:\\\/\\\/newmobility.news\\\/\"},{\"@type\":\"ListItem\",\"position\":2,\"name\":\"Heylen buys Audi Brussels site for major 3,000-job redevelopment\"}]},{\"@type\":\"WebSite\",\"@id\":\"https:\\\/\\\/newmobility.news\\\/#website\",\"url\":\"https:\\\/\\\/newmobility.news\\\/\",\"name\":\"newmobility.news\",\"description\":\"A B2BNews Agency\u00ae news service for mobility business proessional\",\"publisher\":{\"@id\":\"https:\\\/\\\/newmobility.news\\\/#organization\"},\"potentialAction\":[{\"@type\":\"SearchAction\",\"target\":{\"@type\":\"EntryPoint\",\"urlTemplate\":\"https:\\\/\\\/newmobility.news\\\/?s={search_term_string}\"},\"query-input\":{\"@type\":\"PropertyValueSpecification\",\"valueRequired\":true,\"valueName\":\"search_term_string\"}}],\"inLanguage\":\"fr-BE\"},{\"@type\":\"Organization\",\"@id\":\"https:\\\/\\\/newmobility.news\\\/#organization\",\"name\":\"B2BNews Agency\",\"url\":\"https:\\\/\\\/newmobility.news\\\/\",\"logo\":{\"@type\":\"ImageObject\",\"inLanguage\":\"fr-BE\",\"@id\":\"https:\\\/\\\/newmobility.news\\\/#\\\/schema\\\/logo\\\/image\\\/\",\"url\":\"https:\\\/\\\/newmobility.news\\\/wp-content\\\/uploads\\\/2018\\\/01\\\/b2bnews-agency-logo.png\",\"contentUrl\":\"https:\\\/\\\/newmobility.news\\\/wp-content\\\/uploads\\\/2018\\\/01\\\/b2bnews-agency-logo.png\",\"width\":\"581\",\"height\":\"117\",\"caption\":\"B2BNews Agency\"},\"image\":{\"@id\":\"https:\\\/\\\/newmobility.news\\\/#\\\/schema\\\/logo\\\/image\\\/\"},\"sameAs\":[\"https:\\\/\\\/www.facebook.com\\\/search\\\/top\\\/?q=newmobility.news\",\"https:\\\/\\\/x.com\\\/jorisvry\",\"https:\\\/\\\/www.linkedin.com\\\/in\\\/jorisvanroy\\\/\",\"https:\\\/\\\/nl.pinterest.com\\\/jorisvanroy\\\/\"]},{\"@type\":\"Person\",\"@id\":\"https:\\\/\\\/newmobility.news\\\/#\\\/schema\\\/person\\\/9b4a04002179d83e5be74f13c664b722\",\"name\":\"Luc Joris\",\"image\":{\"@type\":\"ImageObject\",\"inLanguage\":\"fr-BE\",\"@id\":\"https:\\\/\\\/secure.gravatar.com\\\/avatar\\\/9e27cf9984ae903174b14c7dd33d523290f03fd71803b04bc6e486c7259b2920?s=96&d=mm&r=g\",\"url\":\"https:\\\/\\\/secure.gravatar.com\\\/avatar\\\/9e27cf9984ae903174b14c7dd33d523290f03fd71803b04bc6e486c7259b2920?s=96&d=mm&r=g\",\"contentUrl\":\"https:\\\/\\\/secure.gravatar.com\\\/avatar\\\/9e27cf9984ae903174b14c7dd33d523290f03fd71803b04bc6e486c7259b2920?s=96&d=mm&r=g\",\"caption\":\"Luc Joris\"},\"url\":\"https:\\\/\\\/newmobility.news\\\/fr\\\/author\\\/belga-5\\\/\"}]}<\/script>\n<!-- \/ Yoast SEO plugin. -->","yoast_head_json":{"title":"Heylen rach\u00e8te le site d'Audi \u00e0 Bruxelles en vue d'un vaste projet de r\u00e9am\u00e9nagement cr\u00e9ant 3 000 emplois - newmobility.news","robots":{"index":"index","follow":"follow","max-snippet":"max-snippet:-1","max-image-preview":"max-image-preview:large","max-video-preview":"max-video-preview:-1"},"canonical":"https:\/\/newmobility.news\/fr\/2026\/09\/01\/heylen-buys-audi-brussels-site-for-major-3000-job-redevelopment\/","og_locale":"fr_FR","og_type":"article","og_title":"Heylen buys Audi Brussels site for major 3,000-job redevelopment - newmobility.news","og_description":"Heylen Warehouses, the real estate arm of the family-owned industrial holding company led by the Kempen-based entrepreneur Wim Heylen, has purchased the former Audi site in the Brussels municipality of Forrest\/Vorst. Financial details of the transaction have not been disclosed. The site covers approximately 55 hectares and has been vacant for a year and a [&hellip;]","og_url":"https:\/\/newmobility.news\/fr\/2026\/09\/01\/heylen-buys-audi-brussels-site-for-major-3000-job-redevelopment\/","og_site_name":"newmobility.news","article_publisher":"https:\/\/www.facebook.com\/search\/top\/?q=newmobility.news","article_published_time":"2026-09-01T10:30:43+00:00","og_image":[{"width":1024,"height":576,"url":"https:\/\/newmobility.news\/wp-content\/uploads\/2026\/09\/A1612570_web_2880-png-1024x576.png","type":"image\/png"}],"author":"Luc Joris","twitter_card":"summary_large_image","twitter_creator":"@jorisvry","twitter_site":"@jorisvry","twitter_misc":{"\u00c9crit par":"Luc Joris","Dur\u00e9e de lecture est.":"3 minutes"},"schema":{"@context":"https:\/\/schema.org","@graph":[{"@type":"Article","@id":"https:\/\/newmobility.news\/2026\/09\/01\/heylen-buys-audi-brussels-site-for-major-3000-job-redevelopment\/#article","isPartOf":{"@id":"https:\/\/newmobility.news\/2026\/09\/01\/heylen-buys-audi-brussels-site-for-major-3000-job-redevelopment\/"},"author":{"name":"Luc Joris","@id":"https:\/\/newmobility.news\/#\/schema\/person\/9b4a04002179d83e5be74f13c664b722"},"headline":"Heylen buys Audi Brussels site for major 3,000-job redevelopment","datePublished":"2026-09-01T10:30:43+00:00","mainEntityOfPage":{"@id":"https:\/\/newmobility.news\/2026\/09\/01\/heylen-buys-audi-brussels-site-for-major-3000-job-redevelopment\/"},"wordCount":511,"publisher":{"@id":"https:\/\/newmobility.news\/#organization"},"image":{"@id":"https:\/\/newmobility.news\/2026\/09\/01\/heylen-buys-audi-brussels-site-for-major-3000-job-redevelopment\/#primaryimage"},"thumbnailUrl":"https:\/\/i0.wp.com\/newmobility.news\/wp-content\/uploads\/2026\/09\/A1612570_web_2880-png-scaled.png?fit=2560%2C1440&ssl=1","articleSection":["Belgium","Industry","Mobility","Top Stories Today"],"inLanguage":"fr-BE"},{"@type":"WebPage","@id":"https:\/\/newmobility.news\/2026\/09\/01\/heylen-buys-audi-brussels-site-for-major-3000-job-redevelopment\/","url":"https:\/\/newmobility.news\/2026\/09\/01\/heylen-buys-audi-brussels-site-for-major-3000-job-redevelopment\/","name":"Heylen rach\u00e8te le site d'Audi \u00e0 Bruxelles en vue d'un vaste projet de r\u00e9am\u00e9nagement cr\u00e9ant 3 000 emplois - newmobility.news","isPartOf":{"@id":"https:\/\/newmobility.news\/#website"},"primaryImageOfPage":{"@id":"https:\/\/newmobility.news\/2026\/09\/01\/heylen-buys-audi-brussels-site-for-major-3000-job-redevelopment\/#primaryimage"},"image":{"@id":"https:\/\/newmobility.news\/2026\/09\/01\/heylen-buys-audi-brussels-site-for-major-3000-job-redevelopment\/#primaryimage"},"thumbnailUrl":"https:\/\/i0.wp.com\/newmobility.news\/wp-content\/uploads\/2026\/09\/A1612570_web_2880-png-scaled.png?fit=2560%2C1440&ssl=1","datePublished":"2026-09-01T10:30:43+00:00","breadcrumb":{"@id":"https:\/\/newmobility.news\/2026\/09\/01\/heylen-buys-audi-brussels-site-for-major-3000-job-redevelopment\/#breadcrumb"},"inLanguage":"fr-BE","potentialAction":[{"@type":"ReadAction","target":["https:\/\/newmobility.news\/2026\/09\/01\/heylen-buys-audi-brussels-site-for-major-3000-job-redevelopment\/"]}]},{"@type":"ImageObject","inLanguage":"fr-BE","@id":"https:\/\/newmobility.news\/2026\/09\/01\/heylen-buys-audi-brussels-site-for-major-3000-job-redevelopment\/#primaryimage","url":"https:\/\/i0.wp.com\/newmobility.news\/wp-content\/uploads\/2026\/09\/A1612570_web_2880-png-scaled.png?fit=2560%2C1440&ssl=1","contentUrl":"https:\/\/i0.wp.com\/newmobility.news\/wp-content\/uploads\/2026\/09\/A1612570_web_2880-png-scaled.png?fit=2560%2C1440&ssl=1","width":2560,"height":1440,"caption":"Heylen Warehouses takes over Audi's site in Brussels Vorst\/Audi"},{"@type":"BreadcrumbList","@id":"https:\/\/newmobility.news\/2026\/09\/01\/heylen-buys-audi-brussels-site-for-major-3000-job-redevelopment\/#breadcrumb","itemListElement":[{"@type":"ListItem","position":1,"name":"Home","item":"https:\/\/newmobility.news\/"},{"@type":"ListItem","position":2,"name":"Heylen buys Audi Brussels site for major 3,000-job redevelopment"}]},{"@type":"WebSite","@id":"https:\/\/newmobility.news\/#website","url":"https:\/\/newmobility.news\/","name":"nouveaumobilit\u00e9.actualit\u00e9s","description":"Un service d'information B2BNews Agency\u00ae destin\u00e9 aux professionnels de la mobilit\u00e9","publisher":{"@id":"https:\/\/newmobility.news\/#organization"},"potentialAction":[{"@type":"SearchAction","target":{"@type":"EntryPoint","urlTemplate":"https:\/\/newmobility.news\/?s={search_term_string}"},"query-input":{"@type":"PropertyValueSpecification","valueRequired":true,"valueName":"search_term_string"}}],"inLanguage":"fr-BE"},{"@type":"Organization","@id":"https:\/\/newmobility.news\/#organization","name":"Agence de presse B2BNews","url":"https:\/\/newmobility.news\/","logo":{"@type":"ImageObject","inLanguage":"fr-BE","@id":"https:\/\/newmobility.news\/#\/schema\/logo\/image\/","url":"https:\/\/newmobility.news\/wp-content\/uploads\/2018\/01\/b2bnews-agency-logo.png","contentUrl":"https:\/\/newmobility.news\/wp-content\/uploads\/2018\/01\/b2bnews-agency-logo.png","width":"581","height":"117","caption":"B2BNews Agency"},"image":{"@id":"https:\/\/newmobility.news\/#\/schema\/logo\/image\/"},"sameAs":["https:\/\/www.facebook.com\/search\/top\/?q=newmobility.news","https:\/\/x.com\/jorisvry","https:\/\/www.linkedin.com\/in\/jorisvanroy\/","https:\/\/nl.pinterest.com\/jorisvanroy\/"]},{"@type":"Person","@id":"https:\/\/newmobility.news\/#\/schema\/person\/9b4a04002179d83e5be74f13c664b722","name":"Luc Joris","image":{"@type":"ImageObject","inLanguage":"fr-BE","@id":"https:\/\/secure.gravatar.com\/avatar\/9e27cf9984ae903174b14c7dd33d523290f03fd71803b04bc6e486c7259b2920?s=96&d=mm&r=g","url":"https:\/\/secure.gravatar.com\/avatar\/9e27cf9984ae903174b14c7dd33d523290f03fd71803b04bc6e486c7259b2920?s=96&d=mm&r=g","contentUrl":"https:\/\/secure.gravatar.com\/avatar\/9e27cf9984ae903174b14c7dd33d523290f03fd71803b04bc6e486c7259b2920?s=96&d=mm&r=g","caption":"Luc Joris"},"url":"https:\/\/newmobility.news\/fr\/author\/belga-5\/"}]}},"jetpack_publicize_connections":[],"jetpack_shortlink":"https:\/\/wp.me\/p9wJdU-Oca","jetpack_sharing_enabled":true,"jetpack_likes_enabled":true,"jetpack-related-posts":[],"jetpack_featured_media_url":"https:\/\/i0.wp.com\/newmobility.news\/wp-content\/uploads\/2026\/09\/A1612570_web_2880-png-scaled.png?fit=2560%2C1440&ssl=1","_links":{"self":[{"href":"https:\/\/newmobility.news\/fr\/wp-json\/wp\/v2\/posts\/192954","targetHints":{"allow":["GET"]}}],"collection":[{"href":"https:\/\/newmobility.news\/fr\/wp-json\/wp\/v2\/posts"}],"about":[{"href":"https:\/\/newmobility.news\/fr\/wp-json\/wp\/v2\/types\/post"}],"author":[{"embeddable":true,"href":"https:\/\/newmobility.news\/fr\/wp-json\/wp\/v2\/users\/164"}],"replies":[{"embeddable":true,"href":"https:\/\/newmobility.news\/fr\/wp-json\/wp\/v2\/comments?post=192954"}],"version-history":[{"count":6,"href":"https:\/\/newmobility.news\/fr\/wp-json\/wp\/v2\/posts\/192954\/revisions"}],"predecessor-version":[{"id":192998,"href":"https:\/\/newmobility.news\/fr\/wp-json\/wp\/v2\/posts\/192954\/revisions\/192998"}],"wp:featuredmedia":[{"embeddable":true,"href":"https:\/\/newmobility.news\/fr\/wp-json\/wp\/v2\/media\/192990"}],"wp:attachment":[{"href":"https:\/\/newmobility.news\/fr\/wp-json\/wp\/v2\/media?parent=192954"}],"wp:term":[{"taxonomy":"category","embeddable":true,"href":"https:\/\/newmobility.news\/fr\/wp-json\/wp\/v2\/categories?post=192954"},{"taxonomy":"post_tag","embeddable":true,"href":"https:\/\/newmobility.news\/fr\/wp-json\/wp\/v2\/tags?post=192954"}],"curies":[{"name":"wp","href":"https:\/\/api.w.org\/{rel}","templated":true}]}}