{"id":192957,"date":"2026-09-01T12:35:55","date_gmt":"2026-09-01T10:35:55","guid":{"rendered":"https:\/\/newmobility.news\/?p=192957"},"modified":"2026-09-01T12:05:27","modified_gmt":"2026-09-01T10:05:27","slug":"kia-steps-up-in-size-with-pv7-electric-van-at-iaa","status":"publish","type":"post","link":"https:\/\/newmobility.news\/fr\/2026\/09\/01\/kia-steps-up-in-size-with-pv7-electric-van-at-iaa\/","title":{"rendered":"Kia passe \u00e0 la vitesse sup\u00e9rieure avec son fourgon \u00e9lectrique PV7 pr\u00e9sent\u00e9 au salon IAA"},"content":{"rendered":"<p><span lang=\"en-US\">Kia devrait \u00e9largir sa gamme de fourgons 100 % \u00e9lectriques <\/span><span lang=\"en-US\">et les monospaces <\/span><span lang=\"en-US\">avec le PV7. Ce sera le grand fr\u00e8re du <a href=\"https:\/\/newmobility.news\/fr\/2025\/02\/20\/kia-unveils-pv5-its-first-electric-passenger-and-cargo-van\/\">PV5 existant<\/a>. La marque sud-cor\u00e9enne a annonc\u00e9 que ce nouveau fourgon serait d\u00e9voil\u00e9 au salon IAA Transportation de Hanovre le <\/span><span lang=\"en-US\">S<\/span><span lang=\"en-US\">14 septembre.<\/span><\/p>\n<p>Les premi\u00e8res images teaser du PV7 r\u00e9v\u00e8lent un design qui rappelle celui du PV5, le premier mod\u00e8le de la gamme de fourgons \u00e9lectriques PBV (Platform Beyond Vehicle) de Kia. Ce n\u2019est pas vraiment une surprise, puisque la marque avait d\u00e9j\u00e0 d\u00e9voil\u00e9 le concept PV7 lors du CES 2024. Les nouvelles images teaser laissent entrevoir \u00e0 la fois une version fourgon et une version passagers.<\/p>\n<h4><b>Une taille au-dessus <\/b><\/h4>\n<p>Les d\u00e9tails techniques complets concernant la nouvelle Kia PV7 ne seront pas connus avant son d\u00e9voilement \u00e0 Hanovre. Ce fourgon et ce monospace seront construits sur la m\u00eame plateforme \u00e9lectrique E-GMP.S que leur petit fr\u00e8re, qui utilise une architecture de 400 V.<\/p>\n<p>Le PV7 devrait \u00eatre plus grand dans toutes les dimensions que le PV5. Ce dernier existe en diff\u00e9rentes versions, du ch\u00e2ssis-cabine au fourgon ferm\u00e9, dans diverses dimensions, la version la plus longue mesurant 4,89 m\u00e8tres. Le concept du PV7 pourrait donner une id\u00e9e de la taille de la version de s\u00e9rie. Le concept pr\u00e9sent\u00e9 au CES 2024 mesurait 5,27 m de long, 2,06 m de large et 2,12 m de haut, avec un empattement de 3,39 m.<\/p>\n<h4><b>Un camping-car \u00e9lectrique ?<\/b><\/h4>\n<p><span lang=\"en-US\">L'une des images promotionnelles montre le PV7 sur un terrain de camping. Cela laisse penser qu'une version camping-car pourrait \u00eatre en cours de d\u00e9veloppement. Elle serait plus grande que le mod\u00e8le bas\u00e9 sur le VW ID. Buzz <a href=\"https:\/\/newmobility.news\/fr\/2026\/08\/14\/vw-revives-id-california-has-its-electric-camper-finally-lost-enough-weight\/\">ID. Croisi\u00e8re en Californie<\/a> et la Kia PV5 transform\u00e9e par <a href=\"https:\/\/newmobility.news\/fr\/2026\/07\/14\/dutch-vantrack-turns-kia-pv5-into-e65000-electric-camper\/\">Vantrack, sp\u00e9cialiste n\u00e9erlandais des camping-cars<\/a>, entre autres.<\/span><\/p>\n<p><img data-recalc-dims=\"1\" loading=\"lazy\" decoding=\"async\" class=\"alignnone size-full wp-image-192959\" src=\"https:\/\/i0.wp.com\/newmobility.news\/wp-content\/uploads\/2026\/09\/kia-corporate-PV7-Teased-Ahead-of-World-Premiere-at-IAA-Transportation-digital-1920x1080-1.jpg?resize=640%2C360&#038;ssl=1\" alt=\"\" width=\"640\" height=\"360\" srcset=\"https:\/\/i0.wp.com\/newmobility.news\/wp-content\/uploads\/2026\/09\/kia-corporate-PV7-Teased-Ahead-of-World-Premiere-at-IAA-Transportation-digital-1920x1080-1.jpg?w=1920&amp;ssl=1 1920w, https:\/\/i0.wp.com\/newmobility.news\/wp-content\/uploads\/2026\/09\/kia-corporate-PV7-Teased-Ahead-of-World-Premiere-at-IAA-Transportation-digital-1920x1080-1.jpg?w=1280&amp;ssl=1 1280w\" sizes=\"auto, (max-width: 640px) 100vw, 640px\" \/><\/p>\n<p>Mais si Kia venait \u00e0 produire une version camping-car du PV7, pourrait-elle rester en dessous des 3,5 tonnes ?<\/p>\n<h4><b>Le succ\u00e8s des fourgons \u00e9lectriques Kia<\/b><\/h4>\n<p><span lang=\"en-US\">Le PV7 s'appuiera sur le succ\u00e8s du premier fourgon \u00e9lectrique de Kia, le PV5. Peu apr\u00e8s son lancement en 2025, celui-ci a \u00e9t\u00e9 sacr\u00e9 <a href=\"https:\/\/newmobility.news\/fr\/2025\/11\/20\/kias-pv5-newcomer-clinches-international-van-of-the-year-2026-title\/\">Fourgon international de l'ann\u00e9e<\/a>. Depuis lors, les ventes ont connu un essor. Selon les chiffres cit\u00e9s par Kia UK, le PV5 a repr\u00e9sent\u00e9 <a href=\"https:\/\/newmobility.news\/fr\/2026\/08\/06\/kias-first-van-grabs-37-of-europes-small-electric-market\/\">37%, la petite fourgonnette \u00e9lectrique \u00e0 batterie europ\u00e9enne<\/a> segment.<\/span><\/p>\n<p><span lang=\"en-US\">La future Kia PV7 sera en concurrence directe avec d'autres fourgons \u00e9lectriques de taille moyenne, tels que le nouveau <a href=\"https:\/\/newmobility.news\/fr\/2026\/08\/31\/renaults-new-trafic-enters-ev-van-battle-450-km-is-only-the-start\/\">Renault Trafic E-Tech<\/a>, qui sera \u00e9galement pr\u00e9sent\u00e9 au salon IAA Transportation \u00e0 Hanovre.<\/span><\/p>\n<p>&nbsp;<\/p>","protected":false},"excerpt":{"rendered":"<p>Kia is due to expand its range of fully electric vans and people carriers with the PV7. That will be the larger brother of the existing PV5. The South Korean brand has announced the new van will be unveiled at the IAA Transportation show in Hannover on September 14th. The first teaser images of the [&hellip;]<\/p>\n","protected":false},"author":439,"featured_media":192961,"comment_status":"closed","ping_status":"closed","sticky":false,"template":"","format":"standard","meta":{"_acf_changed":false,"_jetpack_newsletter_access":"","_jetpack_dont_email_post_to_subs":false,"_jetpack_newsletter_tier_id":0,"_jetpack_memberships_contains_paywalled_content":false,"_jetpack_feature_clip_id":0,"_jetpack_memberships_contains_paid_content":false,"footnotes":"","jetpack_publicize_message":"{title}\r\n\r\n{excerpt}\r\n\r\n{url}","jetpack_publicize_feature_enabled":true,"jetpack_social_post_already_shared":true,"jetpack_social_options":{"image_generator_settings":{"template":"highway","default_image_id":0,"font":"","enabled":false},"version":2},"_wpas_customize_per_network":false,"jetpack_post_was_ever_published":false},"categories":[77167,8,61],"tags":[],"class_list":["post-192957","post","type-post","status-publish","format-standard","has-post-thumbnail","hentry","category-motor-show","category-product","category-transport"],"acf":[],"featured_image_urls_v2":{"full":["https:\/\/i0.wp.com\/newmobility.news\/wp-content\/uploads\/2026\/09\/kia-corporate-PV7-Teased-Ahead-of-World-Premiere-at-IAA-Transportation-digital-1920x1080-3.jpg?fit=1920%2C1080&ssl=1",1920,1080,false],"thumbnail":["https:\/\/i0.wp.com\/newmobility.news\/wp-content\/uploads\/2026\/09\/kia-corporate-PV7-Teased-Ahead-of-World-Premiere-at-IAA-Transportation-digital-1920x1080-3.jpg?resize=150%2C150&ssl=1",150,150,true],"medium":["https:\/\/i0.wp.com\/newmobility.news\/wp-content\/uploads\/2026\/09\/kia-corporate-PV7-Teased-Ahead-of-World-Premiere-at-IAA-Transportation-digital-1920x1080-3.jpg?fit=300%2C169&ssl=1",300,169,true],"medium_large":["https:\/\/i0.wp.com\/newmobility.news\/wp-content\/uploads\/2026\/09\/kia-corporate-PV7-Teased-Ahead-of-World-Premiere-at-IAA-Transportation-digital-1920x1080-3.jpg?fit=640%2C360&ssl=1",640,360,true],"large":["https:\/\/i0.wp.com\/newmobility.news\/wp-content\/uploads\/2026\/09\/kia-corporate-PV7-Teased-Ahead-of-World-Premiere-at-IAA-Transportation-digital-1920x1080-3.jpg?fit=640%2C360&ssl=1",640,360,true],"1536x1536":["https:\/\/i0.wp.com\/newmobility.news\/wp-content\/uploads\/2026\/09\/kia-corporate-PV7-Teased-Ahead-of-World-Premiere-at-IAA-Transportation-digital-1920x1080-3.jpg?fit=1536%2C864&ssl=1",1536,864,true],"2048x2048":["https:\/\/i0.wp.com\/newmobility.news\/wp-content\/uploads\/2026\/09\/kia-corporate-PV7-Teased-Ahead-of-World-Premiere-at-IAA-Transportation-digital-1920x1080-3.jpg?fit=1920%2C1080&ssl=1",1920,1080,true],"trp-custom-language-flag":["https:\/\/i0.wp.com\/newmobility.news\/wp-content\/uploads\/2026\/09\/kia-corporate-PV7-Teased-Ahead-of-World-Premiere-at-IAA-Transportation-digital-1920x1080-3.jpg?fit=18%2C10&ssl=1",18,10,true],"related-thumb":["https:\/\/i0.wp.com\/newmobility.news\/wp-content\/uploads\/2026\/09\/kia-corporate-PV7-Teased-Ahead-of-World-Premiere-at-IAA-Transportation-digital-1920x1080-3.jpg?resize=640%2C480&ssl=1",640,480,true],"gform-image-choice-sm":["https:\/\/i0.wp.com\/newmobility.news\/wp-content\/uploads\/2026\/09\/kia-corporate-PV7-Teased-Ahead-of-World-Premiere-at-IAA-Transportation-digital-1920x1080-3.jpg?resize=300%2C300&ssl=1",300,300,true],"gform-image-choice-md":["https:\/\/i0.wp.com\/newmobility.news\/wp-content\/uploads\/2026\/09\/kia-corporate-PV7-Teased-Ahead-of-World-Premiere-at-IAA-Transportation-digital-1920x1080-3.jpg?resize=400%2C400&ssl=1",400,400,true],"gform-image-choice-lg":["https:\/\/i0.wp.com\/newmobility.news\/wp-content\/uploads\/2026\/09\/kia-corporate-PV7-Teased-Ahead-of-World-Premiere-at-IAA-Transportation-digital-1920x1080-3.jpg?resize=600%2C600&ssl=1",600,600,true],"mailchimp":["https:\/\/i0.wp.com\/newmobility.news\/wp-content\/uploads\/2026\/09\/kia-corporate-PV7-Teased-Ahead-of-World-Premiere-at-IAA-Transportation-digital-1920x1080-3.jpg?fit=560%2C315&ssl=1",560,315,true],"unipress-phone":["https:\/\/i0.wp.com\/newmobility.news\/wp-content\/uploads\/2026\/09\/kia-corporate-PV7-Teased-Ahead-of-World-Premiere-at-IAA-Transportation-digital-1920x1080-3.jpg?resize=640%2C100&ssl=1",640,100,true],"unipress-tablet":["https:\/\/i0.wp.com\/newmobility.news\/wp-content\/uploads\/2026\/09\/kia-corporate-PV7-Teased-Ahead-of-World-Premiere-at-IAA-Transportation-digital-1920x1080-3.jpg?resize=1536%2C240&ssl=1",1536,240,true],"unipress-tablet-portrait":["https:\/\/i0.wp.com\/newmobility.news\/wp-content\/uploads\/2026\/09\/kia-corporate-PV7-Teased-Ahead-of-World-Premiere-at-IAA-Transportation-digital-1920x1080-3.jpg?resize=1536%2C180&ssl=1",1536,180,true],"unipress-tablet-landscape":["https:\/\/i0.wp.com\/newmobility.news\/wp-content\/uploads\/2026\/09\/kia-corporate-PV7-Teased-Ahead-of-World-Premiere-at-IAA-Transportation-digital-1920x1080-3.jpg?resize=1920%2C180&ssl=1",1920,180,true],"unipress-smartphone":["https:\/\/i0.wp.com\/newmobility.news\/wp-content\/uploads\/2026\/09\/kia-corporate-PV7-Teased-Ahead-of-World-Premiere-at-IAA-Transportation-digital-1920x1080-3.jpg?resize=1080%2C168&ssl=1",1080,168,true],"unipress-wide-screen":["https:\/\/i0.wp.com\/newmobility.news\/wp-content\/uploads\/2026\/09\/kia-corporate-PV7-Teased-Ahead-of-World-Premiere-at-IAA-Transportation-digital-1920x1080-3.jpg?resize=1920%2C180&ssl=1",1920,180,true]},"post_excerpt_stackable_v2":"<p>Kia is due to expand its range of fully electric vans and people carriers with the PV7. That will be the larger brother of the existing PV5. The South Korean brand has announced the new van will be unveiled at the IAA Transportation show in Hannover on September 14th. The first teaser images of the PV7 show a design resembling the PV5, the first model in Kia\u2019s electric PBV (Platform Beyond Vehicle) van family. Not really a surprise, because the brand already showed the PV7 Concept at CES 2024. Glimpses of both a panel van and a passenger version are&hellip;<\/p>\n","category_list_v2":"<a href=\"https:\/\/newmobility.news\/fr\/category\/motor-show\/\" rel=\"category tag\">Motor Show<\/a>, <a href=\"https:\/\/newmobility.news\/fr\/category\/product\/\" rel=\"category tag\">Product<\/a>, <a href=\"https:\/\/newmobility.news\/fr\/category\/transport\/\" rel=\"category tag\">Transport<\/a>","author_info_v2":{"name":"Arnaud Henckaerts","url":"https:\/\/newmobility.news\/fr\/author\/arnaud-henckaertsgmail-be\/"},"comments_num_v2":"0 comments","yoast_head":"<!-- This site is optimized with the Yoast SEO plugin v28.3 - https:\/\/yoast.com\/product\/yoast-seo-wordpress\/ -->\n<title>Kia steps up in size with PV7 electric van at IAA - newmobility.news<\/title>\n<meta name=\"robots\" content=\"index, follow, max-snippet:-1, max-image-preview:large, max-video-preview:-1\" \/>\n<link rel=\"canonical\" href=\"https:\/\/newmobility.news\/fr\/2026\/09\/01\/kia-steps-up-in-size-with-pv7-electric-van-at-iaa\/\" \/>\n<meta property=\"og:locale\" content=\"fr_FR\" \/>\n<meta property=\"og:type\" content=\"article\" \/>\n<meta property=\"og:title\" content=\"Kia steps up in size with PV7 electric van at IAA - newmobility.news\" \/>\n<meta property=\"og:description\" content=\"Kia is due to expand its range of fully electric vans and people carriers with the PV7. That will be the larger brother of the existing PV5. The South Korean brand has announced the new van will be unveiled at the IAA Transportation show in Hannover on September 14th. The first teaser images of the [&hellip;]\" \/>\n<meta property=\"og:url\" content=\"https:\/\/newmobility.news\/fr\/2026\/09\/01\/kia-steps-up-in-size-with-pv7-electric-van-at-iaa\/\" \/>\n<meta property=\"og:site_name\" content=\"newmobility.news\" \/>\n<meta property=\"article:publisher\" content=\"https:\/\/www.facebook.com\/search\/top\/?q=newmobility.news\" \/>\n<meta property=\"article:published_time\" content=\"2026-09-01T10:35:55+00:00\" \/>\n<meta property=\"og:image\" content=\"https:\/\/i0.wp.com\/newmobility.news\/wp-content\/uploads\/2026\/09\/kia-corporate-PV7-Teased-Ahead-of-World-Premiere-at-IAA-Transportation-digital-1920x1080-3.jpg?fit=1920%2C1080&ssl=1\" \/>\n\t<meta property=\"og:image:width\" content=\"1920\" \/>\n\t<meta property=\"og:image:height\" content=\"1080\" \/>\n\t<meta property=\"og:image:type\" content=\"image\/jpeg\" \/>\n<meta name=\"author\" content=\"Arnaud Henckaerts\" \/>\n<meta name=\"twitter:card\" content=\"summary_large_image\" \/>\n<meta name=\"twitter:creator\" content=\"@jorisvry\" \/>\n<meta name=\"twitter:site\" content=\"@jorisvry\" \/>\n<meta name=\"twitter:label1\" content=\"\u00c9crit par\" \/>\n\t<meta name=\"twitter:data1\" content=\"Arnaud Henckaerts\" \/>\n\t<meta name=\"twitter:label2\" content=\"Dur\u00e9e de lecture est.\" \/>\n\t<meta name=\"twitter:data2\" content=\"3 minutes\" \/>\n<script type=\"application\/ld+json\" class=\"yoast-schema-graph\">{\"@context\":\"https:\\\/\\\/schema.org\",\"@graph\":[{\"@type\":\"Article\",\"@id\":\"https:\\\/\\\/newmobility.news\\\/2026\\\/09\\\/01\\\/kia-steps-up-in-size-with-pv7-electric-van-at-iaa\\\/#article\",\"isPartOf\":{\"@id\":\"https:\\\/\\\/newmobility.news\\\/2026\\\/09\\\/01\\\/kia-steps-up-in-size-with-pv7-electric-van-at-iaa\\\/\"},\"author\":{\"name\":\"Arnaud Henckaerts\",\"@id\":\"https:\\\/\\\/newmobility.news\\\/#\\\/schema\\\/person\\\/5f9475a0c8f811875bf271136de823b6\"},\"headline\":\"Kia steps up in size with PV7 electric van at IAA\",\"datePublished\":\"2026-09-01T10:35:55+00:00\",\"mainEntityOfPage\":{\"@id\":\"https:\\\/\\\/newmobility.news\\\/2026\\\/09\\\/01\\\/kia-steps-up-in-size-with-pv7-electric-van-at-iaa\\\/\"},\"wordCount\":381,\"publisher\":{\"@id\":\"https:\\\/\\\/newmobility.news\\\/#organization\"},\"image\":{\"@id\":\"https:\\\/\\\/newmobility.news\\\/2026\\\/09\\\/01\\\/kia-steps-up-in-size-with-pv7-electric-van-at-iaa\\\/#primaryimage\"},\"thumbnailUrl\":\"https:\\\/\\\/i0.wp.com\\\/newmobility.news\\\/wp-content\\\/uploads\\\/2026\\\/09\\\/kia-corporate-PV7-Teased-Ahead-of-World-Premiere-at-IAA-Transportation-digital-1920x1080-3.jpg?fit=1920%2C1080&ssl=1\",\"articleSection\":[\"Motor Show\",\"Product\",\"Transport\"],\"inLanguage\":\"fr-BE\"},{\"@type\":\"WebPage\",\"@id\":\"https:\\\/\\\/newmobility.news\\\/2026\\\/09\\\/01\\\/kia-steps-up-in-size-with-pv7-electric-van-at-iaa\\\/\",\"url\":\"https:\\\/\\\/newmobility.news\\\/2026\\\/09\\\/01\\\/kia-steps-up-in-size-with-pv7-electric-van-at-iaa\\\/\",\"name\":\"Kia steps up in size with PV7 electric van at IAA - newmobility.news\",\"isPartOf\":{\"@id\":\"https:\\\/\\\/newmobility.news\\\/#website\"},\"primaryImageOfPage\":{\"@id\":\"https:\\\/\\\/newmobility.news\\\/2026\\\/09\\\/01\\\/kia-steps-up-in-size-with-pv7-electric-van-at-iaa\\\/#primaryimage\"},\"image\":{\"@id\":\"https:\\\/\\\/newmobility.news\\\/2026\\\/09\\\/01\\\/kia-steps-up-in-size-with-pv7-electric-van-at-iaa\\\/#primaryimage\"},\"thumbnailUrl\":\"https:\\\/\\\/i0.wp.com\\\/newmobility.news\\\/wp-content\\\/uploads\\\/2026\\\/09\\\/kia-corporate-PV7-Teased-Ahead-of-World-Premiere-at-IAA-Transportation-digital-1920x1080-3.jpg?fit=1920%2C1080&ssl=1\",\"datePublished\":\"2026-09-01T10:35:55+00:00\",\"breadcrumb\":{\"@id\":\"https:\\\/\\\/newmobility.news\\\/2026\\\/09\\\/01\\\/kia-steps-up-in-size-with-pv7-electric-van-at-iaa\\\/#breadcrumb\"},\"inLanguage\":\"fr-BE\",\"potentialAction\":[{\"@type\":\"ReadAction\",\"target\":[\"https:\\\/\\\/newmobility.news\\\/2026\\\/09\\\/01\\\/kia-steps-up-in-size-with-pv7-electric-van-at-iaa\\\/\"]}]},{\"@type\":\"ImageObject\",\"inLanguage\":\"fr-BE\",\"@id\":\"https:\\\/\\\/newmobility.news\\\/2026\\\/09\\\/01\\\/kia-steps-up-in-size-with-pv7-electric-van-at-iaa\\\/#primaryimage\",\"url\":\"https:\\\/\\\/i0.wp.com\\\/newmobility.news\\\/wp-content\\\/uploads\\\/2026\\\/09\\\/kia-corporate-PV7-Teased-Ahead-of-World-Premiere-at-IAA-Transportation-digital-1920x1080-3.jpg?fit=1920%2C1080&ssl=1\",\"contentUrl\":\"https:\\\/\\\/i0.wp.com\\\/newmobility.news\\\/wp-content\\\/uploads\\\/2026\\\/09\\\/kia-corporate-PV7-Teased-Ahead-of-World-Premiere-at-IAA-Transportation-digital-1920x1080-3.jpg?fit=1920%2C1080&ssl=1\",\"width\":1920,\"height\":1080},{\"@type\":\"BreadcrumbList\",\"@id\":\"https:\\\/\\\/newmobility.news\\\/2026\\\/09\\\/01\\\/kia-steps-up-in-size-with-pv7-electric-van-at-iaa\\\/#breadcrumb\",\"itemListElement\":[{\"@type\":\"ListItem\",\"position\":1,\"name\":\"Home\",\"item\":\"https:\\\/\\\/newmobility.news\\\/\"},{\"@type\":\"ListItem\",\"position\":2,\"name\":\"Kia steps up in size with PV7 electric van at IAA\"}]},{\"@type\":\"WebSite\",\"@id\":\"https:\\\/\\\/newmobility.news\\\/#website\",\"url\":\"https:\\\/\\\/newmobility.news\\\/\",\"name\":\"newmobility.news\",\"description\":\"A B2BNews Agency\u00ae news service for mobility business proessional\",\"publisher\":{\"@id\":\"https:\\\/\\\/newmobility.news\\\/#organization\"},\"potentialAction\":[{\"@type\":\"SearchAction\",\"target\":{\"@type\":\"EntryPoint\",\"urlTemplate\":\"https:\\\/\\\/newmobility.news\\\/?s={search_term_string}\"},\"query-input\":{\"@type\":\"PropertyValueSpecification\",\"valueRequired\":true,\"valueName\":\"search_term_string\"}}],\"inLanguage\":\"fr-BE\"},{\"@type\":\"Organization\",\"@id\":\"https:\\\/\\\/newmobility.news\\\/#organization\",\"name\":\"B2BNews Agency\",\"url\":\"https:\\\/\\\/newmobility.news\\\/\",\"logo\":{\"@type\":\"ImageObject\",\"inLanguage\":\"fr-BE\",\"@id\":\"https:\\\/\\\/newmobility.news\\\/#\\\/schema\\\/logo\\\/image\\\/\",\"url\":\"https:\\\/\\\/newmobility.news\\\/wp-content\\\/uploads\\\/2018\\\/01\\\/b2bnews-agency-logo.png\",\"contentUrl\":\"https:\\\/\\\/newmobility.news\\\/wp-content\\\/uploads\\\/2018\\\/01\\\/b2bnews-agency-logo.png\",\"width\":\"581\",\"height\":\"117\",\"caption\":\"B2BNews Agency\"},\"image\":{\"@id\":\"https:\\\/\\\/newmobility.news\\\/#\\\/schema\\\/logo\\\/image\\\/\"},\"sameAs\":[\"https:\\\/\\\/www.facebook.com\\\/search\\\/top\\\/?q=newmobility.news\",\"https:\\\/\\\/x.com\\\/jorisvry\",\"https:\\\/\\\/www.linkedin.com\\\/in\\\/jorisvanroy\\\/\",\"https:\\\/\\\/nl.pinterest.com\\\/jorisvanroy\\\/\"]},{\"@type\":\"Person\",\"@id\":\"https:\\\/\\\/newmobility.news\\\/#\\\/schema\\\/person\\\/5f9475a0c8f811875bf271136de823b6\",\"name\":\"Arnaud Henckaerts\",\"image\":{\"@type\":\"ImageObject\",\"inLanguage\":\"fr-BE\",\"@id\":\"https:\\\/\\\/secure.gravatar.com\\\/avatar\\\/b1dfec22af8b8aee8d5432c234c17ec4c71f8456691d0669f55c690a4dd8fb92?s=96&d=mm&r=g\",\"url\":\"https:\\\/\\\/secure.gravatar.com\\\/avatar\\\/b1dfec22af8b8aee8d5432c234c17ec4c71f8456691d0669f55c690a4dd8fb92?s=96&d=mm&r=g\",\"contentUrl\":\"https:\\\/\\\/secure.gravatar.com\\\/avatar\\\/b1dfec22af8b8aee8d5432c234c17ec4c71f8456691d0669f55c690a4dd8fb92?s=96&d=mm&r=g\",\"caption\":\"Arnaud Henckaerts\"},\"url\":\"https:\\\/\\\/newmobility.news\\\/fr\\\/author\\\/arnaud-henckaertsgmail-be\\\/\"}]}<\/script>\n<!-- \/ Yoast SEO plugin. -->","yoast_head_json":{"title":"Kia passe \u00e0 la vitesse sup\u00e9rieure avec son fourgon \u00e9lectrique PV7 pr\u00e9sent\u00e9 \u00e0 l'IAA - newmobility.news","robots":{"index":"index","follow":"follow","max-snippet":"max-snippet:-1","max-image-preview":"max-image-preview:large","max-video-preview":"max-video-preview:-1"},"canonical":"https:\/\/newmobility.news\/fr\/2026\/09\/01\/kia-steps-up-in-size-with-pv7-electric-van-at-iaa\/","og_locale":"fr_FR","og_type":"article","og_title":"Kia steps up in size with PV7 electric van at IAA - newmobility.news","og_description":"Kia is due to expand its range of fully electric vans and people carriers with the PV7. That will be the larger brother of the existing PV5. The South Korean brand has announced the new van will be unveiled at the IAA Transportation show in Hannover on September 14th. The first teaser images of the [&hellip;]","og_url":"https:\/\/newmobility.news\/fr\/2026\/09\/01\/kia-steps-up-in-size-with-pv7-electric-van-at-iaa\/","og_site_name":"newmobility.news","article_publisher":"https:\/\/www.facebook.com\/search\/top\/?q=newmobility.news","article_published_time":"2026-09-01T10:35:55+00:00","og_image":[{"width":1920,"height":1080,"url":"https:\/\/i0.wp.com\/newmobility.news\/wp-content\/uploads\/2026\/09\/kia-corporate-PV7-Teased-Ahead-of-World-Premiere-at-IAA-Transportation-digital-1920x1080-3.jpg?fit=1920%2C1080&ssl=1","type":"image\/jpeg"}],"author":"Arnaud Henckaerts","twitter_card":"summary_large_image","twitter_creator":"@jorisvry","twitter_site":"@jorisvry","twitter_misc":{"\u00c9crit par":"Arnaud Henckaerts","Dur\u00e9e de lecture est.":"3 minutes"},"schema":{"@context":"https:\/\/schema.org","@graph":[{"@type":"Article","@id":"https:\/\/newmobility.news\/2026\/09\/01\/kia-steps-up-in-size-with-pv7-electric-van-at-iaa\/#article","isPartOf":{"@id":"https:\/\/newmobility.news\/2026\/09\/01\/kia-steps-up-in-size-with-pv7-electric-van-at-iaa\/"},"author":{"name":"Arnaud Henckaerts","@id":"https:\/\/newmobility.news\/#\/schema\/person\/5f9475a0c8f811875bf271136de823b6"},"headline":"Kia steps up in size with PV7 electric van at IAA","datePublished":"2026-09-01T10:35:55+00:00","mainEntityOfPage":{"@id":"https:\/\/newmobility.news\/2026\/09\/01\/kia-steps-up-in-size-with-pv7-electric-van-at-iaa\/"},"wordCount":381,"publisher":{"@id":"https:\/\/newmobility.news\/#organization"},"image":{"@id":"https:\/\/newmobility.news\/2026\/09\/01\/kia-steps-up-in-size-with-pv7-electric-van-at-iaa\/#primaryimage"},"thumbnailUrl":"https:\/\/i0.wp.com\/newmobility.news\/wp-content\/uploads\/2026\/09\/kia-corporate-PV7-Teased-Ahead-of-World-Premiere-at-IAA-Transportation-digital-1920x1080-3.jpg?fit=1920%2C1080&ssl=1","articleSection":["Motor Show","Product","Transport"],"inLanguage":"fr-BE"},{"@type":"WebPage","@id":"https:\/\/newmobility.news\/2026\/09\/01\/kia-steps-up-in-size-with-pv7-electric-van-at-iaa\/","url":"https:\/\/newmobility.news\/2026\/09\/01\/kia-steps-up-in-size-with-pv7-electric-van-at-iaa\/","name":"Kia passe \u00e0 la vitesse sup\u00e9rieure avec son fourgon \u00e9lectrique PV7 pr\u00e9sent\u00e9 \u00e0 l'IAA - newmobility.news","isPartOf":{"@id":"https:\/\/newmobility.news\/#website"},"primaryImageOfPage":{"@id":"https:\/\/newmobility.news\/2026\/09\/01\/kia-steps-up-in-size-with-pv7-electric-van-at-iaa\/#primaryimage"},"image":{"@id":"https:\/\/newmobility.news\/2026\/09\/01\/kia-steps-up-in-size-with-pv7-electric-van-at-iaa\/#primaryimage"},"thumbnailUrl":"https:\/\/i0.wp.com\/newmobility.news\/wp-content\/uploads\/2026\/09\/kia-corporate-PV7-Teased-Ahead-of-World-Premiere-at-IAA-Transportation-digital-1920x1080-3.jpg?fit=1920%2C1080&ssl=1","datePublished":"2026-09-01T10:35:55+00:00","breadcrumb":{"@id":"https:\/\/newmobility.news\/2026\/09\/01\/kia-steps-up-in-size-with-pv7-electric-van-at-iaa\/#breadcrumb"},"inLanguage":"fr-BE","potentialAction":[{"@type":"ReadAction","target":["https:\/\/newmobility.news\/2026\/09\/01\/kia-steps-up-in-size-with-pv7-electric-van-at-iaa\/"]}]},{"@type":"ImageObject","inLanguage":"fr-BE","@id":"https:\/\/newmobility.news\/2026\/09\/01\/kia-steps-up-in-size-with-pv7-electric-van-at-iaa\/#primaryimage","url":"https:\/\/i0.wp.com\/newmobility.news\/wp-content\/uploads\/2026\/09\/kia-corporate-PV7-Teased-Ahead-of-World-Premiere-at-IAA-Transportation-digital-1920x1080-3.jpg?fit=1920%2C1080&ssl=1","contentUrl":"https:\/\/i0.wp.com\/newmobility.news\/wp-content\/uploads\/2026\/09\/kia-corporate-PV7-Teased-Ahead-of-World-Premiere-at-IAA-Transportation-digital-1920x1080-3.jpg?fit=1920%2C1080&ssl=1","width":1920,"height":1080},{"@type":"BreadcrumbList","@id":"https:\/\/newmobility.news\/2026\/09\/01\/kia-steps-up-in-size-with-pv7-electric-van-at-iaa\/#breadcrumb","itemListElement":[{"@type":"ListItem","position":1,"name":"Home","item":"https:\/\/newmobility.news\/"},{"@type":"ListItem","position":2,"name":"Kia steps up in size with PV7 electric van at IAA"}]},{"@type":"WebSite","@id":"https:\/\/newmobility.news\/#website","url":"https:\/\/newmobility.news\/","name":"nouveaumobilit\u00e9.actualit\u00e9s","description":"Un service d'information B2BNews Agency\u00ae destin\u00e9 aux professionnels de la mobilit\u00e9","publisher":{"@id":"https:\/\/newmobility.news\/#organization"},"potentialAction":[{"@type":"SearchAction","target":{"@type":"EntryPoint","urlTemplate":"https:\/\/newmobility.news\/?s={search_term_string}"},"query-input":{"@type":"PropertyValueSpecification","valueRequired":true,"valueName":"search_term_string"}}],"inLanguage":"fr-BE"},{"@type":"Organization","@id":"https:\/\/newmobility.news\/#organization","name":"Agence de presse B2BNews","url":"https:\/\/newmobility.news\/","logo":{"@type":"ImageObject","inLanguage":"fr-BE","@id":"https:\/\/newmobility.news\/#\/schema\/logo\/image\/","url":"https:\/\/newmobility.news\/wp-content\/uploads\/2018\/01\/b2bnews-agency-logo.png","contentUrl":"https:\/\/newmobility.news\/wp-content\/uploads\/2018\/01\/b2bnews-agency-logo.png","width":"581","height":"117","caption":"B2BNews Agency"},"image":{"@id":"https:\/\/newmobility.news\/#\/schema\/logo\/image\/"},"sameAs":["https:\/\/www.facebook.com\/search\/top\/?q=newmobility.news","https:\/\/x.com\/jorisvry","https:\/\/www.linkedin.com\/in\/jorisvanroy\/","https:\/\/nl.pinterest.com\/jorisvanroy\/"]},{"@type":"Person","@id":"https:\/\/newmobility.news\/#\/schema\/person\/5f9475a0c8f811875bf271136de823b6","name":"Arnaud Henckaerts","image":{"@type":"ImageObject","inLanguage":"fr-BE","@id":"https:\/\/secure.gravatar.com\/avatar\/b1dfec22af8b8aee8d5432c234c17ec4c71f8456691d0669f55c690a4dd8fb92?s=96&d=mm&r=g","url":"https:\/\/secure.gravatar.com\/avatar\/b1dfec22af8b8aee8d5432c234c17ec4c71f8456691d0669f55c690a4dd8fb92?s=96&d=mm&r=g","contentUrl":"https:\/\/secure.gravatar.com\/avatar\/b1dfec22af8b8aee8d5432c234c17ec4c71f8456691d0669f55c690a4dd8fb92?s=96&d=mm&r=g","caption":"Arnaud Henckaerts"},"url":"https:\/\/newmobility.news\/fr\/author\/arnaud-henckaertsgmail-be\/"}]}},"jetpack_publicize_connections":[],"jetpack_shortlink":"https:\/\/wp.me\/p9wJdU-Ocd","jetpack_sharing_enabled":true,"jetpack_likes_enabled":true,"jetpack-related-posts":[],"jetpack_featured_media_url":"https:\/\/i0.wp.com\/newmobility.news\/wp-content\/uploads\/2026\/09\/kia-corporate-PV7-Teased-Ahead-of-World-Premiere-at-IAA-Transportation-digital-1920x1080-3.jpg?fit=1920%2C1080&ssl=1","_links":{"self":[{"href":"https:\/\/newmobility.news\/fr\/wp-json\/wp\/v2\/posts\/192957","targetHints":{"allow":["GET"]}}],"collection":[{"href":"https:\/\/newmobility.news\/fr\/wp-json\/wp\/v2\/posts"}],"about":[{"href":"https:\/\/newmobility.news\/fr\/wp-json\/wp\/v2\/types\/post"}],"author":[{"embeddable":true,"href":"https:\/\/newmobility.news\/fr\/wp-json\/wp\/v2\/users\/439"}],"replies":[{"embeddable":true,"href":"https:\/\/newmobility.news\/fr\/wp-json\/wp\/v2\/comments?post=192957"}],"version-history":[{"count":5,"href":"https:\/\/newmobility.news\/fr\/wp-json\/wp\/v2\/posts\/192957\/revisions"}],"predecessor-version":[{"id":192976,"href":"https:\/\/newmobility.news\/fr\/wp-json\/wp\/v2\/posts\/192957\/revisions\/192976"}],"wp:featuredmedia":[{"embeddable":true,"href":"https:\/\/newmobility.news\/fr\/wp-json\/wp\/v2\/media\/192961"}],"wp:attachment":[{"href":"https:\/\/newmobility.news\/fr\/wp-json\/wp\/v2\/media?parent=192957"}],"wp:term":[{"taxonomy":"category","embeddable":true,"href":"https:\/\/newmobility.news\/fr\/wp-json\/wp\/v2\/categories?post=192957"},{"taxonomy":"post_tag","embeddable":true,"href":"https:\/\/newmobility.news\/fr\/wp-json\/wp\/v2\/tags?post=192957"}],"curies":[{"name":"wp","href":"https:\/\/api.w.org\/{rel}","templated":true}]}}