{"id":193059,"date":"2026-09-03T07:11:34","date_gmt":"2026-09-03T05:11:34","guid":{"rendered":"https:\/\/newmobility.news\/?p=193059"},"modified":"2026-09-03T07:11:34","modified_gmt":"2026-09-03T05:11:34","slug":"strike-looms-at-brussels-airlines-over-flights-to-tel-aviv","status":"publish","type":"post","link":"https:\/\/newmobility.news\/fr\/2026\/09\/03\/strike-looms-at-brussels-airlines-over-flights-to-tel-aviv\/","title":{"rendered":"Une gr\u00e8ve menace chez Brussels Airlines au sujet des vols \u00e0 destination de Tel-Aviv"},"content":{"rendered":"<p>Brussels Airlines pr\u00e9voit de reprendre l'exploitation d'un \u00e0 deux vols quotidiens vers Tel-Aviv \u00e0 partir de septembre. Contrairement \u00e0 ce qui se faisait auparavant, la compagnie a\u00e9rienne ne souhaite plus compter exclusivement sur des volontaires pour ces vols et a l'intention d'imposer \u00e0 son personnel de les assurer dans le cadre du processus habituel de planification des horaires.<\/p>\n<p>Selon le syndicat ACV Puls, Brussels Airlines enfreint ainsi les accords conclus pr\u00e9c\u00e9demment avec les syndicats. Afin d'intensifier la pression, le syndicat a d\u00e9pos\u00e9 un pr\u00e9avis de gr\u00e8ve le 1er septembre.<\/p>\n<h4>Retour \u00e0 un horaire de vol normal<\/h4>\n<p>Depuis le 1er ao\u00fbt, Brussels Airlines dessert \u00e0 nouveau Tel-Aviv au moins une fois par semaine. Toutefois, ces vols \u00e9taient initialement assur\u00e9s exclusivement par des volontaires, \u00e0 savoir des membres du personnel en formation ou occupant des postes administratifs. De nombreux membres permanents de l'\u00e9quipage avaient en effet refus\u00e9 d'assurer cette liaison en raison de pr\u00e9occupations li\u00e9es \u00e0 la s\u00e9curit\u00e9, aux troubles r\u00e9gionaux et aux implications \u00e9thiques de ces vols.<\/p>\n<p>Mais depuis ce mois-ci, Brussels Airlines a repris ses vols sur cette ligne, avec environ 11 \u00e0 12 vols par semaine. La compagnie est \u00e9galement revenue \u00e0 sa proc\u00e9dure habituelle de planification des horaires, ce qui signifie que le personnel n\u2019est plus affect\u00e9 uniquement sur la base du volontariat, mais peut \u00eatre affect\u00e9 comme pour n\u2019importe quelle autre destination, c\u2019est-\u00e0-dire de mani\u00e8re obligatoire.<\/p>\n<h4>Des actions collectives pourraient s'ensuivre<\/h4>\n<p>Cependant, ACV Puls estime que ce d\u00e9ploiement obligatoire, dans le contexte actuel de guerre et de g\u00e9nocide \u00e0 Gaza, non seulement enfreint les accords conclus pr\u00e9c\u00e9demment avec le syndicat, mais va \u00e9galement \u00e0 l'encontre de la responsabilit\u00e9 de l'employeur de prot\u00e9ger son personnel contre les risques pour la sant\u00e9 et la s\u00e9curit\u00e9.<\/p>\n<p>En cons\u00e9quence, le syndicat a d\u00e9pos\u00e9 un pr\u00e9avis de gr\u00e8ve. Si Brussels Airlines ne revient pas sur sa d\u00e9cision, une action collective pourrait s\u2019ensuivre. \u201c Toute perturbation concernera exclusivement les vols \u00e0 destination et en provenance de Tel-Aviv \u201d, pr\u00e9cise ACV Puls, qui affirme clairement qu\u2019il prot\u00e9gera tout salari\u00e9 ne souhaitant pas se rendre dans une zone de guerre.<\/p>\n<h4>Toujours une zone de conflit<\/h4>\n<p>Le syndicat conteste \u00e9galement l\u2019\u00e9valuation de Brussels Airlines selon laquelle la situation serait suffisamment s\u00fbre pour reprendre les vols. Il cite le Service public f\u00e9d\u00e9ral des Affaires \u00e9trang\u00e8res, qui continue de souligner l\u2019instabilit\u00e9 de la situation s\u00e9curitaire et d\u00e9conseille tout voyage non essentiel vers Isra\u00ebl et J\u00e9rusalem. ACV Puls appelle le gouvernement \u00e0 adopter une position claire concernant les vols commerciaux vers les zones de conflit et la protection du personnel concern\u00e9.<\/p>\n<p>Brussels Airlines souligne elle-m\u00eame que la s\u00e9curit\u00e9 est toujours la priorit\u00e9 absolue. \u201c En collaboration avec les autres compagnies a\u00e9riennes du groupe Lufthansa, nous continuons \u00e0 suivre de pr\u00e8s la situation sur le terrain et sommes pr\u00eats \u00e0 adapter nos proc\u00e9dures \u00e0 tout moment, si cela s'av\u00e8re n\u00e9cessaire \u201d, a d\u00e9clar\u00e9 la compagnie a\u00e9rienne.<\/p>\n<h4>KLM et Air France desservent Tel-Aviv<\/h4>\n<p>La question isra\u00e9lienne ne se limite pas \u00e0 Brussels Airlines. KLM, par exemple, a \u00e9galement \u00e9t\u00e9 confront\u00e9e \u00e0 des probl\u00e8mes similaires par le pass\u00e9, mais les vols \u00e0 destination et en provenance de Tel-Aviv ont repris depuis le 25 ao\u00fbt. Toutefois, ces vols comportent une escale \u00e0 Larnaca, \u00e0 Chypre, o\u00f9 l'\u00e9quipage est remplac\u00e9 afin de ne pas avoir \u00e0 passer la nuit \u00e0 Tel-Aviv.<\/p>\n<p>Air France a \u00e9galement travers\u00e9 une p\u00e9riode mouvement\u00e9e, marqu\u00e9e par des prolongations r\u00e9p\u00e9t\u00e9es de la suspension. Elle a n\u00e9anmoins repris ses vols sur cette ligne d\u00e8s le d\u00e9but du mois de juillet, avec un vol quotidien reliant Paris \u00e0 Tel-Aviv. Air France a repris ses vols sur cette ligne relativement t\u00f4t par rapport \u00e0 certaines autres compagnies a\u00e9riennes europ\u00e9ennes.<\/p>\n<p>British Airways a suspendu cette liaison jusqu'au 25 octobre au moins, date de la fin de la saison estivale. \u00c0 partir de cette date, la compagnie pr\u00e9voit de la r\u00e9activer avec une fr\u00e9quence r\u00e9duite \u00e0 un vol par jour.<\/p>\n<p>Le probl\u00e8me ne se pose gu\u00e8re de la m\u00eame mani\u00e8re pour les compagnies a\u00e9riennes arabes du Golfe. Etihad (Abou Dhabi) est rest\u00e9e relativement active sur cette ligne et l\u2019a m\u00eame d\u00e9velopp\u00e9e, tandis qu\u2019Emirates, en revanche, s\u2019en est compl\u00e8tement retir\u00e9e. Leapmotor vend d\u00e9sormais plus de 100 000 voitures par mois dans le monde entier.<\/p>\n<p>L'Europe ne repr\u00e9sente encore qu'une part minoritaire de ce volume, mais les ventes connaissent une croissance \u00e0 trois chiffres, soutenue par le r\u00e9seau de distribution de Stellantis. La d\u00e9cision de voler ou non est donc principalement prise au plus haut niveau et motiv\u00e9e uniquement par des consid\u00e9rations op\u00e9rationnelles, politiques et de s\u00e9curit\u00e9, plut\u00f4t que par un conflit social entre l\u2019employeur et les salari\u00e9s, car il n\u2019existe g\u00e9n\u00e9ralement pas de tradition syndicale ind\u00e9pendante dans les magasins.<\/p>","protected":false},"excerpt":{"rendered":"<p>Brussels Airlines plans to resume operating 1 to 2 daily flights to Tel Aviv starting in September. Unlike in the past, the airline no longer wants to rely exclusively on volunteers for these flights and instead intends to require staff to work them through the standard scheduling process. According to the ACV Puls union, Brussels [&hellip;]<\/p>\n","protected":false},"author":164,"featured_media":193083,"comment_status":"closed","ping_status":"closed","sticky":false,"template":"","format":"standard","meta":{"_acf_changed":false,"_jetpack_newsletter_access":"","_jetpack_dont_email_post_to_subs":false,"_jetpack_newsletter_tier_id":0,"_jetpack_memberships_contains_paywalled_content":false,"_jetpack_feature_clip_id":0,"_jetpack_memberships_contains_paid_content":false,"footnotes":"","jetpack_publicize_message":"{title}\r\n\r\n{excerpt}\r\n\r\n{url}","jetpack_publicize_feature_enabled":true,"jetpack_social_post_already_shared":true,"jetpack_social_options":{"image_generator_settings":{"template":"highway","default_image_id":0,"font":"","enabled":false},"version":2},"_wpas_customize_per_network":false,"jetpack_post_was_ever_published":false},"categories":[77152,77170,7,4],"tags":[],"class_list":["post-193059","post","type-post","status-publish","format-standard","has-post-thumbnail","hentry","category-aviation","category-belgium","category-mobility","category-top-stories-today"],"acf":[],"featured_image_urls_v2":{"full":["https:\/\/i0.wp.com\/newmobility.news\/wp-content\/uploads\/2026\/09\/Untitled07-scaled.png?fit=2560%2C1543&ssl=1",2560,1543,false],"thumbnail":["https:\/\/i0.wp.com\/newmobility.news\/wp-content\/uploads\/2026\/09\/Untitled07-scaled.png?resize=150%2C150&ssl=1",150,150,true],"medium":["https:\/\/i0.wp.com\/newmobility.news\/wp-content\/uploads\/2026\/09\/Untitled07-scaled.png?fit=300%2C181&ssl=1",300,181,true],"medium_large":["https:\/\/i0.wp.com\/newmobility.news\/wp-content\/uploads\/2026\/09\/Untitled07-scaled.png?fit=640%2C386&ssl=1",640,386,true],"large":["https:\/\/i0.wp.com\/newmobility.news\/wp-content\/uploads\/2026\/09\/Untitled07-scaled.png?fit=640%2C386&ssl=1",640,386,true],"1536x1536":["https:\/\/i0.wp.com\/newmobility.news\/wp-content\/uploads\/2026\/09\/Untitled07-scaled.png?fit=1536%2C926&ssl=1",1536,926,true],"2048x2048":["https:\/\/i0.wp.com\/newmobility.news\/wp-content\/uploads\/2026\/09\/Untitled07-scaled.png?fit=2048%2C1234&ssl=1",2048,1234,true],"trp-custom-language-flag":["https:\/\/i0.wp.com\/newmobility.news\/wp-content\/uploads\/2026\/09\/Untitled07-scaled.png?fit=18%2C12&ssl=1",18,12,true],"related-thumb":["https:\/\/i0.wp.com\/newmobility.news\/wp-content\/uploads\/2026\/09\/Untitled07-scaled.png?resize=640%2C480&ssl=1",640,480,true],"gform-image-choice-sm":["https:\/\/i0.wp.com\/newmobility.news\/wp-content\/uploads\/2026\/09\/Untitled07-scaled.png?resize=300%2C300&ssl=1",300,300,true],"gform-image-choice-md":["https:\/\/i0.wp.com\/newmobility.news\/wp-content\/uploads\/2026\/09\/Untitled07-scaled.png?resize=400%2C400&ssl=1",400,400,true],"gform-image-choice-lg":["https:\/\/i0.wp.com\/newmobility.news\/wp-content\/uploads\/2026\/09\/Untitled07-scaled.png?resize=600%2C600&ssl=1",600,600,true],"mailchimp":["https:\/\/i0.wp.com\/newmobility.news\/wp-content\/uploads\/2026\/09\/Untitled07-scaled.png?fit=560%2C338&ssl=1",560,338,true],"unipress-phone":["https:\/\/i0.wp.com\/newmobility.news\/wp-content\/uploads\/2026\/09\/Untitled07-scaled.png?resize=640%2C100&ssl=1",640,100,true],"unipress-tablet":["https:\/\/i0.wp.com\/newmobility.news\/wp-content\/uploads\/2026\/09\/Untitled07-scaled.png?resize=1536%2C240&ssl=1",1536,240,true],"unipress-tablet-portrait":["https:\/\/i0.wp.com\/newmobility.news\/wp-content\/uploads\/2026\/09\/Untitled07-scaled.png?resize=1536%2C180&ssl=1",1536,180,true],"unipress-tablet-landscape":["https:\/\/i0.wp.com\/newmobility.news\/wp-content\/uploads\/2026\/09\/Untitled07-scaled.png?resize=2048%2C180&ssl=1",2048,180,true],"unipress-smartphone":["https:\/\/i0.wp.com\/newmobility.news\/wp-content\/uploads\/2026\/09\/Untitled07-scaled.png?resize=1080%2C168&ssl=1",1080,168,true],"unipress-wide-screen":["https:\/\/i0.wp.com\/newmobility.news\/wp-content\/uploads\/2026\/09\/Untitled07-scaled.png?resize=2560%2C180&ssl=1",2560,180,true]},"post_excerpt_stackable_v2":"<p>Brussels Airlines plans to resume operating 1 to 2 daily flights to Tel Aviv starting in September. Unlike in the past, the airline no longer wants to rely exclusively on volunteers for these flights and instead intends to require staff to work them through the standard scheduling process. According to the ACV Puls union, Brussels Airlines is thereby breaking previous agreements with the unions. To increase the pressure, the union filed a strike notice on September 1. Back to a normal flight schedule Since August 1, Brussels Airlines has once again been flying to Tel Aviv at least once a&hellip;<\/p>\n","category_list_v2":"<a href=\"https:\/\/newmobility.news\/fr\/category\/aviation\/\" rel=\"category tag\">Aviation<\/a>, <a href=\"https:\/\/newmobility.news\/fr\/category\/belgium\/\" rel=\"category tag\">Belgium<\/a>, <a href=\"https:\/\/newmobility.news\/fr\/category\/mobility\/\" rel=\"category tag\">Mobility<\/a>, <a href=\"https:\/\/newmobility.news\/fr\/category\/top-stories-today\/\" rel=\"category tag\">Top Stories Today<\/a>","author_info_v2":{"name":"Luc Joris","url":"https:\/\/newmobility.news\/fr\/author\/belga-5\/"},"comments_num_v2":"0 comments","yoast_head":"<!-- This site is optimized with the Yoast SEO plugin v28.4 - https:\/\/yoast.com\/product\/yoast-seo-wordpress\/ -->\n<title>Strike looms at Brussels Airlines over flights to Tel Aviv - newmobility.news<\/title>\n<meta name=\"robots\" content=\"index, follow, max-snippet:-1, max-image-preview:large, max-video-preview:-1\" \/>\n<link rel=\"canonical\" href=\"https:\/\/newmobility.news\/fr\/2026\/09\/03\/strike-looms-at-brussels-airlines-over-flights-to-tel-aviv\/\" \/>\n<meta property=\"og:locale\" content=\"fr_FR\" \/>\n<meta property=\"og:type\" content=\"article\" \/>\n<meta property=\"og:title\" content=\"Strike looms at Brussels Airlines over flights to Tel Aviv - newmobility.news\" \/>\n<meta property=\"og:description\" content=\"Brussels Airlines plans to resume operating 1 to 2 daily flights to Tel Aviv starting in September. Unlike in the past, the airline no longer wants to rely exclusively on volunteers for these flights and instead intends to require staff to work them through the standard scheduling process. According to the ACV Puls union, Brussels [&hellip;]\" \/>\n<meta property=\"og:url\" content=\"https:\/\/newmobility.news\/fr\/2026\/09\/03\/strike-looms-at-brussels-airlines-over-flights-to-tel-aviv\/\" \/>\n<meta property=\"og:site_name\" content=\"newmobility.news\" \/>\n<meta property=\"article:publisher\" content=\"https:\/\/www.facebook.com\/search\/top\/?q=newmobility.news\" \/>\n<meta property=\"article:published_time\" content=\"2026-09-03T05:11:34+00:00\" \/>\n<meta property=\"og:image\" content=\"https:\/\/newmobility.news\/wp-content\/uploads\/2026\/09\/Untitled07-1024x617.png\" \/>\n\t<meta property=\"og:image:width\" content=\"1024\" \/>\n\t<meta property=\"og:image:height\" content=\"617\" \/>\n\t<meta property=\"og:image:type\" content=\"image\/png\" \/>\n<meta name=\"author\" content=\"Luc Joris\" \/>\n<meta name=\"twitter:card\" content=\"summary_large_image\" \/>\n<meta name=\"twitter:creator\" content=\"@jorisvry\" \/>\n<meta name=\"twitter:site\" content=\"@jorisvry\" \/>\n<meta name=\"twitter:label1\" content=\"\u00c9crit par\" \/>\n\t<meta name=\"twitter:data1\" content=\"Luc Joris\" \/>\n\t<meta name=\"twitter:label2\" content=\"Dur\u00e9e de lecture est.\" \/>\n\t<meta name=\"twitter:data2\" content=\"4 minutes\" \/>\n<script type=\"application\/ld+json\" class=\"yoast-schema-graph\">{\"@context\":\"https:\\\/\\\/schema.org\",\"@graph\":[{\"@type\":\"Article\",\"@id\":\"https:\\\/\\\/newmobility.news\\\/2026\\\/09\\\/03\\\/strike-looms-at-brussels-airlines-over-flights-to-tel-aviv\\\/#article\",\"isPartOf\":{\"@id\":\"https:\\\/\\\/newmobility.news\\\/2026\\\/09\\\/03\\\/strike-looms-at-brussels-airlines-over-flights-to-tel-aviv\\\/\"},\"author\":{\"name\":\"Luc Joris\",\"@id\":\"https:\\\/\\\/newmobility.news\\\/#\\\/schema\\\/person\\\/9b4a04002179d83e5be74f13c664b722\"},\"headline\":\"Strike looms at Brussels Airlines over flights to Tel Aviv\",\"datePublished\":\"2026-09-03T05:11:34+00:00\",\"mainEntityOfPage\":{\"@id\":\"https:\\\/\\\/newmobility.news\\\/2026\\\/09\\\/03\\\/strike-looms-at-brussels-airlines-over-flights-to-tel-aviv\\\/\"},\"wordCount\":685,\"publisher\":{\"@id\":\"https:\\\/\\\/newmobility.news\\\/#organization\"},\"image\":{\"@id\":\"https:\\\/\\\/newmobility.news\\\/2026\\\/09\\\/03\\\/strike-looms-at-brussels-airlines-over-flights-to-tel-aviv\\\/#primaryimage\"},\"thumbnailUrl\":\"https:\\\/\\\/i0.wp.com\\\/newmobility.news\\\/wp-content\\\/uploads\\\/2026\\\/09\\\/Untitled07-scaled.png?fit=2560%2C1543&ssl=1\",\"articleSection\":[\"Aviation\",\"Belgium\",\"Mobility\",\"Top Stories Today\"],\"inLanguage\":\"fr-BE\"},{\"@type\":\"WebPage\",\"@id\":\"https:\\\/\\\/newmobility.news\\\/2026\\\/09\\\/03\\\/strike-looms-at-brussels-airlines-over-flights-to-tel-aviv\\\/\",\"url\":\"https:\\\/\\\/newmobility.news\\\/2026\\\/09\\\/03\\\/strike-looms-at-brussels-airlines-over-flights-to-tel-aviv\\\/\",\"name\":\"Strike looms at Brussels Airlines over flights to Tel Aviv - newmobility.news\",\"isPartOf\":{\"@id\":\"https:\\\/\\\/newmobility.news\\\/#website\"},\"primaryImageOfPage\":{\"@id\":\"https:\\\/\\\/newmobility.news\\\/2026\\\/09\\\/03\\\/strike-looms-at-brussels-airlines-over-flights-to-tel-aviv\\\/#primaryimage\"},\"image\":{\"@id\":\"https:\\\/\\\/newmobility.news\\\/2026\\\/09\\\/03\\\/strike-looms-at-brussels-airlines-over-flights-to-tel-aviv\\\/#primaryimage\"},\"thumbnailUrl\":\"https:\\\/\\\/i0.wp.com\\\/newmobility.news\\\/wp-content\\\/uploads\\\/2026\\\/09\\\/Untitled07-scaled.png?fit=2560%2C1543&ssl=1\",\"datePublished\":\"2026-09-03T05:11:34+00:00\",\"breadcrumb\":{\"@id\":\"https:\\\/\\\/newmobility.news\\\/2026\\\/09\\\/03\\\/strike-looms-at-brussels-airlines-over-flights-to-tel-aviv\\\/#breadcrumb\"},\"inLanguage\":\"fr-BE\",\"potentialAction\":[{\"@type\":\"ReadAction\",\"target\":[\"https:\\\/\\\/newmobility.news\\\/2026\\\/09\\\/03\\\/strike-looms-at-brussels-airlines-over-flights-to-tel-aviv\\\/\"]}]},{\"@type\":\"ImageObject\",\"inLanguage\":\"fr-BE\",\"@id\":\"https:\\\/\\\/newmobility.news\\\/2026\\\/09\\\/03\\\/strike-looms-at-brussels-airlines-over-flights-to-tel-aviv\\\/#primaryimage\",\"url\":\"https:\\\/\\\/i0.wp.com\\\/newmobility.news\\\/wp-content\\\/uploads\\\/2026\\\/09\\\/Untitled07-scaled.png?fit=2560%2C1543&ssl=1\",\"contentUrl\":\"https:\\\/\\\/i0.wp.com\\\/newmobility.news\\\/wp-content\\\/uploads\\\/2026\\\/09\\\/Untitled07-scaled.png?fit=2560%2C1543&ssl=1\",\"width\":2560,\"height\":1543,\"caption\":\"The ACV Puls union has filed a strike notice for Brussels Airlines flights to Tel Aviv because the airline wants to require its staff to fly to that destination\\\/Aerohandling LTD\"},{\"@type\":\"BreadcrumbList\",\"@id\":\"https:\\\/\\\/newmobility.news\\\/2026\\\/09\\\/03\\\/strike-looms-at-brussels-airlines-over-flights-to-tel-aviv\\\/#breadcrumb\",\"itemListElement\":[{\"@type\":\"ListItem\",\"position\":1,\"name\":\"Home\",\"item\":\"https:\\\/\\\/newmobility.news\\\/\"},{\"@type\":\"ListItem\",\"position\":2,\"name\":\"Strike looms at Brussels Airlines over flights to Tel Aviv\"}]},{\"@type\":\"WebSite\",\"@id\":\"https:\\\/\\\/newmobility.news\\\/#website\",\"url\":\"https:\\\/\\\/newmobility.news\\\/\",\"name\":\"newmobility.news\",\"description\":\"A B2BNews Agency\u00ae news service for mobility business proessional\",\"publisher\":{\"@id\":\"https:\\\/\\\/newmobility.news\\\/#organization\"},\"potentialAction\":[{\"@type\":\"SearchAction\",\"target\":{\"@type\":\"EntryPoint\",\"urlTemplate\":\"https:\\\/\\\/newmobility.news\\\/?s={search_term_string}\"},\"query-input\":{\"@type\":\"PropertyValueSpecification\",\"valueRequired\":true,\"valueName\":\"search_term_string\"}}],\"inLanguage\":\"fr-BE\"},{\"@type\":\"Organization\",\"@id\":\"https:\\\/\\\/newmobility.news\\\/#organization\",\"name\":\"B2BNews Agency\",\"url\":\"https:\\\/\\\/newmobility.news\\\/\",\"logo\":{\"@type\":\"ImageObject\",\"inLanguage\":\"fr-BE\",\"@id\":\"https:\\\/\\\/newmobility.news\\\/#\\\/schema\\\/logo\\\/image\\\/\",\"url\":\"https:\\\/\\\/newmobility.news\\\/wp-content\\\/uploads\\\/2018\\\/01\\\/b2bnews-agency-logo.png\",\"contentUrl\":\"https:\\\/\\\/newmobility.news\\\/wp-content\\\/uploads\\\/2018\\\/01\\\/b2bnews-agency-logo.png\",\"width\":\"581\",\"height\":\"117\",\"caption\":\"B2BNews Agency\"},\"image\":{\"@id\":\"https:\\\/\\\/newmobility.news\\\/#\\\/schema\\\/logo\\\/image\\\/\"},\"sameAs\":[\"https:\\\/\\\/www.facebook.com\\\/search\\\/top\\\/?q=newmobility.news\",\"https:\\\/\\\/x.com\\\/jorisvry\",\"https:\\\/\\\/www.linkedin.com\\\/in\\\/jorisvanroy\\\/\",\"https:\\\/\\\/nl.pinterest.com\\\/jorisvanroy\\\/\"]},{\"@type\":\"Person\",\"@id\":\"https:\\\/\\\/newmobility.news\\\/#\\\/schema\\\/person\\\/9b4a04002179d83e5be74f13c664b722\",\"name\":\"Luc Joris\",\"image\":{\"@type\":\"ImageObject\",\"inLanguage\":\"fr-BE\",\"@id\":\"https:\\\/\\\/secure.gravatar.com\\\/avatar\\\/9e27cf9984ae903174b14c7dd33d523290f03fd71803b04bc6e486c7259b2920?s=96&d=mm&r=g\",\"url\":\"https:\\\/\\\/secure.gravatar.com\\\/avatar\\\/9e27cf9984ae903174b14c7dd33d523290f03fd71803b04bc6e486c7259b2920?s=96&d=mm&r=g\",\"contentUrl\":\"https:\\\/\\\/secure.gravatar.com\\\/avatar\\\/9e27cf9984ae903174b14c7dd33d523290f03fd71803b04bc6e486c7259b2920?s=96&d=mm&r=g\",\"caption\":\"Luc Joris\"},\"url\":\"https:\\\/\\\/newmobility.news\\\/fr\\\/author\\\/belga-5\\\/\"}]}<\/script>\n<!-- \/ Yoast SEO plugin. -->","yoast_head_json":{"title":"Une gr\u00e8ve se profile chez Brussels Airlines concernant les vols \u00e0 destination de Tel-Aviv - newmobility.news","robots":{"index":"index","follow":"follow","max-snippet":"max-snippet:-1","max-image-preview":"max-image-preview:large","max-video-preview":"max-video-preview:-1"},"canonical":"https:\/\/newmobility.news\/fr\/2026\/09\/03\/strike-looms-at-brussels-airlines-over-flights-to-tel-aviv\/","og_locale":"fr_FR","og_type":"article","og_title":"Strike looms at Brussels Airlines over flights to Tel Aviv - newmobility.news","og_description":"Brussels Airlines plans to resume operating 1 to 2 daily flights to Tel Aviv starting in September. Unlike in the past, the airline no longer wants to rely exclusively on volunteers for these flights and instead intends to require staff to work them through the standard scheduling process. According to the ACV Puls union, Brussels [&hellip;]","og_url":"https:\/\/newmobility.news\/fr\/2026\/09\/03\/strike-looms-at-brussels-airlines-over-flights-to-tel-aviv\/","og_site_name":"newmobility.news","article_publisher":"https:\/\/www.facebook.com\/search\/top\/?q=newmobility.news","article_published_time":"2026-09-03T05:11:34+00:00","og_image":[{"width":1024,"height":617,"url":"https:\/\/newmobility.news\/wp-content\/uploads\/2026\/09\/Untitled07-1024x617.png","type":"image\/png"}],"author":"Luc Joris","twitter_card":"summary_large_image","twitter_creator":"@jorisvry","twitter_site":"@jorisvry","twitter_misc":{"\u00c9crit par":"Luc Joris","Dur\u00e9e de lecture est.":"4 minutes"},"schema":{"@context":"https:\/\/schema.org","@graph":[{"@type":"Article","@id":"https:\/\/newmobility.news\/2026\/09\/03\/strike-looms-at-brussels-airlines-over-flights-to-tel-aviv\/#article","isPartOf":{"@id":"https:\/\/newmobility.news\/2026\/09\/03\/strike-looms-at-brussels-airlines-over-flights-to-tel-aviv\/"},"author":{"name":"Luc Joris","@id":"https:\/\/newmobility.news\/#\/schema\/person\/9b4a04002179d83e5be74f13c664b722"},"headline":"Strike looms at Brussels Airlines over flights to Tel Aviv","datePublished":"2026-09-03T05:11:34+00:00","mainEntityOfPage":{"@id":"https:\/\/newmobility.news\/2026\/09\/03\/strike-looms-at-brussels-airlines-over-flights-to-tel-aviv\/"},"wordCount":685,"publisher":{"@id":"https:\/\/newmobility.news\/#organization"},"image":{"@id":"https:\/\/newmobility.news\/2026\/09\/03\/strike-looms-at-brussels-airlines-over-flights-to-tel-aviv\/#primaryimage"},"thumbnailUrl":"https:\/\/i0.wp.com\/newmobility.news\/wp-content\/uploads\/2026\/09\/Untitled07-scaled.png?fit=2560%2C1543&ssl=1","articleSection":["Aviation","Belgium","Mobility","Top Stories Today"],"inLanguage":"fr-BE"},{"@type":"WebPage","@id":"https:\/\/newmobility.news\/2026\/09\/03\/strike-looms-at-brussels-airlines-over-flights-to-tel-aviv\/","url":"https:\/\/newmobility.news\/2026\/09\/03\/strike-looms-at-brussels-airlines-over-flights-to-tel-aviv\/","name":"Une gr\u00e8ve se profile chez Brussels Airlines concernant les vols \u00e0 destination de Tel-Aviv - newmobility.news","isPartOf":{"@id":"https:\/\/newmobility.news\/#website"},"primaryImageOfPage":{"@id":"https:\/\/newmobility.news\/2026\/09\/03\/strike-looms-at-brussels-airlines-over-flights-to-tel-aviv\/#primaryimage"},"image":{"@id":"https:\/\/newmobility.news\/2026\/09\/03\/strike-looms-at-brussels-airlines-over-flights-to-tel-aviv\/#primaryimage"},"thumbnailUrl":"https:\/\/i0.wp.com\/newmobility.news\/wp-content\/uploads\/2026\/09\/Untitled07-scaled.png?fit=2560%2C1543&ssl=1","datePublished":"2026-09-03T05:11:34+00:00","breadcrumb":{"@id":"https:\/\/newmobility.news\/2026\/09\/03\/strike-looms-at-brussels-airlines-over-flights-to-tel-aviv\/#breadcrumb"},"inLanguage":"fr-BE","potentialAction":[{"@type":"ReadAction","target":["https:\/\/newmobility.news\/2026\/09\/03\/strike-looms-at-brussels-airlines-over-flights-to-tel-aviv\/"]}]},{"@type":"ImageObject","inLanguage":"fr-BE","@id":"https:\/\/newmobility.news\/2026\/09\/03\/strike-looms-at-brussels-airlines-over-flights-to-tel-aviv\/#primaryimage","url":"https:\/\/i0.wp.com\/newmobility.news\/wp-content\/uploads\/2026\/09\/Untitled07-scaled.png?fit=2560%2C1543&ssl=1","contentUrl":"https:\/\/i0.wp.com\/newmobility.news\/wp-content\/uploads\/2026\/09\/Untitled07-scaled.png?fit=2560%2C1543&ssl=1","width":2560,"height":1543,"caption":"The ACV Puls union has filed a strike notice for Brussels Airlines flights to Tel Aviv because the airline wants to require its staff to fly to that destination\/Aerohandling LTD"},{"@type":"BreadcrumbList","@id":"https:\/\/newmobility.news\/2026\/09\/03\/strike-looms-at-brussels-airlines-over-flights-to-tel-aviv\/#breadcrumb","itemListElement":[{"@type":"ListItem","position":1,"name":"Home","item":"https:\/\/newmobility.news\/"},{"@type":"ListItem","position":2,"name":"Strike looms at Brussels Airlines over flights to Tel Aviv"}]},{"@type":"WebSite","@id":"https:\/\/newmobility.news\/#website","url":"https:\/\/newmobility.news\/","name":"nouveaumobilit\u00e9.actualit\u00e9s","description":"Un service d'information B2BNews Agency\u00ae destin\u00e9 aux professionnels de la mobilit\u00e9","publisher":{"@id":"https:\/\/newmobility.news\/#organization"},"potentialAction":[{"@type":"SearchAction","target":{"@type":"EntryPoint","urlTemplate":"https:\/\/newmobility.news\/?s={search_term_string}"},"query-input":{"@type":"PropertyValueSpecification","valueRequired":true,"valueName":"search_term_string"}}],"inLanguage":"fr-BE"},{"@type":"Organization","@id":"https:\/\/newmobility.news\/#organization","name":"Agence de presse B2BNews","url":"https:\/\/newmobility.news\/","logo":{"@type":"ImageObject","inLanguage":"fr-BE","@id":"https:\/\/newmobility.news\/#\/schema\/logo\/image\/","url":"https:\/\/newmobility.news\/wp-content\/uploads\/2018\/01\/b2bnews-agency-logo.png","contentUrl":"https:\/\/newmobility.news\/wp-content\/uploads\/2018\/01\/b2bnews-agency-logo.png","width":"581","height":"117","caption":"B2BNews Agency"},"image":{"@id":"https:\/\/newmobility.news\/#\/schema\/logo\/image\/"},"sameAs":["https:\/\/www.facebook.com\/search\/top\/?q=newmobility.news","https:\/\/x.com\/jorisvry","https:\/\/www.linkedin.com\/in\/jorisvanroy\/","https:\/\/nl.pinterest.com\/jorisvanroy\/"]},{"@type":"Person","@id":"https:\/\/newmobility.news\/#\/schema\/person\/9b4a04002179d83e5be74f13c664b722","name":"Luc Joris","image":{"@type":"ImageObject","inLanguage":"fr-BE","@id":"https:\/\/secure.gravatar.com\/avatar\/9e27cf9984ae903174b14c7dd33d523290f03fd71803b04bc6e486c7259b2920?s=96&d=mm&r=g","url":"https:\/\/secure.gravatar.com\/avatar\/9e27cf9984ae903174b14c7dd33d523290f03fd71803b04bc6e486c7259b2920?s=96&d=mm&r=g","contentUrl":"https:\/\/secure.gravatar.com\/avatar\/9e27cf9984ae903174b14c7dd33d523290f03fd71803b04bc6e486c7259b2920?s=96&d=mm&r=g","caption":"Luc Joris"},"url":"https:\/\/newmobility.news\/fr\/author\/belga-5\/"}]}},"jetpack_publicize_connections":[],"jetpack_shortlink":"https:\/\/wp.me\/p9wJdU-OdR","jetpack_sharing_enabled":true,"jetpack_likes_enabled":true,"jetpack-related-posts":[],"jetpack_featured_media_url":"https:\/\/i0.wp.com\/newmobility.news\/wp-content\/uploads\/2026\/09\/Untitled07-scaled.png?fit=2560%2C1543&ssl=1","_links":{"self":[{"href":"https:\/\/newmobility.news\/fr\/wp-json\/wp\/v2\/posts\/193059","targetHints":{"allow":["GET"]}}],"collection":[{"href":"https:\/\/newmobility.news\/fr\/wp-json\/wp\/v2\/posts"}],"about":[{"href":"https:\/\/newmobility.news\/fr\/wp-json\/wp\/v2\/types\/post"}],"author":[{"embeddable":true,"href":"https:\/\/newmobility.news\/fr\/wp-json\/wp\/v2\/users\/164"}],"replies":[{"embeddable":true,"href":"https:\/\/newmobility.news\/fr\/wp-json\/wp\/v2\/comments?post=193059"}],"version-history":[{"count":9,"href":"https:\/\/newmobility.news\/fr\/wp-json\/wp\/v2\/posts\/193059\/revisions"}],"predecessor-version":[{"id":193109,"href":"https:\/\/newmobility.news\/fr\/wp-json\/wp\/v2\/posts\/193059\/revisions\/193109"}],"wp:featuredmedia":[{"embeddable":true,"href":"https:\/\/newmobility.news\/fr\/wp-json\/wp\/v2\/media\/193083"}],"wp:attachment":[{"href":"https:\/\/newmobility.news\/fr\/wp-json\/wp\/v2\/media?parent=193059"}],"wp:term":[{"taxonomy":"category","embeddable":true,"href":"https:\/\/newmobility.news\/fr\/wp-json\/wp\/v2\/categories?post=193059"},{"taxonomy":"post_tag","embeddable":true,"href":"https:\/\/newmobility.news\/fr\/wp-json\/wp\/v2\/tags?post=193059"}],"curies":[{"name":"wp","href":"https:\/\/api.w.org\/{rel}","templated":true}]}}