{"id":193118,"date":"2026-09-03T12:30:33","date_gmt":"2026-09-03T10:30:33","guid":{"rendered":"https:\/\/newmobility.news\/?p=193118"},"modified":"2026-09-03T11:51:57","modified_gmt":"2026-09-03T09:51:57","slug":"creg-energy-prices-at-highest-level-in-years","status":"publish","type":"post","link":"https:\/\/newmobility.news\/fr\/2026\/09\/03\/creg-energy-prices-at-highest-level-in-years\/","title":{"rendered":"CREG : \u2018 Les prix de l'\u00e9nergie atteignent leur plus haut niveau depuis des ann\u00e9es \u2019"},"content":{"rendered":"<p>Le<span class=\"Y2IQFc\" lang=\"en\"> La CREG (Commission de r\u00e9gulation de l'\u00e9lectricit\u00e9 et du gaz), l'autorit\u00e9 f\u00e9d\u00e9rale de r\u00e9gulation de l'\u00e9nergie, met en garde contre le fait que les nombreux projets pr\u00e9vus par Elia, le gestionnaire du r\u00e9seau \u00e0 haute tension, pour les ann\u00e9es \u00e0 venir entra\u00eeneront une hausse des tarifs d'\u00e9lectricit\u00e9 pour les m\u00e9nages et les entreprises.\u00a0<\/span><\/p>\n<p><span class=\"Y2IQFc\" lang=\"en\">Ces projets comprennent, entre autres, l'\u00ab \u00eelot \u00e9nerg\u00e9tique \u00bb, de nouvelles lignes \u00e0 haute tension telles que Ventilus et Boucle du Hainaut, ou encore la nouvelle ligne \u00e0 haute tension reliant la Belgique au Royaume-Uni (Nautilus).<\/span><\/p>\n<h4>Tarifs de raccordement au r\u00e9seau<\/h4>\n<p><span class=\"Y2IQFc\" lang=\"en\">En tant que gestionnaire du r\u00e9seau haute tension, Elia doit r\u00e9aliser des investissements suffisants pour assurer l'entretien du r\u00e9seau. Elle est notamment charg\u00e9e d'acheminer vers la terre ferme l'\u00e9nergie produite par les parcs \u00e9oliens situ\u00e9s au large de la c\u00f4te flamande et de la distribuer vers l'int\u00e9rieur des terres. Il en va de m\u00eame pour l'\u00e9nergie renouvelable produite \u00e0 terre et inject\u00e9e dans le r\u00e9seau.<\/span><\/p>\n<p><span class=\"Y2IQFc\" lang=\"en\">Elia est autoris\u00e9e \u00e0 r\u00e9percuter les co\u00fbts qu'elle engage \u00e0 cette fin sur les tarifs de r\u00e9seau factur\u00e9s aux clients particuliers et professionnels via leurs factures d'\u00e9lectricit\u00e9.\u00a0<\/span><span class=\"Y2IQFc\" lang=\"en\">Toutefois, l'autorit\u00e9 f\u00e9d\u00e9rale de r\u00e9gulation de l'\u00e9nergie (CREG) met en garde contre le fait que les investissements consid\u00e9rables pr\u00e9vus par Elia pourraient entra\u00eener une forte hausse des tarifs du r\u00e9seau. <\/span><\/p>\n<p><span class=\"Y2IQFc\" lang=\"en\">Pour la p\u00e9riode 2028-2031, la CREG pr\u00e9voit une augmentation comprise entre 50% et 60%, et pour la p\u00e9riode 2031-2038, une augmentation comprise entre 40% et 50%. <\/span><span class=\"Y2IQFc\" lang=\"en\">Elia-m\u00eame estime \u00e0 titre provisoire les investissements n\u00e9cessaires \u00e0 la r\u00e9alisation de ces projets (pour la p\u00e9riode 2028-2038) \u00e0 \u201c environ 24 milliards d'euros \u201d.<\/span><\/p>\n<h4>\u00c9lectrification de l'\u00e9conomie<\/h4>\n<p><span class=\"Y2IQFc\" lang=\"en\">Elia souligne la n\u00e9cessit\u00e9 de ces projets pour la soci\u00e9t\u00e9, en invoquant la croissance rapide de la demande en \u00e9lectricit\u00e9 des entreprises et des m\u00e9nages.\u00a0<\/span><span class=\"Y2IQFc\" lang=\"en\">Apr\u00e8s tout, le gestionnaire du r\u00e9seau haute tension doit veiller \u00e0 ce que la Belgique soit en mesure de r\u00e9pondre aux besoins des ann\u00e9es et des d\u00e9cennies \u00e0 venir.\u00a0<\/span><\/p>\n<p><span class=\"Y2IQFc\" lang=\"en\">Selon Elia, ces investissements sont indispensables \u00e0 l\u2019\u00e9lectrification de l\u2019\u00e9conomie : pour d\u00e9velopper les pompes \u00e0 chaleur et les v\u00e9hicules \u00e9lectriques, accro\u00eetre la production d\u2019\u00e9nergie renouvelable et \u00e9lectrifier les processus industriels.<\/span><\/p>\n<p><span class=\"Y2IQFc\" lang=\"en\">Pour un foyer flamand moyen, le tarif du r\u00e9seau de distribution se situe actuellement entre 400 et 500 euros par an. D'ici un peu plus de dix ans, cette partie de la facture d'\u00e9lectricit\u00e9 pourrait donc passer \u00e0 plus de 1 000 euros par foyer.<\/span><\/p>\n<h4>M\u00e9canisme d'alerte<\/h4>\n<p><span class=\"Y2IQFc\" lang=\"en\">La CREG propose donc que l'autorisation ne soit accord\u00e9e qu'aux projets d\u00e9j\u00e0 aboutis, et non \u00e0 ceux qui en sont encore au stade de la conception.\u00a0<\/span><span class=\"Y2IQFc\" lang=\"en\">L'autorit\u00e9 de r\u00e9gulation pr\u00e9conise <\/span><span class=\"Y2IQFc\" lang=\"en\">la transparence de la part du gestionnaire de r\u00e9seau, compte tenu du co\u00fbt de l'ensemble des projets, et pour<\/span><span class=\"Y2IQFc\" lang=\"en\">\u00a0un m\u00e9canisme d'alerte pour les cas o\u00f9 un projet d\u00e9passe de mani\u00e8re significative ses estimations de co\u00fbts ou ses d\u00e9lais de mise en \u0153uvre.<\/span><\/p>\n<p><span class=\"Y2IQFc\" lang=\"en\">Voka, l'organisation patronale flamande, met \u00e9galement en garde contre les probl\u00e8mes d'accessibilit\u00e9 financi\u00e8re. \u201c Les tarifs du r\u00e9seau de transport pour les entreprises auront pratiquement doubl\u00e9 d\u2019ici le 1er janvier 2025, et de nouvelles hausses risquent d\u2019exercer une pression suppl\u00e9mentaire sur la comp\u00e9titivit\u00e9 de notre industrie. Nous demandons donc que tous les investissements dans le r\u00e9seau \u2013 et le projet d\u201d\u00ab \u00eelot \u00e9nerg\u00e9tique \u00bb en particulier \u2013 soient r\u00e9alis\u00e9s avec la retenue et la rentabilit\u00e9 qui s\u2019imposent. \u00bb<\/span><\/p>\n<p><span class=\"Y2IQFc\" lang=\"en\">Mais certains de ces projets sont indispensables. <\/span><span class=\"Y2IQFc\" lang=\"en\">Par exemple, la CREG indique que le fait de ne pas mettre en \u0153uvre le projet \u00ab Boucle du Hainaut \u00bb \u2013 l'extension du trac\u00e9 Ventilus qui achemine l'\u00e9lectricit\u00e9 produite par les parcs \u00e9oliens de la mer du Nord vers l'int\u00e9rieur des terres en passant par le territoire wallon \u2013 aurait des cons\u00e9quences importantes sur la capacit\u00e9 d'accueil de nouveaux raccordements au r\u00e9seau. <\/span><span class=\"Y2IQFc\" lang=\"en\">Cette ligne \u00e0 haute tension est essentielle pour acheminer vers l'int\u00e9rieur des terres l'\u00e9nergie \u00e9olienne offshore suppl\u00e9mentaire, intensifier les \u00e9changes d'\u00e9lectricit\u00e9 avec les pays voisins et \u00e9viter une aggravation de la congestion du r\u00e9seau.<\/span><\/p>","protected":false},"excerpt":{"rendered":"<p>The federal energy regulator CREG, the Commission for Electricity and Gas Regulation, warns that the numerous projects planned by high-voltage grid operator Elia over the coming years will lead to high electricity rates for households and businesses.\u00a0 The plans include, among other things, the energy island, new high-voltage lines such as Ventilus and Boucle du [&hellip;]<\/p>\n","protected":false},"author":175,"featured_media":193140,"comment_status":"closed","ping_status":"closed","sticky":false,"template":"","format":"standard","meta":{"_acf_changed":false,"_jetpack_newsletter_access":"","_jetpack_dont_email_post_to_subs":false,"_jetpack_newsletter_tier_id":0,"_jetpack_memberships_contains_paywalled_content":false,"_jetpack_feature_clip_id":0,"_jetpack_memberships_contains_paid_content":false,"footnotes":"","jetpack_publicize_message":"{title}\r\n\r\n{excerpt}\r\n\r\n{url}","jetpack_publicize_feature_enabled":true,"jetpack_social_post_already_shared":true,"jetpack_social_options":{"image_generator_settings":{"template":"highway","default_image_id":0,"font":"","enabled":false},"version":2},"_wpas_customize_per_network":false,"jetpack_post_was_ever_published":false},"categories":[77170,2043,4],"tags":[],"class_list":["post-193118","post","type-post","status-publish","format-standard","has-post-thumbnail","hentry","category-belgium","category-energy","category-top-stories-today"],"acf":[],"featured_image_urls_v2":{"full":["https:\/\/i0.wp.com\/newmobility.news\/wp-content\/uploads\/2026\/09\/Scherm%C2%ADafbeelding-2026-09-03-om-10.22.14.png?fit=840%2C568&ssl=1",840,568,false],"thumbnail":["https:\/\/i0.wp.com\/newmobility.news\/wp-content\/uploads\/2026\/09\/Scherm%C2%ADafbeelding-2026-09-03-om-10.22.14.png?resize=150%2C150&ssl=1",150,150,true],"medium":["https:\/\/i0.wp.com\/newmobility.news\/wp-content\/uploads\/2026\/09\/Scherm%C2%ADafbeelding-2026-09-03-om-10.22.14.png?fit=300%2C203&ssl=1",300,203,true],"medium_large":["https:\/\/i0.wp.com\/newmobility.news\/wp-content\/uploads\/2026\/09\/Scherm%C2%ADafbeelding-2026-09-03-om-10.22.14.png?fit=640%2C433&ssl=1",640,433,true],"large":["https:\/\/i0.wp.com\/newmobility.news\/wp-content\/uploads\/2026\/09\/Scherm%C2%ADafbeelding-2026-09-03-om-10.22.14.png?fit=640%2C433&ssl=1",640,433,true],"1536x1536":["https:\/\/i0.wp.com\/newmobility.news\/wp-content\/uploads\/2026\/09\/Scherm%C2%ADafbeelding-2026-09-03-om-10.22.14.png?fit=840%2C568&ssl=1",840,568,true],"2048x2048":["https:\/\/i0.wp.com\/newmobility.news\/wp-content\/uploads\/2026\/09\/Scherm%C2%ADafbeelding-2026-09-03-om-10.22.14.png?fit=840%2C568&ssl=1",840,568,true],"trp-custom-language-flag":["https:\/\/i0.wp.com\/newmobility.news\/wp-content\/uploads\/2026\/09\/Scherm%C2%ADafbeelding-2026-09-03-om-10.22.14.png?fit=18%2C12&ssl=1",18,12,true],"related-thumb":["https:\/\/i0.wp.com\/newmobility.news\/wp-content\/uploads\/2026\/09\/Scherm%C2%ADafbeelding-2026-09-03-om-10.22.14.png?resize=640%2C480&ssl=1",640,480,true],"gform-image-choice-sm":["https:\/\/i0.wp.com\/newmobility.news\/wp-content\/uploads\/2026\/09\/Scherm%C2%ADafbeelding-2026-09-03-om-10.22.14.png?resize=300%2C300&ssl=1",300,300,true],"gform-image-choice-md":["https:\/\/i0.wp.com\/newmobility.news\/wp-content\/uploads\/2026\/09\/Scherm%C2%ADafbeelding-2026-09-03-om-10.22.14.png?resize=400%2C400&ssl=1",400,400,true],"gform-image-choice-lg":["https:\/\/i0.wp.com\/newmobility.news\/wp-content\/uploads\/2026\/09\/Scherm%C2%ADafbeelding-2026-09-03-om-10.22.14.png?resize=600%2C568&ssl=1",600,568,true],"mailchimp":["https:\/\/i0.wp.com\/newmobility.news\/wp-content\/uploads\/2026\/09\/Scherm%C2%ADafbeelding-2026-09-03-om-10.22.14.png?fit=560%2C379&ssl=1",560,379,true],"unipress-phone":["https:\/\/i0.wp.com\/newmobility.news\/wp-content\/uploads\/2026\/09\/Scherm%C2%ADafbeelding-2026-09-03-om-10.22.14.png?resize=640%2C100&ssl=1",640,100,true],"unipress-tablet":["https:\/\/i0.wp.com\/newmobility.news\/wp-content\/uploads\/2026\/09\/Scherm%C2%ADafbeelding-2026-09-03-om-10.22.14.png?resize=840%2C240&ssl=1",840,240,true],"unipress-tablet-portrait":["https:\/\/i0.wp.com\/newmobility.news\/wp-content\/uploads\/2026\/09\/Scherm%C2%ADafbeelding-2026-09-03-om-10.22.14.png?resize=840%2C180&ssl=1",840,180,true],"unipress-tablet-landscape":["https:\/\/i0.wp.com\/newmobility.news\/wp-content\/uploads\/2026\/09\/Scherm%C2%ADafbeelding-2026-09-03-om-10.22.14.png?resize=840%2C180&ssl=1",840,180,true],"unipress-smartphone":["https:\/\/i0.wp.com\/newmobility.news\/wp-content\/uploads\/2026\/09\/Scherm%C2%ADafbeelding-2026-09-03-om-10.22.14.png?resize=840%2C168&ssl=1",840,168,true],"unipress-wide-screen":["https:\/\/i0.wp.com\/newmobility.news\/wp-content\/uploads\/2026\/09\/Scherm%C2%ADafbeelding-2026-09-03-om-10.22.14.png?resize=840%2C180&ssl=1",840,180,true]},"post_excerpt_stackable_v2":"<p>The federal energy regulator CREG, the Commission for Electricity and Gas Regulation, warns that the numerous projects planned by high-voltage grid operator Elia over the coming years will lead to high electricity rates for households and businesses.\u00a0 The plans include, among other things, the energy island, new high-voltage lines such as Ventilus and Boucle du Hainaut, or the new high-voltage line connecting to the United Kingdom (Nautilus). Grid tariffs As the high-voltage grid operator, Elia must invest sufficiently to maintain the grid. Among other things, it is responsible for bringing ashore the energy generated by wind farms off the Flemish&hellip;<\/p>\n","category_list_v2":"<a href=\"https:\/\/newmobility.news\/fr\/category\/belgium\/\" rel=\"category tag\">Belgium<\/a>, <a href=\"https:\/\/newmobility.news\/fr\/category\/energy\/\" rel=\"category tag\">Energy<\/a>, <a href=\"https:\/\/newmobility.news\/fr\/category\/top-stories-today\/\" rel=\"category tag\">Top Stories Today<\/a>","author_info_v2":{"name":"Hilde Van Raemdonck","url":"https:\/\/newmobility.news\/fr\/author\/hilde-van-raemdonck\/"},"comments_num_v2":"0 comments","yoast_head":"<!-- This site is optimized with the Yoast SEO plugin v28.4 - https:\/\/yoast.com\/product\/yoast-seo-wordpress\/ -->\n<title>CREG: &#039;Energy prices at highest level in years&#039; - newmobility.news<\/title>\n<meta name=\"robots\" content=\"index, follow, max-snippet:-1, max-image-preview:large, max-video-preview:-1\" \/>\n<link rel=\"canonical\" href=\"https:\/\/newmobility.news\/fr\/2026\/09\/03\/creg-energy-prices-at-highest-level-in-years\/\" \/>\n<meta property=\"og:locale\" content=\"fr_FR\" \/>\n<meta property=\"og:type\" content=\"article\" \/>\n<meta property=\"og:title\" content=\"CREG: &#039;Energy prices at highest level in years&#039; - newmobility.news\" \/>\n<meta property=\"og:description\" content=\"The federal energy regulator CREG, the Commission for Electricity and Gas Regulation, warns that the numerous projects planned by high-voltage grid operator Elia over the coming years will lead to high electricity rates for households and businesses.\u00a0 The plans include, among other things, the energy island, new high-voltage lines such as Ventilus and Boucle du [&hellip;]\" \/>\n<meta property=\"og:url\" content=\"https:\/\/newmobility.news\/fr\/2026\/09\/03\/creg-energy-prices-at-highest-level-in-years\/\" \/>\n<meta property=\"og:site_name\" content=\"newmobility.news\" \/>\n<meta property=\"article:publisher\" content=\"https:\/\/www.facebook.com\/search\/top\/?q=newmobility.news\" \/>\n<meta property=\"article:published_time\" content=\"2026-09-03T10:30:33+00:00\" \/>\n<meta property=\"og:image\" content=\"https:\/\/i0.wp.com\/newmobility.news\/wp-content\/uploads\/2026\/09\/Scherm%C2%ADafbeelding-2026-09-03-om-10.22.14.png?fit=840%2C568&ssl=1\" \/>\n\t<meta property=\"og:image:width\" content=\"840\" \/>\n\t<meta property=\"og:image:height\" content=\"568\" \/>\n\t<meta property=\"og:image:type\" content=\"image\/png\" \/>\n<meta name=\"author\" content=\"Hilde Van Raemdonck\" \/>\n<meta name=\"twitter:card\" content=\"summary_large_image\" \/>\n<meta name=\"twitter:creator\" content=\"@jorisvry\" \/>\n<meta name=\"twitter:site\" content=\"@jorisvry\" \/>\n<meta name=\"twitter:label1\" content=\"\u00c9crit par\" \/>\n\t<meta name=\"twitter:data1\" content=\"Hilde Van Raemdonck\" \/>\n\t<meta name=\"twitter:label2\" content=\"Dur\u00e9e de lecture est.\" \/>\n\t<meta name=\"twitter:data2\" content=\"3 minutes\" \/>\n<script type=\"application\/ld+json\" class=\"yoast-schema-graph\">{\"@context\":\"https:\\\/\\\/schema.org\",\"@graph\":[{\"@type\":\"Article\",\"@id\":\"https:\\\/\\\/newmobility.news\\\/2026\\\/09\\\/03\\\/creg-energy-prices-at-highest-level-in-years\\\/#article\",\"isPartOf\":{\"@id\":\"https:\\\/\\\/newmobility.news\\\/2026\\\/09\\\/03\\\/creg-energy-prices-at-highest-level-in-years\\\/\"},\"author\":{\"name\":\"Hilde Van Raemdonck\",\"@id\":\"https:\\\/\\\/newmobility.news\\\/#\\\/schema\\\/person\\\/7540fd72a981bf6a315ba1b874c2a464\"},\"headline\":\"CREG: &#8216;Energy prices at highest level in years&#8217;\",\"datePublished\":\"2026-09-03T10:30:33+00:00\",\"mainEntityOfPage\":{\"@id\":\"https:\\\/\\\/newmobility.news\\\/2026\\\/09\\\/03\\\/creg-energy-prices-at-highest-level-in-years\\\/\"},\"wordCount\":507,\"publisher\":{\"@id\":\"https:\\\/\\\/newmobility.news\\\/#organization\"},\"image\":{\"@id\":\"https:\\\/\\\/newmobility.news\\\/2026\\\/09\\\/03\\\/creg-energy-prices-at-highest-level-in-years\\\/#primaryimage\"},\"thumbnailUrl\":\"https:\\\/\\\/i0.wp.com\\\/newmobility.news\\\/wp-content\\\/uploads\\\/2026\\\/09\\\/Scherm%C2%ADafbeelding-2026-09-03-om-10.22.14.png?fit=840%2C568&ssl=1\",\"articleSection\":[\"Belgium\",\"Energy\",\"Top Stories Today\"],\"inLanguage\":\"fr-BE\"},{\"@type\":\"WebPage\",\"@id\":\"https:\\\/\\\/newmobility.news\\\/2026\\\/09\\\/03\\\/creg-energy-prices-at-highest-level-in-years\\\/\",\"url\":\"https:\\\/\\\/newmobility.news\\\/2026\\\/09\\\/03\\\/creg-energy-prices-at-highest-level-in-years\\\/\",\"name\":\"CREG: 'Energy prices at highest level in years' - newmobility.news\",\"isPartOf\":{\"@id\":\"https:\\\/\\\/newmobility.news\\\/#website\"},\"primaryImageOfPage\":{\"@id\":\"https:\\\/\\\/newmobility.news\\\/2026\\\/09\\\/03\\\/creg-energy-prices-at-highest-level-in-years\\\/#primaryimage\"},\"image\":{\"@id\":\"https:\\\/\\\/newmobility.news\\\/2026\\\/09\\\/03\\\/creg-energy-prices-at-highest-level-in-years\\\/#primaryimage\"},\"thumbnailUrl\":\"https:\\\/\\\/i0.wp.com\\\/newmobility.news\\\/wp-content\\\/uploads\\\/2026\\\/09\\\/Scherm%C2%ADafbeelding-2026-09-03-om-10.22.14.png?fit=840%2C568&ssl=1\",\"datePublished\":\"2026-09-03T10:30:33+00:00\",\"breadcrumb\":{\"@id\":\"https:\\\/\\\/newmobility.news\\\/2026\\\/09\\\/03\\\/creg-energy-prices-at-highest-level-in-years\\\/#breadcrumb\"},\"inLanguage\":\"fr-BE\",\"potentialAction\":[{\"@type\":\"ReadAction\",\"target\":[\"https:\\\/\\\/newmobility.news\\\/2026\\\/09\\\/03\\\/creg-energy-prices-at-highest-level-in-years\\\/\"]}]},{\"@type\":\"ImageObject\",\"inLanguage\":\"fr-BE\",\"@id\":\"https:\\\/\\\/newmobility.news\\\/2026\\\/09\\\/03\\\/creg-energy-prices-at-highest-level-in-years\\\/#primaryimage\",\"url\":\"https:\\\/\\\/i0.wp.com\\\/newmobility.news\\\/wp-content\\\/uploads\\\/2026\\\/09\\\/Scherm%C2%ADafbeelding-2026-09-03-om-10.22.14.png?fit=840%2C568&ssl=1\",\"contentUrl\":\"https:\\\/\\\/i0.wp.com\\\/newmobility.news\\\/wp-content\\\/uploads\\\/2026\\\/09\\\/Scherm%C2%ADafbeelding-2026-09-03-om-10.22.14.png?fit=840%2C568&ssl=1\",\"width\":840,\"height\":568,\"caption\":\"Elia emphasizes the societal necessity of its plans, citing the rapid growth in electricity demand among businesses and households.\u00a0After all, the high-voltage grid operator must ensure that Belgium can meet the needs of the coming years and decades \\\/elia.be\"},{\"@type\":\"BreadcrumbList\",\"@id\":\"https:\\\/\\\/newmobility.news\\\/2026\\\/09\\\/03\\\/creg-energy-prices-at-highest-level-in-years\\\/#breadcrumb\",\"itemListElement\":[{\"@type\":\"ListItem\",\"position\":1,\"name\":\"Home\",\"item\":\"https:\\\/\\\/newmobility.news\\\/\"},{\"@type\":\"ListItem\",\"position\":2,\"name\":\"CREG: &#8216;Energy prices at highest level in years&#8217;\"}]},{\"@type\":\"WebSite\",\"@id\":\"https:\\\/\\\/newmobility.news\\\/#website\",\"url\":\"https:\\\/\\\/newmobility.news\\\/\",\"name\":\"newmobility.news\",\"description\":\"A B2BNews Agency\u00ae news service for mobility business proessional\",\"publisher\":{\"@id\":\"https:\\\/\\\/newmobility.news\\\/#organization\"},\"potentialAction\":[{\"@type\":\"SearchAction\",\"target\":{\"@type\":\"EntryPoint\",\"urlTemplate\":\"https:\\\/\\\/newmobility.news\\\/?s={search_term_string}\"},\"query-input\":{\"@type\":\"PropertyValueSpecification\",\"valueRequired\":true,\"valueName\":\"search_term_string\"}}],\"inLanguage\":\"fr-BE\"},{\"@type\":\"Organization\",\"@id\":\"https:\\\/\\\/newmobility.news\\\/#organization\",\"name\":\"B2BNews Agency\",\"url\":\"https:\\\/\\\/newmobility.news\\\/\",\"logo\":{\"@type\":\"ImageObject\",\"inLanguage\":\"fr-BE\",\"@id\":\"https:\\\/\\\/newmobility.news\\\/#\\\/schema\\\/logo\\\/image\\\/\",\"url\":\"https:\\\/\\\/newmobility.news\\\/wp-content\\\/uploads\\\/2018\\\/01\\\/b2bnews-agency-logo.png\",\"contentUrl\":\"https:\\\/\\\/newmobility.news\\\/wp-content\\\/uploads\\\/2018\\\/01\\\/b2bnews-agency-logo.png\",\"width\":\"581\",\"height\":\"117\",\"caption\":\"B2BNews Agency\"},\"image\":{\"@id\":\"https:\\\/\\\/newmobility.news\\\/#\\\/schema\\\/logo\\\/image\\\/\"},\"sameAs\":[\"https:\\\/\\\/www.facebook.com\\\/search\\\/top\\\/?q=newmobility.news\",\"https:\\\/\\\/x.com\\\/jorisvry\",\"https:\\\/\\\/www.linkedin.com\\\/in\\\/jorisvanroy\\\/\",\"https:\\\/\\\/nl.pinterest.com\\\/jorisvanroy\\\/\"]},{\"@type\":\"Person\",\"@id\":\"https:\\\/\\\/newmobility.news\\\/#\\\/schema\\\/person\\\/7540fd72a981bf6a315ba1b874c2a464\",\"name\":\"Hilde Van Raemdonck\",\"image\":{\"@type\":\"ImageObject\",\"inLanguage\":\"fr-BE\",\"@id\":\"https:\\\/\\\/secure.gravatar.com\\\/avatar\\\/df873a81c6773757375a21da8c2465de0552095dede94d299763768ab1b36cef?s=96&d=mm&r=g\",\"url\":\"https:\\\/\\\/secure.gravatar.com\\\/avatar\\\/df873a81c6773757375a21da8c2465de0552095dede94d299763768ab1b36cef?s=96&d=mm&r=g\",\"contentUrl\":\"https:\\\/\\\/secure.gravatar.com\\\/avatar\\\/df873a81c6773757375a21da8c2465de0552095dede94d299763768ab1b36cef?s=96&d=mm&r=g\",\"caption\":\"Hilde Van Raemdonck\"},\"url\":\"https:\\\/\\\/newmobility.news\\\/fr\\\/author\\\/hilde-van-raemdonck\\\/\"}]}<\/script>\n<!-- \/ Yoast SEO plugin. -->","yoast_head_json":{"title":"CREG : ' Les prix de l'\u00e9nergie atteignent leur plus haut niveau depuis des ann\u00e9es ' - newmobility.news","robots":{"index":"index","follow":"follow","max-snippet":"max-snippet:-1","max-image-preview":"max-image-preview:large","max-video-preview":"max-video-preview:-1"},"canonical":"https:\/\/newmobility.news\/fr\/2026\/09\/03\/creg-energy-prices-at-highest-level-in-years\/","og_locale":"fr_FR","og_type":"article","og_title":"CREG: 'Energy prices at highest level in years' - newmobility.news","og_description":"The federal energy regulator CREG, the Commission for Electricity and Gas Regulation, warns that the numerous projects planned by high-voltage grid operator Elia over the coming years will lead to high electricity rates for households and businesses.\u00a0 The plans include, among other things, the energy island, new high-voltage lines such as Ventilus and Boucle du [&hellip;]","og_url":"https:\/\/newmobility.news\/fr\/2026\/09\/03\/creg-energy-prices-at-highest-level-in-years\/","og_site_name":"newmobility.news","article_publisher":"https:\/\/www.facebook.com\/search\/top\/?q=newmobility.news","article_published_time":"2026-09-03T10:30:33+00:00","og_image":[{"width":840,"height":568,"url":"https:\/\/i0.wp.com\/newmobility.news\/wp-content\/uploads\/2026\/09\/Scherm%C2%ADafbeelding-2026-09-03-om-10.22.14.png?fit=840%2C568&ssl=1","type":"image\/png"}],"author":"Hilde Van Raemdonck","twitter_card":"summary_large_image","twitter_creator":"@jorisvry","twitter_site":"@jorisvry","twitter_misc":{"\u00c9crit par":"Hilde Van Raemdonck","Dur\u00e9e de lecture est.":"3 minutes"},"schema":{"@context":"https:\/\/schema.org","@graph":[{"@type":"Article","@id":"https:\/\/newmobility.news\/2026\/09\/03\/creg-energy-prices-at-highest-level-in-years\/#article","isPartOf":{"@id":"https:\/\/newmobility.news\/2026\/09\/03\/creg-energy-prices-at-highest-level-in-years\/"},"author":{"name":"Hilde Van Raemdonck","@id":"https:\/\/newmobility.news\/#\/schema\/person\/7540fd72a981bf6a315ba1b874c2a464"},"headline":"CREG: &#8216;Energy prices at highest level in years&#8217;","datePublished":"2026-09-03T10:30:33+00:00","mainEntityOfPage":{"@id":"https:\/\/newmobility.news\/2026\/09\/03\/creg-energy-prices-at-highest-level-in-years\/"},"wordCount":507,"publisher":{"@id":"https:\/\/newmobility.news\/#organization"},"image":{"@id":"https:\/\/newmobility.news\/2026\/09\/03\/creg-energy-prices-at-highest-level-in-years\/#primaryimage"},"thumbnailUrl":"https:\/\/i0.wp.com\/newmobility.news\/wp-content\/uploads\/2026\/09\/Scherm%C2%ADafbeelding-2026-09-03-om-10.22.14.png?fit=840%2C568&ssl=1","articleSection":["Belgium","Energy","Top Stories Today"],"inLanguage":"fr-BE"},{"@type":"WebPage","@id":"https:\/\/newmobility.news\/2026\/09\/03\/creg-energy-prices-at-highest-level-in-years\/","url":"https:\/\/newmobility.news\/2026\/09\/03\/creg-energy-prices-at-highest-level-in-years\/","name":"CREG : ' Les prix de l'\u00e9nergie atteignent leur plus haut niveau depuis des ann\u00e9es ' - newmobility.news","isPartOf":{"@id":"https:\/\/newmobility.news\/#website"},"primaryImageOfPage":{"@id":"https:\/\/newmobility.news\/2026\/09\/03\/creg-energy-prices-at-highest-level-in-years\/#primaryimage"},"image":{"@id":"https:\/\/newmobility.news\/2026\/09\/03\/creg-energy-prices-at-highest-level-in-years\/#primaryimage"},"thumbnailUrl":"https:\/\/i0.wp.com\/newmobility.news\/wp-content\/uploads\/2026\/09\/Scherm%C2%ADafbeelding-2026-09-03-om-10.22.14.png?fit=840%2C568&ssl=1","datePublished":"2026-09-03T10:30:33+00:00","breadcrumb":{"@id":"https:\/\/newmobility.news\/2026\/09\/03\/creg-energy-prices-at-highest-level-in-years\/#breadcrumb"},"inLanguage":"fr-BE","potentialAction":[{"@type":"ReadAction","target":["https:\/\/newmobility.news\/2026\/09\/03\/creg-energy-prices-at-highest-level-in-years\/"]}]},{"@type":"ImageObject","inLanguage":"fr-BE","@id":"https:\/\/newmobility.news\/2026\/09\/03\/creg-energy-prices-at-highest-level-in-years\/#primaryimage","url":"https:\/\/i0.wp.com\/newmobility.news\/wp-content\/uploads\/2026\/09\/Scherm%C2%ADafbeelding-2026-09-03-om-10.22.14.png?fit=840%2C568&ssl=1","contentUrl":"https:\/\/i0.wp.com\/newmobility.news\/wp-content\/uploads\/2026\/09\/Scherm%C2%ADafbeelding-2026-09-03-om-10.22.14.png?fit=840%2C568&ssl=1","width":840,"height":568,"caption":"Elia emphasizes the societal necessity of its plans, citing the rapid growth in electricity demand among businesses and households.\u00a0After all, the high-voltage grid operator must ensure that Belgium can meet the needs of the coming years and decades \/elia.be"},{"@type":"BreadcrumbList","@id":"https:\/\/newmobility.news\/2026\/09\/03\/creg-energy-prices-at-highest-level-in-years\/#breadcrumb","itemListElement":[{"@type":"ListItem","position":1,"name":"Home","item":"https:\/\/newmobility.news\/"},{"@type":"ListItem","position":2,"name":"CREG: &#8216;Energy prices at highest level in years&#8217;"}]},{"@type":"WebSite","@id":"https:\/\/newmobility.news\/#website","url":"https:\/\/newmobility.news\/","name":"nouveaumobilit\u00e9.actualit\u00e9s","description":"Un service d'information B2BNews Agency\u00ae destin\u00e9 aux professionnels de la mobilit\u00e9","publisher":{"@id":"https:\/\/newmobility.news\/#organization"},"potentialAction":[{"@type":"SearchAction","target":{"@type":"EntryPoint","urlTemplate":"https:\/\/newmobility.news\/?s={search_term_string}"},"query-input":{"@type":"PropertyValueSpecification","valueRequired":true,"valueName":"search_term_string"}}],"inLanguage":"fr-BE"},{"@type":"Organization","@id":"https:\/\/newmobility.news\/#organization","name":"Agence de presse B2BNews","url":"https:\/\/newmobility.news\/","logo":{"@type":"ImageObject","inLanguage":"fr-BE","@id":"https:\/\/newmobility.news\/#\/schema\/logo\/image\/","url":"https:\/\/newmobility.news\/wp-content\/uploads\/2018\/01\/b2bnews-agency-logo.png","contentUrl":"https:\/\/newmobility.news\/wp-content\/uploads\/2018\/01\/b2bnews-agency-logo.png","width":"581","height":"117","caption":"B2BNews Agency"},"image":{"@id":"https:\/\/newmobility.news\/#\/schema\/logo\/image\/"},"sameAs":["https:\/\/www.facebook.com\/search\/top\/?q=newmobility.news","https:\/\/x.com\/jorisvry","https:\/\/www.linkedin.com\/in\/jorisvanroy\/","https:\/\/nl.pinterest.com\/jorisvanroy\/"]},{"@type":"Person","@id":"https:\/\/newmobility.news\/#\/schema\/person\/7540fd72a981bf6a315ba1b874c2a464","name":"Hilde Van Raemdonck","image":{"@type":"ImageObject","inLanguage":"fr-BE","@id":"https:\/\/secure.gravatar.com\/avatar\/df873a81c6773757375a21da8c2465de0552095dede94d299763768ab1b36cef?s=96&d=mm&r=g","url":"https:\/\/secure.gravatar.com\/avatar\/df873a81c6773757375a21da8c2465de0552095dede94d299763768ab1b36cef?s=96&d=mm&r=g","contentUrl":"https:\/\/secure.gravatar.com\/avatar\/df873a81c6773757375a21da8c2465de0552095dede94d299763768ab1b36cef?s=96&d=mm&r=g","caption":"Hilde Van Raemdonck"},"url":"https:\/\/newmobility.news\/fr\/author\/hilde-van-raemdonck\/"}]}},"jetpack_publicize_connections":[],"jetpack_shortlink":"https:\/\/wp.me\/p9wJdU-OeO","jetpack_sharing_enabled":true,"jetpack_likes_enabled":true,"jetpack-related-posts":[],"jetpack_featured_media_url":"https:\/\/i0.wp.com\/newmobility.news\/wp-content\/uploads\/2026\/09\/Scherm%C2%ADafbeelding-2026-09-03-om-10.22.14.png?fit=840%2C568&ssl=1","_links":{"self":[{"href":"https:\/\/newmobility.news\/fr\/wp-json\/wp\/v2\/posts\/193118","targetHints":{"allow":["GET"]}}],"collection":[{"href":"https:\/\/newmobility.news\/fr\/wp-json\/wp\/v2\/posts"}],"about":[{"href":"https:\/\/newmobility.news\/fr\/wp-json\/wp\/v2\/types\/post"}],"author":[{"embeddable":true,"href":"https:\/\/newmobility.news\/fr\/wp-json\/wp\/v2\/users\/175"}],"replies":[{"embeddable":true,"href":"https:\/\/newmobility.news\/fr\/wp-json\/wp\/v2\/comments?post=193118"}],"version-history":[{"count":1,"href":"https:\/\/newmobility.news\/fr\/wp-json\/wp\/v2\/posts\/193118\/revisions"}],"predecessor-version":[{"id":193143,"href":"https:\/\/newmobility.news\/fr\/wp-json\/wp\/v2\/posts\/193118\/revisions\/193143"}],"wp:featuredmedia":[{"embeddable":true,"href":"https:\/\/newmobility.news\/fr\/wp-json\/wp\/v2\/media\/193140"}],"wp:attachment":[{"href":"https:\/\/newmobility.news\/fr\/wp-json\/wp\/v2\/media?parent=193118"}],"wp:term":[{"taxonomy":"category","embeddable":true,"href":"https:\/\/newmobility.news\/fr\/wp-json\/wp\/v2\/categories?post=193118"},{"taxonomy":"post_tag","embeddable":true,"href":"https:\/\/newmobility.news\/fr\/wp-json\/wp\/v2\/tags?post=193118"}],"curies":[{"name":"wp","href":"https:\/\/api.w.org\/{rel}","templated":true}]}}