{"id":193127,"date":"2026-09-03T11:37:32","date_gmt":"2026-09-03T09:37:32","guid":{"rendered":"https:\/\/newmobility.news\/?p=193127"},"modified":"2026-09-03T11:37:32","modified_gmt":"2026-09-03T09:37:32","slug":"polestar-expands-the-4-range-with-an-suv-thats-really-an-estate","status":"publish","type":"post","link":"https:\/\/newmobility.news\/fr\/2026\/09\/03\/polestar-expands-the-4-range-with-an-suv-thats-really-an-estate\/","title":{"rendered":"Polestar \u00e9largit la gamme 4 avec un SUV qui est en r\u00e9alit\u00e9 un break"},"content":{"rendered":"<p>Le SUV Polestar 4, tant attendu, int\u00e8gre une lunette arri\u00e8re par rapport au concept initial. Le mod\u00e8le perd ainsi l'une de ses caract\u00e9ristiques les plus distinctives au profit d'une plus grande fonctionnalit\u00e9. Est-ce l\u00e0 le mod\u00e8le que Polestar aurait d\u00fb lancer d\u00e8s le d\u00e9part ?<\/p>\n<p>Polestar a enfin pris la d\u00e9cision qui s'imposait. La 4 d\u2019origine, qui reste le best-seller mondial de la marque, conserve son toit inclin\u00e9 et sa vue arri\u00e8re assur\u00e9e uniquement par une cam\u00e9ra. Mais comme annonc\u00e9 en d\u00e9but d\u2019ann\u00e9e, elle est d\u00e9sormais reclass\u00e9e en cat\u00e9gorie \u00ab Coup\u00e9 \u00bb. Le nouveau mod\u00e8le porte le nom de SUV, offrant davantage d\u2019espace pratique \u00e0 l\u2019arri\u00e8re et une vitre arri\u00e8re.<span class=\"Apple-converted-space\">\u00a0<\/span><\/p>\n<h4>Fabriqu\u00e9 en Cor\u00e9e du Sud<\/h4>\n<p>Il est disponible \u00e0 la vente en Belgique \u00e0 partir de 59 900 \u20ac, soit 2 000 \u20ac de moins que son homologue Coup\u00e9. Cette diff\u00e9rence pourrait s'expliquer par son site de production. Le Coup\u00e9 est principalement fabriqu\u00e9 \u00e0 Hangzhou, en Chine, tandis que le SUV est exclusivement produit \u00e0 Busan, en Cor\u00e9e du Sud.<span class=\"Apple-converted-space\">\u00a0<\/span><\/p>\n<p><img data-recalc-dims=\"1\" loading=\"lazy\" decoding=\"async\" class=\"alignnone size-full wp-image-193130\" src=\"https:\/\/i0.wp.com\/newmobility.news\/wp-content\/uploads\/2026\/09\/Polestar-260702-3608_v002-1-scaled.jpg?resize=640%2C480&#038;ssl=1\" alt=\"\" width=\"640\" height=\"480\" srcset=\"https:\/\/i0.wp.com\/newmobility.news\/wp-content\/uploads\/2026\/09\/Polestar-260702-3608_v002-1-scaled.jpg?w=2560&amp;ssl=1 2560w, https:\/\/i0.wp.com\/newmobility.news\/wp-content\/uploads\/2026\/09\/Polestar-260702-3608_v002-1-scaled.jpg?w=1280&amp;ssl=1 1280w, https:\/\/i0.wp.com\/newmobility.news\/wp-content\/uploads\/2026\/09\/Polestar-260702-3608_v002-1-scaled.jpg?w=1920&amp;ssl=1 1920w\" sizes=\"auto, (max-width: 640px) 100vw, 640px\" \/><\/p>\n<p>Le label \u2018 SUV \u2019 a un peu trop de poids. Le 4 SUV est, au mieux, un crossover haut de gamme, mais nous pr\u00e9f\u00e9rons le consid\u00e9rer comme un break \u00e9lectrique sur\u00e9lev\u00e9. Polestar a conserv\u00e9 l\u2019avant et les proportions g\u00e9n\u00e9rales du Coup\u00e9, mais \u00e0 partir du montant B, le toit s\u2019\u00e9tire plus long et plus haut. Le hayon est plus vertical. La silhouette s'apparente davantage \u00e0 celle d'un break lifestyle, ce qui n'est pas loin de ce que recherchent la plupart des familles.<\/p>\n<h4>La lunette arri\u00e8re fait son retour<\/h4>\n<p>Ainsi, le SUV 4 met fin \u00e0 la d\u00e9cision controvers\u00e9e de supprimer compl\u00e8tement la lunette arri\u00e8re et d\u2019associer une cam\u00e9ra mont\u00e9e sur le toit \u00e0 un r\u00e9troviseur num\u00e9rique. Avec une lunette arri\u00e8re classique et un r\u00e9troviseur int\u00e9rieur conventionnel de s\u00e9rie, le r\u00e9troviseur num\u00e9rique n\u2019est propos\u00e9 ici qu\u2019en option. Polestar r\u00e9pond ainsi aux attentes de ceux qui appr\u00e9cient le style mais ne parvenaient pas \u00e0 s'accommoder de l'arri\u00e8re m\u00e9tallis\u00e9. Cette caract\u00e9ristique continue de diviser.<\/p>\n<p><img data-recalc-dims=\"1\" loading=\"lazy\" decoding=\"async\" class=\"alignnone size-full wp-image-193129\" src=\"https:\/\/i0.wp.com\/newmobility.news\/wp-content\/uploads\/2026\/09\/Polestar-260628-2449_v004-scaled.jpg?resize=640%2C480&#038;ssl=1\" alt=\"\" width=\"640\" height=\"480\" srcset=\"https:\/\/i0.wp.com\/newmobility.news\/wp-content\/uploads\/2026\/09\/Polestar-260628-2449_v004-scaled.jpg?w=2560&amp;ssl=1 2560w, https:\/\/i0.wp.com\/newmobility.news\/wp-content\/uploads\/2026\/09\/Polestar-260628-2449_v004-scaled.jpg?w=1280&amp;ssl=1 1280w, https:\/\/i0.wp.com\/newmobility.news\/wp-content\/uploads\/2026\/09\/Polestar-260628-2449_v004-scaled.jpg?w=1920&amp;ssl=1 1920w\" sizes=\"auto, (max-width: 640px) 100vw, 640px\" \/><\/p>\n<p>Les gains pratiques constituent \u00e9galement un argument de poids. Le volume du coffre atteint 530 litres sous la plage arri\u00e8re, et cet espace s\u2019agrandit lorsque l\u2019on charge jusqu\u2019au toit. Le volume maximal avec les si\u00e8ges arri\u00e8re rabattus est d\u00e9sormais de 1 665 litres, contre 1 536 pour le Coup\u00e9. \u00c0 l'avant, on dispose d'un coffre de 15 litres.<span class=\"Apple-converted-space\">\u00a0<\/span><\/p>\n<p>Les passagers arri\u00e8re b\u00e9n\u00e9ficient d'environ 2,5 centim\u00e8tres d'espace suppl\u00e9mentaire au niveau de la t\u00eate. Avec ses barres de toit int\u00e9gr\u00e9es et une capacit\u00e9 de charge dynamique sur le toit port\u00e9e \u00e0 100 kg (contre 75 kg auparavant), Polestar vise clairement un public en qu\u00eate de plus de fonctionnalit\u00e9.<\/p>\n<h4>Une suspension plus r\u00e9active<span class=\"Apple-converted-space\">\u00a0<\/span><\/h4>\n<p>Mais sous le capot, aucun changement r\u00e9volutionnaire n\u2019a \u00e9t\u00e9 apport\u00e9. On retrouve la m\u00eame architecture \u00e0 400 volts, la m\u00eame batterie de 100 kWh, ainsi que le m\u00eame choix entre un ou deux moteurs. Les puissances restent inchang\u00e9es, \u00e0 savoir 272 hp ou 544 hp.<span class=\"Apple-converted-space\">\u00a0<\/span><\/p>\n<p><img data-recalc-dims=\"1\" loading=\"lazy\" decoding=\"async\" class=\"alignnone size-full wp-image-193131\" src=\"https:\/\/i0.wp.com\/newmobility.news\/wp-content\/uploads\/2026\/09\/Polestar-260702-3515_v003-scaled.jpg?resize=640%2C480&#038;ssl=1\" alt=\"\" width=\"640\" height=\"480\" srcset=\"https:\/\/i0.wp.com\/newmobility.news\/wp-content\/uploads\/2026\/09\/Polestar-260702-3515_v003-scaled.jpg?w=2560&amp;ssl=1 2560w, https:\/\/i0.wp.com\/newmobility.news\/wp-content\/uploads\/2026\/09\/Polestar-260702-3515_v003-scaled.jpg?w=1280&amp;ssl=1 1280w, https:\/\/i0.wp.com\/newmobility.news\/wp-content\/uploads\/2026\/09\/Polestar-260702-3515_v003-scaled.jpg?w=1920&amp;ssl=1 1920w\" sizes=\"auto, (max-width: 640px) 100vw, 640px\" \/><\/p>\n<p>\u00c9tonnamment, l\u2019autonomie de la version SUV atteint, selon les chiffres annonc\u00e9s, 630 kilom\u00e8tres en cycle WLTP avec un seul moteur \u00e0 l\u2019arri\u00e8re (600 km pour la version \u00e0 deux moteurs). C\u2019est 10 kilom\u00e8tres de plus que le Coup\u00e9, malgr\u00e9 une a\u00e9rodynamique moins favorable et un poids plus \u00e9lev\u00e9 (+35 kg pour la version \u00e0 moteur unique, et +20 kg pour la version \u00e0 transmission int\u00e9grale). Polestar ne pr\u00e9cise pas la raison de cette augmentation d\u2019autonomie. Mais cela pourrait venir des pneus : le SUV remplace les Pirelli par des Hankook.<span class=\"Apple-converted-space\">\u00a0<\/span><\/p>\n<p>Polestar en profite \u00e9galement pour proposer un r\u00e9glage du ch\u00e2ssis revu et plus cibl\u00e9, applicable aux deux versions de carrosserie. C\u00f4t\u00e9 nouveaut\u00e9s, la fonction \u00ab vehicle-to-load \u00bb (3,3 kW) permet d\u2019alimenter des appareils externes \u00e0 partir de la batterie, tandis que le \u00ab mode camping \u00bb maintient la climatisation, l\u2019\u00e9clairage et le syst\u00e8me d\u2019infodivertissement en marche lorsque le v\u00e9hicule est gar\u00e9. Aucune de ces deux fonctionnalit\u00e9s n\u2019est exclusive au SUV ; elles seront \u00e9galement d\u00e9ploy\u00e9es sur d\u2019autres mod\u00e8les Polestar 4.<\/p>","protected":false},"excerpt":{"rendered":"<p>The eagerly anticipated Polestar 4 SUV adds a rear window to the original concept. The model loses one of its most distinguishing features in exchange for more practicality. Is this car the one Polestar should have launched from the start? Polestar has finally done the obvious thing. The original 4, which is still the brand\u2019s [&hellip;]<\/p>\n","protected":false},"author":715,"featured_media":193132,"comment_status":"closed","ping_status":"closed","sticky":false,"template":"","format":"standard","meta":{"_acf_changed":false,"_jetpack_newsletter_access":"","_jetpack_dont_email_post_to_subs":false,"_jetpack_newsletter_tier_id":0,"_jetpack_memberships_contains_paywalled_content":false,"_jetpack_feature_clip_id":0,"_jetpack_memberships_contains_paid_content":false,"footnotes":"","jetpack_publicize_message":"{title}\r\n\r\n{excerpt}\r\n\r\n{url}","jetpack_publicize_feature_enabled":true,"jetpack_social_post_already_shared":true,"jetpack_social_options":{"image_generator_settings":{"template":"highway","default_image_id":0,"font":"","enabled":false},"version":2},"_wpas_customize_per_network":false,"jetpack_post_was_ever_published":false},"categories":[77170,77166,28,77169,8,77215,4],"tags":[],"class_list":["post-193127","post","type-post","status-publish","format-standard","has-post-thumbnail","hentry","category-belgium","category-design","category-europe","category-market","category-product","category-south-korea","category-top-stories-today"],"acf":[],"featured_image_urls_v2":{"full":["https:\/\/i0.wp.com\/newmobility.news\/wp-content\/uploads\/2026\/09\/HERO-scaled.jpg?fit=2560%2C1440&ssl=1",2560,1440,false],"thumbnail":["https:\/\/i0.wp.com\/newmobility.news\/wp-content\/uploads\/2026\/09\/HERO-scaled.jpg?resize=150%2C150&ssl=1",150,150,true],"medium":["https:\/\/i0.wp.com\/newmobility.news\/wp-content\/uploads\/2026\/09\/HERO-scaled.jpg?fit=300%2C169&ssl=1",300,169,true],"medium_large":["https:\/\/i0.wp.com\/newmobility.news\/wp-content\/uploads\/2026\/09\/HERO-scaled.jpg?fit=640%2C360&ssl=1",640,360,true],"large":["https:\/\/i0.wp.com\/newmobility.news\/wp-content\/uploads\/2026\/09\/HERO-scaled.jpg?fit=640%2C360&ssl=1",640,360,true],"1536x1536":["https:\/\/i0.wp.com\/newmobility.news\/wp-content\/uploads\/2026\/09\/HERO-scaled.jpg?fit=1536%2C864&ssl=1",1536,864,true],"2048x2048":["https:\/\/i0.wp.com\/newmobility.news\/wp-content\/uploads\/2026\/09\/HERO-scaled.jpg?fit=2048%2C1152&ssl=1",2048,1152,true],"trp-custom-language-flag":["https:\/\/i0.wp.com\/newmobility.news\/wp-content\/uploads\/2026\/09\/HERO-scaled.jpg?fit=18%2C10&ssl=1",18,10,true],"related-thumb":["https:\/\/i0.wp.com\/newmobility.news\/wp-content\/uploads\/2026\/09\/HERO-scaled.jpg?resize=640%2C480&ssl=1",640,480,true],"gform-image-choice-sm":["https:\/\/i0.wp.com\/newmobility.news\/wp-content\/uploads\/2026\/09\/HERO-scaled.jpg?resize=300%2C300&ssl=1",300,300,true],"gform-image-choice-md":["https:\/\/i0.wp.com\/newmobility.news\/wp-content\/uploads\/2026\/09\/HERO-scaled.jpg?resize=400%2C400&ssl=1",400,400,true],"gform-image-choice-lg":["https:\/\/i0.wp.com\/newmobility.news\/wp-content\/uploads\/2026\/09\/HERO-scaled.jpg?resize=600%2C600&ssl=1",600,600,true],"mailchimp":["https:\/\/i0.wp.com\/newmobility.news\/wp-content\/uploads\/2026\/09\/HERO-scaled.jpg?fit=560%2C315&ssl=1",560,315,true],"unipress-phone":["https:\/\/i0.wp.com\/newmobility.news\/wp-content\/uploads\/2026\/09\/HERO-scaled.jpg?resize=640%2C100&ssl=1",640,100,true],"unipress-tablet":["https:\/\/i0.wp.com\/newmobility.news\/wp-content\/uploads\/2026\/09\/HERO-scaled.jpg?resize=1536%2C240&ssl=1",1536,240,true],"unipress-tablet-portrait":["https:\/\/i0.wp.com\/newmobility.news\/wp-content\/uploads\/2026\/09\/HERO-scaled.jpg?resize=1536%2C180&ssl=1",1536,180,true],"unipress-tablet-landscape":["https:\/\/i0.wp.com\/newmobility.news\/wp-content\/uploads\/2026\/09\/HERO-scaled.jpg?resize=2048%2C180&ssl=1",2048,180,true],"unipress-smartphone":["https:\/\/i0.wp.com\/newmobility.news\/wp-content\/uploads\/2026\/09\/HERO-scaled.jpg?resize=1080%2C168&ssl=1",1080,168,true],"unipress-wide-screen":["https:\/\/i0.wp.com\/newmobility.news\/wp-content\/uploads\/2026\/09\/HERO-scaled.jpg?resize=2560%2C180&ssl=1",2560,180,true]},"post_excerpt_stackable_v2":"<p>The eagerly anticipated Polestar 4 SUV adds a rear window to the original concept. The model loses one of its most distinguishing features in exchange for more practicality. Is this car the one Polestar should have launched from the start? Polestar has finally done the obvious thing. The original 4, which is still the brand\u2019s bestseller globally, keeps its sloping roof and camera-only rear view. But as announced at the beginning of the year, it is demoted to Coup\u00e9 status. The newcomer carries the moniker SUV, adding more practical space in the back and a rear glass window.\u00a0 Built in&hellip;<\/p>\n","category_list_v2":"<a href=\"https:\/\/newmobility.news\/fr\/category\/belgium\/\" rel=\"category tag\">Belgium<\/a>, <a href=\"https:\/\/newmobility.news\/fr\/category\/design\/\" rel=\"category tag\">Design<\/a>, <a href=\"https:\/\/newmobility.news\/fr\/category\/europe\/\" rel=\"category tag\">Europe<\/a>, <a href=\"https:\/\/newmobility.news\/fr\/category\/market\/\" rel=\"category tag\">Market<\/a>, <a href=\"https:\/\/newmobility.news\/fr\/category\/product\/\" rel=\"category tag\">Product<\/a>, <a href=\"https:\/\/newmobility.news\/fr\/category\/south-korea\/\" rel=\"category tag\">South Korea<\/a>, <a href=\"https:\/\/newmobility.news\/fr\/category\/top-stories-today\/\" rel=\"category tag\">Top Stories Today<\/a>","author_info_v2":{"name":"Piet Andries","url":"https:\/\/newmobility.news\/fr\/author\/piet-andriesgmail-com\/"},"comments_num_v2":"0 comments","yoast_head":"<!-- This site is optimized with the Yoast SEO plugin v28.4 - https:\/\/yoast.com\/product\/yoast-seo-wordpress\/ -->\n<title>Polestar expands the 4 range with an SUV that\u2019s really an estate - newmobility.news<\/title>\n<meta name=\"robots\" content=\"index, follow, max-snippet:-1, max-image-preview:large, max-video-preview:-1\" \/>\n<link rel=\"canonical\" href=\"https:\/\/newmobility.news\/fr\/2026\/09\/03\/polestar-expands-the-4-range-with-an-suv-thats-really-an-estate\/\" \/>\n<meta property=\"og:locale\" content=\"fr_FR\" \/>\n<meta property=\"og:type\" content=\"article\" \/>\n<meta property=\"og:title\" content=\"Polestar expands the 4 range with an SUV that\u2019s really an estate - newmobility.news\" \/>\n<meta property=\"og:description\" content=\"The eagerly anticipated Polestar 4 SUV adds a rear window to the original concept. The model loses one of its most distinguishing features in exchange for more practicality. Is this car the one Polestar should have launched from the start? Polestar has finally done the obvious thing. The original 4, which is still the brand\u2019s [&hellip;]\" \/>\n<meta property=\"og:url\" content=\"https:\/\/newmobility.news\/fr\/2026\/09\/03\/polestar-expands-the-4-range-with-an-suv-thats-really-an-estate\/\" \/>\n<meta property=\"og:site_name\" content=\"newmobility.news\" \/>\n<meta property=\"article:publisher\" content=\"https:\/\/www.facebook.com\/search\/top\/?q=newmobility.news\" \/>\n<meta property=\"article:published_time\" content=\"2026-09-03T09:37:32+00:00\" \/>\n<meta property=\"og:image\" content=\"https:\/\/newmobility.news\/wp-content\/uploads\/2026\/09\/HERO-scaled.jpg\" \/>\n\t<meta property=\"og:image:width\" content=\"2560\" \/>\n\t<meta property=\"og:image:height\" content=\"1440\" \/>\n\t<meta property=\"og:image:type\" content=\"image\/jpeg\" \/>\n<meta name=\"author\" content=\"Piet Andries\" \/>\n<meta name=\"twitter:card\" content=\"summary_large_image\" \/>\n<meta name=\"twitter:creator\" content=\"@jorisvry\" \/>\n<meta name=\"twitter:site\" content=\"@jorisvry\" \/>\n<meta name=\"twitter:label1\" content=\"\u00c9crit par\" \/>\n\t<meta name=\"twitter:data1\" content=\"Piet Andries\" \/>\n\t<meta name=\"twitter:label2\" content=\"Dur\u00e9e de lecture est.\" \/>\n\t<meta name=\"twitter:data2\" content=\"4 minutes\" \/>\n<script type=\"application\/ld+json\" class=\"yoast-schema-graph\">{\"@context\":\"https:\\\/\\\/schema.org\",\"@graph\":[{\"@type\":\"Article\",\"@id\":\"https:\\\/\\\/newmobility.news\\\/2026\\\/09\\\/03\\\/polestar-expands-the-4-range-with-an-suv-thats-really-an-estate\\\/#article\",\"isPartOf\":{\"@id\":\"https:\\\/\\\/newmobility.news\\\/2026\\\/09\\\/03\\\/polestar-expands-the-4-range-with-an-suv-thats-really-an-estate\\\/\"},\"author\":{\"name\":\"Piet Andries\",\"@id\":\"https:\\\/\\\/newmobility.news\\\/#\\\/schema\\\/person\\\/a5b306e499388c9ea0a3a4f6704d7081\"},\"headline\":\"Polestar expands the 4 range with an SUV that\u2019s really an estate\",\"datePublished\":\"2026-09-03T09:37:32+00:00\",\"mainEntityOfPage\":{\"@id\":\"https:\\\/\\\/newmobility.news\\\/2026\\\/09\\\/03\\\/polestar-expands-the-4-range-with-an-suv-thats-really-an-estate\\\/\"},\"wordCount\":553,\"publisher\":{\"@id\":\"https:\\\/\\\/newmobility.news\\\/#organization\"},\"image\":{\"@id\":\"https:\\\/\\\/newmobility.news\\\/2026\\\/09\\\/03\\\/polestar-expands-the-4-range-with-an-suv-thats-really-an-estate\\\/#primaryimage\"},\"thumbnailUrl\":\"https:\\\/\\\/i0.wp.com\\\/newmobility.news\\\/wp-content\\\/uploads\\\/2026\\\/09\\\/HERO-scaled.jpg?fit=2560%2C1440&ssl=1\",\"articleSection\":[\"Belgium\",\"Design\",\"Europe\",\"Market\",\"Product\",\"South Korea\",\"Top Stories Today\"],\"inLanguage\":\"fr-BE\"},{\"@type\":\"WebPage\",\"@id\":\"https:\\\/\\\/newmobility.news\\\/2026\\\/09\\\/03\\\/polestar-expands-the-4-range-with-an-suv-thats-really-an-estate\\\/\",\"url\":\"https:\\\/\\\/newmobility.news\\\/2026\\\/09\\\/03\\\/polestar-expands-the-4-range-with-an-suv-thats-really-an-estate\\\/\",\"name\":\"Polestar expands the 4 range with an SUV that\u2019s really an estate - newmobility.news\",\"isPartOf\":{\"@id\":\"https:\\\/\\\/newmobility.news\\\/#website\"},\"primaryImageOfPage\":{\"@id\":\"https:\\\/\\\/newmobility.news\\\/2026\\\/09\\\/03\\\/polestar-expands-the-4-range-with-an-suv-thats-really-an-estate\\\/#primaryimage\"},\"image\":{\"@id\":\"https:\\\/\\\/newmobility.news\\\/2026\\\/09\\\/03\\\/polestar-expands-the-4-range-with-an-suv-thats-really-an-estate\\\/#primaryimage\"},\"thumbnailUrl\":\"https:\\\/\\\/i0.wp.com\\\/newmobility.news\\\/wp-content\\\/uploads\\\/2026\\\/09\\\/HERO-scaled.jpg?fit=2560%2C1440&ssl=1\",\"datePublished\":\"2026-09-03T09:37:32+00:00\",\"breadcrumb\":{\"@id\":\"https:\\\/\\\/newmobility.news\\\/2026\\\/09\\\/03\\\/polestar-expands-the-4-range-with-an-suv-thats-really-an-estate\\\/#breadcrumb\"},\"inLanguage\":\"fr-BE\",\"potentialAction\":[{\"@type\":\"ReadAction\",\"target\":[\"https:\\\/\\\/newmobility.news\\\/2026\\\/09\\\/03\\\/polestar-expands-the-4-range-with-an-suv-thats-really-an-estate\\\/\"]}]},{\"@type\":\"ImageObject\",\"inLanguage\":\"fr-BE\",\"@id\":\"https:\\\/\\\/newmobility.news\\\/2026\\\/09\\\/03\\\/polestar-expands-the-4-range-with-an-suv-thats-really-an-estate\\\/#primaryimage\",\"url\":\"https:\\\/\\\/i0.wp.com\\\/newmobility.news\\\/wp-content\\\/uploads\\\/2026\\\/09\\\/HERO-scaled.jpg?fit=2560%2C1440&ssl=1\",\"contentUrl\":\"https:\\\/\\\/i0.wp.com\\\/newmobility.news\\\/wp-content\\\/uploads\\\/2026\\\/09\\\/HERO-scaled.jpg?fit=2560%2C1440&ssl=1\",\"width\":2560,\"height\":1440,\"caption\":\"Despite being heavier, the new Polestar 4 SUV offers 10 kilometers more range \\\/Polestar\"},{\"@type\":\"BreadcrumbList\",\"@id\":\"https:\\\/\\\/newmobility.news\\\/2026\\\/09\\\/03\\\/polestar-expands-the-4-range-with-an-suv-thats-really-an-estate\\\/#breadcrumb\",\"itemListElement\":[{\"@type\":\"ListItem\",\"position\":1,\"name\":\"Home\",\"item\":\"https:\\\/\\\/newmobility.news\\\/\"},{\"@type\":\"ListItem\",\"position\":2,\"name\":\"Polestar expands the 4 range with an SUV that\u2019s really an estate\"}]},{\"@type\":\"WebSite\",\"@id\":\"https:\\\/\\\/newmobility.news\\\/#website\",\"url\":\"https:\\\/\\\/newmobility.news\\\/\",\"name\":\"newmobility.news\",\"description\":\"A B2BNews Agency\u00ae news service for mobility business proessional\",\"publisher\":{\"@id\":\"https:\\\/\\\/newmobility.news\\\/#organization\"},\"potentialAction\":[{\"@type\":\"SearchAction\",\"target\":{\"@type\":\"EntryPoint\",\"urlTemplate\":\"https:\\\/\\\/newmobility.news\\\/?s={search_term_string}\"},\"query-input\":{\"@type\":\"PropertyValueSpecification\",\"valueRequired\":true,\"valueName\":\"search_term_string\"}}],\"inLanguage\":\"fr-BE\"},{\"@type\":\"Organization\",\"@id\":\"https:\\\/\\\/newmobility.news\\\/#organization\",\"name\":\"B2BNews Agency\",\"url\":\"https:\\\/\\\/newmobility.news\\\/\",\"logo\":{\"@type\":\"ImageObject\",\"inLanguage\":\"fr-BE\",\"@id\":\"https:\\\/\\\/newmobility.news\\\/#\\\/schema\\\/logo\\\/image\\\/\",\"url\":\"https:\\\/\\\/newmobility.news\\\/wp-content\\\/uploads\\\/2018\\\/01\\\/b2bnews-agency-logo.png\",\"contentUrl\":\"https:\\\/\\\/newmobility.news\\\/wp-content\\\/uploads\\\/2018\\\/01\\\/b2bnews-agency-logo.png\",\"width\":\"581\",\"height\":\"117\",\"caption\":\"B2BNews Agency\"},\"image\":{\"@id\":\"https:\\\/\\\/newmobility.news\\\/#\\\/schema\\\/logo\\\/image\\\/\"},\"sameAs\":[\"https:\\\/\\\/www.facebook.com\\\/search\\\/top\\\/?q=newmobility.news\",\"https:\\\/\\\/x.com\\\/jorisvry\",\"https:\\\/\\\/www.linkedin.com\\\/in\\\/jorisvanroy\\\/\",\"https:\\\/\\\/nl.pinterest.com\\\/jorisvanroy\\\/\"]},{\"@type\":\"Person\",\"@id\":\"https:\\\/\\\/newmobility.news\\\/#\\\/schema\\\/person\\\/a5b306e499388c9ea0a3a4f6704d7081\",\"name\":\"Piet Andries\",\"image\":{\"@type\":\"ImageObject\",\"inLanguage\":\"fr-BE\",\"@id\":\"https:\\\/\\\/secure.gravatar.com\\\/avatar\\\/c7ec64b5aa2f5a96b3ea5ca5b828a30d1b3e6e74b21e2f3e71ba86eea80553d4?s=96&d=mm&r=g\",\"url\":\"https:\\\/\\\/secure.gravatar.com\\\/avatar\\\/c7ec64b5aa2f5a96b3ea5ca5b828a30d1b3e6e74b21e2f3e71ba86eea80553d4?s=96&d=mm&r=g\",\"contentUrl\":\"https:\\\/\\\/secure.gravatar.com\\\/avatar\\\/c7ec64b5aa2f5a96b3ea5ca5b828a30d1b3e6e74b21e2f3e71ba86eea80553d4?s=96&d=mm&r=g\",\"caption\":\"Piet Andries\"},\"url\":\"https:\\\/\\\/newmobility.news\\\/fr\\\/author\\\/piet-andriesgmail-com\\\/\"}]}<\/script>\n<!-- \/ Yoast SEO plugin. -->","yoast_head_json":{"title":"Polestar \u00e9largit la gamme 4 avec un SUV qui est en r\u00e9alit\u00e9 un break - newmobility.news","robots":{"index":"index","follow":"follow","max-snippet":"max-snippet:-1","max-image-preview":"max-image-preview:large","max-video-preview":"max-video-preview:-1"},"canonical":"https:\/\/newmobility.news\/fr\/2026\/09\/03\/polestar-expands-the-4-range-with-an-suv-thats-really-an-estate\/","og_locale":"fr_FR","og_type":"article","og_title":"Polestar expands the 4 range with an SUV that\u2019s really an estate - newmobility.news","og_description":"The eagerly anticipated Polestar 4 SUV adds a rear window to the original concept. The model loses one of its most distinguishing features in exchange for more practicality. Is this car the one Polestar should have launched from the start? Polestar has finally done the obvious thing. The original 4, which is still the brand\u2019s [&hellip;]","og_url":"https:\/\/newmobility.news\/fr\/2026\/09\/03\/polestar-expands-the-4-range-with-an-suv-thats-really-an-estate\/","og_site_name":"newmobility.news","article_publisher":"https:\/\/www.facebook.com\/search\/top\/?q=newmobility.news","article_published_time":"2026-09-03T09:37:32+00:00","og_image":[{"width":2560,"height":1440,"url":"https:\/\/newmobility.news\/wp-content\/uploads\/2026\/09\/HERO-scaled.jpg","type":"image\/jpeg"}],"author":"Piet Andries","twitter_card":"summary_large_image","twitter_creator":"@jorisvry","twitter_site":"@jorisvry","twitter_misc":{"\u00c9crit par":"Piet Andries","Dur\u00e9e de lecture est.":"4 minutes"},"schema":{"@context":"https:\/\/schema.org","@graph":[{"@type":"Article","@id":"https:\/\/newmobility.news\/2026\/09\/03\/polestar-expands-the-4-range-with-an-suv-thats-really-an-estate\/#article","isPartOf":{"@id":"https:\/\/newmobility.news\/2026\/09\/03\/polestar-expands-the-4-range-with-an-suv-thats-really-an-estate\/"},"author":{"name":"Piet Andries","@id":"https:\/\/newmobility.news\/#\/schema\/person\/a5b306e499388c9ea0a3a4f6704d7081"},"headline":"Polestar expands the 4 range with an SUV that\u2019s really an estate","datePublished":"2026-09-03T09:37:32+00:00","mainEntityOfPage":{"@id":"https:\/\/newmobility.news\/2026\/09\/03\/polestar-expands-the-4-range-with-an-suv-thats-really-an-estate\/"},"wordCount":553,"publisher":{"@id":"https:\/\/newmobility.news\/#organization"},"image":{"@id":"https:\/\/newmobility.news\/2026\/09\/03\/polestar-expands-the-4-range-with-an-suv-thats-really-an-estate\/#primaryimage"},"thumbnailUrl":"https:\/\/i0.wp.com\/newmobility.news\/wp-content\/uploads\/2026\/09\/HERO-scaled.jpg?fit=2560%2C1440&ssl=1","articleSection":["Belgium","Design","Europe","Market","Product","South Korea","Top Stories Today"],"inLanguage":"fr-BE"},{"@type":"WebPage","@id":"https:\/\/newmobility.news\/2026\/09\/03\/polestar-expands-the-4-range-with-an-suv-thats-really-an-estate\/","url":"https:\/\/newmobility.news\/2026\/09\/03\/polestar-expands-the-4-range-with-an-suv-thats-really-an-estate\/","name":"Polestar \u00e9largit la gamme 4 avec un SUV qui est en r\u00e9alit\u00e9 un break - newmobility.news","isPartOf":{"@id":"https:\/\/newmobility.news\/#website"},"primaryImageOfPage":{"@id":"https:\/\/newmobility.news\/2026\/09\/03\/polestar-expands-the-4-range-with-an-suv-thats-really-an-estate\/#primaryimage"},"image":{"@id":"https:\/\/newmobility.news\/2026\/09\/03\/polestar-expands-the-4-range-with-an-suv-thats-really-an-estate\/#primaryimage"},"thumbnailUrl":"https:\/\/i0.wp.com\/newmobility.news\/wp-content\/uploads\/2026\/09\/HERO-scaled.jpg?fit=2560%2C1440&ssl=1","datePublished":"2026-09-03T09:37:32+00:00","breadcrumb":{"@id":"https:\/\/newmobility.news\/2026\/09\/03\/polestar-expands-the-4-range-with-an-suv-thats-really-an-estate\/#breadcrumb"},"inLanguage":"fr-BE","potentialAction":[{"@type":"ReadAction","target":["https:\/\/newmobility.news\/2026\/09\/03\/polestar-expands-the-4-range-with-an-suv-thats-really-an-estate\/"]}]},{"@type":"ImageObject","inLanguage":"fr-BE","@id":"https:\/\/newmobility.news\/2026\/09\/03\/polestar-expands-the-4-range-with-an-suv-thats-really-an-estate\/#primaryimage","url":"https:\/\/i0.wp.com\/newmobility.news\/wp-content\/uploads\/2026\/09\/HERO-scaled.jpg?fit=2560%2C1440&ssl=1","contentUrl":"https:\/\/i0.wp.com\/newmobility.news\/wp-content\/uploads\/2026\/09\/HERO-scaled.jpg?fit=2560%2C1440&ssl=1","width":2560,"height":1440,"caption":"Despite being heavier, the new Polestar 4 SUV offers 10 kilometers more range \/Polestar"},{"@type":"BreadcrumbList","@id":"https:\/\/newmobility.news\/2026\/09\/03\/polestar-expands-the-4-range-with-an-suv-thats-really-an-estate\/#breadcrumb","itemListElement":[{"@type":"ListItem","position":1,"name":"Home","item":"https:\/\/newmobility.news\/"},{"@type":"ListItem","position":2,"name":"Polestar expands the 4 range with an SUV that\u2019s really an estate"}]},{"@type":"WebSite","@id":"https:\/\/newmobility.news\/#website","url":"https:\/\/newmobility.news\/","name":"nouveaumobilit\u00e9.actualit\u00e9s","description":"Un service d'information B2BNews Agency\u00ae destin\u00e9 aux professionnels de la mobilit\u00e9","publisher":{"@id":"https:\/\/newmobility.news\/#organization"},"potentialAction":[{"@type":"SearchAction","target":{"@type":"EntryPoint","urlTemplate":"https:\/\/newmobility.news\/?s={search_term_string}"},"query-input":{"@type":"PropertyValueSpecification","valueRequired":true,"valueName":"search_term_string"}}],"inLanguage":"fr-BE"},{"@type":"Organization","@id":"https:\/\/newmobility.news\/#organization","name":"Agence de presse B2BNews","url":"https:\/\/newmobility.news\/","logo":{"@type":"ImageObject","inLanguage":"fr-BE","@id":"https:\/\/newmobility.news\/#\/schema\/logo\/image\/","url":"https:\/\/newmobility.news\/wp-content\/uploads\/2018\/01\/b2bnews-agency-logo.png","contentUrl":"https:\/\/newmobility.news\/wp-content\/uploads\/2018\/01\/b2bnews-agency-logo.png","width":"581","height":"117","caption":"B2BNews Agency"},"image":{"@id":"https:\/\/newmobility.news\/#\/schema\/logo\/image\/"},"sameAs":["https:\/\/www.facebook.com\/search\/top\/?q=newmobility.news","https:\/\/x.com\/jorisvry","https:\/\/www.linkedin.com\/in\/jorisvanroy\/","https:\/\/nl.pinterest.com\/jorisvanroy\/"]},{"@type":"Person","@id":"https:\/\/newmobility.news\/#\/schema\/person\/a5b306e499388c9ea0a3a4f6704d7081","name":"Piet Andries","image":{"@type":"ImageObject","inLanguage":"fr-BE","@id":"https:\/\/secure.gravatar.com\/avatar\/c7ec64b5aa2f5a96b3ea5ca5b828a30d1b3e6e74b21e2f3e71ba86eea80553d4?s=96&d=mm&r=g","url":"https:\/\/secure.gravatar.com\/avatar\/c7ec64b5aa2f5a96b3ea5ca5b828a30d1b3e6e74b21e2f3e71ba86eea80553d4?s=96&d=mm&r=g","contentUrl":"https:\/\/secure.gravatar.com\/avatar\/c7ec64b5aa2f5a96b3ea5ca5b828a30d1b3e6e74b21e2f3e71ba86eea80553d4?s=96&d=mm&r=g","caption":"Piet Andries"},"url":"https:\/\/newmobility.news\/fr\/author\/piet-andriesgmail-com\/"}]}},"jetpack_publicize_connections":[],"jetpack_shortlink":"https:\/\/wp.me\/p9wJdU-OeX","jetpack_sharing_enabled":true,"jetpack_likes_enabled":true,"jetpack-related-posts":[],"jetpack_featured_media_url":"https:\/\/i0.wp.com\/newmobility.news\/wp-content\/uploads\/2026\/09\/HERO-scaled.jpg?fit=2560%2C1440&ssl=1","_links":{"self":[{"href":"https:\/\/newmobility.news\/fr\/wp-json\/wp\/v2\/posts\/193127","targetHints":{"allow":["GET"]}}],"collection":[{"href":"https:\/\/newmobility.news\/fr\/wp-json\/wp\/v2\/posts"}],"about":[{"href":"https:\/\/newmobility.news\/fr\/wp-json\/wp\/v2\/types\/post"}],"author":[{"embeddable":true,"href":"https:\/\/newmobility.news\/fr\/wp-json\/wp\/v2\/users\/715"}],"replies":[{"embeddable":true,"href":"https:\/\/newmobility.news\/fr\/wp-json\/wp\/v2\/comments?post=193127"}],"version-history":[{"count":5,"href":"https:\/\/newmobility.news\/fr\/wp-json\/wp\/v2\/posts\/193127\/revisions"}],"predecessor-version":[{"id":193160,"href":"https:\/\/newmobility.news\/fr\/wp-json\/wp\/v2\/posts\/193127\/revisions\/193160"}],"wp:featuredmedia":[{"embeddable":true,"href":"https:\/\/newmobility.news\/fr\/wp-json\/wp\/v2\/media\/193132"}],"wp:attachment":[{"href":"https:\/\/newmobility.news\/fr\/wp-json\/wp\/v2\/media?parent=193127"}],"wp:term":[{"taxonomy":"category","embeddable":true,"href":"https:\/\/newmobility.news\/fr\/wp-json\/wp\/v2\/categories?post=193127"},{"taxonomy":"post_tag","embeddable":true,"href":"https:\/\/newmobility.news\/fr\/wp-json\/wp\/v2\/tags?post=193127"}],"curies":[{"name":"wp","href":"https:\/\/api.w.org\/{rel}","templated":true}]}}