{"id":193167,"date":"2026-09-03T17:52:14","date_gmt":"2026-09-03T15:52:14","guid":{"rendered":"https:\/\/newmobility.news\/?p=193167"},"modified":"2026-09-03T17:52:14","modified_gmt":"2026-09-03T15:52:14","slug":"delivan-adds-to-chinese-intrest-in-the-european-elcv-market","status":"publish","type":"post","link":"https:\/\/newmobility.news\/fr\/2026\/09\/03\/delivan-adds-to-chinese-intrest-in-the-european-elcv-market\/","title":{"rendered":"Delivan renforce l'int\u00e9r\u00eat chinois pour le march\u00e9 europ\u00e9en des v\u00e9hicules utilitaires l\u00e9gers \u00e9lectriques"},"content":{"rendered":"<p>Le groupe chinois Chery Holding d\u00e9voilera la version de s\u00e9rie de deux fourgons \u00e9lectriques Delivan lors du salon IAA Transportation \u00e0 Hanovre.<\/p>\n<p>La marque Delivan, qui cible sp\u00e9cifiquement le march\u00e9 europ\u00e9en, a \u00e9t\u00e9 lanc\u00e9e lors du Salon des v\u00e9hicules utilitaires de Birmingham au d\u00e9but de cette ann\u00e9e.<\/p>\n<p>Chery fera son entr\u00e9e sur le march\u00e9 europ\u00e9en des v\u00e9hicules utilitaires l\u00e9gers \u00e9lectriques, en pleine croissance, en 2027. Plus t\u00f4t cette ann\u00e9e, le conglom\u00e9rat chinois a lanc\u00e9 sa marque de v\u00e9hicules utilitaires l\u00e9gers Delivan, sp\u00e9cialement destin\u00e9e au march\u00e9 europ\u00e9en, lors du Salon des v\u00e9hicules utilitaires de Birmingham.<\/p>\n<p>\u00c0 cette occasion, le constructeur avait pr\u00e9sent\u00e9 un concept-car de taille moyenne, sans toutefois donner de d\u00e9tails techniques. Lors du prochain salon IAA Transportation \u00e0 Hanovre, les deux premi\u00e8res versions de s\u00e9rie seront d\u00e9voil\u00e9es.<\/p>\n<h4><b>On commencerait par les fourgonnettes compactes et de taille moyenne ?<\/b><\/h4>\n<p><img data-recalc-dims=\"1\" loading=\"lazy\" decoding=\"async\" class=\"alignnone size-full wp-image-193169\" src=\"https:\/\/i0.wp.com\/newmobility.news\/wp-content\/uploads\/2026\/09\/DSC02217-scaled.jpg?resize=640%2C427&#038;ssl=1\" alt=\"\" width=\"640\" height=\"427\" srcset=\"https:\/\/i0.wp.com\/newmobility.news\/wp-content\/uploads\/2026\/09\/DSC02217-scaled.jpg?w=2560&amp;ssl=1 2560w, https:\/\/i0.wp.com\/newmobility.news\/wp-content\/uploads\/2026\/09\/DSC02217-scaled.jpg?w=1280&amp;ssl=1 1280w, https:\/\/i0.wp.com\/newmobility.news\/wp-content\/uploads\/2026\/09\/DSC02217-scaled.jpg?w=1920&amp;ssl=1 1920w\" sizes=\"auto, (max-width: 640px) 100vw, 640px\" \/><\/p>\n<p>M\u00eame si les deux mod\u00e8les Delivan ne seront pr\u00e9sent\u00e9s que le 14 septembre, on s'attend \u00e0 ce qu'ils visent les segments des v\u00e9hicules compacts et de taille moyenne. Un troisi\u00e8me mod\u00e8le, plus grand, devrait suivre ult\u00e9rieurement, venant ainsi compl\u00e9ter la gamme Delivan.<\/p>\n<p>Delivan a annonc\u00e9 que ses nouveaux utilitaires avaient \u00e9t\u00e9 d\u00e9velopp\u00e9s sp\u00e9cifiquement pour le march\u00e9 europ\u00e9en sur une plateforme d\u00e9di\u00e9e aux v\u00e9hicules \u00e9lectriques. Cela signifierait que ces mod\u00e8les sont enti\u00e8rement nouveaux et ne s\u2019inspirent pas d\u2019utilitaires chinois existants. Il sera int\u00e9ressant de voir quelle approche technique la marque adoptera. Composition chimique des batteries, taille et charges utiles qui en d\u00e9coulent, tension de 400 V ou 800 V, capacit\u00e9 de remorquage\u2026 autant de choix difficiles auxquels les marques existantes sont \u00e9galement confront\u00e9es.<\/p>\n<h4><b>L'\u00e9cosyst\u00e8me des v\u00e9hicules utilitaires l\u00e9gers (VUL) et les conversions. Outre<\/b>\u00a0Dans le domaine des fourgons, Delivan proposera trois offres compl\u00e9mentaires destin\u00e9es \u00e0 accompagner les clients du secteur des v\u00e9hicules utilitaires l\u00e9gers. Ses programmes \u2018 DELIVAN PRO \u2019, \u2018 DELIVAN X \u2019 et \u2018 DELIVAN I \u2019 couvrent respectivement les services et la disponibilit\u00e9 op\u00e9rationnelle, les am\u00e9nagements et la personnalisation, ainsi que les technologies intelligentes pour flottes.<\/h4>\n<p>Cela montre que la marque est consciente de l'importance d'un \u00e9cosyst\u00e8me qui aide les clients \u00e0 mener \u00e0 bien leurs activit\u00e9s, et ne se contente pas simplement de commercialiser des fourgons.<\/p>\n<p><img data-recalc-dims=\"1\" loading=\"lazy\" decoding=\"async\" class=\"alignnone size-full wp-image-193168\" src=\"https:\/\/i0.wp.com\/newmobility.news\/wp-content\/uploads\/2026\/09\/DSC02212-scaled.jpg?resize=640%2C427&#038;ssl=1\" alt=\"\" width=\"640\" height=\"427\" srcset=\"https:\/\/i0.wp.com\/newmobility.news\/wp-content\/uploads\/2026\/09\/DSC02212-scaled.jpg?w=2560&amp;ssl=1 2560w, https:\/\/i0.wp.com\/newmobility.news\/wp-content\/uploads\/2026\/09\/DSC02212-scaled.jpg?w=1280&amp;ssl=1 1280w, https:\/\/i0.wp.com\/newmobility.news\/wp-content\/uploads\/2026\/09\/DSC02212-scaled.jpg?w=1920&amp;ssl=1 1920w\" sizes=\"auto, (max-width: 640px) 100vw, 640px\" \/><\/p>\n<p>Il est int\u00e9ressant de noter que le stand Delivan pr\u00e9sentera \u00e9galement quatre fourgons d\u00e9j\u00e0 am\u00e9nag\u00e9s par des partenaires europ\u00e9ens. La marque annoncera des collaborations majeures avec des sp\u00e9cialistes de l'am\u00e9nagement bien \u00e9tablis sur notre continent. L'un d'entre eux est Gruau, qui a particip\u00e9 activement au d\u00e9veloppement du projet depuis le d\u00e9but.<\/p>\n<p>Chery n'a pas encore annonc\u00e9 sur quels march\u00e9s europ\u00e9ens ces fourgonnettes feront leur apparition. La marque est d\u00e9j\u00e0 pr\u00e9sente en <a href=\"https:\/\/newmobility.news\/fr\/2023\/09\/28\/chinese-chery-brands-omoda-jaecoo-and-exlantix-coming-to-germany\/\">plusieurs pays europ\u00e9ens<\/a> avec ses voitures particuli\u00e8res.<\/p>\n<p>Mais le communiqu\u00e9 pr\u00e9cise que Delivan b\u00e9n\u00e9ficiera d'une approche sur mesure. Le si\u00e8ge europ\u00e9en de Delivan est situ\u00e9 \u00e0 Liverpool, et une filiale allemande a \u00e9t\u00e9 cr\u00e9\u00e9e pour le march\u00e9 de l'Union europ\u00e9enne.<\/p>\n<h4><b>Un march\u00e9 des v\u00e9hicules utilitaires l\u00e9gers \u00e9lectriques en pleine croissance<\/b><\/h4>\n<p>Avec la marque Delivan, Chery entend tirer parti du march\u00e9 europ\u00e9en des fourgons \u00e9lectriques, qui devrait conna\u00eetre un essor consid\u00e9rable dans les ann\u00e9es \u00e0 venir.<\/p>\n<p>Bien que le march\u00e9 reste relativement restreint, il a connu une croissance significative au cours du premier semestre 2026. Selon l\u2019ACEA, 13,21 TP3T des 742 759 fourgons vendus dans l\u2019UE au cours des six premiers mois de l\u2019ann\u00e9e \u00e9taient des v\u00e9hicules \u00e9lectriques \u00e0 batterie. Alors que 79,1% des clients pr\u00e9f\u00e8rent encore un moteur diesel, les ventes de v\u00e9hicules \u00e9lectriques ont progress\u00e9 de 41,6% par rapport \u00e0 la m\u00eame p\u00e9riode de l'ann\u00e9e pr\u00e9c\u00e9dente.<\/p>\n<p>La concurrence s'annonce f\u00e9roce dans les ann\u00e9es \u00e0 venir. Outre les marques \u2018 traditionnelles \u2019 qui lancent des fourgons \u00e9lectriques, de nouvelles marques font leur apparition.<\/p>\n<p>Kia met les bouch\u00e9es doubles avec son <a href=\"https:\/\/newmobility.news\/fr\/2026\/09\/01\/kia-steps-up-in-size-with-pv7-electric-van-at-iaa\/\">PBV<\/a> et <a href=\"https:\/\/newmobility.news\/fr\/2026\/09\/03\/staria-cargo-first-step-in-hyundais-electric-lcv-offensive\/\">Hyundai<\/a> a fait son retour sur le march\u00e9 des v\u00e9hicules utilitaires l\u00e9gers \u00e9lectriques (eLCV). De plus, des marques chinoises telles que la gamme bien \u00e9tablie de Maxus et de nouveaux venus comme <a href=\"https:\/\/newmobility.news\/fr\/2026\/03\/30\/beherman-named-fuso-importer-in-netherlands-completing-benelux-push\/\">Farizon<\/a> et BYD ciblent les acheteurs europ\u00e9ens de v\u00e9hicules utilitaires l\u00e9gers. La concurrence s'annonce rude pour les ann\u00e9es \u00e0 venir.<\/p>","protected":false},"excerpt":{"rendered":"<p>The Chinese Chery Holding will unveil the production version of two electric Delivan vans at the IAA Transportation in Hannover. The Delivan brand, specifically targeting the European market, was launched at the Birmingham Commercial Vehicle Show earlier this year. Chery will be entering the growing European electric LCV market in 2027. Earlier this year, the [&hellip;]<\/p>\n","protected":false},"author":439,"featured_media":193171,"comment_status":"closed","ping_status":"closed","sticky":false,"template":"","format":"standard","meta":{"_acf_changed":false,"_jetpack_newsletter_access":"","_jetpack_dont_email_post_to_subs":false,"_jetpack_newsletter_tier_id":0,"_jetpack_memberships_contains_paywalled_content":false,"_jetpack_feature_clip_id":0,"_jetpack_memberships_contains_paid_content":false,"footnotes":"","jetpack_publicize_message":"{title}\r\n\r\n{excerpt}\r\n\r\n{url}","jetpack_publicize_feature_enabled":true,"jetpack_social_post_already_shared":true,"jetpack_social_options":{"image_generator_settings":{"template":"highway","default_image_id":0,"font":"","enabled":false},"version":2},"_wpas_customize_per_network":false,"jetpack_post_was_ever_published":false},"categories":[77167,8],"tags":[],"class_list":["post-193167","post","type-post","status-publish","format-standard","has-post-thumbnail","hentry","category-motor-show","category-product"],"acf":[],"featured_image_urls_v2":{"full":["https:\/\/i0.wp.com\/newmobility.news\/wp-content\/uploads\/2026\/09\/DSC02221-opq3019442649_edited-scaled.jpg?fit=2560%2C1706&ssl=1",2560,1706,false],"thumbnail":["https:\/\/i0.wp.com\/newmobility.news\/wp-content\/uploads\/2026\/09\/DSC02221-opq3019442649_edited-scaled.jpg?resize=150%2C150&ssl=1",150,150,true],"medium":["https:\/\/i0.wp.com\/newmobility.news\/wp-content\/uploads\/2026\/09\/DSC02221-opq3019442649_edited-scaled.jpg?fit=300%2C200&ssl=1",300,200,true],"medium_large":["https:\/\/i0.wp.com\/newmobility.news\/wp-content\/uploads\/2026\/09\/DSC02221-opq3019442649_edited-scaled.jpg?fit=640%2C427&ssl=1",640,427,true],"large":["https:\/\/i0.wp.com\/newmobility.news\/wp-content\/uploads\/2026\/09\/DSC02221-opq3019442649_edited-scaled.jpg?fit=640%2C427&ssl=1",640,427,true],"1536x1536":["https:\/\/i0.wp.com\/newmobility.news\/wp-content\/uploads\/2026\/09\/DSC02221-opq3019442649_edited-scaled.jpg?fit=1536%2C1024&ssl=1",1536,1024,true],"2048x2048":["https:\/\/i0.wp.com\/newmobility.news\/wp-content\/uploads\/2026\/09\/DSC02221-opq3019442649_edited-scaled.jpg?fit=2048%2C1365&ssl=1",2048,1365,true],"trp-custom-language-flag":["https:\/\/i0.wp.com\/newmobility.news\/wp-content\/uploads\/2026\/09\/DSC02221-opq3019442649_edited-scaled.jpg?fit=18%2C12&ssl=1",18,12,true],"related-thumb":["https:\/\/i0.wp.com\/newmobility.news\/wp-content\/uploads\/2026\/09\/DSC02221-opq3019442649_edited-scaled.jpg?resize=640%2C480&ssl=1",640,480,true],"gform-image-choice-sm":["https:\/\/i0.wp.com\/newmobility.news\/wp-content\/uploads\/2026\/09\/DSC02221-opq3019442649_edited-scaled.jpg?resize=300%2C300&ssl=1",300,300,true],"gform-image-choice-md":["https:\/\/i0.wp.com\/newmobility.news\/wp-content\/uploads\/2026\/09\/DSC02221-opq3019442649_edited-scaled.jpg?resize=400%2C400&ssl=1",400,400,true],"gform-image-choice-lg":["https:\/\/i0.wp.com\/newmobility.news\/wp-content\/uploads\/2026\/09\/DSC02221-opq3019442649_edited-scaled.jpg?resize=600%2C600&ssl=1",600,600,true],"mailchimp":["https:\/\/i0.wp.com\/newmobility.news\/wp-content\/uploads\/2026\/09\/DSC02221-opq3019442649_edited-scaled.jpg?fit=560%2C373&ssl=1",560,373,true],"unipress-phone":["https:\/\/i0.wp.com\/newmobility.news\/wp-content\/uploads\/2026\/09\/DSC02221-opq3019442649_edited-scaled.jpg?resize=640%2C100&ssl=1",640,100,true],"unipress-tablet":["https:\/\/i0.wp.com\/newmobility.news\/wp-content\/uploads\/2026\/09\/DSC02221-opq3019442649_edited-scaled.jpg?resize=1536%2C240&ssl=1",1536,240,true],"unipress-tablet-portrait":["https:\/\/i0.wp.com\/newmobility.news\/wp-content\/uploads\/2026\/09\/DSC02221-opq3019442649_edited-scaled.jpg?resize=1536%2C180&ssl=1",1536,180,true],"unipress-tablet-landscape":["https:\/\/i0.wp.com\/newmobility.news\/wp-content\/uploads\/2026\/09\/DSC02221-opq3019442649_edited-scaled.jpg?resize=2048%2C180&ssl=1",2048,180,true],"unipress-smartphone":["https:\/\/i0.wp.com\/newmobility.news\/wp-content\/uploads\/2026\/09\/DSC02221-opq3019442649_edited-scaled.jpg?resize=1080%2C168&ssl=1",1080,168,true],"unipress-wide-screen":["https:\/\/i0.wp.com\/newmobility.news\/wp-content\/uploads\/2026\/09\/DSC02221-opq3019442649_edited-scaled.jpg?resize=2560%2C180&ssl=1",2560,180,true]},"post_excerpt_stackable_v2":"<p>The Chinese Chery Holding will unveil the production version of two electric Delivan vans at the IAA Transportation in Hannover. The Delivan brand, specifically targeting the European market, was launched at the Birmingham Commercial Vehicle Show earlier this year. Chery will be entering the growing European electric LCV market in 2027. Earlier this year, the Chinese conglomerate launched its Delivan LCV brand specifically for Europe at the Birmingham Commercial Vehicle Show. There, it showed a medium-sized concept, but without specifying technical details. At the coming IAA Transportation in Hannover, the first two production versions will be unveiled. Compact and medium-sized&hellip;<\/p>\n","category_list_v2":"<a href=\"https:\/\/newmobility.news\/fr\/category\/motor-show\/\" rel=\"category tag\">Motor Show<\/a>, <a href=\"https:\/\/newmobility.news\/fr\/category\/product\/\" rel=\"category tag\">Product<\/a>","author_info_v2":{"name":"Arnaud Henckaerts","url":"https:\/\/newmobility.news\/fr\/author\/arnaud-henckaertsgmail-be\/"},"comments_num_v2":"0 comments","yoast_head":"<!-- This site is optimized with the Yoast SEO plugin v28.4 - https:\/\/yoast.com\/product\/yoast-seo-wordpress\/ -->\n<title>Delivan adds to Chinese intrest in the European eLCV market - newmobility.news<\/title>\n<meta name=\"robots\" content=\"index, follow, max-snippet:-1, max-image-preview:large, max-video-preview:-1\" \/>\n<link rel=\"canonical\" href=\"https:\/\/newmobility.news\/fr\/2026\/09\/03\/delivan-adds-to-chinese-intrest-in-the-european-elcv-market\/\" \/>\n<meta property=\"og:locale\" content=\"fr_FR\" \/>\n<meta property=\"og:type\" content=\"article\" \/>\n<meta property=\"og:title\" content=\"Delivan adds to Chinese intrest in the European eLCV market - newmobility.news\" \/>\n<meta property=\"og:description\" content=\"The Chinese Chery Holding will unveil the production version of two electric Delivan vans at the IAA Transportation in Hannover. The Delivan brand, specifically targeting the European market, was launched at the Birmingham Commercial Vehicle Show earlier this year. Chery will be entering the growing European electric LCV market in 2027. Earlier this year, the [&hellip;]\" \/>\n<meta property=\"og:url\" content=\"https:\/\/newmobility.news\/fr\/2026\/09\/03\/delivan-adds-to-chinese-intrest-in-the-european-elcv-market\/\" \/>\n<meta property=\"og:site_name\" content=\"newmobility.news\" \/>\n<meta property=\"article:publisher\" content=\"https:\/\/www.facebook.com\/search\/top\/?q=newmobility.news\" \/>\n<meta property=\"article:published_time\" content=\"2026-09-03T15:52:14+00:00\" \/>\n<meta property=\"og:image\" content=\"https:\/\/newmobility.news\/wp-content\/uploads\/2026\/09\/DSC02221-opq3019442649_edited-scaled.jpg\" \/>\n\t<meta property=\"og:image:width\" content=\"2560\" \/>\n\t<meta property=\"og:image:height\" content=\"1706\" \/>\n\t<meta property=\"og:image:type\" content=\"image\/jpeg\" \/>\n<meta name=\"author\" content=\"Arnaud Henckaerts\" \/>\n<meta name=\"twitter:card\" content=\"summary_large_image\" \/>\n<meta name=\"twitter:creator\" content=\"@jorisvry\" \/>\n<meta name=\"twitter:site\" content=\"@jorisvry\" \/>\n<meta name=\"twitter:label1\" content=\"\u00c9crit par\" \/>\n\t<meta name=\"twitter:data1\" content=\"Arnaud Henckaerts\" \/>\n\t<meta name=\"twitter:label2\" content=\"Dur\u00e9e de lecture est.\" \/>\n\t<meta name=\"twitter:data2\" content=\"3 minutes\" \/>\n<script type=\"application\/ld+json\" class=\"yoast-schema-graph\">{\"@context\":\"https:\\\/\\\/schema.org\",\"@graph\":[{\"@type\":\"Article\",\"@id\":\"https:\\\/\\\/newmobility.news\\\/2026\\\/09\\\/03\\\/delivan-adds-to-chinese-intrest-in-the-european-elcv-market\\\/#article\",\"isPartOf\":{\"@id\":\"https:\\\/\\\/newmobility.news\\\/2026\\\/09\\\/03\\\/delivan-adds-to-chinese-intrest-in-the-european-elcv-market\\\/\"},\"author\":{\"name\":\"Arnaud Henckaerts\",\"@id\":\"https:\\\/\\\/newmobility.news\\\/#\\\/schema\\\/person\\\/5f9475a0c8f811875bf271136de823b6\"},\"headline\":\"Delivan adds to Chinese intrest in the European eLCV market\",\"datePublished\":\"2026-09-03T15:52:14+00:00\",\"mainEntityOfPage\":{\"@id\":\"https:\\\/\\\/newmobility.news\\\/2026\\\/09\\\/03\\\/delivan-adds-to-chinese-intrest-in-the-european-elcv-market\\\/\"},\"wordCount\":508,\"publisher\":{\"@id\":\"https:\\\/\\\/newmobility.news\\\/#organization\"},\"image\":{\"@id\":\"https:\\\/\\\/newmobility.news\\\/2026\\\/09\\\/03\\\/delivan-adds-to-chinese-intrest-in-the-european-elcv-market\\\/#primaryimage\"},\"thumbnailUrl\":\"https:\\\/\\\/i0.wp.com\\\/newmobility.news\\\/wp-content\\\/uploads\\\/2026\\\/09\\\/DSC02221-opq3019442649_edited-scaled.jpg?fit=2560%2C1706&ssl=1\",\"articleSection\":[\"Motor Show\",\"Product\"],\"inLanguage\":\"fr-BE\"},{\"@type\":\"WebPage\",\"@id\":\"https:\\\/\\\/newmobility.news\\\/2026\\\/09\\\/03\\\/delivan-adds-to-chinese-intrest-in-the-european-elcv-market\\\/\",\"url\":\"https:\\\/\\\/newmobility.news\\\/2026\\\/09\\\/03\\\/delivan-adds-to-chinese-intrest-in-the-european-elcv-market\\\/\",\"name\":\"Delivan adds to Chinese intrest in the European eLCV market - newmobility.news\",\"isPartOf\":{\"@id\":\"https:\\\/\\\/newmobility.news\\\/#website\"},\"primaryImageOfPage\":{\"@id\":\"https:\\\/\\\/newmobility.news\\\/2026\\\/09\\\/03\\\/delivan-adds-to-chinese-intrest-in-the-european-elcv-market\\\/#primaryimage\"},\"image\":{\"@id\":\"https:\\\/\\\/newmobility.news\\\/2026\\\/09\\\/03\\\/delivan-adds-to-chinese-intrest-in-the-european-elcv-market\\\/#primaryimage\"},\"thumbnailUrl\":\"https:\\\/\\\/i0.wp.com\\\/newmobility.news\\\/wp-content\\\/uploads\\\/2026\\\/09\\\/DSC02221-opq3019442649_edited-scaled.jpg?fit=2560%2C1706&ssl=1\",\"datePublished\":\"2026-09-03T15:52:14+00:00\",\"breadcrumb\":{\"@id\":\"https:\\\/\\\/newmobility.news\\\/2026\\\/09\\\/03\\\/delivan-adds-to-chinese-intrest-in-the-european-elcv-market\\\/#breadcrumb\"},\"inLanguage\":\"fr-BE\",\"potentialAction\":[{\"@type\":\"ReadAction\",\"target\":[\"https:\\\/\\\/newmobility.news\\\/2026\\\/09\\\/03\\\/delivan-adds-to-chinese-intrest-in-the-european-elcv-market\\\/\"]}]},{\"@type\":\"ImageObject\",\"inLanguage\":\"fr-BE\",\"@id\":\"https:\\\/\\\/newmobility.news\\\/2026\\\/09\\\/03\\\/delivan-adds-to-chinese-intrest-in-the-european-elcv-market\\\/#primaryimage\",\"url\":\"https:\\\/\\\/i0.wp.com\\\/newmobility.news\\\/wp-content\\\/uploads\\\/2026\\\/09\\\/DSC02221-opq3019442649_edited-scaled.jpg?fit=2560%2C1706&ssl=1\",\"contentUrl\":\"https:\\\/\\\/i0.wp.com\\\/newmobility.news\\\/wp-content\\\/uploads\\\/2026\\\/09\\\/DSC02221-opq3019442649_edited-scaled.jpg?fit=2560%2C1706&ssl=1\",\"width\":2560,\"height\":1706},{\"@type\":\"BreadcrumbList\",\"@id\":\"https:\\\/\\\/newmobility.news\\\/2026\\\/09\\\/03\\\/delivan-adds-to-chinese-intrest-in-the-european-elcv-market\\\/#breadcrumb\",\"itemListElement\":[{\"@type\":\"ListItem\",\"position\":1,\"name\":\"Home\",\"item\":\"https:\\\/\\\/newmobility.news\\\/\"},{\"@type\":\"ListItem\",\"position\":2,\"name\":\"Delivan adds to Chinese intrest in the European eLCV market\"}]},{\"@type\":\"WebSite\",\"@id\":\"https:\\\/\\\/newmobility.news\\\/#website\",\"url\":\"https:\\\/\\\/newmobility.news\\\/\",\"name\":\"newmobility.news\",\"description\":\"A B2BNews Agency\u00ae news service for mobility business proessional\",\"publisher\":{\"@id\":\"https:\\\/\\\/newmobility.news\\\/#organization\"},\"potentialAction\":[{\"@type\":\"SearchAction\",\"target\":{\"@type\":\"EntryPoint\",\"urlTemplate\":\"https:\\\/\\\/newmobility.news\\\/?s={search_term_string}\"},\"query-input\":{\"@type\":\"PropertyValueSpecification\",\"valueRequired\":true,\"valueName\":\"search_term_string\"}}],\"inLanguage\":\"fr-BE\"},{\"@type\":\"Organization\",\"@id\":\"https:\\\/\\\/newmobility.news\\\/#organization\",\"name\":\"B2BNews Agency\",\"url\":\"https:\\\/\\\/newmobility.news\\\/\",\"logo\":{\"@type\":\"ImageObject\",\"inLanguage\":\"fr-BE\",\"@id\":\"https:\\\/\\\/newmobility.news\\\/#\\\/schema\\\/logo\\\/image\\\/\",\"url\":\"https:\\\/\\\/newmobility.news\\\/wp-content\\\/uploads\\\/2018\\\/01\\\/b2bnews-agency-logo.png\",\"contentUrl\":\"https:\\\/\\\/newmobility.news\\\/wp-content\\\/uploads\\\/2018\\\/01\\\/b2bnews-agency-logo.png\",\"width\":\"581\",\"height\":\"117\",\"caption\":\"B2BNews Agency\"},\"image\":{\"@id\":\"https:\\\/\\\/newmobility.news\\\/#\\\/schema\\\/logo\\\/image\\\/\"},\"sameAs\":[\"https:\\\/\\\/www.facebook.com\\\/search\\\/top\\\/?q=newmobility.news\",\"https:\\\/\\\/x.com\\\/jorisvry\",\"https:\\\/\\\/www.linkedin.com\\\/in\\\/jorisvanroy\\\/\",\"https:\\\/\\\/nl.pinterest.com\\\/jorisvanroy\\\/\"]},{\"@type\":\"Person\",\"@id\":\"https:\\\/\\\/newmobility.news\\\/#\\\/schema\\\/person\\\/5f9475a0c8f811875bf271136de823b6\",\"name\":\"Arnaud Henckaerts\",\"image\":{\"@type\":\"ImageObject\",\"inLanguage\":\"fr-BE\",\"@id\":\"https:\\\/\\\/secure.gravatar.com\\\/avatar\\\/b1dfec22af8b8aee8d5432c234c17ec4c71f8456691d0669f55c690a4dd8fb92?s=96&d=mm&r=g\",\"url\":\"https:\\\/\\\/secure.gravatar.com\\\/avatar\\\/b1dfec22af8b8aee8d5432c234c17ec4c71f8456691d0669f55c690a4dd8fb92?s=96&d=mm&r=g\",\"contentUrl\":\"https:\\\/\\\/secure.gravatar.com\\\/avatar\\\/b1dfec22af8b8aee8d5432c234c17ec4c71f8456691d0669f55c690a4dd8fb92?s=96&d=mm&r=g\",\"caption\":\"Arnaud Henckaerts\"},\"url\":\"https:\\\/\\\/newmobility.news\\\/fr\\\/author\\\/arnaud-henckaertsgmail-be\\\/\"}]}<\/script>\n<!-- \/ Yoast SEO plugin. -->","yoast_head_json":{"title":"Delivan renforce l'int\u00e9r\u00eat chinois pour le march\u00e9 europ\u00e9en des v\u00e9hicules utilitaires l\u00e9gers \u00e9lectriques - newmobility.news","robots":{"index":"index","follow":"follow","max-snippet":"max-snippet:-1","max-image-preview":"max-image-preview:large","max-video-preview":"max-video-preview:-1"},"canonical":"https:\/\/newmobility.news\/fr\/2026\/09\/03\/delivan-adds-to-chinese-intrest-in-the-european-elcv-market\/","og_locale":"fr_FR","og_type":"article","og_title":"Delivan adds to Chinese intrest in the European eLCV market - newmobility.news","og_description":"The Chinese Chery Holding will unveil the production version of two electric Delivan vans at the IAA Transportation in Hannover. The Delivan brand, specifically targeting the European market, was launched at the Birmingham Commercial Vehicle Show earlier this year. Chery will be entering the growing European electric LCV market in 2027. Earlier this year, the [&hellip;]","og_url":"https:\/\/newmobility.news\/fr\/2026\/09\/03\/delivan-adds-to-chinese-intrest-in-the-european-elcv-market\/","og_site_name":"newmobility.news","article_publisher":"https:\/\/www.facebook.com\/search\/top\/?q=newmobility.news","article_published_time":"2026-09-03T15:52:14+00:00","og_image":[{"width":2560,"height":1706,"url":"https:\/\/newmobility.news\/wp-content\/uploads\/2026\/09\/DSC02221-opq3019442649_edited-scaled.jpg","type":"image\/jpeg"}],"author":"Arnaud Henckaerts","twitter_card":"summary_large_image","twitter_creator":"@jorisvry","twitter_site":"@jorisvry","twitter_misc":{"\u00c9crit par":"Arnaud Henckaerts","Dur\u00e9e de lecture est.":"3 minutes"},"schema":{"@context":"https:\/\/schema.org","@graph":[{"@type":"Article","@id":"https:\/\/newmobility.news\/2026\/09\/03\/delivan-adds-to-chinese-intrest-in-the-european-elcv-market\/#article","isPartOf":{"@id":"https:\/\/newmobility.news\/2026\/09\/03\/delivan-adds-to-chinese-intrest-in-the-european-elcv-market\/"},"author":{"name":"Arnaud Henckaerts","@id":"https:\/\/newmobility.news\/#\/schema\/person\/5f9475a0c8f811875bf271136de823b6"},"headline":"Delivan adds to Chinese intrest in the European eLCV market","datePublished":"2026-09-03T15:52:14+00:00","mainEntityOfPage":{"@id":"https:\/\/newmobility.news\/2026\/09\/03\/delivan-adds-to-chinese-intrest-in-the-european-elcv-market\/"},"wordCount":508,"publisher":{"@id":"https:\/\/newmobility.news\/#organization"},"image":{"@id":"https:\/\/newmobility.news\/2026\/09\/03\/delivan-adds-to-chinese-intrest-in-the-european-elcv-market\/#primaryimage"},"thumbnailUrl":"https:\/\/i0.wp.com\/newmobility.news\/wp-content\/uploads\/2026\/09\/DSC02221-opq3019442649_edited-scaled.jpg?fit=2560%2C1706&ssl=1","articleSection":["Motor Show","Product"],"inLanguage":"fr-BE"},{"@type":"WebPage","@id":"https:\/\/newmobility.news\/2026\/09\/03\/delivan-adds-to-chinese-intrest-in-the-european-elcv-market\/","url":"https:\/\/newmobility.news\/2026\/09\/03\/delivan-adds-to-chinese-intrest-in-the-european-elcv-market\/","name":"Delivan renforce l'int\u00e9r\u00eat chinois pour le march\u00e9 europ\u00e9en des v\u00e9hicules utilitaires l\u00e9gers \u00e9lectriques - newmobility.news","isPartOf":{"@id":"https:\/\/newmobility.news\/#website"},"primaryImageOfPage":{"@id":"https:\/\/newmobility.news\/2026\/09\/03\/delivan-adds-to-chinese-intrest-in-the-european-elcv-market\/#primaryimage"},"image":{"@id":"https:\/\/newmobility.news\/2026\/09\/03\/delivan-adds-to-chinese-intrest-in-the-european-elcv-market\/#primaryimage"},"thumbnailUrl":"https:\/\/i0.wp.com\/newmobility.news\/wp-content\/uploads\/2026\/09\/DSC02221-opq3019442649_edited-scaled.jpg?fit=2560%2C1706&ssl=1","datePublished":"2026-09-03T15:52:14+00:00","breadcrumb":{"@id":"https:\/\/newmobility.news\/2026\/09\/03\/delivan-adds-to-chinese-intrest-in-the-european-elcv-market\/#breadcrumb"},"inLanguage":"fr-BE","potentialAction":[{"@type":"ReadAction","target":["https:\/\/newmobility.news\/2026\/09\/03\/delivan-adds-to-chinese-intrest-in-the-european-elcv-market\/"]}]},{"@type":"ImageObject","inLanguage":"fr-BE","@id":"https:\/\/newmobility.news\/2026\/09\/03\/delivan-adds-to-chinese-intrest-in-the-european-elcv-market\/#primaryimage","url":"https:\/\/i0.wp.com\/newmobility.news\/wp-content\/uploads\/2026\/09\/DSC02221-opq3019442649_edited-scaled.jpg?fit=2560%2C1706&ssl=1","contentUrl":"https:\/\/i0.wp.com\/newmobility.news\/wp-content\/uploads\/2026\/09\/DSC02221-opq3019442649_edited-scaled.jpg?fit=2560%2C1706&ssl=1","width":2560,"height":1706},{"@type":"BreadcrumbList","@id":"https:\/\/newmobility.news\/2026\/09\/03\/delivan-adds-to-chinese-intrest-in-the-european-elcv-market\/#breadcrumb","itemListElement":[{"@type":"ListItem","position":1,"name":"Home","item":"https:\/\/newmobility.news\/"},{"@type":"ListItem","position":2,"name":"Delivan adds to Chinese intrest in the European eLCV market"}]},{"@type":"WebSite","@id":"https:\/\/newmobility.news\/#website","url":"https:\/\/newmobility.news\/","name":"nouveaumobilit\u00e9.actualit\u00e9s","description":"Un service d'information B2BNews Agency\u00ae destin\u00e9 aux professionnels de la mobilit\u00e9","publisher":{"@id":"https:\/\/newmobility.news\/#organization"},"potentialAction":[{"@type":"SearchAction","target":{"@type":"EntryPoint","urlTemplate":"https:\/\/newmobility.news\/?s={search_term_string}"},"query-input":{"@type":"PropertyValueSpecification","valueRequired":true,"valueName":"search_term_string"}}],"inLanguage":"fr-BE"},{"@type":"Organization","@id":"https:\/\/newmobility.news\/#organization","name":"Agence de presse B2BNews","url":"https:\/\/newmobility.news\/","logo":{"@type":"ImageObject","inLanguage":"fr-BE","@id":"https:\/\/newmobility.news\/#\/schema\/logo\/image\/","url":"https:\/\/newmobility.news\/wp-content\/uploads\/2018\/01\/b2bnews-agency-logo.png","contentUrl":"https:\/\/newmobility.news\/wp-content\/uploads\/2018\/01\/b2bnews-agency-logo.png","width":"581","height":"117","caption":"B2BNews Agency"},"image":{"@id":"https:\/\/newmobility.news\/#\/schema\/logo\/image\/"},"sameAs":["https:\/\/www.facebook.com\/search\/top\/?q=newmobility.news","https:\/\/x.com\/jorisvry","https:\/\/www.linkedin.com\/in\/jorisvanroy\/","https:\/\/nl.pinterest.com\/jorisvanroy\/"]},{"@type":"Person","@id":"https:\/\/newmobility.news\/#\/schema\/person\/5f9475a0c8f811875bf271136de823b6","name":"Arnaud Henckaerts","image":{"@type":"ImageObject","inLanguage":"fr-BE","@id":"https:\/\/secure.gravatar.com\/avatar\/b1dfec22af8b8aee8d5432c234c17ec4c71f8456691d0669f55c690a4dd8fb92?s=96&d=mm&r=g","url":"https:\/\/secure.gravatar.com\/avatar\/b1dfec22af8b8aee8d5432c234c17ec4c71f8456691d0669f55c690a4dd8fb92?s=96&d=mm&r=g","contentUrl":"https:\/\/secure.gravatar.com\/avatar\/b1dfec22af8b8aee8d5432c234c17ec4c71f8456691d0669f55c690a4dd8fb92?s=96&d=mm&r=g","caption":"Arnaud Henckaerts"},"url":"https:\/\/newmobility.news\/fr\/author\/arnaud-henckaertsgmail-be\/"}]}},"jetpack_publicize_connections":[],"jetpack_shortlink":"https:\/\/wp.me\/p9wJdU-OfB","jetpack_sharing_enabled":true,"jetpack_likes_enabled":true,"jetpack-related-posts":[],"jetpack_featured_media_url":"https:\/\/i0.wp.com\/newmobility.news\/wp-content\/uploads\/2026\/09\/DSC02221-opq3019442649_edited-scaled.jpg?fit=2560%2C1706&ssl=1","_links":{"self":[{"href":"https:\/\/newmobility.news\/fr\/wp-json\/wp\/v2\/posts\/193167","targetHints":{"allow":["GET"]}}],"collection":[{"href":"https:\/\/newmobility.news\/fr\/wp-json\/wp\/v2\/posts"}],"about":[{"href":"https:\/\/newmobility.news\/fr\/wp-json\/wp\/v2\/types\/post"}],"author":[{"embeddable":true,"href":"https:\/\/newmobility.news\/fr\/wp-json\/wp\/v2\/users\/439"}],"replies":[{"embeddable":true,"href":"https:\/\/newmobility.news\/fr\/wp-json\/wp\/v2\/comments?post=193167"}],"version-history":[{"count":4,"href":"https:\/\/newmobility.news\/fr\/wp-json\/wp\/v2\/posts\/193167\/revisions"}],"predecessor-version":[{"id":193200,"href":"https:\/\/newmobility.news\/fr\/wp-json\/wp\/v2\/posts\/193167\/revisions\/193200"}],"wp:featuredmedia":[{"embeddable":true,"href":"https:\/\/newmobility.news\/fr\/wp-json\/wp\/v2\/media\/193171"}],"wp:attachment":[{"href":"https:\/\/newmobility.news\/fr\/wp-json\/wp\/v2\/media?parent=193167"}],"wp:term":[{"taxonomy":"category","embeddable":true,"href":"https:\/\/newmobility.news\/fr\/wp-json\/wp\/v2\/categories?post=193167"},{"taxonomy":"post_tag","embeddable":true,"href":"https:\/\/newmobility.news\/fr\/wp-json\/wp\/v2\/tags?post=193167"}],"curies":[{"name":"wp","href":"https:\/\/api.w.org\/{rel}","templated":true}]}}