{"id":193221,"date":"2026-09-04T12:20:25","date_gmt":"2026-09-04T10:20:25","guid":{"rendered":"https:\/\/newmobility.news\/?p=193221"},"modified":"2026-09-04T10:52:40","modified_gmt":"2026-09-04T08:52:40","slug":"bob-campaign-sees-drink-driving-rate-fall-for-fifth-year-running","status":"publish","type":"post","link":"https:\/\/newmobility.news\/fr\/2026\/09\/04\/bob-campaign-sees-drink-driving-rate-fall-for-fifth-year-running\/","title":{"rendered":"La campagne \u00ab Bob \u00bb enregistre une baisse du taux d'alcool\u00e9mie au volant pour la cinqui\u00e8me ann\u00e9e cons\u00e9cutive"},"content":{"rendered":"<p>Selon la police f\u00e9d\u00e9rale, la derni\u00e8re campagne \u2018 Bob \u2019 men\u00e9e en Belgique cet \u00e9t\u00e9 a une nouvelle fois donn\u00e9 des r\u00e9sultats encourageants, avec \u00ab seulement \u00bb 1 36% de conducteurs contr\u00f4l\u00e9s positifs \u00e0 l'alcool.<\/p>\n<p><span class=\"Y2IQFc\" lang=\"en\">Lorsque la premi\u00e8re campagne a \u00e9t\u00e9 lanc\u00e9e en 1995 \u2013 il y a 31 ans \u2013, ce chiffre s'\u00e9levait encore \u00e0 6,41 TP3T. Le message passe donc clairement, m\u00eame si ce n'est malheureusement pas aupr\u00e8s de tout le monde.<\/span><\/p>\n<h4>Plus de contr\u00f4les, moins de r\u00e9sultats positifs<\/h4>\n<p><span class=\"Y2IQFc\" lang=\"en\">La bonne nouvelle, c'est que le nombre de contr\u00f4les augmente d'ann\u00e9e en ann\u00e9e, tandis que la proportion de conducteurs dont le test s'av\u00e8re positif ne cesse de diminuer.\u00a0<\/span><span class=\"Y2IQFc\" lang=\"en\">Le nombre de conducteurs dont le test s'est r\u00e9v\u00e9l\u00e9 positif diminue tant pendant la campagne estivale que pendant la campagne hivernale. <\/span><\/p>\n<p><span class=\"Y2IQFc\" lang=\"en\">Toutefois, cette tendance \u00e0 la baisse ne signifie pas pour autant que la consommation d\u2019alcool au volant ait disparu. Parmi les conducteurs contr\u00f4l\u00e9s positifs lors de la campagne hivernale 2024-2025, environ deux tiers pr\u00e9sentaient un taux d\u2019alcool\u00e9mie sup\u00e9rieur \u00e0 0,8 \u2030. <\/span><span class=\"Y2IQFc\" lang=\"en\">Parmi les conducteurs contr\u00f4l\u00e9s \u00e0 la suite d'un accident ayant entra\u00een\u00e9 des bless\u00e9s, plus d'un sur dix a \u00e9t\u00e9 contr\u00f4l\u00e9 positif. <\/span><\/p>\n<h4>Alcool et drogues<\/h4>\n<p>Au cours des 12 derni\u00e8res semaines, 563 913 contr\u00f4les d'alcool\u00e9mie ont \u00e9t\u00e9 effectu\u00e9s par diff\u00e9rents services de police \u00e0 travers le pays \u2013 un chiffre jamais atteint auparavant. <span class=\"Y2IQFc\" lang=\"en\">Au total, 7 667 conducteurs ont \u00e9t\u00e9 contr\u00f4l\u00e9s positifs. Ce chiffre est en baisse par rapport \u00e0 la campagne estivale pr\u00e9c\u00e9dente, au cours de laquelle 1 62% conducteurs avaient \u00e9t\u00e9 contr\u00f4l\u00e9s positifs (2,1% en 2024). Par ailleurs, 3 811 permis de conduire ont \u00e9t\u00e9 retir\u00e9s.\u00a0<\/span><\/p>\n<p><span class=\"Y2IQFc\" lang=\"en\">Des contr\u00f4les antidopage ont \u00e9galement \u00e9t\u00e9 effectu\u00e9s l\u2019\u00e9t\u00e9 dernier ; au total, 1 048 r\u00e9sultats positifs ont \u00e9t\u00e9 enregistr\u00e9s lors des tests de salive, soit un chiffre l\u00e9g\u00e8rement inf\u00e9rieur \u00e0 celui de l\u2019ann\u00e9e pr\u00e9c\u00e9dente (1 497),\u00a0<\/span><span class=\"Y2IQFc\" lang=\"en\">et la tendance est clairement \u00e0 la baisse. Pour la cinqui\u00e8me ann\u00e9e cons\u00e9cutive, le pourcentage de contr\u00f4les d'alcool\u00e9mie positifs a diminu\u00e9. <\/span><span class=\"Y2IQFc\" lang=\"en\">Dans ce contexte, 817 permis de conduire ont \u00e9t\u00e9 retir\u00e9s cet \u00e9t\u00e9.<\/span><\/p>\n<h4>Tendance positive<\/h4>\n<p><span class=\"Y2IQFc\" lang=\"en\">Les chiffres montrent que la majorit\u00e9 des conducteurs ont compris le message des campagnes BOB et adaptent leur comportement en cons\u00e9quence \u2013 une \u00e9volution positive.<\/span><\/p>\n<p><span class=\"Y2IQFc\" lang=\"en\">Pourtant, il existe encore une minorit\u00e9 qui continue obstin\u00e9ment \u00e0 ignorer ce message. <\/span><span class=\"Y2IQFc\" lang=\"en\">Ce sont des personnes qui mettent en danger non seulement leur propre s\u00e9curit\u00e9, mais aussi celle des autres usagers de la route.<\/span><\/p>\n<h4>Campagne europ\u00e9enne<\/h4>\n<p><span class=\"Y2IQFc\" lang=\"en\">La campagne \u2019 Bob \u00bb est une campagne europ\u00e9enne de lutte contre l'alcool au volant. Elle a \u00e9t\u00e9 lanc\u00e9e en Belgique en 1995 par le BIVV (Belgisch Instituut voor de VerkeersVeiligheid) \u2013 aujourd'hui l'Institut Vias \u2013 en collaboration avec le Groupe Arnoldus de la F\u00e9d\u00e9ration belge des brasseurs.<\/span><\/p>\n<p><span class=\"Y2IQFc\" lang=\"en\">La consommation d\u2019alcool au volant affecte principalement votre perception, votre temps de r\u00e9action et votre capacit\u00e9 de jugement. M\u00eame une petite quantit\u00e9 d\u2019alcool peut vous rendre y<\/span><span class=\"Y2IQFc\" lang=\"en\">Vous prenez plus facilement des risques et surestimez vos capacit\u00e9s. <\/span><\/p>\n<p><span class=\"Y2IQFc\" lang=\"en\">Alcool<\/span><span class=\"Y2IQFc\" lang=\"en\"> peut \u00e9galement accentuer la somnolence, en particulier lors de longs trajets en voiture. C<\/span><span class=\"Y2IQFc\" lang=\"en\">Ni le caf\u00e9, ni l'air frais, ni une douche froide ne vous permettront de retrouver vos esprits. Seul le temps permet de r\u00e9duire le taux d'alcool dans votre organisme.\u00a0<\/span><span class=\"Y2IQFc\" lang=\"en\">Avec un taux d'alcool\u00e9mie de 0,8 g\/l (0,081 TP3T), le risque d'accident de la route est environ trois fois plus \u00e9lev\u00e9.<\/span><\/p>","protected":false},"excerpt":{"rendered":"<p>According to the federal police, the latest Bob campaign conducted in Belgium during the summer has once again presented encouraging results, with &#8216;only&#8217; 1.36% of drivers testing positive for alcohol. When the first campaign was launched in 1995 \u2013 31 years ago \u2013 that figure was still 6.4%. The message is certainly getting through, then [&hellip;]<\/p>\n","protected":false},"author":175,"featured_media":193233,"comment_status":"closed","ping_status":"closed","sticky":false,"template":"","format":"standard","meta":{"_acf_changed":false,"_jetpack_newsletter_access":"","_jetpack_dont_email_post_to_subs":false,"_jetpack_newsletter_tier_id":0,"_jetpack_memberships_contains_paywalled_content":false,"_jetpack_feature_clip_id":0,"_jetpack_memberships_contains_paid_content":false,"footnotes":"","jetpack_publicize_message":"{title}\r\n\r\n{excerpt}\r\n\r\n{url}","jetpack_publicize_feature_enabled":true,"jetpack_social_post_already_shared":true,"jetpack_social_options":{"image_generator_settings":{"template":"highway","default_image_id":0,"font":"","enabled":false},"version":2},"_wpas_customize_per_network":false,"jetpack_post_was_ever_published":false},"categories":[77170,28,51851,25,7,31,4],"tags":[],"class_list":["post-193221","post","type-post","status-publish","format-standard","has-post-thumbnail","hentry","category-belgium","category-europe","category-health","category-legislation","category-mobility","category-road-safety","category-top-stories-today"],"acf":[],"featured_image_urls_v2":{"full":["https:\/\/i0.wp.com\/newmobility.news\/wp-content\/uploads\/2026\/09\/Scherm%C2%ADafbeelding-2026-09-04-om-10.02.39.png?fit=890%2C589&ssl=1",890,589,false],"thumbnail":["https:\/\/i0.wp.com\/newmobility.news\/wp-content\/uploads\/2026\/09\/Scherm%C2%ADafbeelding-2026-09-04-om-10.02.39.png?resize=150%2C150&ssl=1",150,150,true],"medium":["https:\/\/i0.wp.com\/newmobility.news\/wp-content\/uploads\/2026\/09\/Scherm%C2%ADafbeelding-2026-09-04-om-10.02.39.png?fit=300%2C199&ssl=1",300,199,true],"medium_large":["https:\/\/i0.wp.com\/newmobility.news\/wp-content\/uploads\/2026\/09\/Scherm%C2%ADafbeelding-2026-09-04-om-10.02.39.png?fit=640%2C424&ssl=1",640,424,true],"large":["https:\/\/i0.wp.com\/newmobility.news\/wp-content\/uploads\/2026\/09\/Scherm%C2%ADafbeelding-2026-09-04-om-10.02.39.png?fit=640%2C424&ssl=1",640,424,true],"1536x1536":["https:\/\/i0.wp.com\/newmobility.news\/wp-content\/uploads\/2026\/09\/Scherm%C2%ADafbeelding-2026-09-04-om-10.02.39.png?fit=890%2C589&ssl=1",890,589,true],"2048x2048":["https:\/\/i0.wp.com\/newmobility.news\/wp-content\/uploads\/2026\/09\/Scherm%C2%ADafbeelding-2026-09-04-om-10.02.39.png?fit=890%2C589&ssl=1",890,589,true],"trp-custom-language-flag":["https:\/\/i0.wp.com\/newmobility.news\/wp-content\/uploads\/2026\/09\/Scherm%C2%ADafbeelding-2026-09-04-om-10.02.39.png?fit=18%2C12&ssl=1",18,12,true],"related-thumb":["https:\/\/i0.wp.com\/newmobility.news\/wp-content\/uploads\/2026\/09\/Scherm%C2%ADafbeelding-2026-09-04-om-10.02.39.png?resize=640%2C480&ssl=1",640,480,true],"gform-image-choice-sm":["https:\/\/i0.wp.com\/newmobility.news\/wp-content\/uploads\/2026\/09\/Scherm%C2%ADafbeelding-2026-09-04-om-10.02.39.png?resize=300%2C300&ssl=1",300,300,true],"gform-image-choice-md":["https:\/\/i0.wp.com\/newmobility.news\/wp-content\/uploads\/2026\/09\/Scherm%C2%ADafbeelding-2026-09-04-om-10.02.39.png?resize=400%2C400&ssl=1",400,400,true],"gform-image-choice-lg":["https:\/\/i0.wp.com\/newmobility.news\/wp-content\/uploads\/2026\/09\/Scherm%C2%ADafbeelding-2026-09-04-om-10.02.39.png?resize=600%2C589&ssl=1",600,589,true],"mailchimp":["https:\/\/i0.wp.com\/newmobility.news\/wp-content\/uploads\/2026\/09\/Scherm%C2%ADafbeelding-2026-09-04-om-10.02.39.png?fit=560%2C371&ssl=1",560,371,true],"unipress-phone":["https:\/\/i0.wp.com\/newmobility.news\/wp-content\/uploads\/2026\/09\/Scherm%C2%ADafbeelding-2026-09-04-om-10.02.39.png?resize=640%2C100&ssl=1",640,100,true],"unipress-tablet":["https:\/\/i0.wp.com\/newmobility.news\/wp-content\/uploads\/2026\/09\/Scherm%C2%ADafbeelding-2026-09-04-om-10.02.39.png?resize=890%2C240&ssl=1",890,240,true],"unipress-tablet-portrait":["https:\/\/i0.wp.com\/newmobility.news\/wp-content\/uploads\/2026\/09\/Scherm%C2%ADafbeelding-2026-09-04-om-10.02.39.png?resize=890%2C180&ssl=1",890,180,true],"unipress-tablet-landscape":["https:\/\/i0.wp.com\/newmobility.news\/wp-content\/uploads\/2026\/09\/Scherm%C2%ADafbeelding-2026-09-04-om-10.02.39.png?resize=890%2C180&ssl=1",890,180,true],"unipress-smartphone":["https:\/\/i0.wp.com\/newmobility.news\/wp-content\/uploads\/2026\/09\/Scherm%C2%ADafbeelding-2026-09-04-om-10.02.39.png?resize=890%2C168&ssl=1",890,168,true],"unipress-wide-screen":["https:\/\/i0.wp.com\/newmobility.news\/wp-content\/uploads\/2026\/09\/Scherm%C2%ADafbeelding-2026-09-04-om-10.02.39.png?resize=890%2C180&ssl=1",890,180,true]},"post_excerpt_stackable_v2":"<p>According to the federal police, the latest Bob campaign conducted in Belgium during the summer has once again presented encouraging results, with &#8216;only&#8217; 1.36% of drivers testing positive for alcohol. When the first campaign was launched in 1995 \u2013 31 years ago \u2013 that figure was still 6.4%. The message is certainly getting through, then \u2013 though unfortunately not to everyone. More checks, fewer positive tests The good news is that more and more checks are being carried out year after year, while an ever-shrinking proportion of drivers test positive.\u00a0The number of drivers testing positive decreases during both the summer&hellip;<\/p>\n","category_list_v2":"<a href=\"https:\/\/newmobility.news\/fr\/category\/belgium\/\" rel=\"category tag\">Belgium<\/a>, <a href=\"https:\/\/newmobility.news\/fr\/category\/europe\/\" rel=\"category tag\">Europe<\/a>, <a href=\"https:\/\/newmobility.news\/fr\/category\/health\/\" rel=\"category tag\">Health<\/a>, <a href=\"https:\/\/newmobility.news\/fr\/category\/legislation\/\" rel=\"category tag\">Legislation<\/a>, <a href=\"https:\/\/newmobility.news\/fr\/category\/mobility\/\" rel=\"category tag\">Mobility<\/a>, <a href=\"https:\/\/newmobility.news\/fr\/category\/road-safety\/\" rel=\"category tag\">Road safety<\/a>, <a href=\"https:\/\/newmobility.news\/fr\/category\/top-stories-today\/\" rel=\"category tag\">Top Stories Today<\/a>","author_info_v2":{"name":"Hilde Van Raemdonck","url":"https:\/\/newmobility.news\/fr\/author\/hilde-van-raemdonck\/"},"comments_num_v2":"0 comments","yoast_head":"<!-- This site is optimized with the Yoast SEO plugin v28.4 - https:\/\/yoast.com\/product\/yoast-seo-wordpress\/ -->\n<title>Bob campaign sees drink-driving rate fall for fifth year running - newmobility.news<\/title>\n<meta name=\"robots\" content=\"index, follow, max-snippet:-1, max-image-preview:large, max-video-preview:-1\" \/>\n<link rel=\"canonical\" href=\"https:\/\/newmobility.news\/fr\/2026\/09\/04\/bob-campaign-sees-drink-driving-rate-fall-for-fifth-year-running\/\" \/>\n<meta property=\"og:locale\" content=\"fr_FR\" \/>\n<meta property=\"og:type\" content=\"article\" \/>\n<meta property=\"og:title\" content=\"Bob campaign sees drink-driving rate fall for fifth year running - newmobility.news\" \/>\n<meta property=\"og:description\" content=\"According to the federal police, the latest Bob campaign conducted in Belgium during the summer has once again presented encouraging results, with &#8216;only&#8217; 1.36% of drivers testing positive for alcohol. When the first campaign was launched in 1995 \u2013 31 years ago \u2013 that figure was still 6.4%. The message is certainly getting through, then [&hellip;]\" \/>\n<meta property=\"og:url\" content=\"https:\/\/newmobility.news\/fr\/2026\/09\/04\/bob-campaign-sees-drink-driving-rate-fall-for-fifth-year-running\/\" \/>\n<meta property=\"og:site_name\" content=\"newmobility.news\" \/>\n<meta property=\"article:publisher\" content=\"https:\/\/www.facebook.com\/search\/top\/?q=newmobility.news\" \/>\n<meta property=\"article:published_time\" content=\"2026-09-04T10:20:25+00:00\" \/>\n<meta property=\"og:image\" content=\"https:\/\/i0.wp.com\/newmobility.news\/wp-content\/uploads\/2026\/09\/Scherm%C2%ADafbeelding-2026-09-04-om-10.02.39.png?fit=890%2C589&ssl=1\" \/>\n\t<meta property=\"og:image:width\" content=\"890\" \/>\n\t<meta property=\"og:image:height\" content=\"589\" \/>\n\t<meta property=\"og:image:type\" content=\"image\/png\" \/>\n<meta name=\"author\" content=\"Hilde Van Raemdonck\" \/>\n<meta name=\"twitter:card\" content=\"summary_large_image\" \/>\n<meta name=\"twitter:creator\" content=\"@jorisvry\" \/>\n<meta name=\"twitter:site\" content=\"@jorisvry\" \/>\n<meta name=\"twitter:label1\" content=\"\u00c9crit par\" \/>\n\t<meta name=\"twitter:data1\" content=\"Hilde Van Raemdonck\" \/>\n\t<meta name=\"twitter:label2\" content=\"Dur\u00e9e de lecture est.\" \/>\n\t<meta name=\"twitter:data2\" content=\"3 minutes\" \/>\n<script type=\"application\/ld+json\" class=\"yoast-schema-graph\">{\"@context\":\"https:\\\/\\\/schema.org\",\"@graph\":[{\"@type\":\"Article\",\"@id\":\"https:\\\/\\\/newmobility.news\\\/2026\\\/09\\\/04\\\/bob-campaign-sees-drink-driving-rate-fall-for-fifth-year-running\\\/#article\",\"isPartOf\":{\"@id\":\"https:\\\/\\\/newmobility.news\\\/2026\\\/09\\\/04\\\/bob-campaign-sees-drink-driving-rate-fall-for-fifth-year-running\\\/\"},\"author\":{\"name\":\"Hilde Van Raemdonck\",\"@id\":\"https:\\\/\\\/newmobility.news\\\/#\\\/schema\\\/person\\\/7540fd72a981bf6a315ba1b874c2a464\"},\"headline\":\"Bob campaign sees drink-driving rate fall for fifth year running\",\"datePublished\":\"2026-09-04T10:20:25+00:00\",\"mainEntityOfPage\":{\"@id\":\"https:\\\/\\\/newmobility.news\\\/2026\\\/09\\\/04\\\/bob-campaign-sees-drink-driving-rate-fall-for-fifth-year-running\\\/\"},\"wordCount\":434,\"publisher\":{\"@id\":\"https:\\\/\\\/newmobility.news\\\/#organization\"},\"image\":{\"@id\":\"https:\\\/\\\/newmobility.news\\\/2026\\\/09\\\/04\\\/bob-campaign-sees-drink-driving-rate-fall-for-fifth-year-running\\\/#primaryimage\"},\"thumbnailUrl\":\"https:\\\/\\\/i0.wp.com\\\/newmobility.news\\\/wp-content\\\/uploads\\\/2026\\\/09\\\/Scherm%C2%ADafbeelding-2026-09-04-om-10.02.39.png?fit=890%2C589&ssl=1\",\"articleSection\":[\"Belgium\",\"Europe\",\"Health\",\"Legislation\",\"Mobility\",\"Road safety\",\"Top Stories Today\"],\"inLanguage\":\"fr-BE\"},{\"@type\":\"WebPage\",\"@id\":\"https:\\\/\\\/newmobility.news\\\/2026\\\/09\\\/04\\\/bob-campaign-sees-drink-driving-rate-fall-for-fifth-year-running\\\/\",\"url\":\"https:\\\/\\\/newmobility.news\\\/2026\\\/09\\\/04\\\/bob-campaign-sees-drink-driving-rate-fall-for-fifth-year-running\\\/\",\"name\":\"Bob campaign sees drink-driving rate fall for fifth year running - newmobility.news\",\"isPartOf\":{\"@id\":\"https:\\\/\\\/newmobility.news\\\/#website\"},\"primaryImageOfPage\":{\"@id\":\"https:\\\/\\\/newmobility.news\\\/2026\\\/09\\\/04\\\/bob-campaign-sees-drink-driving-rate-fall-for-fifth-year-running\\\/#primaryimage\"},\"image\":{\"@id\":\"https:\\\/\\\/newmobility.news\\\/2026\\\/09\\\/04\\\/bob-campaign-sees-drink-driving-rate-fall-for-fifth-year-running\\\/#primaryimage\"},\"thumbnailUrl\":\"https:\\\/\\\/i0.wp.com\\\/newmobility.news\\\/wp-content\\\/uploads\\\/2026\\\/09\\\/Scherm%C2%ADafbeelding-2026-09-04-om-10.02.39.png?fit=890%2C589&ssl=1\",\"datePublished\":\"2026-09-04T10:20:25+00:00\",\"breadcrumb\":{\"@id\":\"https:\\\/\\\/newmobility.news\\\/2026\\\/09\\\/04\\\/bob-campaign-sees-drink-driving-rate-fall-for-fifth-year-running\\\/#breadcrumb\"},\"inLanguage\":\"fr-BE\",\"potentialAction\":[{\"@type\":\"ReadAction\",\"target\":[\"https:\\\/\\\/newmobility.news\\\/2026\\\/09\\\/04\\\/bob-campaign-sees-drink-driving-rate-fall-for-fifth-year-running\\\/\"]}]},{\"@type\":\"ImageObject\",\"inLanguage\":\"fr-BE\",\"@id\":\"https:\\\/\\\/newmobility.news\\\/2026\\\/09\\\/04\\\/bob-campaign-sees-drink-driving-rate-fall-for-fifth-year-running\\\/#primaryimage\",\"url\":\"https:\\\/\\\/i0.wp.com\\\/newmobility.news\\\/wp-content\\\/uploads\\\/2026\\\/09\\\/Scherm%C2%ADafbeelding-2026-09-04-om-10.02.39.png?fit=890%2C589&ssl=1\",\"contentUrl\":\"https:\\\/\\\/i0.wp.com\\\/newmobility.news\\\/wp-content\\\/uploads\\\/2026\\\/09\\\/Scherm%C2%ADafbeelding-2026-09-04-om-10.02.39.png?fit=890%2C589&ssl=1\",\"width\":890,\"height\":589,\"caption\":\"Recent figures show that the majority of drivers have understood the BOB campaigns' message and are adjusting their behavior accordingly \u2013 a positive development \\\/Veilig verkeer\"},{\"@type\":\"BreadcrumbList\",\"@id\":\"https:\\\/\\\/newmobility.news\\\/2026\\\/09\\\/04\\\/bob-campaign-sees-drink-driving-rate-fall-for-fifth-year-running\\\/#breadcrumb\",\"itemListElement\":[{\"@type\":\"ListItem\",\"position\":1,\"name\":\"Home\",\"item\":\"https:\\\/\\\/newmobility.news\\\/\"},{\"@type\":\"ListItem\",\"position\":2,\"name\":\"Bob campaign sees drink-driving rate fall for fifth year running\"}]},{\"@type\":\"WebSite\",\"@id\":\"https:\\\/\\\/newmobility.news\\\/#website\",\"url\":\"https:\\\/\\\/newmobility.news\\\/\",\"name\":\"newmobility.news\",\"description\":\"A B2BNews Agency\u00ae news service for mobility business proessional\",\"publisher\":{\"@id\":\"https:\\\/\\\/newmobility.news\\\/#organization\"},\"potentialAction\":[{\"@type\":\"SearchAction\",\"target\":{\"@type\":\"EntryPoint\",\"urlTemplate\":\"https:\\\/\\\/newmobility.news\\\/?s={search_term_string}\"},\"query-input\":{\"@type\":\"PropertyValueSpecification\",\"valueRequired\":true,\"valueName\":\"search_term_string\"}}],\"inLanguage\":\"fr-BE\"},{\"@type\":\"Organization\",\"@id\":\"https:\\\/\\\/newmobility.news\\\/#organization\",\"name\":\"B2BNews Agency\",\"url\":\"https:\\\/\\\/newmobility.news\\\/\",\"logo\":{\"@type\":\"ImageObject\",\"inLanguage\":\"fr-BE\",\"@id\":\"https:\\\/\\\/newmobility.news\\\/#\\\/schema\\\/logo\\\/image\\\/\",\"url\":\"https:\\\/\\\/newmobility.news\\\/wp-content\\\/uploads\\\/2018\\\/01\\\/b2bnews-agency-logo.png\",\"contentUrl\":\"https:\\\/\\\/newmobility.news\\\/wp-content\\\/uploads\\\/2018\\\/01\\\/b2bnews-agency-logo.png\",\"width\":\"581\",\"height\":\"117\",\"caption\":\"B2BNews Agency\"},\"image\":{\"@id\":\"https:\\\/\\\/newmobility.news\\\/#\\\/schema\\\/logo\\\/image\\\/\"},\"sameAs\":[\"https:\\\/\\\/www.facebook.com\\\/search\\\/top\\\/?q=newmobility.news\",\"https:\\\/\\\/x.com\\\/jorisvry\",\"https:\\\/\\\/www.linkedin.com\\\/in\\\/jorisvanroy\\\/\",\"https:\\\/\\\/nl.pinterest.com\\\/jorisvanroy\\\/\"]},{\"@type\":\"Person\",\"@id\":\"https:\\\/\\\/newmobility.news\\\/#\\\/schema\\\/person\\\/7540fd72a981bf6a315ba1b874c2a464\",\"name\":\"Hilde Van Raemdonck\",\"image\":{\"@type\":\"ImageObject\",\"inLanguage\":\"fr-BE\",\"@id\":\"https:\\\/\\\/secure.gravatar.com\\\/avatar\\\/df873a81c6773757375a21da8c2465de0552095dede94d299763768ab1b36cef?s=96&d=mm&r=g\",\"url\":\"https:\\\/\\\/secure.gravatar.com\\\/avatar\\\/df873a81c6773757375a21da8c2465de0552095dede94d299763768ab1b36cef?s=96&d=mm&r=g\",\"contentUrl\":\"https:\\\/\\\/secure.gravatar.com\\\/avatar\\\/df873a81c6773757375a21da8c2465de0552095dede94d299763768ab1b36cef?s=96&d=mm&r=g\",\"caption\":\"Hilde Van Raemdonck\"},\"url\":\"https:\\\/\\\/newmobility.news\\\/fr\\\/author\\\/hilde-van-raemdonck\\\/\"}]}<\/script>\n<!-- \/ Yoast SEO plugin. -->","yoast_head_json":{"title":"La campagne \u00ab Bob \u00bb entra\u00eene une baisse du taux d'alcool\u00e9mie au volant pour la cinqui\u00e8me ann\u00e9e cons\u00e9cutive - newmobility.news","robots":{"index":"index","follow":"follow","max-snippet":"max-snippet:-1","max-image-preview":"max-image-preview:large","max-video-preview":"max-video-preview:-1"},"canonical":"https:\/\/newmobility.news\/fr\/2026\/09\/04\/bob-campaign-sees-drink-driving-rate-fall-for-fifth-year-running\/","og_locale":"fr_FR","og_type":"article","og_title":"Bob campaign sees drink-driving rate fall for fifth year running - newmobility.news","og_description":"According to the federal police, the latest Bob campaign conducted in Belgium during the summer has once again presented encouraging results, with &#8216;only&#8217; 1.36% of drivers testing positive for alcohol. When the first campaign was launched in 1995 \u2013 31 years ago \u2013 that figure was still 6.4%. The message is certainly getting through, then [&hellip;]","og_url":"https:\/\/newmobility.news\/fr\/2026\/09\/04\/bob-campaign-sees-drink-driving-rate-fall-for-fifth-year-running\/","og_site_name":"newmobility.news","article_publisher":"https:\/\/www.facebook.com\/search\/top\/?q=newmobility.news","article_published_time":"2026-09-04T10:20:25+00:00","og_image":[{"width":890,"height":589,"url":"https:\/\/i0.wp.com\/newmobility.news\/wp-content\/uploads\/2026\/09\/Scherm%C2%ADafbeelding-2026-09-04-om-10.02.39.png?fit=890%2C589&ssl=1","type":"image\/png"}],"author":"Hilde Van Raemdonck","twitter_card":"summary_large_image","twitter_creator":"@jorisvry","twitter_site":"@jorisvry","twitter_misc":{"\u00c9crit par":"Hilde Van Raemdonck","Dur\u00e9e de lecture est.":"3 minutes"},"schema":{"@context":"https:\/\/schema.org","@graph":[{"@type":"Article","@id":"https:\/\/newmobility.news\/2026\/09\/04\/bob-campaign-sees-drink-driving-rate-fall-for-fifth-year-running\/#article","isPartOf":{"@id":"https:\/\/newmobility.news\/2026\/09\/04\/bob-campaign-sees-drink-driving-rate-fall-for-fifth-year-running\/"},"author":{"name":"Hilde Van Raemdonck","@id":"https:\/\/newmobility.news\/#\/schema\/person\/7540fd72a981bf6a315ba1b874c2a464"},"headline":"Bob campaign sees drink-driving rate fall for fifth year running","datePublished":"2026-09-04T10:20:25+00:00","mainEntityOfPage":{"@id":"https:\/\/newmobility.news\/2026\/09\/04\/bob-campaign-sees-drink-driving-rate-fall-for-fifth-year-running\/"},"wordCount":434,"publisher":{"@id":"https:\/\/newmobility.news\/#organization"},"image":{"@id":"https:\/\/newmobility.news\/2026\/09\/04\/bob-campaign-sees-drink-driving-rate-fall-for-fifth-year-running\/#primaryimage"},"thumbnailUrl":"https:\/\/i0.wp.com\/newmobility.news\/wp-content\/uploads\/2026\/09\/Scherm%C2%ADafbeelding-2026-09-04-om-10.02.39.png?fit=890%2C589&ssl=1","articleSection":["Belgium","Europe","Health","Legislation","Mobility","Road safety","Top Stories Today"],"inLanguage":"fr-BE"},{"@type":"WebPage","@id":"https:\/\/newmobility.news\/2026\/09\/04\/bob-campaign-sees-drink-driving-rate-fall-for-fifth-year-running\/","url":"https:\/\/newmobility.news\/2026\/09\/04\/bob-campaign-sees-drink-driving-rate-fall-for-fifth-year-running\/","name":"La campagne \u00ab Bob \u00bb entra\u00eene une baisse du taux d'alcool\u00e9mie au volant pour la cinqui\u00e8me ann\u00e9e cons\u00e9cutive - newmobility.news","isPartOf":{"@id":"https:\/\/newmobility.news\/#website"},"primaryImageOfPage":{"@id":"https:\/\/newmobility.news\/2026\/09\/04\/bob-campaign-sees-drink-driving-rate-fall-for-fifth-year-running\/#primaryimage"},"image":{"@id":"https:\/\/newmobility.news\/2026\/09\/04\/bob-campaign-sees-drink-driving-rate-fall-for-fifth-year-running\/#primaryimage"},"thumbnailUrl":"https:\/\/i0.wp.com\/newmobility.news\/wp-content\/uploads\/2026\/09\/Scherm%C2%ADafbeelding-2026-09-04-om-10.02.39.png?fit=890%2C589&ssl=1","datePublished":"2026-09-04T10:20:25+00:00","breadcrumb":{"@id":"https:\/\/newmobility.news\/2026\/09\/04\/bob-campaign-sees-drink-driving-rate-fall-for-fifth-year-running\/#breadcrumb"},"inLanguage":"fr-BE","potentialAction":[{"@type":"ReadAction","target":["https:\/\/newmobility.news\/2026\/09\/04\/bob-campaign-sees-drink-driving-rate-fall-for-fifth-year-running\/"]}]},{"@type":"ImageObject","inLanguage":"fr-BE","@id":"https:\/\/newmobility.news\/2026\/09\/04\/bob-campaign-sees-drink-driving-rate-fall-for-fifth-year-running\/#primaryimage","url":"https:\/\/i0.wp.com\/newmobility.news\/wp-content\/uploads\/2026\/09\/Scherm%C2%ADafbeelding-2026-09-04-om-10.02.39.png?fit=890%2C589&ssl=1","contentUrl":"https:\/\/i0.wp.com\/newmobility.news\/wp-content\/uploads\/2026\/09\/Scherm%C2%ADafbeelding-2026-09-04-om-10.02.39.png?fit=890%2C589&ssl=1","width":890,"height":589,"caption":"Recent figures show that the majority of drivers have understood the BOB campaigns' message and are adjusting their behavior accordingly \u2013 a positive development \/Veilig verkeer"},{"@type":"BreadcrumbList","@id":"https:\/\/newmobility.news\/2026\/09\/04\/bob-campaign-sees-drink-driving-rate-fall-for-fifth-year-running\/#breadcrumb","itemListElement":[{"@type":"ListItem","position":1,"name":"Home","item":"https:\/\/newmobility.news\/"},{"@type":"ListItem","position":2,"name":"Bob campaign sees drink-driving rate fall for fifth year running"}]},{"@type":"WebSite","@id":"https:\/\/newmobility.news\/#website","url":"https:\/\/newmobility.news\/","name":"nouveaumobilit\u00e9.actualit\u00e9s","description":"Un service d'information B2BNews Agency\u00ae destin\u00e9 aux professionnels de la mobilit\u00e9","publisher":{"@id":"https:\/\/newmobility.news\/#organization"},"potentialAction":[{"@type":"SearchAction","target":{"@type":"EntryPoint","urlTemplate":"https:\/\/newmobility.news\/?s={search_term_string}"},"query-input":{"@type":"PropertyValueSpecification","valueRequired":true,"valueName":"search_term_string"}}],"inLanguage":"fr-BE"},{"@type":"Organization","@id":"https:\/\/newmobility.news\/#organization","name":"Agence de presse B2BNews","url":"https:\/\/newmobility.news\/","logo":{"@type":"ImageObject","inLanguage":"fr-BE","@id":"https:\/\/newmobility.news\/#\/schema\/logo\/image\/","url":"https:\/\/newmobility.news\/wp-content\/uploads\/2018\/01\/b2bnews-agency-logo.png","contentUrl":"https:\/\/newmobility.news\/wp-content\/uploads\/2018\/01\/b2bnews-agency-logo.png","width":"581","height":"117","caption":"B2BNews Agency"},"image":{"@id":"https:\/\/newmobility.news\/#\/schema\/logo\/image\/"},"sameAs":["https:\/\/www.facebook.com\/search\/top\/?q=newmobility.news","https:\/\/x.com\/jorisvry","https:\/\/www.linkedin.com\/in\/jorisvanroy\/","https:\/\/nl.pinterest.com\/jorisvanroy\/"]},{"@type":"Person","@id":"https:\/\/newmobility.news\/#\/schema\/person\/7540fd72a981bf6a315ba1b874c2a464","name":"Hilde Van Raemdonck","image":{"@type":"ImageObject","inLanguage":"fr-BE","@id":"https:\/\/secure.gravatar.com\/avatar\/df873a81c6773757375a21da8c2465de0552095dede94d299763768ab1b36cef?s=96&d=mm&r=g","url":"https:\/\/secure.gravatar.com\/avatar\/df873a81c6773757375a21da8c2465de0552095dede94d299763768ab1b36cef?s=96&d=mm&r=g","contentUrl":"https:\/\/secure.gravatar.com\/avatar\/df873a81c6773757375a21da8c2465de0552095dede94d299763768ab1b36cef?s=96&d=mm&r=g","caption":"Hilde Van Raemdonck"},"url":"https:\/\/newmobility.news\/fr\/author\/hilde-van-raemdonck\/"}]}},"jetpack_publicize_connections":[],"jetpack_shortlink":"https:\/\/wp.me\/p9wJdU-Ogt","jetpack_sharing_enabled":true,"jetpack_likes_enabled":true,"jetpack-related-posts":[],"jetpack_featured_media_url":"https:\/\/i0.wp.com\/newmobility.news\/wp-content\/uploads\/2026\/09\/Scherm%C2%ADafbeelding-2026-09-04-om-10.02.39.png?fit=890%2C589&ssl=1","_links":{"self":[{"href":"https:\/\/newmobility.news\/fr\/wp-json\/wp\/v2\/posts\/193221","targetHints":{"allow":["GET"]}}],"collection":[{"href":"https:\/\/newmobility.news\/fr\/wp-json\/wp\/v2\/posts"}],"about":[{"href":"https:\/\/newmobility.news\/fr\/wp-json\/wp\/v2\/types\/post"}],"author":[{"embeddable":true,"href":"https:\/\/newmobility.news\/fr\/wp-json\/wp\/v2\/users\/175"}],"replies":[{"embeddable":true,"href":"https:\/\/newmobility.news\/fr\/wp-json\/wp\/v2\/comments?post=193221"}],"version-history":[{"count":6,"href":"https:\/\/newmobility.news\/fr\/wp-json\/wp\/v2\/posts\/193221\/revisions"}],"predecessor-version":[{"id":193255,"href":"https:\/\/newmobility.news\/fr\/wp-json\/wp\/v2\/posts\/193221\/revisions\/193255"}],"wp:featuredmedia":[{"embeddable":true,"href":"https:\/\/newmobility.news\/fr\/wp-json\/wp\/v2\/media\/193233"}],"wp:attachment":[{"href":"https:\/\/newmobility.news\/fr\/wp-json\/wp\/v2\/media?parent=193221"}],"wp:term":[{"taxonomy":"category","embeddable":true,"href":"https:\/\/newmobility.news\/fr\/wp-json\/wp\/v2\/categories?post=193221"},{"taxonomy":"post_tag","embeddable":true,"href":"https:\/\/newmobility.news\/fr\/wp-json\/wp\/v2\/tags?post=193221"}],"curies":[{"name":"wp","href":"https:\/\/api.w.org\/{rel}","templated":true}]}}