{"id":193270,"date":"2026-09-04T12:25:29","date_gmt":"2026-09-04T10:25:29","guid":{"rendered":"https:\/\/newmobility.news\/?p=193270"},"modified":"2026-09-04T12:25:29","modified_gmt":"2026-09-04T10:25:29","slug":"vw-plans-another-50000-job-cuts-four-german-plants-at-risk","status":"publish","type":"post","link":"https:\/\/newmobility.news\/fr\/2026\/09\/04\/vw-plans-another-50000-job-cuts-four-german-plants-at-risk\/","title":{"rendered":"VW pr\u00e9voit 50 000 suppressions d'emplois suppl\u00e9mentaires ; quatre usines allemandes menac\u00e9es"},"content":{"rendered":"<p>Apr\u00e8s plusieurs mois d'impasse, le conseil de surveillance de Volkswagen est parvenu \u00e0 un accord unanime sur un plan de restructuration du groupe. Outre les 50 000 suppressions d'emplois d\u00e9j\u00e0 annonc\u00e9es, ce plan pr\u00e9voit la suppression progressive de 50 000 emplois suppl\u00e9mentaires, ainsi que la fermeture de quatre usines allemandes.<\/p>\n<p lang=\"nl-BE\"><span lang=\"en-US\">Avec <\/span><span lang=\"en-US\">l'accord sur <\/span><span lang=\"en-US\">Le PDG de VW, Oliver Blume, <\/span><span lang=\"en-US\">\u2018<a href=\"https:\/\/newmobility.news\/fr\/2026\/07\/27\/volkswagen-q2-profit-down-33-ceo-sounds-the-alarm-bell-again\/\">Projet d'avenir\u00a0<\/a>\u2019 2030 \u00bb, <\/span><span lang=\"en-US\">du groupe<\/span><span lang=\"en-US\"> conseil de surveillance <\/span><span lang=\"en-US\">pr\u00e9pare <\/span><span lang=\"en-US\">les<\/span><span lang=\"en-US\"> le plus<\/span><span lang=\"en-US\">\u00a0ag<\/span><span lang=\"en-US\">g<\/span><span lang=\"en-US\">une restructuration radicale au cours de ses 89 ans d'existence. <\/span><span lang=\"en-US\">Ces 50 000 suppressions d'emplois suppl\u00e9mentaires porteront le total \u00e0 100 000, ce qui repr\u00e9sente environ 15% de <\/span><span lang=\"en-US\">VW<\/span> <span lang=\"en-US\">G<\/span><span lang=\"en-US\">effectif total du groupe. La date et les modalit\u00e9s de ces licenciements font encore l'objet de discussions. <\/span><\/p>\n<p>Cet accord permet d'\u00e9viter un conflit ouvert entre l'entreprise et le personnel. Du moins pour l'instant. Les syndicats souhaitent que le groupe examine toutes les options et recueille les points de vue de l'ensemble des usines afin de sauver le plus d'emplois possible.<\/p>\n<h4>\u2018<b>\u2019 Utilisations alternatives \u00bb pour quatre usines allemandes<\/b><\/h4>\n<p lang=\"nl-BE\"><span lang=\"en-US\">La situation du groupe est critique, avec une baisse des b\u00e9n\u00e9fices li\u00e9e, entre autres, \u00e0 une surcapacit\u00e9, \u00e0 la concurrence acharn\u00e9e des marques chinoises en Europe et aux \u00c9tats-Unis, ainsi qu\u2019aux droits de douane am\u00e9ricains<\/span><span lang=\"en-US\">.<\/span> <a href=\"https:\/\/newmobility.news\/fr\/2026\/06\/19\/volkswagen-to-cut-50-000-jobs-blume-says-real-problem-is-relevance\/\"><span lang=\"en-US\">Oliver B<\/span><span lang=\"en-US\">volume<\/span><\/a> <span lang=\"en-US\">avait pr\u00e9c\u00e9demment r\u00e9sum\u00e9 la situation comme suit : <\/span><span lang=\"en-US\">\u201c<\/span><span lang=\"en-US\">a <\/span><span lang=\"en-US\">\u201d un mod\u00e8le \u00e9conomique qui ne fonctionne plus aujourd\u2019hui \u00bb. Le r\u00e9sultat est<\/span><span lang=\"en-US\"> une surcapacit\u00e9 de 500 000 en <\/span><span lang=\"en-US\">VW\u2019s<\/span><span lang=\"en-US\"> Usines europ\u00e9ennes.<\/span><\/p>\n<figure id=\"attachment_193272\" aria-describedby=\"caption-attachment-193272\" style=\"width: 1795px\" class=\"wp-caption alignnone\"><img data-recalc-dims=\"1\" loading=\"lazy\" decoding=\"async\" class=\"size-full wp-image-193272\" src=\"https:\/\/i0.wp.com\/newmobility.news\/wp-content\/uploads\/2026\/09\/DB2026FA00035_medium.jpg?resize=640%2C427&#038;ssl=1\" alt=\"\" width=\"640\" height=\"427\" srcset=\"https:\/\/i0.wp.com\/newmobility.news\/wp-content\/uploads\/2026\/09\/DB2026FA00035_medium.jpg?w=1795&amp;ssl=1 1795w, https:\/\/i0.wp.com\/newmobility.news\/wp-content\/uploads\/2026\/09\/DB2026FA00035_medium.jpg?w=1280&amp;ssl=1 1280w\" sizes=\"auto, (max-width: 640px) 100vw, 640px\" \/><figcaption id=\"caption-attachment-193272\" class=\"wp-caption-text\">Production de l'ID.3 Neo \u00e0 Zwickau \/ VW<\/figcaption><\/figure>\n<p>Le conseil de surveillance n'a pas annonc\u00e9 de fermeture \u00e0 proprement parler, mais indique qu'il ne peut garantir la poursuite de la production \u00e0 Emden, Zwickau, Hanovre et Neckarsulm (Audi) \u00e0 partir de 2031. Il a d\u00e9sormais d\u00e9cid\u00e9 d'\u00e9tudier d'autres utilisations possibles pour ces usines.<\/p>\n<h4><b>Priorit\u00e9 \u00e0 la rentabilit\u00e9<\/b><\/h4>\n<p>Afin de r\u00e9duire les co\u00fbts, le conseil d'administration pr\u00e9voit \u00e9galement de r\u00e9duire consid\u00e9rablement la gamme de mod\u00e8les des diff\u00e9rentes marques du groupe. Environ 50% de cette gamme dispara\u00eetront d'ici 2035, l'accent \u00e9tant davantage mis sur les mod\u00e8les rentables et \u00e0 fort volume. Cela signifie \u00e9galement que la complexit\u00e9 de la production sera r\u00e9duite de 75%.<\/p>\n<p>Des changements organisationnels sont \u00e9galement en cours, avec une structure de direction all\u00e9g\u00e9e afin de gagner en agilit\u00e9 et d'acc\u00e9l\u00e9rer la prise de d\u00e9cision. Le groupe pr\u00e9voit par ailleurs des investissements visant \u00e0 renforcer ses marques et \u00e0 am\u00e9liorer sa comp\u00e9titivit\u00e9 gr\u00e2ce \u00e0 des technologies de pointe. \u00c0 cette fin, 135 milliards d'euros seront consacr\u00e9s \u00e0 la recherche et au d\u00e9veloppement entre 2027 et 2031.<\/p>\n<p>L'objectif est de vendre 9 millions de v\u00e9hicules par an avec une marge d'exploitation de 9% d'ici 2030. Au premier semestre 2026, la marge d'exploitation du groupe est tomb\u00e9e \u00e0 3,8%.<\/p>\n<h4><b>Contexte politique<\/b><\/h4>\n<p>Cet accord permet d'\u00e9viter la tenue d'une assembl\u00e9e g\u00e9n\u00e9rale extraordinaire, qui aurait pu cr\u00e9er une situation explosive. Le soutien apport\u00e9 par la Basse-Saxe peut \u00eatre consid\u00e9r\u00e9 comme un moyen d'\u00e9viter cela. La r\u00e9gion d\u00e9tient 20% des actions du groupe VW et dispose d'un droit de veto. Cette annonce a \u00e9t\u00e9 faite quelques jours seulement avant les \u00e9lections r\u00e9gionales en Saxe-Anhalt, o\u00f9 le parti d'extr\u00eame droite AfD pourrait remporter de nombreux suffrages.<\/p>","protected":false},"excerpt":{"rendered":"<p>After a months-long deadlock, Volkswagen\u2019s supervisory board has reached a unanimous agreement on a restructuring plan for the group. On top of the previously announced 50.000 job cuts, the plan phases out an additional 50.000 jobs, and 4 German plants are set to close. With the agreement on VW CEO Oliver Blume\u2019s \u2018Future Plan\u00a02030 \u2019, [&hellip;]<\/p>\n","protected":false},"author":439,"featured_media":193271,"comment_status":"closed","ping_status":"closed","sticky":false,"template":"","format":"standard","meta":{"_acf_changed":false,"_jetpack_newsletter_access":"","_jetpack_dont_email_post_to_subs":false,"_jetpack_newsletter_tier_id":0,"_jetpack_memberships_contains_paywalled_content":false,"_jetpack_feature_clip_id":0,"_jetpack_memberships_contains_paid_content":false,"footnotes":"","jetpack_publicize_message":"{title}\r\n\r\n{excerpt}\r\n\r\n{url}","jetpack_publicize_feature_enabled":true,"jetpack_social_post_already_shared":true,"jetpack_social_options":{"image_generator_settings":{"template":"highway","default_image_id":0,"font":"","enabled":false},"version":2},"_wpas_customize_per_network":false,"jetpack_post_was_ever_published":false},"categories":[16,8],"tags":[],"class_list":["post-193270","post","type-post","status-publish","format-standard","has-post-thumbnail","hentry","category-industry","category-product"],"acf":[],"featured_image_urls_v2":{"full":["https:\/\/i0.wp.com\/newmobility.news\/wp-content\/uploads\/2026\/09\/DB2026FA00027_medium.jpg?fit=1795%2C1197&ssl=1",1795,1197,false],"thumbnail":["https:\/\/i0.wp.com\/newmobility.news\/wp-content\/uploads\/2026\/09\/DB2026FA00027_medium.jpg?resize=150%2C150&ssl=1",150,150,true],"medium":["https:\/\/i0.wp.com\/newmobility.news\/wp-content\/uploads\/2026\/09\/DB2026FA00027_medium.jpg?fit=300%2C200&ssl=1",300,200,true],"medium_large":["https:\/\/i0.wp.com\/newmobility.news\/wp-content\/uploads\/2026\/09\/DB2026FA00027_medium.jpg?fit=640%2C427&ssl=1",640,427,true],"large":["https:\/\/i0.wp.com\/newmobility.news\/wp-content\/uploads\/2026\/09\/DB2026FA00027_medium.jpg?fit=640%2C427&ssl=1",640,427,true],"1536x1536":["https:\/\/i0.wp.com\/newmobility.news\/wp-content\/uploads\/2026\/09\/DB2026FA00027_medium.jpg?fit=1536%2C1024&ssl=1",1536,1024,true],"2048x2048":["https:\/\/i0.wp.com\/newmobility.news\/wp-content\/uploads\/2026\/09\/DB2026FA00027_medium.jpg?fit=1795%2C1197&ssl=1",1795,1197,true],"trp-custom-language-flag":["https:\/\/i0.wp.com\/newmobility.news\/wp-content\/uploads\/2026\/09\/DB2026FA00027_medium.jpg?fit=18%2C12&ssl=1",18,12,true],"related-thumb":["https:\/\/i0.wp.com\/newmobility.news\/wp-content\/uploads\/2026\/09\/DB2026FA00027_medium.jpg?resize=640%2C480&ssl=1",640,480,true],"gform-image-choice-sm":["https:\/\/i0.wp.com\/newmobility.news\/wp-content\/uploads\/2026\/09\/DB2026FA00027_medium.jpg?resize=300%2C300&ssl=1",300,300,true],"gform-image-choice-md":["https:\/\/i0.wp.com\/newmobility.news\/wp-content\/uploads\/2026\/09\/DB2026FA00027_medium.jpg?resize=400%2C400&ssl=1",400,400,true],"gform-image-choice-lg":["https:\/\/i0.wp.com\/newmobility.news\/wp-content\/uploads\/2026\/09\/DB2026FA00027_medium.jpg?resize=600%2C600&ssl=1",600,600,true],"mailchimp":["https:\/\/i0.wp.com\/newmobility.news\/wp-content\/uploads\/2026\/09\/DB2026FA00027_medium.jpg?fit=560%2C373&ssl=1",560,373,true],"unipress-phone":["https:\/\/i0.wp.com\/newmobility.news\/wp-content\/uploads\/2026\/09\/DB2026FA00027_medium.jpg?resize=640%2C100&ssl=1",640,100,true],"unipress-tablet":["https:\/\/i0.wp.com\/newmobility.news\/wp-content\/uploads\/2026\/09\/DB2026FA00027_medium.jpg?resize=1536%2C240&ssl=1",1536,240,true],"unipress-tablet-portrait":["https:\/\/i0.wp.com\/newmobility.news\/wp-content\/uploads\/2026\/09\/DB2026FA00027_medium.jpg?resize=1536%2C180&ssl=1",1536,180,true],"unipress-tablet-landscape":["https:\/\/i0.wp.com\/newmobility.news\/wp-content\/uploads\/2026\/09\/DB2026FA00027_medium.jpg?resize=1795%2C180&ssl=1",1795,180,true],"unipress-smartphone":["https:\/\/i0.wp.com\/newmobility.news\/wp-content\/uploads\/2026\/09\/DB2026FA00027_medium.jpg?resize=1080%2C168&ssl=1",1080,168,true],"unipress-wide-screen":["https:\/\/i0.wp.com\/newmobility.news\/wp-content\/uploads\/2026\/09\/DB2026FA00027_medium.jpg?resize=1795%2C180&ssl=1",1795,180,true]},"post_excerpt_stackable_v2":"<p>After a months-long deadlock, Volkswagen\u2019s supervisory board has reached a unanimous agreement on a restructuring plan for the group. On top of the previously announced 50.000 job cuts, the plan phases out an additional 50.000 jobs, and 4 German plants are set to close. With the agreement on VW CEO Oliver Blume\u2019s \u2018Future Plan\u00a02030 \u2019, the group\u2019s supervisory board prepares the most\u00a0aggressive restructuring in its 89-year history. The additional 50.000 job cuts will bring the total to 100.000, accounting for about 15% of VW Group\u2019s total workforce. When and how these layoffs will be carried out remain points of discussion.&hellip;<\/p>\n","category_list_v2":"<a href=\"https:\/\/newmobility.news\/fr\/category\/industry\/\" rel=\"category tag\">Industry<\/a>, <a href=\"https:\/\/newmobility.news\/fr\/category\/product\/\" rel=\"category tag\">Product<\/a>","author_info_v2":{"name":"Arnaud Henckaerts","url":"https:\/\/newmobility.news\/fr\/author\/arnaud-henckaertsgmail-be\/"},"comments_num_v2":"0 comments","yoast_head":"<!-- This site is optimized with the Yoast SEO plugin v28.4 - https:\/\/yoast.com\/product\/yoast-seo-wordpress\/ -->\n<title>VW plans another 50,000 job cuts, four German plants at risk - newmobility.news<\/title>\n<meta name=\"robots\" content=\"index, follow, max-snippet:-1, max-image-preview:large, max-video-preview:-1\" \/>\n<link rel=\"canonical\" href=\"https:\/\/newmobility.news\/fr\/2026\/09\/04\/vw-plans-another-50000-job-cuts-four-german-plants-at-risk\/\" \/>\n<meta property=\"og:locale\" content=\"fr_FR\" \/>\n<meta property=\"og:type\" content=\"article\" \/>\n<meta property=\"og:title\" content=\"VW plans another 50,000 job cuts, four German plants at risk - newmobility.news\" \/>\n<meta property=\"og:description\" content=\"After a months-long deadlock, Volkswagen\u2019s supervisory board has reached a unanimous agreement on a restructuring plan for the group. On top of the previously announced 50.000 job cuts, the plan phases out an additional 50.000 jobs, and 4 German plants are set to close. With the agreement on VW CEO Oliver Blume\u2019s \u2018Future Plan\u00a02030 \u2019, [&hellip;]\" \/>\n<meta property=\"og:url\" content=\"https:\/\/newmobility.news\/fr\/2026\/09\/04\/vw-plans-another-50000-job-cuts-four-german-plants-at-risk\/\" \/>\n<meta property=\"og:site_name\" content=\"newmobility.news\" \/>\n<meta property=\"article:publisher\" content=\"https:\/\/www.facebook.com\/search\/top\/?q=newmobility.news\" \/>\n<meta property=\"article:published_time\" content=\"2026-09-04T10:25:29+00:00\" \/>\n<meta property=\"og:image\" content=\"https:\/\/newmobility.news\/wp-content\/uploads\/2026\/09\/DB2026FA00027_medium.jpg\" \/>\n\t<meta property=\"og:image:width\" content=\"1795\" \/>\n\t<meta property=\"og:image:height\" content=\"1197\" \/>\n\t<meta property=\"og:image:type\" content=\"image\/jpeg\" \/>\n<meta name=\"author\" content=\"Arnaud Henckaerts\" \/>\n<meta name=\"twitter:card\" content=\"summary_large_image\" \/>\n<meta name=\"twitter:creator\" content=\"@jorisvry\" \/>\n<meta name=\"twitter:site\" content=\"@jorisvry\" \/>\n<meta name=\"twitter:label1\" content=\"\u00c9crit par\" \/>\n\t<meta name=\"twitter:data1\" content=\"Arnaud Henckaerts\" \/>\n\t<meta name=\"twitter:label2\" content=\"Dur\u00e9e de lecture est.\" \/>\n\t<meta name=\"twitter:data2\" content=\"3 minutes\" \/>\n<script type=\"application\/ld+json\" class=\"yoast-schema-graph\">{\"@context\":\"https:\\\/\\\/schema.org\",\"@graph\":[{\"@type\":\"Article\",\"@id\":\"https:\\\/\\\/newmobility.news\\\/2026\\\/09\\\/04\\\/vw-plans-another-50000-job-cuts-four-german-plants-at-risk\\\/#article\",\"isPartOf\":{\"@id\":\"https:\\\/\\\/newmobility.news\\\/2026\\\/09\\\/04\\\/vw-plans-another-50000-job-cuts-four-german-plants-at-risk\\\/\"},\"author\":{\"name\":\"Arnaud Henckaerts\",\"@id\":\"https:\\\/\\\/newmobility.news\\\/#\\\/schema\\\/person\\\/5f9475a0c8f811875bf271136de823b6\"},\"headline\":\"VW plans another 50,000 job cuts, four German plants at risk\",\"datePublished\":\"2026-09-04T10:25:29+00:00\",\"mainEntityOfPage\":{\"@id\":\"https:\\\/\\\/newmobility.news\\\/2026\\\/09\\\/04\\\/vw-plans-another-50000-job-cuts-four-german-plants-at-risk\\\/\"},\"wordCount\":458,\"publisher\":{\"@id\":\"https:\\\/\\\/newmobility.news\\\/#organization\"},\"image\":{\"@id\":\"https:\\\/\\\/newmobility.news\\\/2026\\\/09\\\/04\\\/vw-plans-another-50000-job-cuts-four-german-plants-at-risk\\\/#primaryimage\"},\"thumbnailUrl\":\"https:\\\/\\\/i0.wp.com\\\/newmobility.news\\\/wp-content\\\/uploads\\\/2026\\\/09\\\/DB2026FA00027_medium.jpg?fit=1795%2C1197&ssl=1\",\"articleSection\":[\"Industry\",\"Product\"],\"inLanguage\":\"fr-BE\"},{\"@type\":\"WebPage\",\"@id\":\"https:\\\/\\\/newmobility.news\\\/2026\\\/09\\\/04\\\/vw-plans-another-50000-job-cuts-four-german-plants-at-risk\\\/\",\"url\":\"https:\\\/\\\/newmobility.news\\\/2026\\\/09\\\/04\\\/vw-plans-another-50000-job-cuts-four-german-plants-at-risk\\\/\",\"name\":\"VW plans another 50,000 job cuts, four German plants at risk - newmobility.news\",\"isPartOf\":{\"@id\":\"https:\\\/\\\/newmobility.news\\\/#website\"},\"primaryImageOfPage\":{\"@id\":\"https:\\\/\\\/newmobility.news\\\/2026\\\/09\\\/04\\\/vw-plans-another-50000-job-cuts-four-german-plants-at-risk\\\/#primaryimage\"},\"image\":{\"@id\":\"https:\\\/\\\/newmobility.news\\\/2026\\\/09\\\/04\\\/vw-plans-another-50000-job-cuts-four-german-plants-at-risk\\\/#primaryimage\"},\"thumbnailUrl\":\"https:\\\/\\\/i0.wp.com\\\/newmobility.news\\\/wp-content\\\/uploads\\\/2026\\\/09\\\/DB2026FA00027_medium.jpg?fit=1795%2C1197&ssl=1\",\"datePublished\":\"2026-09-04T10:25:29+00:00\",\"breadcrumb\":{\"@id\":\"https:\\\/\\\/newmobility.news\\\/2026\\\/09\\\/04\\\/vw-plans-another-50000-job-cuts-four-german-plants-at-risk\\\/#breadcrumb\"},\"inLanguage\":\"fr-BE\",\"potentialAction\":[{\"@type\":\"ReadAction\",\"target\":[\"https:\\\/\\\/newmobility.news\\\/2026\\\/09\\\/04\\\/vw-plans-another-50000-job-cuts-four-german-plants-at-risk\\\/\"]}]},{\"@type\":\"ImageObject\",\"inLanguage\":\"fr-BE\",\"@id\":\"https:\\\/\\\/newmobility.news\\\/2026\\\/09\\\/04\\\/vw-plans-another-50000-job-cuts-four-german-plants-at-risk\\\/#primaryimage\",\"url\":\"https:\\\/\\\/i0.wp.com\\\/newmobility.news\\\/wp-content\\\/uploads\\\/2026\\\/09\\\/DB2026FA00027_medium.jpg?fit=1795%2C1197&ssl=1\",\"contentUrl\":\"https:\\\/\\\/i0.wp.com\\\/newmobility.news\\\/wp-content\\\/uploads\\\/2026\\\/09\\\/DB2026FA00027_medium.jpg?fit=1795%2C1197&ssl=1\",\"width\":1795,\"height\":1197,\"caption\":\"Production of the ID.3 Neo in Zwickau.\"},{\"@type\":\"BreadcrumbList\",\"@id\":\"https:\\\/\\\/newmobility.news\\\/2026\\\/09\\\/04\\\/vw-plans-another-50000-job-cuts-four-german-plants-at-risk\\\/#breadcrumb\",\"itemListElement\":[{\"@type\":\"ListItem\",\"position\":1,\"name\":\"Home\",\"item\":\"https:\\\/\\\/newmobility.news\\\/\"},{\"@type\":\"ListItem\",\"position\":2,\"name\":\"VW plans another 50,000 job cuts, four German plants at risk\"}]},{\"@type\":\"WebSite\",\"@id\":\"https:\\\/\\\/newmobility.news\\\/#website\",\"url\":\"https:\\\/\\\/newmobility.news\\\/\",\"name\":\"newmobility.news\",\"description\":\"A B2BNews Agency\u00ae news service for mobility business proessional\",\"publisher\":{\"@id\":\"https:\\\/\\\/newmobility.news\\\/#organization\"},\"potentialAction\":[{\"@type\":\"SearchAction\",\"target\":{\"@type\":\"EntryPoint\",\"urlTemplate\":\"https:\\\/\\\/newmobility.news\\\/?s={search_term_string}\"},\"query-input\":{\"@type\":\"PropertyValueSpecification\",\"valueRequired\":true,\"valueName\":\"search_term_string\"}}],\"inLanguage\":\"fr-BE\"},{\"@type\":\"Organization\",\"@id\":\"https:\\\/\\\/newmobility.news\\\/#organization\",\"name\":\"B2BNews Agency\",\"url\":\"https:\\\/\\\/newmobility.news\\\/\",\"logo\":{\"@type\":\"ImageObject\",\"inLanguage\":\"fr-BE\",\"@id\":\"https:\\\/\\\/newmobility.news\\\/#\\\/schema\\\/logo\\\/image\\\/\",\"url\":\"https:\\\/\\\/newmobility.news\\\/wp-content\\\/uploads\\\/2018\\\/01\\\/b2bnews-agency-logo.png\",\"contentUrl\":\"https:\\\/\\\/newmobility.news\\\/wp-content\\\/uploads\\\/2018\\\/01\\\/b2bnews-agency-logo.png\",\"width\":\"581\",\"height\":\"117\",\"caption\":\"B2BNews Agency\"},\"image\":{\"@id\":\"https:\\\/\\\/newmobility.news\\\/#\\\/schema\\\/logo\\\/image\\\/\"},\"sameAs\":[\"https:\\\/\\\/www.facebook.com\\\/search\\\/top\\\/?q=newmobility.news\",\"https:\\\/\\\/x.com\\\/jorisvry\",\"https:\\\/\\\/www.linkedin.com\\\/in\\\/jorisvanroy\\\/\",\"https:\\\/\\\/nl.pinterest.com\\\/jorisvanroy\\\/\"]},{\"@type\":\"Person\",\"@id\":\"https:\\\/\\\/newmobility.news\\\/#\\\/schema\\\/person\\\/5f9475a0c8f811875bf271136de823b6\",\"name\":\"Arnaud Henckaerts\",\"image\":{\"@type\":\"ImageObject\",\"inLanguage\":\"fr-BE\",\"@id\":\"https:\\\/\\\/secure.gravatar.com\\\/avatar\\\/b1dfec22af8b8aee8d5432c234c17ec4c71f8456691d0669f55c690a4dd8fb92?s=96&d=mm&r=g\",\"url\":\"https:\\\/\\\/secure.gravatar.com\\\/avatar\\\/b1dfec22af8b8aee8d5432c234c17ec4c71f8456691d0669f55c690a4dd8fb92?s=96&d=mm&r=g\",\"contentUrl\":\"https:\\\/\\\/secure.gravatar.com\\\/avatar\\\/b1dfec22af8b8aee8d5432c234c17ec4c71f8456691d0669f55c690a4dd8fb92?s=96&d=mm&r=g\",\"caption\":\"Arnaud Henckaerts\"},\"url\":\"https:\\\/\\\/newmobility.news\\\/fr\\\/author\\\/arnaud-henckaertsgmail-be\\\/\"}]}<\/script>\n<!-- \/ Yoast SEO plugin. -->","yoast_head_json":{"title":"VW pr\u00e9voit 50 000 suppressions d'emplois suppl\u00e9mentaires : quatre usines allemandes menac\u00e9es - newmobility.news","robots":{"index":"index","follow":"follow","max-snippet":"max-snippet:-1","max-image-preview":"max-image-preview:large","max-video-preview":"max-video-preview:-1"},"canonical":"https:\/\/newmobility.news\/fr\/2026\/09\/04\/vw-plans-another-50000-job-cuts-four-german-plants-at-risk\/","og_locale":"fr_FR","og_type":"article","og_title":"VW plans another 50,000 job cuts, four German plants at risk - newmobility.news","og_description":"After a months-long deadlock, Volkswagen\u2019s supervisory board has reached a unanimous agreement on a restructuring plan for the group. On top of the previously announced 50.000 job cuts, the plan phases out an additional 50.000 jobs, and 4 German plants are set to close. With the agreement on VW CEO Oliver Blume\u2019s \u2018Future Plan\u00a02030 \u2019, [&hellip;]","og_url":"https:\/\/newmobility.news\/fr\/2026\/09\/04\/vw-plans-another-50000-job-cuts-four-german-plants-at-risk\/","og_site_name":"newmobility.news","article_publisher":"https:\/\/www.facebook.com\/search\/top\/?q=newmobility.news","article_published_time":"2026-09-04T10:25:29+00:00","og_image":[{"width":1795,"height":1197,"url":"https:\/\/newmobility.news\/wp-content\/uploads\/2026\/09\/DB2026FA00027_medium.jpg","type":"image\/jpeg"}],"author":"Arnaud Henckaerts","twitter_card":"summary_large_image","twitter_creator":"@jorisvry","twitter_site":"@jorisvry","twitter_misc":{"\u00c9crit par":"Arnaud Henckaerts","Dur\u00e9e de lecture est.":"3 minutes"},"schema":{"@context":"https:\/\/schema.org","@graph":[{"@type":"Article","@id":"https:\/\/newmobility.news\/2026\/09\/04\/vw-plans-another-50000-job-cuts-four-german-plants-at-risk\/#article","isPartOf":{"@id":"https:\/\/newmobility.news\/2026\/09\/04\/vw-plans-another-50000-job-cuts-four-german-plants-at-risk\/"},"author":{"name":"Arnaud Henckaerts","@id":"https:\/\/newmobility.news\/#\/schema\/person\/5f9475a0c8f811875bf271136de823b6"},"headline":"VW plans another 50,000 job cuts, four German plants at risk","datePublished":"2026-09-04T10:25:29+00:00","mainEntityOfPage":{"@id":"https:\/\/newmobility.news\/2026\/09\/04\/vw-plans-another-50000-job-cuts-four-german-plants-at-risk\/"},"wordCount":458,"publisher":{"@id":"https:\/\/newmobility.news\/#organization"},"image":{"@id":"https:\/\/newmobility.news\/2026\/09\/04\/vw-plans-another-50000-job-cuts-four-german-plants-at-risk\/#primaryimage"},"thumbnailUrl":"https:\/\/i0.wp.com\/newmobility.news\/wp-content\/uploads\/2026\/09\/DB2026FA00027_medium.jpg?fit=1795%2C1197&ssl=1","articleSection":["Industry","Product"],"inLanguage":"fr-BE"},{"@type":"WebPage","@id":"https:\/\/newmobility.news\/2026\/09\/04\/vw-plans-another-50000-job-cuts-four-german-plants-at-risk\/","url":"https:\/\/newmobility.news\/2026\/09\/04\/vw-plans-another-50000-job-cuts-four-german-plants-at-risk\/","name":"VW pr\u00e9voit 50 000 suppressions d'emplois suppl\u00e9mentaires : quatre usines allemandes menac\u00e9es - newmobility.news","isPartOf":{"@id":"https:\/\/newmobility.news\/#website"},"primaryImageOfPage":{"@id":"https:\/\/newmobility.news\/2026\/09\/04\/vw-plans-another-50000-job-cuts-four-german-plants-at-risk\/#primaryimage"},"image":{"@id":"https:\/\/newmobility.news\/2026\/09\/04\/vw-plans-another-50000-job-cuts-four-german-plants-at-risk\/#primaryimage"},"thumbnailUrl":"https:\/\/i0.wp.com\/newmobility.news\/wp-content\/uploads\/2026\/09\/DB2026FA00027_medium.jpg?fit=1795%2C1197&ssl=1","datePublished":"2026-09-04T10:25:29+00:00","breadcrumb":{"@id":"https:\/\/newmobility.news\/2026\/09\/04\/vw-plans-another-50000-job-cuts-four-german-plants-at-risk\/#breadcrumb"},"inLanguage":"fr-BE","potentialAction":[{"@type":"ReadAction","target":["https:\/\/newmobility.news\/2026\/09\/04\/vw-plans-another-50000-job-cuts-four-german-plants-at-risk\/"]}]},{"@type":"ImageObject","inLanguage":"fr-BE","@id":"https:\/\/newmobility.news\/2026\/09\/04\/vw-plans-another-50000-job-cuts-four-german-plants-at-risk\/#primaryimage","url":"https:\/\/i0.wp.com\/newmobility.news\/wp-content\/uploads\/2026\/09\/DB2026FA00027_medium.jpg?fit=1795%2C1197&ssl=1","contentUrl":"https:\/\/i0.wp.com\/newmobility.news\/wp-content\/uploads\/2026\/09\/DB2026FA00027_medium.jpg?fit=1795%2C1197&ssl=1","width":1795,"height":1197,"caption":"Production of the ID.3 Neo in Zwickau."},{"@type":"BreadcrumbList","@id":"https:\/\/newmobility.news\/2026\/09\/04\/vw-plans-another-50000-job-cuts-four-german-plants-at-risk\/#breadcrumb","itemListElement":[{"@type":"ListItem","position":1,"name":"Home","item":"https:\/\/newmobility.news\/"},{"@type":"ListItem","position":2,"name":"VW plans another 50,000 job cuts, four German plants at risk"}]},{"@type":"WebSite","@id":"https:\/\/newmobility.news\/#website","url":"https:\/\/newmobility.news\/","name":"nouveaumobilit\u00e9.actualit\u00e9s","description":"Un service d'information B2BNews Agency\u00ae destin\u00e9 aux professionnels de la mobilit\u00e9","publisher":{"@id":"https:\/\/newmobility.news\/#organization"},"potentialAction":[{"@type":"SearchAction","target":{"@type":"EntryPoint","urlTemplate":"https:\/\/newmobility.news\/?s={search_term_string}"},"query-input":{"@type":"PropertyValueSpecification","valueRequired":true,"valueName":"search_term_string"}}],"inLanguage":"fr-BE"},{"@type":"Organization","@id":"https:\/\/newmobility.news\/#organization","name":"Agence de presse B2BNews","url":"https:\/\/newmobility.news\/","logo":{"@type":"ImageObject","inLanguage":"fr-BE","@id":"https:\/\/newmobility.news\/#\/schema\/logo\/image\/","url":"https:\/\/newmobility.news\/wp-content\/uploads\/2018\/01\/b2bnews-agency-logo.png","contentUrl":"https:\/\/newmobility.news\/wp-content\/uploads\/2018\/01\/b2bnews-agency-logo.png","width":"581","height":"117","caption":"B2BNews Agency"},"image":{"@id":"https:\/\/newmobility.news\/#\/schema\/logo\/image\/"},"sameAs":["https:\/\/www.facebook.com\/search\/top\/?q=newmobility.news","https:\/\/x.com\/jorisvry","https:\/\/www.linkedin.com\/in\/jorisvanroy\/","https:\/\/nl.pinterest.com\/jorisvanroy\/"]},{"@type":"Person","@id":"https:\/\/newmobility.news\/#\/schema\/person\/5f9475a0c8f811875bf271136de823b6","name":"Arnaud Henckaerts","image":{"@type":"ImageObject","inLanguage":"fr-BE","@id":"https:\/\/secure.gravatar.com\/avatar\/b1dfec22af8b8aee8d5432c234c17ec4c71f8456691d0669f55c690a4dd8fb92?s=96&d=mm&r=g","url":"https:\/\/secure.gravatar.com\/avatar\/b1dfec22af8b8aee8d5432c234c17ec4c71f8456691d0669f55c690a4dd8fb92?s=96&d=mm&r=g","contentUrl":"https:\/\/secure.gravatar.com\/avatar\/b1dfec22af8b8aee8d5432c234c17ec4c71f8456691d0669f55c690a4dd8fb92?s=96&d=mm&r=g","caption":"Arnaud Henckaerts"},"url":"https:\/\/newmobility.news\/fr\/author\/arnaud-henckaertsgmail-be\/"}]}},"jetpack_publicize_connections":[],"jetpack_shortlink":"https:\/\/wp.me\/p9wJdU-Ohg","jetpack_sharing_enabled":true,"jetpack_likes_enabled":true,"jetpack-related-posts":[],"jetpack_featured_media_url":"https:\/\/i0.wp.com\/newmobility.news\/wp-content\/uploads\/2026\/09\/DB2026FA00027_medium.jpg?fit=1795%2C1197&ssl=1","_links":{"self":[{"href":"https:\/\/newmobility.news\/fr\/wp-json\/wp\/v2\/posts\/193270","targetHints":{"allow":["GET"]}}],"collection":[{"href":"https:\/\/newmobility.news\/fr\/wp-json\/wp\/v2\/posts"}],"about":[{"href":"https:\/\/newmobility.news\/fr\/wp-json\/wp\/v2\/types\/post"}],"author":[{"embeddable":true,"href":"https:\/\/newmobility.news\/fr\/wp-json\/wp\/v2\/users\/439"}],"replies":[{"embeddable":true,"href":"https:\/\/newmobility.news\/fr\/wp-json\/wp\/v2\/comments?post=193270"}],"version-history":[{"count":6,"href":"https:\/\/newmobility.news\/fr\/wp-json\/wp\/v2\/posts\/193270\/revisions"}],"predecessor-version":[{"id":193281,"href":"https:\/\/newmobility.news\/fr\/wp-json\/wp\/v2\/posts\/193270\/revisions\/193281"}],"wp:featuredmedia":[{"embeddable":true,"href":"https:\/\/newmobility.news\/fr\/wp-json\/wp\/v2\/media\/193271"}],"wp:attachment":[{"href":"https:\/\/newmobility.news\/fr\/wp-json\/wp\/v2\/media?parent=193270"}],"wp:term":[{"taxonomy":"category","embeddable":true,"href":"https:\/\/newmobility.news\/fr\/wp-json\/wp\/v2\/categories?post=193270"},{"taxonomy":"post_tag","embeddable":true,"href":"https:\/\/newmobility.news\/fr\/wp-json\/wp\/v2\/tags?post=193270"}],"curies":[{"name":"wp","href":"https:\/\/api.w.org\/{rel}","templated":true}]}}