{"id":161488,"date":"2025-01-08T12:00:42","date_gmt":"2025-01-08T11:00:42","guid":{"rendered":"https:\/\/newmobility.news\/?p=161488"},"modified":"2025-01-11T14:51:42","modified_gmt":"2025-01-11T13:51:42","slug":"skoda-launches-new-enyaq-evs-with-up-to-590-km-range","status":"publish","type":"post","link":"https:\/\/newmobility.news\/nl\/2025\/01\/08\/skoda-launches-new-enyaq-evs-with-up-to-590-km-range\/","title":{"rendered":"\u0160koda lanceert nieuwe Enyaq EV's met een actieradius tot 590 km"},"content":{"rendered":"Het Tsjechische \u0160koda Auto, dochteronderneming van Volkswagen en een van de eerste die de geavanceerde EV-strategie van de groep volgt, introduceert de nieuwe Enyaq-familie, die het \"een van Europa's meest succesvolle volledig elektrische modelseries\" noemt. Zowel de \u0160koda Enyaq als de \u0160koda Enyaq Coup\u00e9 zijn nu voorzien van het merk n<div class=\"leaky_paywall_message_wrap\"><div id=\"leaky_paywall_message\">Deze inhoud is gearchiveerd. <a href=\"https:\/\/newmobility.news\/nl\/subscription\/\">Inloggen of abonneren<\/a> tot een niveau dat toegang heeft tot gearchiveerde inhoud.<\/div><\/div>","protected":false},"excerpt":{"rendered":"<p>Czech \u0160koda Auto, Volkswagen&#8217;s daughter and one of the first to follow the group&#8217;s advanced EV strategy is introducing the new Enyaq family, what it calls &#8220;one of Europe\u2019s most successful all-electric model series.&#8221; Both the \u0160koda Enyaq and the \u0160koda Enyaq Coup\u00e9 now feature the brand\u2019s nThis content has been archived. Log in or [&hellip;]<\/p>\n","protected":false},"author":21,"featured_media":161526,"comment_status":"open","ping_status":"closed","sticky":false,"template":"","format":"standard","meta":{"_acf_changed":false,"jetpack_post_was_ever_published":false,"_jetpack_newsletter_access":"","_jetpack_dont_email_post_to_subs":false,"_jetpack_newsletter_tier_id":0,"_jetpack_memberships_contains_paywalled_content":false,"_jetpack_memberships_contains_paid_content":false,"footnotes":"","jetpack_publicize_message":"","jetpack_publicize_feature_enabled":true,"jetpack_social_post_already_shared":true,"jetpack_social_options":{"image_generator_settings":{"template":"highway","default_image_id":0,"font":"","enabled":false},"version":2},"_wpas_customize_per_network":false},"categories":[8,6,4,17],"tags":[],"class_list":["post-161488","post","type-post","status-publish","format-standard","has-post-thumbnail","hentry","category-product","category-technology","category-top-stories-today","category-weekly-newsletter"],"acf":[],"featured_image_urls_v2":{"full":["https:\/\/i0.wp.com\/newmobility.news\/wp-content\/uploads\/2025\/01\/Scherm%C2%ADafbeelding-2025-01-08-om-11.59.44.png?fit=1080%2C678&ssl=1",1080,678,false],"thumbnail":["https:\/\/i0.wp.com\/newmobility.news\/wp-content\/uploads\/2025\/01\/Scherm%C2%ADafbeelding-2025-01-08-om-11.59.44.png?resize=150%2C150&ssl=1",150,150,true],"medium":["https:\/\/i0.wp.com\/newmobility.news\/wp-content\/uploads\/2025\/01\/Scherm%C2%ADafbeelding-2025-01-08-om-11.59.44.png?fit=300%2C188&ssl=1",300,188,true],"medium_large":["https:\/\/i0.wp.com\/newmobility.news\/wp-content\/uploads\/2025\/01\/Scherm%C2%ADafbeelding-2025-01-08-om-11.59.44.png?fit=640%2C402&ssl=1",640,402,true],"large":["https:\/\/i0.wp.com\/newmobility.news\/wp-content\/uploads\/2025\/01\/Scherm%C2%ADafbeelding-2025-01-08-om-11.59.44.png?fit=640%2C402&ssl=1",640,402,true],"1536x1536":["https:\/\/i0.wp.com\/newmobility.news\/wp-content\/uploads\/2025\/01\/Scherm%C2%ADafbeelding-2025-01-08-om-11.59.44.png?fit=1080%2C678&ssl=1",1080,678,true],"2048x2048":["https:\/\/i0.wp.com\/newmobility.news\/wp-content\/uploads\/2025\/01\/Scherm%C2%ADafbeelding-2025-01-08-om-11.59.44.png?fit=1080%2C678&ssl=1",1080,678,true],"trp-custom-language-flag":["https:\/\/i0.wp.com\/newmobility.news\/wp-content\/uploads\/2025\/01\/Scherm%C2%ADafbeelding-2025-01-08-om-11.59.44.png?fit=18%2C12&ssl=1",18,12,true],"related-thumb":["https:\/\/i0.wp.com\/newmobility.news\/wp-content\/uploads\/2025\/01\/Scherm%C2%ADafbeelding-2025-01-08-om-11.59.44.png?resize=640%2C480&ssl=1",640,480,true],"gform-image-choice-sm":["https:\/\/i0.wp.com\/newmobility.news\/wp-content\/uploads\/2025\/01\/Scherm%C2%ADafbeelding-2025-01-08-om-11.59.44.png?resize=300%2C300&ssl=1",300,300,true],"gform-image-choice-md":["https:\/\/i0.wp.com\/newmobility.news\/wp-content\/uploads\/2025\/01\/Scherm%C2%ADafbeelding-2025-01-08-om-11.59.44.png?resize=400%2C400&ssl=1",400,400,true],"gform-image-choice-lg":["https:\/\/i0.wp.com\/newmobility.news\/wp-content\/uploads\/2025\/01\/Scherm%C2%ADafbeelding-2025-01-08-om-11.59.44.png?resize=600%2C600&ssl=1",600,600,true],"mailchimp":["https:\/\/i0.wp.com\/newmobility.news\/wp-content\/uploads\/2025\/01\/Scherm%C2%ADafbeelding-2025-01-08-om-11.59.44.png?fit=560%2C352&ssl=1",560,352,true],"unipress-phone":["https:\/\/i0.wp.com\/newmobility.news\/wp-content\/uploads\/2025\/01\/Scherm%C2%ADafbeelding-2025-01-08-om-11.59.44.png?resize=640%2C100&ssl=1",640,100,true],"unipress-tablet":["https:\/\/i0.wp.com\/newmobility.news\/wp-content\/uploads\/2025\/01\/Scherm%C2%ADafbeelding-2025-01-08-om-11.59.44.png?resize=1080%2C240&ssl=1",1080,240,true],"unipress-tablet-portrait":["https:\/\/i0.wp.com\/newmobility.news\/wp-content\/uploads\/2025\/01\/Scherm%C2%ADafbeelding-2025-01-08-om-11.59.44.png?resize=1080%2C180&ssl=1",1080,180,true],"unipress-tablet-landscape":["https:\/\/i0.wp.com\/newmobility.news\/wp-content\/uploads\/2025\/01\/Scherm%C2%ADafbeelding-2025-01-08-om-11.59.44.png?resize=1080%2C180&ssl=1",1080,180,true],"unipress-smartphone":["https:\/\/i0.wp.com\/newmobility.news\/wp-content\/uploads\/2025\/01\/Scherm%C2%ADafbeelding-2025-01-08-om-11.59.44.png?resize=1080%2C168&ssl=1",1080,168,true],"unipress-wide-screen":["https:\/\/i0.wp.com\/newmobility.news\/wp-content\/uploads\/2025\/01\/Scherm%C2%ADafbeelding-2025-01-08-om-11.59.44.png?resize=1080%2C180&ssl=1",1080,180,true]},"post_excerpt_stackable_v2":"<p>Czech \u0160koda Auto, Volkswagen&#8217;s daughter and one of the first to follow the group&#8217;s advanced EV strategy is introducing the new Enyaq family, what it calls &#8220;one of Europe\u2019s most successful all-electric model series.&#8221; Both the \u0160koda Enyaq and the \u0160koda Enyaq Coup\u00e9 now feature the brand\u2019s nThis content has been archived. Log in or Subscribe to a level that has access to archived content.<\/p>\n","category_list_v2":"<a href=\"https:\/\/newmobility.news\/nl\/category\/product\/\" rel=\"category tag\">Product<\/a>, <a href=\"https:\/\/newmobility.news\/nl\/category\/technology\/\" rel=\"category tag\">Technology<\/a>, <a href=\"https:\/\/newmobility.news\/nl\/category\/top-stories-today\/\" rel=\"category tag\">Top Stories Today<\/a>, <a href=\"https:\/\/newmobility.news\/nl\/category\/weekly-newsletter\/\" rel=\"category tag\">Weekly Newsletter<\/a>","author_info_v2":{"name":"Joris Van Roy","url":"https:\/\/newmobility.news\/nl\/author\/jorisximcom-be\/"},"comments_num_v2":"0 comments","yoast_head":"<!-- This site is optimized with the Yoast SEO plugin v27.5 - https:\/\/yoast.com\/product\/yoast-seo-wordpress\/ -->\n<title>\u0160koda launches new Enyaq EVs with up to 590 km range - newmobility.news<\/title>\n<meta name=\"robots\" content=\"index, follow, max-snippet:-1, max-image-preview:large, max-video-preview:-1\" \/>\n<link rel=\"canonical\" href=\"https:\/\/newmobility.news\/nl\/2025\/01\/08\/skoda-launches-new-enyaq-evs-with-up-to-590-km-range\/\" \/>\n<meta property=\"og:locale\" content=\"nl_BE\" \/>\n<meta property=\"og:type\" content=\"article\" \/>\n<meta property=\"og:title\" content=\"\u0160koda launches new Enyaq EVs with up to 590 km range - newmobility.news\" \/>\n<meta property=\"og:description\" content=\"Czech \u0160koda Auto, Volkswagen&#039;s daughter and one of the first to follow the group&#039;s advanced EV strategy is introducing the new Enyaq family, what it calls &quot;one of Europe\u2019s most successful all-electric model series.&quot; Both the \u0160koda Enyaq and the \u0160koda Enyaq Coup\u00e9 now feature the brand\u2019s nThis content has been archived. Log in or [&hellip;]\" \/>\n<meta property=\"og:url\" content=\"https:\/\/newmobility.news\/nl\/2025\/01\/08\/skoda-launches-new-enyaq-evs-with-up-to-590-km-range\/\" \/>\n<meta property=\"og:site_name\" content=\"newmobility.news\" \/>\n<meta property=\"article:publisher\" content=\"https:\/\/www.facebook.com\/search\/top\/?q=newmobility.news\" \/>\n<meta property=\"article:published_time\" content=\"2025-01-08T11:00:42+00:00\" \/>\n<meta property=\"article:modified_time\" content=\"2025-01-11T13:51:42+00:00\" \/>\n<meta property=\"og:image\" content=\"https:\/\/newmobility.news\/wp-content\/uploads\/2025\/01\/Scherm\u00adafbeelding-2025-01-08-om-11.59.44.png\" \/>\n\t<meta property=\"og:image:width\" content=\"1080\" \/>\n\t<meta property=\"og:image:height\" content=\"678\" \/>\n\t<meta property=\"og:image:type\" content=\"image\/png\" \/>\n<meta name=\"author\" content=\"Joris Van Roy\" \/>\n<meta name=\"twitter:card\" content=\"summary_large_image\" \/>\n<meta name=\"twitter:creator\" content=\"@jorisvry\" \/>\n<meta name=\"twitter:site\" content=\"@jorisvry\" \/>\n<meta name=\"twitter:label1\" content=\"Geschreven door\" \/>\n\t<meta name=\"twitter:data1\" content=\"Joris Van Roy\" \/>\n\t<meta name=\"twitter:label2\" content=\"Geschatte leestijd\" \/>\n\t<meta name=\"twitter:data2\" content=\"5 minuten\" \/>\n<script type=\"application\/ld+json\" class=\"yoast-schema-graph\">{\"@context\":\"https:\\\/\\\/schema.org\",\"@graph\":[{\"@type\":\"Article\",\"@id\":\"https:\\\/\\\/newmobility.news\\\/2025\\\/01\\\/08\\\/skoda-launches-new-enyaq-evs-with-up-to-590-km-range\\\/#article\",\"isPartOf\":{\"@id\":\"https:\\\/\\\/newmobility.news\\\/2025\\\/01\\\/08\\\/skoda-launches-new-enyaq-evs-with-up-to-590-km-range\\\/\"},\"author\":{\"name\":\"Joris Van Roy\",\"@id\":\"https:\\\/\\\/newmobility.news\\\/#\\\/schema\\\/person\\\/c1ae99aef99238aa6a3d2e4fae62ca0d\"},\"headline\":\"\u0160koda launches new Enyaq EVs with up to 590 km range\",\"datePublished\":\"2025-01-08T11:00:42+00:00\",\"dateModified\":\"2025-01-11T13:51:42+00:00\",\"mainEntityOfPage\":{\"@id\":\"https:\\\/\\\/newmobility.news\\\/2025\\\/01\\\/08\\\/skoda-launches-new-enyaq-evs-with-up-to-590-km-range\\\/\"},\"wordCount\":696,\"commentCount\":0,\"publisher\":{\"@id\":\"https:\\\/\\\/newmobility.news\\\/#organization\"},\"image\":{\"@id\":\"https:\\\/\\\/newmobility.news\\\/2025\\\/01\\\/08\\\/skoda-launches-new-enyaq-evs-with-up-to-590-km-range\\\/#primaryimage\"},\"thumbnailUrl\":\"https:\\\/\\\/i0.wp.com\\\/newmobility.news\\\/wp-content\\\/uploads\\\/2025\\\/01\\\/Scherm%C2%ADafbeelding-2025-01-08-om-11.59.44.png?fit=1080%2C678&ssl=1\",\"articleSection\":[\"Product\",\"Technology\",\"Top Stories Today\",\"Weekly Newsletter\"],\"inLanguage\":\"nl-BE\",\"potentialAction\":[{\"@type\":\"CommentAction\",\"name\":\"Comment\",\"target\":[\"https:\\\/\\\/newmobility.news\\\/2025\\\/01\\\/08\\\/skoda-launches-new-enyaq-evs-with-up-to-590-km-range\\\/#respond\"]}]},{\"@type\":\"WebPage\",\"@id\":\"https:\\\/\\\/newmobility.news\\\/2025\\\/01\\\/08\\\/skoda-launches-new-enyaq-evs-with-up-to-590-km-range\\\/\",\"url\":\"https:\\\/\\\/newmobility.news\\\/2025\\\/01\\\/08\\\/skoda-launches-new-enyaq-evs-with-up-to-590-km-range\\\/\",\"name\":\"\u0160koda launches new Enyaq EVs with up to 590 km range - newmobility.news\",\"isPartOf\":{\"@id\":\"https:\\\/\\\/newmobility.news\\\/#website\"},\"primaryImageOfPage\":{\"@id\":\"https:\\\/\\\/newmobility.news\\\/2025\\\/01\\\/08\\\/skoda-launches-new-enyaq-evs-with-up-to-590-km-range\\\/#primaryimage\"},\"image\":{\"@id\":\"https:\\\/\\\/newmobility.news\\\/2025\\\/01\\\/08\\\/skoda-launches-new-enyaq-evs-with-up-to-590-km-range\\\/#primaryimage\"},\"thumbnailUrl\":\"https:\\\/\\\/i0.wp.com\\\/newmobility.news\\\/wp-content\\\/uploads\\\/2025\\\/01\\\/Scherm%C2%ADafbeelding-2025-01-08-om-11.59.44.png?fit=1080%2C678&ssl=1\",\"datePublished\":\"2025-01-08T11:00:42+00:00\",\"dateModified\":\"2025-01-11T13:51:42+00:00\",\"breadcrumb\":{\"@id\":\"https:\\\/\\\/newmobility.news\\\/2025\\\/01\\\/08\\\/skoda-launches-new-enyaq-evs-with-up-to-590-km-range\\\/#breadcrumb\"},\"inLanguage\":\"nl-BE\",\"potentialAction\":[{\"@type\":\"ReadAction\",\"target\":[\"https:\\\/\\\/newmobility.news\\\/2025\\\/01\\\/08\\\/skoda-launches-new-enyaq-evs-with-up-to-590-km-range\\\/\"]}]},{\"@type\":\"ImageObject\",\"inLanguage\":\"nl-BE\",\"@id\":\"https:\\\/\\\/newmobility.news\\\/2025\\\/01\\\/08\\\/skoda-launches-new-enyaq-evs-with-up-to-590-km-range\\\/#primaryimage\",\"url\":\"https:\\\/\\\/i0.wp.com\\\/newmobility.news\\\/wp-content\\\/uploads\\\/2025\\\/01\\\/Scherm%C2%ADafbeelding-2025-01-08-om-11.59.44.png?fit=1080%2C678&ssl=1\",\"contentUrl\":\"https:\\\/\\\/i0.wp.com\\\/newmobility.news\\\/wp-content\\\/uploads\\\/2025\\\/01\\\/Scherm%C2%ADafbeelding-2025-01-08-om-11.59.44.png?fit=1080%2C678&ssl=1\",\"width\":1080,\"height\":678,\"caption\":\"The new Skoda Enyaq comes in two versions (standard and Coup\u00e9) with exact he same measurements and ample space inside \\\/Skoda\"},{\"@type\":\"BreadcrumbList\",\"@id\":\"https:\\\/\\\/newmobility.news\\\/2025\\\/01\\\/08\\\/skoda-launches-new-enyaq-evs-with-up-to-590-km-range\\\/#breadcrumb\",\"itemListElement\":[{\"@type\":\"ListItem\",\"position\":1,\"name\":\"Home\",\"item\":\"https:\\\/\\\/newmobility.news\\\/\"},{\"@type\":\"ListItem\",\"position\":2,\"name\":\"\u0160koda launches new Enyaq EVs with up to 590 km range\"}]},{\"@type\":\"WebSite\",\"@id\":\"https:\\\/\\\/newmobility.news\\\/#website\",\"url\":\"https:\\\/\\\/newmobility.news\\\/\",\"name\":\"newmobility.news\",\"description\":\"A B2BNews Agency\u00ae news service for mobility business proessional\",\"publisher\":{\"@id\":\"https:\\\/\\\/newmobility.news\\\/#organization\"},\"potentialAction\":[{\"@type\":\"SearchAction\",\"target\":{\"@type\":\"EntryPoint\",\"urlTemplate\":\"https:\\\/\\\/newmobility.news\\\/?s={search_term_string}\"},\"query-input\":{\"@type\":\"PropertyValueSpecification\",\"valueRequired\":true,\"valueName\":\"search_term_string\"}}],\"inLanguage\":\"nl-BE\"},{\"@type\":\"Organization\",\"@id\":\"https:\\\/\\\/newmobility.news\\\/#organization\",\"name\":\"B2BNews Agency\",\"url\":\"https:\\\/\\\/newmobility.news\\\/\",\"logo\":{\"@type\":\"ImageObject\",\"inLanguage\":\"nl-BE\",\"@id\":\"https:\\\/\\\/newmobility.news\\\/#\\\/schema\\\/logo\\\/image\\\/\",\"url\":\"https:\\\/\\\/newmobility.news\\\/wp-content\\\/uploads\\\/2018\\\/01\\\/b2bnews-agency-logo.png\",\"contentUrl\":\"https:\\\/\\\/newmobility.news\\\/wp-content\\\/uploads\\\/2018\\\/01\\\/b2bnews-agency-logo.png\",\"width\":\"581\",\"height\":\"117\",\"caption\":\"B2BNews Agency\"},\"image\":{\"@id\":\"https:\\\/\\\/newmobility.news\\\/#\\\/schema\\\/logo\\\/image\\\/\"},\"sameAs\":[\"https:\\\/\\\/www.facebook.com\\\/search\\\/top\\\/?q=newmobility.news\",\"https:\\\/\\\/x.com\\\/jorisvry\",\"https:\\\/\\\/www.linkedin.com\\\/in\\\/jorisvanroy\\\/\",\"https:\\\/\\\/nl.pinterest.com\\\/jorisvanroy\\\/\"]},{\"@type\":\"Person\",\"@id\":\"https:\\\/\\\/newmobility.news\\\/#\\\/schema\\\/person\\\/c1ae99aef99238aa6a3d2e4fae62ca0d\",\"name\":\"Joris Van Roy\",\"image\":{\"@type\":\"ImageObject\",\"inLanguage\":\"nl-BE\",\"@id\":\"https:\\\/\\\/secure.gravatar.com\\\/avatar\\\/b82919546c1cd9980bd2bc08f09d294c7cb92b3addd23cb9a4377a7b88b4349b?s=96&d=mm&r=g\",\"url\":\"https:\\\/\\\/secure.gravatar.com\\\/avatar\\\/b82919546c1cd9980bd2bc08f09d294c7cb92b3addd23cb9a4377a7b88b4349b?s=96&d=mm&r=g\",\"contentUrl\":\"https:\\\/\\\/secure.gravatar.com\\\/avatar\\\/b82919546c1cd9980bd2bc08f09d294c7cb92b3addd23cb9a4377a7b88b4349b?s=96&d=mm&r=g\",\"caption\":\"Joris Van Roy\"},\"url\":\"https:\\\/\\\/newmobility.news\\\/nl\\\/author\\\/jorisximcom-be\\\/\"}]}<\/script>\n<!-- \/ Yoast SEO plugin. -->","yoast_head_json":{"title":"\u0160koda lanceert nieuwe Enyaq EV's met een actieradius tot 590 km - newmobility.news","robots":{"index":"index","follow":"follow","max-snippet":"max-snippet:-1","max-image-preview":"max-image-preview:large","max-video-preview":"max-video-preview:-1"},"canonical":"https:\/\/newmobility.news\/nl\/2025\/01\/08\/skoda-launches-new-enyaq-evs-with-up-to-590-km-range\/","og_locale":"nl_BE","og_type":"article","og_title":"\u0160koda launches new Enyaq EVs with up to 590 km range - newmobility.news","og_description":"Czech \u0160koda Auto, Volkswagen's daughter and one of the first to follow the group's advanced EV strategy is introducing the new Enyaq family, what it calls \"one of Europe\u2019s most successful all-electric model series.\" Both the \u0160koda Enyaq and the \u0160koda Enyaq Coup\u00e9 now feature the brand\u2019s nThis content has been archived. Log in or [&hellip;]","og_url":"https:\/\/newmobility.news\/nl\/2025\/01\/08\/skoda-launches-new-enyaq-evs-with-up-to-590-km-range\/","og_site_name":"newmobility.news","article_publisher":"https:\/\/www.facebook.com\/search\/top\/?q=newmobility.news","article_published_time":"2025-01-08T11:00:42+00:00","article_modified_time":"2025-01-11T13:51:42+00:00","og_image":[{"width":1080,"height":678,"url":"https:\/\/newmobility.news\/wp-content\/uploads\/2025\/01\/Scherm\u00adafbeelding-2025-01-08-om-11.59.44.png","type":"image\/png"}],"author":"Joris Van Roy","twitter_card":"summary_large_image","twitter_creator":"@jorisvry","twitter_site":"@jorisvry","twitter_misc":{"Geschreven door":"Joris Van Roy","Geschatte leestijd":"5 minuten"},"schema":{"@context":"https:\/\/schema.org","@graph":[{"@type":"Article","@id":"https:\/\/newmobility.news\/2025\/01\/08\/skoda-launches-new-enyaq-evs-with-up-to-590-km-range\/#article","isPartOf":{"@id":"https:\/\/newmobility.news\/2025\/01\/08\/skoda-launches-new-enyaq-evs-with-up-to-590-km-range\/"},"author":{"name":"Joris Van Roy","@id":"https:\/\/newmobility.news\/#\/schema\/person\/c1ae99aef99238aa6a3d2e4fae62ca0d"},"headline":"\u0160koda launches new Enyaq EVs with up to 590 km range","datePublished":"2025-01-08T11:00:42+00:00","dateModified":"2025-01-11T13:51:42+00:00","mainEntityOfPage":{"@id":"https:\/\/newmobility.news\/2025\/01\/08\/skoda-launches-new-enyaq-evs-with-up-to-590-km-range\/"},"wordCount":696,"commentCount":0,"publisher":{"@id":"https:\/\/newmobility.news\/#organization"},"image":{"@id":"https:\/\/newmobility.news\/2025\/01\/08\/skoda-launches-new-enyaq-evs-with-up-to-590-km-range\/#primaryimage"},"thumbnailUrl":"https:\/\/i0.wp.com\/newmobility.news\/wp-content\/uploads\/2025\/01\/Scherm%C2%ADafbeelding-2025-01-08-om-11.59.44.png?fit=1080%2C678&ssl=1","articleSection":["Product","Technology","Top Stories Today","Weekly Newsletter"],"inLanguage":"nl-BE","potentialAction":[{"@type":"CommentAction","name":"Comment","target":["https:\/\/newmobility.news\/2025\/01\/08\/skoda-launches-new-enyaq-evs-with-up-to-590-km-range\/#respond"]}]},{"@type":"WebPage","@id":"https:\/\/newmobility.news\/2025\/01\/08\/skoda-launches-new-enyaq-evs-with-up-to-590-km-range\/","url":"https:\/\/newmobility.news\/2025\/01\/08\/skoda-launches-new-enyaq-evs-with-up-to-590-km-range\/","name":"\u0160koda lanceert nieuwe Enyaq EV's met een actieradius tot 590 km - newmobility.news","isPartOf":{"@id":"https:\/\/newmobility.news\/#website"},"primaryImageOfPage":{"@id":"https:\/\/newmobility.news\/2025\/01\/08\/skoda-launches-new-enyaq-evs-with-up-to-590-km-range\/#primaryimage"},"image":{"@id":"https:\/\/newmobility.news\/2025\/01\/08\/skoda-launches-new-enyaq-evs-with-up-to-590-km-range\/#primaryimage"},"thumbnailUrl":"https:\/\/i0.wp.com\/newmobility.news\/wp-content\/uploads\/2025\/01\/Scherm%C2%ADafbeelding-2025-01-08-om-11.59.44.png?fit=1080%2C678&ssl=1","datePublished":"2025-01-08T11:00:42+00:00","dateModified":"2025-01-11T13:51:42+00:00","breadcrumb":{"@id":"https:\/\/newmobility.news\/2025\/01\/08\/skoda-launches-new-enyaq-evs-with-up-to-590-km-range\/#breadcrumb"},"inLanguage":"nl-BE","potentialAction":[{"@type":"ReadAction","target":["https:\/\/newmobility.news\/2025\/01\/08\/skoda-launches-new-enyaq-evs-with-up-to-590-km-range\/"]}]},{"@type":"ImageObject","inLanguage":"nl-BE","@id":"https:\/\/newmobility.news\/2025\/01\/08\/skoda-launches-new-enyaq-evs-with-up-to-590-km-range\/#primaryimage","url":"https:\/\/i0.wp.com\/newmobility.news\/wp-content\/uploads\/2025\/01\/Scherm%C2%ADafbeelding-2025-01-08-om-11.59.44.png?fit=1080%2C678&ssl=1","contentUrl":"https:\/\/i0.wp.com\/newmobility.news\/wp-content\/uploads\/2025\/01\/Scherm%C2%ADafbeelding-2025-01-08-om-11.59.44.png?fit=1080%2C678&ssl=1","width":1080,"height":678,"caption":"The new Skoda Enyaq comes in two versions (standard and Coup\u00e9) with exact he same measurements and ample space inside \/Skoda"},{"@type":"BreadcrumbList","@id":"https:\/\/newmobility.news\/2025\/01\/08\/skoda-launches-new-enyaq-evs-with-up-to-590-km-range\/#breadcrumb","itemListElement":[{"@type":"ListItem","position":1,"name":"Home","item":"https:\/\/newmobility.news\/"},{"@type":"ListItem","position":2,"name":"\u0160koda launches new Enyaq EVs with up to 590 km range"}]},{"@type":"WebSite","@id":"https:\/\/newmobility.news\/#website","url":"https:\/\/newmobility.news\/","name":"nieuwemobiliteit.nieuws","description":"Een nieuwsdienst van B2BNews Agency\u00ae voor professionals in de mobiliteitssector","publisher":{"@id":"https:\/\/newmobility.news\/#organization"},"potentialAction":[{"@type":"SearchAction","target":{"@type":"EntryPoint","urlTemplate":"https:\/\/newmobility.news\/?s={search_term_string}"},"query-input":{"@type":"PropertyValueSpecification","valueRequired":true,"valueName":"search_term_string"}}],"inLanguage":"nl-BE"},{"@type":"Organization","@id":"https:\/\/newmobility.news\/#organization","name":"B2BNieuwsagentschap","url":"https:\/\/newmobility.news\/","logo":{"@type":"ImageObject","inLanguage":"nl-BE","@id":"https:\/\/newmobility.news\/#\/schema\/logo\/image\/","url":"https:\/\/newmobility.news\/wp-content\/uploads\/2018\/01\/b2bnews-agency-logo.png","contentUrl":"https:\/\/newmobility.news\/wp-content\/uploads\/2018\/01\/b2bnews-agency-logo.png","width":"581","height":"117","caption":"B2BNews Agency"},"image":{"@id":"https:\/\/newmobility.news\/#\/schema\/logo\/image\/"},"sameAs":["https:\/\/www.facebook.com\/search\/top\/?q=newmobility.news","https:\/\/x.com\/jorisvry","https:\/\/www.linkedin.com\/in\/jorisvanroy\/","https:\/\/nl.pinterest.com\/jorisvanroy\/"]},{"@type":"Person","@id":"https:\/\/newmobility.news\/#\/schema\/person\/c1ae99aef99238aa6a3d2e4fae62ca0d","name":"Joris Van Roy","image":{"@type":"ImageObject","inLanguage":"nl-BE","@id":"https:\/\/secure.gravatar.com\/avatar\/b82919546c1cd9980bd2bc08f09d294c7cb92b3addd23cb9a4377a7b88b4349b?s=96&d=mm&r=g","url":"https:\/\/secure.gravatar.com\/avatar\/b82919546c1cd9980bd2bc08f09d294c7cb92b3addd23cb9a4377a7b88b4349b?s=96&d=mm&r=g","contentUrl":"https:\/\/secure.gravatar.com\/avatar\/b82919546c1cd9980bd2bc08f09d294c7cb92b3addd23cb9a4377a7b88b4349b?s=96&d=mm&r=g","caption":"Joris Van Roy"},"url":"https:\/\/newmobility.news\/nl\/author\/jorisximcom-be\/"}]}},"jetpack_publicize_connections":[],"jetpack_featured_media_url":"https:\/\/i0.wp.com\/newmobility.news\/wp-content\/uploads\/2025\/01\/Scherm%C2%ADafbeelding-2025-01-08-om-11.59.44.png?fit=1080%2C678&ssl=1","jetpack_shortlink":"https:\/\/wp.me\/p9wJdU-G0E","jetpack_sharing_enabled":true,"jetpack_likes_enabled":true,"jetpack-related-posts":[],"_links":{"self":[{"href":"https:\/\/newmobility.news\/nl\/wp-json\/wp\/v2\/posts\/161488","targetHints":{"allow":["GET"]}}],"collection":[{"href":"https:\/\/newmobility.news\/nl\/wp-json\/wp\/v2\/posts"}],"about":[{"href":"https:\/\/newmobility.news\/nl\/wp-json\/wp\/v2\/types\/post"}],"author":[{"embeddable":true,"href":"https:\/\/newmobility.news\/nl\/wp-json\/wp\/v2\/users\/21"}],"replies":[{"embeddable":true,"href":"https:\/\/newmobility.news\/nl\/wp-json\/wp\/v2\/comments?post=161488"}],"version-history":[{"count":0,"href":"https:\/\/newmobility.news\/nl\/wp-json\/wp\/v2\/posts\/161488\/revisions"}],"wp:featuredmedia":[{"embeddable":true,"href":"https:\/\/newmobility.news\/nl\/wp-json\/wp\/v2\/media\/161526"}],"wp:attachment":[{"href":"https:\/\/newmobility.news\/nl\/wp-json\/wp\/v2\/media?parent=161488"}],"wp:term":[{"taxonomy":"category","embeddable":true,"href":"https:\/\/newmobility.news\/nl\/wp-json\/wp\/v2\/categories?post=161488"},{"taxonomy":"post_tag","embeddable":true,"href":"https:\/\/newmobility.news\/nl\/wp-json\/wp\/v2\/tags?post=161488"}],"curies":[{"name":"wp","href":"https:\/\/api.w.org\/{rel}","templated":true}]}}