{"id":166179,"date":"2025-04-28T11:39:43","date_gmt":"2025-04-28T09:39:43","guid":{"rendered":"https:\/\/newmobility.news\/?p=166179"},"modified":"2025-04-28T11:39:43","modified_gmt":"2025-04-28T09:39:43","slug":"ghent-organization-degage-for-private-car-sharing-grew-strongly","status":"publish","type":"post","link":"https:\/\/newmobility.news\/nl\/2025\/04\/28\/ghent-organization-degage-for-private-car-sharing-grew-strongly\/","title":{"rendered":"De Gentse organisatie D\u00e9gage! voor het delen van priv\u00e9auto's groeide sterk."},"content":{"rendered":"D\u00e9gage!, een Gentse vzw die priv\u00e9autodelen aanbiedt in heel Vlaanderen, groeide vorig jaar sterk, met 900 nieuwe gebruikers en bijna 150 extra deelauto's. Via D\u00e9gage! kunnen eigenaars hun priv\u00e9auto uitlenen aan mensen in hun buurt. Een deel van de kosten worden dan r<div class=\"leaky_paywall_message_wrap\"><div id=\"leaky_paywall_message\">Deze inhoud is gearchiveerd. <a href=\"https:\/\/newmobility.news\/nl\/subscription\/\">Inloggen of abonneren<\/a> tot een niveau dat toegang heeft tot gearchiveerde inhoud.<\/div><\/div>","protected":false},"excerpt":{"rendered":"<p>D\u00e9gage!, a Ghent-based non-profit organization that offers private car sharing throughout Flanders, grew solidly last year, with 900 new users and nearly 150 additional shared cars. Through D\u00e9gage!, owners can lend their private cars to people in their neighborhood. Part of the costs are then rThis content has been archived. Log in or Subscribe to [&hellip;]<\/p>\n","protected":false},"author":164,"featured_media":166182,"comment_status":"open","ping_status":"closed","sticky":false,"template":"","format":"standard","meta":{"_acf_changed":false,"jetpack_post_was_ever_published":false,"_jetpack_newsletter_access":"","_jetpack_dont_email_post_to_subs":false,"_jetpack_newsletter_tier_id":0,"_jetpack_memberships_contains_paywalled_content":false,"_jetpack_memberships_contains_paid_content":false,"footnotes":"","jetpack_publicize_message":"","jetpack_publicize_feature_enabled":true,"jetpack_social_post_already_shared":true,"jetpack_social_options":{"image_generator_settings":{"template":"highway","default_image_id":0,"font":"","enabled":false},"version":2},"_wpas_customize_per_network":false},"categories":[77170,7,75415,4],"tags":[],"class_list":["post-166179","post","type-post","status-publish","format-standard","has-post-thumbnail","hentry","category-belgium","category-mobility","category-sharing","category-top-stories-today"],"acf":[],"featured_image_urls_v2":{"full":["https:\/\/i0.wp.com\/newmobility.news\/wp-content\/uploads\/2025\/04\/Degage-25-jaar-e1714674013932.png?fit=1200%2C900&ssl=1",1200,900,false],"thumbnail":["https:\/\/i0.wp.com\/newmobility.news\/wp-content\/uploads\/2025\/04\/Degage-25-jaar-e1714674013932.png?resize=150%2C150&ssl=1",150,150,true],"medium":["https:\/\/i0.wp.com\/newmobility.news\/wp-content\/uploads\/2025\/04\/Degage-25-jaar-e1714674013932.png?fit=300%2C225&ssl=1",300,225,true],"medium_large":["https:\/\/i0.wp.com\/newmobility.news\/wp-content\/uploads\/2025\/04\/Degage-25-jaar-e1714674013932.png?fit=640%2C480&ssl=1",640,480,true],"large":["https:\/\/i0.wp.com\/newmobility.news\/wp-content\/uploads\/2025\/04\/Degage-25-jaar-e1714674013932.png?fit=640%2C480&ssl=1",640,480,true],"1536x1536":["https:\/\/i0.wp.com\/newmobility.news\/wp-content\/uploads\/2025\/04\/Degage-25-jaar-e1714674013932.png?fit=1200%2C900&ssl=1",1200,900,true],"2048x2048":["https:\/\/i0.wp.com\/newmobility.news\/wp-content\/uploads\/2025\/04\/Degage-25-jaar-e1714674013932.png?fit=1200%2C900&ssl=1",1200,900,true],"trp-custom-language-flag":["https:\/\/i0.wp.com\/newmobility.news\/wp-content\/uploads\/2025\/04\/Degage-25-jaar-e1714674013932.png?fit=16%2C12&ssl=1",16,12,true],"related-thumb":["https:\/\/i0.wp.com\/newmobility.news\/wp-content\/uploads\/2025\/04\/Degage-25-jaar-e1714674013932.png?resize=640%2C480&ssl=1",640,480,true],"gform-image-choice-sm":["https:\/\/i0.wp.com\/newmobility.news\/wp-content\/uploads\/2025\/04\/Degage-25-jaar-e1714674013932.png?resize=300%2C300&ssl=1",300,300,true],"gform-image-choice-md":["https:\/\/i0.wp.com\/newmobility.news\/wp-content\/uploads\/2025\/04\/Degage-25-jaar-e1714674013932.png?resize=400%2C400&ssl=1",400,400,true],"gform-image-choice-lg":["https:\/\/i0.wp.com\/newmobility.news\/wp-content\/uploads\/2025\/04\/Degage-25-jaar-e1714674013932.png?resize=600%2C600&ssl=1",600,600,true],"mailchimp":["https:\/\/i0.wp.com\/newmobility.news\/wp-content\/uploads\/2025\/04\/Degage-25-jaar-e1714674013932.png?fit=560%2C420&ssl=1",560,420,true],"unipress-phone":["https:\/\/i0.wp.com\/newmobility.news\/wp-content\/uploads\/2025\/04\/Degage-25-jaar-e1714674013932.png?resize=640%2C100&ssl=1",640,100,true],"unipress-tablet":["https:\/\/i0.wp.com\/newmobility.news\/wp-content\/uploads\/2025\/04\/Degage-25-jaar-e1714674013932.png?resize=1200%2C240&ssl=1",1200,240,true],"unipress-tablet-portrait":["https:\/\/i0.wp.com\/newmobility.news\/wp-content\/uploads\/2025\/04\/Degage-25-jaar-e1714674013932.png?resize=1200%2C180&ssl=1",1200,180,true],"unipress-tablet-landscape":["https:\/\/i0.wp.com\/newmobility.news\/wp-content\/uploads\/2025\/04\/Degage-25-jaar-e1714674013932.png?resize=1200%2C180&ssl=1",1200,180,true],"unipress-smartphone":["https:\/\/i0.wp.com\/newmobility.news\/wp-content\/uploads\/2025\/04\/Degage-25-jaar-e1714674013932.png?resize=1080%2C168&ssl=1",1080,168,true],"unipress-wide-screen":["https:\/\/i0.wp.com\/newmobility.news\/wp-content\/uploads\/2025\/04\/Degage-25-jaar-e1714674013932.png?resize=1200%2C180&ssl=1",1200,180,true]},"post_excerpt_stackable_v2":"<p>D\u00e9gage!, a Ghent-based non-profit organization that offers private car sharing throughout Flanders, grew solidly last year, with 900 new users and nearly 150 additional shared cars. Through D\u00e9gage!, owners can lend their private cars to people in their neighborhood. Part of the costs are then rThis content has been archived. Log in or Subscribe to a level that has access to archived content.<\/p>\n","category_list_v2":"<a href=\"https:\/\/newmobility.news\/nl\/category\/belgium\/\" rel=\"category tag\">Belgium<\/a>, <a href=\"https:\/\/newmobility.news\/nl\/category\/mobility\/\" rel=\"category tag\">Mobility<\/a>, <a href=\"https:\/\/newmobility.news\/nl\/category\/sharing\/\" rel=\"category tag\">Sharing<\/a>, <a href=\"https:\/\/newmobility.news\/nl\/category\/top-stories-today\/\" rel=\"category tag\">Top Stories Today<\/a>","author_info_v2":{"name":"Luc Joris","url":"https:\/\/newmobility.news\/nl\/author\/belga-5\/"},"comments_num_v2":"0 comments","yoast_head":"<!-- This site is optimized with the Yoast SEO plugin v27.5 - https:\/\/yoast.com\/product\/yoast-seo-wordpress\/ -->\n<title>Ghent organization D\u00e9gage! for private car sharing grew strongly - newmobility.news<\/title>\n<meta name=\"robots\" content=\"index, follow, max-snippet:-1, max-image-preview:large, max-video-preview:-1\" \/>\n<link rel=\"canonical\" href=\"https:\/\/newmobility.news\/nl\/2025\/04\/28\/ghent-organization-degage-for-private-car-sharing-grew-strongly\/\" \/>\n<meta property=\"og:locale\" content=\"nl_BE\" \/>\n<meta property=\"og:type\" content=\"article\" \/>\n<meta property=\"og:title\" content=\"Ghent organization D\u00e9gage! for private car sharing grew strongly - newmobility.news\" \/>\n<meta property=\"og:description\" content=\"D\u00e9gage!, a Ghent-based non-profit organization that offers private car sharing throughout Flanders, grew solidly last year, with 900 new users and nearly 150 additional shared cars. Through D\u00e9gage!, owners can lend their private cars to people in their neighborhood. Part of the costs are then rThis content has been archived. Log in or Subscribe to [&hellip;]\" \/>\n<meta property=\"og:url\" content=\"https:\/\/newmobility.news\/nl\/2025\/04\/28\/ghent-organization-degage-for-private-car-sharing-grew-strongly\/\" \/>\n<meta property=\"og:site_name\" content=\"newmobility.news\" \/>\n<meta property=\"article:publisher\" content=\"https:\/\/www.facebook.com\/search\/top\/?q=newmobility.news\" \/>\n<meta property=\"article:published_time\" content=\"2025-04-28T09:39:43+00:00\" \/>\n<meta property=\"og:image\" content=\"https:\/\/newmobility.news\/wp-content\/uploads\/2025\/04\/Degage-25-jaar-e1714674013932.png\" \/>\n\t<meta property=\"og:image:width\" content=\"1200\" \/>\n\t<meta property=\"og:image:height\" content=\"900\" \/>\n\t<meta property=\"og:image:type\" content=\"image\/png\" \/>\n<meta name=\"author\" content=\"Luc Joris\" \/>\n<meta name=\"twitter:card\" content=\"summary_large_image\" \/>\n<meta name=\"twitter:creator\" content=\"@jorisvry\" \/>\n<meta name=\"twitter:site\" content=\"@jorisvry\" \/>\n<meta name=\"twitter:label1\" content=\"Geschreven door\" \/>\n\t<meta name=\"twitter:data1\" content=\"Luc Joris\" \/>\n\t<meta name=\"twitter:label2\" content=\"Geschatte leestijd\" \/>\n\t<meta name=\"twitter:data2\" content=\"2 minuten\" \/>\n<script type=\"application\/ld+json\" class=\"yoast-schema-graph\">{\"@context\":\"https:\\\/\\\/schema.org\",\"@graph\":[{\"@type\":\"Article\",\"@id\":\"https:\\\/\\\/newmobility.news\\\/2025\\\/04\\\/28\\\/ghent-organization-degage-for-private-car-sharing-grew-strongly\\\/#article\",\"isPartOf\":{\"@id\":\"https:\\\/\\\/newmobility.news\\\/2025\\\/04\\\/28\\\/ghent-organization-degage-for-private-car-sharing-grew-strongly\\\/\"},\"author\":{\"name\":\"Luc Joris\",\"@id\":\"https:\\\/\\\/newmobility.news\\\/#\\\/schema\\\/person\\\/a31e684b1039b4a94985a9aae156f28b\"},\"headline\":\"Ghent organization D\u00e9gage! for private car sharing grew strongly\",\"datePublished\":\"2025-04-28T09:39:43+00:00\",\"mainEntityOfPage\":{\"@id\":\"https:\\\/\\\/newmobility.news\\\/2025\\\/04\\\/28\\\/ghent-organization-degage-for-private-car-sharing-grew-strongly\\\/\"},\"wordCount\":310,\"commentCount\":0,\"publisher\":{\"@id\":\"https:\\\/\\\/newmobility.news\\\/#organization\"},\"image\":{\"@id\":\"https:\\\/\\\/newmobility.news\\\/2025\\\/04\\\/28\\\/ghent-organization-degage-for-private-car-sharing-grew-strongly\\\/#primaryimage\"},\"thumbnailUrl\":\"https:\\\/\\\/i0.wp.com\\\/newmobility.news\\\/wp-content\\\/uploads\\\/2025\\\/04\\\/Degage-25-jaar-e1714674013932.png?fit=1200%2C900&ssl=1\",\"articleSection\":[\"Belgium\",\"Mobility\",\"Sharing\",\"Top Stories Today\"],\"inLanguage\":\"nl-BE\",\"potentialAction\":[{\"@type\":\"CommentAction\",\"name\":\"Comment\",\"target\":[\"https:\\\/\\\/newmobility.news\\\/2025\\\/04\\\/28\\\/ghent-organization-degage-for-private-car-sharing-grew-strongly\\\/#respond\"]}]},{\"@type\":\"WebPage\",\"@id\":\"https:\\\/\\\/newmobility.news\\\/2025\\\/04\\\/28\\\/ghent-organization-degage-for-private-car-sharing-grew-strongly\\\/\",\"url\":\"https:\\\/\\\/newmobility.news\\\/2025\\\/04\\\/28\\\/ghent-organization-degage-for-private-car-sharing-grew-strongly\\\/\",\"name\":\"Ghent organization D\u00e9gage! for private car sharing grew strongly - newmobility.news\",\"isPartOf\":{\"@id\":\"https:\\\/\\\/newmobility.news\\\/#website\"},\"primaryImageOfPage\":{\"@id\":\"https:\\\/\\\/newmobility.news\\\/2025\\\/04\\\/28\\\/ghent-organization-degage-for-private-car-sharing-grew-strongly\\\/#primaryimage\"},\"image\":{\"@id\":\"https:\\\/\\\/newmobility.news\\\/2025\\\/04\\\/28\\\/ghent-organization-degage-for-private-car-sharing-grew-strongly\\\/#primaryimage\"},\"thumbnailUrl\":\"https:\\\/\\\/i0.wp.com\\\/newmobility.news\\\/wp-content\\\/uploads\\\/2025\\\/04\\\/Degage-25-jaar-e1714674013932.png?fit=1200%2C900&ssl=1\",\"datePublished\":\"2025-04-28T09:39:43+00:00\",\"breadcrumb\":{\"@id\":\"https:\\\/\\\/newmobility.news\\\/2025\\\/04\\\/28\\\/ghent-organization-degage-for-private-car-sharing-grew-strongly\\\/#breadcrumb\"},\"inLanguage\":\"nl-BE\",\"potentialAction\":[{\"@type\":\"ReadAction\",\"target\":[\"https:\\\/\\\/newmobility.news\\\/2025\\\/04\\\/28\\\/ghent-organization-degage-for-private-car-sharing-grew-strongly\\\/\"]}]},{\"@type\":\"ImageObject\",\"inLanguage\":\"nl-BE\",\"@id\":\"https:\\\/\\\/newmobility.news\\\/2025\\\/04\\\/28\\\/ghent-organization-degage-for-private-car-sharing-grew-strongly\\\/#primaryimage\",\"url\":\"https:\\\/\\\/i0.wp.com\\\/newmobility.news\\\/wp-content\\\/uploads\\\/2025\\\/04\\\/Degage-25-jaar-e1714674013932.png?fit=1200%2C900&ssl=1\",\"contentUrl\":\"https:\\\/\\\/i0.wp.com\\\/newmobility.news\\\/wp-content\\\/uploads\\\/2025\\\/04\\\/Degage-25-jaar-e1714674013932.png?fit=1200%2C900&ssl=1\",\"width\":1200,\"height\":900,\"caption\":\"900 new users and nearly 150 additional shared cars were added last year at D\u00e9gage!, the Ghent-based non-profit organization that does car-sharing across Flanders \\\/D\u00e9gage!\"},{\"@type\":\"BreadcrumbList\",\"@id\":\"https:\\\/\\\/newmobility.news\\\/2025\\\/04\\\/28\\\/ghent-organization-degage-for-private-car-sharing-grew-strongly\\\/#breadcrumb\",\"itemListElement\":[{\"@type\":\"ListItem\",\"position\":1,\"name\":\"Home\",\"item\":\"https:\\\/\\\/newmobility.news\\\/\"},{\"@type\":\"ListItem\",\"position\":2,\"name\":\"Ghent organization D\u00e9gage! for private car sharing grew strongly\"}]},{\"@type\":\"WebSite\",\"@id\":\"https:\\\/\\\/newmobility.news\\\/#website\",\"url\":\"https:\\\/\\\/newmobility.news\\\/\",\"name\":\"newmobility.news\",\"description\":\"A B2BNews Agency\u00ae news service for mobility business proessional\",\"publisher\":{\"@id\":\"https:\\\/\\\/newmobility.news\\\/#organization\"},\"potentialAction\":[{\"@type\":\"SearchAction\",\"target\":{\"@type\":\"EntryPoint\",\"urlTemplate\":\"https:\\\/\\\/newmobility.news\\\/?s={search_term_string}\"},\"query-input\":{\"@type\":\"PropertyValueSpecification\",\"valueRequired\":true,\"valueName\":\"search_term_string\"}}],\"inLanguage\":\"nl-BE\"},{\"@type\":\"Organization\",\"@id\":\"https:\\\/\\\/newmobility.news\\\/#organization\",\"name\":\"B2BNews Agency\",\"url\":\"https:\\\/\\\/newmobility.news\\\/\",\"logo\":{\"@type\":\"ImageObject\",\"inLanguage\":\"nl-BE\",\"@id\":\"https:\\\/\\\/newmobility.news\\\/#\\\/schema\\\/logo\\\/image\\\/\",\"url\":\"https:\\\/\\\/newmobility.news\\\/wp-content\\\/uploads\\\/2018\\\/01\\\/b2bnews-agency-logo.png\",\"contentUrl\":\"https:\\\/\\\/newmobility.news\\\/wp-content\\\/uploads\\\/2018\\\/01\\\/b2bnews-agency-logo.png\",\"width\":\"581\",\"height\":\"117\",\"caption\":\"B2BNews Agency\"},\"image\":{\"@id\":\"https:\\\/\\\/newmobility.news\\\/#\\\/schema\\\/logo\\\/image\\\/\"},\"sameAs\":[\"https:\\\/\\\/www.facebook.com\\\/search\\\/top\\\/?q=newmobility.news\",\"https:\\\/\\\/x.com\\\/jorisvry\",\"https:\\\/\\\/www.linkedin.com\\\/in\\\/jorisvanroy\\\/\",\"https:\\\/\\\/nl.pinterest.com\\\/jorisvanroy\\\/\"]},{\"@type\":\"Person\",\"@id\":\"https:\\\/\\\/newmobility.news\\\/#\\\/schema\\\/person\\\/a31e684b1039b4a94985a9aae156f28b\",\"name\":\"Luc Joris\",\"image\":{\"@type\":\"ImageObject\",\"inLanguage\":\"nl-BE\",\"@id\":\"https:\\\/\\\/secure.gravatar.com\\\/avatar\\\/9e27cf9984ae903174b14c7dd33d523290f03fd71803b04bc6e486c7259b2920?s=96&d=mm&r=g\",\"url\":\"https:\\\/\\\/secure.gravatar.com\\\/avatar\\\/9e27cf9984ae903174b14c7dd33d523290f03fd71803b04bc6e486c7259b2920?s=96&d=mm&r=g\",\"contentUrl\":\"https:\\\/\\\/secure.gravatar.com\\\/avatar\\\/9e27cf9984ae903174b14c7dd33d523290f03fd71803b04bc6e486c7259b2920?s=96&d=mm&r=g\",\"caption\":\"Luc Joris\"},\"url\":\"https:\\\/\\\/newmobility.news\\\/nl\\\/author\\\/belga-5\\\/\"}]}<\/script>\n<!-- \/ Yoast SEO plugin. -->","yoast_head_json":{"title":"De Gentse organisatie D\u00e9gage! voor het delen van priv\u00e9auto's groeide sterk - newmobility.news","robots":{"index":"index","follow":"follow","max-snippet":"max-snippet:-1","max-image-preview":"max-image-preview:large","max-video-preview":"max-video-preview:-1"},"canonical":"https:\/\/newmobility.news\/nl\/2025\/04\/28\/ghent-organization-degage-for-private-car-sharing-grew-strongly\/","og_locale":"nl_BE","og_type":"article","og_title":"Ghent organization D\u00e9gage! for private car sharing grew strongly - newmobility.news","og_description":"D\u00e9gage!, a Ghent-based non-profit organization that offers private car sharing throughout Flanders, grew solidly last year, with 900 new users and nearly 150 additional shared cars. Through D\u00e9gage!, owners can lend their private cars to people in their neighborhood. Part of the costs are then rThis content has been archived. Log in or Subscribe to [&hellip;]","og_url":"https:\/\/newmobility.news\/nl\/2025\/04\/28\/ghent-organization-degage-for-private-car-sharing-grew-strongly\/","og_site_name":"newmobility.news","article_publisher":"https:\/\/www.facebook.com\/search\/top\/?q=newmobility.news","article_published_time":"2025-04-28T09:39:43+00:00","og_image":[{"width":1200,"height":900,"url":"https:\/\/newmobility.news\/wp-content\/uploads\/2025\/04\/Degage-25-jaar-e1714674013932.png","type":"image\/png"}],"author":"Luc Joris","twitter_card":"summary_large_image","twitter_creator":"@jorisvry","twitter_site":"@jorisvry","twitter_misc":{"Geschreven door":"Luc Joris","Geschatte leestijd":"2 minuten"},"schema":{"@context":"https:\/\/schema.org","@graph":[{"@type":"Article","@id":"https:\/\/newmobility.news\/2025\/04\/28\/ghent-organization-degage-for-private-car-sharing-grew-strongly\/#article","isPartOf":{"@id":"https:\/\/newmobility.news\/2025\/04\/28\/ghent-organization-degage-for-private-car-sharing-grew-strongly\/"},"author":{"name":"Luc Joris","@id":"https:\/\/newmobility.news\/#\/schema\/person\/a31e684b1039b4a94985a9aae156f28b"},"headline":"Ghent organization D\u00e9gage! for private car sharing grew strongly","datePublished":"2025-04-28T09:39:43+00:00","mainEntityOfPage":{"@id":"https:\/\/newmobility.news\/2025\/04\/28\/ghent-organization-degage-for-private-car-sharing-grew-strongly\/"},"wordCount":310,"commentCount":0,"publisher":{"@id":"https:\/\/newmobility.news\/#organization"},"image":{"@id":"https:\/\/newmobility.news\/2025\/04\/28\/ghent-organization-degage-for-private-car-sharing-grew-strongly\/#primaryimage"},"thumbnailUrl":"https:\/\/i0.wp.com\/newmobility.news\/wp-content\/uploads\/2025\/04\/Degage-25-jaar-e1714674013932.png?fit=1200%2C900&ssl=1","articleSection":["Belgium","Mobility","Sharing","Top Stories Today"],"inLanguage":"nl-BE","potentialAction":[{"@type":"CommentAction","name":"Comment","target":["https:\/\/newmobility.news\/2025\/04\/28\/ghent-organization-degage-for-private-car-sharing-grew-strongly\/#respond"]}]},{"@type":"WebPage","@id":"https:\/\/newmobility.news\/2025\/04\/28\/ghent-organization-degage-for-private-car-sharing-grew-strongly\/","url":"https:\/\/newmobility.news\/2025\/04\/28\/ghent-organization-degage-for-private-car-sharing-grew-strongly\/","name":"De Gentse organisatie D\u00e9gage! voor het delen van priv\u00e9auto's groeide sterk - newmobility.news","isPartOf":{"@id":"https:\/\/newmobility.news\/#website"},"primaryImageOfPage":{"@id":"https:\/\/newmobility.news\/2025\/04\/28\/ghent-organization-degage-for-private-car-sharing-grew-strongly\/#primaryimage"},"image":{"@id":"https:\/\/newmobility.news\/2025\/04\/28\/ghent-organization-degage-for-private-car-sharing-grew-strongly\/#primaryimage"},"thumbnailUrl":"https:\/\/i0.wp.com\/newmobility.news\/wp-content\/uploads\/2025\/04\/Degage-25-jaar-e1714674013932.png?fit=1200%2C900&ssl=1","datePublished":"2025-04-28T09:39:43+00:00","breadcrumb":{"@id":"https:\/\/newmobility.news\/2025\/04\/28\/ghent-organization-degage-for-private-car-sharing-grew-strongly\/#breadcrumb"},"inLanguage":"nl-BE","potentialAction":[{"@type":"ReadAction","target":["https:\/\/newmobility.news\/2025\/04\/28\/ghent-organization-degage-for-private-car-sharing-grew-strongly\/"]}]},{"@type":"ImageObject","inLanguage":"nl-BE","@id":"https:\/\/newmobility.news\/2025\/04\/28\/ghent-organization-degage-for-private-car-sharing-grew-strongly\/#primaryimage","url":"https:\/\/i0.wp.com\/newmobility.news\/wp-content\/uploads\/2025\/04\/Degage-25-jaar-e1714674013932.png?fit=1200%2C900&ssl=1","contentUrl":"https:\/\/i0.wp.com\/newmobility.news\/wp-content\/uploads\/2025\/04\/Degage-25-jaar-e1714674013932.png?fit=1200%2C900&ssl=1","width":1200,"height":900,"caption":"900 new users and nearly 150 additional shared cars were added last year at D\u00e9gage!, the Ghent-based non-profit organization that does car-sharing across Flanders \/D\u00e9gage!"},{"@type":"BreadcrumbList","@id":"https:\/\/newmobility.news\/2025\/04\/28\/ghent-organization-degage-for-private-car-sharing-grew-strongly\/#breadcrumb","itemListElement":[{"@type":"ListItem","position":1,"name":"Home","item":"https:\/\/newmobility.news\/"},{"@type":"ListItem","position":2,"name":"Ghent organization D\u00e9gage! for private car sharing grew strongly"}]},{"@type":"WebSite","@id":"https:\/\/newmobility.news\/#website","url":"https:\/\/newmobility.news\/","name":"nieuwemobiliteit.nieuws","description":"Een nieuwsdienst van B2BNews Agency\u00ae voor professionals in de mobiliteitssector","publisher":{"@id":"https:\/\/newmobility.news\/#organization"},"potentialAction":[{"@type":"SearchAction","target":{"@type":"EntryPoint","urlTemplate":"https:\/\/newmobility.news\/?s={search_term_string}"},"query-input":{"@type":"PropertyValueSpecification","valueRequired":true,"valueName":"search_term_string"}}],"inLanguage":"nl-BE"},{"@type":"Organization","@id":"https:\/\/newmobility.news\/#organization","name":"B2BNieuwsagentschap","url":"https:\/\/newmobility.news\/","logo":{"@type":"ImageObject","inLanguage":"nl-BE","@id":"https:\/\/newmobility.news\/#\/schema\/logo\/image\/","url":"https:\/\/newmobility.news\/wp-content\/uploads\/2018\/01\/b2bnews-agency-logo.png","contentUrl":"https:\/\/newmobility.news\/wp-content\/uploads\/2018\/01\/b2bnews-agency-logo.png","width":"581","height":"117","caption":"B2BNews Agency"},"image":{"@id":"https:\/\/newmobility.news\/#\/schema\/logo\/image\/"},"sameAs":["https:\/\/www.facebook.com\/search\/top\/?q=newmobility.news","https:\/\/x.com\/jorisvry","https:\/\/www.linkedin.com\/in\/jorisvanroy\/","https:\/\/nl.pinterest.com\/jorisvanroy\/"]},{"@type":"Person","@id":"https:\/\/newmobility.news\/#\/schema\/person\/a31e684b1039b4a94985a9aae156f28b","name":"Luc Joris","image":{"@type":"ImageObject","inLanguage":"nl-BE","@id":"https:\/\/secure.gravatar.com\/avatar\/9e27cf9984ae903174b14c7dd33d523290f03fd71803b04bc6e486c7259b2920?s=96&d=mm&r=g","url":"https:\/\/secure.gravatar.com\/avatar\/9e27cf9984ae903174b14c7dd33d523290f03fd71803b04bc6e486c7259b2920?s=96&d=mm&r=g","contentUrl":"https:\/\/secure.gravatar.com\/avatar\/9e27cf9984ae903174b14c7dd33d523290f03fd71803b04bc6e486c7259b2920?s=96&d=mm&r=g","caption":"Luc Joris"},"url":"https:\/\/newmobility.news\/nl\/author\/belga-5\/"}]}},"jetpack_publicize_connections":[],"jetpack_featured_media_url":"https:\/\/i0.wp.com\/newmobility.news\/wp-content\/uploads\/2025\/04\/Degage-25-jaar-e1714674013932.png?fit=1200%2C900&ssl=1","jetpack_shortlink":"https:\/\/wp.me\/p9wJdU-Hej","jetpack_sharing_enabled":true,"jetpack_likes_enabled":true,"jetpack-related-posts":[],"_links":{"self":[{"href":"https:\/\/newmobility.news\/nl\/wp-json\/wp\/v2\/posts\/166179","targetHints":{"allow":["GET"]}}],"collection":[{"href":"https:\/\/newmobility.news\/nl\/wp-json\/wp\/v2\/posts"}],"about":[{"href":"https:\/\/newmobility.news\/nl\/wp-json\/wp\/v2\/types\/post"}],"author":[{"embeddable":true,"href":"https:\/\/newmobility.news\/nl\/wp-json\/wp\/v2\/users\/164"}],"replies":[{"embeddable":true,"href":"https:\/\/newmobility.news\/nl\/wp-json\/wp\/v2\/comments?post=166179"}],"version-history":[{"count":0,"href":"https:\/\/newmobility.news\/nl\/wp-json\/wp\/v2\/posts\/166179\/revisions"}],"wp:featuredmedia":[{"embeddable":true,"href":"https:\/\/newmobility.news\/nl\/wp-json\/wp\/v2\/media\/166182"}],"wp:attachment":[{"href":"https:\/\/newmobility.news\/nl\/wp-json\/wp\/v2\/media?parent=166179"}],"wp:term":[{"taxonomy":"category","embeddable":true,"href":"https:\/\/newmobility.news\/nl\/wp-json\/wp\/v2\/categories?post=166179"},{"taxonomy":"post_tag","embeddable":true,"href":"https:\/\/newmobility.news\/nl\/wp-json\/wp\/v2\/tags?post=166179"}],"curies":[{"name":"wp","href":"https:\/\/api.w.org\/{rel}","templated":true}]}}