{"id":182372,"date":"2026-03-04T12:15:07","date_gmt":"2026-03-04T11:15:07","guid":{"rendered":"https:\/\/newmobility.news\/?p=182372"},"modified":"2026-03-04T10:40:29","modified_gmt":"2026-03-04T09:40:29","slug":"belgium-plans-military-evacuation-for-citizens-stranded-in-gulf","status":"publish","type":"post","link":"https:\/\/newmobility.news\/nl\/2026\/03\/04\/belgium-plans-military-evacuation-for-citizens-stranded-in-gulf\/","title":{"rendered":"Belgi\u00eb plant militaire evacuatie voor burgers gestrand in Golf"},"content":{"rendered":"<p>Zoals de meeste Europese landen is ook Belgi\u00eb bezig met het organiseren van de repatri\u00ebring van Belgen die gestrand zijn in het Midden-Oosten door de militaire escalatie in Iran. Minister van Buitenlandse Zaken Maxime Pr\u00e9vot (Les Engag\u00e9s) werkt hiervoor nauw samen met minister van Defensie Theo Francken (N-VA).<\/p>\n<p>Er zijn momenteel bijna 26.000 Belgen in de getroffen regio, waaronder bijna 2.500 toeristen. De kosten van militair transport naar een veilig buurland in het Midden-Oosten, van waaruit je dan zelf je terugreis naar Belgi\u00eb moet regelen, worden doorgerekend aan de reizigers.<\/p>\n<h4>Focus op gestrande toeristen<\/h4>\n<p>De meeste Belgische toeristen zijn momenteel gestrand in Qatar en Dubai, toeristische bestemmingen en <a href=\"https:\/\/newmobility.news\/nl\/2026\/03\/02\/stranded-by-war-how-gulf-escalation-cripples-global-aviation\/\">vervoersknooppunten<\/a> waarvan de internationale luchthavens zo goed als gesloten zijn door het conflict. Volgens Pr\u00e9vot komen de verzoeken om consulaire bijstand daarom vooral uit de Verenigde Arabische Emiraten en Qatar.<\/p>\n<p>De focus ligt momenteel vooral op gestrande toeristen die zich hebben geregistreerd bij Travelers Online, de website van de Belgische Federale Overheidsdienst (FOD) Buitenlandse Zaken.<\/p>\n<p>Zelfs als Belgi\u00eb militaire vliegtuigen naar de regio zou sturen, \u201chebben we gewoonweg niet het materiaal om enkele duizenden mensen in enkele dagen te repatri\u00ebren\u201d.\u201d<\/p>\n<h4>Complexe situatie<\/h4>\n<p>Het kan enkele dagen duren voordat de evacuatie van militaire vliegtuigen kan beginnen. Het luchtruim boven de getroffen gebieden moet worden ontruimd en er zijn ook enorme logistieke uitdagingen. \u201cIk begrijp de ergernis en het ongeduld van onze landgenoten, maar de situatie is bijzonder complex. Onze diensten doen wat ze kunnen,\u201d zegt Pr\u00e9vot.<\/p>\n<p>Belgi\u00eb werkt samen met Luxemburg en andere partners in de operatie. Ongeveer 30 Belgen die momenteel gestrand zijn in Oman vliegen woensdagavond terug naar Belgi\u00eb.<\/p>\n<p>De repatri\u00ebring wordt uitgevoerd met de hulp van de Luxemburgse regering. Vijf Belgen keerden dinsdagavond met een KLM-vlucht uit Nederland terug uit Oman.<\/p>\n<p>Het Ministerie van Defensie levert drie vliegtuigen: twee A400M transportvliegtuigen, elk met ongeveer 100 passagiers, en \u00e9\u00e9n Airbus A330 MRTT, met ongeveer 250 zitplaatsen.<\/p>\n<h4>Bussen naar Riyad<\/h4>\n<p>Het is nog niet duidelijk wanneer de andere evacuaties zullen plaatsvinden. Volgens Pr\u00e9vot zou een staakt-het-vuren, \u201cal is het maar tijdelijk\u201d, voldoende kunnen zijn om een veilige repatri\u00ebring mogelijk te maken. \u201cIk heb deze zaak aan mijn Europese collega's en aan de Verenigde Staten voorgelegd.\u201d<\/p>\n<p>Als de veiligheidssituatie het toelaat, vertrekken de eerste bussen met Belgen donderdagavond vanuit Doha naar Riyad, Saoedi-Arabi\u00eb. Van daaruit kunnen ze met een commerci\u00eble vlucht naar Belgi\u00eb vliegen.<\/p>\n<p>Vanaf vrijdag vertrekken er ook bussen vanuit Dubai en Abu Dhabi naar Muscat, Oman. Mogelijk kunnen ze dan met een militaire vlucht reizen, hoewel ze ook worden aangemoedigd om hun eigen terugvlucht te regelen.<\/p>\n<p>Momenteel hebben 374 Belgen zich geregistreerd voor repatri\u00ebring per bus vanuit Dubai of Abu Dhabi naar Muscat, gevolgd door luchttransport naar Hurghada, in Egypte. In Qatar hebben zich tot nu toe 36 Belgen ingeschreven.<\/p>\n<h4>Repatri\u00ebringkosten<\/h4>\n<p>Ondertussen is er een noodnummer ingesteld waarop de getroffen Belgen kunnen bellen en houdt het ministerie van Buitenlandse Zaken hen op de hoogte van alle ontwikkelingen.<\/p>\n<p>In overeenstemming met de Belgische consulaire wetgeving zullen de kosten voor repatri\u00ebring aan de reizigers worden aangerekend tegen een redelijk tarief. Ze zullen hiervan op voorhand op de hoogte worden gebracht. Belgi\u00eb chartert geen commerci\u00eble vluchten.<\/p>","protected":false},"excerpt":{"rendered":"<p>Like most European countries, Belgium is also busy organizing the repatriation of Belgians stranded in the Middle East due to the military escalation in Iran. Minister of Foreign Affairs Maxime Pr\u00e9vot (Les Engag\u00e9s) is working closely with Minister of Defense Theo Francken (N-VA) to this end. There are currently almost 26,000 Belgians in the affected [&hellip;]<\/p>\n","protected":false},"author":164,"featured_media":182393,"comment_status":"closed","ping_status":"closed","sticky":false,"template":"","format":"standard","meta":{"_acf_changed":false,"jetpack_post_was_ever_published":false,"_jetpack_newsletter_access":"","_jetpack_dont_email_post_to_subs":false,"_jetpack_newsletter_tier_id":0,"_jetpack_memberships_contains_paywalled_content":false,"_jetpack_memberships_contains_paid_content":false,"footnotes":"","jetpack_publicize_message":"","jetpack_publicize_feature_enabled":true,"jetpack_social_post_already_shared":true,"jetpack_social_options":{"image_generator_settings":{"template":"highway","default_image_id":0,"font":"","enabled":false},"version":2},"_wpas_customize_per_network":false},"categories":[77152,77170,7,4,61],"tags":[],"class_list":["post-182372","post","type-post","status-publish","format-standard","has-post-thumbnail","hentry","category-aviation","category-belgium","category-mobility","category-top-stories-today","category-transport"],"acf":[],"featured_image_urls_v2":{"full":["https:\/\/i0.wp.com\/newmobility.news\/wp-content\/uploads\/2026\/03\/Web_A400M_4.png?fit=1024%2C768&ssl=1",1024,768,false],"thumbnail":["https:\/\/i0.wp.com\/newmobility.news\/wp-content\/uploads\/2026\/03\/Web_A400M_4.png?resize=150%2C150&ssl=1",150,150,true],"medium":["https:\/\/i0.wp.com\/newmobility.news\/wp-content\/uploads\/2026\/03\/Web_A400M_4.png?fit=300%2C225&ssl=1",300,225,true],"medium_large":["https:\/\/i0.wp.com\/newmobility.news\/wp-content\/uploads\/2026\/03\/Web_A400M_4.png?fit=640%2C480&ssl=1",640,480,true],"large":["https:\/\/i0.wp.com\/newmobility.news\/wp-content\/uploads\/2026\/03\/Web_A400M_4.png?fit=640%2C480&ssl=1",640,480,true],"1536x1536":["https:\/\/i0.wp.com\/newmobility.news\/wp-content\/uploads\/2026\/03\/Web_A400M_4.png?fit=1024%2C768&ssl=1",1024,768,true],"2048x2048":["https:\/\/i0.wp.com\/newmobility.news\/wp-content\/uploads\/2026\/03\/Web_A400M_4.png?fit=1024%2C768&ssl=1",1024,768,true],"trp-custom-language-flag":["https:\/\/i0.wp.com\/newmobility.news\/wp-content\/uploads\/2026\/03\/Web_A400M_4.png?fit=16%2C12&ssl=1",16,12,true],"related-thumb":["https:\/\/i0.wp.com\/newmobility.news\/wp-content\/uploads\/2026\/03\/Web_A400M_4.png?resize=640%2C480&ssl=1",640,480,true],"gform-image-choice-sm":["https:\/\/i0.wp.com\/newmobility.news\/wp-content\/uploads\/2026\/03\/Web_A400M_4.png?resize=300%2C300&ssl=1",300,300,true],"gform-image-choice-md":["https:\/\/i0.wp.com\/newmobility.news\/wp-content\/uploads\/2026\/03\/Web_A400M_4.png?resize=400%2C400&ssl=1",400,400,true],"gform-image-choice-lg":["https:\/\/i0.wp.com\/newmobility.news\/wp-content\/uploads\/2026\/03\/Web_A400M_4.png?resize=600%2C600&ssl=1",600,600,true],"mailchimp":["https:\/\/i0.wp.com\/newmobility.news\/wp-content\/uploads\/2026\/03\/Web_A400M_4.png?fit=560%2C420&ssl=1",560,420,true],"unipress-phone":["https:\/\/i0.wp.com\/newmobility.news\/wp-content\/uploads\/2026\/03\/Web_A400M_4.png?resize=640%2C100&ssl=1",640,100,true],"unipress-tablet":["https:\/\/i0.wp.com\/newmobility.news\/wp-content\/uploads\/2026\/03\/Web_A400M_4.png?resize=1024%2C240&ssl=1",1024,240,true],"unipress-tablet-portrait":["https:\/\/i0.wp.com\/newmobility.news\/wp-content\/uploads\/2026\/03\/Web_A400M_4.png?resize=1024%2C180&ssl=1",1024,180,true],"unipress-tablet-landscape":["https:\/\/i0.wp.com\/newmobility.news\/wp-content\/uploads\/2026\/03\/Web_A400M_4.png?resize=1024%2C180&ssl=1",1024,180,true],"unipress-smartphone":["https:\/\/i0.wp.com\/newmobility.news\/wp-content\/uploads\/2026\/03\/Web_A400M_4.png?resize=1024%2C168&ssl=1",1024,168,true],"unipress-wide-screen":["https:\/\/i0.wp.com\/newmobility.news\/wp-content\/uploads\/2026\/03\/Web_A400M_4.png?resize=1024%2C180&ssl=1",1024,180,true]},"post_excerpt_stackable_v2":"<p>Like most European countries, Belgium is also busy organizing the repatriation of Belgians stranded in the Middle East due to the military escalation in Iran. Minister of Foreign Affairs Maxime Pr\u00e9vot (Les Engag\u00e9s) is working closely with Minister of Defense Theo Francken (N-VA) to this end. There are currently almost 26,000 Belgians in the affected region, including nearly 2,500 tourists. The cost of military transport to a safe neighboring country in the Middle East, from which you will then have to arrange your return trip to Belgium yourself, will be charged to travelers. Focus on stranded tourists Most Belgian tourists&hellip;<\/p>\n","category_list_v2":"<a href=\"https:\/\/newmobility.news\/nl\/category\/aviation\/\" rel=\"category tag\">Aviation<\/a>, <a href=\"https:\/\/newmobility.news\/nl\/category\/belgium\/\" rel=\"category tag\">Belgium<\/a>, <a href=\"https:\/\/newmobility.news\/nl\/category\/mobility\/\" rel=\"category tag\">Mobility<\/a>, <a href=\"https:\/\/newmobility.news\/nl\/category\/top-stories-today\/\" rel=\"category tag\">Top Stories Today<\/a>, <a href=\"https:\/\/newmobility.news\/nl\/category\/transport\/\" rel=\"category tag\">Transport<\/a>","author_info_v2":{"name":"Luc Joris","url":"https:\/\/newmobility.news\/nl\/author\/belga-5\/"},"comments_num_v2":"0 comments","yoast_head":"<!-- This site is optimized with the Yoast SEO plugin v27.5 - https:\/\/yoast.com\/product\/yoast-seo-wordpress\/ -->\n<title>Belgium plans military evacuation for citizens stranded in Gulf - newmobility.news<\/title>\n<meta name=\"robots\" content=\"index, follow, max-snippet:-1, max-image-preview:large, max-video-preview:-1\" \/>\n<link rel=\"canonical\" href=\"https:\/\/newmobility.news\/nl\/2026\/03\/04\/belgium-plans-military-evacuation-for-citizens-stranded-in-gulf\/\" \/>\n<meta property=\"og:locale\" content=\"nl_BE\" \/>\n<meta property=\"og:type\" content=\"article\" \/>\n<meta property=\"og:title\" content=\"Belgium plans military evacuation for citizens stranded in Gulf - newmobility.news\" \/>\n<meta property=\"og:description\" content=\"Like most European countries, Belgium is also busy organizing the repatriation of Belgians stranded in the Middle East due to the military escalation in Iran. Minister of Foreign Affairs Maxime Pr\u00e9vot (Les Engag\u00e9s) is working closely with Minister of Defense Theo Francken (N-VA) to this end. There are currently almost 26,000 Belgians in the affected [&hellip;]\" \/>\n<meta property=\"og:url\" content=\"https:\/\/newmobility.news\/nl\/2026\/03\/04\/belgium-plans-military-evacuation-for-citizens-stranded-in-gulf\/\" \/>\n<meta property=\"og:site_name\" content=\"newmobility.news\" \/>\n<meta property=\"article:publisher\" content=\"https:\/\/www.facebook.com\/search\/top\/?q=newmobility.news\" \/>\n<meta property=\"article:published_time\" content=\"2026-03-04T11:15:07+00:00\" \/>\n<meta property=\"og:image\" content=\"https:\/\/i0.wp.com\/newmobility.news\/wp-content\/uploads\/2026\/03\/Web_A400M_4.png?fit=1024%2C768&ssl=1\" \/>\n\t<meta property=\"og:image:width\" content=\"1024\" \/>\n\t<meta property=\"og:image:height\" content=\"768\" \/>\n\t<meta property=\"og:image:type\" content=\"image\/png\" \/>\n<meta name=\"author\" content=\"Luc Joris\" \/>\n<meta name=\"twitter:card\" content=\"summary_large_image\" \/>\n<meta name=\"twitter:creator\" content=\"@jorisvry\" \/>\n<meta name=\"twitter:site\" content=\"@jorisvry\" \/>\n<meta name=\"twitter:label1\" content=\"Geschreven door\" \/>\n\t<meta name=\"twitter:data1\" content=\"Luc Joris\" \/>\n\t<meta name=\"twitter:label2\" content=\"Geschatte leestijd\" \/>\n\t<meta name=\"twitter:data2\" content=\"3 minuten\" \/>\n<script type=\"application\/ld+json\" class=\"yoast-schema-graph\">{\"@context\":\"https:\\\/\\\/schema.org\",\"@graph\":[{\"@type\":\"Article\",\"@id\":\"https:\\\/\\\/newmobility.news\\\/2026\\\/03\\\/04\\\/belgium-plans-military-evacuation-for-citizens-stranded-in-gulf\\\/#article\",\"isPartOf\":{\"@id\":\"https:\\\/\\\/newmobility.news\\\/2026\\\/03\\\/04\\\/belgium-plans-military-evacuation-for-citizens-stranded-in-gulf\\\/\"},\"author\":{\"name\":\"Luc Joris\",\"@id\":\"https:\\\/\\\/newmobility.news\\\/#\\\/schema\\\/person\\\/a31e684b1039b4a94985a9aae156f28b\"},\"headline\":\"Belgium plans military evacuation for citizens stranded in Gulf\",\"datePublished\":\"2026-03-04T11:15:07+00:00\",\"mainEntityOfPage\":{\"@id\":\"https:\\\/\\\/newmobility.news\\\/2026\\\/03\\\/04\\\/belgium-plans-military-evacuation-for-citizens-stranded-in-gulf\\\/\"},\"wordCount\":546,\"publisher\":{\"@id\":\"https:\\\/\\\/newmobility.news\\\/#organization\"},\"image\":{\"@id\":\"https:\\\/\\\/newmobility.news\\\/2026\\\/03\\\/04\\\/belgium-plans-military-evacuation-for-citizens-stranded-in-gulf\\\/#primaryimage\"},\"thumbnailUrl\":\"https:\\\/\\\/i0.wp.com\\\/newmobility.news\\\/wp-content\\\/uploads\\\/2026\\\/03\\\/Web_A400M_4.png?fit=1024%2C768&ssl=1\",\"articleSection\":[\"Aviation\",\"Belgium\",\"Mobility\",\"Top Stories Today\",\"Transport\"],\"inLanguage\":\"nl-BE\"},{\"@type\":\"WebPage\",\"@id\":\"https:\\\/\\\/newmobility.news\\\/2026\\\/03\\\/04\\\/belgium-plans-military-evacuation-for-citizens-stranded-in-gulf\\\/\",\"url\":\"https:\\\/\\\/newmobility.news\\\/2026\\\/03\\\/04\\\/belgium-plans-military-evacuation-for-citizens-stranded-in-gulf\\\/\",\"name\":\"Belgium plans military evacuation for citizens stranded in Gulf - newmobility.news\",\"isPartOf\":{\"@id\":\"https:\\\/\\\/newmobility.news\\\/#website\"},\"primaryImageOfPage\":{\"@id\":\"https:\\\/\\\/newmobility.news\\\/2026\\\/03\\\/04\\\/belgium-plans-military-evacuation-for-citizens-stranded-in-gulf\\\/#primaryimage\"},\"image\":{\"@id\":\"https:\\\/\\\/newmobility.news\\\/2026\\\/03\\\/04\\\/belgium-plans-military-evacuation-for-citizens-stranded-in-gulf\\\/#primaryimage\"},\"thumbnailUrl\":\"https:\\\/\\\/i0.wp.com\\\/newmobility.news\\\/wp-content\\\/uploads\\\/2026\\\/03\\\/Web_A400M_4.png?fit=1024%2C768&ssl=1\",\"datePublished\":\"2026-03-04T11:15:07+00:00\",\"breadcrumb\":{\"@id\":\"https:\\\/\\\/newmobility.news\\\/2026\\\/03\\\/04\\\/belgium-plans-military-evacuation-for-citizens-stranded-in-gulf\\\/#breadcrumb\"},\"inLanguage\":\"nl-BE\",\"potentialAction\":[{\"@type\":\"ReadAction\",\"target\":[\"https:\\\/\\\/newmobility.news\\\/2026\\\/03\\\/04\\\/belgium-plans-military-evacuation-for-citizens-stranded-in-gulf\\\/\"]}]},{\"@type\":\"ImageObject\",\"inLanguage\":\"nl-BE\",\"@id\":\"https:\\\/\\\/newmobility.news\\\/2026\\\/03\\\/04\\\/belgium-plans-military-evacuation-for-citizens-stranded-in-gulf\\\/#primaryimage\",\"url\":\"https:\\\/\\\/i0.wp.com\\\/newmobility.news\\\/wp-content\\\/uploads\\\/2026\\\/03\\\/Web_A400M_4.png?fit=1024%2C768&ssl=1\",\"contentUrl\":\"https:\\\/\\\/i0.wp.com\\\/newmobility.news\\\/wp-content\\\/uploads\\\/2026\\\/03\\\/Web_A400M_4.png?fit=1024%2C768&ssl=1\",\"width\":1024,\"height\":768,\"caption\":\"The Belgian Ministry of Defense is providing three aircraft, including two A400M transport planes, to repatriate Belgian tourists stranded in the Middle East\\\/Defensie.be\"},{\"@type\":\"BreadcrumbList\",\"@id\":\"https:\\\/\\\/newmobility.news\\\/2026\\\/03\\\/04\\\/belgium-plans-military-evacuation-for-citizens-stranded-in-gulf\\\/#breadcrumb\",\"itemListElement\":[{\"@type\":\"ListItem\",\"position\":1,\"name\":\"Home\",\"item\":\"https:\\\/\\\/newmobility.news\\\/\"},{\"@type\":\"ListItem\",\"position\":2,\"name\":\"Belgium plans military evacuation for citizens stranded in Gulf\"}]},{\"@type\":\"WebSite\",\"@id\":\"https:\\\/\\\/newmobility.news\\\/#website\",\"url\":\"https:\\\/\\\/newmobility.news\\\/\",\"name\":\"newmobility.news\",\"description\":\"A B2BNews Agency\u00ae news service for mobility business proessional\",\"publisher\":{\"@id\":\"https:\\\/\\\/newmobility.news\\\/#organization\"},\"potentialAction\":[{\"@type\":\"SearchAction\",\"target\":{\"@type\":\"EntryPoint\",\"urlTemplate\":\"https:\\\/\\\/newmobility.news\\\/?s={search_term_string}\"},\"query-input\":{\"@type\":\"PropertyValueSpecification\",\"valueRequired\":true,\"valueName\":\"search_term_string\"}}],\"inLanguage\":\"nl-BE\"},{\"@type\":\"Organization\",\"@id\":\"https:\\\/\\\/newmobility.news\\\/#organization\",\"name\":\"B2BNews Agency\",\"url\":\"https:\\\/\\\/newmobility.news\\\/\",\"logo\":{\"@type\":\"ImageObject\",\"inLanguage\":\"nl-BE\",\"@id\":\"https:\\\/\\\/newmobility.news\\\/#\\\/schema\\\/logo\\\/image\\\/\",\"url\":\"https:\\\/\\\/newmobility.news\\\/wp-content\\\/uploads\\\/2018\\\/01\\\/b2bnews-agency-logo.png\",\"contentUrl\":\"https:\\\/\\\/newmobility.news\\\/wp-content\\\/uploads\\\/2018\\\/01\\\/b2bnews-agency-logo.png\",\"width\":\"581\",\"height\":\"117\",\"caption\":\"B2BNews Agency\"},\"image\":{\"@id\":\"https:\\\/\\\/newmobility.news\\\/#\\\/schema\\\/logo\\\/image\\\/\"},\"sameAs\":[\"https:\\\/\\\/www.facebook.com\\\/search\\\/top\\\/?q=newmobility.news\",\"https:\\\/\\\/x.com\\\/jorisvry\",\"https:\\\/\\\/www.linkedin.com\\\/in\\\/jorisvanroy\\\/\",\"https:\\\/\\\/nl.pinterest.com\\\/jorisvanroy\\\/\"]},{\"@type\":\"Person\",\"@id\":\"https:\\\/\\\/newmobility.news\\\/#\\\/schema\\\/person\\\/a31e684b1039b4a94985a9aae156f28b\",\"name\":\"Luc Joris\",\"image\":{\"@type\":\"ImageObject\",\"inLanguage\":\"nl-BE\",\"@id\":\"https:\\\/\\\/secure.gravatar.com\\\/avatar\\\/9e27cf9984ae903174b14c7dd33d523290f03fd71803b04bc6e486c7259b2920?s=96&d=mm&r=g\",\"url\":\"https:\\\/\\\/secure.gravatar.com\\\/avatar\\\/9e27cf9984ae903174b14c7dd33d523290f03fd71803b04bc6e486c7259b2920?s=96&d=mm&r=g\",\"contentUrl\":\"https:\\\/\\\/secure.gravatar.com\\\/avatar\\\/9e27cf9984ae903174b14c7dd33d523290f03fd71803b04bc6e486c7259b2920?s=96&d=mm&r=g\",\"caption\":\"Luc Joris\"},\"url\":\"https:\\\/\\\/newmobility.news\\\/nl\\\/author\\\/belga-5\\\/\"}]}<\/script>\n<!-- \/ Yoast SEO plugin. -->","yoast_head_json":{"title":"Belgi\u00eb plant militaire evacuatie voor burgers gestrand in Golf - newmobility.news","robots":{"index":"index","follow":"follow","max-snippet":"max-snippet:-1","max-image-preview":"max-image-preview:large","max-video-preview":"max-video-preview:-1"},"canonical":"https:\/\/newmobility.news\/nl\/2026\/03\/04\/belgium-plans-military-evacuation-for-citizens-stranded-in-gulf\/","og_locale":"nl_BE","og_type":"article","og_title":"Belgium plans military evacuation for citizens stranded in Gulf - newmobility.news","og_description":"Like most European countries, Belgium is also busy organizing the repatriation of Belgians stranded in the Middle East due to the military escalation in Iran. Minister of Foreign Affairs Maxime Pr\u00e9vot (Les Engag\u00e9s) is working closely with Minister of Defense Theo Francken (N-VA) to this end. There are currently almost 26,000 Belgians in the affected [&hellip;]","og_url":"https:\/\/newmobility.news\/nl\/2026\/03\/04\/belgium-plans-military-evacuation-for-citizens-stranded-in-gulf\/","og_site_name":"newmobility.news","article_publisher":"https:\/\/www.facebook.com\/search\/top\/?q=newmobility.news","article_published_time":"2026-03-04T11:15:07+00:00","og_image":[{"width":1024,"height":768,"url":"https:\/\/i0.wp.com\/newmobility.news\/wp-content\/uploads\/2026\/03\/Web_A400M_4.png?fit=1024%2C768&ssl=1","type":"image\/png"}],"author":"Luc Joris","twitter_card":"summary_large_image","twitter_creator":"@jorisvry","twitter_site":"@jorisvry","twitter_misc":{"Geschreven door":"Luc Joris","Geschatte leestijd":"3 minuten"},"schema":{"@context":"https:\/\/schema.org","@graph":[{"@type":"Article","@id":"https:\/\/newmobility.news\/2026\/03\/04\/belgium-plans-military-evacuation-for-citizens-stranded-in-gulf\/#article","isPartOf":{"@id":"https:\/\/newmobility.news\/2026\/03\/04\/belgium-plans-military-evacuation-for-citizens-stranded-in-gulf\/"},"author":{"name":"Luc Joris","@id":"https:\/\/newmobility.news\/#\/schema\/person\/a31e684b1039b4a94985a9aae156f28b"},"headline":"Belgium plans military evacuation for citizens stranded in Gulf","datePublished":"2026-03-04T11:15:07+00:00","mainEntityOfPage":{"@id":"https:\/\/newmobility.news\/2026\/03\/04\/belgium-plans-military-evacuation-for-citizens-stranded-in-gulf\/"},"wordCount":546,"publisher":{"@id":"https:\/\/newmobility.news\/#organization"},"image":{"@id":"https:\/\/newmobility.news\/2026\/03\/04\/belgium-plans-military-evacuation-for-citizens-stranded-in-gulf\/#primaryimage"},"thumbnailUrl":"https:\/\/i0.wp.com\/newmobility.news\/wp-content\/uploads\/2026\/03\/Web_A400M_4.png?fit=1024%2C768&ssl=1","articleSection":["Aviation","Belgium","Mobility","Top Stories Today","Transport"],"inLanguage":"nl-BE"},{"@type":"WebPage","@id":"https:\/\/newmobility.news\/2026\/03\/04\/belgium-plans-military-evacuation-for-citizens-stranded-in-gulf\/","url":"https:\/\/newmobility.news\/2026\/03\/04\/belgium-plans-military-evacuation-for-citizens-stranded-in-gulf\/","name":"Belgi\u00eb plant militaire evacuatie voor burgers gestrand in Golf - newmobility.news","isPartOf":{"@id":"https:\/\/newmobility.news\/#website"},"primaryImageOfPage":{"@id":"https:\/\/newmobility.news\/2026\/03\/04\/belgium-plans-military-evacuation-for-citizens-stranded-in-gulf\/#primaryimage"},"image":{"@id":"https:\/\/newmobility.news\/2026\/03\/04\/belgium-plans-military-evacuation-for-citizens-stranded-in-gulf\/#primaryimage"},"thumbnailUrl":"https:\/\/i0.wp.com\/newmobility.news\/wp-content\/uploads\/2026\/03\/Web_A400M_4.png?fit=1024%2C768&ssl=1","datePublished":"2026-03-04T11:15:07+00:00","breadcrumb":{"@id":"https:\/\/newmobility.news\/2026\/03\/04\/belgium-plans-military-evacuation-for-citizens-stranded-in-gulf\/#breadcrumb"},"inLanguage":"nl-BE","potentialAction":[{"@type":"ReadAction","target":["https:\/\/newmobility.news\/2026\/03\/04\/belgium-plans-military-evacuation-for-citizens-stranded-in-gulf\/"]}]},{"@type":"ImageObject","inLanguage":"nl-BE","@id":"https:\/\/newmobility.news\/2026\/03\/04\/belgium-plans-military-evacuation-for-citizens-stranded-in-gulf\/#primaryimage","url":"https:\/\/i0.wp.com\/newmobility.news\/wp-content\/uploads\/2026\/03\/Web_A400M_4.png?fit=1024%2C768&ssl=1","contentUrl":"https:\/\/i0.wp.com\/newmobility.news\/wp-content\/uploads\/2026\/03\/Web_A400M_4.png?fit=1024%2C768&ssl=1","width":1024,"height":768,"caption":"The Belgian Ministry of Defense is providing three aircraft, including two A400M transport planes, to repatriate Belgian tourists stranded in the Middle East\/Defensie.be"},{"@type":"BreadcrumbList","@id":"https:\/\/newmobility.news\/2026\/03\/04\/belgium-plans-military-evacuation-for-citizens-stranded-in-gulf\/#breadcrumb","itemListElement":[{"@type":"ListItem","position":1,"name":"Home","item":"https:\/\/newmobility.news\/"},{"@type":"ListItem","position":2,"name":"Belgium plans military evacuation for citizens stranded in Gulf"}]},{"@type":"WebSite","@id":"https:\/\/newmobility.news\/#website","url":"https:\/\/newmobility.news\/","name":"nieuwemobiliteit.nieuws","description":"Een nieuwsdienst van B2BNews Agency\u00ae voor professionals in de mobiliteitssector","publisher":{"@id":"https:\/\/newmobility.news\/#organization"},"potentialAction":[{"@type":"SearchAction","target":{"@type":"EntryPoint","urlTemplate":"https:\/\/newmobility.news\/?s={search_term_string}"},"query-input":{"@type":"PropertyValueSpecification","valueRequired":true,"valueName":"search_term_string"}}],"inLanguage":"nl-BE"},{"@type":"Organization","@id":"https:\/\/newmobility.news\/#organization","name":"B2BNieuwsagentschap","url":"https:\/\/newmobility.news\/","logo":{"@type":"ImageObject","inLanguage":"nl-BE","@id":"https:\/\/newmobility.news\/#\/schema\/logo\/image\/","url":"https:\/\/newmobility.news\/wp-content\/uploads\/2018\/01\/b2bnews-agency-logo.png","contentUrl":"https:\/\/newmobility.news\/wp-content\/uploads\/2018\/01\/b2bnews-agency-logo.png","width":"581","height":"117","caption":"B2BNews Agency"},"image":{"@id":"https:\/\/newmobility.news\/#\/schema\/logo\/image\/"},"sameAs":["https:\/\/www.facebook.com\/search\/top\/?q=newmobility.news","https:\/\/x.com\/jorisvry","https:\/\/www.linkedin.com\/in\/jorisvanroy\/","https:\/\/nl.pinterest.com\/jorisvanroy\/"]},{"@type":"Person","@id":"https:\/\/newmobility.news\/#\/schema\/person\/a31e684b1039b4a94985a9aae156f28b","name":"Luc Joris","image":{"@type":"ImageObject","inLanguage":"nl-BE","@id":"https:\/\/secure.gravatar.com\/avatar\/9e27cf9984ae903174b14c7dd33d523290f03fd71803b04bc6e486c7259b2920?s=96&d=mm&r=g","url":"https:\/\/secure.gravatar.com\/avatar\/9e27cf9984ae903174b14c7dd33d523290f03fd71803b04bc6e486c7259b2920?s=96&d=mm&r=g","contentUrl":"https:\/\/secure.gravatar.com\/avatar\/9e27cf9984ae903174b14c7dd33d523290f03fd71803b04bc6e486c7259b2920?s=96&d=mm&r=g","caption":"Luc Joris"},"url":"https:\/\/newmobility.news\/nl\/author\/belga-5\/"}]}},"jetpack_publicize_connections":[],"jetpack_featured_media_url":"https:\/\/i0.wp.com\/newmobility.news\/wp-content\/uploads\/2026\/03\/Web_A400M_4.png?fit=1024%2C768&ssl=1","jetpack_shortlink":"https:\/\/wp.me\/p9wJdU-Lru","jetpack_sharing_enabled":true,"jetpack_likes_enabled":true,"jetpack-related-posts":[],"_links":{"self":[{"href":"https:\/\/newmobility.news\/nl\/wp-json\/wp\/v2\/posts\/182372","targetHints":{"allow":["GET"]}}],"collection":[{"href":"https:\/\/newmobility.news\/nl\/wp-json\/wp\/v2\/posts"}],"about":[{"href":"https:\/\/newmobility.news\/nl\/wp-json\/wp\/v2\/types\/post"}],"author":[{"embeddable":true,"href":"https:\/\/newmobility.news\/nl\/wp-json\/wp\/v2\/users\/164"}],"replies":[{"embeddable":true,"href":"https:\/\/newmobility.news\/nl\/wp-json\/wp\/v2\/comments?post=182372"}],"version-history":[{"count":10,"href":"https:\/\/newmobility.news\/nl\/wp-json\/wp\/v2\/posts\/182372\/revisions"}],"predecessor-version":[{"id":182413,"href":"https:\/\/newmobility.news\/nl\/wp-json\/wp\/v2\/posts\/182372\/revisions\/182413"}],"wp:featuredmedia":[{"embeddable":true,"href":"https:\/\/newmobility.news\/nl\/wp-json\/wp\/v2\/media\/182393"}],"wp:attachment":[{"href":"https:\/\/newmobility.news\/nl\/wp-json\/wp\/v2\/media?parent=182372"}],"wp:term":[{"taxonomy":"category","embeddable":true,"href":"https:\/\/newmobility.news\/nl\/wp-json\/wp\/v2\/categories?post=182372"},{"taxonomy":"post_tag","embeddable":true,"href":"https:\/\/newmobility.news\/nl\/wp-json\/wp\/v2\/tags?post=182372"}],"curies":[{"name":"wp","href":"https:\/\/api.w.org\/{rel}","templated":true}]}}