{"id":182861,"date":"2026-03-13T12:10:27","date_gmt":"2026-03-13T11:10:27","guid":{"rendered":"https:\/\/newmobility.news\/?p=182861"},"modified":"2026-03-13T11:11:04","modified_gmt":"2026-03-13T10:11:04","slug":"skoda-posts-record-results-while-volkswagen-group-struggles","status":"publish","type":"post","link":"https:\/\/newmobility.news\/nl\/2026\/03\/13\/skoda-posts-record-results-while-volkswagen-group-struggles\/","title":{"rendered":"\u0160koda boekt recordresultaten terwijl Volkswagen Group worstelt"},"content":{"rendered":"<p>De Tsjechische autofabrikant \u0160koda Auto heeft de beste financi\u00eble resultaten in zijn geschiedenis behaald, wat wijst op een groeiend contrast binnen de bredere Volkswagen Group en de veerkracht van het merk in een uitdagende Europese automarkt onderstreept.<\/p>\n<p>De Tsjechische fabrikant <a href=\"https:\/\/www.skoda-storyboard.com\/en\/press-releases\/skoda-auto-hit-another-record-year-in-2025-will-double-its-all-electric-portfolio-in-2026\/?utm_source=chatgpt.com\">rapporteerde een recordomzet van \u20ac30,1 miljard in 2025<\/a>, een stijging van 8,3% ten opzichte van het voorgaande jaar. De bedrijfswinst steeg met 8,6% tot \u20ac2,5 miljard, terwijl de bedrijfsmarge sterk bleef op 8,3%.<\/p>\n<p>Het bedrijf genereerde ook een netto kasstroom van \u20ac2,3 miljard. Voor de dochteronderneming van Volkswagen betekenen deze cijfers een recordhoogte en bevestigen ze het groeiende belang van het merk binnen de portefeuille van de groep.<\/p>\n<p><img data-recalc-dims=\"1\" loading=\"lazy\" decoding=\"async\" class=\"aligncenter size-full wp-image-182863\" src=\"https:\/\/i0.wp.com\/newmobility.news\/wp-content\/uploads\/2026\/03\/financial_results_2025_en_2af87cfb-1920x1333-1.jpg?resize=640%2C444&#038;ssl=1\" alt=\"\" width=\"640\" height=\"444\" srcset=\"https:\/\/i0.wp.com\/newmobility.news\/wp-content\/uploads\/2026\/03\/financial_results_2025_en_2af87cfb-1920x1333-1.jpg?w=1920&amp;ssl=1 1920w, https:\/\/i0.wp.com\/newmobility.news\/wp-content\/uploads\/2026\/03\/financial_results_2025_en_2af87cfb-1920x1333-1.jpg?w=1280&amp;ssl=1 1280w\" sizes=\"auto, (max-width: 640px) 100vw, 640px\" \/><\/p>\n<h4><span class=\"BZ_Pyq_fadeIn\">Versnellen <\/span><span class=\"BZ_Pyq_fadeIn\">zijn <\/span><span class=\"BZ_Pyq_fadeIn\">overgang <\/span><\/h4>\n<p>Terwijl verschillende Europese fabrikanten worstelen met een afnemende vraag, stijgende kosten voor elektrificatie en hevige concurrentie van Chinese merken, is \u0160koda erin geslaagd om groei te combineren met een solide winstgevendheid.<\/p>\n<p>Een deel van dit succes is te danken aan een breed en relatief betaalbaar modellengamma, evenals aan de sterke vraag in Europa en opkomende markten zoals India. Het bedrijf profiteerde ook van de stijgende verkoop van ge\u00eblektrificeerde voertuigen en een kosteneffici\u00ebntieprogramma dat enkele jaren geleden werd ge\u00efntroduceerd.<\/p>\n<p><span class=\"BZ_Pyq_fadeIn\">\u0160koda <\/span><span class=\"BZ_Pyq_fadeIn\">is<\/span><span class=\"BZ_Pyq_fadeIn\">\u00a0<\/span><span class=\"BZ_Pyq_fadeIn\">versnellend <\/span><span class=\"BZ_Pyq_fadeIn\">zijn <\/span><span class=\"BZ_Pyq_fadeIn\">overgang <\/span><span class=\"BZ_Pyq_fadeIn\">naar <\/span><span class=\"BZ_Pyq_fadeIn\">elektrische <\/span><span class=\"BZ_Pyq_fadeIn\">mobiliteit. <\/span><span class=\"BZ_Pyq_fadeIn\">De <\/span><span class=\"BZ_Pyq_fadeIn\">Tsjechisch <\/span><span class=\"BZ_Pyq_fadeIn\">fabrikant <\/span><span class=\"BZ_Pyq_fadeIn\">plannen <\/span><span class=\"BZ_Pyq_fadeIn\">naar <\/span><span class=\"BZ_Pyq_fadeIn\">dubbel <\/span><span class=\"BZ_Pyq_fadeIn\">zijn <\/span><span class=\"BZ_Pyq_fadeIn\">allemaal<\/span><span class=\"BZ_Pyq_fadeIn\">elektrische <\/span><span class=\"BZ_Pyq_fadeIn\">portfolio <\/span><span class=\"BZ_Pyq_fadeIn\">door <\/span><span class=\"BZ_Pyq_fadeIn\">2026, <\/span><span class=\"BZ_Pyq_fadeIn\">uitbreiding <\/span><span class=\"BZ_Pyq_fadeIn\">verder dan <\/span><span class=\"BZ_Pyq_fadeIn\">de <\/span><span class=\"BZ_Pyq_fadeIn\">huidige <\/span><span class=\"BZ_Pyq_fadeIn\">Enyaq <\/span><span class=\"BZ_Pyq_fadeIn\">en <\/span><span class=\"BZ_Pyq_fadeIn\">onlangs <\/span><span class=\"BZ_Pyq_fadeIn\">introduceerde <\/span><span class=\"BZ_Pyq_fadeIn\">Elroq. <\/span><\/p>\n<p><span class=\"BZ_Pyq_fadeIn\">Twee <\/span><span class=\"BZ_Pyq_fadeIn\">extra <\/span><span class=\"BZ_Pyq_fadeIn\">modellen <\/span><span class=\"BZ_Pyq_fadeIn\">zijn <\/span><span class=\"BZ_Pyq_fadeIn\">verwacht <\/span><span class=\"BZ_Pyq_fadeIn\">naar <\/span><span class=\"BZ_Pyq_fadeIn\">word lid van <\/span><span class=\"BZ_Pyq_fadeIn\">de <\/span><span class=\"BZ_Pyq_fadeIn\">line-up: <\/span><span class=\"BZ_Pyq_fadeIn\">de <\/span><span class=\"BZ_Pyq_fadeIn\">het compacte instapmodel Epiq, gericht op het betaalbaarder maken van elektrische mobiliteit, en het grotere vlaggenschip, de Peaq SUV,<\/span><span class=\"BZ_Pyq_fadeIn\">\u00a0<\/span><span class=\"BZ_Pyq_fadeIn\">afgeleid <\/span><span class=\"BZ_Pyq_fadeIn\">van <\/span><span class=\"BZ_Pyq_fadeIn\">de <\/span><span class=\"BZ_Pyq_fadeIn\">Visie <\/span><span class=\"BZ_Pyq_fadeIn\">7S <\/span><span class=\"BZ_Pyq_fadeIn\">concept. <\/span><\/p>\n<h4>Opvallen in VW Groep<\/h4>\n<p><span class=\"BZ_Pyq_fadeIn\">Met <\/span><span class=\"BZ_Pyq_fadeIn\">deze <\/span><span class=\"BZ_Pyq_fadeIn\">toevoegingen, <\/span><span class=\"BZ_Pyq_fadeIn\">\u0160koda <\/span><span class=\"BZ_Pyq_fadeIn\">doelstellingen <\/span><span class=\"BZ_Pyq_fadeIn\">naar <\/span><span class=\"BZ_Pyq_fadeIn\">cover <\/span><span class=\"BZ_Pyq_fadeIn\">verschillende <\/span><span class=\"BZ_Pyq_fadeIn\">toets <\/span><span class=\"BZ_Pyq_fadeIn\">SUV <\/span><span class=\"BZ_Pyq_fadeIn\">segmenten <\/span><span class=\"BZ_Pyq_fadeIn\">in <\/span><span class=\"BZ_Pyq_fadeIn\">de <\/span><span class=\"BZ_Pyq_fadeIn\">elektrische <\/span><span class=\"BZ_Pyq_fadeIn\">markt <\/span><span class=\"BZ_Pyq_fadeIn\">terwijl <\/span><span class=\"BZ_Pyq_fadeIn\">onderhouden <\/span><span class=\"BZ_Pyq_fadeIn\">zijn <\/span><span class=\"BZ_Pyq_fadeIn\">traditioneel <\/span><span class=\"BZ_Pyq_fadeIn\">positionering <\/span><span class=\"BZ_Pyq_fadeIn\">als <\/span><span class=\"BZ_Pyq_fadeIn\">a <\/span><span class=\"BZ_Pyq_fadeIn\">praktisch <\/span><span class=\"BZ_Pyq_fadeIn\">en <\/span><span class=\"BZ_Pyq_fadeIn\">relatief <\/span><span class=\"BZ_Pyq_fadeIn\">toegankelijk <\/span><span class=\"BZ_Pyq_fadeIn\">merk <\/span><span class=\"BZ_Pyq_fadeIn\">binnen <\/span><span class=\"BZ_Pyq_fadeIn\">de <\/span><span class=\"BZ_Pyq_fadeIn\">Volkswagen <\/span><span class=\"BZ_Pyq_fadeIn\">Groep.<\/span><\/p>\n<p>De sterke prestaties van \u0160koda staan in contrast met een moeilijkere periode voor delen van de Volkswagen Group. De Duitse autofabrikant worstelt met dalende verkopen in China en de zware investeringen die nodig zijn om de overgang naar elektrische mobiliteit voor al zijn merken te versnellen.<\/p>\n<p>Binnen die context is \u0160koda een van de meest stabiele winstbijdragers van de groep geworden. De dynamiek van het merk is ook zichtbaar in Europa. In de EU27 en aanverwante markten is \u0160koda opgeklommen tot het op twee na best verkopende automerk, wat zijn groeiende rol in het segment van de massamarkt onderstreept.<\/p>\n<h4>De Belgische zaak<\/h4>\n<p>Belgi\u00eb is een interessant voorbeeld van hoe de Tsjechische fabrikant past in het bredere Europese landschap. De Belgische automarkt stond het afgelopen jaar onder druk. Volgens sectorfederatie Febiac daalde het aantal inschrijvingen van nieuwe personenauto's in 2025 met 7,5% tot ongeveer 414.770 voertuigen.<\/p>\n<p>Ondanks deze krimp blijft de markt een van de meest ongewone in Europa vanwege de dominantie van bedrijfsauto's en leasewagens. De luxemerken nemen dan ook een onevenredig sterke positie in. BMW leidt typisch de Belgische markt met een aandeel van ruwweg 10-11%, gevolgd door Volkswagen en Mercedes-Benz.<\/p>\n<p>In deze omgeving neemt \u0160koda een solide maar bescheiden positie in op de ranglijst van merken. Het merk staat meestal in de top tien en profiteert van zijn reputatie als voordelig merk dat nog steeds vertrouwt op de technologie van de Volkswagen Groep.<\/p>\n<p>Modellen zoals de Octavia, Kodiaq en Kamiq blijven populair bij fleetkopers die op zoek zijn naar praktische alternatieven voor duurdere Duitse topmodellen.<\/p>\n<p>Recente maandelijkse cijfers suggereren dat het merk zelfs terrein aan het winnen is. In januari 2026 steeg het aantal inschrijvingen van \u0160koda in Belgi\u00eb sterk jaar-op-jaar ondanks een krimpende markt, waardoor die maand een marktaandeel van bijna 6% werd bereikt.<\/p>\n<h4>Betaalbare auto's met concurrerende technologie<\/h4>\n<p>Het Belgische geval illustreert een breder patroon in heel Europa. Terwijl de luxemerken de markten met veel wagenparken domineren, heeft \u0160koda zich uitgebreid door relatief betaalbare auto's aan te bieden met concurrerende technologie en steeds meer ge\u00eblektrificeerde aandrijflijnen.<\/p>\n<p>Voor de toekomst is het bedrijf van plan om de overgang naar elektrisch te versnellen. Het merk is van plan om zijn EV-gamma de komende jaren verder uit te breiden, voortbouwend op het succes van modellen zoals de Enyaq, en tegelijkertijd nieuwe elektrische SUV's op instapniveau voor te bereiden.<\/p>\n<p>Voor Volkswagen Group biedt het aanhoudende succes van de Tsjechische dochteronderneming een belangrijk tegenwicht in een periode van transformatie in de auto-industrie.<\/p>\n<p>In een markt die geconfronteerd wordt met de kosten van elektrificatie, geopolitieke onzekerheid en toenemende concurrentie, tonen de recordresultaten van \u0160koda aan dat traditionele merken voor de massamarkt nog steeds kunnen groeien - zelfs wanneer de industrie het in het algemeen moeilijk heeft.<\/p>","protected":false},"excerpt":{"rendered":"<p>Czech carmaker \u0160koda Auto has delivered the best financial results in its history, highlighting a growing contrast within the wider Volkswagen Group and underlining the brand\u2019s resilience in a challenging European car market. The Czech manufacturer reported record revenue of \u20ac30.1 billion in 2025, up 8.3% from the previous year. Operating profit rose 8.6% to [&hellip;]<\/p>\n","protected":false},"author":21,"featured_media":182864,"comment_status":"closed","ping_status":"closed","sticky":false,"template":"","format":"standard","meta":{"_acf_changed":false,"jetpack_post_was_ever_published":false,"_jetpack_newsletter_access":"","_jetpack_dont_email_post_to_subs":false,"_jetpack_newsletter_tier_id":0,"_jetpack_memberships_contains_paywalled_content":false,"_jetpack_memberships_contains_paid_content":false,"footnotes":"","jetpack_publicize_message":"","jetpack_publicize_feature_enabled":true,"jetpack_social_post_already_shared":true,"jetpack_social_options":{"image_generator_settings":{"template":"highway","default_image_id":0,"font":"","enabled":false},"version":2},"_wpas_customize_per_network":false},"categories":[77170,28,16,77169,4],"tags":[],"class_list":["post-182861","post","type-post","status-publish","format-standard","has-post-thumbnail","hentry","category-belgium","category-europe","category-industry","category-market","category-top-stories-today"],"acf":[],"featured_image_urls_v2":{"full":["https:\/\/i0.wp.com\/newmobility.news\/wp-content\/uploads\/2026\/03\/Scherm%C2%ADafbeelding-2026-03-13-om-10.58.52.png?fit=2070%2C1382&ssl=1",2070,1382,false],"thumbnail":["https:\/\/i0.wp.com\/newmobility.news\/wp-content\/uploads\/2026\/03\/Scherm%C2%ADafbeelding-2026-03-13-om-10.58.52.png?resize=150%2C150&ssl=1",150,150,true],"medium":["https:\/\/i0.wp.com\/newmobility.news\/wp-content\/uploads\/2026\/03\/Scherm%C2%ADafbeelding-2026-03-13-om-10.58.52.png?fit=300%2C200&ssl=1",300,200,true],"medium_large":["https:\/\/i0.wp.com\/newmobility.news\/wp-content\/uploads\/2026\/03\/Scherm%C2%ADafbeelding-2026-03-13-om-10.58.52.png?fit=640%2C427&ssl=1",640,427,true],"large":["https:\/\/i0.wp.com\/newmobility.news\/wp-content\/uploads\/2026\/03\/Scherm%C2%ADafbeelding-2026-03-13-om-10.58.52.png?fit=640%2C428&ssl=1",640,428,true],"1536x1536":["https:\/\/i0.wp.com\/newmobility.news\/wp-content\/uploads\/2026\/03\/Scherm%C2%ADafbeelding-2026-03-13-om-10.58.52.png?fit=1536%2C1025&ssl=1",1536,1025,true],"2048x2048":["https:\/\/i0.wp.com\/newmobility.news\/wp-content\/uploads\/2026\/03\/Scherm%C2%ADafbeelding-2026-03-13-om-10.58.52.png?fit=2048%2C1367&ssl=1",2048,1367,true],"trp-custom-language-flag":["https:\/\/i0.wp.com\/newmobility.news\/wp-content\/uploads\/2026\/03\/Scherm%C2%ADafbeelding-2026-03-13-om-10.58.52.png?fit=18%2C12&ssl=1",18,12,true],"related-thumb":["https:\/\/i0.wp.com\/newmobility.news\/wp-content\/uploads\/2026\/03\/Scherm%C2%ADafbeelding-2026-03-13-om-10.58.52.png?resize=640%2C480&ssl=1",640,480,true],"gform-image-choice-sm":["https:\/\/i0.wp.com\/newmobility.news\/wp-content\/uploads\/2026\/03\/Scherm%C2%ADafbeelding-2026-03-13-om-10.58.52.png?resize=300%2C300&ssl=1",300,300,true],"gform-image-choice-md":["https:\/\/i0.wp.com\/newmobility.news\/wp-content\/uploads\/2026\/03\/Scherm%C2%ADafbeelding-2026-03-13-om-10.58.52.png?resize=400%2C400&ssl=1",400,400,true],"gform-image-choice-lg":["https:\/\/i0.wp.com\/newmobility.news\/wp-content\/uploads\/2026\/03\/Scherm%C2%ADafbeelding-2026-03-13-om-10.58.52.png?resize=600%2C600&ssl=1",600,600,true],"mailchimp":["https:\/\/i0.wp.com\/newmobility.news\/wp-content\/uploads\/2026\/03\/Scherm%C2%ADafbeelding-2026-03-13-om-10.58.52.png?fit=560%2C374&ssl=1",560,374,true],"unipress-phone":["https:\/\/i0.wp.com\/newmobility.news\/wp-content\/uploads\/2026\/03\/Scherm%C2%ADafbeelding-2026-03-13-om-10.58.52.png?resize=640%2C100&ssl=1",640,100,true],"unipress-tablet":["https:\/\/i0.wp.com\/newmobility.news\/wp-content\/uploads\/2026\/03\/Scherm%C2%ADafbeelding-2026-03-13-om-10.58.52.png?resize=1536%2C240&ssl=1",1536,240,true],"unipress-tablet-portrait":["https:\/\/i0.wp.com\/newmobility.news\/wp-content\/uploads\/2026\/03\/Scherm%C2%ADafbeelding-2026-03-13-om-10.58.52.png?resize=1536%2C180&ssl=1",1536,180,true],"unipress-tablet-landscape":["https:\/\/i0.wp.com\/newmobility.news\/wp-content\/uploads\/2026\/03\/Scherm%C2%ADafbeelding-2026-03-13-om-10.58.52.png?resize=2048%2C180&ssl=1",2048,180,true],"unipress-smartphone":["https:\/\/i0.wp.com\/newmobility.news\/wp-content\/uploads\/2026\/03\/Scherm%C2%ADafbeelding-2026-03-13-om-10.58.52.png?resize=1080%2C168&ssl=1",1080,168,true],"unipress-wide-screen":["https:\/\/i0.wp.com\/newmobility.news\/wp-content\/uploads\/2026\/03\/Scherm%C2%ADafbeelding-2026-03-13-om-10.58.52.png?resize=2070%2C180&ssl=1",2070,180,true]},"post_excerpt_stackable_v2":"<p>Czech carmaker \u0160koda Auto has delivered the best financial results in its history, highlighting a growing contrast within the wider Volkswagen Group and underlining the brand\u2019s resilience in a challenging European car market. The Czech manufacturer reported record revenue of \u20ac30.1 billion in 2025, up 8.3% from the previous year. Operating profit rose 8.6% to \u20ac2.5 billion, while the operating margin remained strong at 8.3%. The company also generated \u20ac2.3 billion in net cash flow. For the Volkswagen subsidiary, these figures represent an all-time high and confirm the brand&#8217;s growing importance within the group\u2019s portfolio. Accelerating its transition While several&hellip;<\/p>\n","category_list_v2":"<a href=\"https:\/\/newmobility.news\/nl\/category\/belgium\/\" rel=\"category tag\">Belgium<\/a>, <a href=\"https:\/\/newmobility.news\/nl\/category\/europe\/\" rel=\"category tag\">Europe<\/a>, <a href=\"https:\/\/newmobility.news\/nl\/category\/industry\/\" rel=\"category tag\">Industry<\/a>, <a href=\"https:\/\/newmobility.news\/nl\/category\/market\/\" rel=\"category tag\">Market<\/a>, <a href=\"https:\/\/newmobility.news\/nl\/category\/top-stories-today\/\" rel=\"category tag\">Top Stories Today<\/a>","author_info_v2":{"name":"Joris Van Roy","url":"https:\/\/newmobility.news\/nl\/author\/jorisximcom-be\/"},"comments_num_v2":"0 comments","yoast_head":"<!-- This site is optimized with the Yoast SEO plugin v27.5 - https:\/\/yoast.com\/product\/yoast-seo-wordpress\/ -->\n<title>\u0160koda posts record results while Volkswagen Group struggles - newmobility.news<\/title>\n<meta name=\"robots\" content=\"index, follow, max-snippet:-1, max-image-preview:large, max-video-preview:-1\" \/>\n<link rel=\"canonical\" href=\"https:\/\/newmobility.news\/nl\/2026\/03\/13\/skoda-posts-record-results-while-volkswagen-group-struggles\/\" \/>\n<meta property=\"og:locale\" content=\"nl_BE\" \/>\n<meta property=\"og:type\" content=\"article\" \/>\n<meta property=\"og:title\" content=\"\u0160koda posts record results while Volkswagen Group struggles - newmobility.news\" \/>\n<meta property=\"og:description\" content=\"Czech carmaker \u0160koda Auto has delivered the best financial results in its history, highlighting a growing contrast within the wider Volkswagen Group and underlining the brand\u2019s resilience in a challenging European car market. The Czech manufacturer reported record revenue of \u20ac30.1 billion in 2025, up 8.3% from the previous year. Operating profit rose 8.6% to [&hellip;]\" \/>\n<meta property=\"og:url\" content=\"https:\/\/newmobility.news\/nl\/2026\/03\/13\/skoda-posts-record-results-while-volkswagen-group-struggles\/\" \/>\n<meta property=\"og:site_name\" content=\"newmobility.news\" \/>\n<meta property=\"article:publisher\" content=\"https:\/\/www.facebook.com\/search\/top\/?q=newmobility.news\" \/>\n<meta property=\"article:published_time\" content=\"2026-03-13T11:10:27+00:00\" \/>\n<meta property=\"og:image\" content=\"https:\/\/newmobility.news\/wp-content\/uploads\/2026\/03\/Scherm\u00adafbeelding-2026-03-13-om-10.58.52-1024x684.png\" \/>\n\t<meta property=\"og:image:width\" content=\"1024\" \/>\n\t<meta property=\"og:image:height\" content=\"684\" \/>\n\t<meta property=\"og:image:type\" content=\"image\/png\" \/>\n<meta name=\"author\" content=\"Joris Van Roy\" \/>\n<meta name=\"twitter:card\" content=\"summary_large_image\" \/>\n<meta name=\"twitter:creator\" content=\"@jorisvry\" \/>\n<meta name=\"twitter:site\" content=\"@jorisvry\" \/>\n<meta name=\"twitter:label1\" content=\"Geschreven door\" \/>\n\t<meta name=\"twitter:data1\" content=\"Joris Van Roy\" \/>\n\t<meta name=\"twitter:label2\" content=\"Geschatte leestijd\" \/>\n\t<meta name=\"twitter:data2\" content=\"4 minuten\" \/>\n<script type=\"application\/ld+json\" class=\"yoast-schema-graph\">{\"@context\":\"https:\\\/\\\/schema.org\",\"@graph\":[{\"@type\":\"Article\",\"@id\":\"https:\\\/\\\/newmobility.news\\\/2026\\\/03\\\/13\\\/skoda-posts-record-results-while-volkswagen-group-struggles\\\/#article\",\"isPartOf\":{\"@id\":\"https:\\\/\\\/newmobility.news\\\/2026\\\/03\\\/13\\\/skoda-posts-record-results-while-volkswagen-group-struggles\\\/\"},\"author\":{\"name\":\"Joris Van Roy\",\"@id\":\"https:\\\/\\\/newmobility.news\\\/#\\\/schema\\\/person\\\/c1ae99aef99238aa6a3d2e4fae62ca0d\"},\"headline\":\"\u0160koda posts record results while Volkswagen Group struggles\",\"datePublished\":\"2026-03-13T11:10:27+00:00\",\"mainEntityOfPage\":{\"@id\":\"https:\\\/\\\/newmobility.news\\\/2026\\\/03\\\/13\\\/skoda-posts-record-results-while-volkswagen-group-struggles\\\/\"},\"wordCount\":672,\"publisher\":{\"@id\":\"https:\\\/\\\/newmobility.news\\\/#organization\"},\"image\":{\"@id\":\"https:\\\/\\\/newmobility.news\\\/2026\\\/03\\\/13\\\/skoda-posts-record-results-while-volkswagen-group-struggles\\\/#primaryimage\"},\"thumbnailUrl\":\"https:\\\/\\\/i0.wp.com\\\/newmobility.news\\\/wp-content\\\/uploads\\\/2026\\\/03\\\/Scherm%C2%ADafbeelding-2026-03-13-om-10.58.52.png?fit=2070%2C1382&ssl=1\",\"articleSection\":[\"Belgium\",\"Europe\",\"Industry\",\"Market\",\"Top Stories Today\"],\"inLanguage\":\"nl-BE\"},{\"@type\":\"WebPage\",\"@id\":\"https:\\\/\\\/newmobility.news\\\/2026\\\/03\\\/13\\\/skoda-posts-record-results-while-volkswagen-group-struggles\\\/\",\"url\":\"https:\\\/\\\/newmobility.news\\\/2026\\\/03\\\/13\\\/skoda-posts-record-results-while-volkswagen-group-struggles\\\/\",\"name\":\"\u0160koda posts record results while Volkswagen Group struggles - newmobility.news\",\"isPartOf\":{\"@id\":\"https:\\\/\\\/newmobility.news\\\/#website\"},\"primaryImageOfPage\":{\"@id\":\"https:\\\/\\\/newmobility.news\\\/2026\\\/03\\\/13\\\/skoda-posts-record-results-while-volkswagen-group-struggles\\\/#primaryimage\"},\"image\":{\"@id\":\"https:\\\/\\\/newmobility.news\\\/2026\\\/03\\\/13\\\/skoda-posts-record-results-while-volkswagen-group-struggles\\\/#primaryimage\"},\"thumbnailUrl\":\"https:\\\/\\\/i0.wp.com\\\/newmobility.news\\\/wp-content\\\/uploads\\\/2026\\\/03\\\/Scherm%C2%ADafbeelding-2026-03-13-om-10.58.52.png?fit=2070%2C1382&ssl=1\",\"datePublished\":\"2026-03-13T11:10:27+00:00\",\"breadcrumb\":{\"@id\":\"https:\\\/\\\/newmobility.news\\\/2026\\\/03\\\/13\\\/skoda-posts-record-results-while-volkswagen-group-struggles\\\/#breadcrumb\"},\"inLanguage\":\"nl-BE\",\"potentialAction\":[{\"@type\":\"ReadAction\",\"target\":[\"https:\\\/\\\/newmobility.news\\\/2026\\\/03\\\/13\\\/skoda-posts-record-results-while-volkswagen-group-struggles\\\/\"]}]},{\"@type\":\"ImageObject\",\"inLanguage\":\"nl-BE\",\"@id\":\"https:\\\/\\\/newmobility.news\\\/2026\\\/03\\\/13\\\/skoda-posts-record-results-while-volkswagen-group-struggles\\\/#primaryimage\",\"url\":\"https:\\\/\\\/i0.wp.com\\\/newmobility.news\\\/wp-content\\\/uploads\\\/2026\\\/03\\\/Scherm%C2%ADafbeelding-2026-03-13-om-10.58.52.png?fit=2070%2C1382&ssl=1\",\"contentUrl\":\"https:\\\/\\\/i0.wp.com\\\/newmobility.news\\\/wp-content\\\/uploads\\\/2026\\\/03\\\/Scherm%C2%ADafbeelding-2026-03-13-om-10.58.52.png?fit=2070%2C1382&ssl=1\",\"width\":2070,\"height\":1382,\"caption\":\"\u0160koda\u2019s electric Enyaq RS illustrates the brand\u2019s shift toward electrification as it prepares to double its EV portfolio by 2026 \\\/Skoda\"},{\"@type\":\"BreadcrumbList\",\"@id\":\"https:\\\/\\\/newmobility.news\\\/2026\\\/03\\\/13\\\/skoda-posts-record-results-while-volkswagen-group-struggles\\\/#breadcrumb\",\"itemListElement\":[{\"@type\":\"ListItem\",\"position\":1,\"name\":\"Home\",\"item\":\"https:\\\/\\\/newmobility.news\\\/\"},{\"@type\":\"ListItem\",\"position\":2,\"name\":\"\u0160koda posts record results while Volkswagen Group struggles\"}]},{\"@type\":\"WebSite\",\"@id\":\"https:\\\/\\\/newmobility.news\\\/#website\",\"url\":\"https:\\\/\\\/newmobility.news\\\/\",\"name\":\"newmobility.news\",\"description\":\"A B2BNews Agency\u00ae news service for mobility business proessional\",\"publisher\":{\"@id\":\"https:\\\/\\\/newmobility.news\\\/#organization\"},\"potentialAction\":[{\"@type\":\"SearchAction\",\"target\":{\"@type\":\"EntryPoint\",\"urlTemplate\":\"https:\\\/\\\/newmobility.news\\\/?s={search_term_string}\"},\"query-input\":{\"@type\":\"PropertyValueSpecification\",\"valueRequired\":true,\"valueName\":\"search_term_string\"}}],\"inLanguage\":\"nl-BE\"},{\"@type\":\"Organization\",\"@id\":\"https:\\\/\\\/newmobility.news\\\/#organization\",\"name\":\"B2BNews Agency\",\"url\":\"https:\\\/\\\/newmobility.news\\\/\",\"logo\":{\"@type\":\"ImageObject\",\"inLanguage\":\"nl-BE\",\"@id\":\"https:\\\/\\\/newmobility.news\\\/#\\\/schema\\\/logo\\\/image\\\/\",\"url\":\"https:\\\/\\\/newmobility.news\\\/wp-content\\\/uploads\\\/2018\\\/01\\\/b2bnews-agency-logo.png\",\"contentUrl\":\"https:\\\/\\\/newmobility.news\\\/wp-content\\\/uploads\\\/2018\\\/01\\\/b2bnews-agency-logo.png\",\"width\":\"581\",\"height\":\"117\",\"caption\":\"B2BNews Agency\"},\"image\":{\"@id\":\"https:\\\/\\\/newmobility.news\\\/#\\\/schema\\\/logo\\\/image\\\/\"},\"sameAs\":[\"https:\\\/\\\/www.facebook.com\\\/search\\\/top\\\/?q=newmobility.news\",\"https:\\\/\\\/x.com\\\/jorisvry\",\"https:\\\/\\\/www.linkedin.com\\\/in\\\/jorisvanroy\\\/\",\"https:\\\/\\\/nl.pinterest.com\\\/jorisvanroy\\\/\"]},{\"@type\":\"Person\",\"@id\":\"https:\\\/\\\/newmobility.news\\\/#\\\/schema\\\/person\\\/c1ae99aef99238aa6a3d2e4fae62ca0d\",\"name\":\"Joris Van Roy\",\"image\":{\"@type\":\"ImageObject\",\"inLanguage\":\"nl-BE\",\"@id\":\"https:\\\/\\\/secure.gravatar.com\\\/avatar\\\/b82919546c1cd9980bd2bc08f09d294c7cb92b3addd23cb9a4377a7b88b4349b?s=96&d=mm&r=g\",\"url\":\"https:\\\/\\\/secure.gravatar.com\\\/avatar\\\/b82919546c1cd9980bd2bc08f09d294c7cb92b3addd23cb9a4377a7b88b4349b?s=96&d=mm&r=g\",\"contentUrl\":\"https:\\\/\\\/secure.gravatar.com\\\/avatar\\\/b82919546c1cd9980bd2bc08f09d294c7cb92b3addd23cb9a4377a7b88b4349b?s=96&d=mm&r=g\",\"caption\":\"Joris Van Roy\"},\"url\":\"https:\\\/\\\/newmobility.news\\\/nl\\\/author\\\/jorisximcom-be\\\/\"}]}<\/script>\n<!-- \/ Yoast SEO plugin. -->","yoast_head_json":{"title":"\u0160koda boekt recordresultaten terwijl Volkswagen Group worstelt - newmobility.news","robots":{"index":"index","follow":"follow","max-snippet":"max-snippet:-1","max-image-preview":"max-image-preview:large","max-video-preview":"max-video-preview:-1"},"canonical":"https:\/\/newmobility.news\/nl\/2026\/03\/13\/skoda-posts-record-results-while-volkswagen-group-struggles\/","og_locale":"nl_BE","og_type":"article","og_title":"\u0160koda posts record results while Volkswagen Group struggles - newmobility.news","og_description":"Czech carmaker \u0160koda Auto has delivered the best financial results in its history, highlighting a growing contrast within the wider Volkswagen Group and underlining the brand\u2019s resilience in a challenging European car market. The Czech manufacturer reported record revenue of \u20ac30.1 billion in 2025, up 8.3% from the previous year. Operating profit rose 8.6% to [&hellip;]","og_url":"https:\/\/newmobility.news\/nl\/2026\/03\/13\/skoda-posts-record-results-while-volkswagen-group-struggles\/","og_site_name":"newmobility.news","article_publisher":"https:\/\/www.facebook.com\/search\/top\/?q=newmobility.news","article_published_time":"2026-03-13T11:10:27+00:00","og_image":[{"width":1024,"height":684,"url":"https:\/\/newmobility.news\/wp-content\/uploads\/2026\/03\/Scherm\u00adafbeelding-2026-03-13-om-10.58.52-1024x684.png","type":"image\/png"}],"author":"Joris Van Roy","twitter_card":"summary_large_image","twitter_creator":"@jorisvry","twitter_site":"@jorisvry","twitter_misc":{"Geschreven door":"Joris Van Roy","Geschatte leestijd":"4 minuten"},"schema":{"@context":"https:\/\/schema.org","@graph":[{"@type":"Article","@id":"https:\/\/newmobility.news\/2026\/03\/13\/skoda-posts-record-results-while-volkswagen-group-struggles\/#article","isPartOf":{"@id":"https:\/\/newmobility.news\/2026\/03\/13\/skoda-posts-record-results-while-volkswagen-group-struggles\/"},"author":{"name":"Joris Van Roy","@id":"https:\/\/newmobility.news\/#\/schema\/person\/c1ae99aef99238aa6a3d2e4fae62ca0d"},"headline":"\u0160koda posts record results while Volkswagen Group struggles","datePublished":"2026-03-13T11:10:27+00:00","mainEntityOfPage":{"@id":"https:\/\/newmobility.news\/2026\/03\/13\/skoda-posts-record-results-while-volkswagen-group-struggles\/"},"wordCount":672,"publisher":{"@id":"https:\/\/newmobility.news\/#organization"},"image":{"@id":"https:\/\/newmobility.news\/2026\/03\/13\/skoda-posts-record-results-while-volkswagen-group-struggles\/#primaryimage"},"thumbnailUrl":"https:\/\/i0.wp.com\/newmobility.news\/wp-content\/uploads\/2026\/03\/Scherm%C2%ADafbeelding-2026-03-13-om-10.58.52.png?fit=2070%2C1382&ssl=1","articleSection":["Belgium","Europe","Industry","Market","Top Stories Today"],"inLanguage":"nl-BE"},{"@type":"WebPage","@id":"https:\/\/newmobility.news\/2026\/03\/13\/skoda-posts-record-results-while-volkswagen-group-struggles\/","url":"https:\/\/newmobility.news\/2026\/03\/13\/skoda-posts-record-results-while-volkswagen-group-struggles\/","name":"\u0160koda boekt recordresultaten terwijl Volkswagen Group worstelt - newmobility.news","isPartOf":{"@id":"https:\/\/newmobility.news\/#website"},"primaryImageOfPage":{"@id":"https:\/\/newmobility.news\/2026\/03\/13\/skoda-posts-record-results-while-volkswagen-group-struggles\/#primaryimage"},"image":{"@id":"https:\/\/newmobility.news\/2026\/03\/13\/skoda-posts-record-results-while-volkswagen-group-struggles\/#primaryimage"},"thumbnailUrl":"https:\/\/i0.wp.com\/newmobility.news\/wp-content\/uploads\/2026\/03\/Scherm%C2%ADafbeelding-2026-03-13-om-10.58.52.png?fit=2070%2C1382&ssl=1","datePublished":"2026-03-13T11:10:27+00:00","breadcrumb":{"@id":"https:\/\/newmobility.news\/2026\/03\/13\/skoda-posts-record-results-while-volkswagen-group-struggles\/#breadcrumb"},"inLanguage":"nl-BE","potentialAction":[{"@type":"ReadAction","target":["https:\/\/newmobility.news\/2026\/03\/13\/skoda-posts-record-results-while-volkswagen-group-struggles\/"]}]},{"@type":"ImageObject","inLanguage":"nl-BE","@id":"https:\/\/newmobility.news\/2026\/03\/13\/skoda-posts-record-results-while-volkswagen-group-struggles\/#primaryimage","url":"https:\/\/i0.wp.com\/newmobility.news\/wp-content\/uploads\/2026\/03\/Scherm%C2%ADafbeelding-2026-03-13-om-10.58.52.png?fit=2070%2C1382&ssl=1","contentUrl":"https:\/\/i0.wp.com\/newmobility.news\/wp-content\/uploads\/2026\/03\/Scherm%C2%ADafbeelding-2026-03-13-om-10.58.52.png?fit=2070%2C1382&ssl=1","width":2070,"height":1382,"caption":"\u0160koda\u2019s electric Enyaq RS illustrates the brand\u2019s shift toward electrification as it prepares to double its EV portfolio by 2026 \/Skoda"},{"@type":"BreadcrumbList","@id":"https:\/\/newmobility.news\/2026\/03\/13\/skoda-posts-record-results-while-volkswagen-group-struggles\/#breadcrumb","itemListElement":[{"@type":"ListItem","position":1,"name":"Home","item":"https:\/\/newmobility.news\/"},{"@type":"ListItem","position":2,"name":"\u0160koda posts record results while Volkswagen Group struggles"}]},{"@type":"WebSite","@id":"https:\/\/newmobility.news\/#website","url":"https:\/\/newmobility.news\/","name":"nieuwemobiliteit.nieuws","description":"Een nieuwsdienst van B2BNews Agency\u00ae voor professionals in de mobiliteitssector","publisher":{"@id":"https:\/\/newmobility.news\/#organization"},"potentialAction":[{"@type":"SearchAction","target":{"@type":"EntryPoint","urlTemplate":"https:\/\/newmobility.news\/?s={search_term_string}"},"query-input":{"@type":"PropertyValueSpecification","valueRequired":true,"valueName":"search_term_string"}}],"inLanguage":"nl-BE"},{"@type":"Organization","@id":"https:\/\/newmobility.news\/#organization","name":"B2BNieuwsagentschap","url":"https:\/\/newmobility.news\/","logo":{"@type":"ImageObject","inLanguage":"nl-BE","@id":"https:\/\/newmobility.news\/#\/schema\/logo\/image\/","url":"https:\/\/newmobility.news\/wp-content\/uploads\/2018\/01\/b2bnews-agency-logo.png","contentUrl":"https:\/\/newmobility.news\/wp-content\/uploads\/2018\/01\/b2bnews-agency-logo.png","width":"581","height":"117","caption":"B2BNews Agency"},"image":{"@id":"https:\/\/newmobility.news\/#\/schema\/logo\/image\/"},"sameAs":["https:\/\/www.facebook.com\/search\/top\/?q=newmobility.news","https:\/\/x.com\/jorisvry","https:\/\/www.linkedin.com\/in\/jorisvanroy\/","https:\/\/nl.pinterest.com\/jorisvanroy\/"]},{"@type":"Person","@id":"https:\/\/newmobility.news\/#\/schema\/person\/c1ae99aef99238aa6a3d2e4fae62ca0d","name":"Joris Van Roy","image":{"@type":"ImageObject","inLanguage":"nl-BE","@id":"https:\/\/secure.gravatar.com\/avatar\/b82919546c1cd9980bd2bc08f09d294c7cb92b3addd23cb9a4377a7b88b4349b?s=96&d=mm&r=g","url":"https:\/\/secure.gravatar.com\/avatar\/b82919546c1cd9980bd2bc08f09d294c7cb92b3addd23cb9a4377a7b88b4349b?s=96&d=mm&r=g","contentUrl":"https:\/\/secure.gravatar.com\/avatar\/b82919546c1cd9980bd2bc08f09d294c7cb92b3addd23cb9a4377a7b88b4349b?s=96&d=mm&r=g","caption":"Joris Van Roy"},"url":"https:\/\/newmobility.news\/nl\/author\/jorisximcom-be\/"}]}},"jetpack_publicize_connections":[],"jetpack_featured_media_url":"https:\/\/i0.wp.com\/newmobility.news\/wp-content\/uploads\/2026\/03\/Scherm%C2%ADafbeelding-2026-03-13-om-10.58.52.png?fit=2070%2C1382&ssl=1","jetpack_shortlink":"https:\/\/wp.me\/p9wJdU-Lzn","jetpack_sharing_enabled":true,"jetpack_likes_enabled":true,"jetpack-related-posts":[],"_links":{"self":[{"href":"https:\/\/newmobility.news\/nl\/wp-json\/wp\/v2\/posts\/182861","targetHints":{"allow":["GET"]}}],"collection":[{"href":"https:\/\/newmobility.news\/nl\/wp-json\/wp\/v2\/posts"}],"about":[{"href":"https:\/\/newmobility.news\/nl\/wp-json\/wp\/v2\/types\/post"}],"author":[{"embeddable":true,"href":"https:\/\/newmobility.news\/nl\/wp-json\/wp\/v2\/users\/21"}],"replies":[{"embeddable":true,"href":"https:\/\/newmobility.news\/nl\/wp-json\/wp\/v2\/comments?post=182861"}],"version-history":[{"count":2,"href":"https:\/\/newmobility.news\/nl\/wp-json\/wp\/v2\/posts\/182861\/revisions"}],"predecessor-version":[{"id":182867,"href":"https:\/\/newmobility.news\/nl\/wp-json\/wp\/v2\/posts\/182861\/revisions\/182867"}],"wp:featuredmedia":[{"embeddable":true,"href":"https:\/\/newmobility.news\/nl\/wp-json\/wp\/v2\/media\/182864"}],"wp:attachment":[{"href":"https:\/\/newmobility.news\/nl\/wp-json\/wp\/v2\/media?parent=182861"}],"wp:term":[{"taxonomy":"category","embeddable":true,"href":"https:\/\/newmobility.news\/nl\/wp-json\/wp\/v2\/categories?post=182861"},{"taxonomy":"post_tag","embeddable":true,"href":"https:\/\/newmobility.news\/nl\/wp-json\/wp\/v2\/tags?post=182861"}],"curies":[{"name":"wp","href":"https:\/\/api.w.org\/{rel}","templated":true}]}}