{"id":190948,"date":"2026-08-06T12:10:08","date_gmt":"2026-08-06T10:10:08","guid":{"rendered":"https:\/\/newmobility.news\/?p=190948"},"modified":"2026-08-06T11:31:28","modified_gmt":"2026-08-06T09:31:28","slug":"15-percent-of-dutch-gasoline-consumption-has-shifted-to-belgium","status":"publish","type":"post","link":"https:\/\/newmobility.news\/nl\/2026\/08\/06\/15-percent-of-dutch-gasoline-consumption-has-shifted-to-belgium\/","title":{"rendered":"Belgi\u00eb neemt 15% van de vraag naar benzine in de Nederlandse grensregio voor zijn rekening"},"content":{"rendered":"Volgens onderzoek van ABN AMRO tanken steeds meer Nederlanders die in het grensgebied met Belgi\u00eb wonen hun auto in Belgi\u00eb. Inmiddels is ongeveer 15 procent van het benzineverbruik in die regio naar Belgi\u00eb verschoven.\n\nDe Nederlanders trekken massaal naar Belgi\u00eb om hun<div class=\"leaky_paywall_message_wrap\"><div id=\"leaky_paywall_message\"><img data-recalc-dims=\"1\" decoding=\"async\" class=\"nag_logo\" src=\"https:\/\/i0.wp.com\/newmobility.news\/wp-content\/uploads\/2022\/02\/nmn-logo-long-transparent-small-4.png?w=300&#038;ssl=1\"  alt=\"Nieuws over nieuwe mobiliteit\" \/>\r\n\r\n<h2 class=\"text-center\">\r\n\tLees dit artikel nu gratis!\r\n<\/h2>\r\nRegistreer een gratis account en krijg toegang tot dit artikel en haal meer uit New Mobility.\r\n\n\t\t<div id=\"leaky-paywall-quick-register\" class=\"inline\">\n\t\t\t<form id=\"leaky-paywall-quick-register-form\" method=\"POST\" action=\"\" data-trp-original-action=\"\">\n\n\t\t\t\t\n\t\t\t\t\n\t\t\t\t\n\t\t\t\t<p class=\"form-field email-field\">\n\t\t\t\t\t<label for=\"email\">E-mail<\/label>\n\t\t\t\t\t<input class=\"email\" type=\"email\" name=\"email\" placeholder=\"Voer uw e-mailadres in\" value=\"\" required>\n\t\t\t\t<\/p>\n\n\t\t\t\t\t\t\t\t\t<p class=\"form-field password-field\">\n\t\t\t\t\t\t<label for=\"password\">Wachtwoord<\/label>\n\t\t\t\t\t\t<input class=\"password\" type=\"password\" name=\"password\" placeholder=\"Maak een wachtwoord aan\" value=\"\" required>\n\t\t\t\t\t<\/p>\n\t\t\t\t\n\t\t\t\t\n\t\t\t\t<input name=\"company_url\" type=\"text\" value=\"\" autocomplete=\"off\" tabindex=\"-1\" style=\"display:none !important; position:absolute; left:-9999px;\" \/>\n\n\t\t\t\t<input type=\"hidden\" name=\"level_id\" value=\"20\">\n\n\t\t\t\t<input type=\"submit\" value=\"Registreer gratis\">\n\n\t\t\t\t\n\t\t\t<input type=\"hidden\" name=\"trp-form-language\" value=\"nl\"\/><\/form>\n\n\t\t\t<div id=\"leaky-paywall-quick-register-errors\"><\/div>\n\t\t<\/div>\n\n\r\n\r\n<p class=\"text-center\"><strong>\u2014 OF \u2014<\/strong>\r\n\r\n<p class=\"text-center\"><strong>Nu abonneren<\/strong> Krijg onbeperkte toegang tot de originele content van onze uitgeverspartners, ontvang meldingen over het laatste nieuws en krijg dagelijks een zakelijk overzicht, samengesteld door onze gespecialiseerde journalisten, met de belangrijkste artikelen over uw sector die u moet lezen.<\/p>\r\n\r\n<div class=\"nag_buttons\">\r\n\t<a class=\"button\" href=\"https:\/\/newmobility.news\/nl\/abonnement\/\">Nu abonneren<\/a> \r\n\t<span class=\"nag_button_divider\"> of <\/span> \r\n\t<a href=\"https:\/\/newmobility.news\/nl\/log-in\/\">AANMELDEN<\/a>\r\n<\/div><\/div><\/div>","protected":false},"excerpt":{"rendered":"<p>An increasing\u00a0number of Dutch people living in the border region with Belgium are filling up their tanks in Belgium, according to research by ABN AMRO. By now, approximately 15 percent of gasoline consumption in that region has shifted to Belgium. The Dutch are flocking to Belgium to fill up the Read this article now for [&hellip;]<\/p>\n","protected":false},"author":175,"featured_media":190968,"comment_status":"closed","ping_status":"closed","sticky":false,"template":"","format":"standard","meta":{"_acf_changed":false,"_jetpack_newsletter_access":"","_jetpack_dont_email_post_to_subs":false,"_jetpack_newsletter_tier_id":0,"_jetpack_memberships_contains_paywalled_content":false,"_jetpack_feature_clip_id":0,"_jetpack_memberships_contains_paid_content":false,"footnotes":"","jetpack_publicize_message":"{title}\r\n\r\n{excerpt}\r\n\r\n{url}","jetpack_publicize_feature_enabled":true,"jetpack_social_post_already_shared":true,"jetpack_social_options":{"image_generator_settings":{"template":"highway","default_image_id":0,"font":"","enabled":false},"version":2},"_wpas_customize_per_network":false,"jetpack_post_was_ever_published":false},"categories":[77170,2043,77169,7,8,4],"tags":[],"class_list":["post-190948","post","type-post","status-publish","format-standard","has-post-thumbnail","hentry","category-belgium","category-energy","category-market","category-mobility","category-product","category-top-stories-today"],"acf":[],"featured_image_urls_v2":{"full":["https:\/\/newmobility.news\/wp-content\/uploads\/2026\/08\/tanktoerisme-in-belgie-neemt-toe-maar-nederlanders-niet-massaal-de-grens-over.avif",854,480,false],"thumbnail":["https:\/\/newmobility.news\/wp-content\/uploads\/2026\/08\/tanktoerisme-in-belgie-neemt-toe-maar-nederlanders-niet-massaal-de-grens-over-150x150.avif",150,150,true],"medium":["https:\/\/newmobility.news\/wp-content\/uploads\/2026\/08\/tanktoerisme-in-belgie-neemt-toe-maar-nederlanders-niet-massaal-de-grens-over-300x169.avif",300,169,true],"medium_large":["https:\/\/newmobility.news\/wp-content\/uploads\/2026\/08\/tanktoerisme-in-belgie-neemt-toe-maar-nederlanders-niet-massaal-de-grens-over.avif",640,360,false],"large":["https:\/\/newmobility.news\/wp-content\/uploads\/2026\/08\/tanktoerisme-in-belgie-neemt-toe-maar-nederlanders-niet-massaal-de-grens-over.avif",640,360,false],"1536x1536":["https:\/\/newmobility.news\/wp-content\/uploads\/2026\/08\/tanktoerisme-in-belgie-neemt-toe-maar-nederlanders-niet-massaal-de-grens-over.avif",854,480,false],"2048x2048":["https:\/\/newmobility.news\/wp-content\/uploads\/2026\/08\/tanktoerisme-in-belgie-neemt-toe-maar-nederlanders-niet-massaal-de-grens-over.avif",854,480,false],"trp-custom-language-flag":["https:\/\/newmobility.news\/wp-content\/uploads\/2026\/08\/tanktoerisme-in-belgie-neemt-toe-maar-nederlanders-niet-massaal-de-grens-over-18x10.avif",18,10,true],"related-thumb":["https:\/\/newmobility.news\/wp-content\/uploads\/2026\/08\/tanktoerisme-in-belgie-neemt-toe-maar-nederlanders-niet-massaal-de-grens-over-640x480.avif",640,480,true],"gform-image-choice-sm":["https:\/\/newmobility.news\/wp-content\/uploads\/2026\/08\/tanktoerisme-in-belgie-neemt-toe-maar-nederlanders-niet-massaal-de-grens-over.avif",300,169,false],"gform-image-choice-md":["https:\/\/newmobility.news\/wp-content\/uploads\/2026\/08\/tanktoerisme-in-belgie-neemt-toe-maar-nederlanders-niet-massaal-de-grens-over.avif",400,225,false],"gform-image-choice-lg":["https:\/\/newmobility.news\/wp-content\/uploads\/2026\/08\/tanktoerisme-in-belgie-neemt-toe-maar-nederlanders-niet-massaal-de-grens-over.avif",600,337,false],"mailchimp":["https:\/\/newmobility.news\/wp-content\/uploads\/2026\/08\/tanktoerisme-in-belgie-neemt-toe-maar-nederlanders-niet-massaal-de-grens-over-560x315.avif",560,315,true],"unipress-phone":["https:\/\/newmobility.news\/wp-content\/uploads\/2026\/08\/tanktoerisme-in-belgie-neemt-toe-maar-nederlanders-niet-massaal-de-grens-over-640x100.avif",640,100,true],"unipress-tablet":["https:\/\/newmobility.news\/wp-content\/uploads\/2026\/08\/tanktoerisme-in-belgie-neemt-toe-maar-nederlanders-niet-massaal-de-grens-over-854x240.avif",854,240,true],"unipress-tablet-portrait":["https:\/\/newmobility.news\/wp-content\/uploads\/2026\/08\/tanktoerisme-in-belgie-neemt-toe-maar-nederlanders-niet-massaal-de-grens-over-854x180.avif",854,180,true],"unipress-tablet-landscape":["https:\/\/newmobility.news\/wp-content\/uploads\/2026\/08\/tanktoerisme-in-belgie-neemt-toe-maar-nederlanders-niet-massaal-de-grens-over-854x180.avif",854,180,true],"unipress-smartphone":["https:\/\/newmobility.news\/wp-content\/uploads\/2026\/08\/tanktoerisme-in-belgie-neemt-toe-maar-nederlanders-niet-massaal-de-grens-over-854x168.avif",854,168,true],"unipress-wide-screen":["https:\/\/newmobility.news\/wp-content\/uploads\/2026\/08\/tanktoerisme-in-belgie-neemt-toe-maar-nederlanders-niet-massaal-de-grens-over-854x180.avif",854,180,true]},"post_excerpt_stackable_v2":"<p>An increasing\u00a0number of Dutch people living in the border region with Belgium are filling up their tanks in Belgium, according to research by ABN AMRO. By now, approximately 15 percent of gasoline consumption in that region has shifted to Belgium. The Dutch are flocking to Belgium to fill up the Read this article now for free! Register a free account and gain access to this article and get more from New Mobility Email Password \u2014 OR \u2014 Subscribe now Get unlimited access to the original content of our publishing partners, be alerted on breaking news and get a daily business&hellip;<\/p>\n","category_list_v2":"<a href=\"https:\/\/newmobility.news\/nl\/category\/belgium\/\" rel=\"category tag\">Belgium<\/a>, <a href=\"https:\/\/newmobility.news\/nl\/category\/energy\/\" rel=\"category tag\">Energy<\/a>, <a href=\"https:\/\/newmobility.news\/nl\/category\/market\/\" rel=\"category tag\">Market<\/a>, <a href=\"https:\/\/newmobility.news\/nl\/category\/mobility\/\" rel=\"category tag\">Mobility<\/a>, <a href=\"https:\/\/newmobility.news\/nl\/category\/product\/\" rel=\"category tag\">Product<\/a>, <a href=\"https:\/\/newmobility.news\/nl\/category\/top-stories-today\/\" rel=\"category tag\">Top Stories Today<\/a>","author_info_v2":{"name":"Hilde Van Raemdonck","url":"https:\/\/newmobility.news\/nl\/author\/hilde-van-raemdonck\/"},"comments_num_v2":"0 comments","yoast_head":"<!-- This site is optimized with the Yoast SEO plugin v28.4 - https:\/\/yoast.com\/product\/yoast-seo-wordpress\/ -->\n<title>Belgium captures 15% of Dutch border-region gasoline demand - newmobility.news<\/title>\n<meta name=\"robots\" content=\"index, follow, max-snippet:-1, max-image-preview:large, max-video-preview:-1\" \/>\n<link rel=\"canonical\" href=\"https:\/\/newmobility.news\/nl\/2026\/08\/06\/15-percent-of-dutch-gasoline-consumption-has-shifted-to-belgium\/\" \/>\n<meta property=\"og:locale\" content=\"nl_BE\" \/>\n<meta property=\"og:type\" content=\"article\" \/>\n<meta property=\"og:title\" content=\"Belgium captures 15% of Dutch border-region gasoline demand - newmobility.news\" \/>\n<meta property=\"og:description\" content=\"An increasing\u00a0number of Dutch people living in the border region with Belgium are filling up their tanks in Belgium, according to research by ABN AMRO. By now, approximately 15 percent of gasoline consumption in that region has shifted to Belgium. The Dutch are flocking to Belgium to fill up the Read this article now for [&hellip;]\" \/>\n<meta property=\"og:url\" content=\"https:\/\/newmobility.news\/nl\/2026\/08\/06\/15-percent-of-dutch-gasoline-consumption-has-shifted-to-belgium\/\" \/>\n<meta property=\"og:site_name\" content=\"newmobility.news\" \/>\n<meta property=\"article:publisher\" content=\"https:\/\/www.facebook.com\/search\/top\/?q=newmobility.news\" \/>\n<meta property=\"article:published_time\" content=\"2026-08-06T10:10:08+00:00\" \/>\n<meta property=\"og:image\" content=\"https:\/\/i0.wp.com\/newmobility.news\/wp-content\/uploads\/2017\/12\/Newmobility-app4.png?fit=426%2C426&ssl=1\" \/>\n\t<meta property=\"og:image:width\" content=\"426\" \/>\n\t<meta property=\"og:image:height\" content=\"426\" \/>\n\t<meta property=\"og:image:type\" content=\"image\/png\" \/>\n<meta name=\"author\" content=\"Hilde Van Raemdonck\" \/>\n<meta name=\"twitter:card\" content=\"summary_large_image\" \/>\n<meta name=\"twitter:creator\" content=\"@jorisvry\" \/>\n<meta name=\"twitter:site\" content=\"@jorisvry\" \/>\n<meta name=\"twitter:label1\" content=\"Geschreven door\" \/>\n\t<meta name=\"twitter:data1\" content=\"Hilde Van Raemdonck\" \/>\n\t<meta name=\"twitter:label2\" content=\"Geschatte leestijd\" \/>\n\t<meta name=\"twitter:data2\" content=\"3 minuten\" \/>\n<script type=\"application\/ld+json\" class=\"yoast-schema-graph\">{\"@context\":\"https:\\\/\\\/schema.org\",\"@graph\":[{\"@type\":\"Article\",\"@id\":\"https:\\\/\\\/newmobility.news\\\/2026\\\/08\\\/06\\\/15-percent-of-dutch-gasoline-consumption-has-shifted-to-belgium\\\/#article\",\"isPartOf\":{\"@id\":\"https:\\\/\\\/newmobility.news\\\/2026\\\/08\\\/06\\\/15-percent-of-dutch-gasoline-consumption-has-shifted-to-belgium\\\/\"},\"author\":{\"name\":\"Hilde Van Raemdonck\",\"@id\":\"https:\\\/\\\/newmobility.news\\\/#\\\/schema\\\/person\\\/7540fd72a981bf6a315ba1b874c2a464\"},\"headline\":\"Belgium captures 15% of Dutch border-region gasoline demand\",\"datePublished\":\"2026-08-06T10:10:08+00:00\",\"mainEntityOfPage\":{\"@id\":\"https:\\\/\\\/newmobility.news\\\/2026\\\/08\\\/06\\\/15-percent-of-dutch-gasoline-consumption-has-shifted-to-belgium\\\/\"},\"wordCount\":487,\"publisher\":{\"@id\":\"https:\\\/\\\/newmobility.news\\\/#organization\"},\"image\":{\"@id\":\"https:\\\/\\\/newmobility.news\\\/2026\\\/08\\\/06\\\/15-percent-of-dutch-gasoline-consumption-has-shifted-to-belgium\\\/#primaryimage\"},\"thumbnailUrl\":\"https:\\\/\\\/newmobility.news\\\/wp-content\\\/uploads\\\/2026\\\/08\\\/tanktoerisme-in-belgie-neemt-toe-maar-nederlanders-niet-massaal-de-grens-over.avif\",\"articleSection\":[\"Belgium\",\"Energy\",\"Market\",\"Mobility\",\"Product\",\"Top Stories Today\"],\"inLanguage\":\"nl-BE\"},{\"@type\":\"WebPage\",\"@id\":\"https:\\\/\\\/newmobility.news\\\/2026\\\/08\\\/06\\\/15-percent-of-dutch-gasoline-consumption-has-shifted-to-belgium\\\/\",\"url\":\"https:\\\/\\\/newmobility.news\\\/2026\\\/08\\\/06\\\/15-percent-of-dutch-gasoline-consumption-has-shifted-to-belgium\\\/\",\"name\":\"Belgium captures 15% of Dutch border-region gasoline demand - newmobility.news\",\"isPartOf\":{\"@id\":\"https:\\\/\\\/newmobility.news\\\/#website\"},\"primaryImageOfPage\":{\"@id\":\"https:\\\/\\\/newmobility.news\\\/2026\\\/08\\\/06\\\/15-percent-of-dutch-gasoline-consumption-has-shifted-to-belgium\\\/#primaryimage\"},\"image\":{\"@id\":\"https:\\\/\\\/newmobility.news\\\/2026\\\/08\\\/06\\\/15-percent-of-dutch-gasoline-consumption-has-shifted-to-belgium\\\/#primaryimage\"},\"thumbnailUrl\":\"https:\\\/\\\/newmobility.news\\\/wp-content\\\/uploads\\\/2026\\\/08\\\/tanktoerisme-in-belgie-neemt-toe-maar-nederlanders-niet-massaal-de-grens-over.avif\",\"datePublished\":\"2026-08-06T10:10:08+00:00\",\"breadcrumb\":{\"@id\":\"https:\\\/\\\/newmobility.news\\\/2026\\\/08\\\/06\\\/15-percent-of-dutch-gasoline-consumption-has-shifted-to-belgium\\\/#breadcrumb\"},\"inLanguage\":\"nl-BE\",\"potentialAction\":[{\"@type\":\"ReadAction\",\"target\":[\"https:\\\/\\\/newmobility.news\\\/2026\\\/08\\\/06\\\/15-percent-of-dutch-gasoline-consumption-has-shifted-to-belgium\\\/\"]}]},{\"@type\":\"ImageObject\",\"inLanguage\":\"nl-BE\",\"@id\":\"https:\\\/\\\/newmobility.news\\\/2026\\\/08\\\/06\\\/15-percent-of-dutch-gasoline-consumption-has-shifted-to-belgium\\\/#primaryimage\",\"url\":\"https:\\\/\\\/newmobility.news\\\/wp-content\\\/uploads\\\/2026\\\/08\\\/tanktoerisme-in-belgie-neemt-toe-maar-nederlanders-niet-massaal-de-grens-over.avif\",\"contentUrl\":\"https:\\\/\\\/newmobility.news\\\/wp-content\\\/uploads\\\/2026\\\/08\\\/tanktoerisme-in-belgie-neemt-toe-maar-nederlanders-niet-massaal-de-grens-over.avif\",\"width\":854,\"height\":480,\"caption\":\"Approximately 15 percent of gasoline consumption in the border regions has shifted to Belgium. Some Dutch are even filling additional jerrycans \\\/nu.nl\"},{\"@type\":\"BreadcrumbList\",\"@id\":\"https:\\\/\\\/newmobility.news\\\/2026\\\/08\\\/06\\\/15-percent-of-dutch-gasoline-consumption-has-shifted-to-belgium\\\/#breadcrumb\",\"itemListElement\":[{\"@type\":\"ListItem\",\"position\":1,\"name\":\"Home\",\"item\":\"https:\\\/\\\/newmobility.news\\\/\"},{\"@type\":\"ListItem\",\"position\":2,\"name\":\"Belgium captures 15% of Dutch border-region gasoline demand\"}]},{\"@type\":\"WebSite\",\"@id\":\"https:\\\/\\\/newmobility.news\\\/#website\",\"url\":\"https:\\\/\\\/newmobility.news\\\/\",\"name\":\"newmobility.news\",\"description\":\"A B2BNews Agency\u00ae news service for mobility business proessional\",\"publisher\":{\"@id\":\"https:\\\/\\\/newmobility.news\\\/#organization\"},\"potentialAction\":[{\"@type\":\"SearchAction\",\"target\":{\"@type\":\"EntryPoint\",\"urlTemplate\":\"https:\\\/\\\/newmobility.news\\\/?s={search_term_string}\"},\"query-input\":{\"@type\":\"PropertyValueSpecification\",\"valueRequired\":true,\"valueName\":\"search_term_string\"}}],\"inLanguage\":\"nl-BE\"},{\"@type\":\"Organization\",\"@id\":\"https:\\\/\\\/newmobility.news\\\/#organization\",\"name\":\"B2BNews Agency\",\"url\":\"https:\\\/\\\/newmobility.news\\\/\",\"logo\":{\"@type\":\"ImageObject\",\"inLanguage\":\"nl-BE\",\"@id\":\"https:\\\/\\\/newmobility.news\\\/#\\\/schema\\\/logo\\\/image\\\/\",\"url\":\"https:\\\/\\\/newmobility.news\\\/wp-content\\\/uploads\\\/2018\\\/01\\\/b2bnews-agency-logo.png\",\"contentUrl\":\"https:\\\/\\\/newmobility.news\\\/wp-content\\\/uploads\\\/2018\\\/01\\\/b2bnews-agency-logo.png\",\"width\":\"581\",\"height\":\"117\",\"caption\":\"B2BNews Agency\"},\"image\":{\"@id\":\"https:\\\/\\\/newmobility.news\\\/#\\\/schema\\\/logo\\\/image\\\/\"},\"sameAs\":[\"https:\\\/\\\/www.facebook.com\\\/search\\\/top\\\/?q=newmobility.news\",\"https:\\\/\\\/x.com\\\/jorisvry\",\"https:\\\/\\\/www.linkedin.com\\\/in\\\/jorisvanroy\\\/\",\"https:\\\/\\\/nl.pinterest.com\\\/jorisvanroy\\\/\"]},{\"@type\":\"Person\",\"@id\":\"https:\\\/\\\/newmobility.news\\\/#\\\/schema\\\/person\\\/7540fd72a981bf6a315ba1b874c2a464\",\"name\":\"Hilde Van Raemdonck\",\"image\":{\"@type\":\"ImageObject\",\"inLanguage\":\"nl-BE\",\"@id\":\"https:\\\/\\\/secure.gravatar.com\\\/avatar\\\/df873a81c6773757375a21da8c2465de0552095dede94d299763768ab1b36cef?s=96&d=mm&r=g\",\"url\":\"https:\\\/\\\/secure.gravatar.com\\\/avatar\\\/df873a81c6773757375a21da8c2465de0552095dede94d299763768ab1b36cef?s=96&d=mm&r=g\",\"contentUrl\":\"https:\\\/\\\/secure.gravatar.com\\\/avatar\\\/df873a81c6773757375a21da8c2465de0552095dede94d299763768ab1b36cef?s=96&d=mm&r=g\",\"caption\":\"Hilde Van Raemdonck\"},\"url\":\"https:\\\/\\\/newmobility.news\\\/nl\\\/author\\\/hilde-van-raemdonck\\\/\"}]}<\/script>\n<!-- \/ Yoast SEO plugin. -->","yoast_head_json":{"title":"Belgi\u00eb neemt 15% van de vraag naar benzine in de Nederlandse grensregio voor zijn rekening - newmobility.news","robots":{"index":"index","follow":"follow","max-snippet":"max-snippet:-1","max-image-preview":"max-image-preview:large","max-video-preview":"max-video-preview:-1"},"canonical":"https:\/\/newmobility.news\/nl\/2026\/08\/06\/15-percent-of-dutch-gasoline-consumption-has-shifted-to-belgium\/","og_locale":"nl_BE","og_type":"article","og_title":"Belgium captures 15% of Dutch border-region gasoline demand - newmobility.news","og_description":"An increasing\u00a0number of Dutch people living in the border region with Belgium are filling up their tanks in Belgium, according to research by ABN AMRO. By now, approximately 15 percent of gasoline consumption in that region has shifted to Belgium. The Dutch are flocking to Belgium to fill up the Read this article now for [&hellip;]","og_url":"https:\/\/newmobility.news\/nl\/2026\/08\/06\/15-percent-of-dutch-gasoline-consumption-has-shifted-to-belgium\/","og_site_name":"newmobility.news","article_publisher":"https:\/\/www.facebook.com\/search\/top\/?q=newmobility.news","article_published_time":"2026-08-06T10:10:08+00:00","og_image":[{"width":426,"height":426,"url":"https:\/\/i0.wp.com\/newmobility.news\/wp-content\/uploads\/2017\/12\/Newmobility-app4.png?fit=426%2C426&ssl=1","type":"image\/png"}],"author":"Hilde Van Raemdonck","twitter_card":"summary_large_image","twitter_creator":"@jorisvry","twitter_site":"@jorisvry","twitter_misc":{"Geschreven door":"Hilde Van Raemdonck","Geschatte leestijd":"3 minuten"},"schema":{"@context":"https:\/\/schema.org","@graph":[{"@type":"Article","@id":"https:\/\/newmobility.news\/2026\/08\/06\/15-percent-of-dutch-gasoline-consumption-has-shifted-to-belgium\/#article","isPartOf":{"@id":"https:\/\/newmobility.news\/2026\/08\/06\/15-percent-of-dutch-gasoline-consumption-has-shifted-to-belgium\/"},"author":{"name":"Hilde Van Raemdonck","@id":"https:\/\/newmobility.news\/#\/schema\/person\/7540fd72a981bf6a315ba1b874c2a464"},"headline":"Belgium captures 15% of Dutch border-region gasoline demand","datePublished":"2026-08-06T10:10:08+00:00","mainEntityOfPage":{"@id":"https:\/\/newmobility.news\/2026\/08\/06\/15-percent-of-dutch-gasoline-consumption-has-shifted-to-belgium\/"},"wordCount":487,"publisher":{"@id":"https:\/\/newmobility.news\/#organization"},"image":{"@id":"https:\/\/newmobility.news\/2026\/08\/06\/15-percent-of-dutch-gasoline-consumption-has-shifted-to-belgium\/#primaryimage"},"thumbnailUrl":"https:\/\/newmobility.news\/wp-content\/uploads\/2026\/08\/tanktoerisme-in-belgie-neemt-toe-maar-nederlanders-niet-massaal-de-grens-over.avif","articleSection":["Belgium","Energy","Market","Mobility","Product","Top Stories Today"],"inLanguage":"nl-BE"},{"@type":"WebPage","@id":"https:\/\/newmobility.news\/2026\/08\/06\/15-percent-of-dutch-gasoline-consumption-has-shifted-to-belgium\/","url":"https:\/\/newmobility.news\/2026\/08\/06\/15-percent-of-dutch-gasoline-consumption-has-shifted-to-belgium\/","name":"Belgi\u00eb neemt 15% van de vraag naar benzine in de Nederlandse grensregio voor zijn rekening - newmobility.news","isPartOf":{"@id":"https:\/\/newmobility.news\/#website"},"primaryImageOfPage":{"@id":"https:\/\/newmobility.news\/2026\/08\/06\/15-percent-of-dutch-gasoline-consumption-has-shifted-to-belgium\/#primaryimage"},"image":{"@id":"https:\/\/newmobility.news\/2026\/08\/06\/15-percent-of-dutch-gasoline-consumption-has-shifted-to-belgium\/#primaryimage"},"thumbnailUrl":"https:\/\/newmobility.news\/wp-content\/uploads\/2026\/08\/tanktoerisme-in-belgie-neemt-toe-maar-nederlanders-niet-massaal-de-grens-over.avif","datePublished":"2026-08-06T10:10:08+00:00","breadcrumb":{"@id":"https:\/\/newmobility.news\/2026\/08\/06\/15-percent-of-dutch-gasoline-consumption-has-shifted-to-belgium\/#breadcrumb"},"inLanguage":"nl-BE","potentialAction":[{"@type":"ReadAction","target":["https:\/\/newmobility.news\/2026\/08\/06\/15-percent-of-dutch-gasoline-consumption-has-shifted-to-belgium\/"]}]},{"@type":"ImageObject","inLanguage":"nl-BE","@id":"https:\/\/newmobility.news\/2026\/08\/06\/15-percent-of-dutch-gasoline-consumption-has-shifted-to-belgium\/#primaryimage","url":"https:\/\/newmobility.news\/wp-content\/uploads\/2026\/08\/tanktoerisme-in-belgie-neemt-toe-maar-nederlanders-niet-massaal-de-grens-over.avif","contentUrl":"https:\/\/newmobility.news\/wp-content\/uploads\/2026\/08\/tanktoerisme-in-belgie-neemt-toe-maar-nederlanders-niet-massaal-de-grens-over.avif","width":854,"height":480,"caption":"Approximately 15 percent of gasoline consumption in the border regions has shifted to Belgium. Some Dutch are even filling additional jerrycans \/nu.nl"},{"@type":"BreadcrumbList","@id":"https:\/\/newmobility.news\/2026\/08\/06\/15-percent-of-dutch-gasoline-consumption-has-shifted-to-belgium\/#breadcrumb","itemListElement":[{"@type":"ListItem","position":1,"name":"Home","item":"https:\/\/newmobility.news\/"},{"@type":"ListItem","position":2,"name":"Belgium captures 15% of Dutch border-region gasoline demand"}]},{"@type":"WebSite","@id":"https:\/\/newmobility.news\/#website","url":"https:\/\/newmobility.news\/","name":"nieuwemobiliteit.nieuws","description":"Een nieuwsdienst van B2BNews Agency\u00ae voor professionals in de mobiliteitssector","publisher":{"@id":"https:\/\/newmobility.news\/#organization"},"potentialAction":[{"@type":"SearchAction","target":{"@type":"EntryPoint","urlTemplate":"https:\/\/newmobility.news\/?s={search_term_string}"},"query-input":{"@type":"PropertyValueSpecification","valueRequired":true,"valueName":"search_term_string"}}],"inLanguage":"nl-BE"},{"@type":"Organization","@id":"https:\/\/newmobility.news\/#organization","name":"B2BNieuwsagentschap","url":"https:\/\/newmobility.news\/","logo":{"@type":"ImageObject","inLanguage":"nl-BE","@id":"https:\/\/newmobility.news\/#\/schema\/logo\/image\/","url":"https:\/\/newmobility.news\/wp-content\/uploads\/2018\/01\/b2bnews-agency-logo.png","contentUrl":"https:\/\/newmobility.news\/wp-content\/uploads\/2018\/01\/b2bnews-agency-logo.png","width":"581","height":"117","caption":"B2BNews Agency"},"image":{"@id":"https:\/\/newmobility.news\/#\/schema\/logo\/image\/"},"sameAs":["https:\/\/www.facebook.com\/search\/top\/?q=newmobility.news","https:\/\/x.com\/jorisvry","https:\/\/www.linkedin.com\/in\/jorisvanroy\/","https:\/\/nl.pinterest.com\/jorisvanroy\/"]},{"@type":"Person","@id":"https:\/\/newmobility.news\/#\/schema\/person\/7540fd72a981bf6a315ba1b874c2a464","name":"Hilde Van Raemdonck","image":{"@type":"ImageObject","inLanguage":"nl-BE","@id":"https:\/\/secure.gravatar.com\/avatar\/df873a81c6773757375a21da8c2465de0552095dede94d299763768ab1b36cef?s=96&d=mm&r=g","url":"https:\/\/secure.gravatar.com\/avatar\/df873a81c6773757375a21da8c2465de0552095dede94d299763768ab1b36cef?s=96&d=mm&r=g","contentUrl":"https:\/\/secure.gravatar.com\/avatar\/df873a81c6773757375a21da8c2465de0552095dede94d299763768ab1b36cef?s=96&d=mm&r=g","caption":"Hilde Van Raemdonck"},"url":"https:\/\/newmobility.news\/nl\/author\/hilde-van-raemdonck\/"}]}},"jetpack_publicize_connections":[],"jetpack_shortlink":"https:\/\/wp.me\/p9wJdU-NFO","jetpack_sharing_enabled":true,"jetpack_likes_enabled":true,"jetpack-related-posts":[],"jetpack_featured_media_url":"https:\/\/newmobility.news\/wp-content\/uploads\/2026\/08\/tanktoerisme-in-belgie-neemt-toe-maar-nederlanders-niet-massaal-de-grens-over.avif","_links":{"self":[{"href":"https:\/\/newmobility.news\/nl\/wp-json\/wp\/v2\/posts\/190948","targetHints":{"allow":["GET"]}}],"collection":[{"href":"https:\/\/newmobility.news\/nl\/wp-json\/wp\/v2\/posts"}],"about":[{"href":"https:\/\/newmobility.news\/nl\/wp-json\/wp\/v2\/types\/post"}],"author":[{"embeddable":true,"href":"https:\/\/newmobility.news\/nl\/wp-json\/wp\/v2\/users\/175"}],"replies":[{"embeddable":true,"href":"https:\/\/newmobility.news\/nl\/wp-json\/wp\/v2\/comments?post=190948"}],"version-history":[{"count":4,"href":"https:\/\/newmobility.news\/nl\/wp-json\/wp\/v2\/posts\/190948\/revisions"}],"predecessor-version":[{"id":190995,"href":"https:\/\/newmobility.news\/nl\/wp-json\/wp\/v2\/posts\/190948\/revisions\/190995"}],"wp:featuredmedia":[{"embeddable":true,"href":"https:\/\/newmobility.news\/nl\/wp-json\/wp\/v2\/media\/190968"}],"wp:attachment":[{"href":"https:\/\/newmobility.news\/nl\/wp-json\/wp\/v2\/media?parent=190948"}],"wp:term":[{"taxonomy":"category","embeddable":true,"href":"https:\/\/newmobility.news\/nl\/wp-json\/wp\/v2\/categories?post=190948"},{"taxonomy":"post_tag","embeddable":true,"href":"https:\/\/newmobility.news\/nl\/wp-json\/wp\/v2\/tags?post=190948"}],"curies":[{"name":"wp","href":"https:\/\/api.w.org\/{rel}","templated":true}]}}