{"id":192916,"date":"2026-09-01T12:10:28","date_gmt":"2026-09-01T10:10:28","guid":{"rendered":"https:\/\/newmobility.news\/?p=192916"},"modified":"2026-09-01T11:23:13","modified_gmt":"2026-09-01T09:23:13","slug":"renault-upgrades-scenic-e-tech","status":"publish","type":"post","link":"https:\/\/newmobility.news\/nl\/2026\/09\/01\/renault-upgrades-scenic-e-tech\/","title":{"rendered":"Renault vernieuwt de Scenic E-Tech"},"content":{"rendered":"<p class=\"cp-subtitle\">Renault breidt de Scenic E-Tech electric uit met nieuwe functies en diensten om het comfort, de connectiviteit en de elektrische prestaties te verbeteren. Met de motor van 162 kW\/220 hp is de Scenic E-Tech electric nu verkrijgbaar met de keuze uit twee nieuwe accu\u2019s, die een grotere actieradius en kortere oplaadtijden bij DC-snellaadpunten bieden.<\/p>\n<p>De 89 kWh NMC-accu (nikkel-mangaan-kobalt) voor lange afstanden biedt een WLTP-actieradius van maximaal 642 km en verkort de laadtijden bij DC-snelladen met 25%. De Scenic laadt nu in 28 minuten op met een vermogen van 15% tot 80%, met een pieklaadvermogen van 150 kW.<\/p>\n<p>Op een later tijdstip komt er een LFP-accu (lithium-ijzer-fosfaat) met een comfortbereik van 67 kWh beschikbaar. Deze accu biedt een WLTP-actieradius van maximaal 467 km en verkort bovendien de laadtijd bij DC-snelladen met 25%, waardoor de accu in 24 minuten van 15% tot 80% wordt opgeladen.<\/p>\n<p>\u201cDe LFP-technologie, die al beschikbaar is in de nieuwe M\u00e9gane E-Tech Electric, vormt een aanvulling op het NMC-aanbod met een robuust, betaalbaar en veelzijdig alternatief. Deze technologie maakt gebruik van de \u201dcell-to-pack\u2019 (C2P)-architectuur die voor het eerst werd ge\u00efntroduceerd in de nieuwe M\u00e9gane E-Tech Electric: een wereldprimeur met 232 dicht op elkaar geplaatste pouch-cellen, wat een verpakkingseffici\u00ebntie van 53% mogelijk maakt en zowel de actieradius als het rendement verhoogt. Ook het snelladen is verbeterd: het pieklaadvermogen bij gelijkstroom is verhoogd tot 165 kW\u201d, aldus het persbericht.<\/p>\n<p>In Belgi\u00eb is de versie met een groot bereik nu te bestellen voor \u20ac 47.200. De versie met LFP-accu komt later op de markt, vanaf \u20ac 41.900.<\/p>\n<h4>Verbeterde cabine, geavanceerdere rijhulpsystemen<\/h4>\n<p class=\"cp-subtitle\">Het ontwerp en het comfort zijn verbeterd dankzij nieuwe stoelen in de Techno-uitvoering, twee nieuwe carrosseriekleuren \u2013 satijn-leiblauw en exo-galaxygijs \u2013 en twee nieuwe velgen die beschikbaar zijn voor de Techno- en Iconic-uitvoeringen. De digitale ervaring is verbeterd met Google Gemini, 2 GB aan data voor 3 jaar en een Qi2-draadloze oplader.<\/p>\n<p><img data-recalc-dims=\"1\" loading=\"lazy\" decoding=\"async\" class=\"alignnone wp-image-192931 size-full\" src=\"https:\/\/i0.wp.com\/newmobility.news\/wp-content\/uploads\/2026\/09\/Scherm%C2%ADafbeelding-2026-09-01-om-09.17.37.png?resize=640%2C377&#038;ssl=1\" alt=\"\" width=\"640\" height=\"377\" srcset=\"https:\/\/i0.wp.com\/newmobility.news\/wp-content\/uploads\/2026\/09\/Scherm%C2%ADafbeelding-2026-09-01-om-09.17.37.png?w=2262&amp;ssl=1 2262w, https:\/\/i0.wp.com\/newmobility.news\/wp-content\/uploads\/2026\/09\/Scherm%C2%ADafbeelding-2026-09-01-om-09.17.37.png?w=1280&amp;ssl=1 1280w, https:\/\/i0.wp.com\/newmobility.news\/wp-content\/uploads\/2026\/09\/Scherm%C2%ADafbeelding-2026-09-01-om-09.17.37.png?w=1920&amp;ssl=1 1920w\" sizes=\"auto, (max-width: 640px) 100vw, 640px\" \/><\/p>\n<p>Adaptive Cruise Control (standaard) en Active Driver Assist, die op sommige modellen beschikbaar zijn, zijn verbeterd om een gedetailleerdere analyse van de omgeving en de verkeerssituatie te bieden.<\/p>\n<p>De nieuwe \u2018Multi Target\u2019-functie volgt meerdere voertuigen tegelijk om beter te kunnen vaststellen welke voertuigen invoegen, zich ertussen wurmen of vaart minderen. Dit zorgt voor een soepelere rijervaring, met name bij druk verkeer.<\/p>\n<p>Active Driver Assist is verbeterd om het dagelijkse rijden comfortabeler en veiliger te maken, dankzij een realistischer beeld van de omgeving, een snellere reactie bij het in de baan houden van de auto, een noodstopassistent en een voorspellende functie voor zuinig rijden die het energieverbruik optimaliseert.<\/p>\n<p><img data-recalc-dims=\"1\" loading=\"lazy\" decoding=\"async\" class=\"alignnone wp-image-192932 size-full\" src=\"https:\/\/i0.wp.com\/newmobility.news\/wp-content\/uploads\/2026\/09\/Scherm%C2%ADafbeelding-2026-09-01-om-09.19.44.png?resize=640%2C359&#038;ssl=1\" alt=\"\" width=\"640\" height=\"359\" srcset=\"https:\/\/i0.wp.com\/newmobility.news\/wp-content\/uploads\/2026\/09\/Scherm%C2%ADafbeelding-2026-09-01-om-09.19.44.png?w=2274&amp;ssl=1 2274w, https:\/\/i0.wp.com\/newmobility.news\/wp-content\/uploads\/2026\/09\/Scherm%C2%ADafbeelding-2026-09-01-om-09.19.44.png?w=1280&amp;ssl=1 1280w, https:\/\/i0.wp.com\/newmobility.news\/wp-content\/uploads\/2026\/09\/Scherm%C2%ADafbeelding-2026-09-01-om-09.19.44.png?w=1920&amp;ssl=1 1920w\" sizes=\"auto, (max-width: 640px) 100vw, 640px\" \/><\/p>\n<h4>Accessoires ontworpen voor gezinsgebruik<\/h4>\n<p>De Scenic wordt bovendien geleverd met een reeks stijlvolle accessoires die zijn ontworpen voor comfort in de auto: een klein, compact opbergbakje dat gemakkelijk te plaatsen, te verwijderen en schoon te maken is, waardoor het interieur altijd netjes blijft; een nieuwe dubbele kofferbodem met een gemakkelijk toegankelijk opbergvak, waardoor een vlakke vloer ontstaat wanneer de achterbank is neergeklapt; een grote, opvouwbare opbergdoos die in de tweede rij past, om de spullen van de kinderen of oplaadkabels in op te bergen, afhankelijk van de behoeften van de bestuurder.<\/p>\n<p>Bovendien is er een Handpresso-koffiezetapparaat beschikbaar voor een koffiepauze terwijl de auto wordt opgeladen, en een op de trekhaak gemonteerde \u2018Aero Cargo Box\u2019 voegt 310 liter opslagruimte toe aan de 545 liter grote kofferbak van de auto, met minimale invloed op de actieradius.<\/p>\n<p>Tot slot kun je een opbergsysteem voor de middenconsole bestellen met een opbergvak en ingebouwde beker- en fleshouders, plus een autostoeltje en een veiligheidsriem voor huisdieren.<\/p>\n<p><img data-recalc-dims=\"1\" loading=\"lazy\" decoding=\"async\" class=\"alignnone wp-image-192933 size-full\" src=\"https:\/\/i0.wp.com\/newmobility.news\/wp-content\/uploads\/2026\/09\/Scherm%C2%ADafbeelding-2026-09-01-om-09.42.48.png?resize=640%2C376&#038;ssl=1\" alt=\"\" width=\"640\" height=\"376\" srcset=\"https:\/\/i0.wp.com\/newmobility.news\/wp-content\/uploads\/2026\/09\/Scherm%C2%ADafbeelding-2026-09-01-om-09.42.48.png?w=2288&amp;ssl=1 2288w, https:\/\/i0.wp.com\/newmobility.news\/wp-content\/uploads\/2026\/09\/Scherm%C2%ADafbeelding-2026-09-01-om-09.42.48.png?w=1280&amp;ssl=1 1280w, https:\/\/i0.wp.com\/newmobility.news\/wp-content\/uploads\/2026\/09\/Scherm%C2%ADafbeelding-2026-09-01-om-09.42.48.png?w=1920&amp;ssl=1 1920w\" sizes=\"auto, (max-width: 640px) 100vw, 640px\" \/><\/p>","protected":false},"excerpt":{"rendered":"<p>Renault is upgrading the Scenic E-Tech electric with new features and services to enhance comfort, connectivity, and electric performance.\u00a0With the 162 kW\/220 hp motor, the Scenic E-Tech electric is now available with a choice of two new batteries offering greater range and shorter charging times at DC fast-charging points. The 89 kWh NMC (nickel-manganese-cobalt) long-range [&hellip;]<\/p>\n","protected":false},"author":13,"featured_media":192929,"comment_status":"closed","ping_status":"closed","sticky":false,"template":"","format":"standard","meta":{"_acf_changed":false,"_jetpack_newsletter_access":"","_jetpack_dont_email_post_to_subs":false,"_jetpack_newsletter_tier_id":0,"_jetpack_memberships_contains_paywalled_content":false,"_jetpack_feature_clip_id":0,"_jetpack_memberships_contains_paid_content":false,"footnotes":"","jetpack_publicize_message":"{title}\r\n\r\n{excerpt}\r\n\r\n{url}","jetpack_publicize_feature_enabled":true,"jetpack_social_post_already_shared":true,"jetpack_social_options":{"image_generator_settings":{"template":"highway","default_image_id":0,"font":"","enabled":false},"version":2},"_wpas_customize_per_network":false,"jetpack_post_was_ever_published":false},"categories":[77170,28,16,8,4],"tags":[],"class_list":["post-192916","post","type-post","status-publish","format-standard","has-post-thumbnail","hentry","category-belgium","category-europe","category-industry","category-product","category-top-stories-today"],"acf":[],"featured_image_urls_v2":{"full":["https:\/\/i0.wp.com\/newmobility.news\/wp-content\/uploads\/2026\/09\/Scherm%C2%ADafbeelding-2026-09-01-om-09.16.47.png?fit=1746%2C964&ssl=1",1746,964,false],"thumbnail":["https:\/\/i0.wp.com\/newmobility.news\/wp-content\/uploads\/2026\/09\/Scherm%C2%ADafbeelding-2026-09-01-om-09.16.47.png?resize=150%2C150&ssl=1",150,150,true],"medium":["https:\/\/i0.wp.com\/newmobility.news\/wp-content\/uploads\/2026\/09\/Scherm%C2%ADafbeelding-2026-09-01-om-09.16.47.png?fit=300%2C166&ssl=1",300,166,true],"medium_large":["https:\/\/i0.wp.com\/newmobility.news\/wp-content\/uploads\/2026\/09\/Scherm%C2%ADafbeelding-2026-09-01-om-09.16.47.png?fit=640%2C353&ssl=1",640,353,true],"large":["https:\/\/i0.wp.com\/newmobility.news\/wp-content\/uploads\/2026\/09\/Scherm%C2%ADafbeelding-2026-09-01-om-09.16.47.png?fit=640%2C353&ssl=1",640,353,true],"1536x1536":["https:\/\/i0.wp.com\/newmobility.news\/wp-content\/uploads\/2026\/09\/Scherm%C2%ADafbeelding-2026-09-01-om-09.16.47.png?fit=1536%2C848&ssl=1",1536,848,true],"2048x2048":["https:\/\/i0.wp.com\/newmobility.news\/wp-content\/uploads\/2026\/09\/Scherm%C2%ADafbeelding-2026-09-01-om-09.16.47.png?fit=1746%2C964&ssl=1",1746,964,true],"trp-custom-language-flag":["https:\/\/i0.wp.com\/newmobility.news\/wp-content\/uploads\/2026\/09\/Scherm%C2%ADafbeelding-2026-09-01-om-09.16.47.png?fit=18%2C10&ssl=1",18,10,true],"related-thumb":["https:\/\/i0.wp.com\/newmobility.news\/wp-content\/uploads\/2026\/09\/Scherm%C2%ADafbeelding-2026-09-01-om-09.16.47.png?resize=640%2C480&ssl=1",640,480,true],"gform-image-choice-sm":["https:\/\/i0.wp.com\/newmobility.news\/wp-content\/uploads\/2026\/09\/Scherm%C2%ADafbeelding-2026-09-01-om-09.16.47.png?resize=300%2C300&ssl=1",300,300,true],"gform-image-choice-md":["https:\/\/i0.wp.com\/newmobility.news\/wp-content\/uploads\/2026\/09\/Scherm%C2%ADafbeelding-2026-09-01-om-09.16.47.png?resize=400%2C400&ssl=1",400,400,true],"gform-image-choice-lg":["https:\/\/i0.wp.com\/newmobility.news\/wp-content\/uploads\/2026\/09\/Scherm%C2%ADafbeelding-2026-09-01-om-09.16.47.png?resize=600%2C600&ssl=1",600,600,true],"mailchimp":["https:\/\/i0.wp.com\/newmobility.news\/wp-content\/uploads\/2026\/09\/Scherm%C2%ADafbeelding-2026-09-01-om-09.16.47.png?fit=560%2C309&ssl=1",560,309,true],"unipress-phone":["https:\/\/i0.wp.com\/newmobility.news\/wp-content\/uploads\/2026\/09\/Scherm%C2%ADafbeelding-2026-09-01-om-09.16.47.png?resize=640%2C100&ssl=1",640,100,true],"unipress-tablet":["https:\/\/i0.wp.com\/newmobility.news\/wp-content\/uploads\/2026\/09\/Scherm%C2%ADafbeelding-2026-09-01-om-09.16.47.png?resize=1536%2C240&ssl=1",1536,240,true],"unipress-tablet-portrait":["https:\/\/i0.wp.com\/newmobility.news\/wp-content\/uploads\/2026\/09\/Scherm%C2%ADafbeelding-2026-09-01-om-09.16.47.png?resize=1536%2C180&ssl=1",1536,180,true],"unipress-tablet-landscape":["https:\/\/i0.wp.com\/newmobility.news\/wp-content\/uploads\/2026\/09\/Scherm%C2%ADafbeelding-2026-09-01-om-09.16.47.png?resize=1746%2C180&ssl=1",1746,180,true],"unipress-smartphone":["https:\/\/i0.wp.com\/newmobility.news\/wp-content\/uploads\/2026\/09\/Scherm%C2%ADafbeelding-2026-09-01-om-09.16.47.png?resize=1080%2C168&ssl=1",1080,168,true],"unipress-wide-screen":["https:\/\/i0.wp.com\/newmobility.news\/wp-content\/uploads\/2026\/09\/Scherm%C2%ADafbeelding-2026-09-01-om-09.16.47.png?resize=1746%2C180&ssl=1",1746,180,true]},"post_excerpt_stackable_v2":"<p>Renault is upgrading the Scenic E-Tech electric with new features and services to enhance comfort, connectivity, and electric performance.\u00a0With the 162 kW\/220 hp motor, the Scenic E-Tech electric is now available with a choice of two new batteries offering greater range and shorter charging times at DC fast-charging points. The 89 kWh NMC (nickel-manganese-cobalt) long-range battery delivers a WLTP range of up to 642 km while cutting DC fast-charging times by 25%. Scenic now charges at rates from 15% to 80% in 28 minutes, with a peak charging power of 150 kW. A 67-kWh LFP (lithium-iron-phosphate) comfort-range battery will be&hellip;<\/p>\n","category_list_v2":"<a href=\"https:\/\/newmobility.news\/nl\/category\/belgium\/\" rel=\"category tag\">Belgium<\/a>, <a href=\"https:\/\/newmobility.news\/nl\/category\/europe\/\" rel=\"category tag\">Europe<\/a>, <a href=\"https:\/\/newmobility.news\/nl\/category\/industry\/\" rel=\"category tag\">Industry<\/a>, <a href=\"https:\/\/newmobility.news\/nl\/category\/product\/\" rel=\"category tag\">Product<\/a>, <a href=\"https:\/\/newmobility.news\/nl\/category\/top-stories-today\/\" rel=\"category tag\">Top Stories Today<\/a>","author_info_v2":{"name":"Tony Verhelle","url":"https:\/\/newmobility.news\/nl\/author\/toverbel\/"},"comments_num_v2":"0 comments","yoast_head":"<!-- This site is optimized with the Yoast SEO plugin v28.3 - https:\/\/yoast.com\/product\/yoast-seo-wordpress\/ -->\n<title>Renault upgrades Scenic E-Tech - newmobility.news<\/title>\n<meta name=\"robots\" content=\"index, follow, max-snippet:-1, max-image-preview:large, max-video-preview:-1\" \/>\n<link rel=\"canonical\" href=\"https:\/\/newmobility.news\/nl\/2026\/09\/01\/renault-upgrades-scenic-e-tech\/\" \/>\n<meta property=\"og:locale\" content=\"nl_BE\" \/>\n<meta property=\"og:type\" content=\"article\" \/>\n<meta property=\"og:title\" content=\"Renault upgrades Scenic E-Tech - newmobility.news\" \/>\n<meta property=\"og:description\" content=\"Renault is upgrading the Scenic E-Tech electric with new features and services to enhance comfort, connectivity, and electric performance.\u00a0With the 162 kW\/220 hp motor, the Scenic E-Tech electric is now available with a choice of two new batteries offering greater range and shorter charging times at DC fast-charging points. The 89 kWh NMC (nickel-manganese-cobalt) long-range [&hellip;]\" \/>\n<meta property=\"og:url\" content=\"https:\/\/newmobility.news\/nl\/2026\/09\/01\/renault-upgrades-scenic-e-tech\/\" \/>\n<meta property=\"og:site_name\" content=\"newmobility.news\" \/>\n<meta property=\"article:publisher\" content=\"https:\/\/www.facebook.com\/search\/top\/?q=newmobility.news\" \/>\n<meta property=\"article:published_time\" content=\"2026-09-01T10:10:28+00:00\" \/>\n<meta property=\"og:image\" content=\"https:\/\/i0.wp.com\/newmobility.news\/wp-content\/uploads\/2026\/09\/Scherm%C2%ADafbeelding-2026-09-01-om-09.16.47.png?fit=1746%2C964&ssl=1\" \/>\n\t<meta property=\"og:image:width\" content=\"1746\" \/>\n\t<meta property=\"og:image:height\" content=\"964\" \/>\n\t<meta property=\"og:image:type\" content=\"image\/png\" \/>\n<meta name=\"author\" content=\"Tony Verhelle\" \/>\n<meta name=\"twitter:card\" content=\"summary_large_image\" \/>\n<meta name=\"twitter:creator\" content=\"@jorisvry\" \/>\n<meta name=\"twitter:site\" content=\"@jorisvry\" \/>\n<meta name=\"twitter:label1\" content=\"Geschreven door\" \/>\n\t<meta name=\"twitter:data1\" content=\"Tony Verhelle\" \/>\n\t<meta name=\"twitter:label2\" content=\"Geschatte leestijd\" \/>\n\t<meta name=\"twitter:data2\" content=\"4 minuten\" \/>\n<script type=\"application\/ld+json\" class=\"yoast-schema-graph\">{\"@context\":\"https:\\\/\\\/schema.org\",\"@graph\":[{\"@type\":\"Article\",\"@id\":\"https:\\\/\\\/newmobility.news\\\/2026\\\/09\\\/01\\\/renault-upgrades-scenic-e-tech\\\/#article\",\"isPartOf\":{\"@id\":\"https:\\\/\\\/newmobility.news\\\/2026\\\/09\\\/01\\\/renault-upgrades-scenic-e-tech\\\/\"},\"author\":{\"name\":\"Tony Verhelle\",\"@id\":\"https:\\\/\\\/newmobility.news\\\/#\\\/schema\\\/person\\\/9ed42cfc4d62d98488c1d6e225040557\"},\"headline\":\"Renault upgrades Scenic E-Tech\",\"datePublished\":\"2026-09-01T10:10:28+00:00\",\"mainEntityOfPage\":{\"@id\":\"https:\\\/\\\/newmobility.news\\\/2026\\\/09\\\/01\\\/renault-upgrades-scenic-e-tech\\\/\"},\"wordCount\":525,\"publisher\":{\"@id\":\"https:\\\/\\\/newmobility.news\\\/#organization\"},\"image\":{\"@id\":\"https:\\\/\\\/newmobility.news\\\/2026\\\/09\\\/01\\\/renault-upgrades-scenic-e-tech\\\/#primaryimage\"},\"thumbnailUrl\":\"https:\\\/\\\/i0.wp.com\\\/newmobility.news\\\/wp-content\\\/uploads\\\/2026\\\/09\\\/Scherm%C2%ADafbeelding-2026-09-01-om-09.16.47.png?fit=1746%2C964&ssl=1\",\"articleSection\":[\"Belgium\",\"Europe\",\"Industry\",\"Product\",\"Top Stories Today\"],\"inLanguage\":\"nl-BE\"},{\"@type\":\"WebPage\",\"@id\":\"https:\\\/\\\/newmobility.news\\\/2026\\\/09\\\/01\\\/renault-upgrades-scenic-e-tech\\\/\",\"url\":\"https:\\\/\\\/newmobility.news\\\/2026\\\/09\\\/01\\\/renault-upgrades-scenic-e-tech\\\/\",\"name\":\"Renault upgrades Scenic E-Tech - newmobility.news\",\"isPartOf\":{\"@id\":\"https:\\\/\\\/newmobility.news\\\/#website\"},\"primaryImageOfPage\":{\"@id\":\"https:\\\/\\\/newmobility.news\\\/2026\\\/09\\\/01\\\/renault-upgrades-scenic-e-tech\\\/#primaryimage\"},\"image\":{\"@id\":\"https:\\\/\\\/newmobility.news\\\/2026\\\/09\\\/01\\\/renault-upgrades-scenic-e-tech\\\/#primaryimage\"},\"thumbnailUrl\":\"https:\\\/\\\/i0.wp.com\\\/newmobility.news\\\/wp-content\\\/uploads\\\/2026\\\/09\\\/Scherm%C2%ADafbeelding-2026-09-01-om-09.16.47.png?fit=1746%2C964&ssl=1\",\"datePublished\":\"2026-09-01T10:10:28+00:00\",\"breadcrumb\":{\"@id\":\"https:\\\/\\\/newmobility.news\\\/2026\\\/09\\\/01\\\/renault-upgrades-scenic-e-tech\\\/#breadcrumb\"},\"inLanguage\":\"nl-BE\",\"potentialAction\":[{\"@type\":\"ReadAction\",\"target\":[\"https:\\\/\\\/newmobility.news\\\/2026\\\/09\\\/01\\\/renault-upgrades-scenic-e-tech\\\/\"]}]},{\"@type\":\"ImageObject\",\"inLanguage\":\"nl-BE\",\"@id\":\"https:\\\/\\\/newmobility.news\\\/2026\\\/09\\\/01\\\/renault-upgrades-scenic-e-tech\\\/#primaryimage\",\"url\":\"https:\\\/\\\/i0.wp.com\\\/newmobility.news\\\/wp-content\\\/uploads\\\/2026\\\/09\\\/Scherm%C2%ADafbeelding-2026-09-01-om-09.16.47.png?fit=1746%2C964&ssl=1\",\"contentUrl\":\"https:\\\/\\\/i0.wp.com\\\/newmobility.news\\\/wp-content\\\/uploads\\\/2026\\\/09\\\/Scherm%C2%ADafbeelding-2026-09-01-om-09.16.47.png?fit=1746%2C964&ssl=1\",\"width\":1746,\"height\":964,\"caption\":\"Renault is upgrading the Scenic E-Tech electric with new features and services to enhance comfort, connectivity, and electric performance \\\/Renault\"},{\"@type\":\"BreadcrumbList\",\"@id\":\"https:\\\/\\\/newmobility.news\\\/2026\\\/09\\\/01\\\/renault-upgrades-scenic-e-tech\\\/#breadcrumb\",\"itemListElement\":[{\"@type\":\"ListItem\",\"position\":1,\"name\":\"Home\",\"item\":\"https:\\\/\\\/newmobility.news\\\/\"},{\"@type\":\"ListItem\",\"position\":2,\"name\":\"Renault upgrades Scenic E-Tech\"}]},{\"@type\":\"WebSite\",\"@id\":\"https:\\\/\\\/newmobility.news\\\/#website\",\"url\":\"https:\\\/\\\/newmobility.news\\\/\",\"name\":\"newmobility.news\",\"description\":\"A B2BNews Agency\u00ae news service for mobility business proessional\",\"publisher\":{\"@id\":\"https:\\\/\\\/newmobility.news\\\/#organization\"},\"potentialAction\":[{\"@type\":\"SearchAction\",\"target\":{\"@type\":\"EntryPoint\",\"urlTemplate\":\"https:\\\/\\\/newmobility.news\\\/?s={search_term_string}\"},\"query-input\":{\"@type\":\"PropertyValueSpecification\",\"valueRequired\":true,\"valueName\":\"search_term_string\"}}],\"inLanguage\":\"nl-BE\"},{\"@type\":\"Organization\",\"@id\":\"https:\\\/\\\/newmobility.news\\\/#organization\",\"name\":\"B2BNews Agency\",\"url\":\"https:\\\/\\\/newmobility.news\\\/\",\"logo\":{\"@type\":\"ImageObject\",\"inLanguage\":\"nl-BE\",\"@id\":\"https:\\\/\\\/newmobility.news\\\/#\\\/schema\\\/logo\\\/image\\\/\",\"url\":\"https:\\\/\\\/newmobility.news\\\/wp-content\\\/uploads\\\/2018\\\/01\\\/b2bnews-agency-logo.png\",\"contentUrl\":\"https:\\\/\\\/newmobility.news\\\/wp-content\\\/uploads\\\/2018\\\/01\\\/b2bnews-agency-logo.png\",\"width\":\"581\",\"height\":\"117\",\"caption\":\"B2BNews Agency\"},\"image\":{\"@id\":\"https:\\\/\\\/newmobility.news\\\/#\\\/schema\\\/logo\\\/image\\\/\"},\"sameAs\":[\"https:\\\/\\\/www.facebook.com\\\/search\\\/top\\\/?q=newmobility.news\",\"https:\\\/\\\/x.com\\\/jorisvry\",\"https:\\\/\\\/www.linkedin.com\\\/in\\\/jorisvanroy\\\/\",\"https:\\\/\\\/nl.pinterest.com\\\/jorisvanroy\\\/\"]},{\"@type\":\"Person\",\"@id\":\"https:\\\/\\\/newmobility.news\\\/#\\\/schema\\\/person\\\/9ed42cfc4d62d98488c1d6e225040557\",\"name\":\"Tony Verhelle\",\"image\":{\"@type\":\"ImageObject\",\"inLanguage\":\"nl-BE\",\"@id\":\"https:\\\/\\\/secure.gravatar.com\\\/avatar\\\/3aa7bc7e3c29543b27eddb4850cf5b080b7eed539a9cc5c8807f7fae34c56438?s=96&d=mm&r=g\",\"url\":\"https:\\\/\\\/secure.gravatar.com\\\/avatar\\\/3aa7bc7e3c29543b27eddb4850cf5b080b7eed539a9cc5c8807f7fae34c56438?s=96&d=mm&r=g\",\"contentUrl\":\"https:\\\/\\\/secure.gravatar.com\\\/avatar\\\/3aa7bc7e3c29543b27eddb4850cf5b080b7eed539a9cc5c8807f7fae34c56438?s=96&d=mm&r=g\",\"caption\":\"Tony Verhelle\"},\"url\":\"https:\\\/\\\/newmobility.news\\\/nl\\\/author\\\/toverbel\\\/\"}]}<\/script>\n<!-- \/ Yoast SEO plugin. -->","yoast_head_json":{"title":"Renault vernieuwt de Scenic E-Tech - newmobility.news","robots":{"index":"index","follow":"follow","max-snippet":"max-snippet:-1","max-image-preview":"max-image-preview:large","max-video-preview":"max-video-preview:-1"},"canonical":"https:\/\/newmobility.news\/nl\/2026\/09\/01\/renault-upgrades-scenic-e-tech\/","og_locale":"nl_BE","og_type":"article","og_title":"Renault upgrades Scenic E-Tech - newmobility.news","og_description":"Renault is upgrading the Scenic E-Tech electric with new features and services to enhance comfort, connectivity, and electric performance.\u00a0With the 162 kW\/220 hp motor, the Scenic E-Tech electric is now available with a choice of two new batteries offering greater range and shorter charging times at DC fast-charging points. The 89 kWh NMC (nickel-manganese-cobalt) long-range [&hellip;]","og_url":"https:\/\/newmobility.news\/nl\/2026\/09\/01\/renault-upgrades-scenic-e-tech\/","og_site_name":"newmobility.news","article_publisher":"https:\/\/www.facebook.com\/search\/top\/?q=newmobility.news","article_published_time":"2026-09-01T10:10:28+00:00","og_image":[{"width":1746,"height":964,"url":"https:\/\/i0.wp.com\/newmobility.news\/wp-content\/uploads\/2026\/09\/Scherm%C2%ADafbeelding-2026-09-01-om-09.16.47.png?fit=1746%2C964&ssl=1","type":"image\/png"}],"author":"Tony Verhelle","twitter_card":"summary_large_image","twitter_creator":"@jorisvry","twitter_site":"@jorisvry","twitter_misc":{"Geschreven door":"Tony Verhelle","Geschatte leestijd":"4 minuten"},"schema":{"@context":"https:\/\/schema.org","@graph":[{"@type":"Article","@id":"https:\/\/newmobility.news\/2026\/09\/01\/renault-upgrades-scenic-e-tech\/#article","isPartOf":{"@id":"https:\/\/newmobility.news\/2026\/09\/01\/renault-upgrades-scenic-e-tech\/"},"author":{"name":"Tony Verhelle","@id":"https:\/\/newmobility.news\/#\/schema\/person\/9ed42cfc4d62d98488c1d6e225040557"},"headline":"Renault upgrades Scenic E-Tech","datePublished":"2026-09-01T10:10:28+00:00","mainEntityOfPage":{"@id":"https:\/\/newmobility.news\/2026\/09\/01\/renault-upgrades-scenic-e-tech\/"},"wordCount":525,"publisher":{"@id":"https:\/\/newmobility.news\/#organization"},"image":{"@id":"https:\/\/newmobility.news\/2026\/09\/01\/renault-upgrades-scenic-e-tech\/#primaryimage"},"thumbnailUrl":"https:\/\/i0.wp.com\/newmobility.news\/wp-content\/uploads\/2026\/09\/Scherm%C2%ADafbeelding-2026-09-01-om-09.16.47.png?fit=1746%2C964&ssl=1","articleSection":["Belgium","Europe","Industry","Product","Top Stories Today"],"inLanguage":"nl-BE"},{"@type":"WebPage","@id":"https:\/\/newmobility.news\/2026\/09\/01\/renault-upgrades-scenic-e-tech\/","url":"https:\/\/newmobility.news\/2026\/09\/01\/renault-upgrades-scenic-e-tech\/","name":"Renault vernieuwt de Scenic E-Tech - newmobility.news","isPartOf":{"@id":"https:\/\/newmobility.news\/#website"},"primaryImageOfPage":{"@id":"https:\/\/newmobility.news\/2026\/09\/01\/renault-upgrades-scenic-e-tech\/#primaryimage"},"image":{"@id":"https:\/\/newmobility.news\/2026\/09\/01\/renault-upgrades-scenic-e-tech\/#primaryimage"},"thumbnailUrl":"https:\/\/i0.wp.com\/newmobility.news\/wp-content\/uploads\/2026\/09\/Scherm%C2%ADafbeelding-2026-09-01-om-09.16.47.png?fit=1746%2C964&ssl=1","datePublished":"2026-09-01T10:10:28+00:00","breadcrumb":{"@id":"https:\/\/newmobility.news\/2026\/09\/01\/renault-upgrades-scenic-e-tech\/#breadcrumb"},"inLanguage":"nl-BE","potentialAction":[{"@type":"ReadAction","target":["https:\/\/newmobility.news\/2026\/09\/01\/renault-upgrades-scenic-e-tech\/"]}]},{"@type":"ImageObject","inLanguage":"nl-BE","@id":"https:\/\/newmobility.news\/2026\/09\/01\/renault-upgrades-scenic-e-tech\/#primaryimage","url":"https:\/\/i0.wp.com\/newmobility.news\/wp-content\/uploads\/2026\/09\/Scherm%C2%ADafbeelding-2026-09-01-om-09.16.47.png?fit=1746%2C964&ssl=1","contentUrl":"https:\/\/i0.wp.com\/newmobility.news\/wp-content\/uploads\/2026\/09\/Scherm%C2%ADafbeelding-2026-09-01-om-09.16.47.png?fit=1746%2C964&ssl=1","width":1746,"height":964,"caption":"Renault is upgrading the Scenic E-Tech electric with new features and services to enhance comfort, connectivity, and electric performance \/Renault"},{"@type":"BreadcrumbList","@id":"https:\/\/newmobility.news\/2026\/09\/01\/renault-upgrades-scenic-e-tech\/#breadcrumb","itemListElement":[{"@type":"ListItem","position":1,"name":"Home","item":"https:\/\/newmobility.news\/"},{"@type":"ListItem","position":2,"name":"Renault upgrades Scenic E-Tech"}]},{"@type":"WebSite","@id":"https:\/\/newmobility.news\/#website","url":"https:\/\/newmobility.news\/","name":"nieuwemobiliteit.nieuws","description":"Een nieuwsdienst van B2BNews Agency\u00ae voor professionals in de mobiliteitssector","publisher":{"@id":"https:\/\/newmobility.news\/#organization"},"potentialAction":[{"@type":"SearchAction","target":{"@type":"EntryPoint","urlTemplate":"https:\/\/newmobility.news\/?s={search_term_string}"},"query-input":{"@type":"PropertyValueSpecification","valueRequired":true,"valueName":"search_term_string"}}],"inLanguage":"nl-BE"},{"@type":"Organization","@id":"https:\/\/newmobility.news\/#organization","name":"B2BNieuwsagentschap","url":"https:\/\/newmobility.news\/","logo":{"@type":"ImageObject","inLanguage":"nl-BE","@id":"https:\/\/newmobility.news\/#\/schema\/logo\/image\/","url":"https:\/\/newmobility.news\/wp-content\/uploads\/2018\/01\/b2bnews-agency-logo.png","contentUrl":"https:\/\/newmobility.news\/wp-content\/uploads\/2018\/01\/b2bnews-agency-logo.png","width":"581","height":"117","caption":"B2BNews Agency"},"image":{"@id":"https:\/\/newmobility.news\/#\/schema\/logo\/image\/"},"sameAs":["https:\/\/www.facebook.com\/search\/top\/?q=newmobility.news","https:\/\/x.com\/jorisvry","https:\/\/www.linkedin.com\/in\/jorisvanroy\/","https:\/\/nl.pinterest.com\/jorisvanroy\/"]},{"@type":"Person","@id":"https:\/\/newmobility.news\/#\/schema\/person\/9ed42cfc4d62d98488c1d6e225040557","name":"Tony Verhelle","image":{"@type":"ImageObject","inLanguage":"nl-BE","@id":"https:\/\/secure.gravatar.com\/avatar\/3aa7bc7e3c29543b27eddb4850cf5b080b7eed539a9cc5c8807f7fae34c56438?s=96&d=mm&r=g","url":"https:\/\/secure.gravatar.com\/avatar\/3aa7bc7e3c29543b27eddb4850cf5b080b7eed539a9cc5c8807f7fae34c56438?s=96&d=mm&r=g","contentUrl":"https:\/\/secure.gravatar.com\/avatar\/3aa7bc7e3c29543b27eddb4850cf5b080b7eed539a9cc5c8807f7fae34c56438?s=96&d=mm&r=g","caption":"Tony Verhelle"},"url":"https:\/\/newmobility.news\/nl\/author\/toverbel\/"}]}},"jetpack_publicize_connections":[],"jetpack_shortlink":"https:\/\/wp.me\/p9wJdU-Oby","jetpack_sharing_enabled":true,"jetpack_likes_enabled":true,"jetpack-related-posts":[],"jetpack_featured_media_url":"https:\/\/i0.wp.com\/newmobility.news\/wp-content\/uploads\/2026\/09\/Scherm%C2%ADafbeelding-2026-09-01-om-09.16.47.png?fit=1746%2C964&ssl=1","_links":{"self":[{"href":"https:\/\/newmobility.news\/nl\/wp-json\/wp\/v2\/posts\/192916","targetHints":{"allow":["GET"]}}],"collection":[{"href":"https:\/\/newmobility.news\/nl\/wp-json\/wp\/v2\/posts"}],"about":[{"href":"https:\/\/newmobility.news\/nl\/wp-json\/wp\/v2\/types\/post"}],"author":[{"embeddable":true,"href":"https:\/\/newmobility.news\/nl\/wp-json\/wp\/v2\/users\/13"}],"replies":[{"embeddable":true,"href":"https:\/\/newmobility.news\/nl\/wp-json\/wp\/v2\/comments?post=192916"}],"version-history":[{"count":3,"href":"https:\/\/newmobility.news\/nl\/wp-json\/wp\/v2\/posts\/192916\/revisions"}],"predecessor-version":[{"id":192980,"href":"https:\/\/newmobility.news\/nl\/wp-json\/wp\/v2\/posts\/192916\/revisions\/192980"}],"wp:featuredmedia":[{"embeddable":true,"href":"https:\/\/newmobility.news\/nl\/wp-json\/wp\/v2\/media\/192929"}],"wp:attachment":[{"href":"https:\/\/newmobility.news\/nl\/wp-json\/wp\/v2\/media?parent=192916"}],"wp:term":[{"taxonomy":"category","embeddable":true,"href":"https:\/\/newmobility.news\/nl\/wp-json\/wp\/v2\/categories?post=192916"},{"taxonomy":"post_tag","embeddable":true,"href":"https:\/\/newmobility.news\/nl\/wp-json\/wp\/v2\/tags?post=192916"}],"curies":[{"name":"wp","href":"https:\/\/api.w.org\/{rel}","templated":true}]}}