{"id":192942,"date":"2026-09-01T12:20:53","date_gmt":"2026-09-01T10:20:53","guid":{"rendered":"https:\/\/newmobility.news\/?p=192942"},"modified":"2026-09-01T11:45:28","modified_gmt":"2026-09-01T09:45:28","slug":"stellantis-reshuffles-its-enlarged-europe-organization","status":"publish","type":"post","link":"https:\/\/newmobility.news\/nl\/2026\/09\/01\/stellantis-reshuffles-its-enlarged-europe-organization\/","title":{"rendered":"Stellantis voert een reorganisatie door binnen zijn organisatie voor het uitgebreide Europa"},"content":{"rendered":"<p>Stellantis maakt (opnieuw) nieuwe benoemingen bekend binnen zijn organisatie voor het uitgebreide Europa, met ingang van 1 september, in het kader van de verdere uitvoering van zijn strategisch plan \u201eFastlane 2030\u201c.<\/p>\n<p>Arnaud Belloni, die is benoemd tot CEO van de merken FIAT, Abarth en Lancia en tot Chief Marketing Officer voor Europa, en Xavier Chardon, die is benoemd tot CEO van DS Automobiles, naast zijn huidige verantwoordelijkheden voor Citro\u00ebn, rapporteren nu aan Emanuele Cappellano, COO van Enlarged Europe; Xavier Peugeot, die is benoemd tot hoofd van het merk Jeep in Europa, een nieuw ingestelde functie die rechtstreeks rapporteert aan de COO van Enlarged Europe.<\/p>\n<p>Deze functie is bedoeld om Jeep de nodige middelen te bieden om aan de eisen van Europese klanten te voldoen en de ontwikkeling van het merk in Europa op het gebied van product, marketing en verkoop te versterken. Roberta Zerbi zal zich richten op het optimaliseren van de klantervaring en het uitbouwen van het distributienetwerk.<\/p>\n<figure id=\"attachment_192970\" aria-describedby=\"caption-attachment-192970\" style=\"width: 934px\" class=\"wp-caption alignnone\"><img data-recalc-dims=\"1\" loading=\"lazy\" decoding=\"async\" class=\"wp-image-192970 size-full\" src=\"https:\/\/i0.wp.com\/newmobility.news\/wp-content\/uploads\/2026\/09\/Scherm%C2%ADafbeelding-2026-09-01-om-11.06.04.png?resize=640%2C415&#038;ssl=1\" alt=\"\" width=\"640\" height=\"415\" \/><figcaption id=\"caption-attachment-192970\" class=\"wp-caption-text\">Xavier Chardon staat nu ook aan het hoofd van DS Automobiles \/ Stellantis<\/figcaption><\/figure>\n<h4>Commerci\u00eble activiteiten<\/h4>\n<p>Als gevolg hiervan is de afdeling Commercial Operations Enlarged Europe, onder leiding van Maurizio Zuares, als volgt gereorganiseerd: Gaetano Thorel is benoemd tot verantwoordelijke voor Lancia in Enlarged Europe, naast zijn huidige verantwoordelijkheden voor FIAT en Abarth in Enlarged Europe, waarbij hij functioneel rapporteert aan Arnaud Belloni.<\/p>\n<p>Laurent Diot is benoemd tot verantwoordelijke voor DS Automobiles in het uitgebreide Europa, naast zijn huidige verantwoordelijkheden voor Citro\u00ebn in het uitgebreide Europa, waarbij hij functioneel rapporteert aan Xavier Chardon; Fabio Catone is bevestigd als verantwoordelijke voor de merken Jeep, Ram en Dodge in het uitgebreide Europa, waarbij hij functioneel rapporteert aan Xavier Peugeot.<\/p>\n<p>In een reactie op deze benoemingen zei Emanuele Cappellano: \u201cDeze benoemingen vormen een nieuwe belangrijke stap in het versnellen van de uitvoering van ons strategisch plan \u201dFastlane 2030\u2019. Ze leggen de basis voor een Europese marketingvisie waarin creativiteit en innovatie centraal staan, versterken de groei van Jeep door toegewijd leiderschap en verduidelijken de positionering van Lancia en DS Automobiles als nichemerken, waarbij hun onderscheidende identiteit behouden blijft en tegelijkertijd de integratie met respectievelijk Fiat en Citro\u00ebn wordt versterkt.\u201d<\/p>\n<p>Bovendien is op internationaal niveau Stephanie Hartgrove (afkomstig van Johnson &amp; Johnson) benoemd tot Chief Communications Officer van de Stellantis Group, en is Clara Ingen-Housz gevraagd om leiding te geven aan de afdeling Public Policy &amp; Regulatory Strategy, International Trade.<\/p>\n<h4>Belloni in\u2026<\/h4>\n<p>Belloni keert terug naar Stellantis, waar hij eerder 16 jaar lang leiding gaf aan de marketingstrategie voor de Italiaanse en Franse merken van het concern. Hij bekleedde onder meer de functies van merkmarketingdirecteur bij Fiat en Lancia, algemeen directeur van Lancia France en vicepresident marketing voor Azi\u00eb-Pacific.<\/p>\n<figure id=\"attachment_192968\" aria-describedby=\"caption-attachment-192968\" style=\"width: 633px\" class=\"wp-caption alignnone\"><img data-recalc-dims=\"1\" loading=\"lazy\" decoding=\"async\" class=\"wp-image-192968\" src=\"https:\/\/i0.wp.com\/newmobility.news\/wp-content\/uploads\/2026\/09\/Scherm%C2%ADafbeelding-2026-09-01-om-11.06.46.png?resize=633%2C473&#038;ssl=1\" alt=\"\" width=\"633\" height=\"473\" \/><figcaption id=\"caption-attachment-192968\" class=\"wp-caption-text\">Arnaud Belloni keerde terug naar zijn oude bedrijf \/ Stellantis<\/figcaption><\/figure>\n<p>Van 2015 tot 2020 was hij bij Citro\u00ebn Global Chief Marketing Officer voor Communicatie en Sport, waar hij de merkstrategie \u2018Citro\u00ebn \u2013 Inspired by You\u2019 lanceerde, de klantervaring transformeerde via digitale en winkelconcepten zoals \u2018la maison Citro\u00ebn\u2019, en leiding gaf aan een uitgebreide reeks productlanceringen. Onder zijn leiding realiseerde Citro\u00ebn acht opeenvolgende jaren van omzetgroei in Europa en werd het het populairste automerk van Frankrijk.<\/p>\n<p>Hij keert terug naar Stellantis vanuit de Renault Group, waar hij vanaf november 2020 de functie van global chief marketing officer bekleedde en vanaf mei 2023 die van chief branding officer voor alle merken van de groep.<\/p>\n<p>\u201cWe zijn verheugd Arnaud weer bij Stellantis te mogen verwelkomen. Zijn mondiale visie, creatief leiderschap en diepgaande kennis van onze merken zullen van onschatbare waarde zijn bij het versterken van onze marketingactiviteiten in heel Europa en het vormgeven van het volgende hoofdstuk voor Fiat, Abarth en Lancia,\u201d aldus Cappellano.<\/p>\n<h4>\u2026Fran\u00e7ois is weg<\/h4>\n<p>Belloni\u2019s voorganger, Olivier Fran\u00e7ois, heeft bij verschillende merken van Stellantis een bijdrage geleverd en bracht daarbij expertise mee op het gebied van bedrijfsvoering, verkoop, marketing, merkontwikkeling en strategie.<\/p>\n<p>Gedurende zijn loopbaan van meer dan 30 jaar bekleedde hij een reeks leidinggevende functies, waaronder die van CEO van Chrysler, Fiat, Abarth, DS Automobiles en Lancia, evenals die van global chief marketing officer.<\/p>\n<p>Gedurende zijn hele loopbaan heeft Fran\u00e7ois een cruciale rol gespeeld bij het vormgeven van merkstrategie\u00ebn en het ontwikkelen van bekroonde reclamecampagnes over de hele wereld. Olivier Fran\u00e7ois zal Belloni tot half oktober bijstaan om een soepele overgang te waarborgen en zal Stellantis blijven ondersteunen als strategisch adviseur van het bedrijf.<\/p>\n<p>Ondanks zijn levenslange carri\u00e8re bij Fiat, FCA en Stellantis is Fran\u00e7ois blijkbaar vriendelijk verzocht te vertrekken. Na het bewind van Carlos Tavares en het interim-leiderschap van John Elkann, erfgenaam van de familie Agnelli, heeft de nieuwe CEO van Stellantis, Antonio Filosa, een grootschalige reorganisatie en sanering doorgevoerd die nu ten einde lijkt te lopen met de volledige implementatie van de \u2018FaSTLAne 2030-strategie\u2019 en de herpositionering van vele spelers.<\/p>\n<p>De afgelopen 30 jaar is Fran\u00e7ois een vaste waarde geweest bij dit bedrijf en zijn voorgangers, zelfs in turbulente tijden. Nu is ook voor hem de tijd gekomen om afscheid te nemen, en de nieuwe topman heeft daar het volgende over te zeggen: \u201cNamens het hele Stellantis-team wil ik Olivier bedanken voor zijn jarenlange uitmuntende bijdragen en leiderschap binnen onze merken en marketingorganisatie. We wensen hem veel succes in het volgende hoofdstuk van zijn carri\u00e8re en kijken ernaar uit om te blijven profiteren van zijn ervaring en expertise als strategisch adviseur voor ons bedrijf.\u201d<\/p>","protected":false},"excerpt":{"rendered":"<p>Stellantis announces (again) new appointments within its Enlarged Europe Organization, effective September 1, as it continues executing its Fastlane 2030 strategic plan. Reporting to Emanuele Cappellano, COO Enlarged Europe, are now Arnaud Belloni, who has been appointed CEO of the FIAT, Abarth, and Lancia brands and chief marketing officer for Europe; Xavier Chardon, who has [&hellip;]<\/p>\n","protected":false},"author":13,"featured_media":192967,"comment_status":"closed","ping_status":"closed","sticky":false,"template":"","format":"standard","meta":{"_acf_changed":false,"_jetpack_newsletter_access":"","_jetpack_dont_email_post_to_subs":false,"_jetpack_newsletter_tier_id":0,"_jetpack_memberships_contains_paywalled_content":false,"_jetpack_feature_clip_id":0,"_jetpack_memberships_contains_paid_content":false,"footnotes":"","jetpack_publicize_message":"{title}\r\n\r\n{excerpt}\r\n\r\n{url}","jetpack_publicize_feature_enabled":true,"jetpack_social_post_already_shared":true,"jetpack_social_options":{"image_generator_settings":{"template":"highway","default_image_id":0,"font":"","enabled":false},"version":2},"_wpas_customize_per_network":false,"jetpack_post_was_ever_published":false},"categories":[28,16,4],"tags":[],"class_list":["post-192942","post","type-post","status-publish","format-standard","has-post-thumbnail","hentry","category-europe","category-industry","category-top-stories-today"],"acf":[],"featured_image_urls_v2":{"full":["https:\/\/i0.wp.com\/newmobility.news\/wp-content\/uploads\/2026\/09\/Scherm%C2%ADafbeelding-2026-09-01-om-11.02.13.png?fit=2062%2C1038&ssl=1",2062,1038,false],"thumbnail":["https:\/\/i0.wp.com\/newmobility.news\/wp-content\/uploads\/2026\/09\/Scherm%C2%ADafbeelding-2026-09-01-om-11.02.13.png?resize=150%2C150&ssl=1",150,150,true],"medium":["https:\/\/i0.wp.com\/newmobility.news\/wp-content\/uploads\/2026\/09\/Scherm%C2%ADafbeelding-2026-09-01-om-11.02.13.png?fit=300%2C151&ssl=1",300,151,true],"medium_large":["https:\/\/i0.wp.com\/newmobility.news\/wp-content\/uploads\/2026\/09\/Scherm%C2%ADafbeelding-2026-09-01-om-11.02.13.png?fit=640%2C322&ssl=1",640,322,true],"large":["https:\/\/i0.wp.com\/newmobility.news\/wp-content\/uploads\/2026\/09\/Scherm%C2%ADafbeelding-2026-09-01-om-11.02.13.png?fit=640%2C322&ssl=1",640,322,true],"1536x1536":["https:\/\/i0.wp.com\/newmobility.news\/wp-content\/uploads\/2026\/09\/Scherm%C2%ADafbeelding-2026-09-01-om-11.02.13.png?fit=1536%2C773&ssl=1",1536,773,true],"2048x2048":["https:\/\/i0.wp.com\/newmobility.news\/wp-content\/uploads\/2026\/09\/Scherm%C2%ADafbeelding-2026-09-01-om-11.02.13.png?fit=2048%2C1031&ssl=1",2048,1031,true],"trp-custom-language-flag":["https:\/\/i0.wp.com\/newmobility.news\/wp-content\/uploads\/2026\/09\/Scherm%C2%ADafbeelding-2026-09-01-om-11.02.13.png?fit=18%2C9&ssl=1",18,9,true],"related-thumb":["https:\/\/i0.wp.com\/newmobility.news\/wp-content\/uploads\/2026\/09\/Scherm%C2%ADafbeelding-2026-09-01-om-11.02.13.png?resize=640%2C480&ssl=1",640,480,true],"gform-image-choice-sm":["https:\/\/i0.wp.com\/newmobility.news\/wp-content\/uploads\/2026\/09\/Scherm%C2%ADafbeelding-2026-09-01-om-11.02.13.png?resize=300%2C300&ssl=1",300,300,true],"gform-image-choice-md":["https:\/\/i0.wp.com\/newmobility.news\/wp-content\/uploads\/2026\/09\/Scherm%C2%ADafbeelding-2026-09-01-om-11.02.13.png?resize=400%2C400&ssl=1",400,400,true],"gform-image-choice-lg":["https:\/\/i0.wp.com\/newmobility.news\/wp-content\/uploads\/2026\/09\/Scherm%C2%ADafbeelding-2026-09-01-om-11.02.13.png?resize=600%2C600&ssl=1",600,600,true],"mailchimp":["https:\/\/i0.wp.com\/newmobility.news\/wp-content\/uploads\/2026\/09\/Scherm%C2%ADafbeelding-2026-09-01-om-11.02.13.png?fit=560%2C282&ssl=1",560,282,true],"unipress-phone":["https:\/\/i0.wp.com\/newmobility.news\/wp-content\/uploads\/2026\/09\/Scherm%C2%ADafbeelding-2026-09-01-om-11.02.13.png?resize=640%2C100&ssl=1",640,100,true],"unipress-tablet":["https:\/\/i0.wp.com\/newmobility.news\/wp-content\/uploads\/2026\/09\/Scherm%C2%ADafbeelding-2026-09-01-om-11.02.13.png?resize=1536%2C240&ssl=1",1536,240,true],"unipress-tablet-portrait":["https:\/\/i0.wp.com\/newmobility.news\/wp-content\/uploads\/2026\/09\/Scherm%C2%ADafbeelding-2026-09-01-om-11.02.13.png?resize=1536%2C180&ssl=1",1536,180,true],"unipress-tablet-landscape":["https:\/\/i0.wp.com\/newmobility.news\/wp-content\/uploads\/2026\/09\/Scherm%C2%ADafbeelding-2026-09-01-om-11.02.13.png?resize=2048%2C180&ssl=1",2048,180,true],"unipress-smartphone":["https:\/\/i0.wp.com\/newmobility.news\/wp-content\/uploads\/2026\/09\/Scherm%C2%ADafbeelding-2026-09-01-om-11.02.13.png?resize=1080%2C168&ssl=1",1080,168,true],"unipress-wide-screen":["https:\/\/i0.wp.com\/newmobility.news\/wp-content\/uploads\/2026\/09\/Scherm%C2%ADafbeelding-2026-09-01-om-11.02.13.png?resize=2062%2C180&ssl=1",2062,180,true]},"post_excerpt_stackable_v2":"<p>Stellantis announces (again) new appointments within its Enlarged Europe Organization, effective September 1, as it continues executing its Fastlane 2030 strategic plan. Reporting to Emanuele Cappellano, COO Enlarged Europe, are now Arnaud Belloni, who has been appointed CEO of the FIAT, Abarth, and Lancia brands and chief marketing officer for Europe; Xavier Chardon, who has been appointed CEO of DS Automobiles, in addition to his current responsibilities for Citro\u00ebn; Xavier Peugeot, who has been appointed Head of the Jeep brand in Europe, a newly established position reporting directly to Enlarged Europe COO. This role is designed to give Jeep the&hellip;<\/p>\n","category_list_v2":"<a href=\"https:\/\/newmobility.news\/nl\/category\/europe\/\" rel=\"category tag\">Europe<\/a>, <a href=\"https:\/\/newmobility.news\/nl\/category\/industry\/\" rel=\"category tag\">Industry<\/a>, <a href=\"https:\/\/newmobility.news\/nl\/category\/top-stories-today\/\" rel=\"category tag\">Top Stories Today<\/a>","author_info_v2":{"name":"Tony Verhelle","url":"https:\/\/newmobility.news\/nl\/author\/toverbel\/"},"comments_num_v2":"0 comments","yoast_head":"<!-- This site is optimized with the Yoast SEO plugin v28.3 - https:\/\/yoast.com\/product\/yoast-seo-wordpress\/ -->\n<title>Stellantis reshuffles its Enlarged Europe Organization - newmobility.news<\/title>\n<meta name=\"robots\" content=\"index, follow, max-snippet:-1, max-image-preview:large, max-video-preview:-1\" \/>\n<link rel=\"canonical\" href=\"https:\/\/newmobility.news\/nl\/2026\/09\/01\/stellantis-reshuffles-its-enlarged-europe-organization\/\" \/>\n<meta property=\"og:locale\" content=\"nl_BE\" \/>\n<meta property=\"og:type\" content=\"article\" \/>\n<meta property=\"og:title\" content=\"Stellantis reshuffles its Enlarged Europe Organization - newmobility.news\" \/>\n<meta property=\"og:description\" content=\"Stellantis announces (again) new appointments within its Enlarged Europe Organization, effective September 1, as it continues executing its Fastlane 2030 strategic plan. Reporting to Emanuele Cappellano, COO Enlarged Europe, are now Arnaud Belloni, who has been appointed CEO of the FIAT, Abarth, and Lancia brands and chief marketing officer for Europe; Xavier Chardon, who has [&hellip;]\" \/>\n<meta property=\"og:url\" content=\"https:\/\/newmobility.news\/nl\/2026\/09\/01\/stellantis-reshuffles-its-enlarged-europe-organization\/\" \/>\n<meta property=\"og:site_name\" content=\"newmobility.news\" \/>\n<meta property=\"article:publisher\" content=\"https:\/\/www.facebook.com\/search\/top\/?q=newmobility.news\" \/>\n<meta property=\"article:published_time\" content=\"2026-09-01T10:20:53+00:00\" \/>\n<meta property=\"og:image\" content=\"https:\/\/i0.wp.com\/newmobility.news\/wp-content\/uploads\/2026\/09\/Scherm%C2%ADafbeelding-2026-09-01-om-11.02.13.png?fit=2062%2C1038&ssl=1\" \/>\n\t<meta property=\"og:image:width\" content=\"2062\" \/>\n\t<meta property=\"og:image:height\" content=\"1038\" \/>\n\t<meta property=\"og:image:type\" content=\"image\/png\" \/>\n<meta name=\"author\" content=\"Tony Verhelle\" \/>\n<meta name=\"twitter:card\" content=\"summary_large_image\" \/>\n<meta name=\"twitter:creator\" content=\"@jorisvry\" \/>\n<meta name=\"twitter:site\" content=\"@jorisvry\" \/>\n<meta name=\"twitter:label1\" content=\"Geschreven door\" \/>\n\t<meta name=\"twitter:data1\" content=\"Tony Verhelle\" \/>\n\t<meta name=\"twitter:label2\" content=\"Geschatte leestijd\" \/>\n\t<meta name=\"twitter:data2\" content=\"5 minuten\" \/>\n<script type=\"application\/ld+json\" class=\"yoast-schema-graph\">{\"@context\":\"https:\\\/\\\/schema.org\",\"@graph\":[{\"@type\":\"Article\",\"@id\":\"https:\\\/\\\/newmobility.news\\\/2026\\\/09\\\/01\\\/stellantis-reshuffles-its-enlarged-europe-organization\\\/#article\",\"isPartOf\":{\"@id\":\"https:\\\/\\\/newmobility.news\\\/2026\\\/09\\\/01\\\/stellantis-reshuffles-its-enlarged-europe-organization\\\/\"},\"author\":{\"name\":\"Tony Verhelle\",\"@id\":\"https:\\\/\\\/newmobility.news\\\/#\\\/schema\\\/person\\\/9ed42cfc4d62d98488c1d6e225040557\"},\"headline\":\"Stellantis reshuffles its Enlarged Europe Organization\",\"datePublished\":\"2026-09-01T10:20:53+00:00\",\"mainEntityOfPage\":{\"@id\":\"https:\\\/\\\/newmobility.news\\\/2026\\\/09\\\/01\\\/stellantis-reshuffles-its-enlarged-europe-organization\\\/\"},\"wordCount\":826,\"publisher\":{\"@id\":\"https:\\\/\\\/newmobility.news\\\/#organization\"},\"image\":{\"@id\":\"https:\\\/\\\/newmobility.news\\\/2026\\\/09\\\/01\\\/stellantis-reshuffles-its-enlarged-europe-organization\\\/#primaryimage\"},\"thumbnailUrl\":\"https:\\\/\\\/i0.wp.com\\\/newmobility.news\\\/wp-content\\\/uploads\\\/2026\\\/09\\\/Scherm%C2%ADafbeelding-2026-09-01-om-11.02.13.png?fit=2062%2C1038&ssl=1\",\"articleSection\":[\"Europe\",\"Industry\",\"Top Stories Today\"],\"inLanguage\":\"nl-BE\"},{\"@type\":\"WebPage\",\"@id\":\"https:\\\/\\\/newmobility.news\\\/2026\\\/09\\\/01\\\/stellantis-reshuffles-its-enlarged-europe-organization\\\/\",\"url\":\"https:\\\/\\\/newmobility.news\\\/2026\\\/09\\\/01\\\/stellantis-reshuffles-its-enlarged-europe-organization\\\/\",\"name\":\"Stellantis reshuffles its Enlarged Europe Organization - newmobility.news\",\"isPartOf\":{\"@id\":\"https:\\\/\\\/newmobility.news\\\/#website\"},\"primaryImageOfPage\":{\"@id\":\"https:\\\/\\\/newmobility.news\\\/2026\\\/09\\\/01\\\/stellantis-reshuffles-its-enlarged-europe-organization\\\/#primaryimage\"},\"image\":{\"@id\":\"https:\\\/\\\/newmobility.news\\\/2026\\\/09\\\/01\\\/stellantis-reshuffles-its-enlarged-europe-organization\\\/#primaryimage\"},\"thumbnailUrl\":\"https:\\\/\\\/i0.wp.com\\\/newmobility.news\\\/wp-content\\\/uploads\\\/2026\\\/09\\\/Scherm%C2%ADafbeelding-2026-09-01-om-11.02.13.png?fit=2062%2C1038&ssl=1\",\"datePublished\":\"2026-09-01T10:20:53+00:00\",\"breadcrumb\":{\"@id\":\"https:\\\/\\\/newmobility.news\\\/2026\\\/09\\\/01\\\/stellantis-reshuffles-its-enlarged-europe-organization\\\/#breadcrumb\"},\"inLanguage\":\"nl-BE\",\"potentialAction\":[{\"@type\":\"ReadAction\",\"target\":[\"https:\\\/\\\/newmobility.news\\\/2026\\\/09\\\/01\\\/stellantis-reshuffles-its-enlarged-europe-organization\\\/\"]}]},{\"@type\":\"ImageObject\",\"inLanguage\":\"nl-BE\",\"@id\":\"https:\\\/\\\/newmobility.news\\\/2026\\\/09\\\/01\\\/stellantis-reshuffles-its-enlarged-europe-organization\\\/#primaryimage\",\"url\":\"https:\\\/\\\/i0.wp.com\\\/newmobility.news\\\/wp-content\\\/uploads\\\/2026\\\/09\\\/Scherm%C2%ADafbeelding-2026-09-01-om-11.02.13.png?fit=2062%2C1038&ssl=1\",\"contentUrl\":\"https:\\\/\\\/i0.wp.com\\\/newmobility.news\\\/wp-content\\\/uploads\\\/2026\\\/09\\\/Scherm%C2%ADafbeelding-2026-09-01-om-11.02.13.png?fit=2062%2C1038&ssl=1\",\"width\":2062,\"height\":1038,\"caption\":\"Stellantis Enlarged Europe has had its final reshuffle, at least that's the aim \\\/Stellantis\"},{\"@type\":\"BreadcrumbList\",\"@id\":\"https:\\\/\\\/newmobility.news\\\/2026\\\/09\\\/01\\\/stellantis-reshuffles-its-enlarged-europe-organization\\\/#breadcrumb\",\"itemListElement\":[{\"@type\":\"ListItem\",\"position\":1,\"name\":\"Home\",\"item\":\"https:\\\/\\\/newmobility.news\\\/\"},{\"@type\":\"ListItem\",\"position\":2,\"name\":\"Stellantis reshuffles its Enlarged Europe Organization\"}]},{\"@type\":\"WebSite\",\"@id\":\"https:\\\/\\\/newmobility.news\\\/#website\",\"url\":\"https:\\\/\\\/newmobility.news\\\/\",\"name\":\"newmobility.news\",\"description\":\"A B2BNews Agency\u00ae news service for mobility business proessional\",\"publisher\":{\"@id\":\"https:\\\/\\\/newmobility.news\\\/#organization\"},\"potentialAction\":[{\"@type\":\"SearchAction\",\"target\":{\"@type\":\"EntryPoint\",\"urlTemplate\":\"https:\\\/\\\/newmobility.news\\\/?s={search_term_string}\"},\"query-input\":{\"@type\":\"PropertyValueSpecification\",\"valueRequired\":true,\"valueName\":\"search_term_string\"}}],\"inLanguage\":\"nl-BE\"},{\"@type\":\"Organization\",\"@id\":\"https:\\\/\\\/newmobility.news\\\/#organization\",\"name\":\"B2BNews Agency\",\"url\":\"https:\\\/\\\/newmobility.news\\\/\",\"logo\":{\"@type\":\"ImageObject\",\"inLanguage\":\"nl-BE\",\"@id\":\"https:\\\/\\\/newmobility.news\\\/#\\\/schema\\\/logo\\\/image\\\/\",\"url\":\"https:\\\/\\\/newmobility.news\\\/wp-content\\\/uploads\\\/2018\\\/01\\\/b2bnews-agency-logo.png\",\"contentUrl\":\"https:\\\/\\\/newmobility.news\\\/wp-content\\\/uploads\\\/2018\\\/01\\\/b2bnews-agency-logo.png\",\"width\":\"581\",\"height\":\"117\",\"caption\":\"B2BNews Agency\"},\"image\":{\"@id\":\"https:\\\/\\\/newmobility.news\\\/#\\\/schema\\\/logo\\\/image\\\/\"},\"sameAs\":[\"https:\\\/\\\/www.facebook.com\\\/search\\\/top\\\/?q=newmobility.news\",\"https:\\\/\\\/x.com\\\/jorisvry\",\"https:\\\/\\\/www.linkedin.com\\\/in\\\/jorisvanroy\\\/\",\"https:\\\/\\\/nl.pinterest.com\\\/jorisvanroy\\\/\"]},{\"@type\":\"Person\",\"@id\":\"https:\\\/\\\/newmobility.news\\\/#\\\/schema\\\/person\\\/9ed42cfc4d62d98488c1d6e225040557\",\"name\":\"Tony Verhelle\",\"image\":{\"@type\":\"ImageObject\",\"inLanguage\":\"nl-BE\",\"@id\":\"https:\\\/\\\/secure.gravatar.com\\\/avatar\\\/3aa7bc7e3c29543b27eddb4850cf5b080b7eed539a9cc5c8807f7fae34c56438?s=96&d=mm&r=g\",\"url\":\"https:\\\/\\\/secure.gravatar.com\\\/avatar\\\/3aa7bc7e3c29543b27eddb4850cf5b080b7eed539a9cc5c8807f7fae34c56438?s=96&d=mm&r=g\",\"contentUrl\":\"https:\\\/\\\/secure.gravatar.com\\\/avatar\\\/3aa7bc7e3c29543b27eddb4850cf5b080b7eed539a9cc5c8807f7fae34c56438?s=96&d=mm&r=g\",\"caption\":\"Tony Verhelle\"},\"url\":\"https:\\\/\\\/newmobility.news\\\/nl\\\/author\\\/toverbel\\\/\"}]}<\/script>\n<!-- \/ Yoast SEO plugin. -->","yoast_head_json":{"title":"Stellantis herschikt zijn organisatie voor het uitgebreide Europa - newmobility.news","robots":{"index":"index","follow":"follow","max-snippet":"max-snippet:-1","max-image-preview":"max-image-preview:large","max-video-preview":"max-video-preview:-1"},"canonical":"https:\/\/newmobility.news\/nl\/2026\/09\/01\/stellantis-reshuffles-its-enlarged-europe-organization\/","og_locale":"nl_BE","og_type":"article","og_title":"Stellantis reshuffles its Enlarged Europe Organization - newmobility.news","og_description":"Stellantis announces (again) new appointments within its Enlarged Europe Organization, effective September 1, as it continues executing its Fastlane 2030 strategic plan. Reporting to Emanuele Cappellano, COO Enlarged Europe, are now Arnaud Belloni, who has been appointed CEO of the FIAT, Abarth, and Lancia brands and chief marketing officer for Europe; Xavier Chardon, who has [&hellip;]","og_url":"https:\/\/newmobility.news\/nl\/2026\/09\/01\/stellantis-reshuffles-its-enlarged-europe-organization\/","og_site_name":"newmobility.news","article_publisher":"https:\/\/www.facebook.com\/search\/top\/?q=newmobility.news","article_published_time":"2026-09-01T10:20:53+00:00","og_image":[{"width":2062,"height":1038,"url":"https:\/\/i0.wp.com\/newmobility.news\/wp-content\/uploads\/2026\/09\/Scherm%C2%ADafbeelding-2026-09-01-om-11.02.13.png?fit=2062%2C1038&ssl=1","type":"image\/png"}],"author":"Tony Verhelle","twitter_card":"summary_large_image","twitter_creator":"@jorisvry","twitter_site":"@jorisvry","twitter_misc":{"Geschreven door":"Tony Verhelle","Geschatte leestijd":"5 minuten"},"schema":{"@context":"https:\/\/schema.org","@graph":[{"@type":"Article","@id":"https:\/\/newmobility.news\/2026\/09\/01\/stellantis-reshuffles-its-enlarged-europe-organization\/#article","isPartOf":{"@id":"https:\/\/newmobility.news\/2026\/09\/01\/stellantis-reshuffles-its-enlarged-europe-organization\/"},"author":{"name":"Tony Verhelle","@id":"https:\/\/newmobility.news\/#\/schema\/person\/9ed42cfc4d62d98488c1d6e225040557"},"headline":"Stellantis reshuffles its Enlarged Europe Organization","datePublished":"2026-09-01T10:20:53+00:00","mainEntityOfPage":{"@id":"https:\/\/newmobility.news\/2026\/09\/01\/stellantis-reshuffles-its-enlarged-europe-organization\/"},"wordCount":826,"publisher":{"@id":"https:\/\/newmobility.news\/#organization"},"image":{"@id":"https:\/\/newmobility.news\/2026\/09\/01\/stellantis-reshuffles-its-enlarged-europe-organization\/#primaryimage"},"thumbnailUrl":"https:\/\/i0.wp.com\/newmobility.news\/wp-content\/uploads\/2026\/09\/Scherm%C2%ADafbeelding-2026-09-01-om-11.02.13.png?fit=2062%2C1038&ssl=1","articleSection":["Europe","Industry","Top Stories Today"],"inLanguage":"nl-BE"},{"@type":"WebPage","@id":"https:\/\/newmobility.news\/2026\/09\/01\/stellantis-reshuffles-its-enlarged-europe-organization\/","url":"https:\/\/newmobility.news\/2026\/09\/01\/stellantis-reshuffles-its-enlarged-europe-organization\/","name":"Stellantis herschikt zijn organisatie voor het uitgebreide Europa - newmobility.news","isPartOf":{"@id":"https:\/\/newmobility.news\/#website"},"primaryImageOfPage":{"@id":"https:\/\/newmobility.news\/2026\/09\/01\/stellantis-reshuffles-its-enlarged-europe-organization\/#primaryimage"},"image":{"@id":"https:\/\/newmobility.news\/2026\/09\/01\/stellantis-reshuffles-its-enlarged-europe-organization\/#primaryimage"},"thumbnailUrl":"https:\/\/i0.wp.com\/newmobility.news\/wp-content\/uploads\/2026\/09\/Scherm%C2%ADafbeelding-2026-09-01-om-11.02.13.png?fit=2062%2C1038&ssl=1","datePublished":"2026-09-01T10:20:53+00:00","breadcrumb":{"@id":"https:\/\/newmobility.news\/2026\/09\/01\/stellantis-reshuffles-its-enlarged-europe-organization\/#breadcrumb"},"inLanguage":"nl-BE","potentialAction":[{"@type":"ReadAction","target":["https:\/\/newmobility.news\/2026\/09\/01\/stellantis-reshuffles-its-enlarged-europe-organization\/"]}]},{"@type":"ImageObject","inLanguage":"nl-BE","@id":"https:\/\/newmobility.news\/2026\/09\/01\/stellantis-reshuffles-its-enlarged-europe-organization\/#primaryimage","url":"https:\/\/i0.wp.com\/newmobility.news\/wp-content\/uploads\/2026\/09\/Scherm%C2%ADafbeelding-2026-09-01-om-11.02.13.png?fit=2062%2C1038&ssl=1","contentUrl":"https:\/\/i0.wp.com\/newmobility.news\/wp-content\/uploads\/2026\/09\/Scherm%C2%ADafbeelding-2026-09-01-om-11.02.13.png?fit=2062%2C1038&ssl=1","width":2062,"height":1038,"caption":"Stellantis Enlarged Europe has had its final reshuffle, at least that's the aim \/Stellantis"},{"@type":"BreadcrumbList","@id":"https:\/\/newmobility.news\/2026\/09\/01\/stellantis-reshuffles-its-enlarged-europe-organization\/#breadcrumb","itemListElement":[{"@type":"ListItem","position":1,"name":"Home","item":"https:\/\/newmobility.news\/"},{"@type":"ListItem","position":2,"name":"Stellantis reshuffles its Enlarged Europe Organization"}]},{"@type":"WebSite","@id":"https:\/\/newmobility.news\/#website","url":"https:\/\/newmobility.news\/","name":"nieuwemobiliteit.nieuws","description":"Een nieuwsdienst van B2BNews Agency\u00ae voor professionals in de mobiliteitssector","publisher":{"@id":"https:\/\/newmobility.news\/#organization"},"potentialAction":[{"@type":"SearchAction","target":{"@type":"EntryPoint","urlTemplate":"https:\/\/newmobility.news\/?s={search_term_string}"},"query-input":{"@type":"PropertyValueSpecification","valueRequired":true,"valueName":"search_term_string"}}],"inLanguage":"nl-BE"},{"@type":"Organization","@id":"https:\/\/newmobility.news\/#organization","name":"B2BNieuwsagentschap","url":"https:\/\/newmobility.news\/","logo":{"@type":"ImageObject","inLanguage":"nl-BE","@id":"https:\/\/newmobility.news\/#\/schema\/logo\/image\/","url":"https:\/\/newmobility.news\/wp-content\/uploads\/2018\/01\/b2bnews-agency-logo.png","contentUrl":"https:\/\/newmobility.news\/wp-content\/uploads\/2018\/01\/b2bnews-agency-logo.png","width":"581","height":"117","caption":"B2BNews Agency"},"image":{"@id":"https:\/\/newmobility.news\/#\/schema\/logo\/image\/"},"sameAs":["https:\/\/www.facebook.com\/search\/top\/?q=newmobility.news","https:\/\/x.com\/jorisvry","https:\/\/www.linkedin.com\/in\/jorisvanroy\/","https:\/\/nl.pinterest.com\/jorisvanroy\/"]},{"@type":"Person","@id":"https:\/\/newmobility.news\/#\/schema\/person\/9ed42cfc4d62d98488c1d6e225040557","name":"Tony Verhelle","image":{"@type":"ImageObject","inLanguage":"nl-BE","@id":"https:\/\/secure.gravatar.com\/avatar\/3aa7bc7e3c29543b27eddb4850cf5b080b7eed539a9cc5c8807f7fae34c56438?s=96&d=mm&r=g","url":"https:\/\/secure.gravatar.com\/avatar\/3aa7bc7e3c29543b27eddb4850cf5b080b7eed539a9cc5c8807f7fae34c56438?s=96&d=mm&r=g","contentUrl":"https:\/\/secure.gravatar.com\/avatar\/3aa7bc7e3c29543b27eddb4850cf5b080b7eed539a9cc5c8807f7fae34c56438?s=96&d=mm&r=g","caption":"Tony Verhelle"},"url":"https:\/\/newmobility.news\/nl\/author\/toverbel\/"}]}},"jetpack_publicize_connections":[],"jetpack_shortlink":"https:\/\/wp.me\/p9wJdU-ObY","jetpack_sharing_enabled":true,"jetpack_likes_enabled":true,"jetpack-related-posts":[],"jetpack_featured_media_url":"https:\/\/i0.wp.com\/newmobility.news\/wp-content\/uploads\/2026\/09\/Scherm%C2%ADafbeelding-2026-09-01-om-11.02.13.png?fit=2062%2C1038&ssl=1","_links":{"self":[{"href":"https:\/\/newmobility.news\/nl\/wp-json\/wp\/v2\/posts\/192942","targetHints":{"allow":["GET"]}}],"collection":[{"href":"https:\/\/newmobility.news\/nl\/wp-json\/wp\/v2\/posts"}],"about":[{"href":"https:\/\/newmobility.news\/nl\/wp-json\/wp\/v2\/types\/post"}],"author":[{"embeddable":true,"href":"https:\/\/newmobility.news\/nl\/wp-json\/wp\/v2\/users\/13"}],"replies":[{"embeddable":true,"href":"https:\/\/newmobility.news\/nl\/wp-json\/wp\/v2\/comments?post=192942"}],"version-history":[{"count":3,"href":"https:\/\/newmobility.news\/nl\/wp-json\/wp\/v2\/posts\/192942\/revisions"}],"predecessor-version":[{"id":192994,"href":"https:\/\/newmobility.news\/nl\/wp-json\/wp\/v2\/posts\/192942\/revisions\/192994"}],"wp:featuredmedia":[{"embeddable":true,"href":"https:\/\/newmobility.news\/nl\/wp-json\/wp\/v2\/media\/192967"}],"wp:attachment":[{"href":"https:\/\/newmobility.news\/nl\/wp-json\/wp\/v2\/media?parent=192942"}],"wp:term":[{"taxonomy":"category","embeddable":true,"href":"https:\/\/newmobility.news\/nl\/wp-json\/wp\/v2\/categories?post=192942"},{"taxonomy":"post_tag","embeddable":true,"href":"https:\/\/newmobility.news\/nl\/wp-json\/wp\/v2\/tags?post=192942"}],"curies":[{"name":"wp","href":"https:\/\/api.w.org\/{rel}","templated":true}]}}