{"id":193059,"date":"2026-09-03T07:11:34","date_gmt":"2026-09-03T05:11:34","guid":{"rendered":"https:\/\/newmobility.news\/?p=193059"},"modified":"2026-09-03T07:11:34","modified_gmt":"2026-09-03T05:11:34","slug":"strike-looms-at-brussels-airlines-over-flights-to-tel-aviv","status":"publish","type":"post","link":"https:\/\/newmobility.news\/nl\/2026\/09\/03\/strike-looms-at-brussels-airlines-over-flights-to-tel-aviv\/","title":{"rendered":"Bij Brussels Airlines dreigt een staking vanwege vluchten naar Tel Aviv"},"content":{"rendered":"<p>Brussels Airlines is van plan om vanaf september weer 1 tot 2 vluchten per dag naar Tel Aviv uit te voeren. In tegenstelling tot vroeger wil de luchtvaartmaatschappij voor deze vluchten niet langer uitsluitend een beroep doen op vrijwilligers, maar is zij van plan om het personeel via de gebruikelijke dienstroosterprocedure in te zetten voor deze vluchten.<\/p>\n<p>Volgens de vakbond ACV Puls schendt Brussels Airlines daarmee eerdere afspraken met de vakbonden. Om de druk op te voeren, heeft de vakbond op 1 september een stakingsaankondiging ingediend.<\/p>\n<h4>Terug naar een normale vluchtschema<\/h4>\n<p>Sinds 1 augustus vliegt Brussels Airlines weer minstens \u00e9\u00e9n keer per week naar Tel Aviv. Deze vluchten werden aanvankelijk echter uitsluitend uitgevoerd door vrijwilligers \u2013 medewerkers die ofwel in opleiding waren ofwel een administratieve functie bekleedden. Veel vaste bemanningsleden hadden geweigerd deze route te vliegen vanwege veiligheidsoverwegingen, regionale onrust en de ethische implicaties van deze vluchten.<\/p>\n<p>Maar sinds deze maand heeft Brussels Airlines de vluchten op deze route hervat met ongeveer 11 tot 12 vluchten per week. De maatschappij is ook teruggekeerd naar haar standaard roosteringsprocedure, wat betekent dat het personeel niet langer uitsluitend op vrijwillige basis wordt ingezet, maar net als voor elke andere bestemming kan worden ingeroosterd \u2013 dat wil zeggen op verplichte basis.<\/p>\n<h4>Er kunnen stakingen volgen<\/h4>\n<p>ACV Puls is echter van mening dat een verplichte inzet, in de huidige context van de aanhoudende oorlog en genocide in Gaza, niet alleen in strijd is met eerdere afspraken met de vakbond, maar ook in strijd is met de verantwoordelijkheid van de werkgever om zijn personeel te beschermen tegen gezondheids- en veiligheidsrisico\u2019s.<\/p>\n<p>Daarom heeft de vakbond een stakingsaankondiging gedaan. Als Brussels Airlines zijn besluit niet terugdraait, kunnen er stakingsacties volgen. \u201cEventuele verstoringen zullen zich uitsluitend beperken tot vluchten van en naar Tel Aviv\u201d, aldus ACV Puls, dat duidelijk aangeeft dat het elke medewerker zal beschermen die niet naar een oorlogsgebied wil vliegen.<\/p>\n<h4>Nog steeds een conflictgebied<\/h4>\n<p>De vakbond betwist ook de beoordeling van Brussels Airlines dat de situatie veilig genoeg is om de vluchten te hervatten. De vakbond verwijst naar de Federale Overheidsdienst Buitenlandse Zaken, die blijft wijzen op de onstabiele veiligheidssituatie en alle niet-essenti\u00eble reizen naar Isra\u00ebl en Jeruzalem afraadt. ACV Puls roept de regering op om een duidelijk standpunt in te nemen over commerci\u00eble vluchten naar conflictgebieden en over de bescherming van het betrokken personeel.<\/p>\n<p>Brussels Airlines benadrukt zelf dat veiligheid altijd de hoogste prioriteit heeft. \u201cSamen met de andere luchtvaartmaatschappijen van de Lufthansa Group blijven we de situatie ter plaatse nauwlettend volgen en zijn we bereid onze procedures op elk moment aan te passen, mocht dat nodig zijn\u201d, aldus de luchtvaartmaatschappij.<\/p>\n<h4>KLM en Air France vliegen naar Tel Aviv<\/h4>\n<p>De kwestie rond Isra\u00ebl reikt verder dan alleen Brussels Airlines. Zo heeft bijvoorbeeld ook KLM in het verleden met soortgelijke problemen te maken gehad, maar sinds 25 augustus zijn de vluchten van en naar Tel Aviv hervat. Deze vluchten maken echter een tussenstop in Larnaca, Cyprus, waar de bemanning wordt gewisseld, zodat ze niet in Tel Aviv hoeven te overnachten.<\/p>\n<p>Ook Air France maakte een turbulente periode door, met herhaaldelijke verlengingen van de opschorting. Toch hervatte de maatschappij de vluchten op deze route al begin juli, met een dagelijkse vlucht van Parijs naar Tel Aviv. In vergelijking met sommige andere Europese luchtvaartmaatschappijen was Air France relatief vroeg weer actief op deze route.<\/p>\n<p>British Airways heeft de route opgeschort tot ten minste 25 oktober, het einde van het zomerseizoen. Vanaf dan is de maatschappij van plan de route te hervatten met een beperkte dienstregeling van \u00e9\u00e9n vlucht per dag.<\/p>\n<p>Bij de Arabische luchtvaartmaatschappijen uit de Golf doet dit probleem zich nauwelijks op dezelfde manier voor. Etihad (Abu Dhabi) bleef relatief actief op deze route en breidde deze zelfs uit, terwijl Emirates zich daarentegen volledig uit de route terugtrok. Leapmotor verkoopt nu wereldwijd meer dan 100.000 auto\u2019s per maand.<\/p>\n<p>Europa vertegenwoordigt nog steeds slechts een klein deel van dat volume, maar de verkoop groeit met drie cijfers, mede dankzij het distributienetwerk van Stellantis. Beslissingen om al dan niet te vliegen worden daarom voornamelijk van bovenaf genomen en zijn uitsluitend ingegeven door operationele, politieke en veiligheidsoverwegingen, in plaats van door een arbeidsconflict tussen werkgever en werknemers, omdat er over het algemeen geen traditie bestaat van onafhankelijke vakbonden.<\/p>","protected":false},"excerpt":{"rendered":"<p>Brussels Airlines plans to resume operating 1 to 2 daily flights to Tel Aviv starting in September. Unlike in the past, the airline no longer wants to rely exclusively on volunteers for these flights and instead intends to require staff to work them through the standard scheduling process. According to the ACV Puls union, Brussels [&hellip;]<\/p>\n","protected":false},"author":164,"featured_media":193083,"comment_status":"closed","ping_status":"closed","sticky":false,"template":"","format":"standard","meta":{"_acf_changed":false,"_jetpack_newsletter_access":"","_jetpack_dont_email_post_to_subs":false,"_jetpack_newsletter_tier_id":0,"_jetpack_memberships_contains_paywalled_content":false,"_jetpack_feature_clip_id":0,"_jetpack_memberships_contains_paid_content":false,"footnotes":"","jetpack_publicize_message":"{title}\r\n\r\n{excerpt}\r\n\r\n{url}","jetpack_publicize_feature_enabled":true,"jetpack_social_post_already_shared":true,"jetpack_social_options":{"image_generator_settings":{"template":"highway","default_image_id":0,"font":"","enabled":false},"version":2},"_wpas_customize_per_network":false,"jetpack_post_was_ever_published":false},"categories":[77152,77170,7,4],"tags":[],"class_list":["post-193059","post","type-post","status-publish","format-standard","has-post-thumbnail","hentry","category-aviation","category-belgium","category-mobility","category-top-stories-today"],"acf":[],"featured_image_urls_v2":{"full":["https:\/\/i0.wp.com\/newmobility.news\/wp-content\/uploads\/2026\/09\/Untitled07-scaled.png?fit=2560%2C1543&ssl=1",2560,1543,false],"thumbnail":["https:\/\/i0.wp.com\/newmobility.news\/wp-content\/uploads\/2026\/09\/Untitled07-scaled.png?resize=150%2C150&ssl=1",150,150,true],"medium":["https:\/\/i0.wp.com\/newmobility.news\/wp-content\/uploads\/2026\/09\/Untitled07-scaled.png?fit=300%2C181&ssl=1",300,181,true],"medium_large":["https:\/\/i0.wp.com\/newmobility.news\/wp-content\/uploads\/2026\/09\/Untitled07-scaled.png?fit=640%2C386&ssl=1",640,386,true],"large":["https:\/\/i0.wp.com\/newmobility.news\/wp-content\/uploads\/2026\/09\/Untitled07-scaled.png?fit=640%2C386&ssl=1",640,386,true],"1536x1536":["https:\/\/i0.wp.com\/newmobility.news\/wp-content\/uploads\/2026\/09\/Untitled07-scaled.png?fit=1536%2C926&ssl=1",1536,926,true],"2048x2048":["https:\/\/i0.wp.com\/newmobility.news\/wp-content\/uploads\/2026\/09\/Untitled07-scaled.png?fit=2048%2C1234&ssl=1",2048,1234,true],"trp-custom-language-flag":["https:\/\/i0.wp.com\/newmobility.news\/wp-content\/uploads\/2026\/09\/Untitled07-scaled.png?fit=18%2C12&ssl=1",18,12,true],"related-thumb":["https:\/\/i0.wp.com\/newmobility.news\/wp-content\/uploads\/2026\/09\/Untitled07-scaled.png?resize=640%2C480&ssl=1",640,480,true],"gform-image-choice-sm":["https:\/\/i0.wp.com\/newmobility.news\/wp-content\/uploads\/2026\/09\/Untitled07-scaled.png?resize=300%2C300&ssl=1",300,300,true],"gform-image-choice-md":["https:\/\/i0.wp.com\/newmobility.news\/wp-content\/uploads\/2026\/09\/Untitled07-scaled.png?resize=400%2C400&ssl=1",400,400,true],"gform-image-choice-lg":["https:\/\/i0.wp.com\/newmobility.news\/wp-content\/uploads\/2026\/09\/Untitled07-scaled.png?resize=600%2C600&ssl=1",600,600,true],"mailchimp":["https:\/\/i0.wp.com\/newmobility.news\/wp-content\/uploads\/2026\/09\/Untitled07-scaled.png?fit=560%2C338&ssl=1",560,338,true],"unipress-phone":["https:\/\/i0.wp.com\/newmobility.news\/wp-content\/uploads\/2026\/09\/Untitled07-scaled.png?resize=640%2C100&ssl=1",640,100,true],"unipress-tablet":["https:\/\/i0.wp.com\/newmobility.news\/wp-content\/uploads\/2026\/09\/Untitled07-scaled.png?resize=1536%2C240&ssl=1",1536,240,true],"unipress-tablet-portrait":["https:\/\/i0.wp.com\/newmobility.news\/wp-content\/uploads\/2026\/09\/Untitled07-scaled.png?resize=1536%2C180&ssl=1",1536,180,true],"unipress-tablet-landscape":["https:\/\/i0.wp.com\/newmobility.news\/wp-content\/uploads\/2026\/09\/Untitled07-scaled.png?resize=2048%2C180&ssl=1",2048,180,true],"unipress-smartphone":["https:\/\/i0.wp.com\/newmobility.news\/wp-content\/uploads\/2026\/09\/Untitled07-scaled.png?resize=1080%2C168&ssl=1",1080,168,true],"unipress-wide-screen":["https:\/\/i0.wp.com\/newmobility.news\/wp-content\/uploads\/2026\/09\/Untitled07-scaled.png?resize=2560%2C180&ssl=1",2560,180,true]},"post_excerpt_stackable_v2":"<p>Brussels Airlines plans to resume operating 1 to 2 daily flights to Tel Aviv starting in September. Unlike in the past, the airline no longer wants to rely exclusively on volunteers for these flights and instead intends to require staff to work them through the standard scheduling process. According to the ACV Puls union, Brussels Airlines is thereby breaking previous agreements with the unions. To increase the pressure, the union filed a strike notice on September 1. Back to a normal flight schedule Since August 1, Brussels Airlines has once again been flying to Tel Aviv at least once a&hellip;<\/p>\n","category_list_v2":"<a href=\"https:\/\/newmobility.news\/nl\/category\/aviation\/\" rel=\"category tag\">Aviation<\/a>, <a href=\"https:\/\/newmobility.news\/nl\/category\/belgium\/\" rel=\"category tag\">Belgium<\/a>, <a href=\"https:\/\/newmobility.news\/nl\/category\/mobility\/\" rel=\"category tag\">Mobility<\/a>, <a href=\"https:\/\/newmobility.news\/nl\/category\/top-stories-today\/\" rel=\"category tag\">Top Stories Today<\/a>","author_info_v2":{"name":"Luc Joris","url":"https:\/\/newmobility.news\/nl\/author\/belga-5\/"},"comments_num_v2":"0 comments","yoast_head":"<!-- This site is optimized with the Yoast SEO plugin v28.4 - https:\/\/yoast.com\/product\/yoast-seo-wordpress\/ -->\n<title>Strike looms at Brussels Airlines over flights to Tel Aviv - newmobility.news<\/title>\n<meta name=\"robots\" content=\"index, follow, max-snippet:-1, max-image-preview:large, max-video-preview:-1\" \/>\n<link rel=\"canonical\" href=\"https:\/\/newmobility.news\/nl\/2026\/09\/03\/strike-looms-at-brussels-airlines-over-flights-to-tel-aviv\/\" \/>\n<meta property=\"og:locale\" content=\"nl_BE\" \/>\n<meta property=\"og:type\" content=\"article\" \/>\n<meta property=\"og:title\" content=\"Strike looms at Brussels Airlines over flights to Tel Aviv - newmobility.news\" \/>\n<meta property=\"og:description\" content=\"Brussels Airlines plans to resume operating 1 to 2 daily flights to Tel Aviv starting in September. Unlike in the past, the airline no longer wants to rely exclusively on volunteers for these flights and instead intends to require staff to work them through the standard scheduling process. According to the ACV Puls union, Brussels [&hellip;]\" \/>\n<meta property=\"og:url\" content=\"https:\/\/newmobility.news\/nl\/2026\/09\/03\/strike-looms-at-brussels-airlines-over-flights-to-tel-aviv\/\" \/>\n<meta property=\"og:site_name\" content=\"newmobility.news\" \/>\n<meta property=\"article:publisher\" content=\"https:\/\/www.facebook.com\/search\/top\/?q=newmobility.news\" \/>\n<meta property=\"article:published_time\" content=\"2026-09-03T05:11:34+00:00\" \/>\n<meta property=\"og:image\" content=\"https:\/\/newmobility.news\/wp-content\/uploads\/2026\/09\/Untitled07-1024x617.png\" \/>\n\t<meta property=\"og:image:width\" content=\"1024\" \/>\n\t<meta property=\"og:image:height\" content=\"617\" \/>\n\t<meta property=\"og:image:type\" content=\"image\/png\" \/>\n<meta name=\"author\" content=\"Luc Joris\" \/>\n<meta name=\"twitter:card\" content=\"summary_large_image\" \/>\n<meta name=\"twitter:creator\" content=\"@jorisvry\" \/>\n<meta name=\"twitter:site\" content=\"@jorisvry\" \/>\n<meta name=\"twitter:label1\" content=\"Geschreven door\" \/>\n\t<meta name=\"twitter:data1\" content=\"Luc Joris\" \/>\n\t<meta name=\"twitter:label2\" content=\"Geschatte leestijd\" \/>\n\t<meta name=\"twitter:data2\" content=\"4 minuten\" \/>\n<script type=\"application\/ld+json\" class=\"yoast-schema-graph\">{\"@context\":\"https:\\\/\\\/schema.org\",\"@graph\":[{\"@type\":\"Article\",\"@id\":\"https:\\\/\\\/newmobility.news\\\/2026\\\/09\\\/03\\\/strike-looms-at-brussels-airlines-over-flights-to-tel-aviv\\\/#article\",\"isPartOf\":{\"@id\":\"https:\\\/\\\/newmobility.news\\\/2026\\\/09\\\/03\\\/strike-looms-at-brussels-airlines-over-flights-to-tel-aviv\\\/\"},\"author\":{\"name\":\"Luc Joris\",\"@id\":\"https:\\\/\\\/newmobility.news\\\/#\\\/schema\\\/person\\\/9b4a04002179d83e5be74f13c664b722\"},\"headline\":\"Strike looms at Brussels Airlines over flights to Tel Aviv\",\"datePublished\":\"2026-09-03T05:11:34+00:00\",\"mainEntityOfPage\":{\"@id\":\"https:\\\/\\\/newmobility.news\\\/2026\\\/09\\\/03\\\/strike-looms-at-brussels-airlines-over-flights-to-tel-aviv\\\/\"},\"wordCount\":685,\"publisher\":{\"@id\":\"https:\\\/\\\/newmobility.news\\\/#organization\"},\"image\":{\"@id\":\"https:\\\/\\\/newmobility.news\\\/2026\\\/09\\\/03\\\/strike-looms-at-brussels-airlines-over-flights-to-tel-aviv\\\/#primaryimage\"},\"thumbnailUrl\":\"https:\\\/\\\/i0.wp.com\\\/newmobility.news\\\/wp-content\\\/uploads\\\/2026\\\/09\\\/Untitled07-scaled.png?fit=2560%2C1543&ssl=1\",\"articleSection\":[\"Aviation\",\"Belgium\",\"Mobility\",\"Top Stories Today\"],\"inLanguage\":\"nl-BE\"},{\"@type\":\"WebPage\",\"@id\":\"https:\\\/\\\/newmobility.news\\\/2026\\\/09\\\/03\\\/strike-looms-at-brussels-airlines-over-flights-to-tel-aviv\\\/\",\"url\":\"https:\\\/\\\/newmobility.news\\\/2026\\\/09\\\/03\\\/strike-looms-at-brussels-airlines-over-flights-to-tel-aviv\\\/\",\"name\":\"Strike looms at Brussels Airlines over flights to Tel Aviv - newmobility.news\",\"isPartOf\":{\"@id\":\"https:\\\/\\\/newmobility.news\\\/#website\"},\"primaryImageOfPage\":{\"@id\":\"https:\\\/\\\/newmobility.news\\\/2026\\\/09\\\/03\\\/strike-looms-at-brussels-airlines-over-flights-to-tel-aviv\\\/#primaryimage\"},\"image\":{\"@id\":\"https:\\\/\\\/newmobility.news\\\/2026\\\/09\\\/03\\\/strike-looms-at-brussels-airlines-over-flights-to-tel-aviv\\\/#primaryimage\"},\"thumbnailUrl\":\"https:\\\/\\\/i0.wp.com\\\/newmobility.news\\\/wp-content\\\/uploads\\\/2026\\\/09\\\/Untitled07-scaled.png?fit=2560%2C1543&ssl=1\",\"datePublished\":\"2026-09-03T05:11:34+00:00\",\"breadcrumb\":{\"@id\":\"https:\\\/\\\/newmobility.news\\\/2026\\\/09\\\/03\\\/strike-looms-at-brussels-airlines-over-flights-to-tel-aviv\\\/#breadcrumb\"},\"inLanguage\":\"nl-BE\",\"potentialAction\":[{\"@type\":\"ReadAction\",\"target\":[\"https:\\\/\\\/newmobility.news\\\/2026\\\/09\\\/03\\\/strike-looms-at-brussels-airlines-over-flights-to-tel-aviv\\\/\"]}]},{\"@type\":\"ImageObject\",\"inLanguage\":\"nl-BE\",\"@id\":\"https:\\\/\\\/newmobility.news\\\/2026\\\/09\\\/03\\\/strike-looms-at-brussels-airlines-over-flights-to-tel-aviv\\\/#primaryimage\",\"url\":\"https:\\\/\\\/i0.wp.com\\\/newmobility.news\\\/wp-content\\\/uploads\\\/2026\\\/09\\\/Untitled07-scaled.png?fit=2560%2C1543&ssl=1\",\"contentUrl\":\"https:\\\/\\\/i0.wp.com\\\/newmobility.news\\\/wp-content\\\/uploads\\\/2026\\\/09\\\/Untitled07-scaled.png?fit=2560%2C1543&ssl=1\",\"width\":2560,\"height\":1543,\"caption\":\"The ACV Puls union has filed a strike notice for Brussels Airlines flights to Tel Aviv because the airline wants to require its staff to fly to that destination\\\/Aerohandling LTD\"},{\"@type\":\"BreadcrumbList\",\"@id\":\"https:\\\/\\\/newmobility.news\\\/2026\\\/09\\\/03\\\/strike-looms-at-brussels-airlines-over-flights-to-tel-aviv\\\/#breadcrumb\",\"itemListElement\":[{\"@type\":\"ListItem\",\"position\":1,\"name\":\"Home\",\"item\":\"https:\\\/\\\/newmobility.news\\\/\"},{\"@type\":\"ListItem\",\"position\":2,\"name\":\"Strike looms at Brussels Airlines over flights to Tel Aviv\"}]},{\"@type\":\"WebSite\",\"@id\":\"https:\\\/\\\/newmobility.news\\\/#website\",\"url\":\"https:\\\/\\\/newmobility.news\\\/\",\"name\":\"newmobility.news\",\"description\":\"A B2BNews Agency\u00ae news service for mobility business proessional\",\"publisher\":{\"@id\":\"https:\\\/\\\/newmobility.news\\\/#organization\"},\"potentialAction\":[{\"@type\":\"SearchAction\",\"target\":{\"@type\":\"EntryPoint\",\"urlTemplate\":\"https:\\\/\\\/newmobility.news\\\/?s={search_term_string}\"},\"query-input\":{\"@type\":\"PropertyValueSpecification\",\"valueRequired\":true,\"valueName\":\"search_term_string\"}}],\"inLanguage\":\"nl-BE\"},{\"@type\":\"Organization\",\"@id\":\"https:\\\/\\\/newmobility.news\\\/#organization\",\"name\":\"B2BNews Agency\",\"url\":\"https:\\\/\\\/newmobility.news\\\/\",\"logo\":{\"@type\":\"ImageObject\",\"inLanguage\":\"nl-BE\",\"@id\":\"https:\\\/\\\/newmobility.news\\\/#\\\/schema\\\/logo\\\/image\\\/\",\"url\":\"https:\\\/\\\/newmobility.news\\\/wp-content\\\/uploads\\\/2018\\\/01\\\/b2bnews-agency-logo.png\",\"contentUrl\":\"https:\\\/\\\/newmobility.news\\\/wp-content\\\/uploads\\\/2018\\\/01\\\/b2bnews-agency-logo.png\",\"width\":\"581\",\"height\":\"117\",\"caption\":\"B2BNews Agency\"},\"image\":{\"@id\":\"https:\\\/\\\/newmobility.news\\\/#\\\/schema\\\/logo\\\/image\\\/\"},\"sameAs\":[\"https:\\\/\\\/www.facebook.com\\\/search\\\/top\\\/?q=newmobility.news\",\"https:\\\/\\\/x.com\\\/jorisvry\",\"https:\\\/\\\/www.linkedin.com\\\/in\\\/jorisvanroy\\\/\",\"https:\\\/\\\/nl.pinterest.com\\\/jorisvanroy\\\/\"]},{\"@type\":\"Person\",\"@id\":\"https:\\\/\\\/newmobility.news\\\/#\\\/schema\\\/person\\\/9b4a04002179d83e5be74f13c664b722\",\"name\":\"Luc Joris\",\"image\":{\"@type\":\"ImageObject\",\"inLanguage\":\"nl-BE\",\"@id\":\"https:\\\/\\\/secure.gravatar.com\\\/avatar\\\/9e27cf9984ae903174b14c7dd33d523290f03fd71803b04bc6e486c7259b2920?s=96&d=mm&r=g\",\"url\":\"https:\\\/\\\/secure.gravatar.com\\\/avatar\\\/9e27cf9984ae903174b14c7dd33d523290f03fd71803b04bc6e486c7259b2920?s=96&d=mm&r=g\",\"contentUrl\":\"https:\\\/\\\/secure.gravatar.com\\\/avatar\\\/9e27cf9984ae903174b14c7dd33d523290f03fd71803b04bc6e486c7259b2920?s=96&d=mm&r=g\",\"caption\":\"Luc Joris\"},\"url\":\"https:\\\/\\\/newmobility.news\\\/nl\\\/author\\\/belga-5\\\/\"}]}<\/script>\n<!-- \/ Yoast SEO plugin. -->","yoast_head_json":{"title":"Staking dreigt bij Brussels Airlines vanwege vluchten naar Tel Aviv - newmobility.news","robots":{"index":"index","follow":"follow","max-snippet":"max-snippet:-1","max-image-preview":"max-image-preview:large","max-video-preview":"max-video-preview:-1"},"canonical":"https:\/\/newmobility.news\/nl\/2026\/09\/03\/strike-looms-at-brussels-airlines-over-flights-to-tel-aviv\/","og_locale":"nl_BE","og_type":"article","og_title":"Strike looms at Brussels Airlines over flights to Tel Aviv - newmobility.news","og_description":"Brussels Airlines plans to resume operating 1 to 2 daily flights to Tel Aviv starting in September. Unlike in the past, the airline no longer wants to rely exclusively on volunteers for these flights and instead intends to require staff to work them through the standard scheduling process. According to the ACV Puls union, Brussels [&hellip;]","og_url":"https:\/\/newmobility.news\/nl\/2026\/09\/03\/strike-looms-at-brussels-airlines-over-flights-to-tel-aviv\/","og_site_name":"newmobility.news","article_publisher":"https:\/\/www.facebook.com\/search\/top\/?q=newmobility.news","article_published_time":"2026-09-03T05:11:34+00:00","og_image":[{"width":1024,"height":617,"url":"https:\/\/newmobility.news\/wp-content\/uploads\/2026\/09\/Untitled07-1024x617.png","type":"image\/png"}],"author":"Luc Joris","twitter_card":"summary_large_image","twitter_creator":"@jorisvry","twitter_site":"@jorisvry","twitter_misc":{"Geschreven door":"Luc Joris","Geschatte leestijd":"4 minuten"},"schema":{"@context":"https:\/\/schema.org","@graph":[{"@type":"Article","@id":"https:\/\/newmobility.news\/2026\/09\/03\/strike-looms-at-brussels-airlines-over-flights-to-tel-aviv\/#article","isPartOf":{"@id":"https:\/\/newmobility.news\/2026\/09\/03\/strike-looms-at-brussels-airlines-over-flights-to-tel-aviv\/"},"author":{"name":"Luc Joris","@id":"https:\/\/newmobility.news\/#\/schema\/person\/9b4a04002179d83e5be74f13c664b722"},"headline":"Strike looms at Brussels Airlines over flights to Tel Aviv","datePublished":"2026-09-03T05:11:34+00:00","mainEntityOfPage":{"@id":"https:\/\/newmobility.news\/2026\/09\/03\/strike-looms-at-brussels-airlines-over-flights-to-tel-aviv\/"},"wordCount":685,"publisher":{"@id":"https:\/\/newmobility.news\/#organization"},"image":{"@id":"https:\/\/newmobility.news\/2026\/09\/03\/strike-looms-at-brussels-airlines-over-flights-to-tel-aviv\/#primaryimage"},"thumbnailUrl":"https:\/\/i0.wp.com\/newmobility.news\/wp-content\/uploads\/2026\/09\/Untitled07-scaled.png?fit=2560%2C1543&ssl=1","articleSection":["Aviation","Belgium","Mobility","Top Stories Today"],"inLanguage":"nl-BE"},{"@type":"WebPage","@id":"https:\/\/newmobility.news\/2026\/09\/03\/strike-looms-at-brussels-airlines-over-flights-to-tel-aviv\/","url":"https:\/\/newmobility.news\/2026\/09\/03\/strike-looms-at-brussels-airlines-over-flights-to-tel-aviv\/","name":"Staking dreigt bij Brussels Airlines vanwege vluchten naar Tel Aviv - newmobility.news","isPartOf":{"@id":"https:\/\/newmobility.news\/#website"},"primaryImageOfPage":{"@id":"https:\/\/newmobility.news\/2026\/09\/03\/strike-looms-at-brussels-airlines-over-flights-to-tel-aviv\/#primaryimage"},"image":{"@id":"https:\/\/newmobility.news\/2026\/09\/03\/strike-looms-at-brussels-airlines-over-flights-to-tel-aviv\/#primaryimage"},"thumbnailUrl":"https:\/\/i0.wp.com\/newmobility.news\/wp-content\/uploads\/2026\/09\/Untitled07-scaled.png?fit=2560%2C1543&ssl=1","datePublished":"2026-09-03T05:11:34+00:00","breadcrumb":{"@id":"https:\/\/newmobility.news\/2026\/09\/03\/strike-looms-at-brussels-airlines-over-flights-to-tel-aviv\/#breadcrumb"},"inLanguage":"nl-BE","potentialAction":[{"@type":"ReadAction","target":["https:\/\/newmobility.news\/2026\/09\/03\/strike-looms-at-brussels-airlines-over-flights-to-tel-aviv\/"]}]},{"@type":"ImageObject","inLanguage":"nl-BE","@id":"https:\/\/newmobility.news\/2026\/09\/03\/strike-looms-at-brussels-airlines-over-flights-to-tel-aviv\/#primaryimage","url":"https:\/\/i0.wp.com\/newmobility.news\/wp-content\/uploads\/2026\/09\/Untitled07-scaled.png?fit=2560%2C1543&ssl=1","contentUrl":"https:\/\/i0.wp.com\/newmobility.news\/wp-content\/uploads\/2026\/09\/Untitled07-scaled.png?fit=2560%2C1543&ssl=1","width":2560,"height":1543,"caption":"The ACV Puls union has filed a strike notice for Brussels Airlines flights to Tel Aviv because the airline wants to require its staff to fly to that destination\/Aerohandling LTD"},{"@type":"BreadcrumbList","@id":"https:\/\/newmobility.news\/2026\/09\/03\/strike-looms-at-brussels-airlines-over-flights-to-tel-aviv\/#breadcrumb","itemListElement":[{"@type":"ListItem","position":1,"name":"Home","item":"https:\/\/newmobility.news\/"},{"@type":"ListItem","position":2,"name":"Strike looms at Brussels Airlines over flights to Tel Aviv"}]},{"@type":"WebSite","@id":"https:\/\/newmobility.news\/#website","url":"https:\/\/newmobility.news\/","name":"nieuwemobiliteit.nieuws","description":"Een nieuwsdienst van B2BNews Agency\u00ae voor professionals in de mobiliteitssector","publisher":{"@id":"https:\/\/newmobility.news\/#organization"},"potentialAction":[{"@type":"SearchAction","target":{"@type":"EntryPoint","urlTemplate":"https:\/\/newmobility.news\/?s={search_term_string}"},"query-input":{"@type":"PropertyValueSpecification","valueRequired":true,"valueName":"search_term_string"}}],"inLanguage":"nl-BE"},{"@type":"Organization","@id":"https:\/\/newmobility.news\/#organization","name":"B2BNieuwsagentschap","url":"https:\/\/newmobility.news\/","logo":{"@type":"ImageObject","inLanguage":"nl-BE","@id":"https:\/\/newmobility.news\/#\/schema\/logo\/image\/","url":"https:\/\/newmobility.news\/wp-content\/uploads\/2018\/01\/b2bnews-agency-logo.png","contentUrl":"https:\/\/newmobility.news\/wp-content\/uploads\/2018\/01\/b2bnews-agency-logo.png","width":"581","height":"117","caption":"B2BNews Agency"},"image":{"@id":"https:\/\/newmobility.news\/#\/schema\/logo\/image\/"},"sameAs":["https:\/\/www.facebook.com\/search\/top\/?q=newmobility.news","https:\/\/x.com\/jorisvry","https:\/\/www.linkedin.com\/in\/jorisvanroy\/","https:\/\/nl.pinterest.com\/jorisvanroy\/"]},{"@type":"Person","@id":"https:\/\/newmobility.news\/#\/schema\/person\/9b4a04002179d83e5be74f13c664b722","name":"Luc Joris","image":{"@type":"ImageObject","inLanguage":"nl-BE","@id":"https:\/\/secure.gravatar.com\/avatar\/9e27cf9984ae903174b14c7dd33d523290f03fd71803b04bc6e486c7259b2920?s=96&d=mm&r=g","url":"https:\/\/secure.gravatar.com\/avatar\/9e27cf9984ae903174b14c7dd33d523290f03fd71803b04bc6e486c7259b2920?s=96&d=mm&r=g","contentUrl":"https:\/\/secure.gravatar.com\/avatar\/9e27cf9984ae903174b14c7dd33d523290f03fd71803b04bc6e486c7259b2920?s=96&d=mm&r=g","caption":"Luc Joris"},"url":"https:\/\/newmobility.news\/nl\/author\/belga-5\/"}]}},"jetpack_publicize_connections":[],"jetpack_shortlink":"https:\/\/wp.me\/p9wJdU-OdR","jetpack_sharing_enabled":true,"jetpack_likes_enabled":true,"jetpack-related-posts":[],"jetpack_featured_media_url":"https:\/\/i0.wp.com\/newmobility.news\/wp-content\/uploads\/2026\/09\/Untitled07-scaled.png?fit=2560%2C1543&ssl=1","_links":{"self":[{"href":"https:\/\/newmobility.news\/nl\/wp-json\/wp\/v2\/posts\/193059","targetHints":{"allow":["GET"]}}],"collection":[{"href":"https:\/\/newmobility.news\/nl\/wp-json\/wp\/v2\/posts"}],"about":[{"href":"https:\/\/newmobility.news\/nl\/wp-json\/wp\/v2\/types\/post"}],"author":[{"embeddable":true,"href":"https:\/\/newmobility.news\/nl\/wp-json\/wp\/v2\/users\/164"}],"replies":[{"embeddable":true,"href":"https:\/\/newmobility.news\/nl\/wp-json\/wp\/v2\/comments?post=193059"}],"version-history":[{"count":9,"href":"https:\/\/newmobility.news\/nl\/wp-json\/wp\/v2\/posts\/193059\/revisions"}],"predecessor-version":[{"id":193109,"href":"https:\/\/newmobility.news\/nl\/wp-json\/wp\/v2\/posts\/193059\/revisions\/193109"}],"wp:featuredmedia":[{"embeddable":true,"href":"https:\/\/newmobility.news\/nl\/wp-json\/wp\/v2\/media\/193083"}],"wp:attachment":[{"href":"https:\/\/newmobility.news\/nl\/wp-json\/wp\/v2\/media?parent=193059"}],"wp:term":[{"taxonomy":"category","embeddable":true,"href":"https:\/\/newmobility.news\/nl\/wp-json\/wp\/v2\/categories?post=193059"},{"taxonomy":"post_tag","embeddable":true,"href":"https:\/\/newmobility.news\/nl\/wp-json\/wp\/v2\/tags?post=193059"}],"curies":[{"name":"wp","href":"https:\/\/api.w.org\/{rel}","templated":true}]}}