{"id":193092,"date":"2026-09-03T07:13:42","date_gmt":"2026-09-03T05:13:42","guid":{"rendered":"https:\/\/newmobility.news\/?p=193092"},"modified":"2026-09-03T07:13:42","modified_gmt":"2026-09-03T05:13:42","slug":"the-volvo-ex30-finally-gets-vehicle-to-load","status":"publish","type":"post","link":"https:\/\/newmobility.news\/nl\/2026\/09\/03\/the-volvo-ex30-finally-gets-vehicle-to-load\/","title":{"rendered":"De Volvo EX30 krijgt (eindelijk) Vehicle-to-Load"},"content":{"rendered":"<p>Dankzij een nieuwe software-update <a href=\"https:\/\/newmobility.news\/nl\/2026\/02\/26\/volvo-adds-a-cheaper-base-model-to-fix-sliding-sales-of-ex30\/\">in februari aangekondigd<\/a> Sinds dit jaar kan de oplaadaansluiting van de Volvo EX30 eindelijk ook externe apparaten van stroom voorzien. Naast deze Vehicle-to-Load (V2L)-functie beschikt de compacte elektrische auto, die wordt gebouwd in de <a href=\"https:\/\/newmobility.news\/nl\/2026\/01\/13\/ex30-lifts-volvo-car-ghent-output-14-despite-recall-of-china-built-cars\/\">De Belgische Volvo-fabriek in Gent<\/a> voor bepaalde markten is er ook Plug &amp; Charge beschikbaar.<\/p>\n<p>De software-update waarmee V2L wordt ge\u00efntroduceerd, komt beschikbaar voor bestaande EX30\u2019s van modeljaar 2026 en later. Deze update wordt de komende weken uitgerold naar Europese klanten. Eigenaren die gebruik willen maken van de nieuwe functie, moeten een externe V2L-adapter aanschaffen. Deze wordt aangesloten op de oplaadpoort van de auto en fungeert als een 230V-stopcontact.<\/p>\n<p>Volgens Volvo zal V2L de EX30 omtoveren tot een \u201cgrote powerbank\u201d. De auto zal apparaten zoals een koffiezetapparaat of een televisie van stroom kunnen voorzien, of een elektrische fiets kunnen opladen. De EX30 levert een vermogen van 3 kW. Wanneer de laadstatus (SOC) van de accu daalt tot 20%, wordt de externe stroomtoevoer onderbroken.<\/p>\n<h4><b>Te laat op het feestje<\/b><\/h4>\n<p>De EX30 is het tweede Volvo-model dat V2L aanbiedt, na de grotere EX60. Het merk kondigt aan dat meer van zijn modellen zullen volgen. In zijn persbericht stelt Volvo dat de EX30 \u201ceen van de eerste modellen in het compacte premiumsegment is die deze technologie aanbiedt\u201d. Maar aangezien V2L via een software-update wordt ge\u00efmplementeerd, was de benodigde hardware al in de EX30 ingebouwd. Waarom werd deze mogelijkheid dan niet al vanaf de lancering aangeboden?<\/p>\n<p><img data-recalc-dims=\"1\" loading=\"lazy\" decoding=\"async\" class=\"alignnone size-full wp-image-193095\" src=\"https:\/\/i0.wp.com\/newmobility.news\/wp-content\/uploads\/2026\/09\/AKQA0100_EX60CC_PR_V2L-scaled.jpg?resize=640%2C416&#038;ssl=1\" alt=\"\" width=\"640\" height=\"416\" srcset=\"https:\/\/i0.wp.com\/newmobility.news\/wp-content\/uploads\/2026\/09\/AKQA0100_EX60CC_PR_V2L-scaled.jpg?w=2560&amp;ssl=1 2560w, https:\/\/i0.wp.com\/newmobility.news\/wp-content\/uploads\/2026\/09\/AKQA0100_EX60CC_PR_V2L-scaled.jpg?w=1280&amp;ssl=1 1280w, https:\/\/i0.wp.com\/newmobility.news\/wp-content\/uploads\/2026\/09\/AKQA0100_EX60CC_PR_V2L-scaled.jpg?w=1920&amp;ssl=1 1920w\" sizes=\"auto, (max-width: 640px) 100vw, 640px\" \/><\/p>\n<p>Modellen van de zustermerken van Volvo bieden V2L zelfs al veel langer aan. Volvo Cars maakt deel uit van de Geely-groep, samen met onder andere Smart, Zeeker en Lynk &amp; Co.<\/p>\n<p>Ze maken gebruik van dezelfde SEA-architectuur als Volvo in de EX30. De <a href=\"https:\/\/newmobility.news\/nl\/2023\/10\/16\/basic-smart-1-pro-price-dives-e5-000-lower\/\">Slim #1<\/a> en <a href=\"https:\/\/newmobility.news\/nl\/2023\/09\/04\/far-beyond-the-microcar-smart-3-unwrapped\/\">#3<\/a> zijn sinds een OTA-update die in juli 2024 werd uitgerold compatibel met V2L. En de <a href=\"https:\/\/newmobility.news\/nl\/2023\/10\/06\/zeekr-x-driving-volvo-ex30s-chinese-twin-brother\/\">Zeekr X<\/a> en <a href=\"https:\/\/newmobility.news\/nl\/2024\/10\/15\/fully-electric-lynk-co-02-ready-to-buy-or-lease-no-subscription-yet\/\">Lynk &amp; Co 02<\/a> bieden deze functionaliteit ook aan.<\/p>\n<h4><b>Beperkt gebruik<\/b><\/h4>\n<p>Bovendien leveren de Smart-modellen 3,7 kW, terwijl de andere twee merken 3,3 kW leveren en de EX30 beperkt is tot 3,0 kW. En dat kan van belang zijn voor elektrisch gereedschap of andere apparaten die meer stroom verbruiken.<\/p>\n<p>Voor een aantal kopers van de EX30 zal V2L wellicht helemaal niet beschikbaar zijn. Auto's die v\u00f3\u00f3r modeljaar 2026 zijn verkocht, worden op dit moment niet genoemd. En in de offici\u00eble release-opmerkingen bij softwareversie 2.1.2 staat dat de update momenteel in sommige markten niet beschikbaar is voor Ultra-modellen die zijn uitgerust met de 22 kW-lader. Of de functionaliteit op een later tijdstip alsnog wordt toegevoegd of helemaal van de baan is, valt nog te bezien.<\/p>\n<h4><b>Andere wijzigingen in dezelfde OTA-update<\/b><\/h4>\n<p>Hoewel Volvo zich richt op V2L, worden in het persbericht ook andere wijzigingen genoemd die in dezelfde update worden doorgevoerd. Zo wordt Plug &amp; Charge beschikbaar gemaakt voor de EX30. Dit betekent dat gebruikers in bepaalde markten en bij sommige openbare laadpunten niet langer hun laadkaart hoeven te tonen of een app hoeven te gebruiken om het laden te starten. Sluit de stekker gewoon aan, en de auto geeft de betalingsgegevens door aan het laadpunt.<\/p>\n<p>De update biedt bovendien een nieuwe gebruikerservaring met meer aanpassingsmogelijkheden op het centrale scherm.<\/p>\n<p><img data-recalc-dims=\"1\" loading=\"lazy\" decoding=\"async\" class=\"alignnone size-full wp-image-193094\" src=\"https:\/\/i0.wp.com\/newmobility.news\/wp-content\/uploads\/2026\/09\/Volvo-Cars-turns-the-EX30-into-a-mobile-power-bank-scaled.png?resize=640%2C480&#038;ssl=1\" alt=\"\" width=\"640\" height=\"480\" srcset=\"https:\/\/i0.wp.com\/newmobility.news\/wp-content\/uploads\/2026\/09\/Volvo-Cars-turns-the-EX30-into-a-mobile-power-bank-scaled.png?w=2560&amp;ssl=1 2560w, https:\/\/i0.wp.com\/newmobility.news\/wp-content\/uploads\/2026\/09\/Volvo-Cars-turns-the-EX30-into-a-mobile-power-bank-scaled.png?w=1280&amp;ssl=1 1280w, https:\/\/i0.wp.com\/newmobility.news\/wp-content\/uploads\/2026\/09\/Volvo-Cars-turns-the-EX30-into-a-mobile-power-bank-scaled.png?w=1920&amp;ssl=1 1920w\" sizes=\"auto, (max-width: 640px) 100vw, 640px\" \/><\/p>","protected":false},"excerpt":{"rendered":"<p>Thanks to a new software update announced in February of this year, the Volvo EX30\u2019s charging port can now finally power external devices. In addition to this Vehicle-to-Load (V2L) function, the compact electric car built at the Belgian Volvo Ghent plant for certain markets also gets Plug &amp; Charge. The software update bringing V2L is [&hellip;]<\/p>\n","protected":false},"author":439,"featured_media":193093,"comment_status":"closed","ping_status":"closed","sticky":false,"template":"","format":"standard","meta":{"_acf_changed":false,"_jetpack_newsletter_access":"","_jetpack_dont_email_post_to_subs":false,"_jetpack_newsletter_tier_id":0,"_jetpack_memberships_contains_paywalled_content":false,"_jetpack_feature_clip_id":0,"_jetpack_memberships_contains_paid_content":false,"footnotes":"","jetpack_publicize_message":"{title}\r\n\r\n{excerpt}\r\n\r\n{url}","jetpack_publicize_feature_enabled":true,"jetpack_social_post_already_shared":true,"jetpack_social_options":{"image_generator_settings":{"template":"highway","default_image_id":0,"font":"","enabled":false},"version":2},"_wpas_customize_per_network":false,"jetpack_post_was_ever_published":false},"categories":[77170,8,6],"tags":[],"class_list":["post-193092","post","type-post","status-publish","format-standard","has-post-thumbnail","hentry","category-belgium","category-product","category-technology"],"acf":[],"featured_image_urls_v2":{"full":["https:\/\/i0.wp.com\/newmobility.news\/wp-content\/uploads\/2026\/09\/Volvo-Cars-turns-the-EX30-into-a-mobile-power-bank-scaled.jpg?fit=2560%2C1920&ssl=1",2560,1920,false],"thumbnail":["https:\/\/i0.wp.com\/newmobility.news\/wp-content\/uploads\/2026\/09\/Volvo-Cars-turns-the-EX30-into-a-mobile-power-bank-scaled.jpg?resize=150%2C150&ssl=1",150,150,true],"medium":["https:\/\/i0.wp.com\/newmobility.news\/wp-content\/uploads\/2026\/09\/Volvo-Cars-turns-the-EX30-into-a-mobile-power-bank-scaled.jpg?fit=300%2C225&ssl=1",300,225,true],"medium_large":["https:\/\/i0.wp.com\/newmobility.news\/wp-content\/uploads\/2026\/09\/Volvo-Cars-turns-the-EX30-into-a-mobile-power-bank-scaled.jpg?fit=640%2C480&ssl=1",640,480,true],"large":["https:\/\/i0.wp.com\/newmobility.news\/wp-content\/uploads\/2026\/09\/Volvo-Cars-turns-the-EX30-into-a-mobile-power-bank-scaled.jpg?fit=640%2C480&ssl=1",640,480,true],"1536x1536":["https:\/\/i0.wp.com\/newmobility.news\/wp-content\/uploads\/2026\/09\/Volvo-Cars-turns-the-EX30-into-a-mobile-power-bank-scaled.jpg?fit=1536%2C1152&ssl=1",1536,1152,true],"2048x2048":["https:\/\/i0.wp.com\/newmobility.news\/wp-content\/uploads\/2026\/09\/Volvo-Cars-turns-the-EX30-into-a-mobile-power-bank-scaled.jpg?fit=2048%2C1536&ssl=1",2048,1536,true],"trp-custom-language-flag":["https:\/\/i0.wp.com\/newmobility.news\/wp-content\/uploads\/2026\/09\/Volvo-Cars-turns-the-EX30-into-a-mobile-power-bank-scaled.jpg?fit=16%2C12&ssl=1",16,12,true],"related-thumb":["https:\/\/i0.wp.com\/newmobility.news\/wp-content\/uploads\/2026\/09\/Volvo-Cars-turns-the-EX30-into-a-mobile-power-bank-scaled.jpg?resize=640%2C480&ssl=1",640,480,true],"gform-image-choice-sm":["https:\/\/i0.wp.com\/newmobility.news\/wp-content\/uploads\/2026\/09\/Volvo-Cars-turns-the-EX30-into-a-mobile-power-bank-scaled.jpg?resize=300%2C300&ssl=1",300,300,true],"gform-image-choice-md":["https:\/\/i0.wp.com\/newmobility.news\/wp-content\/uploads\/2026\/09\/Volvo-Cars-turns-the-EX30-into-a-mobile-power-bank-scaled.jpg?resize=400%2C400&ssl=1",400,400,true],"gform-image-choice-lg":["https:\/\/i0.wp.com\/newmobility.news\/wp-content\/uploads\/2026\/09\/Volvo-Cars-turns-the-EX30-into-a-mobile-power-bank-scaled.jpg?resize=600%2C600&ssl=1",600,600,true],"mailchimp":["https:\/\/i0.wp.com\/newmobility.news\/wp-content\/uploads\/2026\/09\/Volvo-Cars-turns-the-EX30-into-a-mobile-power-bank-scaled.jpg?fit=560%2C420&ssl=1",560,420,true],"unipress-phone":["https:\/\/i0.wp.com\/newmobility.news\/wp-content\/uploads\/2026\/09\/Volvo-Cars-turns-the-EX30-into-a-mobile-power-bank-scaled.jpg?resize=640%2C100&ssl=1",640,100,true],"unipress-tablet":["https:\/\/i0.wp.com\/newmobility.news\/wp-content\/uploads\/2026\/09\/Volvo-Cars-turns-the-EX30-into-a-mobile-power-bank-scaled.jpg?resize=1536%2C240&ssl=1",1536,240,true],"unipress-tablet-portrait":["https:\/\/i0.wp.com\/newmobility.news\/wp-content\/uploads\/2026\/09\/Volvo-Cars-turns-the-EX30-into-a-mobile-power-bank-scaled.jpg?resize=1536%2C180&ssl=1",1536,180,true],"unipress-tablet-landscape":["https:\/\/i0.wp.com\/newmobility.news\/wp-content\/uploads\/2026\/09\/Volvo-Cars-turns-the-EX30-into-a-mobile-power-bank-scaled.jpg?resize=2048%2C180&ssl=1",2048,180,true],"unipress-smartphone":["https:\/\/i0.wp.com\/newmobility.news\/wp-content\/uploads\/2026\/09\/Volvo-Cars-turns-the-EX30-into-a-mobile-power-bank-scaled.jpg?resize=1080%2C168&ssl=1",1080,168,true],"unipress-wide-screen":["https:\/\/i0.wp.com\/newmobility.news\/wp-content\/uploads\/2026\/09\/Volvo-Cars-turns-the-EX30-into-a-mobile-power-bank-scaled.jpg?resize=2560%2C180&ssl=1",2560,180,true]},"post_excerpt_stackable_v2":"<p>Thanks to a new software update announced in February of this year, the Volvo EX30\u2019s charging port can now finally power external devices. In addition to this Vehicle-to-Load (V2L) function, the compact electric car built at the Belgian Volvo Ghent plant for certain markets also gets Plug &amp; Charge. The software update bringing V2L is coming to existing EX30\u2019s from the 2026 model year and beyond. It will be rolled out to European customers in the coming weeks. Owners who want to use the new function will need to purchase an external V2L adapter. It will plug into the car&#8217;s&hellip;<\/p>\n","category_list_v2":"<a href=\"https:\/\/newmobility.news\/nl\/category\/belgium\/\" rel=\"category tag\">Belgium<\/a>, <a href=\"https:\/\/newmobility.news\/nl\/category\/product\/\" rel=\"category tag\">Product<\/a>, <a href=\"https:\/\/newmobility.news\/nl\/category\/technology\/\" rel=\"category tag\">Technology<\/a>","author_info_v2":{"name":"Arnaud Henckaerts","url":"https:\/\/newmobility.news\/nl\/author\/arnaud-henckaertsgmail-be\/"},"comments_num_v2":"0 comments","yoast_head":"<!-- This site is optimized with the Yoast SEO plugin v28.4 - https:\/\/yoast.com\/product\/yoast-seo-wordpress\/ -->\n<title>The Volvo EX30 (finally) gets Vehicle-to-Load - newmobility.news<\/title>\n<meta name=\"robots\" content=\"index, follow, max-snippet:-1, max-image-preview:large, max-video-preview:-1\" \/>\n<link rel=\"canonical\" href=\"https:\/\/newmobility.news\/nl\/2026\/09\/03\/the-volvo-ex30-finally-gets-vehicle-to-load\/\" \/>\n<meta property=\"og:locale\" content=\"nl_BE\" \/>\n<meta property=\"og:type\" content=\"article\" \/>\n<meta property=\"og:title\" content=\"The Volvo EX30 (finally) gets Vehicle-to-Load - newmobility.news\" \/>\n<meta property=\"og:description\" content=\"Thanks to a new software update announced in February of this year, the Volvo EX30\u2019s charging port can now finally power external devices. In addition to this Vehicle-to-Load (V2L) function, the compact electric car built at the Belgian Volvo Ghent plant for certain markets also gets Plug &amp; Charge. The software update bringing V2L is [&hellip;]\" \/>\n<meta property=\"og:url\" content=\"https:\/\/newmobility.news\/nl\/2026\/09\/03\/the-volvo-ex30-finally-gets-vehicle-to-load\/\" \/>\n<meta property=\"og:site_name\" content=\"newmobility.news\" \/>\n<meta property=\"article:publisher\" content=\"https:\/\/www.facebook.com\/search\/top\/?q=newmobility.news\" \/>\n<meta property=\"article:published_time\" content=\"2026-09-03T05:13:42+00:00\" \/>\n<meta property=\"og:image\" content=\"https:\/\/newmobility.news\/wp-content\/uploads\/2026\/09\/Volvo-Cars-turns-the-EX30-into-a-mobile-power-bank-scaled.jpg\" \/>\n\t<meta property=\"og:image:width\" content=\"2560\" \/>\n\t<meta property=\"og:image:height\" content=\"1920\" \/>\n\t<meta property=\"og:image:type\" content=\"image\/jpeg\" \/>\n<meta name=\"author\" content=\"Arnaud Henckaerts\" \/>\n<meta name=\"twitter:card\" content=\"summary_large_image\" \/>\n<meta name=\"twitter:creator\" content=\"@jorisvry\" \/>\n<meta name=\"twitter:site\" content=\"@jorisvry\" \/>\n<meta name=\"twitter:label1\" content=\"Geschreven door\" \/>\n\t<meta name=\"twitter:data1\" content=\"Arnaud Henckaerts\" \/>\n\t<meta name=\"twitter:label2\" content=\"Geschatte leestijd\" \/>\n\t<meta name=\"twitter:data2\" content=\"3 minuten\" \/>\n<script type=\"application\/ld+json\" class=\"yoast-schema-graph\">{\"@context\":\"https:\\\/\\\/schema.org\",\"@graph\":[{\"@type\":\"Article\",\"@id\":\"https:\\\/\\\/newmobility.news\\\/2026\\\/09\\\/03\\\/the-volvo-ex30-finally-gets-vehicle-to-load\\\/#article\",\"isPartOf\":{\"@id\":\"https:\\\/\\\/newmobility.news\\\/2026\\\/09\\\/03\\\/the-volvo-ex30-finally-gets-vehicle-to-load\\\/\"},\"author\":{\"name\":\"Arnaud Henckaerts\",\"@id\":\"https:\\\/\\\/newmobility.news\\\/#\\\/schema\\\/person\\\/5f9475a0c8f811875bf271136de823b6\"},\"headline\":\"The Volvo EX30 (finally) gets Vehicle-to-Load\",\"datePublished\":\"2026-09-03T05:13:42+00:00\",\"mainEntityOfPage\":{\"@id\":\"https:\\\/\\\/newmobility.news\\\/2026\\\/09\\\/03\\\/the-volvo-ex30-finally-gets-vehicle-to-load\\\/\"},\"wordCount\":515,\"publisher\":{\"@id\":\"https:\\\/\\\/newmobility.news\\\/#organization\"},\"image\":{\"@id\":\"https:\\\/\\\/newmobility.news\\\/2026\\\/09\\\/03\\\/the-volvo-ex30-finally-gets-vehicle-to-load\\\/#primaryimage\"},\"thumbnailUrl\":\"https:\\\/\\\/i0.wp.com\\\/newmobility.news\\\/wp-content\\\/uploads\\\/2026\\\/09\\\/Volvo-Cars-turns-the-EX30-into-a-mobile-power-bank-scaled.jpg?fit=2560%2C1920&ssl=1\",\"articleSection\":[\"Belgium\",\"Product\",\"Technology\"],\"inLanguage\":\"nl-BE\"},{\"@type\":\"WebPage\",\"@id\":\"https:\\\/\\\/newmobility.news\\\/2026\\\/09\\\/03\\\/the-volvo-ex30-finally-gets-vehicle-to-load\\\/\",\"url\":\"https:\\\/\\\/newmobility.news\\\/2026\\\/09\\\/03\\\/the-volvo-ex30-finally-gets-vehicle-to-load\\\/\",\"name\":\"The Volvo EX30 (finally) gets Vehicle-to-Load - newmobility.news\",\"isPartOf\":{\"@id\":\"https:\\\/\\\/newmobility.news\\\/#website\"},\"primaryImageOfPage\":{\"@id\":\"https:\\\/\\\/newmobility.news\\\/2026\\\/09\\\/03\\\/the-volvo-ex30-finally-gets-vehicle-to-load\\\/#primaryimage\"},\"image\":{\"@id\":\"https:\\\/\\\/newmobility.news\\\/2026\\\/09\\\/03\\\/the-volvo-ex30-finally-gets-vehicle-to-load\\\/#primaryimage\"},\"thumbnailUrl\":\"https:\\\/\\\/i0.wp.com\\\/newmobility.news\\\/wp-content\\\/uploads\\\/2026\\\/09\\\/Volvo-Cars-turns-the-EX30-into-a-mobile-power-bank-scaled.jpg?fit=2560%2C1920&ssl=1\",\"datePublished\":\"2026-09-03T05:13:42+00:00\",\"breadcrumb\":{\"@id\":\"https:\\\/\\\/newmobility.news\\\/2026\\\/09\\\/03\\\/the-volvo-ex30-finally-gets-vehicle-to-load\\\/#breadcrumb\"},\"inLanguage\":\"nl-BE\",\"potentialAction\":[{\"@type\":\"ReadAction\",\"target\":[\"https:\\\/\\\/newmobility.news\\\/2026\\\/09\\\/03\\\/the-volvo-ex30-finally-gets-vehicle-to-load\\\/\"]}]},{\"@type\":\"ImageObject\",\"inLanguage\":\"nl-BE\",\"@id\":\"https:\\\/\\\/newmobility.news\\\/2026\\\/09\\\/03\\\/the-volvo-ex30-finally-gets-vehicle-to-load\\\/#primaryimage\",\"url\":\"https:\\\/\\\/i0.wp.com\\\/newmobility.news\\\/wp-content\\\/uploads\\\/2026\\\/09\\\/Volvo-Cars-turns-the-EX30-into-a-mobile-power-bank-scaled.jpg?fit=2560%2C1920&ssl=1\",\"contentUrl\":\"https:\\\/\\\/i0.wp.com\\\/newmobility.news\\\/wp-content\\\/uploads\\\/2026\\\/09\\\/Volvo-Cars-turns-the-EX30-into-a-mobile-power-bank-scaled.jpg?fit=2560%2C1920&ssl=1\",\"width\":2560,\"height\":1920},{\"@type\":\"BreadcrumbList\",\"@id\":\"https:\\\/\\\/newmobility.news\\\/2026\\\/09\\\/03\\\/the-volvo-ex30-finally-gets-vehicle-to-load\\\/#breadcrumb\",\"itemListElement\":[{\"@type\":\"ListItem\",\"position\":1,\"name\":\"Home\",\"item\":\"https:\\\/\\\/newmobility.news\\\/\"},{\"@type\":\"ListItem\",\"position\":2,\"name\":\"The Volvo EX30 (finally) gets Vehicle-to-Load\"}]},{\"@type\":\"WebSite\",\"@id\":\"https:\\\/\\\/newmobility.news\\\/#website\",\"url\":\"https:\\\/\\\/newmobility.news\\\/\",\"name\":\"newmobility.news\",\"description\":\"A B2BNews Agency\u00ae news service for mobility business proessional\",\"publisher\":{\"@id\":\"https:\\\/\\\/newmobility.news\\\/#organization\"},\"potentialAction\":[{\"@type\":\"SearchAction\",\"target\":{\"@type\":\"EntryPoint\",\"urlTemplate\":\"https:\\\/\\\/newmobility.news\\\/?s={search_term_string}\"},\"query-input\":{\"@type\":\"PropertyValueSpecification\",\"valueRequired\":true,\"valueName\":\"search_term_string\"}}],\"inLanguage\":\"nl-BE\"},{\"@type\":\"Organization\",\"@id\":\"https:\\\/\\\/newmobility.news\\\/#organization\",\"name\":\"B2BNews Agency\",\"url\":\"https:\\\/\\\/newmobility.news\\\/\",\"logo\":{\"@type\":\"ImageObject\",\"inLanguage\":\"nl-BE\",\"@id\":\"https:\\\/\\\/newmobility.news\\\/#\\\/schema\\\/logo\\\/image\\\/\",\"url\":\"https:\\\/\\\/newmobility.news\\\/wp-content\\\/uploads\\\/2018\\\/01\\\/b2bnews-agency-logo.png\",\"contentUrl\":\"https:\\\/\\\/newmobility.news\\\/wp-content\\\/uploads\\\/2018\\\/01\\\/b2bnews-agency-logo.png\",\"width\":\"581\",\"height\":\"117\",\"caption\":\"B2BNews Agency\"},\"image\":{\"@id\":\"https:\\\/\\\/newmobility.news\\\/#\\\/schema\\\/logo\\\/image\\\/\"},\"sameAs\":[\"https:\\\/\\\/www.facebook.com\\\/search\\\/top\\\/?q=newmobility.news\",\"https:\\\/\\\/x.com\\\/jorisvry\",\"https:\\\/\\\/www.linkedin.com\\\/in\\\/jorisvanroy\\\/\",\"https:\\\/\\\/nl.pinterest.com\\\/jorisvanroy\\\/\"]},{\"@type\":\"Person\",\"@id\":\"https:\\\/\\\/newmobility.news\\\/#\\\/schema\\\/person\\\/5f9475a0c8f811875bf271136de823b6\",\"name\":\"Arnaud Henckaerts\",\"image\":{\"@type\":\"ImageObject\",\"inLanguage\":\"nl-BE\",\"@id\":\"https:\\\/\\\/secure.gravatar.com\\\/avatar\\\/b1dfec22af8b8aee8d5432c234c17ec4c71f8456691d0669f55c690a4dd8fb92?s=96&d=mm&r=g\",\"url\":\"https:\\\/\\\/secure.gravatar.com\\\/avatar\\\/b1dfec22af8b8aee8d5432c234c17ec4c71f8456691d0669f55c690a4dd8fb92?s=96&d=mm&r=g\",\"contentUrl\":\"https:\\\/\\\/secure.gravatar.com\\\/avatar\\\/b1dfec22af8b8aee8d5432c234c17ec4c71f8456691d0669f55c690a4dd8fb92?s=96&d=mm&r=g\",\"caption\":\"Arnaud Henckaerts\"},\"url\":\"https:\\\/\\\/newmobility.news\\\/nl\\\/author\\\/arnaud-henckaertsgmail-be\\\/\"}]}<\/script>\n<!-- \/ Yoast SEO plugin. -->","yoast_head_json":{"title":"De Volvo EX30 krijgt (eindelijk) Vehicle-to-Load - newmobility.news","robots":{"index":"index","follow":"follow","max-snippet":"max-snippet:-1","max-image-preview":"max-image-preview:large","max-video-preview":"max-video-preview:-1"},"canonical":"https:\/\/newmobility.news\/nl\/2026\/09\/03\/the-volvo-ex30-finally-gets-vehicle-to-load\/","og_locale":"nl_BE","og_type":"article","og_title":"The Volvo EX30 (finally) gets Vehicle-to-Load - newmobility.news","og_description":"Thanks to a new software update announced in February of this year, the Volvo EX30\u2019s charging port can now finally power external devices. In addition to this Vehicle-to-Load (V2L) function, the compact electric car built at the Belgian Volvo Ghent plant for certain markets also gets Plug &amp; Charge. The software update bringing V2L is [&hellip;]","og_url":"https:\/\/newmobility.news\/nl\/2026\/09\/03\/the-volvo-ex30-finally-gets-vehicle-to-load\/","og_site_name":"newmobility.news","article_publisher":"https:\/\/www.facebook.com\/search\/top\/?q=newmobility.news","article_published_time":"2026-09-03T05:13:42+00:00","og_image":[{"width":2560,"height":1920,"url":"https:\/\/newmobility.news\/wp-content\/uploads\/2026\/09\/Volvo-Cars-turns-the-EX30-into-a-mobile-power-bank-scaled.jpg","type":"image\/jpeg"}],"author":"Arnaud Henckaerts","twitter_card":"summary_large_image","twitter_creator":"@jorisvry","twitter_site":"@jorisvry","twitter_misc":{"Geschreven door":"Arnaud Henckaerts","Geschatte leestijd":"3 minuten"},"schema":{"@context":"https:\/\/schema.org","@graph":[{"@type":"Article","@id":"https:\/\/newmobility.news\/2026\/09\/03\/the-volvo-ex30-finally-gets-vehicle-to-load\/#article","isPartOf":{"@id":"https:\/\/newmobility.news\/2026\/09\/03\/the-volvo-ex30-finally-gets-vehicle-to-load\/"},"author":{"name":"Arnaud Henckaerts","@id":"https:\/\/newmobility.news\/#\/schema\/person\/5f9475a0c8f811875bf271136de823b6"},"headline":"The Volvo EX30 (finally) gets Vehicle-to-Load","datePublished":"2026-09-03T05:13:42+00:00","mainEntityOfPage":{"@id":"https:\/\/newmobility.news\/2026\/09\/03\/the-volvo-ex30-finally-gets-vehicle-to-load\/"},"wordCount":515,"publisher":{"@id":"https:\/\/newmobility.news\/#organization"},"image":{"@id":"https:\/\/newmobility.news\/2026\/09\/03\/the-volvo-ex30-finally-gets-vehicle-to-load\/#primaryimage"},"thumbnailUrl":"https:\/\/i0.wp.com\/newmobility.news\/wp-content\/uploads\/2026\/09\/Volvo-Cars-turns-the-EX30-into-a-mobile-power-bank-scaled.jpg?fit=2560%2C1920&ssl=1","articleSection":["Belgium","Product","Technology"],"inLanguage":"nl-BE"},{"@type":"WebPage","@id":"https:\/\/newmobility.news\/2026\/09\/03\/the-volvo-ex30-finally-gets-vehicle-to-load\/","url":"https:\/\/newmobility.news\/2026\/09\/03\/the-volvo-ex30-finally-gets-vehicle-to-load\/","name":"De Volvo EX30 krijgt (eindelijk) Vehicle-to-Load - newmobility.news","isPartOf":{"@id":"https:\/\/newmobility.news\/#website"},"primaryImageOfPage":{"@id":"https:\/\/newmobility.news\/2026\/09\/03\/the-volvo-ex30-finally-gets-vehicle-to-load\/#primaryimage"},"image":{"@id":"https:\/\/newmobility.news\/2026\/09\/03\/the-volvo-ex30-finally-gets-vehicle-to-load\/#primaryimage"},"thumbnailUrl":"https:\/\/i0.wp.com\/newmobility.news\/wp-content\/uploads\/2026\/09\/Volvo-Cars-turns-the-EX30-into-a-mobile-power-bank-scaled.jpg?fit=2560%2C1920&ssl=1","datePublished":"2026-09-03T05:13:42+00:00","breadcrumb":{"@id":"https:\/\/newmobility.news\/2026\/09\/03\/the-volvo-ex30-finally-gets-vehicle-to-load\/#breadcrumb"},"inLanguage":"nl-BE","potentialAction":[{"@type":"ReadAction","target":["https:\/\/newmobility.news\/2026\/09\/03\/the-volvo-ex30-finally-gets-vehicle-to-load\/"]}]},{"@type":"ImageObject","inLanguage":"nl-BE","@id":"https:\/\/newmobility.news\/2026\/09\/03\/the-volvo-ex30-finally-gets-vehicle-to-load\/#primaryimage","url":"https:\/\/i0.wp.com\/newmobility.news\/wp-content\/uploads\/2026\/09\/Volvo-Cars-turns-the-EX30-into-a-mobile-power-bank-scaled.jpg?fit=2560%2C1920&ssl=1","contentUrl":"https:\/\/i0.wp.com\/newmobility.news\/wp-content\/uploads\/2026\/09\/Volvo-Cars-turns-the-EX30-into-a-mobile-power-bank-scaled.jpg?fit=2560%2C1920&ssl=1","width":2560,"height":1920},{"@type":"BreadcrumbList","@id":"https:\/\/newmobility.news\/2026\/09\/03\/the-volvo-ex30-finally-gets-vehicle-to-load\/#breadcrumb","itemListElement":[{"@type":"ListItem","position":1,"name":"Home","item":"https:\/\/newmobility.news\/"},{"@type":"ListItem","position":2,"name":"The Volvo EX30 (finally) gets Vehicle-to-Load"}]},{"@type":"WebSite","@id":"https:\/\/newmobility.news\/#website","url":"https:\/\/newmobility.news\/","name":"nieuwemobiliteit.nieuws","description":"Een nieuwsdienst van B2BNews Agency\u00ae voor professionals in de mobiliteitssector","publisher":{"@id":"https:\/\/newmobility.news\/#organization"},"potentialAction":[{"@type":"SearchAction","target":{"@type":"EntryPoint","urlTemplate":"https:\/\/newmobility.news\/?s={search_term_string}"},"query-input":{"@type":"PropertyValueSpecification","valueRequired":true,"valueName":"search_term_string"}}],"inLanguage":"nl-BE"},{"@type":"Organization","@id":"https:\/\/newmobility.news\/#organization","name":"B2BNieuwsagentschap","url":"https:\/\/newmobility.news\/","logo":{"@type":"ImageObject","inLanguage":"nl-BE","@id":"https:\/\/newmobility.news\/#\/schema\/logo\/image\/","url":"https:\/\/newmobility.news\/wp-content\/uploads\/2018\/01\/b2bnews-agency-logo.png","contentUrl":"https:\/\/newmobility.news\/wp-content\/uploads\/2018\/01\/b2bnews-agency-logo.png","width":"581","height":"117","caption":"B2BNews Agency"},"image":{"@id":"https:\/\/newmobility.news\/#\/schema\/logo\/image\/"},"sameAs":["https:\/\/www.facebook.com\/search\/top\/?q=newmobility.news","https:\/\/x.com\/jorisvry","https:\/\/www.linkedin.com\/in\/jorisvanroy\/","https:\/\/nl.pinterest.com\/jorisvanroy\/"]},{"@type":"Person","@id":"https:\/\/newmobility.news\/#\/schema\/person\/5f9475a0c8f811875bf271136de823b6","name":"Arnaud Henckaerts","image":{"@type":"ImageObject","inLanguage":"nl-BE","@id":"https:\/\/secure.gravatar.com\/avatar\/b1dfec22af8b8aee8d5432c234c17ec4c71f8456691d0669f55c690a4dd8fb92?s=96&d=mm&r=g","url":"https:\/\/secure.gravatar.com\/avatar\/b1dfec22af8b8aee8d5432c234c17ec4c71f8456691d0669f55c690a4dd8fb92?s=96&d=mm&r=g","contentUrl":"https:\/\/secure.gravatar.com\/avatar\/b1dfec22af8b8aee8d5432c234c17ec4c71f8456691d0669f55c690a4dd8fb92?s=96&d=mm&r=g","caption":"Arnaud Henckaerts"},"url":"https:\/\/newmobility.news\/nl\/author\/arnaud-henckaertsgmail-be\/"}]}},"jetpack_publicize_connections":[],"jetpack_shortlink":"https:\/\/wp.me\/p9wJdU-Oeo","jetpack_sharing_enabled":true,"jetpack_likes_enabled":true,"jetpack-related-posts":[],"jetpack_featured_media_url":"https:\/\/i0.wp.com\/newmobility.news\/wp-content\/uploads\/2026\/09\/Volvo-Cars-turns-the-EX30-into-a-mobile-power-bank-scaled.jpg?fit=2560%2C1920&ssl=1","_links":{"self":[{"href":"https:\/\/newmobility.news\/nl\/wp-json\/wp\/v2\/posts\/193092","targetHints":{"allow":["GET"]}}],"collection":[{"href":"https:\/\/newmobility.news\/nl\/wp-json\/wp\/v2\/posts"}],"about":[{"href":"https:\/\/newmobility.news\/nl\/wp-json\/wp\/v2\/types\/post"}],"author":[{"embeddable":true,"href":"https:\/\/newmobility.news\/nl\/wp-json\/wp\/v2\/users\/439"}],"replies":[{"embeddable":true,"href":"https:\/\/newmobility.news\/nl\/wp-json\/wp\/v2\/comments?post=193092"}],"version-history":[{"count":4,"href":"https:\/\/newmobility.news\/nl\/wp-json\/wp\/v2\/posts\/193092\/revisions"}],"predecessor-version":[{"id":193111,"href":"https:\/\/newmobility.news\/nl\/wp-json\/wp\/v2\/posts\/193092\/revisions\/193111"}],"wp:featuredmedia":[{"embeddable":true,"href":"https:\/\/newmobility.news\/nl\/wp-json\/wp\/v2\/media\/193093"}],"wp:attachment":[{"href":"https:\/\/newmobility.news\/nl\/wp-json\/wp\/v2\/media?parent=193092"}],"wp:term":[{"taxonomy":"category","embeddable":true,"href":"https:\/\/newmobility.news\/nl\/wp-json\/wp\/v2\/categories?post=193092"},{"taxonomy":"post_tag","embeddable":true,"href":"https:\/\/newmobility.news\/nl\/wp-json\/wp\/v2\/tags?post=193092"}],"curies":[{"name":"wp","href":"https:\/\/api.w.org\/{rel}","templated":true}]}}